{"id":200861,"date":"2025-12-09T16:34:34","date_gmt":"2025-12-09T19:34:34","guid":{"rendered":"https:\/\/radioinfinitagoya.com.ar\/v1\/?p=200861"},"modified":"2025-12-09T16:34:34","modified_gmt":"2025-12-09T19:34:34","slug":"gustavo-valdes-agradecio-al-personal-de-casa-de-gobierno-por-su-labor","status":"publish","type":"post","link":"https:\/\/radioinfinitagoya.com.ar\/v1\/2025\/12\/09\/gustavo-valdes-agradecio-al-personal-de-casa-de-gobierno-por-su-labor\/","title":{"rendered":"Gustavo Vald\u00e9s agradeci\u00f3 al personal de Casa de Gobierno por su labor"},"content":{"rendered":"<p>En un encuentro institucional, el gobernador puso en valor el esfuerzo del personal que integr\u00f3 las \u00e1reas centrales de su administraci\u00f3n, previo al traspaso de mando.<\/p>\n<p>Este martes en el Sal\u00f3n Amarillo, el gobernador Gustavo Vald\u00e9s comparti\u00f3 un encuentro de despedida con el personal de Casa de Gobierno, a quienes agradeci\u00f3 por su compromiso durante los ocho a\u00f1os de gesti\u00f3n.<\/p>\n<p>&#8220;Estamos en nuestra casa\u201d, expres\u00f3 Vald\u00e9s al iniciar su mensaje frente a los trabajadores, remarcando la importancia de haber consolidado \u201cun equipo ordenado\u201d durante sus dos mandatos.<\/p>\n<p>El mandatario destac\u00f3 que las \u00e1reas dependientes de la Privada y de la Secretar\u00eda General constituyen \u201cel cerebro del Gobierno de Corrientes\u201d, por lo que transmiti\u00f3 un especial agradecimiento \u201cpor el esfuerzo y desempe\u00f1o de cada uno de los trabajadores\u201d.<\/p>\n<p>El traspaso de mando ser\u00e1 este mi\u00e9rcoles desde las 18, luego de la jura del nuevo gobernador Juan Pablo Vald\u00e9s ante la Asamblea Legislativa.<\/p>\n<p>Jura y traspaso: c\u00f3mo ser\u00e1 el acto oficial<br \/>\nEste mi\u00e9rcoles 10, la Asamblea Legislativa iniciar\u00e1 la ceremonia de jura y traspaso de mando a partir de las 18 horas.<\/p>\n<p>El protocolo previsto contempla:<\/p>\n<p>Verificaci\u00f3n de qu\u00f3rum<\/p>\n<p>Izamiento de los pabellones nacional y provincial<\/p>\n<p>Lectura y aprobaci\u00f3n del acta de la Asamblea del 3 de diciembre<\/p>\n<p>Lectura de la Resoluci\u00f3n N.\u00ba 2519 y conformaci\u00f3n de las comisiones de Interior y Exterior<\/p>\n<p>Juramento de Ley de Juan Pablo Vald\u00e9s como gobernador y de N\u00e9stor Pedro Braillard Poccard como vicegobernador<\/p>\n<p>Mensaje protocolar de las nuevas autoridades<\/p>\n<p>Cierre de la Asamblea con el arr\u00edo de las banderas<\/p>\n<p>Luego, las autoridades se trasladar\u00e1n al patio interno de Casa de Gobierno, donde se realizar\u00e1 el traspaso de los atributos de mando en un escenario montado especialmente para la ocasi\u00f3n.<\/p>\n","protected":false},"excerpt":{"rendered":"<p>En un encuentro institucional, el gobernador puso en valor el esfuerzo del personal que integr\u00f3 las \u00e1reas centrales de su administraci\u00f3n, previo al traspaso de mando. Este martes en el Sal\u00f3n Amarillo, el gobernador Gustavo Vald\u00e9s comparti\u00f3 un encuentro de despedida con el personal de Casa de Gobierno, a quienes agradeci\u00f3 por su compromiso durante [&hellip;]<\/p>\n","protected":false},"author":4,"featured_media":200862,"comment_status":"closed","ping_status":"closed","sticky":false,"template":"","format":"standard","meta":{"_joinchat":[],"footnotes":""},"categories":[31],"tags":[],"class_list":{"0":"post-200861","1":"post","2":"type-post","3":"status-publish","4":"format-standard","5":"has-post-thumbnail","7":"category-informacion-general"},"yoast_head":"<!-- This site is optimized with the Yoast SEO plugin v27.2 - https:\/\/yoast.com\/product\/yoast-seo-wordpress\/ -->\n<title>Gustavo Vald\u00e9s agradeci\u00f3 al personal de Casa de Gobierno por su labor - Radio Infinita Goya<\/title>\n<meta name=\"description\" content=\"En un encuentro institucional, el gobernador puso en valor el esfuerzo del personal que integr\u00f3 las \u00e1reas centrales de su administraci\u00f3n, previo al\" \/>\n<meta name=\"robots\" content=\"index, follow, max-snippet:-1, max-image-preview:large, max-video-preview:-1\" \/>\n<link rel=\"canonical\" href=\"https:\/\/radioinfinitagoya.com.ar\/v1\/2025\/12\/09\/gustavo-valdes-agradecio-al-personal-de-casa-de-gobierno-por-su-labor\/\" \/>\n<meta property=\"og:locale\" content=\"es_ES\" \/>\n<meta property=\"og:type\" content=\"article\" \/>\n<meta property=\"og:title\" content=\"Gustavo Vald\u00e9s agradeci\u00f3 al personal de Casa de Gobierno por su labor - Radio Infinita Goya\" \/>\n<meta property=\"og:description\" content=\"En un encuentro institucional, el gobernador puso en valor el esfuerzo del personal que integr\u00f3 las \u00e1reas centrales de su administraci\u00f3n, previo al\" \/>\n<meta property=\"og:url\" content=\"https:\/\/radioinfinitagoya.com.ar\/v1\/2025\/12\/09\/gustavo-valdes-agradecio-al-personal-de-casa-de-gobierno-por-su-labor\/\" \/>\n<meta property=\"og:site_name\" content=\"Radio Infinita Goya\" \/>\n<meta property=\"article:publisher\" content=\"https:\/\/www.facebook.com\/p\/Infinita-Goya-100063870918311\/\" \/>\n<meta property=\"article:published_time\" content=\"2025-12-09T19:34:34+00:00\" \/>\n<meta property=\"og:image\" content=\"https:\/\/radioinfinitagoya.com.ar\/v1\/wp-content\/uploads\/2025\/12\/1765304975829.webp\" \/>\n\t<meta property=\"og:image:width\" content=\"1200\" \/>\n\t<meta property=\"og:image:height\" content=\"675\" \/>\n\t<meta property=\"og:image:type\" content=\"image\/webp\" \/>\n<meta name=\"author\" content=\"Jorge Mi\u00f1o\" \/>\n<meta name=\"twitter:card\" content=\"summary_large_image\" \/>\n<meta name=\"twitter:label1\" content=\"Escrito por\" \/>\n\t<meta name=\"twitter:data1\" content=\"Jorge Mi\u00f1o\" \/>\n\t<meta name=\"twitter:label2\" content=\"Tiempo de lectura\" \/>\n\t<meta name=\"twitter:data2\" content=\"2 minutos\" \/>\n<script type=\"application\/ld+json\" class=\"yoast-schema-graph\">{\"@context\":\"https:\/\/schema.org\",\"@graph\":[{\"@type\":\"Article\",\"@id\":\"https:\/\/radioinfinitagoya.com.ar\/v1\/2025\/12\/09\/gustavo-valdes-agradecio-al-personal-de-casa-de-gobierno-por-su-labor\/#article\",\"isPartOf\":{\"@id\":\"https:\/\/radioinfinitagoya.com.ar\/v1\/2025\/12\/09\/gustavo-valdes-agradecio-al-personal-de-casa-de-gobierno-por-su-labor\/\"},\"author\":{\"name\":\"Jorge Mi\u00f1o\",\"@id\":\"https:\/\/radioinfinitagoya.com.ar\/v1\/#\/schema\/person\/d4cf9c413d4f6edb24aabdccab49ca4a\"},\"headline\":\"Gustavo Vald\u00e9s agradeci\u00f3 al personal de Casa de Gobierno por su labor\",\"datePublished\":\"2025-12-09T19:34:34+00:00\",\"mainEntityOfPage\":{\"@id\":\"https:\/\/radioinfinitagoya.com.ar\/v1\/2025\/12\/09\/gustavo-valdes-agradecio-al-personal-de-casa-de-gobierno-por-su-labor\/\"},\"wordCount\":314,\"publisher\":{\"@id\":\"https:\/\/radioinfinitagoya.com.ar\/v1\/#organization\"},\"image\":{\"@id\":\"https:\/\/radioinfinitagoya.com.ar\/v1\/2025\/12\/09\/gustavo-valdes-agradecio-al-personal-de-casa-de-gobierno-por-su-labor\/#primaryimage\"},\"thumbnailUrl\":\"https:\/\/radioinfinitagoya.com.ar\/v1\/wp-content\/uploads\/2025\/12\/1765304975829.webp\",\"articleSection\":[\"INFORMACI\u00d3N GENERAL\"],\"inLanguage\":\"es-AR\"},{\"@type\":\"WebPage\",\"@id\":\"https:\/\/radioinfinitagoya.com.ar\/v1\/2025\/12\/09\/gustavo-valdes-agradecio-al-personal-de-casa-de-gobierno-por-su-labor\/\",\"url\":\"https:\/\/radioinfinitagoya.com.ar\/v1\/2025\/12\/09\/gustavo-valdes-agradecio-al-personal-de-casa-de-gobierno-por-su-labor\/\",\"name\":\"Gustavo Vald\u00e9s agradeci\u00f3 al personal de Casa de Gobierno por su labor - Radio Infinita Goya\",\"isPartOf\":{\"@id\":\"https:\/\/radioinfinitagoya.com.ar\/v1\/#website\"},\"primaryImageOfPage\":{\"@id\":\"https:\/\/radioinfinitagoya.com.ar\/v1\/2025\/12\/09\/gustavo-valdes-agradecio-al-personal-de-casa-de-gobierno-por-su-labor\/#primaryimage\"},\"image\":{\"@id\":\"https:\/\/radioinfinitagoya.com.ar\/v1\/2025\/12\/09\/gustavo-valdes-agradecio-al-personal-de-casa-de-gobierno-por-su-labor\/#primaryimage\"},\"thumbnailUrl\":\"https:\/\/radioinfinitagoya.com.ar\/v1\/wp-content\/uploads\/2025\/12\/1765304975829.webp\",\"datePublished\":\"2025-12-09T19:34:34+00:00\",\"description\":\"En un encuentro institucional, el gobernador puso en valor el esfuerzo del personal que integr\u00f3 las \u00e1reas centrales de su administraci\u00f3n, previo al\",\"breadcrumb\":{\"@id\":\"https:\/\/radioinfinitagoya.com.ar\/v1\/2025\/12\/09\/gustavo-valdes-agradecio-al-personal-de-casa-de-gobierno-por-su-labor\/#breadcrumb\"},\"inLanguage\":\"es-AR\",\"potentialAction\":[{\"@type\":\"ReadAction\",\"target\":[\"https:\/\/radioinfinitagoya.com.ar\/v1\/2025\/12\/09\/gustavo-valdes-agradecio-al-personal-de-casa-de-gobierno-por-su-labor\/\"]}]},{\"@type\":\"ImageObject\",\"inLanguage\":\"es-AR\",\"@id\":\"https:\/\/radioinfinitagoya.com.ar\/v1\/2025\/12\/09\/gustavo-valdes-agradecio-al-personal-de-casa-de-gobierno-por-su-labor\/#primaryimage\",\"url\":\"https:\/\/radioinfinitagoya.com.ar\/v1\/wp-content\/uploads\/2025\/12\/1765304975829.webp\",\"contentUrl\":\"https:\/\/radioinfinitagoya.com.ar\/v1\/wp-content\/uploads\/2025\/12\/1765304975829.webp\",\"width\":1200,\"height\":675},{\"@type\":\"BreadcrumbList\",\"@id\":\"https:\/\/radioinfinitagoya.com.ar\/v1\/2025\/12\/09\/gustavo-valdes-agradecio-al-personal-de-casa-de-gobierno-por-su-labor\/#breadcrumb\",\"itemListElement\":[{\"@type\":\"ListItem\",\"position\":1,\"name\":\"Inicio\",\"item\":\"https:\/\/radioinfinitagoya.com.ar\/v1\/\"},{\"@type\":\"ListItem\",\"position\":2,\"name\":\"Gustavo Vald\u00e9s agradeci\u00f3 al personal de Casa de Gobierno por su labor\"}]},{\"@type\":\"WebSite\",\"@id\":\"https:\/\/radioinfinitagoya.com.ar\/v1\/#website\",\"url\":\"https:\/\/radioinfinitagoya.com.ar\/v1\/\",\"name\":\"radioinfinitagoya.com.ar\",\"description\":\"Radio de noticias\",\"publisher\":{\"@id\":\"https:\/\/radioinfinitagoya.com.ar\/v1\/#organization\"},\"potentialAction\":[{\"@type\":\"SearchAction\",\"target\":{\"@type\":\"EntryPoint\",\"urlTemplate\":\"https:\/\/radioinfinitagoya.com.ar\/v1\/?s={search_term_string}\"},\"query-input\":{\"@type\":\"PropertyValueSpecification\",\"valueRequired\":true,\"valueName\":\"search_term_string\"}}],\"inLanguage\":\"es-AR\"},{\"@type\":\"Organization\",\"@id\":\"https:\/\/radioinfinitagoya.com.ar\/v1\/#organization\",\"name\":\"Radio Infinita Goya\",\"url\":\"https:\/\/radioinfinitagoya.com.ar\/v1\/\",\"logo\":{\"@type\":\"ImageObject\",\"inLanguage\":\"es-AR\",\"@id\":\"https:\/\/radioinfinitagoya.com.ar\/v1\/#\/schema\/logo\/image\/\",\"url\":\"https:\/\/radioinfinitagoya.com.ar\/v1\/wp-content\/uploads\/2019\/11\/logo-pie-web.png\",\"contentUrl\":\"https:\/\/radioinfinitagoya.com.ar\/v1\/wp-content\/uploads\/2019\/11\/logo-pie-web.png\",\"width\":635,\"height\":326,\"caption\":\"Radio Infinita Goya\"},\"image\":{\"@id\":\"https:\/\/radioinfinitagoya.com.ar\/v1\/#\/schema\/logo\/image\/\"},\"sameAs\":[\"https:\/\/www.facebook.com\/p\/Infinita-Goya-100063870918311\/\"]},{\"@type\":\"Person\",\"@id\":\"https:\/\/radioinfinitagoya.com.ar\/v1\/#\/schema\/person\/d4cf9c413d4f6edb24aabdccab49ca4a\",\"name\":\"Jorge Mi\u00f1o\",\"image\":{\"@type\":\"ImageObject\",\"inLanguage\":\"es-AR\",\"@id\":\"https:\/\/secure.gravatar.com\/avatar\/910fcf6728fe95320e07a6643c1581fec1c7fc4bf8ae12e3d8f0d0373dc844be?s=96&d=mm&r=g\",\"url\":\"https:\/\/secure.gravatar.com\/avatar\/910fcf6728fe95320e07a6643c1581fec1c7fc4bf8ae12e3d8f0d0373dc844be?s=96&d=mm&r=g\",\"contentUrl\":\"https:\/\/secure.gravatar.com\/avatar\/910fcf6728fe95320e07a6643c1581fec1c7fc4bf8ae12e3d8f0d0373dc844be?s=96&d=mm&r=g\",\"caption\":\"Jorge Mi\u00f1o\"},\"sameAs\":[\"http:\/\/radioinfinitagoya.com.ar\"]}]}<\/script>\n<!-- \/ Yoast SEO plugin. -->","yoast_head_json":{"title":"Gustavo Vald\u00e9s agradeci\u00f3 al personal de Casa de Gobierno por su labor - Radio Infinita Goya","description":"En un encuentro institucional, el gobernador puso en valor el esfuerzo del personal que integr\u00f3 las \u00e1reas centrales de su administraci\u00f3n, previo al","robots":{"index":"index","follow":"follow","max-snippet":"max-snippet:-1","max-image-preview":"max-image-preview:large","max-video-preview":"max-video-preview:-1"},"canonical":"https:\/\/radioinfinitagoya.com.ar\/v1\/2025\/12\/09\/gustavo-valdes-agradecio-al-personal-de-casa-de-gobierno-por-su-labor\/","og_locale":"es_ES","og_type":"article","og_title":"Gustavo Vald\u00e9s agradeci\u00f3 al personal de Casa de Gobierno por su labor - Radio Infinita Goya","og_description":"En un encuentro institucional, el gobernador puso en valor el esfuerzo del personal que integr\u00f3 las \u00e1reas centrales de su administraci\u00f3n, previo al","og_url":"https:\/\/radioinfinitagoya.com.ar\/v1\/2025\/12\/09\/gustavo-valdes-agradecio-al-personal-de-casa-de-gobierno-por-su-labor\/","og_site_name":"Radio Infinita Goya","article_publisher":"https:\/\/www.facebook.com\/p\/Infinita-Goya-100063870918311\/","article_published_time":"2025-12-09T19:34:34+00:00","og_image":[{"width":1200,"height":675,"url":"https:\/\/radioinfinitagoya.com.ar\/v1\/wp-content\/uploads\/2025\/12\/1765304975829.webp","type":"image\/webp"}],"author":"Jorge Mi\u00f1o","twitter_card":"summary_large_image","twitter_misc":{"Escrito por":"Jorge Mi\u00f1o","Tiempo de lectura":"2 minutos"},"schema":{"@context":"https:\/\/schema.org","@graph":[{"@type":"Article","@id":"https:\/\/radioinfinitagoya.com.ar\/v1\/2025\/12\/09\/gustavo-valdes-agradecio-al-personal-de-casa-de-gobierno-por-su-labor\/#article","isPartOf":{"@id":"https:\/\/radioinfinitagoya.com.ar\/v1\/2025\/12\/09\/gustavo-valdes-agradecio-al-personal-de-casa-de-gobierno-por-su-labor\/"},"author":{"name":"Jorge Mi\u00f1o","@id":"https:\/\/radioinfinitagoya.com.ar\/v1\/#\/schema\/person\/d4cf9c413d4f6edb24aabdccab49ca4a"},"headline":"Gustavo Vald\u00e9s agradeci\u00f3 al personal de Casa de Gobierno por su labor","datePublished":"2025-12-09T19:34:34+00:00","mainEntityOfPage":{"@id":"https:\/\/radioinfinitagoya.com.ar\/v1\/2025\/12\/09\/gustavo-valdes-agradecio-al-personal-de-casa-de-gobierno-por-su-labor\/"},"wordCount":314,"publisher":{"@id":"https:\/\/radioinfinitagoya.com.ar\/v1\/#organization"},"image":{"@id":"https:\/\/radioinfinitagoya.com.ar\/v1\/2025\/12\/09\/gustavo-valdes-agradecio-al-personal-de-casa-de-gobierno-por-su-labor\/#primaryimage"},"thumbnailUrl":"https:\/\/radioinfinitagoya.com.ar\/v1\/wp-content\/uploads\/2025\/12\/1765304975829.webp","articleSection":["INFORMACI\u00d3N GENERAL"],"inLanguage":"es-AR"},{"@type":"WebPage","@id":"https:\/\/radioinfinitagoya.com.ar\/v1\/2025\/12\/09\/gustavo-valdes-agradecio-al-personal-de-casa-de-gobierno-por-su-labor\/","url":"https:\/\/radioinfinitagoya.com.ar\/v1\/2025\/12\/09\/gustavo-valdes-agradecio-al-personal-de-casa-de-gobierno-por-su-labor\/","name":"Gustavo Vald\u00e9s agradeci\u00f3 al personal de Casa de Gobierno por su labor - Radio Infinita Goya","isPartOf":{"@id":"https:\/\/radioinfinitagoya.com.ar\/v1\/#website"},"primaryImageOfPage":{"@id":"https:\/\/radioinfinitagoya.com.ar\/v1\/2025\/12\/09\/gustavo-valdes-agradecio-al-personal-de-casa-de-gobierno-por-su-labor\/#primaryimage"},"image":{"@id":"https:\/\/radioinfinitagoya.com.ar\/v1\/2025\/12\/09\/gustavo-valdes-agradecio-al-personal-de-casa-de-gobierno-por-su-labor\/#primaryimage"},"thumbnailUrl":"https:\/\/radioinfinitagoya.com.ar\/v1\/wp-content\/uploads\/2025\/12\/1765304975829.webp","datePublished":"2025-12-09T19:34:34+00:00","description":"En un encuentro institucional, el gobernador puso en valor el esfuerzo del personal que integr\u00f3 las \u00e1reas centrales de su administraci\u00f3n, previo al","breadcrumb":{"@id":"https:\/\/radioinfinitagoya.com.ar\/v1\/2025\/12\/09\/gustavo-valdes-agradecio-al-personal-de-casa-de-gobierno-por-su-labor\/#breadcrumb"},"inLanguage":"es-AR","potentialAction":[{"@type":"ReadAction","target":["https:\/\/radioinfinitagoya.com.ar\/v1\/2025\/12\/09\/gustavo-valdes-agradecio-al-personal-de-casa-de-gobierno-por-su-labor\/"]}]},{"@type":"ImageObject","inLanguage":"es-AR","@id":"https:\/\/radioinfinitagoya.com.ar\/v1\/2025\/12\/09\/gustavo-valdes-agradecio-al-personal-de-casa-de-gobierno-por-su-labor\/#primaryimage","url":"https:\/\/radioinfinitagoya.com.ar\/v1\/wp-content\/uploads\/2025\/12\/1765304975829.webp","contentUrl":"https:\/\/radioinfinitagoya.com.ar\/v1\/wp-content\/uploads\/2025\/12\/1765304975829.webp","width":1200,"height":675},{"@type":"BreadcrumbList","@id":"https:\/\/radioinfinitagoya.com.ar\/v1\/2025\/12\/09\/gustavo-valdes-agradecio-al-personal-de-casa-de-gobierno-por-su-labor\/#breadcrumb","itemListElement":[{"@type":"ListItem","position":1,"name":"Inicio","item":"https:\/\/radioinfinitagoya.com.ar\/v1\/"},{"@type":"ListItem","position":2,"name":"Gustavo Vald\u00e9s agradeci\u00f3 al personal de Casa de Gobierno por su labor"}]},{"@type":"WebSite","@id":"https:\/\/radioinfinitagoya.com.ar\/v1\/#website","url":"https:\/\/radioinfinitagoya.com.ar\/v1\/","name":"radioinfinitagoya.com.ar","description":"Radio de noticias","publisher":{"@id":"https:\/\/radioinfinitagoya.com.ar\/v1\/#organization"},"potentialAction":[{"@type":"SearchAction","target":{"@type":"EntryPoint","urlTemplate":"https:\/\/radioinfinitagoya.com.ar\/v1\/?s={search_term_string}"},"query-input":{"@type":"PropertyValueSpecification","valueRequired":true,"valueName":"search_term_string"}}],"inLanguage":"es-AR"},{"@type":"Organization","@id":"https:\/\/radioinfinitagoya.com.ar\/v1\/#organization","name":"Radio Infinita Goya","url":"https:\/\/radioinfinitagoya.com.ar\/v1\/","logo":{"@type":"ImageObject","inLanguage":"es-AR","@id":"https:\/\/radioinfinitagoya.com.ar\/v1\/#\/schema\/logo\/image\/","url":"https:\/\/radioinfinitagoya.com.ar\/v1\/wp-content\/uploads\/2019\/11\/logo-pie-web.png","contentUrl":"https:\/\/radioinfinitagoya.com.ar\/v1\/wp-content\/uploads\/2019\/11\/logo-pie-web.png","width":635,"height":326,"caption":"Radio Infinita Goya"},"image":{"@id":"https:\/\/radioinfinitagoya.com.ar\/v1\/#\/schema\/logo\/image\/"},"sameAs":["https:\/\/www.facebook.com\/p\/Infinita-Goya-100063870918311\/"]},{"@type":"Person","@id":"https:\/\/radioinfinitagoya.com.ar\/v1\/#\/schema\/person\/d4cf9c413d4f6edb24aabdccab49ca4a","name":"Jorge Mi\u00f1o","image":{"@type":"ImageObject","inLanguage":"es-AR","@id":"https:\/\/secure.gravatar.com\/avatar\/910fcf6728fe95320e07a6643c1581fec1c7fc4bf8ae12e3d8f0d0373dc844be?s=96&d=mm&r=g","url":"https:\/\/secure.gravatar.com\/avatar\/910fcf6728fe95320e07a6643c1581fec1c7fc4bf8ae12e3d8f0d0373dc844be?s=96&d=mm&r=g","contentUrl":"https:\/\/secure.gravatar.com\/avatar\/910fcf6728fe95320e07a6643c1581fec1c7fc4bf8ae12e3d8f0d0373dc844be?s=96&d=mm&r=g","caption":"Jorge Mi\u00f1o"},"sameAs":["http:\/\/radioinfinitagoya.com.ar"]}]}},"_links":{"self":[{"href":"https:\/\/radioinfinitagoya.com.ar\/v1\/wp-json\/wp\/v2\/posts\/200861","targetHints":{"allow":["GET"]}}],"collection":[{"href":"https:\/\/radioinfinitagoya.com.ar\/v1\/wp-json\/wp\/v2\/posts"}],"about":[{"href":"https:\/\/radioinfinitagoya.com.ar\/v1\/wp-json\/wp\/v2\/types\/post"}],"author":[{"embeddable":true,"href":"https:\/\/radioinfinitagoya.com.ar\/v1\/wp-json\/wp\/v2\/users\/4"}],"replies":[{"embeddable":true,"href":"https:\/\/radioinfinitagoya.com.ar\/v1\/wp-json\/wp\/v2\/comments?post=200861"}],"version-history":[{"count":0,"href":"https:\/\/radioinfinitagoya.com.ar\/v1\/wp-json\/wp\/v2\/posts\/200861\/revisions"}],"wp:featuredmedia":[{"embeddable":true,"href":"https:\/\/radioinfinitagoya.com.ar\/v1\/wp-json\/wp\/v2\/media\/200862"}],"wp:attachment":[{"href":"https:\/\/radioinfinitagoya.com.ar\/v1\/wp-json\/wp\/v2\/media?parent=200861"}],"wp:term":[{"taxonomy":"category","embeddable":true,"href":"https:\/\/radioinfinitagoya.com.ar\/v1\/wp-json\/wp\/v2\/categories?post=200861"},{"taxonomy":"post_tag","embeddable":true,"href":"https:\/\/radioinfinitagoya.com.ar\/v1\/wp-json\/wp\/v2\/tags?post=200861"}],"curies":[{"name":"wp","href":"https:\/\/api.w.org\/{rel}","templated":true}]}}