{"id":200869,"date":"2025-12-09T16:48:54","date_gmt":"2025-12-09T19:48:54","guid":{"rendered":"https:\/\/radioinfinitagoya.com.ar\/v1\/?p=200869"},"modified":"2025-12-09T16:48:54","modified_gmt":"2025-12-09T19:48:54","slug":"argentina-2026-todo-marcha-acorde-al-plan-dos-lecturas-del-rumbo-de-la-era-milei","status":"publish","type":"post","link":"https:\/\/radioinfinitagoya.com.ar\/v1\/2025\/12\/09\/argentina-2026-todo-marcha-acorde-al-plan-dos-lecturas-del-rumbo-de-la-era-milei\/","title":{"rendered":"Argentina 2026, \u00bftodo marcha acorde al plan?: dos lecturas del rumbo de la era Milei"},"content":{"rendered":"<p>Cumplido el segundo a\u00f1o de mandato, el Ejecutivo enfrenta logros parciales y problemas persistentes en materia econ\u00f3mica, social e institucional.<\/p>\n<p>No importa si la jugada fue un acierto o un error. La respuesta tranquiliza, siempre: \u201cTodo marcha acorde al plan\u201d. No importa si un opositor montado en un caballo volte\u00f3 la torre fiscal o si un alfil oficialista qued\u00f3 en l\u00ednea de ataque al rey de la oposici\u00f3n. Lo que sea, aunque parezca improvisado, es untado con las siglas que condensan el slogan: TMAP. Bandera, gorra y tuit fijado.<\/p>\n<p>Desde ya, Javier Milei y sus principales funcionarios apelaron a una estrategia narrativa, en especial cuando tanto los mercados como la pol\u00edtica demandan un futuro previsible. Expectativas a plazo y un comando que controle la situaci\u00f3n.<\/p>\n<p>Ahora bien, al cumplirse dos a\u00f1os de gesti\u00f3n, o, lo que es lo mismo, cuando arrancan los \u00faltimos dos a\u00f1os de gesti\u00f3n, resulta imperioso no comprar con los ojos cerrados el hit TMAP y, en cambio, hacerse la siguiente pregunta: \u00bfTodo marcha de acuerdo al plan? A mitad de mandato, cuando Gobierno y oposici\u00f3n reconfiguran estrategias para el tramo decisivo, el interrogante cobra una densidad inevitable.<\/p>\n<p>La intenci\u00f3n de esta edici\u00f3n especial por los 49 a\u00f1os de \u00c1mbito es sondear en las respuestas a trav\u00e9s de opiniones variopintas de la dirigencia pol\u00edtica, de los principales economistas del pa\u00eds y de referentes del mundo empresario. Tambi\u00e9n ofrecer herramientas con el an\u00e1lisis de los periodistas de este medio, en un amplio abanico de tem\u00e1ticas.<\/p>\n<p>Pero, a modo de s\u00edntesis, y en tiempos donde los medios tambi\u00e9n est\u00e1n bajo la lupa de la sociedad -pero m\u00e1s a\u00fan de este Gobierno-, se debe dar una respuesta categ\u00f3rica. Una respuesta que eluda los facilismos del periodismo ideologizado, que solo observa la realidad en un prisma monocrom\u00e1tico. O, lo que es peor, el facilismo de la falsa moderaci\u00f3n que el saber popular catalog\u00f3 como \u201cCorea del Centro\u201d.<\/p>\n<p>Entonces, y antes de pasar a los porqu\u00e9s, es necesario hacer uso de las afirmaciones \u00bfTodo marcha acorde al plan? Y hay una sola respuesta posible: s\u00ed, el rumbo de esta tierra pr\u00f3spera es conducido por un plan maestro que anticip\u00f3 cada una de las etapas que llevar\u00e1n a la tierra prometida. Y tambi\u00e9n hay otra \u00fanica respuesta posible: no, el camino est\u00e1 plagado de pifias y de decisiones al voleo, con el dedo mojado al viento. Y si las cosas terminan saliendo bien ser\u00e1 solo por un milagro. O de carambola.<\/p>\n<p>Veamos:<\/p>\n<p>S\u00ed, todo marcha de acuerdo al plan<br \/>\nInnegable. Javier Milei traz\u00f3 un horizonte y avanza hacia \u00e9l, casillero tras casillero. Un ordenamiento macroecon\u00f3mico que redundar\u00e1, m\u00e1s temprano que tarde, en inversiones, crecimiento y empleo. Prosperidad.<\/p>\n<p>El equilibrio fiscal, fundamento central del Gobierno, no solo se consigui\u00f3 r\u00e1pidamente a costa de un ajuste avalado por la sociedad bajo el s\u00edmbolo de la motosierra, sino que Milei se impuso con holgura y con hechos medibles en ese paraje de la batalla cultural. Ning\u00fan espacio pol\u00edtico, ni siquiera el peronismo que supo hacer gala de la expansi\u00f3n desenfrenada del gasto p\u00fablico, cuestiona hoy el mantra de no gastar m\u00e1s de lo que entra. El Gobierno consigui\u00f3 un super\u00e1vit primario del 1,4% del PBI y uno financiero solo en octubre de $517.672 millones, aun haciendo frente a los pagos de deuda. Todo esto tras recibir una herencia compleja, por no decir aplastante.<\/p>\n<p><img loading=\"lazy\" decoding=\"async\" class=\"alignnone size-full wp-image-200871\" src=\"https:\/\/radioinfinitagoya.com.ar\/v1\/wp-content\/uploads\/2025\/12\/javier-milei-voto-elecciones-legislativas-2025.webp\" alt=\"\" width=\"666\" height=\"460\" srcset=\"https:\/\/radioinfinitagoya.com.ar\/v1\/wp-content\/uploads\/2025\/12\/javier-milei-voto-elecciones-legislativas-2025.webp 666w, https:\/\/radioinfinitagoya.com.ar\/v1\/wp-content\/uploads\/2025\/12\/javier-milei-voto-elecciones-legislativas-2025-608x420.webp 608w, https:\/\/radioinfinitagoya.com.ar\/v1\/wp-content\/uploads\/2025\/12\/javier-milei-voto-elecciones-legislativas-2025-218x150.webp 218w, https:\/\/radioinfinitagoya.com.ar\/v1\/wp-content\/uploads\/2025\/12\/javier-milei-voto-elecciones-legislativas-2025-100x70.webp 100w\" sizes=\"auto, (max-width: 666px) 100vw, 666px\" \/>Ese recorte de gastos, la mayor parte f\u00fatiles y destinados a financiar a una clase pol\u00edtica improductiva, llev\u00f3 al cumplimiento de la principal promesa de campa\u00f1a de Milei: la baja de la inflaci\u00f3n, que pas\u00f3 de 25,5% en diciembre de 2023 a 2,3% en octubre pasado. No hicieron mella las disparadas del d\u00f3lar ni la suba de tasas en los precios al consumidor. Otras cartas que colaboraron con el desplome del IPC: 1) la apertura econ\u00f3mica, otro de los leit motiv de Milei, que a trav\u00e9s de la llegada de productos importados ampli\u00f3 la oferta de productos y foment\u00f3 la competencia; 2) una reducci\u00f3n tributaria tenue pero que da pistas a futuro, como la eliminaci\u00f3n del Impuesto PAIS o tramos de impuestos internos a productos como los autos.<\/p>\n<p>En ese marco, el frente cambiario logr\u00f3 sostenerse pese a las turbulencias preelectorales de origen pol\u00edtico, y el equipo econ\u00f3mico sostendr\u00e1, con pragmatismo, el sistema de flotaci\u00f3n entre bandas. En ese escenario, pese a cuestionamientos sobre un supuesto \u201cd\u00f3lar atrasado\u201d, la balanza comercial anot\u00f3 en octubre su 22\u00b0 super\u00e1vit consecutivo. Es decir, en la era de La Libertad Avanza (LLA) se exporta m\u00e1s de lo que se importa.<\/p>\n<p>Tambi\u00e9n fue clave el respaldo econ\u00f3mico (y pol\u00edtico) del Gobierno de los EEUU del republicano Donald Trump, con intervenciones en el mercado cambiario y la firma de un swap por u$s20.000 millones, con un tramo ya activado. El alineamiento geopol\u00edtico con los EEUU fue otro de los puntos que Milei postul\u00f3 desde el vamos, una alianza que se traslad\u00f3 a los foros multilaterales y que se coron\u00f3 con el anuncio de acuerdo comercial amplio, del que resta conocerse la letra chica, pero que fue bien recibido por la city. Ese clima de negocios llev\u00f3 a los anuncios de un retorno al mercado de capitales, por la confianza de los inversores.<\/p>\n<p>Si bien resta resolver problemas econ\u00f3micos, en especial la ca\u00edda del consumo, la recuperaci\u00f3n del salario, el costo para la producci\u00f3n local, la acumulaci\u00f3n de reservas, por mencionar cuatro ejes, el Gobierno logr\u00f3 instalar la idea de \u201ctransici\u00f3n\u201d: Argentina est\u00e1 en un proceso que requiere tiempo. Esa narrativa, por ahora, sigue funcionando.<\/p>\n<p>En el plano pol\u00edtico, el Gobierno consigui\u00f3 avanzar con reformas y desregulaciones, ya sea por decreto o a trav\u00e9s de proyectos como la Ley Bases. Inclusive, solo en el fragor de la campa\u00f1a LLA sufri\u00f3 reveses importantes en el Congreso, donde atraves\u00f3 dos a\u00f1os marcados por una franca falta de legisladores, un hecho in\u00e9dito en la vida institucional argentina. En ese sentido, con excepciones, cont\u00f3 con apoyo de gobernadores en momentos clave, y con el dique de contenci\u00f3n del PRO, un aliado estable en el plano parlamentario y electoral.<\/p>\n<p>La victoria en las elecciones de octubre no solo le dieron a Milei un ba\u00f1o de legitimidad para el segundo tramo de gesti\u00f3n, sino tambi\u00e9n le permitir\u00e1 encarar esta fase con un equilibrio de fuerzas tanto en el Senado como en Diputados. De hecho, en este \u00faltimo recinto, a trav\u00e9s de movimientos poselectorales, se convirti\u00f3 en primera minor\u00eda, desplazando al PJ de ese lugar. Un mapa optimista para lo que viene: el tratamiento del Presupuesto 2026 y las reformas laboral e impositiva, que arribar\u00e1n al Congreso en el verano para las sesiones extraordinarias.<\/p>\n<p>En paralelo, el peronismo, principal oposici\u00f3n, deambula sin estrategia y sin liderazgos definidos, envuelto en sus guerras internas. Como contraposici\u00f3n, el Gobierno orden\u00f3 las internas luego de las elecciones y oxigen\u00f3 el Gabinete con cambios clave para encarar los pr\u00f3ximos dos a\u00f1os.<\/p>\n<p>Con este combo, se espera otro diciembre inusualmente en paz. El clima social asoma sin estallidos masivos, con conflictividad administrada. La calle, hasta ahora, no fue un factor disruptivo y no lo ser\u00e1 en este cierre de 2025.<\/p>\n<p>No, no existe un plan. Y si existe, nada marcha como prev\u00e9<\/p>\n<p>La realidad fue m\u00e1s desprolija que el relato. El Gobierno tambaleaba, contra las cuerdas, y se salv\u00f3 de besar la lona por el auxilio de Donald Trump y Scott Bessent, en momentos de zozobra cambiaria, inestabilidad pol\u00edtica y par\u00e1lisis econ\u00f3mica<\/p>\n<p><img loading=\"lazy\" decoding=\"async\" class=\"alignnone size-full wp-image-200872\" src=\"https:\/\/radioinfinitagoya.com.ar\/v1\/wp-content\/uploads\/2025\/12\/las-indicaciones-del-tesoro-estados-unidos-comienzan-llegar-contundencia.webp\" alt=\"\" width=\"730\" height=\"487\" srcset=\"https:\/\/radioinfinitagoya.com.ar\/v1\/wp-content\/uploads\/2025\/12\/las-indicaciones-del-tesoro-estados-unidos-comienzan-llegar-contundencia.webp 730w, https:\/\/radioinfinitagoya.com.ar\/v1\/wp-content\/uploads\/2025\/12\/las-indicaciones-del-tesoro-estados-unidos-comienzan-llegar-contundencia-630x420.webp 630w, https:\/\/radioinfinitagoya.com.ar\/v1\/wp-content\/uploads\/2025\/12\/las-indicaciones-del-tesoro-estados-unidos-comienzan-llegar-contundencia-696x464.webp 696w\" sizes=\"auto, (max-width: 730px) 100vw, 730px\" \/>Un respirador artificial que le tendi\u00f3 un puente al Gobierno para llegar de pie a las elecciones, cuando en rigor pon\u00eda en juego su futuro. Una elecci\u00f3n de medio t\u00e9rmino m\u00e1s trascendental que otras, por la debilidad parlamentaria de La Libertad Avanza. En esa previa del 26 de octubre, antes de los tuits de Bessent, el oficialismo perd\u00eda por paliza en ambos recintos, donde no lograba siquiera conseguir un tercio de votos para blindar vetos a leyes necesarias como la emergencia en discapacidad o el financiamiento educativo, destinadas a dos sectores sensibles que sufrieron el paso de la motosierra.<\/p>\n<p>Una crisis pol\u00edtica que encontr\u00f3 eco en la multitud de elecciones provinciales, donde los violetas cayeron inexorablemente en todos los distritos en los que compiti\u00f3 con sello propio. De todas ellas, la m\u00e1s resonante fue la ca\u00edda por 14 puntos en la provincia de Buenos Aires. No solo hiri\u00f3 al Gobierno, sino que catapult\u00f3 a Axel Kicillof dentro del peronismo, como potencial candidato en 2027. Milei le dio al PJ la posibilidad de unirse y acaso de resurgir en el futuro.<\/p>\n<p>La idea de presentar la lista violeta en todas las provincias, asimismo, dinamit\u00f3 alianzas con gobernadores dialoguistas, a quienes LLA les compiti\u00f3 en sus pagos, a pesar de los favores parlamentarios. La falta de respuesta a los pedidos provinciales y el c\u00famulo de promesas incumplidas decantaron en un in\u00e9dito scrum de 24 mandatarios contra Naci\u00f3n, traducidos en proyectos de ley para que el Gobierno reparta fondos que se hab\u00eda apropiado, indebidamente.<\/p>\n<p>No hubo plan. Por caso, la estrategia electoral fue uno de los ejes de tensi\u00f3n entre Karina Milei y Santiago Caputo, que disputaron una interna feroz, paralizando la administraci\u00f3n de LLA. Una interna que se llev\u00f3 a libertarios de la primera hora y que inyect\u00f3 una dosis elevada de autodestrucci\u00f3n al Gobierno. As\u00ed, Milei defraud\u00f3 la promesa de una renovaci\u00f3n dirigencial. Ya no se habla de casta, dado que el Presidente se inclin\u00f3 por su hermana, por el apellido Menem y otros de larga trayectoria pol\u00edtica como Bullrich, Scioli o Francos. Los cambios de ministros, con tres jefes de Gabinete o tres cancilleres en apenas dos a\u00f1os, tienen el olor inconfundible de la improvisaci\u00f3n.<\/p>\n<p>La lucha contra la corrupci\u00f3n fue tambi\u00e9n una bandera que debi\u00f3 bajar el Gobierno. Comenz\u00f3 el a\u00f1o con la criptoestafa $LIBRA, hechos en los que la Justicia investiga la responsabilidad de Javier Milei. Termina con el esc\u00e1ndalo de la Agencia de Discapacidad (ANDIS), una trama de presuntas coimas que tendr\u00edan en el v\u00e9rtice de la pir\u00e1mide a la hermana del Presidente. En el medio, diputados acusados por v\u00ednculos narco, que derivaron en la baja de la candidatura de Jos\u00e9 Luis Espert en Buenos Aires y la renuncia de la rionegrina Lorena Villaverde al Senado, tras los cuestionamientos a su pliego.<\/p>\n<p>Asimismo, en lo econ\u00f3mico, la inflaci\u00f3n que no cede al ritmo prometido. Por caso, en los \u00faltimos meses el IPC registr\u00f3 leves subas y se sostiene por encima del 2%, un valor que sigue estando entre los m\u00e1s elevados del mundo. La motosierra no hizo desplomar la inflaci\u00f3n\u2026 hizo desplomar la actividad. El comercio y el consumo no terminan de reaccionar y se acumulan cierres de empresas, una suma que crece a diario.<\/p>\n<p>Los n\u00fameros macro muestran indicadores desparejos entre sectores. El sector hidrocarbur\u00edfero, la miner\u00eda y el agro sostienen el alza, en detrimento del resto de las actividades. La industria, clave en la generaci\u00f3n de empleo, es la gran perdedora de la era Milei: d\u00f3lar poco competitivo, una carga impositiva exagerada, costos laborales imposibles y deterioro de infraestructura por la par\u00e1lisis de la obra p\u00fablica. Con esa mochila, el Gobierno realiz\u00f3 una apertura a productos importados que llegan sin tributar, que encuentra a los nacionales en clara desventaja. Un c\u00f3ctel explosivo que pone en jaque a la industria nacional.<\/p>\n<p>Las finanzas tambi\u00e9n exhibieron una volatilidad producto de la falta de planificaci\u00f3n. El desarme de las LEFI a mitad de a\u00f1o gener\u00f3 un exceso de liquidez con impacto sobre el d\u00f3lar y sobre las tasas, con un efecto arrastre en el segundo semestre del a\u00f1o, hasta las elecciones, y que reflej\u00f3 las contradicciones en el equipo econ\u00f3mico.<\/p>\n<p>La desconfianza del mercado persiste, en especial porque se est\u00e1 por poner a prueba la resistencia de uno de los talones de Aquiles del modelo: la falta de d\u00f3lares y la incapacidad de acumular reservas. El Gobierno prefiri\u00f3 no comprar d\u00f3lares ni en momentos del tipo de cambio pisado de manera artificial, con el esquema del crawling peg del 1%. Las dudas persisten en especial porque en 2026 hay cuantiosos vencimientos, el primero en enero, por u$s4.200 millones. Para los economistas, el esquema de bandas no es compatible con la acumulaci\u00f3n de reservas. Y lejos de los preceptos libertarios, no hay intenci\u00f3n de hacer flotar la divisa libremente, ni de liberar definitivamente el cepo para las empresas. Promesas en saco roto, como el cierre del Banco Central o la dolarizaci\u00f3n. Se descuenta, adem\u00e1s, que se deber\u00e1 pedir un waiver al FMI, ya que las metas establecidas no ser\u00e1n alcanzadas ni por asomo.<\/p>\n<p>Por estas cuestiones, el mercado sigue sin convalidar el modelo y el riesgo pa\u00eds no logra perforar los 600 puntos pese al salvataje de los EEUU. Luis Caputo negocia financiamiento con bancos para afrontar esos vencimientos de deuda, mientras busca opciones para salir al mercado internacional. Hecho para el cual necesita que el riesgo pa\u00eds baje de 500 puntos, al menos.<\/p>\n<p>La contabilidad creativa respecto al super\u00e1vit financiero, el factor impredecible del estilo de Milei, las reyertas en redes sociales incluso entre los propios, los conflictos permanentes frente al Congreso, las protestas multitudinarias de estudiantes o jubilados, por poner ejemplos, son varios de los puntos por los cuales est\u00e1 claro que las cosas no marchan acorde al plan. Incluso, ponen en duda la existencia de un plan.<\/p>\n<p>Entonces: \u00bfTMAP? Hay respuestas para los dos extremos. Incluso se pueden poner en la licuadora y hacer una tercera, una s\u00edntesis, para aquellos que buscan una opci\u00f3n con matices, que contemple la gama de grises. En definitiva, dos a\u00f1os despu\u00e9s, el interrogante sigue abierto. El Gobierno sostiene que ejecuta su plan. Sus cr\u00edticos sostienen que nunca existi\u00f3.<\/p>\n<p>Este anuario ofrece los elementos para que cada lector saque su propia conclusi\u00f3n.<\/p>\n<p>&nbsp;<\/p>\n<p>&nbsp;<\/p>\n","protected":false},"excerpt":{"rendered":"<p>Cumplido el segundo a\u00f1o de mandato, el Ejecutivo enfrenta logros parciales y problemas persistentes en materia econ\u00f3mica, social e institucional. No importa si la jugada fue un acierto o un error. La respuesta tranquiliza, siempre: \u201cTodo marcha acorde al plan\u201d. No importa si un opositor montado en un caballo volte\u00f3 la torre fiscal o si [&hellip;]<\/p>\n","protected":false},"author":4,"featured_media":200870,"comment_status":"closed","ping_status":"closed","sticky":false,"template":"","format":"standard","meta":{"_joinchat":[],"footnotes":""},"categories":[34],"tags":[],"class_list":{"0":"post-200869","1":"post","2":"type-post","3":"status-publish","4":"format-standard","5":"has-post-thumbnail","7":"category-principal"},"yoast_head":"<!-- This site is optimized with the Yoast SEO plugin v27.2 - https:\/\/yoast.com\/product\/yoast-seo-wordpress\/ -->\n<title>Argentina 2026, \u00bftodo marcha acorde al plan?: dos lecturas del rumbo de la era Milei - Radio Infinita Goya<\/title>\n<meta name=\"description\" content=\"Cumplido el segundo a\u00f1o de mandato, el Ejecutivo enfrenta logros parciales y problemas persistentes en materia econ\u00f3mica, social e institucional. No\" \/>\n<meta name=\"robots\" content=\"index, follow, max-snippet:-1, max-image-preview:large, max-video-preview:-1\" \/>\n<link rel=\"canonical\" href=\"https:\/\/radioinfinitagoya.com.ar\/v1\/2025\/12\/09\/argentina-2026-todo-marcha-acorde-al-plan-dos-lecturas-del-rumbo-de-la-era-milei\/\" \/>\n<meta property=\"og:locale\" content=\"es_ES\" \/>\n<meta property=\"og:type\" content=\"article\" \/>\n<meta property=\"og:title\" content=\"Argentina 2026, \u00bftodo marcha acorde al plan?: dos lecturas del rumbo de la era Milei - Radio Infinita Goya\" \/>\n<meta property=\"og:description\" content=\"Cumplido el segundo a\u00f1o de mandato, el Ejecutivo enfrenta logros parciales y problemas persistentes en materia econ\u00f3mica, social e institucional. No\" \/>\n<meta property=\"og:url\" content=\"https:\/\/radioinfinitagoya.com.ar\/v1\/2025\/12\/09\/argentina-2026-todo-marcha-acorde-al-plan-dos-lecturas-del-rumbo-de-la-era-milei\/\" \/>\n<meta property=\"og:site_name\" content=\"Radio Infinita Goya\" \/>\n<meta property=\"article:publisher\" content=\"https:\/\/www.facebook.com\/p\/Infinita-Goya-100063870918311\/\" \/>\n<meta property=\"article:published_time\" content=\"2025-12-09T19:48:54+00:00\" \/>\n<meta property=\"og:image\" content=\"https:\/\/radioinfinitagoya.com.ar\/v1\/wp-content\/uploads\/2025\/12\/tablero_anuario_figuras.webp\" \/>\n\t<meta property=\"og:image:width\" content=\"655\" \/>\n\t<meta property=\"og:image:height\" content=\"368\" \/>\n\t<meta property=\"og:image:type\" content=\"image\/webp\" \/>\n<meta name=\"author\" content=\"Jorge Mi\u00f1o\" \/>\n<meta name=\"twitter:card\" content=\"summary_large_image\" \/>\n<meta name=\"twitter:label1\" content=\"Escrito por\" \/>\n\t<meta name=\"twitter:data1\" content=\"Jorge Mi\u00f1o\" \/>\n\t<meta name=\"twitter:label2\" content=\"Tiempo de lectura\" \/>\n\t<meta name=\"twitter:data2\" content=\"12 minutos\" \/>\n<script type=\"application\/ld+json\" class=\"yoast-schema-graph\">{\"@context\":\"https:\/\/schema.org\",\"@graph\":[{\"@type\":\"Article\",\"@id\":\"https:\/\/radioinfinitagoya.com.ar\/v1\/2025\/12\/09\/argentina-2026-todo-marcha-acorde-al-plan-dos-lecturas-del-rumbo-de-la-era-milei\/#article\",\"isPartOf\":{\"@id\":\"https:\/\/radioinfinitagoya.com.ar\/v1\/2025\/12\/09\/argentina-2026-todo-marcha-acorde-al-plan-dos-lecturas-del-rumbo-de-la-era-milei\/\"},\"author\":{\"name\":\"Jorge Mi\u00f1o\",\"@id\":\"https:\/\/radioinfinitagoya.com.ar\/v1\/#\/schema\/person\/d4cf9c413d4f6edb24aabdccab49ca4a\"},\"headline\":\"Argentina 2026, \u00bftodo marcha acorde al plan?: dos lecturas del rumbo de la era Milei\",\"datePublished\":\"2025-12-09T19:48:54+00:00\",\"mainEntityOfPage\":{\"@id\":\"https:\/\/radioinfinitagoya.com.ar\/v1\/2025\/12\/09\/argentina-2026-todo-marcha-acorde-al-plan-dos-lecturas-del-rumbo-de-la-era-milei\/\"},\"wordCount\":2416,\"publisher\":{\"@id\":\"https:\/\/radioinfinitagoya.com.ar\/v1\/#organization\"},\"image\":{\"@id\":\"https:\/\/radioinfinitagoya.com.ar\/v1\/2025\/12\/09\/argentina-2026-todo-marcha-acorde-al-plan-dos-lecturas-del-rumbo-de-la-era-milei\/#primaryimage\"},\"thumbnailUrl\":\"https:\/\/radioinfinitagoya.com.ar\/v1\/wp-content\/uploads\/2025\/12\/tablero_anuario_figuras.webp\",\"articleSection\":[\"PRINCIPAL\"],\"inLanguage\":\"es-AR\"},{\"@type\":\"WebPage\",\"@id\":\"https:\/\/radioinfinitagoya.com.ar\/v1\/2025\/12\/09\/argentina-2026-todo-marcha-acorde-al-plan-dos-lecturas-del-rumbo-de-la-era-milei\/\",\"url\":\"https:\/\/radioinfinitagoya.com.ar\/v1\/2025\/12\/09\/argentina-2026-todo-marcha-acorde-al-plan-dos-lecturas-del-rumbo-de-la-era-milei\/\",\"name\":\"Argentina 2026, \u00bftodo marcha acorde al plan?: dos lecturas del rumbo de la era Milei - Radio Infinita Goya\",\"isPartOf\":{\"@id\":\"https:\/\/radioinfinitagoya.com.ar\/v1\/#website\"},\"primaryImageOfPage\":{\"@id\":\"https:\/\/radioinfinitagoya.com.ar\/v1\/2025\/12\/09\/argentina-2026-todo-marcha-acorde-al-plan-dos-lecturas-del-rumbo-de-la-era-milei\/#primaryimage\"},\"image\":{\"@id\":\"https:\/\/radioinfinitagoya.com.ar\/v1\/2025\/12\/09\/argentina-2026-todo-marcha-acorde-al-plan-dos-lecturas-del-rumbo-de-la-era-milei\/#primaryimage\"},\"thumbnailUrl\":\"https:\/\/radioinfinitagoya.com.ar\/v1\/wp-content\/uploads\/2025\/12\/tablero_anuario_figuras.webp\",\"datePublished\":\"2025-12-09T19:48:54+00:00\",\"description\":\"Cumplido el segundo a\u00f1o de mandato, el Ejecutivo enfrenta logros parciales y problemas persistentes en materia econ\u00f3mica, social e institucional. No\",\"breadcrumb\":{\"@id\":\"https:\/\/radioinfinitagoya.com.ar\/v1\/2025\/12\/09\/argentina-2026-todo-marcha-acorde-al-plan-dos-lecturas-del-rumbo-de-la-era-milei\/#breadcrumb\"},\"inLanguage\":\"es-AR\",\"potentialAction\":[{\"@type\":\"ReadAction\",\"target\":[\"https:\/\/radioinfinitagoya.com.ar\/v1\/2025\/12\/09\/argentina-2026-todo-marcha-acorde-al-plan-dos-lecturas-del-rumbo-de-la-era-milei\/\"]}]},{\"@type\":\"ImageObject\",\"inLanguage\":\"es-AR\",\"@id\":\"https:\/\/radioinfinitagoya.com.ar\/v1\/2025\/12\/09\/argentina-2026-todo-marcha-acorde-al-plan-dos-lecturas-del-rumbo-de-la-era-milei\/#primaryimage\",\"url\":\"https:\/\/radioinfinitagoya.com.ar\/v1\/wp-content\/uploads\/2025\/12\/tablero_anuario_figuras.webp\",\"contentUrl\":\"https:\/\/radioinfinitagoya.com.ar\/v1\/wp-content\/uploads\/2025\/12\/tablero_anuario_figuras.webp\",\"width\":655,\"height\":368},{\"@type\":\"BreadcrumbList\",\"@id\":\"https:\/\/radioinfinitagoya.com.ar\/v1\/2025\/12\/09\/argentina-2026-todo-marcha-acorde-al-plan-dos-lecturas-del-rumbo-de-la-era-milei\/#breadcrumb\",\"itemListElement\":[{\"@type\":\"ListItem\",\"position\":1,\"name\":\"Inicio\",\"item\":\"https:\/\/radioinfinitagoya.com.ar\/v1\/\"},{\"@type\":\"ListItem\",\"position\":2,\"name\":\"Argentina 2026, \u00bftodo marcha acorde al plan?: dos lecturas del rumbo de la era Milei\"}]},{\"@type\":\"WebSite\",\"@id\":\"https:\/\/radioinfinitagoya.com.ar\/v1\/#website\",\"url\":\"https:\/\/radioinfinitagoya.com.ar\/v1\/\",\"name\":\"radioinfinitagoya.com.ar\",\"description\":\"Radio de noticias\",\"publisher\":{\"@id\":\"https:\/\/radioinfinitagoya.com.ar\/v1\/#organization\"},\"potentialAction\":[{\"@type\":\"SearchAction\",\"target\":{\"@type\":\"EntryPoint\",\"urlTemplate\":\"https:\/\/radioinfinitagoya.com.ar\/v1\/?s={search_term_string}\"},\"query-input\":{\"@type\":\"PropertyValueSpecification\",\"valueRequired\":true,\"valueName\":\"search_term_string\"}}],\"inLanguage\":\"es-AR\"},{\"@type\":\"Organization\",\"@id\":\"https:\/\/radioinfinitagoya.com.ar\/v1\/#organization\",\"name\":\"Radio Infinita Goya\",\"url\":\"https:\/\/radioinfinitagoya.com.ar\/v1\/\",\"logo\":{\"@type\":\"ImageObject\",\"inLanguage\":\"es-AR\",\"@id\":\"https:\/\/radioinfinitagoya.com.ar\/v1\/#\/schema\/logo\/image\/\",\"url\":\"https:\/\/radioinfinitagoya.com.ar\/v1\/wp-content\/uploads\/2019\/11\/logo-pie-web.png\",\"contentUrl\":\"https:\/\/radioinfinitagoya.com.ar\/v1\/wp-content\/uploads\/2019\/11\/logo-pie-web.png\",\"width\":635,\"height\":326,\"caption\":\"Radio Infinita Goya\"},\"image\":{\"@id\":\"https:\/\/radioinfinitagoya.com.ar\/v1\/#\/schema\/logo\/image\/\"},\"sameAs\":[\"https:\/\/www.facebook.com\/p\/Infinita-Goya-100063870918311\/\"]},{\"@type\":\"Person\",\"@id\":\"https:\/\/radioinfinitagoya.com.ar\/v1\/#\/schema\/person\/d4cf9c413d4f6edb24aabdccab49ca4a\",\"name\":\"Jorge Mi\u00f1o\",\"image\":{\"@type\":\"ImageObject\",\"inLanguage\":\"es-AR\",\"@id\":\"https:\/\/secure.gravatar.com\/avatar\/910fcf6728fe95320e07a6643c1581fec1c7fc4bf8ae12e3d8f0d0373dc844be?s=96&d=mm&r=g\",\"url\":\"https:\/\/secure.gravatar.com\/avatar\/910fcf6728fe95320e07a6643c1581fec1c7fc4bf8ae12e3d8f0d0373dc844be?s=96&d=mm&r=g\",\"contentUrl\":\"https:\/\/secure.gravatar.com\/avatar\/910fcf6728fe95320e07a6643c1581fec1c7fc4bf8ae12e3d8f0d0373dc844be?s=96&d=mm&r=g\",\"caption\":\"Jorge Mi\u00f1o\"},\"sameAs\":[\"http:\/\/radioinfinitagoya.com.ar\"]}]}<\/script>\n<!-- \/ Yoast SEO plugin. -->","yoast_head_json":{"title":"Argentina 2026, \u00bftodo marcha acorde al plan?: dos lecturas del rumbo de la era Milei - Radio Infinita Goya","description":"Cumplido el segundo a\u00f1o de mandato, el Ejecutivo enfrenta logros parciales y problemas persistentes en materia econ\u00f3mica, social e institucional. No","robots":{"index":"index","follow":"follow","max-snippet":"max-snippet:-1","max-image-preview":"max-image-preview:large","max-video-preview":"max-video-preview:-1"},"canonical":"https:\/\/radioinfinitagoya.com.ar\/v1\/2025\/12\/09\/argentina-2026-todo-marcha-acorde-al-plan-dos-lecturas-del-rumbo-de-la-era-milei\/","og_locale":"es_ES","og_type":"article","og_title":"Argentina 2026, \u00bftodo marcha acorde al plan?: dos lecturas del rumbo de la era Milei - Radio Infinita Goya","og_description":"Cumplido el segundo a\u00f1o de mandato, el Ejecutivo enfrenta logros parciales y problemas persistentes en materia econ\u00f3mica, social e institucional. No","og_url":"https:\/\/radioinfinitagoya.com.ar\/v1\/2025\/12\/09\/argentina-2026-todo-marcha-acorde-al-plan-dos-lecturas-del-rumbo-de-la-era-milei\/","og_site_name":"Radio Infinita Goya","article_publisher":"https:\/\/www.facebook.com\/p\/Infinita-Goya-100063870918311\/","article_published_time":"2025-12-09T19:48:54+00:00","og_image":[{"width":655,"height":368,"url":"https:\/\/radioinfinitagoya.com.ar\/v1\/wp-content\/uploads\/2025\/12\/tablero_anuario_figuras.webp","type":"image\/webp"}],"author":"Jorge Mi\u00f1o","twitter_card":"summary_large_image","twitter_misc":{"Escrito por":"Jorge Mi\u00f1o","Tiempo de lectura":"12 minutos"},"schema":{"@context":"https:\/\/schema.org","@graph":[{"@type":"Article","@id":"https:\/\/radioinfinitagoya.com.ar\/v1\/2025\/12\/09\/argentina-2026-todo-marcha-acorde-al-plan-dos-lecturas-del-rumbo-de-la-era-milei\/#article","isPartOf":{"@id":"https:\/\/radioinfinitagoya.com.ar\/v1\/2025\/12\/09\/argentina-2026-todo-marcha-acorde-al-plan-dos-lecturas-del-rumbo-de-la-era-milei\/"},"author":{"name":"Jorge Mi\u00f1o","@id":"https:\/\/radioinfinitagoya.com.ar\/v1\/#\/schema\/person\/d4cf9c413d4f6edb24aabdccab49ca4a"},"headline":"Argentina 2026, \u00bftodo marcha acorde al plan?: dos lecturas del rumbo de la era Milei","datePublished":"2025-12-09T19:48:54+00:00","mainEntityOfPage":{"@id":"https:\/\/radioinfinitagoya.com.ar\/v1\/2025\/12\/09\/argentina-2026-todo-marcha-acorde-al-plan-dos-lecturas-del-rumbo-de-la-era-milei\/"},"wordCount":2416,"publisher":{"@id":"https:\/\/radioinfinitagoya.com.ar\/v1\/#organization"},"image":{"@id":"https:\/\/radioinfinitagoya.com.ar\/v1\/2025\/12\/09\/argentina-2026-todo-marcha-acorde-al-plan-dos-lecturas-del-rumbo-de-la-era-milei\/#primaryimage"},"thumbnailUrl":"https:\/\/radioinfinitagoya.com.ar\/v1\/wp-content\/uploads\/2025\/12\/tablero_anuario_figuras.webp","articleSection":["PRINCIPAL"],"inLanguage":"es-AR"},{"@type":"WebPage","@id":"https:\/\/radioinfinitagoya.com.ar\/v1\/2025\/12\/09\/argentina-2026-todo-marcha-acorde-al-plan-dos-lecturas-del-rumbo-de-la-era-milei\/","url":"https:\/\/radioinfinitagoya.com.ar\/v1\/2025\/12\/09\/argentina-2026-todo-marcha-acorde-al-plan-dos-lecturas-del-rumbo-de-la-era-milei\/","name":"Argentina 2026, \u00bftodo marcha acorde al plan?: dos lecturas del rumbo de la era Milei - Radio Infinita Goya","isPartOf":{"@id":"https:\/\/radioinfinitagoya.com.ar\/v1\/#website"},"primaryImageOfPage":{"@id":"https:\/\/radioinfinitagoya.com.ar\/v1\/2025\/12\/09\/argentina-2026-todo-marcha-acorde-al-plan-dos-lecturas-del-rumbo-de-la-era-milei\/#primaryimage"},"image":{"@id":"https:\/\/radioinfinitagoya.com.ar\/v1\/2025\/12\/09\/argentina-2026-todo-marcha-acorde-al-plan-dos-lecturas-del-rumbo-de-la-era-milei\/#primaryimage"},"thumbnailUrl":"https:\/\/radioinfinitagoya.com.ar\/v1\/wp-content\/uploads\/2025\/12\/tablero_anuario_figuras.webp","datePublished":"2025-12-09T19:48:54+00:00","description":"Cumplido el segundo a\u00f1o de mandato, el Ejecutivo enfrenta logros parciales y problemas persistentes en materia econ\u00f3mica, social e institucional. No","breadcrumb":{"@id":"https:\/\/radioinfinitagoya.com.ar\/v1\/2025\/12\/09\/argentina-2026-todo-marcha-acorde-al-plan-dos-lecturas-del-rumbo-de-la-era-milei\/#breadcrumb"},"inLanguage":"es-AR","potentialAction":[{"@type":"ReadAction","target":["https:\/\/radioinfinitagoya.com.ar\/v1\/2025\/12\/09\/argentina-2026-todo-marcha-acorde-al-plan-dos-lecturas-del-rumbo-de-la-era-milei\/"]}]},{"@type":"ImageObject","inLanguage":"es-AR","@id":"https:\/\/radioinfinitagoya.com.ar\/v1\/2025\/12\/09\/argentina-2026-todo-marcha-acorde-al-plan-dos-lecturas-del-rumbo-de-la-era-milei\/#primaryimage","url":"https:\/\/radioinfinitagoya.com.ar\/v1\/wp-content\/uploads\/2025\/12\/tablero_anuario_figuras.webp","contentUrl":"https:\/\/radioinfinitagoya.com.ar\/v1\/wp-content\/uploads\/2025\/12\/tablero_anuario_figuras.webp","width":655,"height":368},{"@type":"BreadcrumbList","@id":"https:\/\/radioinfinitagoya.com.ar\/v1\/2025\/12\/09\/argentina-2026-todo-marcha-acorde-al-plan-dos-lecturas-del-rumbo-de-la-era-milei\/#breadcrumb","itemListElement":[{"@type":"ListItem","position":1,"name":"Inicio","item":"https:\/\/radioinfinitagoya.com.ar\/v1\/"},{"@type":"ListItem","position":2,"name":"Argentina 2026, \u00bftodo marcha acorde al plan?: dos lecturas del rumbo de la era Milei"}]},{"@type":"WebSite","@id":"https:\/\/radioinfinitagoya.com.ar\/v1\/#website","url":"https:\/\/radioinfinitagoya.com.ar\/v1\/","name":"radioinfinitagoya.com.ar","description":"Radio de noticias","publisher":{"@id":"https:\/\/radioinfinitagoya.com.ar\/v1\/#organization"},"potentialAction":[{"@type":"SearchAction","target":{"@type":"EntryPoint","urlTemplate":"https:\/\/radioinfinitagoya.com.ar\/v1\/?s={search_term_string}"},"query-input":{"@type":"PropertyValueSpecification","valueRequired":true,"valueName":"search_term_string"}}],"inLanguage":"es-AR"},{"@type":"Organization","@id":"https:\/\/radioinfinitagoya.com.ar\/v1\/#organization","name":"Radio Infinita Goya","url":"https:\/\/radioinfinitagoya.com.ar\/v1\/","logo":{"@type":"ImageObject","inLanguage":"es-AR","@id":"https:\/\/radioinfinitagoya.com.ar\/v1\/#\/schema\/logo\/image\/","url":"https:\/\/radioinfinitagoya.com.ar\/v1\/wp-content\/uploads\/2019\/11\/logo-pie-web.png","contentUrl":"https:\/\/radioinfinitagoya.com.ar\/v1\/wp-content\/uploads\/2019\/11\/logo-pie-web.png","width":635,"height":326,"caption":"Radio Infinita Goya"},"image":{"@id":"https:\/\/radioinfinitagoya.com.ar\/v1\/#\/schema\/logo\/image\/"},"sameAs":["https:\/\/www.facebook.com\/p\/Infinita-Goya-100063870918311\/"]},{"@type":"Person","@id":"https:\/\/radioinfinitagoya.com.ar\/v1\/#\/schema\/person\/d4cf9c413d4f6edb24aabdccab49ca4a","name":"Jorge Mi\u00f1o","image":{"@type":"ImageObject","inLanguage":"es-AR","@id":"https:\/\/secure.gravatar.com\/avatar\/910fcf6728fe95320e07a6643c1581fec1c7fc4bf8ae12e3d8f0d0373dc844be?s=96&d=mm&r=g","url":"https:\/\/secure.gravatar.com\/avatar\/910fcf6728fe95320e07a6643c1581fec1c7fc4bf8ae12e3d8f0d0373dc844be?s=96&d=mm&r=g","contentUrl":"https:\/\/secure.gravatar.com\/avatar\/910fcf6728fe95320e07a6643c1581fec1c7fc4bf8ae12e3d8f0d0373dc844be?s=96&d=mm&r=g","caption":"Jorge Mi\u00f1o"},"sameAs":["http:\/\/radioinfinitagoya.com.ar"]}]}},"_links":{"self":[{"href":"https:\/\/radioinfinitagoya.com.ar\/v1\/wp-json\/wp\/v2\/posts\/200869","targetHints":{"allow":["GET"]}}],"collection":[{"href":"https:\/\/radioinfinitagoya.com.ar\/v1\/wp-json\/wp\/v2\/posts"}],"about":[{"href":"https:\/\/radioinfinitagoya.com.ar\/v1\/wp-json\/wp\/v2\/types\/post"}],"author":[{"embeddable":true,"href":"https:\/\/radioinfinitagoya.com.ar\/v1\/wp-json\/wp\/v2\/users\/4"}],"replies":[{"embeddable":true,"href":"https:\/\/radioinfinitagoya.com.ar\/v1\/wp-json\/wp\/v2\/comments?post=200869"}],"version-history":[{"count":0,"href":"https:\/\/radioinfinitagoya.com.ar\/v1\/wp-json\/wp\/v2\/posts\/200869\/revisions"}],"wp:featuredmedia":[{"embeddable":true,"href":"https:\/\/radioinfinitagoya.com.ar\/v1\/wp-json\/wp\/v2\/media\/200870"}],"wp:attachment":[{"href":"https:\/\/radioinfinitagoya.com.ar\/v1\/wp-json\/wp\/v2\/media?parent=200869"}],"wp:term":[{"taxonomy":"category","embeddable":true,"href":"https:\/\/radioinfinitagoya.com.ar\/v1\/wp-json\/wp\/v2\/categories?post=200869"},{"taxonomy":"post_tag","embeddable":true,"href":"https:\/\/radioinfinitagoya.com.ar\/v1\/wp-json\/wp\/v2\/tags?post=200869"}],"curies":[{"name":"wp","href":"https:\/\/api.w.org\/{rel}","templated":true}]}}