{"id":200932,"date":"2025-12-10T15:48:40","date_gmt":"2025-12-10T18:48:40","guid":{"rendered":"https:\/\/radioinfinitagoya.com.ar\/v1\/?p=200932"},"modified":"2025-12-10T15:53:48","modified_gmt":"2025-12-10T18:53:48","slug":"asumio-claudio-polich-como-intendente-de-corrientes-y-juraron-los-secretarios","status":"publish","type":"post","link":"https:\/\/radioinfinitagoya.com.ar\/v1\/2025\/12\/10\/asumio-claudio-polich-como-intendente-de-corrientes-y-juraron-los-secretarios\/","title":{"rendered":"Asumi\u00f3 Claudio Polich como intendente de Corrientes"},"content":{"rendered":"<p>Y juraron los secretarios. El hasta ahora ministro de Obras y Servicios P\u00fablicos reemplaz\u00f3 a Eduardo Tassano. En las \u00faltimas horas anunci\u00f3 sus primeras medidas. Todos los nombres de su gabinete.<\/p>\n<p>Claudio Polich, asumi\u00f3 como intendente de la ciudad de Corrientes, reemplazando a Eduardo Tassano, quien se desempe\u00f1\u00f3 en el cargo en los \u00faltimos ocho a\u00f1os.<\/p>\n<p>La viceintendencia qued\u00f3 a cargo del reconocido chamamecero y ex diputado provincial, Ariel B\u00e1ez, ocupando el lugar de Emilio Lanari, que ayer jur\u00f3 como concejal.<\/p>\n<p>10.53 Primer discurso de Polich: &#8220;Reivindico la pol\u00edtica como una herramienta para la b\u00fasqueda de consensos&#8221;<\/p>\n<p>El nuevo intendente aprovech\u00f3 la ocasi\u00f3n para agradecer y dijo que &#8220;con todos hemos logrado construir esto que hoy tenemos, una ciudad y una provincia m\u00e1s linda&#8221;.<\/p>\n<p>&#8220;Reivindico la pol\u00edtica como una herramienta para la b\u00fasqueda de consensos y de soluciones a problemas que son comunes&#8221;, dijo Polich ante el p\u00fablico.<\/p>\n<p>El mandatario dijo que &#8220;una ciudad no es un escudo, ni una denominaci\u00f3n, ni sus l\u00edmites geogr\u00e1ficos, son sus ciudadanos&#8221;, y agreg\u00f3 que &#8220;todos componemos la ciudad y de eso se trata la administraci\u00f3n, de construir una ciudad cada vez m\u00e1s tolerante, m\u00e1s inclusiva&#8221;.<\/p>\n<p>Posteriormente, en declaraciones a la prensa, el nuevo intendente explic\u00f3 que \u201cuna ciudad son sus ciudadanos. Corrientes somos todos. Tenemos que trabajar juntos por la ciudad que queremos\u201d.<\/p>\n<p>Respecto al gabinete, mencion\u00f3 que espera que todos los funcionarios se acoplen a la idea de seguir avanzando en Corrientes. \u201cNo vamos a aflojar con los objetivos que tenemos\u201d.<\/p>\n<p>10. 42 Juraron los nuevos secretarios<\/p>\n<p>Mar\u00eda Florencia Ojeda (Secretaria General), Jorge Carlos Suaid (Hacienda), Juan Sebasti\u00e1n G\u00f3mez de la Fuente (Obras P\u00fablicas), H\u00e9ctor Torres (Pol\u00edtica Institucional), Ignacio Maldonado Yonna (Servicios P\u00fablicos), Lucas Carballo (Desarrollo Humano), Keren Anderson (Cultura y Educaci\u00f3n), Yamand\u00fa Barrios (Movilidad y Seguridad Ciudadana), Jos\u00e9 Sand (Turismo y Deportes), Rafael Edwin Corona (Salud), Francisco Jaime (asesor servicio Jur\u00eddico Permanente)<\/p>\n<p>10.38 Jur\u00f3 Ariel B\u00e1ez como viceintendente<\/p>\n<p>Reemplaza a Emilio Lanari.<\/p>\n<p>10.36 Claudio Polich jur\u00f3 como nuevo intendente de Corrientes<\/p>\n<p>Comienza oficialmente su gesti\u00f3n, sucediendo a Eduardo Tassano.<\/p>\n<p>10.20 El ex intendente Carlos Mauricio Esp\u00ednola lleg\u00f3 para acompa\u00f1ar el traspaso de mando<\/p>\n<p>Sobre la nueva gesti\u00f3n, Esp\u00ednola dijo: \u201cEs un desaf\u00edo para Polich, porque las nuevas gestiones tienen que tener su impronta. Espero que con su experiencia pueda seguir desarrollando la ciudad&#8221;.<\/p>\n<p>Adem\u00e1s, enfatiz\u00f3 que desde su lugar \u00e9l quiere &#8220;lo mejor para Corrientes\u201d.<\/p>\n<p>10.15 El concejal Gabriel Romero est\u00e1 listo para &#8220;un a\u00f1o que va a ser intenso&#8221;<\/p>\n<p>El concejal Gabriel Romero, representante de Libres del Sur, coment\u00f3 sobre la asunci\u00f3n de Polich y coment\u00f3 que est\u00e1n prepar\u00e1ndose &#8220;para un a\u00f1o que va a ser intenso en cuanto a trabajo en la comuna de Corrientes&#8221;.<\/p>\n<p>&#8220;Estamos dispuestos a cualquier convocatoria extraordinaria&#8221;, dijo Romero y continu\u00f3 enumerando una agenda que tiene pensado impulsar como &#8220;la licitaci\u00f3n del transporte p\u00fablico de pasajeros, hay mucho para mejorar en el servicio de recolecci\u00f3n de residuos, en la atenci\u00f3n primaria de la salud y trabajar fuerte por reivindicar a los trabajadores municipales&#8221;.<\/p>\n<p>10.10 Los nombres de su gabinete<\/p>\n<p>Finalmente se develaron los nombres de su gabinete que estar\u00e1 integrado por ex concejales como Yamand\u00fa Barrios y Florencia Ojeda. Adem\u00e1s, de la actual gesti\u00f3n contin\u00faan Jos\u00e9 Sand, Ignacio Maldonado Yonna y Rafael Corona.<\/p>\n<p>Secretar\u00eda General: Mar\u00eda Florencia Ojeda<br \/>\nSecretar\u00eda de Hacienda: Jorge Carlos Suaid<br \/>\nSecretar\u00eda de Obras P\u00fablicas: Juan Sebasti\u00e1n G\u00f3mez de la Fuente<br \/>\nSecretar\u00eda de Pol\u00edtica Institucional: H\u00e9ctor Torres<br \/>\nSecretar\u00eda de Servicios P\u00fablicos: Ignacio Maldonado Yonna<br \/>\nSecretar\u00eda de Desarrollo Humano: Lucas Carballo<br \/>\nSecretar\u00eda de Cultura y Educaci\u00f3n: Keren Anderson<br \/>\nSecretar\u00eda de Movilidad y Seguridad Ciudadana: Yamand\u00fa Barrios<br \/>\nSecretar\u00eda de Turismo y Deportes: Jos\u00e9 Sand<br \/>\nSecretar\u00eda de Salud: Rafael Edwin Corona<br \/>\nServicio Jur\u00eddico Permanente: Francisco Jaime<\/p>\n<p>10.00 Eduardo Tassano destac\u00f3 que dej\u00f3 &#8220;un municipio ordenado&#8221;<\/p>\n<p>El intendente saliente lleg\u00f3 a la asunci\u00f3n de Polich y dijo ante los medios que &#8220;han sido ocho a\u00f1os intensos de mucho trabajo&#8221;, y agreg\u00f3 que &#8220;tenemos la posibilidad de continuar con pol\u00edticas de Estado, con los logros, con un municipio ordenado, sin deudas&#8221;.<\/p>\n<p>Sobre su primer ejercicio como presidente de la C\u00e1mara de Diputados destac\u00f3 el recambio de autoridades que califico de &#8220;muy importante&#8221; y agreg\u00f3 que &#8220;a partir de hoy a seguir trabajando&#8221;.<\/p>\n<p>9.40 Ariel B\u00e1ez: &#8220;La impronta de Polich estar\u00e1 ligada a la obra p\u00fablica&#8221;<\/p>\n<p>El viceintendente electo asegur\u00f3 que la impronta de la nueva gesti\u00f3n estar\u00e1 ligada a la obra p\u00fablica. Adem\u00e1s, asegur\u00f3 que &#8220;seguramente&#8221; \u00e9l se har\u00e1 cargo de la \u00e1rea de cultura, aunque aclar\u00f3 que es necesario esperar la jura de los secretarios.<\/p>\n<p>En declaraciones a radio Dos, se\u00f1al\u00f3 que &#8220;es necesario&#8221; optimizar los recursos de la Municipalidad.<\/p>\n<p>En cuanto a las pol\u00edticas culturales, B\u00e1ez se\u00f1al\u00f3 que para los festejos de San Baltasar &#8220;tendremos desde conversatorios hasta el d\u00eda festivo&#8221;.<\/p>\n<p>Primeras medidas y expectativa por su gabinete<\/p>\n<p>El intendente electo de la ciudad de Corrientes, Claudio Polich, confirm\u00f3 a El Litoral que una de sus primeras decisiones de gesti\u00f3n ser\u00e1 reducir la cantidad de secretar\u00edas que componen el Gabinete municipal.<\/p>\n<p>El actual ministro de Obras P\u00fablicas de la provincia, quien asumir\u00e1 formalmente este mi\u00e9rcoles, inform\u00f3 que la estructura se reducir\u00e1 de 11 a 9 secretar\u00edas. Polich evit\u00f3 adelantar cu\u00e1les ser\u00e1n las dos \u00e1reas que se ver\u00e1n afectadas por el recorte, postergando el anuncio oficial para el acto de su asunci\u00f3n.<\/p>\n<p>Entre tanto, se desconocen qui\u00e9nes ser\u00e1n los nombres que lo acompa\u00f1ar\u00e1n en sus pr\u00f3ximos cuatro a\u00f1os, aunque se especula que las segundas l\u00edneas continuar\u00e1n hasta marzo, en un proceso de &#8220;transici\u00f3n&#8221;.<\/p>\n<p>Por otra parte, Polich brind\u00f3 tranquilidad a los vecinos respecto a las herramientas de beneficio fiscal. El intendente electo precis\u00f3 que su administraci\u00f3n mantendr\u00e1 los beneficios de buen contribuyente.<\/p>\n<p><img loading=\"lazy\" decoding=\"async\" class=\"alignnone size-full wp-image-200937\" src=\"https:\/\/radioinfinitagoya.com.ar\/v1\/wp-content\/uploads\/2025\/12\/G70LGAqWEAAS5nA.jpg\" alt=\"\" width=\"2023\" height=\"2332\" srcset=\"https:\/\/radioinfinitagoya.com.ar\/v1\/wp-content\/uploads\/2025\/12\/G70LGAqWEAAS5nA.jpg 2023w, https:\/\/radioinfinitagoya.com.ar\/v1\/wp-content\/uploads\/2025\/12\/G70LGAqWEAAS5nA-364x420.jpg 364w, https:\/\/radioinfinitagoya.com.ar\/v1\/wp-content\/uploads\/2025\/12\/G70LGAqWEAAS5nA-696x802.jpg 696w, https:\/\/radioinfinitagoya.com.ar\/v1\/wp-content\/uploads\/2025\/12\/G70LGAqWEAAS5nA-1068x1231.jpg 1068w\" sizes=\"auto, (max-width: 2023px) 100vw, 2023px\" \/><\/p>\n<p>&nbsp;<\/p>\n<p>&nbsp;<\/p>\n","protected":false},"excerpt":{"rendered":"<p>Y juraron los secretarios. El hasta ahora ministro de Obras y Servicios P\u00fablicos reemplaz\u00f3 a Eduardo Tassano. En las \u00faltimas horas anunci\u00f3 sus primeras medidas. Todos los nombres de su gabinete. Claudio Polich, asumi\u00f3 como intendente de la ciudad de Corrientes, reemplazando a Eduardo Tassano, quien se desempe\u00f1\u00f3 en el cargo en los \u00faltimos ocho [&hellip;]<\/p>\n","protected":false},"author":4,"featured_media":200933,"comment_status":"closed","ping_status":"closed","sticky":false,"template":"","format":"standard","meta":{"_joinchat":[],"footnotes":""},"categories":[26],"tags":[],"class_list":{"0":"post-200932","1":"post","2":"type-post","3":"status-publish","4":"format-standard","5":"has-post-thumbnail","7":"category-provinciales"},"yoast_head":"<!-- This site is optimized with the Yoast SEO plugin v27.2 - https:\/\/yoast.com\/product\/yoast-seo-wordpress\/ -->\n<title>Asumi\u00f3 Claudio Polich como intendente de Corrientes - Radio Infinita Goya<\/title>\n<meta name=\"description\" content=\"Y juraron los secretarios. El hasta ahora ministro de Obras y Servicios P\u00fablicos reemplaz\u00f3 a Eduardo Tassano. En las \u00faltimas horas anunci\u00f3 sus primeras\" \/>\n<meta name=\"robots\" content=\"index, follow, max-snippet:-1, max-image-preview:large, max-video-preview:-1\" \/>\n<link rel=\"canonical\" href=\"https:\/\/radioinfinitagoya.com.ar\/v1\/2025\/12\/10\/asumio-claudio-polich-como-intendente-de-corrientes-y-juraron-los-secretarios\/\" \/>\n<meta property=\"og:locale\" content=\"es_ES\" \/>\n<meta property=\"og:type\" content=\"article\" \/>\n<meta property=\"og:title\" content=\"Asumi\u00f3 Claudio Polich como intendente de Corrientes - Radio Infinita Goya\" \/>\n<meta property=\"og:description\" content=\"Y juraron los secretarios. El hasta ahora ministro de Obras y Servicios P\u00fablicos reemplaz\u00f3 a Eduardo Tassano. En las \u00faltimas horas anunci\u00f3 sus primeras\" \/>\n<meta property=\"og:url\" content=\"https:\/\/radioinfinitagoya.com.ar\/v1\/2025\/12\/10\/asumio-claudio-polich-como-intendente-de-corrientes-y-juraron-los-secretarios\/\" \/>\n<meta property=\"og:site_name\" content=\"Radio Infinita Goya\" \/>\n<meta property=\"article:publisher\" content=\"https:\/\/www.facebook.com\/p\/Infinita-Goya-100063870918311\/\" \/>\n<meta property=\"article:published_time\" content=\"2025-12-10T18:48:40+00:00\" \/>\n<meta property=\"article:modified_time\" content=\"2025-12-10T18:53:48+00:00\" \/>\n<meta property=\"og:image\" content=\"https:\/\/radioinfinitagoya.com.ar\/v1\/wp-content\/uploads\/2025\/12\/1765381240452.webp\" \/>\n\t<meta property=\"og:image:width\" content=\"1200\" \/>\n\t<meta property=\"og:image:height\" content=\"675\" \/>\n\t<meta property=\"og:image:type\" content=\"image\/webp\" \/>\n<meta name=\"author\" content=\"Jorge Mi\u00f1o\" \/>\n<meta name=\"twitter:card\" content=\"summary_large_image\" \/>\n<meta name=\"twitter:label1\" content=\"Escrito por\" \/>\n\t<meta name=\"twitter:data1\" content=\"Jorge Mi\u00f1o\" \/>\n\t<meta name=\"twitter:label2\" content=\"Tiempo de lectura\" \/>\n\t<meta name=\"twitter:data2\" content=\"5 minutos\" \/>\n<script type=\"application\/ld+json\" class=\"yoast-schema-graph\">{\"@context\":\"https:\/\/schema.org\",\"@graph\":[{\"@type\":\"Article\",\"@id\":\"https:\/\/radioinfinitagoya.com.ar\/v1\/2025\/12\/10\/asumio-claudio-polich-como-intendente-de-corrientes-y-juraron-los-secretarios\/#article\",\"isPartOf\":{\"@id\":\"https:\/\/radioinfinitagoya.com.ar\/v1\/2025\/12\/10\/asumio-claudio-polich-como-intendente-de-corrientes-y-juraron-los-secretarios\/\"},\"author\":{\"name\":\"Jorge Mi\u00f1o\",\"@id\":\"https:\/\/radioinfinitagoya.com.ar\/v1\/#\/schema\/person\/d4cf9c413d4f6edb24aabdccab49ca4a\"},\"headline\":\"Asumi\u00f3 Claudio Polich como intendente de Corrientes\",\"datePublished\":\"2025-12-10T18:48:40+00:00\",\"dateModified\":\"2025-12-10T18:53:48+00:00\",\"mainEntityOfPage\":{\"@id\":\"https:\/\/radioinfinitagoya.com.ar\/v1\/2025\/12\/10\/asumio-claudio-polich-como-intendente-de-corrientes-y-juraron-los-secretarios\/\"},\"wordCount\":1030,\"publisher\":{\"@id\":\"https:\/\/radioinfinitagoya.com.ar\/v1\/#organization\"},\"image\":{\"@id\":\"https:\/\/radioinfinitagoya.com.ar\/v1\/2025\/12\/10\/asumio-claudio-polich-como-intendente-de-corrientes-y-juraron-los-secretarios\/#primaryimage\"},\"thumbnailUrl\":\"https:\/\/radioinfinitagoya.com.ar\/v1\/wp-content\/uploads\/2025\/12\/1765381240452.webp\",\"articleSection\":[\"PROVINCIALES\"],\"inLanguage\":\"es-AR\"},{\"@type\":\"WebPage\",\"@id\":\"https:\/\/radioinfinitagoya.com.ar\/v1\/2025\/12\/10\/asumio-claudio-polich-como-intendente-de-corrientes-y-juraron-los-secretarios\/\",\"url\":\"https:\/\/radioinfinitagoya.com.ar\/v1\/2025\/12\/10\/asumio-claudio-polich-como-intendente-de-corrientes-y-juraron-los-secretarios\/\",\"name\":\"Asumi\u00f3 Claudio Polich como intendente de Corrientes - Radio Infinita Goya\",\"isPartOf\":{\"@id\":\"https:\/\/radioinfinitagoya.com.ar\/v1\/#website\"},\"primaryImageOfPage\":{\"@id\":\"https:\/\/radioinfinitagoya.com.ar\/v1\/2025\/12\/10\/asumio-claudio-polich-como-intendente-de-corrientes-y-juraron-los-secretarios\/#primaryimage\"},\"image\":{\"@id\":\"https:\/\/radioinfinitagoya.com.ar\/v1\/2025\/12\/10\/asumio-claudio-polich-como-intendente-de-corrientes-y-juraron-los-secretarios\/#primaryimage\"},\"thumbnailUrl\":\"https:\/\/radioinfinitagoya.com.ar\/v1\/wp-content\/uploads\/2025\/12\/1765381240452.webp\",\"datePublished\":\"2025-12-10T18:48:40+00:00\",\"dateModified\":\"2025-12-10T18:53:48+00:00\",\"description\":\"Y juraron los secretarios. El hasta ahora ministro de Obras y Servicios P\u00fablicos reemplaz\u00f3 a Eduardo Tassano. En las \u00faltimas horas anunci\u00f3 sus primeras\",\"breadcrumb\":{\"@id\":\"https:\/\/radioinfinitagoya.com.ar\/v1\/2025\/12\/10\/asumio-claudio-polich-como-intendente-de-corrientes-y-juraron-los-secretarios\/#breadcrumb\"},\"inLanguage\":\"es-AR\",\"potentialAction\":[{\"@type\":\"ReadAction\",\"target\":[\"https:\/\/radioinfinitagoya.com.ar\/v1\/2025\/12\/10\/asumio-claudio-polich-como-intendente-de-corrientes-y-juraron-los-secretarios\/\"]}]},{\"@type\":\"ImageObject\",\"inLanguage\":\"es-AR\",\"@id\":\"https:\/\/radioinfinitagoya.com.ar\/v1\/2025\/12\/10\/asumio-claudio-polich-como-intendente-de-corrientes-y-juraron-los-secretarios\/#primaryimage\",\"url\":\"https:\/\/radioinfinitagoya.com.ar\/v1\/wp-content\/uploads\/2025\/12\/1765381240452.webp\",\"contentUrl\":\"https:\/\/radioinfinitagoya.com.ar\/v1\/wp-content\/uploads\/2025\/12\/1765381240452.webp\",\"width\":1200,\"height\":675},{\"@type\":\"BreadcrumbList\",\"@id\":\"https:\/\/radioinfinitagoya.com.ar\/v1\/2025\/12\/10\/asumio-claudio-polich-como-intendente-de-corrientes-y-juraron-los-secretarios\/#breadcrumb\",\"itemListElement\":[{\"@type\":\"ListItem\",\"position\":1,\"name\":\"Inicio\",\"item\":\"https:\/\/radioinfinitagoya.com.ar\/v1\/\"},{\"@type\":\"ListItem\",\"position\":2,\"name\":\"Asumi\u00f3 Claudio Polich como intendente de Corrientes\"}]},{\"@type\":\"WebSite\",\"@id\":\"https:\/\/radioinfinitagoya.com.ar\/v1\/#website\",\"url\":\"https:\/\/radioinfinitagoya.com.ar\/v1\/\",\"name\":\"radioinfinitagoya.com.ar\",\"description\":\"Radio de noticias\",\"publisher\":{\"@id\":\"https:\/\/radioinfinitagoya.com.ar\/v1\/#organization\"},\"potentialAction\":[{\"@type\":\"SearchAction\",\"target\":{\"@type\":\"EntryPoint\",\"urlTemplate\":\"https:\/\/radioinfinitagoya.com.ar\/v1\/?s={search_term_string}\"},\"query-input\":{\"@type\":\"PropertyValueSpecification\",\"valueRequired\":true,\"valueName\":\"search_term_string\"}}],\"inLanguage\":\"es-AR\"},{\"@type\":\"Organization\",\"@id\":\"https:\/\/radioinfinitagoya.com.ar\/v1\/#organization\",\"name\":\"Radio Infinita Goya\",\"url\":\"https:\/\/radioinfinitagoya.com.ar\/v1\/\",\"logo\":{\"@type\":\"ImageObject\",\"inLanguage\":\"es-AR\",\"@id\":\"https:\/\/radioinfinitagoya.com.ar\/v1\/#\/schema\/logo\/image\/\",\"url\":\"https:\/\/radioinfinitagoya.com.ar\/v1\/wp-content\/uploads\/2019\/11\/logo-pie-web.png\",\"contentUrl\":\"https:\/\/radioinfinitagoya.com.ar\/v1\/wp-content\/uploads\/2019\/11\/logo-pie-web.png\",\"width\":635,\"height\":326,\"caption\":\"Radio Infinita Goya\"},\"image\":{\"@id\":\"https:\/\/radioinfinitagoya.com.ar\/v1\/#\/schema\/logo\/image\/\"},\"sameAs\":[\"https:\/\/www.facebook.com\/p\/Infinita-Goya-100063870918311\/\"]},{\"@type\":\"Person\",\"@id\":\"https:\/\/radioinfinitagoya.com.ar\/v1\/#\/schema\/person\/d4cf9c413d4f6edb24aabdccab49ca4a\",\"name\":\"Jorge Mi\u00f1o\",\"image\":{\"@type\":\"ImageObject\",\"inLanguage\":\"es-AR\",\"@id\":\"https:\/\/secure.gravatar.com\/avatar\/910fcf6728fe95320e07a6643c1581fec1c7fc4bf8ae12e3d8f0d0373dc844be?s=96&d=mm&r=g\",\"url\":\"https:\/\/secure.gravatar.com\/avatar\/910fcf6728fe95320e07a6643c1581fec1c7fc4bf8ae12e3d8f0d0373dc844be?s=96&d=mm&r=g\",\"contentUrl\":\"https:\/\/secure.gravatar.com\/avatar\/910fcf6728fe95320e07a6643c1581fec1c7fc4bf8ae12e3d8f0d0373dc844be?s=96&d=mm&r=g\",\"caption\":\"Jorge Mi\u00f1o\"},\"sameAs\":[\"http:\/\/radioinfinitagoya.com.ar\"]}]}<\/script>\n<!-- \/ Yoast SEO plugin. -->","yoast_head_json":{"title":"Asumi\u00f3 Claudio Polich como intendente de Corrientes - Radio Infinita Goya","description":"Y juraron los secretarios. El hasta ahora ministro de Obras y Servicios P\u00fablicos reemplaz\u00f3 a Eduardo Tassano. En las \u00faltimas horas anunci\u00f3 sus primeras","robots":{"index":"index","follow":"follow","max-snippet":"max-snippet:-1","max-image-preview":"max-image-preview:large","max-video-preview":"max-video-preview:-1"},"canonical":"https:\/\/radioinfinitagoya.com.ar\/v1\/2025\/12\/10\/asumio-claudio-polich-como-intendente-de-corrientes-y-juraron-los-secretarios\/","og_locale":"es_ES","og_type":"article","og_title":"Asumi\u00f3 Claudio Polich como intendente de Corrientes - Radio Infinita Goya","og_description":"Y juraron los secretarios. El hasta ahora ministro de Obras y Servicios P\u00fablicos reemplaz\u00f3 a Eduardo Tassano. En las \u00faltimas horas anunci\u00f3 sus primeras","og_url":"https:\/\/radioinfinitagoya.com.ar\/v1\/2025\/12\/10\/asumio-claudio-polich-como-intendente-de-corrientes-y-juraron-los-secretarios\/","og_site_name":"Radio Infinita Goya","article_publisher":"https:\/\/www.facebook.com\/p\/Infinita-Goya-100063870918311\/","article_published_time":"2025-12-10T18:48:40+00:00","article_modified_time":"2025-12-10T18:53:48+00:00","og_image":[{"width":1200,"height":675,"url":"https:\/\/radioinfinitagoya.com.ar\/v1\/wp-content\/uploads\/2025\/12\/1765381240452.webp","type":"image\/webp"}],"author":"Jorge Mi\u00f1o","twitter_card":"summary_large_image","twitter_misc":{"Escrito por":"Jorge Mi\u00f1o","Tiempo de lectura":"5 minutos"},"schema":{"@context":"https:\/\/schema.org","@graph":[{"@type":"Article","@id":"https:\/\/radioinfinitagoya.com.ar\/v1\/2025\/12\/10\/asumio-claudio-polich-como-intendente-de-corrientes-y-juraron-los-secretarios\/#article","isPartOf":{"@id":"https:\/\/radioinfinitagoya.com.ar\/v1\/2025\/12\/10\/asumio-claudio-polich-como-intendente-de-corrientes-y-juraron-los-secretarios\/"},"author":{"name":"Jorge Mi\u00f1o","@id":"https:\/\/radioinfinitagoya.com.ar\/v1\/#\/schema\/person\/d4cf9c413d4f6edb24aabdccab49ca4a"},"headline":"Asumi\u00f3 Claudio Polich como intendente de Corrientes","datePublished":"2025-12-10T18:48:40+00:00","dateModified":"2025-12-10T18:53:48+00:00","mainEntityOfPage":{"@id":"https:\/\/radioinfinitagoya.com.ar\/v1\/2025\/12\/10\/asumio-claudio-polich-como-intendente-de-corrientes-y-juraron-los-secretarios\/"},"wordCount":1030,"publisher":{"@id":"https:\/\/radioinfinitagoya.com.ar\/v1\/#organization"},"image":{"@id":"https:\/\/radioinfinitagoya.com.ar\/v1\/2025\/12\/10\/asumio-claudio-polich-como-intendente-de-corrientes-y-juraron-los-secretarios\/#primaryimage"},"thumbnailUrl":"https:\/\/radioinfinitagoya.com.ar\/v1\/wp-content\/uploads\/2025\/12\/1765381240452.webp","articleSection":["PROVINCIALES"],"inLanguage":"es-AR"},{"@type":"WebPage","@id":"https:\/\/radioinfinitagoya.com.ar\/v1\/2025\/12\/10\/asumio-claudio-polich-como-intendente-de-corrientes-y-juraron-los-secretarios\/","url":"https:\/\/radioinfinitagoya.com.ar\/v1\/2025\/12\/10\/asumio-claudio-polich-como-intendente-de-corrientes-y-juraron-los-secretarios\/","name":"Asumi\u00f3 Claudio Polich como intendente de Corrientes - Radio Infinita Goya","isPartOf":{"@id":"https:\/\/radioinfinitagoya.com.ar\/v1\/#website"},"primaryImageOfPage":{"@id":"https:\/\/radioinfinitagoya.com.ar\/v1\/2025\/12\/10\/asumio-claudio-polich-como-intendente-de-corrientes-y-juraron-los-secretarios\/#primaryimage"},"image":{"@id":"https:\/\/radioinfinitagoya.com.ar\/v1\/2025\/12\/10\/asumio-claudio-polich-como-intendente-de-corrientes-y-juraron-los-secretarios\/#primaryimage"},"thumbnailUrl":"https:\/\/radioinfinitagoya.com.ar\/v1\/wp-content\/uploads\/2025\/12\/1765381240452.webp","datePublished":"2025-12-10T18:48:40+00:00","dateModified":"2025-12-10T18:53:48+00:00","description":"Y juraron los secretarios. El hasta ahora ministro de Obras y Servicios P\u00fablicos reemplaz\u00f3 a Eduardo Tassano. En las \u00faltimas horas anunci\u00f3 sus primeras","breadcrumb":{"@id":"https:\/\/radioinfinitagoya.com.ar\/v1\/2025\/12\/10\/asumio-claudio-polich-como-intendente-de-corrientes-y-juraron-los-secretarios\/#breadcrumb"},"inLanguage":"es-AR","potentialAction":[{"@type":"ReadAction","target":["https:\/\/radioinfinitagoya.com.ar\/v1\/2025\/12\/10\/asumio-claudio-polich-como-intendente-de-corrientes-y-juraron-los-secretarios\/"]}]},{"@type":"ImageObject","inLanguage":"es-AR","@id":"https:\/\/radioinfinitagoya.com.ar\/v1\/2025\/12\/10\/asumio-claudio-polich-como-intendente-de-corrientes-y-juraron-los-secretarios\/#primaryimage","url":"https:\/\/radioinfinitagoya.com.ar\/v1\/wp-content\/uploads\/2025\/12\/1765381240452.webp","contentUrl":"https:\/\/radioinfinitagoya.com.ar\/v1\/wp-content\/uploads\/2025\/12\/1765381240452.webp","width":1200,"height":675},{"@type":"BreadcrumbList","@id":"https:\/\/radioinfinitagoya.com.ar\/v1\/2025\/12\/10\/asumio-claudio-polich-como-intendente-de-corrientes-y-juraron-los-secretarios\/#breadcrumb","itemListElement":[{"@type":"ListItem","position":1,"name":"Inicio","item":"https:\/\/radioinfinitagoya.com.ar\/v1\/"},{"@type":"ListItem","position":2,"name":"Asumi\u00f3 Claudio Polich como intendente de Corrientes"}]},{"@type":"WebSite","@id":"https:\/\/radioinfinitagoya.com.ar\/v1\/#website","url":"https:\/\/radioinfinitagoya.com.ar\/v1\/","name":"radioinfinitagoya.com.ar","description":"Radio de noticias","publisher":{"@id":"https:\/\/radioinfinitagoya.com.ar\/v1\/#organization"},"potentialAction":[{"@type":"SearchAction","target":{"@type":"EntryPoint","urlTemplate":"https:\/\/radioinfinitagoya.com.ar\/v1\/?s={search_term_string}"},"query-input":{"@type":"PropertyValueSpecification","valueRequired":true,"valueName":"search_term_string"}}],"inLanguage":"es-AR"},{"@type":"Organization","@id":"https:\/\/radioinfinitagoya.com.ar\/v1\/#organization","name":"Radio Infinita Goya","url":"https:\/\/radioinfinitagoya.com.ar\/v1\/","logo":{"@type":"ImageObject","inLanguage":"es-AR","@id":"https:\/\/radioinfinitagoya.com.ar\/v1\/#\/schema\/logo\/image\/","url":"https:\/\/radioinfinitagoya.com.ar\/v1\/wp-content\/uploads\/2019\/11\/logo-pie-web.png","contentUrl":"https:\/\/radioinfinitagoya.com.ar\/v1\/wp-content\/uploads\/2019\/11\/logo-pie-web.png","width":635,"height":326,"caption":"Radio Infinita Goya"},"image":{"@id":"https:\/\/radioinfinitagoya.com.ar\/v1\/#\/schema\/logo\/image\/"},"sameAs":["https:\/\/www.facebook.com\/p\/Infinita-Goya-100063870918311\/"]},{"@type":"Person","@id":"https:\/\/radioinfinitagoya.com.ar\/v1\/#\/schema\/person\/d4cf9c413d4f6edb24aabdccab49ca4a","name":"Jorge Mi\u00f1o","image":{"@type":"ImageObject","inLanguage":"es-AR","@id":"https:\/\/secure.gravatar.com\/avatar\/910fcf6728fe95320e07a6643c1581fec1c7fc4bf8ae12e3d8f0d0373dc844be?s=96&d=mm&r=g","url":"https:\/\/secure.gravatar.com\/avatar\/910fcf6728fe95320e07a6643c1581fec1c7fc4bf8ae12e3d8f0d0373dc844be?s=96&d=mm&r=g","contentUrl":"https:\/\/secure.gravatar.com\/avatar\/910fcf6728fe95320e07a6643c1581fec1c7fc4bf8ae12e3d8f0d0373dc844be?s=96&d=mm&r=g","caption":"Jorge Mi\u00f1o"},"sameAs":["http:\/\/radioinfinitagoya.com.ar"]}]}},"_links":{"self":[{"href":"https:\/\/radioinfinitagoya.com.ar\/v1\/wp-json\/wp\/v2\/posts\/200932","targetHints":{"allow":["GET"]}}],"collection":[{"href":"https:\/\/radioinfinitagoya.com.ar\/v1\/wp-json\/wp\/v2\/posts"}],"about":[{"href":"https:\/\/radioinfinitagoya.com.ar\/v1\/wp-json\/wp\/v2\/types\/post"}],"author":[{"embeddable":true,"href":"https:\/\/radioinfinitagoya.com.ar\/v1\/wp-json\/wp\/v2\/users\/4"}],"replies":[{"embeddable":true,"href":"https:\/\/radioinfinitagoya.com.ar\/v1\/wp-json\/wp\/v2\/comments?post=200932"}],"version-history":[{"count":0,"href":"https:\/\/radioinfinitagoya.com.ar\/v1\/wp-json\/wp\/v2\/posts\/200932\/revisions"}],"wp:featuredmedia":[{"embeddable":true,"href":"https:\/\/radioinfinitagoya.com.ar\/v1\/wp-json\/wp\/v2\/media\/200933"}],"wp:attachment":[{"href":"https:\/\/radioinfinitagoya.com.ar\/v1\/wp-json\/wp\/v2\/media?parent=200932"}],"wp:term":[{"taxonomy":"category","embeddable":true,"href":"https:\/\/radioinfinitagoya.com.ar\/v1\/wp-json\/wp\/v2\/categories?post=200932"},{"taxonomy":"post_tag","embeddable":true,"href":"https:\/\/radioinfinitagoya.com.ar\/v1\/wp-json\/wp\/v2\/tags?post=200932"}],"curies":[{"name":"wp","href":"https:\/\/api.w.org\/{rel}","templated":true}]}}