{"id":200939,"date":"2025-12-10T15:55:04","date_gmt":"2025-12-10T18:55:04","guid":{"rendered":"https:\/\/radioinfinitagoya.com.ar\/v1\/?p=200939"},"modified":"2025-12-10T15:55:04","modified_gmt":"2025-12-10T18:55:04","slug":"inauguracion-del-hotel-marriott-en-corrientes-valdes-marco-el-impulso-del-turismo","status":"publish","type":"post","link":"https:\/\/radioinfinitagoya.com.ar\/v1\/2025\/12\/10\/inauguracion-del-hotel-marriott-en-corrientes-valdes-marco-el-impulso-del-turismo\/","title":{"rendered":"Inauguraci\u00f3n del hotel Marriott en Corrientes: Vald\u00e9s marc\u00f3 el impulso del turismo"},"content":{"rendered":"<p>El gobernador encabez\u00f3 la apertura del nuevo hotel cinco estrellas. El primero de la cadena internacional que se construye completamente en la Argentina.<\/p>\n<p>La inauguraci\u00f3n del hotel Marriott en Corrientes reuni\u00f3 este martes por la tarde a autoridades provinciales, municipales y empresarios en la Costanera Sur. El gobernador Gustavo Vald\u00e9s afirm\u00f3 que el turismo contin\u00faa consolid\u00e1ndose como motor de empleo y desarrollo en la provincia.<\/p>\n<p>Durante el acto, realizado en las escalinatas del nuevo edificio, Vald\u00e9s valor\u00f3 la confianza de las empresas en la ciudad y subray\u00f3 que \u201cCorrientes tiene un futuro s\u00f3lido\u201d como destino internacional de naturaleza. Se\u00f1al\u00f3 que este tipo de inversiones privadas generan puestos de trabajo y forman parte de una estrategia m\u00e1s amplia de crecimiento.<\/p>\n<p>En la ocasi\u00f3n tambi\u00e9n qued\u00f3 habilitado el Distrito Boulevard, un espacio que re\u00fane locales gastron\u00f3micos, culturales y comerciales.<\/p>\n<p>El mandatario remarc\u00f3 que el desarrollo provincial depende del impulso local y destac\u00f3 el rol empresarial. \u201cSi nosotros no desarrollamos nuestra ciudad y nuestra provincia, nadie lo va a hacer por nosotros\u201d, dijo, al agradecer a la firma Ginsa S.A., responsable del proyecto.<\/p>\n<p>Vald\u00e9s volvi\u00f3 a posicionar al Iber\u00e1 como uno de los ejes del turismo correntino y mencion\u00f3 la presencia del embajador de India para se\u00f1alar que el destino ya se promociona internacionalmente. Adem\u00e1s, mencion\u00f3 que la provincia cuenta con 15 mil plazas hoteleras y que la actividad tur\u00edstica \u201ces una industria que genera muchos puestos de trabajo\u201d.<\/p>\n<p>Tambi\u00e9n hizo referencia al rol del r\u00edo Paran\u00e1 como recurso econ\u00f3mico y ambiental, y sostuvo que la llegada de la cadena internacional Marriott ratifica la estabilidad provincial. \u201cSi no tuvi\u00e9ramos una provincia consolidada y con visi\u00f3n de futuro, esto no hubiese sido posible\u201d, afirm\u00f3.<\/p>\n<p>Acto de inauguraci\u00f3n<br \/>\nEl acto incluy\u00f3 la presentaci\u00f3n de la modelo y conductora Ana Carolina \u201cPampita\u201d Ardohain, la bendici\u00f3n del padre Ra\u00fal Alcorta, discursos oficiales y el tradicional corte de cintas. Luego se realiz\u00f3 un espect\u00e1culo art\u00edstico en el primer piso del hotel.<\/p>\n<p>El intendente Eduardo Tassano destac\u00f3 que la obra acompa\u00f1a el perfil tur\u00edstico que la ciudad busca consolidar. \u201cHoy logramos posicionarnos como una ciudad tur\u00edstica del norte argentino\u201d, se\u00f1al\u00f3, al mencionar el trabajo conjunto con el sector hotelero y gastron\u00f3mico y la promoci\u00f3n de peque\u00f1as y medianas empresas.<\/p>\n<p>El Marriott Corrientes es el primer hotel de la cadena completamente construido en Argentina. Cuenta con 104 habitaciones y se integra a un complejo que combina servicios hoteleros con locales comerciales.<\/p>\n","protected":false},"excerpt":{"rendered":"<p>El gobernador encabez\u00f3 la apertura del nuevo hotel cinco estrellas. El primero de la cadena internacional que se construye completamente en la Argentina. La inauguraci\u00f3n del hotel Marriott en Corrientes reuni\u00f3 este martes por la tarde a autoridades provinciales, municipales y empresarios en la Costanera Sur. El gobernador Gustavo Vald\u00e9s afirm\u00f3 que el turismo contin\u00faa [&hellip;]<\/p>\n","protected":false},"author":4,"featured_media":200940,"comment_status":"closed","ping_status":"closed","sticky":false,"template":"","format":"standard","meta":{"_joinchat":[],"footnotes":""},"categories":[26],"tags":[],"class_list":{"0":"post-200939","1":"post","2":"type-post","3":"status-publish","4":"format-standard","5":"has-post-thumbnail","7":"category-provinciales"},"yoast_head":"<!-- This site is optimized with the Yoast SEO plugin v27.2 - https:\/\/yoast.com\/product\/yoast-seo-wordpress\/ -->\n<title>Inauguraci\u00f3n del hotel Marriott en Corrientes: Vald\u00e9s marc\u00f3 el impulso del turismo - Radio Infinita Goya<\/title>\n<meta name=\"description\" content=\"El gobernador encabez\u00f3 la apertura del nuevo hotel cinco estrellas. El primero de la cadena internacional que se construye completamente en la Argentina.\" \/>\n<meta name=\"robots\" content=\"index, follow, max-snippet:-1, max-image-preview:large, max-video-preview:-1\" \/>\n<link rel=\"canonical\" href=\"https:\/\/radioinfinitagoya.com.ar\/v1\/2025\/12\/10\/inauguracion-del-hotel-marriott-en-corrientes-valdes-marco-el-impulso-del-turismo\/\" \/>\n<meta property=\"og:locale\" content=\"es_ES\" \/>\n<meta property=\"og:type\" content=\"article\" \/>\n<meta property=\"og:title\" content=\"Inauguraci\u00f3n del hotel Marriott en Corrientes: Vald\u00e9s marc\u00f3 el impulso del turismo - Radio Infinita Goya\" \/>\n<meta property=\"og:description\" content=\"El gobernador encabez\u00f3 la apertura del nuevo hotel cinco estrellas. El primero de la cadena internacional que se construye completamente en la Argentina.\" \/>\n<meta property=\"og:url\" content=\"https:\/\/radioinfinitagoya.com.ar\/v1\/2025\/12\/10\/inauguracion-del-hotel-marriott-en-corrientes-valdes-marco-el-impulso-del-turismo\/\" \/>\n<meta property=\"og:site_name\" content=\"Radio Infinita Goya\" \/>\n<meta property=\"article:publisher\" content=\"https:\/\/www.facebook.com\/p\/Infinita-Goya-100063870918311\/\" \/>\n<meta property=\"article:published_time\" content=\"2025-12-10T18:55:04+00:00\" \/>\n<meta property=\"og:image\" content=\"https:\/\/radioinfinitagoya.com.ar\/v1\/wp-content\/uploads\/2025\/12\/1765362435561.webp\" \/>\n\t<meta property=\"og:image:width\" content=\"1200\" \/>\n\t<meta property=\"og:image:height\" content=\"675\" \/>\n\t<meta property=\"og:image:type\" content=\"image\/webp\" \/>\n<meta name=\"author\" content=\"Jorge Mi\u00f1o\" \/>\n<meta name=\"twitter:card\" content=\"summary_large_image\" \/>\n<meta name=\"twitter:label1\" content=\"Escrito por\" \/>\n\t<meta name=\"twitter:data1\" content=\"Jorge Mi\u00f1o\" \/>\n\t<meta name=\"twitter:label2\" content=\"Tiempo de lectura\" \/>\n\t<meta name=\"twitter:data2\" content=\"3 minutos\" \/>\n<script type=\"application\/ld+json\" class=\"yoast-schema-graph\">{\"@context\":\"https:\/\/schema.org\",\"@graph\":[{\"@type\":\"Article\",\"@id\":\"https:\/\/radioinfinitagoya.com.ar\/v1\/2025\/12\/10\/inauguracion-del-hotel-marriott-en-corrientes-valdes-marco-el-impulso-del-turismo\/#article\",\"isPartOf\":{\"@id\":\"https:\/\/radioinfinitagoya.com.ar\/v1\/2025\/12\/10\/inauguracion-del-hotel-marriott-en-corrientes-valdes-marco-el-impulso-del-turismo\/\"},\"author\":{\"name\":\"Jorge Mi\u00f1o\",\"@id\":\"https:\/\/radioinfinitagoya.com.ar\/v1\/#\/schema\/person\/d4cf9c413d4f6edb24aabdccab49ca4a\"},\"headline\":\"Inauguraci\u00f3n del hotel Marriott en Corrientes: Vald\u00e9s marc\u00f3 el impulso del turismo\",\"datePublished\":\"2025-12-10T18:55:04+00:00\",\"mainEntityOfPage\":{\"@id\":\"https:\/\/radioinfinitagoya.com.ar\/v1\/2025\/12\/10\/inauguracion-del-hotel-marriott-en-corrientes-valdes-marco-el-impulso-del-turismo\/\"},\"wordCount\":448,\"publisher\":{\"@id\":\"https:\/\/radioinfinitagoya.com.ar\/v1\/#organization\"},\"image\":{\"@id\":\"https:\/\/radioinfinitagoya.com.ar\/v1\/2025\/12\/10\/inauguracion-del-hotel-marriott-en-corrientes-valdes-marco-el-impulso-del-turismo\/#primaryimage\"},\"thumbnailUrl\":\"https:\/\/radioinfinitagoya.com.ar\/v1\/wp-content\/uploads\/2025\/12\/1765362435561.webp\",\"articleSection\":[\"PROVINCIALES\"],\"inLanguage\":\"es-AR\"},{\"@type\":\"WebPage\",\"@id\":\"https:\/\/radioinfinitagoya.com.ar\/v1\/2025\/12\/10\/inauguracion-del-hotel-marriott-en-corrientes-valdes-marco-el-impulso-del-turismo\/\",\"url\":\"https:\/\/radioinfinitagoya.com.ar\/v1\/2025\/12\/10\/inauguracion-del-hotel-marriott-en-corrientes-valdes-marco-el-impulso-del-turismo\/\",\"name\":\"Inauguraci\u00f3n del hotel Marriott en Corrientes: Vald\u00e9s marc\u00f3 el impulso del turismo - Radio Infinita Goya\",\"isPartOf\":{\"@id\":\"https:\/\/radioinfinitagoya.com.ar\/v1\/#website\"},\"primaryImageOfPage\":{\"@id\":\"https:\/\/radioinfinitagoya.com.ar\/v1\/2025\/12\/10\/inauguracion-del-hotel-marriott-en-corrientes-valdes-marco-el-impulso-del-turismo\/#primaryimage\"},\"image\":{\"@id\":\"https:\/\/radioinfinitagoya.com.ar\/v1\/2025\/12\/10\/inauguracion-del-hotel-marriott-en-corrientes-valdes-marco-el-impulso-del-turismo\/#primaryimage\"},\"thumbnailUrl\":\"https:\/\/radioinfinitagoya.com.ar\/v1\/wp-content\/uploads\/2025\/12\/1765362435561.webp\",\"datePublished\":\"2025-12-10T18:55:04+00:00\",\"description\":\"El gobernador encabez\u00f3 la apertura del nuevo hotel cinco estrellas. El primero de la cadena internacional que se construye completamente en la Argentina.\",\"breadcrumb\":{\"@id\":\"https:\/\/radioinfinitagoya.com.ar\/v1\/2025\/12\/10\/inauguracion-del-hotel-marriott-en-corrientes-valdes-marco-el-impulso-del-turismo\/#breadcrumb\"},\"inLanguage\":\"es-AR\",\"potentialAction\":[{\"@type\":\"ReadAction\",\"target\":[\"https:\/\/radioinfinitagoya.com.ar\/v1\/2025\/12\/10\/inauguracion-del-hotel-marriott-en-corrientes-valdes-marco-el-impulso-del-turismo\/\"]}]},{\"@type\":\"ImageObject\",\"inLanguage\":\"es-AR\",\"@id\":\"https:\/\/radioinfinitagoya.com.ar\/v1\/2025\/12\/10\/inauguracion-del-hotel-marriott-en-corrientes-valdes-marco-el-impulso-del-turismo\/#primaryimage\",\"url\":\"https:\/\/radioinfinitagoya.com.ar\/v1\/wp-content\/uploads\/2025\/12\/1765362435561.webp\",\"contentUrl\":\"https:\/\/radioinfinitagoya.com.ar\/v1\/wp-content\/uploads\/2025\/12\/1765362435561.webp\",\"width\":1200,\"height\":675},{\"@type\":\"BreadcrumbList\",\"@id\":\"https:\/\/radioinfinitagoya.com.ar\/v1\/2025\/12\/10\/inauguracion-del-hotel-marriott-en-corrientes-valdes-marco-el-impulso-del-turismo\/#breadcrumb\",\"itemListElement\":[{\"@type\":\"ListItem\",\"position\":1,\"name\":\"Inicio\",\"item\":\"https:\/\/radioinfinitagoya.com.ar\/v1\/\"},{\"@type\":\"ListItem\",\"position\":2,\"name\":\"Inauguraci\u00f3n del hotel Marriott en Corrientes: Vald\u00e9s marc\u00f3 el impulso del turismo\"}]},{\"@type\":\"WebSite\",\"@id\":\"https:\/\/radioinfinitagoya.com.ar\/v1\/#website\",\"url\":\"https:\/\/radioinfinitagoya.com.ar\/v1\/\",\"name\":\"radioinfinitagoya.com.ar\",\"description\":\"Radio de noticias\",\"publisher\":{\"@id\":\"https:\/\/radioinfinitagoya.com.ar\/v1\/#organization\"},\"potentialAction\":[{\"@type\":\"SearchAction\",\"target\":{\"@type\":\"EntryPoint\",\"urlTemplate\":\"https:\/\/radioinfinitagoya.com.ar\/v1\/?s={search_term_string}\"},\"query-input\":{\"@type\":\"PropertyValueSpecification\",\"valueRequired\":true,\"valueName\":\"search_term_string\"}}],\"inLanguage\":\"es-AR\"},{\"@type\":\"Organization\",\"@id\":\"https:\/\/radioinfinitagoya.com.ar\/v1\/#organization\",\"name\":\"Radio Infinita Goya\",\"url\":\"https:\/\/radioinfinitagoya.com.ar\/v1\/\",\"logo\":{\"@type\":\"ImageObject\",\"inLanguage\":\"es-AR\",\"@id\":\"https:\/\/radioinfinitagoya.com.ar\/v1\/#\/schema\/logo\/image\/\",\"url\":\"https:\/\/radioinfinitagoya.com.ar\/v1\/wp-content\/uploads\/2019\/11\/logo-pie-web.png\",\"contentUrl\":\"https:\/\/radioinfinitagoya.com.ar\/v1\/wp-content\/uploads\/2019\/11\/logo-pie-web.png\",\"width\":635,\"height\":326,\"caption\":\"Radio Infinita Goya\"},\"image\":{\"@id\":\"https:\/\/radioinfinitagoya.com.ar\/v1\/#\/schema\/logo\/image\/\"},\"sameAs\":[\"https:\/\/www.facebook.com\/p\/Infinita-Goya-100063870918311\/\"]},{\"@type\":\"Person\",\"@id\":\"https:\/\/radioinfinitagoya.com.ar\/v1\/#\/schema\/person\/d4cf9c413d4f6edb24aabdccab49ca4a\",\"name\":\"Jorge Mi\u00f1o\",\"image\":{\"@type\":\"ImageObject\",\"inLanguage\":\"es-AR\",\"@id\":\"https:\/\/secure.gravatar.com\/avatar\/910fcf6728fe95320e07a6643c1581fec1c7fc4bf8ae12e3d8f0d0373dc844be?s=96&d=mm&r=g\",\"url\":\"https:\/\/secure.gravatar.com\/avatar\/910fcf6728fe95320e07a6643c1581fec1c7fc4bf8ae12e3d8f0d0373dc844be?s=96&d=mm&r=g\",\"contentUrl\":\"https:\/\/secure.gravatar.com\/avatar\/910fcf6728fe95320e07a6643c1581fec1c7fc4bf8ae12e3d8f0d0373dc844be?s=96&d=mm&r=g\",\"caption\":\"Jorge Mi\u00f1o\"},\"sameAs\":[\"http:\/\/radioinfinitagoya.com.ar\"]}]}<\/script>\n<!-- \/ Yoast SEO plugin. -->","yoast_head_json":{"title":"Inauguraci\u00f3n del hotel Marriott en Corrientes: Vald\u00e9s marc\u00f3 el impulso del turismo - Radio Infinita Goya","description":"El gobernador encabez\u00f3 la apertura del nuevo hotel cinco estrellas. El primero de la cadena internacional que se construye completamente en la Argentina.","robots":{"index":"index","follow":"follow","max-snippet":"max-snippet:-1","max-image-preview":"max-image-preview:large","max-video-preview":"max-video-preview:-1"},"canonical":"https:\/\/radioinfinitagoya.com.ar\/v1\/2025\/12\/10\/inauguracion-del-hotel-marriott-en-corrientes-valdes-marco-el-impulso-del-turismo\/","og_locale":"es_ES","og_type":"article","og_title":"Inauguraci\u00f3n del hotel Marriott en Corrientes: Vald\u00e9s marc\u00f3 el impulso del turismo - Radio Infinita Goya","og_description":"El gobernador encabez\u00f3 la apertura del nuevo hotel cinco estrellas. El primero de la cadena internacional que se construye completamente en la Argentina.","og_url":"https:\/\/radioinfinitagoya.com.ar\/v1\/2025\/12\/10\/inauguracion-del-hotel-marriott-en-corrientes-valdes-marco-el-impulso-del-turismo\/","og_site_name":"Radio Infinita Goya","article_publisher":"https:\/\/www.facebook.com\/p\/Infinita-Goya-100063870918311\/","article_published_time":"2025-12-10T18:55:04+00:00","og_image":[{"width":1200,"height":675,"url":"https:\/\/radioinfinitagoya.com.ar\/v1\/wp-content\/uploads\/2025\/12\/1765362435561.webp","type":"image\/webp"}],"author":"Jorge Mi\u00f1o","twitter_card":"summary_large_image","twitter_misc":{"Escrito por":"Jorge Mi\u00f1o","Tiempo de lectura":"3 minutos"},"schema":{"@context":"https:\/\/schema.org","@graph":[{"@type":"Article","@id":"https:\/\/radioinfinitagoya.com.ar\/v1\/2025\/12\/10\/inauguracion-del-hotel-marriott-en-corrientes-valdes-marco-el-impulso-del-turismo\/#article","isPartOf":{"@id":"https:\/\/radioinfinitagoya.com.ar\/v1\/2025\/12\/10\/inauguracion-del-hotel-marriott-en-corrientes-valdes-marco-el-impulso-del-turismo\/"},"author":{"name":"Jorge Mi\u00f1o","@id":"https:\/\/radioinfinitagoya.com.ar\/v1\/#\/schema\/person\/d4cf9c413d4f6edb24aabdccab49ca4a"},"headline":"Inauguraci\u00f3n del hotel Marriott en Corrientes: Vald\u00e9s marc\u00f3 el impulso del turismo","datePublished":"2025-12-10T18:55:04+00:00","mainEntityOfPage":{"@id":"https:\/\/radioinfinitagoya.com.ar\/v1\/2025\/12\/10\/inauguracion-del-hotel-marriott-en-corrientes-valdes-marco-el-impulso-del-turismo\/"},"wordCount":448,"publisher":{"@id":"https:\/\/radioinfinitagoya.com.ar\/v1\/#organization"},"image":{"@id":"https:\/\/radioinfinitagoya.com.ar\/v1\/2025\/12\/10\/inauguracion-del-hotel-marriott-en-corrientes-valdes-marco-el-impulso-del-turismo\/#primaryimage"},"thumbnailUrl":"https:\/\/radioinfinitagoya.com.ar\/v1\/wp-content\/uploads\/2025\/12\/1765362435561.webp","articleSection":["PROVINCIALES"],"inLanguage":"es-AR"},{"@type":"WebPage","@id":"https:\/\/radioinfinitagoya.com.ar\/v1\/2025\/12\/10\/inauguracion-del-hotel-marriott-en-corrientes-valdes-marco-el-impulso-del-turismo\/","url":"https:\/\/radioinfinitagoya.com.ar\/v1\/2025\/12\/10\/inauguracion-del-hotel-marriott-en-corrientes-valdes-marco-el-impulso-del-turismo\/","name":"Inauguraci\u00f3n del hotel Marriott en Corrientes: Vald\u00e9s marc\u00f3 el impulso del turismo - Radio Infinita Goya","isPartOf":{"@id":"https:\/\/radioinfinitagoya.com.ar\/v1\/#website"},"primaryImageOfPage":{"@id":"https:\/\/radioinfinitagoya.com.ar\/v1\/2025\/12\/10\/inauguracion-del-hotel-marriott-en-corrientes-valdes-marco-el-impulso-del-turismo\/#primaryimage"},"image":{"@id":"https:\/\/radioinfinitagoya.com.ar\/v1\/2025\/12\/10\/inauguracion-del-hotel-marriott-en-corrientes-valdes-marco-el-impulso-del-turismo\/#primaryimage"},"thumbnailUrl":"https:\/\/radioinfinitagoya.com.ar\/v1\/wp-content\/uploads\/2025\/12\/1765362435561.webp","datePublished":"2025-12-10T18:55:04+00:00","description":"El gobernador encabez\u00f3 la apertura del nuevo hotel cinco estrellas. El primero de la cadena internacional que se construye completamente en la Argentina.","breadcrumb":{"@id":"https:\/\/radioinfinitagoya.com.ar\/v1\/2025\/12\/10\/inauguracion-del-hotel-marriott-en-corrientes-valdes-marco-el-impulso-del-turismo\/#breadcrumb"},"inLanguage":"es-AR","potentialAction":[{"@type":"ReadAction","target":["https:\/\/radioinfinitagoya.com.ar\/v1\/2025\/12\/10\/inauguracion-del-hotel-marriott-en-corrientes-valdes-marco-el-impulso-del-turismo\/"]}]},{"@type":"ImageObject","inLanguage":"es-AR","@id":"https:\/\/radioinfinitagoya.com.ar\/v1\/2025\/12\/10\/inauguracion-del-hotel-marriott-en-corrientes-valdes-marco-el-impulso-del-turismo\/#primaryimage","url":"https:\/\/radioinfinitagoya.com.ar\/v1\/wp-content\/uploads\/2025\/12\/1765362435561.webp","contentUrl":"https:\/\/radioinfinitagoya.com.ar\/v1\/wp-content\/uploads\/2025\/12\/1765362435561.webp","width":1200,"height":675},{"@type":"BreadcrumbList","@id":"https:\/\/radioinfinitagoya.com.ar\/v1\/2025\/12\/10\/inauguracion-del-hotel-marriott-en-corrientes-valdes-marco-el-impulso-del-turismo\/#breadcrumb","itemListElement":[{"@type":"ListItem","position":1,"name":"Inicio","item":"https:\/\/radioinfinitagoya.com.ar\/v1\/"},{"@type":"ListItem","position":2,"name":"Inauguraci\u00f3n del hotel Marriott en Corrientes: Vald\u00e9s marc\u00f3 el impulso del turismo"}]},{"@type":"WebSite","@id":"https:\/\/radioinfinitagoya.com.ar\/v1\/#website","url":"https:\/\/radioinfinitagoya.com.ar\/v1\/","name":"radioinfinitagoya.com.ar","description":"Radio de noticias","publisher":{"@id":"https:\/\/radioinfinitagoya.com.ar\/v1\/#organization"},"potentialAction":[{"@type":"SearchAction","target":{"@type":"EntryPoint","urlTemplate":"https:\/\/radioinfinitagoya.com.ar\/v1\/?s={search_term_string}"},"query-input":{"@type":"PropertyValueSpecification","valueRequired":true,"valueName":"search_term_string"}}],"inLanguage":"es-AR"},{"@type":"Organization","@id":"https:\/\/radioinfinitagoya.com.ar\/v1\/#organization","name":"Radio Infinita Goya","url":"https:\/\/radioinfinitagoya.com.ar\/v1\/","logo":{"@type":"ImageObject","inLanguage":"es-AR","@id":"https:\/\/radioinfinitagoya.com.ar\/v1\/#\/schema\/logo\/image\/","url":"https:\/\/radioinfinitagoya.com.ar\/v1\/wp-content\/uploads\/2019\/11\/logo-pie-web.png","contentUrl":"https:\/\/radioinfinitagoya.com.ar\/v1\/wp-content\/uploads\/2019\/11\/logo-pie-web.png","width":635,"height":326,"caption":"Radio Infinita Goya"},"image":{"@id":"https:\/\/radioinfinitagoya.com.ar\/v1\/#\/schema\/logo\/image\/"},"sameAs":["https:\/\/www.facebook.com\/p\/Infinita-Goya-100063870918311\/"]},{"@type":"Person","@id":"https:\/\/radioinfinitagoya.com.ar\/v1\/#\/schema\/person\/d4cf9c413d4f6edb24aabdccab49ca4a","name":"Jorge Mi\u00f1o","image":{"@type":"ImageObject","inLanguage":"es-AR","@id":"https:\/\/secure.gravatar.com\/avatar\/910fcf6728fe95320e07a6643c1581fec1c7fc4bf8ae12e3d8f0d0373dc844be?s=96&d=mm&r=g","url":"https:\/\/secure.gravatar.com\/avatar\/910fcf6728fe95320e07a6643c1581fec1c7fc4bf8ae12e3d8f0d0373dc844be?s=96&d=mm&r=g","contentUrl":"https:\/\/secure.gravatar.com\/avatar\/910fcf6728fe95320e07a6643c1581fec1c7fc4bf8ae12e3d8f0d0373dc844be?s=96&d=mm&r=g","caption":"Jorge Mi\u00f1o"},"sameAs":["http:\/\/radioinfinitagoya.com.ar"]}]}},"_links":{"self":[{"href":"https:\/\/radioinfinitagoya.com.ar\/v1\/wp-json\/wp\/v2\/posts\/200939","targetHints":{"allow":["GET"]}}],"collection":[{"href":"https:\/\/radioinfinitagoya.com.ar\/v1\/wp-json\/wp\/v2\/posts"}],"about":[{"href":"https:\/\/radioinfinitagoya.com.ar\/v1\/wp-json\/wp\/v2\/types\/post"}],"author":[{"embeddable":true,"href":"https:\/\/radioinfinitagoya.com.ar\/v1\/wp-json\/wp\/v2\/users\/4"}],"replies":[{"embeddable":true,"href":"https:\/\/radioinfinitagoya.com.ar\/v1\/wp-json\/wp\/v2\/comments?post=200939"}],"version-history":[{"count":0,"href":"https:\/\/radioinfinitagoya.com.ar\/v1\/wp-json\/wp\/v2\/posts\/200939\/revisions"}],"wp:featuredmedia":[{"embeddable":true,"href":"https:\/\/radioinfinitagoya.com.ar\/v1\/wp-json\/wp\/v2\/media\/200940"}],"wp:attachment":[{"href":"https:\/\/radioinfinitagoya.com.ar\/v1\/wp-json\/wp\/v2\/media?parent=200939"}],"wp:term":[{"taxonomy":"category","embeddable":true,"href":"https:\/\/radioinfinitagoya.com.ar\/v1\/wp-json\/wp\/v2\/categories?post=200939"},{"taxonomy":"post_tag","embeddable":true,"href":"https:\/\/radioinfinitagoya.com.ar\/v1\/wp-json\/wp\/v2\/tags?post=200939"}],"curies":[{"name":"wp","href":"https:\/\/api.w.org\/{rel}","templated":true}]}}