{"id":201136,"date":"2025-12-13T16:59:27","date_gmt":"2025-12-13T19:59:27","guid":{"rendered":"https:\/\/radioinfinitagoya.com.ar\/v1\/?p=201136"},"modified":"2025-12-13T16:59:27","modified_gmt":"2025-12-13T19:59:27","slug":"la-conmovedora-historia-de-faustina-la-guerrera-correntina-que-vencio-al-cancer","status":"publish","type":"post","link":"https:\/\/radioinfinitagoya.com.ar\/v1\/2025\/12\/13\/la-conmovedora-historia-de-faustina-la-guerrera-correntina-que-vencio-al-cancer\/","title":{"rendered":"La conmovedora historia de Faustina, la guerrera correntina que venci\u00f3 al c\u00e1ncer"},"content":{"rendered":"<p>Faustina, la peque\u00f1a guerrera goyana, regres\u00f3 este Viernes a su hogar junto a su mam\u00e1 despu\u00e9s de culminar con \u00e9xito su tratamiento oncol\u00f3gico en el Hospital Garrahan.<\/p>\n<p>Tras meses de lucha, la ni\u00f1a celebr\u00f3 uno de los momentos m\u00e1s emocionantes para cualquier paciente: toc\u00f3 la campana del Garrahan, s\u00edmbolo de haber finalizado la etapa m\u00e1s dura del tratamiento contra el c\u00e1ncer.<\/p>\n<p>La Fundaci\u00f3n Oncoinfanto-Juvenil Goya acompa\u00f1\u00f3 a la familia en este regreso tan esperado, destacando la fortaleza de Faustina y el apoyo de toda la comunidad que sigui\u00f3 de cerca su recuperaci\u00f3n. Un final feliz que llena de luz a Goya.<\/p>\n<p>&nbsp;<\/p>\n","protected":false},"excerpt":{"rendered":"<p>Faustina, la peque\u00f1a guerrera goyana, regres\u00f3 este Viernes a su hogar junto a su mam\u00e1 despu\u00e9s de culminar con \u00e9xito su tratamiento oncol\u00f3gico en el Hospital Garrahan. Tras meses de lucha, la ni\u00f1a celebr\u00f3 uno de los momentos m\u00e1s emocionantes para cualquier paciente: toc\u00f3 la campana del Garrahan, s\u00edmbolo de haber finalizado la etapa m\u00e1s [&hellip;]<\/p>\n","protected":false},"author":4,"featured_media":201137,"comment_status":"open","ping_status":"open","sticky":false,"template":"","format":"standard","meta":{"_joinchat":[],"footnotes":""},"categories":[26],"tags":[],"class_list":{"0":"post-201136","1":"post","2":"type-post","3":"status-publish","4":"format-standard","5":"has-post-thumbnail","7":"category-provinciales"},"yoast_head":"<!-- This site is optimized with the Yoast SEO plugin v27.2 - https:\/\/yoast.com\/product\/yoast-seo-wordpress\/ -->\n<title>La conmovedora historia de Faustina, la guerrera correntina que venci\u00f3 al c\u00e1ncer - Radio Infinita Goya<\/title>\n<meta name=\"description\" content=\"Faustina, la peque\u00f1a guerrera goyana, regres\u00f3 este Viernes a su hogar junto a su mam\u00e1 despu\u00e9s de culminar con \u00e9xito su tratamiento oncol\u00f3gico en el\" \/>\n<meta name=\"robots\" content=\"index, follow, max-snippet:-1, max-image-preview:large, max-video-preview:-1\" \/>\n<link rel=\"canonical\" href=\"https:\/\/radioinfinitagoya.com.ar\/v1\/2025\/12\/13\/la-conmovedora-historia-de-faustina-la-guerrera-correntina-que-vencio-al-cancer\/\" \/>\n<meta property=\"og:locale\" content=\"es_ES\" \/>\n<meta property=\"og:type\" content=\"article\" \/>\n<meta property=\"og:title\" content=\"La conmovedora historia de Faustina, la guerrera correntina que venci\u00f3 al c\u00e1ncer - Radio Infinita Goya\" \/>\n<meta property=\"og:description\" content=\"Faustina, la peque\u00f1a guerrera goyana, regres\u00f3 este Viernes a su hogar junto a su mam\u00e1 despu\u00e9s de culminar con \u00e9xito su tratamiento oncol\u00f3gico en el\" \/>\n<meta property=\"og:url\" content=\"https:\/\/radioinfinitagoya.com.ar\/v1\/2025\/12\/13\/la-conmovedora-historia-de-faustina-la-guerrera-correntina-que-vencio-al-cancer\/\" \/>\n<meta property=\"og:site_name\" content=\"Radio Infinita Goya\" \/>\n<meta property=\"article:publisher\" content=\"https:\/\/www.facebook.com\/p\/Infinita-Goya-100063870918311\/\" \/>\n<meta property=\"article:published_time\" content=\"2025-12-13T19:59:27+00:00\" \/>\n<meta property=\"og:image\" content=\"https:\/\/radioinfinitagoya.com.ar\/v1\/wp-content\/uploads\/2025\/12\/4PN6jHl_.jpg\" \/>\n\t<meta property=\"og:image:width\" content=\"590\" \/>\n\t<meta property=\"og:image:height\" content=\"450\" \/>\n\t<meta property=\"og:image:type\" content=\"image\/jpeg\" \/>\n<meta name=\"author\" content=\"Jorge Mi\u00f1o\" \/>\n<meta name=\"twitter:card\" content=\"summary_large_image\" \/>\n<meta name=\"twitter:label1\" content=\"Escrito por\" \/>\n\t<meta name=\"twitter:data1\" content=\"Jorge Mi\u00f1o\" \/>\n\t<meta name=\"twitter:label2\" content=\"Tiempo de lectura\" \/>\n\t<meta name=\"twitter:data2\" content=\"1 minuto\" \/>\n<script type=\"application\/ld+json\" class=\"yoast-schema-graph\">{\"@context\":\"https:\/\/schema.org\",\"@graph\":[{\"@type\":\"Article\",\"@id\":\"https:\/\/radioinfinitagoya.com.ar\/v1\/2025\/12\/13\/la-conmovedora-historia-de-faustina-la-guerrera-correntina-que-vencio-al-cancer\/#article\",\"isPartOf\":{\"@id\":\"https:\/\/radioinfinitagoya.com.ar\/v1\/2025\/12\/13\/la-conmovedora-historia-de-faustina-la-guerrera-correntina-que-vencio-al-cancer\/\"},\"author\":{\"name\":\"Jorge Mi\u00f1o\",\"@id\":\"https:\/\/radioinfinitagoya.com.ar\/v1\/#\/schema\/person\/d4cf9c413d4f6edb24aabdccab49ca4a\"},\"headline\":\"La conmovedora historia de Faustina, la guerrera correntina que venci\u00f3 al c\u00e1ncer\",\"datePublished\":\"2025-12-13T19:59:27+00:00\",\"mainEntityOfPage\":{\"@id\":\"https:\/\/radioinfinitagoya.com.ar\/v1\/2025\/12\/13\/la-conmovedora-historia-de-faustina-la-guerrera-correntina-que-vencio-al-cancer\/\"},\"wordCount\":125,\"commentCount\":0,\"publisher\":{\"@id\":\"https:\/\/radioinfinitagoya.com.ar\/v1\/#organization\"},\"image\":{\"@id\":\"https:\/\/radioinfinitagoya.com.ar\/v1\/2025\/12\/13\/la-conmovedora-historia-de-faustina-la-guerrera-correntina-que-vencio-al-cancer\/#primaryimage\"},\"thumbnailUrl\":\"https:\/\/radioinfinitagoya.com.ar\/v1\/wp-content\/uploads\/2025\/12\/4PN6jHl_.jpg\",\"articleSection\":[\"PROVINCIALES\"],\"inLanguage\":\"es-AR\",\"potentialAction\":[{\"@type\":\"CommentAction\",\"name\":\"Comment\",\"target\":[\"https:\/\/radioinfinitagoya.com.ar\/v1\/2025\/12\/13\/la-conmovedora-historia-de-faustina-la-guerrera-correntina-que-vencio-al-cancer\/#respond\"]}]},{\"@type\":\"WebPage\",\"@id\":\"https:\/\/radioinfinitagoya.com.ar\/v1\/2025\/12\/13\/la-conmovedora-historia-de-faustina-la-guerrera-correntina-que-vencio-al-cancer\/\",\"url\":\"https:\/\/radioinfinitagoya.com.ar\/v1\/2025\/12\/13\/la-conmovedora-historia-de-faustina-la-guerrera-correntina-que-vencio-al-cancer\/\",\"name\":\"La conmovedora historia de Faustina, la guerrera correntina que venci\u00f3 al c\u00e1ncer - Radio Infinita Goya\",\"isPartOf\":{\"@id\":\"https:\/\/radioinfinitagoya.com.ar\/v1\/#website\"},\"primaryImageOfPage\":{\"@id\":\"https:\/\/radioinfinitagoya.com.ar\/v1\/2025\/12\/13\/la-conmovedora-historia-de-faustina-la-guerrera-correntina-que-vencio-al-cancer\/#primaryimage\"},\"image\":{\"@id\":\"https:\/\/radioinfinitagoya.com.ar\/v1\/2025\/12\/13\/la-conmovedora-historia-de-faustina-la-guerrera-correntina-que-vencio-al-cancer\/#primaryimage\"},\"thumbnailUrl\":\"https:\/\/radioinfinitagoya.com.ar\/v1\/wp-content\/uploads\/2025\/12\/4PN6jHl_.jpg\",\"datePublished\":\"2025-12-13T19:59:27+00:00\",\"description\":\"Faustina, la peque\u00f1a guerrera goyana, regres\u00f3 este Viernes a su hogar junto a su mam\u00e1 despu\u00e9s de culminar con \u00e9xito su tratamiento oncol\u00f3gico en el\",\"breadcrumb\":{\"@id\":\"https:\/\/radioinfinitagoya.com.ar\/v1\/2025\/12\/13\/la-conmovedora-historia-de-faustina-la-guerrera-correntina-que-vencio-al-cancer\/#breadcrumb\"},\"inLanguage\":\"es-AR\",\"potentialAction\":[{\"@type\":\"ReadAction\",\"target\":[\"https:\/\/radioinfinitagoya.com.ar\/v1\/2025\/12\/13\/la-conmovedora-historia-de-faustina-la-guerrera-correntina-que-vencio-al-cancer\/\"]}]},{\"@type\":\"ImageObject\",\"inLanguage\":\"es-AR\",\"@id\":\"https:\/\/radioinfinitagoya.com.ar\/v1\/2025\/12\/13\/la-conmovedora-historia-de-faustina-la-guerrera-correntina-que-vencio-al-cancer\/#primaryimage\",\"url\":\"https:\/\/radioinfinitagoya.com.ar\/v1\/wp-content\/uploads\/2025\/12\/4PN6jHl_.jpg\",\"contentUrl\":\"https:\/\/radioinfinitagoya.com.ar\/v1\/wp-content\/uploads\/2025\/12\/4PN6jHl_.jpg\",\"width\":590,\"height\":450},{\"@type\":\"BreadcrumbList\",\"@id\":\"https:\/\/radioinfinitagoya.com.ar\/v1\/2025\/12\/13\/la-conmovedora-historia-de-faustina-la-guerrera-correntina-que-vencio-al-cancer\/#breadcrumb\",\"itemListElement\":[{\"@type\":\"ListItem\",\"position\":1,\"name\":\"Inicio\",\"item\":\"https:\/\/radioinfinitagoya.com.ar\/v1\/\"},{\"@type\":\"ListItem\",\"position\":2,\"name\":\"La conmovedora historia de Faustina, la guerrera correntina que venci\u00f3 al c\u00e1ncer\"}]},{\"@type\":\"WebSite\",\"@id\":\"https:\/\/radioinfinitagoya.com.ar\/v1\/#website\",\"url\":\"https:\/\/radioinfinitagoya.com.ar\/v1\/\",\"name\":\"radioinfinitagoya.com.ar\",\"description\":\"Radio de noticias\",\"publisher\":{\"@id\":\"https:\/\/radioinfinitagoya.com.ar\/v1\/#organization\"},\"potentialAction\":[{\"@type\":\"SearchAction\",\"target\":{\"@type\":\"EntryPoint\",\"urlTemplate\":\"https:\/\/radioinfinitagoya.com.ar\/v1\/?s={search_term_string}\"},\"query-input\":{\"@type\":\"PropertyValueSpecification\",\"valueRequired\":true,\"valueName\":\"search_term_string\"}}],\"inLanguage\":\"es-AR\"},{\"@type\":\"Organization\",\"@id\":\"https:\/\/radioinfinitagoya.com.ar\/v1\/#organization\",\"name\":\"Radio Infinita Goya\",\"url\":\"https:\/\/radioinfinitagoya.com.ar\/v1\/\",\"logo\":{\"@type\":\"ImageObject\",\"inLanguage\":\"es-AR\",\"@id\":\"https:\/\/radioinfinitagoya.com.ar\/v1\/#\/schema\/logo\/image\/\",\"url\":\"https:\/\/radioinfinitagoya.com.ar\/v1\/wp-content\/uploads\/2019\/11\/logo-pie-web.png\",\"contentUrl\":\"https:\/\/radioinfinitagoya.com.ar\/v1\/wp-content\/uploads\/2019\/11\/logo-pie-web.png\",\"width\":635,\"height\":326,\"caption\":\"Radio Infinita Goya\"},\"image\":{\"@id\":\"https:\/\/radioinfinitagoya.com.ar\/v1\/#\/schema\/logo\/image\/\"},\"sameAs\":[\"https:\/\/www.facebook.com\/p\/Infinita-Goya-100063870918311\/\"]},{\"@type\":\"Person\",\"@id\":\"https:\/\/radioinfinitagoya.com.ar\/v1\/#\/schema\/person\/d4cf9c413d4f6edb24aabdccab49ca4a\",\"name\":\"Jorge Mi\u00f1o\",\"image\":{\"@type\":\"ImageObject\",\"inLanguage\":\"es-AR\",\"@id\":\"https:\/\/secure.gravatar.com\/avatar\/910fcf6728fe95320e07a6643c1581fec1c7fc4bf8ae12e3d8f0d0373dc844be?s=96&d=mm&r=g\",\"url\":\"https:\/\/secure.gravatar.com\/avatar\/910fcf6728fe95320e07a6643c1581fec1c7fc4bf8ae12e3d8f0d0373dc844be?s=96&d=mm&r=g\",\"contentUrl\":\"https:\/\/secure.gravatar.com\/avatar\/910fcf6728fe95320e07a6643c1581fec1c7fc4bf8ae12e3d8f0d0373dc844be?s=96&d=mm&r=g\",\"caption\":\"Jorge Mi\u00f1o\"},\"sameAs\":[\"http:\/\/radioinfinitagoya.com.ar\"]}]}<\/script>\n<!-- \/ Yoast SEO plugin. -->","yoast_head_json":{"title":"La conmovedora historia de Faustina, la guerrera correntina que venci\u00f3 al c\u00e1ncer - Radio Infinita Goya","description":"Faustina, la peque\u00f1a guerrera goyana, regres\u00f3 este Viernes a su hogar junto a su mam\u00e1 despu\u00e9s de culminar con \u00e9xito su tratamiento oncol\u00f3gico en el","robots":{"index":"index","follow":"follow","max-snippet":"max-snippet:-1","max-image-preview":"max-image-preview:large","max-video-preview":"max-video-preview:-1"},"canonical":"https:\/\/radioinfinitagoya.com.ar\/v1\/2025\/12\/13\/la-conmovedora-historia-de-faustina-la-guerrera-correntina-que-vencio-al-cancer\/","og_locale":"es_ES","og_type":"article","og_title":"La conmovedora historia de Faustina, la guerrera correntina que venci\u00f3 al c\u00e1ncer - Radio Infinita Goya","og_description":"Faustina, la peque\u00f1a guerrera goyana, regres\u00f3 este Viernes a su hogar junto a su mam\u00e1 despu\u00e9s de culminar con \u00e9xito su tratamiento oncol\u00f3gico en el","og_url":"https:\/\/radioinfinitagoya.com.ar\/v1\/2025\/12\/13\/la-conmovedora-historia-de-faustina-la-guerrera-correntina-que-vencio-al-cancer\/","og_site_name":"Radio Infinita Goya","article_publisher":"https:\/\/www.facebook.com\/p\/Infinita-Goya-100063870918311\/","article_published_time":"2025-12-13T19:59:27+00:00","og_image":[{"width":590,"height":450,"url":"https:\/\/radioinfinitagoya.com.ar\/v1\/wp-content\/uploads\/2025\/12\/4PN6jHl_.jpg","type":"image\/jpeg"}],"author":"Jorge Mi\u00f1o","twitter_card":"summary_large_image","twitter_misc":{"Escrito por":"Jorge Mi\u00f1o","Tiempo de lectura":"1 minuto"},"schema":{"@context":"https:\/\/schema.org","@graph":[{"@type":"Article","@id":"https:\/\/radioinfinitagoya.com.ar\/v1\/2025\/12\/13\/la-conmovedora-historia-de-faustina-la-guerrera-correntina-que-vencio-al-cancer\/#article","isPartOf":{"@id":"https:\/\/radioinfinitagoya.com.ar\/v1\/2025\/12\/13\/la-conmovedora-historia-de-faustina-la-guerrera-correntina-que-vencio-al-cancer\/"},"author":{"name":"Jorge Mi\u00f1o","@id":"https:\/\/radioinfinitagoya.com.ar\/v1\/#\/schema\/person\/d4cf9c413d4f6edb24aabdccab49ca4a"},"headline":"La conmovedora historia de Faustina, la guerrera correntina que venci\u00f3 al c\u00e1ncer","datePublished":"2025-12-13T19:59:27+00:00","mainEntityOfPage":{"@id":"https:\/\/radioinfinitagoya.com.ar\/v1\/2025\/12\/13\/la-conmovedora-historia-de-faustina-la-guerrera-correntina-que-vencio-al-cancer\/"},"wordCount":125,"commentCount":0,"publisher":{"@id":"https:\/\/radioinfinitagoya.com.ar\/v1\/#organization"},"image":{"@id":"https:\/\/radioinfinitagoya.com.ar\/v1\/2025\/12\/13\/la-conmovedora-historia-de-faustina-la-guerrera-correntina-que-vencio-al-cancer\/#primaryimage"},"thumbnailUrl":"https:\/\/radioinfinitagoya.com.ar\/v1\/wp-content\/uploads\/2025\/12\/4PN6jHl_.jpg","articleSection":["PROVINCIALES"],"inLanguage":"es-AR","potentialAction":[{"@type":"CommentAction","name":"Comment","target":["https:\/\/radioinfinitagoya.com.ar\/v1\/2025\/12\/13\/la-conmovedora-historia-de-faustina-la-guerrera-correntina-que-vencio-al-cancer\/#respond"]}]},{"@type":"WebPage","@id":"https:\/\/radioinfinitagoya.com.ar\/v1\/2025\/12\/13\/la-conmovedora-historia-de-faustina-la-guerrera-correntina-que-vencio-al-cancer\/","url":"https:\/\/radioinfinitagoya.com.ar\/v1\/2025\/12\/13\/la-conmovedora-historia-de-faustina-la-guerrera-correntina-que-vencio-al-cancer\/","name":"La conmovedora historia de Faustina, la guerrera correntina que venci\u00f3 al c\u00e1ncer - Radio Infinita Goya","isPartOf":{"@id":"https:\/\/radioinfinitagoya.com.ar\/v1\/#website"},"primaryImageOfPage":{"@id":"https:\/\/radioinfinitagoya.com.ar\/v1\/2025\/12\/13\/la-conmovedora-historia-de-faustina-la-guerrera-correntina-que-vencio-al-cancer\/#primaryimage"},"image":{"@id":"https:\/\/radioinfinitagoya.com.ar\/v1\/2025\/12\/13\/la-conmovedora-historia-de-faustina-la-guerrera-correntina-que-vencio-al-cancer\/#primaryimage"},"thumbnailUrl":"https:\/\/radioinfinitagoya.com.ar\/v1\/wp-content\/uploads\/2025\/12\/4PN6jHl_.jpg","datePublished":"2025-12-13T19:59:27+00:00","description":"Faustina, la peque\u00f1a guerrera goyana, regres\u00f3 este Viernes a su hogar junto a su mam\u00e1 despu\u00e9s de culminar con \u00e9xito su tratamiento oncol\u00f3gico en el","breadcrumb":{"@id":"https:\/\/radioinfinitagoya.com.ar\/v1\/2025\/12\/13\/la-conmovedora-historia-de-faustina-la-guerrera-correntina-que-vencio-al-cancer\/#breadcrumb"},"inLanguage":"es-AR","potentialAction":[{"@type":"ReadAction","target":["https:\/\/radioinfinitagoya.com.ar\/v1\/2025\/12\/13\/la-conmovedora-historia-de-faustina-la-guerrera-correntina-que-vencio-al-cancer\/"]}]},{"@type":"ImageObject","inLanguage":"es-AR","@id":"https:\/\/radioinfinitagoya.com.ar\/v1\/2025\/12\/13\/la-conmovedora-historia-de-faustina-la-guerrera-correntina-que-vencio-al-cancer\/#primaryimage","url":"https:\/\/radioinfinitagoya.com.ar\/v1\/wp-content\/uploads\/2025\/12\/4PN6jHl_.jpg","contentUrl":"https:\/\/radioinfinitagoya.com.ar\/v1\/wp-content\/uploads\/2025\/12\/4PN6jHl_.jpg","width":590,"height":450},{"@type":"BreadcrumbList","@id":"https:\/\/radioinfinitagoya.com.ar\/v1\/2025\/12\/13\/la-conmovedora-historia-de-faustina-la-guerrera-correntina-que-vencio-al-cancer\/#breadcrumb","itemListElement":[{"@type":"ListItem","position":1,"name":"Inicio","item":"https:\/\/radioinfinitagoya.com.ar\/v1\/"},{"@type":"ListItem","position":2,"name":"La conmovedora historia de Faustina, la guerrera correntina que venci\u00f3 al c\u00e1ncer"}]},{"@type":"WebSite","@id":"https:\/\/radioinfinitagoya.com.ar\/v1\/#website","url":"https:\/\/radioinfinitagoya.com.ar\/v1\/","name":"radioinfinitagoya.com.ar","description":"Radio de noticias","publisher":{"@id":"https:\/\/radioinfinitagoya.com.ar\/v1\/#organization"},"potentialAction":[{"@type":"SearchAction","target":{"@type":"EntryPoint","urlTemplate":"https:\/\/radioinfinitagoya.com.ar\/v1\/?s={search_term_string}"},"query-input":{"@type":"PropertyValueSpecification","valueRequired":true,"valueName":"search_term_string"}}],"inLanguage":"es-AR"},{"@type":"Organization","@id":"https:\/\/radioinfinitagoya.com.ar\/v1\/#organization","name":"Radio Infinita Goya","url":"https:\/\/radioinfinitagoya.com.ar\/v1\/","logo":{"@type":"ImageObject","inLanguage":"es-AR","@id":"https:\/\/radioinfinitagoya.com.ar\/v1\/#\/schema\/logo\/image\/","url":"https:\/\/radioinfinitagoya.com.ar\/v1\/wp-content\/uploads\/2019\/11\/logo-pie-web.png","contentUrl":"https:\/\/radioinfinitagoya.com.ar\/v1\/wp-content\/uploads\/2019\/11\/logo-pie-web.png","width":635,"height":326,"caption":"Radio Infinita Goya"},"image":{"@id":"https:\/\/radioinfinitagoya.com.ar\/v1\/#\/schema\/logo\/image\/"},"sameAs":["https:\/\/www.facebook.com\/p\/Infinita-Goya-100063870918311\/"]},{"@type":"Person","@id":"https:\/\/radioinfinitagoya.com.ar\/v1\/#\/schema\/person\/d4cf9c413d4f6edb24aabdccab49ca4a","name":"Jorge Mi\u00f1o","image":{"@type":"ImageObject","inLanguage":"es-AR","@id":"https:\/\/secure.gravatar.com\/avatar\/910fcf6728fe95320e07a6643c1581fec1c7fc4bf8ae12e3d8f0d0373dc844be?s=96&d=mm&r=g","url":"https:\/\/secure.gravatar.com\/avatar\/910fcf6728fe95320e07a6643c1581fec1c7fc4bf8ae12e3d8f0d0373dc844be?s=96&d=mm&r=g","contentUrl":"https:\/\/secure.gravatar.com\/avatar\/910fcf6728fe95320e07a6643c1581fec1c7fc4bf8ae12e3d8f0d0373dc844be?s=96&d=mm&r=g","caption":"Jorge Mi\u00f1o"},"sameAs":["http:\/\/radioinfinitagoya.com.ar"]}]}},"_links":{"self":[{"href":"https:\/\/radioinfinitagoya.com.ar\/v1\/wp-json\/wp\/v2\/posts\/201136","targetHints":{"allow":["GET"]}}],"collection":[{"href":"https:\/\/radioinfinitagoya.com.ar\/v1\/wp-json\/wp\/v2\/posts"}],"about":[{"href":"https:\/\/radioinfinitagoya.com.ar\/v1\/wp-json\/wp\/v2\/types\/post"}],"author":[{"embeddable":true,"href":"https:\/\/radioinfinitagoya.com.ar\/v1\/wp-json\/wp\/v2\/users\/4"}],"replies":[{"embeddable":true,"href":"https:\/\/radioinfinitagoya.com.ar\/v1\/wp-json\/wp\/v2\/comments?post=201136"}],"version-history":[{"count":0,"href":"https:\/\/radioinfinitagoya.com.ar\/v1\/wp-json\/wp\/v2\/posts\/201136\/revisions"}],"wp:featuredmedia":[{"embeddable":true,"href":"https:\/\/radioinfinitagoya.com.ar\/v1\/wp-json\/wp\/v2\/media\/201137"}],"wp:attachment":[{"href":"https:\/\/radioinfinitagoya.com.ar\/v1\/wp-json\/wp\/v2\/media?parent=201136"}],"wp:term":[{"taxonomy":"category","embeddable":true,"href":"https:\/\/radioinfinitagoya.com.ar\/v1\/wp-json\/wp\/v2\/categories?post=201136"},{"taxonomy":"post_tag","embeddable":true,"href":"https:\/\/radioinfinitagoya.com.ar\/v1\/wp-json\/wp\/v2\/tags?post=201136"}],"curies":[{"name":"wp","href":"https:\/\/api.w.org\/{rel}","templated":true}]}}