{"id":201139,"date":"2025-12-13T17:03:20","date_gmt":"2025-12-13T20:03:20","guid":{"rendered":"https:\/\/radioinfinitagoya.com.ar\/v1\/?p=201139"},"modified":"2025-12-13T17:03:20","modified_gmt":"2025-12-13T20:03:20","slug":"chocaron-tres-micros-con-hinchas-de-estudiantes-de-la-plata","status":"publish","type":"post","link":"https:\/\/radioinfinitagoya.com.ar\/v1\/2025\/12\/13\/chocaron-tres-micros-con-hinchas-de-estudiantes-de-la-plata\/","title":{"rendered":"Chocaron tres micros con hinchas de Estudiantes de La Plata"},"content":{"rendered":"<p>Ocurri\u00f3 en la ruta 8, a la altura de la localidad bonaerense de Sol\u00eds. Viajaban para ver la final del Torneo Clausura con Racing. El comunicado del club<\/p>\n<p>Tres micros en los que viajaban hinchas de Estudiantes de La Plata hacia Santiago del Estero para la final del Torneo Clausura contra Racing chocaron en la madrugada de este s\u00e1bado entre s\u00ed en la Ruta 8.<\/p>\n<p>El club inform\u00f3 que el incidente tuvo lugar a la altura de la localidad bonaerense de Sol\u00eds, sobre esa ruta nacional. Tres personas sufrieron heridas leves y fueron trasladadas al Hospital de Pilar para su evaluaci\u00f3n, seg\u00fan detall\u00f3 la instituci\u00f3n en un comunicado publicado en su cuenta de X.<\/p>\n<p>\u201cEl resto de los pasajeros de la delegaci\u00f3n se encuentra en buen estado y no presenta lesiones\u201d, confirm\u00f3 adem\u00e1s el club en el mismo tuit. No brind\u00f3 mayores detalles respecto a c\u00f3mo se produjo el episodio.<\/p>\n<p>La delegaci\u00f3n retomar\u00e1 el viaje cuando las personas trasladadas regresen y lleguen las nuevas unidades: \u201cLa situaci\u00f3n se encuentra bajo control y el club continuar\u00e1 brindando informaci\u00f3n por los canales oficiales ante cualquier novedad\u201d.<\/p>\n<p>&nbsp;<\/p>\n","protected":false},"excerpt":{"rendered":"<p>Ocurri\u00f3 en la ruta 8, a la altura de la localidad bonaerense de Sol\u00eds. Viajaban para ver la final del Torneo Clausura con Racing. El comunicado del club Tres micros en los que viajaban hinchas de Estudiantes de La Plata hacia Santiago del Estero para la final del Torneo Clausura contra Racing chocaron en la [&hellip;]<\/p>\n","protected":false},"author":4,"featured_media":201140,"comment_status":"open","ping_status":"open","sticky":false,"template":"","format":"standard","meta":{"_joinchat":[],"footnotes":""},"categories":[29],"tags":[],"class_list":{"0":"post-201139","1":"post","2":"type-post","3":"status-publish","4":"format-standard","5":"has-post-thumbnail","7":"category-nacionales"},"yoast_head":"<!-- This site is optimized with the Yoast SEO plugin v27.2 - https:\/\/yoast.com\/product\/yoast-seo-wordpress\/ -->\n<title>Chocaron tres micros con hinchas de Estudiantes de La Plata - Radio Infinita Goya<\/title>\n<meta name=\"description\" content=\"Ocurri\u00f3 en la ruta 8, a la altura de la localidad bonaerense de Sol\u00eds. Viajaban para ver la final del Torneo Clausura con Racing. El comunicado del club\" \/>\n<meta name=\"robots\" content=\"index, follow, max-snippet:-1, max-image-preview:large, max-video-preview:-1\" \/>\n<link rel=\"canonical\" href=\"https:\/\/radioinfinitagoya.com.ar\/v1\/2025\/12\/13\/chocaron-tres-micros-con-hinchas-de-estudiantes-de-la-plata\/\" \/>\n<meta property=\"og:locale\" content=\"es_ES\" \/>\n<meta property=\"og:type\" content=\"article\" \/>\n<meta property=\"og:title\" content=\"Chocaron tres micros con hinchas de Estudiantes de La Plata - Radio Infinita Goya\" \/>\n<meta property=\"og:description\" content=\"Ocurri\u00f3 en la ruta 8, a la altura de la localidad bonaerense de Sol\u00eds. Viajaban para ver la final del Torneo Clausura con Racing. El comunicado del club\" \/>\n<meta property=\"og:url\" content=\"https:\/\/radioinfinitagoya.com.ar\/v1\/2025\/12\/13\/chocaron-tres-micros-con-hinchas-de-estudiantes-de-la-plata\/\" \/>\n<meta property=\"og:site_name\" content=\"Radio Infinita Goya\" \/>\n<meta property=\"article:publisher\" content=\"https:\/\/www.facebook.com\/p\/Infinita-Goya-100063870918311\/\" \/>\n<meta property=\"article:published_time\" content=\"2025-12-13T20:03:20+00:00\" \/>\n<meta property=\"og:image\" content=\"https:\/\/radioinfinitagoya.com.ar\/v1\/wp-content\/uploads\/2025\/12\/G8DXH8XWoAQNu_X.jpg\" \/>\n\t<meta property=\"og:image:width\" content=\"679\" \/>\n\t<meta property=\"og:image:height\" content=\"419\" \/>\n\t<meta property=\"og:image:type\" content=\"image\/jpeg\" \/>\n<meta name=\"author\" content=\"Jorge Mi\u00f1o\" \/>\n<meta name=\"twitter:card\" content=\"summary_large_image\" \/>\n<meta name=\"twitter:label1\" content=\"Escrito por\" \/>\n\t<meta name=\"twitter:data1\" content=\"Jorge Mi\u00f1o\" \/>\n\t<meta name=\"twitter:label2\" content=\"Tiempo de lectura\" \/>\n\t<meta name=\"twitter:data2\" content=\"1 minuto\" \/>\n<script type=\"application\/ld+json\" class=\"yoast-schema-graph\">{\"@context\":\"https:\/\/schema.org\",\"@graph\":[{\"@type\":\"Article\",\"@id\":\"https:\/\/radioinfinitagoya.com.ar\/v1\/2025\/12\/13\/chocaron-tres-micros-con-hinchas-de-estudiantes-de-la-plata\/#article\",\"isPartOf\":{\"@id\":\"https:\/\/radioinfinitagoya.com.ar\/v1\/2025\/12\/13\/chocaron-tres-micros-con-hinchas-de-estudiantes-de-la-plata\/\"},\"author\":{\"name\":\"Jorge Mi\u00f1o\",\"@id\":\"https:\/\/radioinfinitagoya.com.ar\/v1\/#\/schema\/person\/d4cf9c413d4f6edb24aabdccab49ca4a\"},\"headline\":\"Chocaron tres micros con hinchas de Estudiantes de La Plata\",\"datePublished\":\"2025-12-13T20:03:20+00:00\",\"mainEntityOfPage\":{\"@id\":\"https:\/\/radioinfinitagoya.com.ar\/v1\/2025\/12\/13\/chocaron-tres-micros-con-hinchas-de-estudiantes-de-la-plata\/\"},\"wordCount\":205,\"commentCount\":0,\"publisher\":{\"@id\":\"https:\/\/radioinfinitagoya.com.ar\/v1\/#organization\"},\"image\":{\"@id\":\"https:\/\/radioinfinitagoya.com.ar\/v1\/2025\/12\/13\/chocaron-tres-micros-con-hinchas-de-estudiantes-de-la-plata\/#primaryimage\"},\"thumbnailUrl\":\"https:\/\/radioinfinitagoya.com.ar\/v1\/wp-content\/uploads\/2025\/12\/G8DXH8XWoAQNu_X.jpg\",\"articleSection\":[\"NACIONALES\"],\"inLanguage\":\"es-AR\",\"potentialAction\":[{\"@type\":\"CommentAction\",\"name\":\"Comment\",\"target\":[\"https:\/\/radioinfinitagoya.com.ar\/v1\/2025\/12\/13\/chocaron-tres-micros-con-hinchas-de-estudiantes-de-la-plata\/#respond\"]}]},{\"@type\":\"WebPage\",\"@id\":\"https:\/\/radioinfinitagoya.com.ar\/v1\/2025\/12\/13\/chocaron-tres-micros-con-hinchas-de-estudiantes-de-la-plata\/\",\"url\":\"https:\/\/radioinfinitagoya.com.ar\/v1\/2025\/12\/13\/chocaron-tres-micros-con-hinchas-de-estudiantes-de-la-plata\/\",\"name\":\"Chocaron tres micros con hinchas de Estudiantes de La Plata - Radio Infinita Goya\",\"isPartOf\":{\"@id\":\"https:\/\/radioinfinitagoya.com.ar\/v1\/#website\"},\"primaryImageOfPage\":{\"@id\":\"https:\/\/radioinfinitagoya.com.ar\/v1\/2025\/12\/13\/chocaron-tres-micros-con-hinchas-de-estudiantes-de-la-plata\/#primaryimage\"},\"image\":{\"@id\":\"https:\/\/radioinfinitagoya.com.ar\/v1\/2025\/12\/13\/chocaron-tres-micros-con-hinchas-de-estudiantes-de-la-plata\/#primaryimage\"},\"thumbnailUrl\":\"https:\/\/radioinfinitagoya.com.ar\/v1\/wp-content\/uploads\/2025\/12\/G8DXH8XWoAQNu_X.jpg\",\"datePublished\":\"2025-12-13T20:03:20+00:00\",\"description\":\"Ocurri\u00f3 en la ruta 8, a la altura de la localidad bonaerense de Sol\u00eds. Viajaban para ver la final del Torneo Clausura con Racing. El comunicado del club\",\"breadcrumb\":{\"@id\":\"https:\/\/radioinfinitagoya.com.ar\/v1\/2025\/12\/13\/chocaron-tres-micros-con-hinchas-de-estudiantes-de-la-plata\/#breadcrumb\"},\"inLanguage\":\"es-AR\",\"potentialAction\":[{\"@type\":\"ReadAction\",\"target\":[\"https:\/\/radioinfinitagoya.com.ar\/v1\/2025\/12\/13\/chocaron-tres-micros-con-hinchas-de-estudiantes-de-la-plata\/\"]}]},{\"@type\":\"ImageObject\",\"inLanguage\":\"es-AR\",\"@id\":\"https:\/\/radioinfinitagoya.com.ar\/v1\/2025\/12\/13\/chocaron-tres-micros-con-hinchas-de-estudiantes-de-la-plata\/#primaryimage\",\"url\":\"https:\/\/radioinfinitagoya.com.ar\/v1\/wp-content\/uploads\/2025\/12\/G8DXH8XWoAQNu_X.jpg\",\"contentUrl\":\"https:\/\/radioinfinitagoya.com.ar\/v1\/wp-content\/uploads\/2025\/12\/G8DXH8XWoAQNu_X.jpg\",\"width\":679,\"height\":419},{\"@type\":\"BreadcrumbList\",\"@id\":\"https:\/\/radioinfinitagoya.com.ar\/v1\/2025\/12\/13\/chocaron-tres-micros-con-hinchas-de-estudiantes-de-la-plata\/#breadcrumb\",\"itemListElement\":[{\"@type\":\"ListItem\",\"position\":1,\"name\":\"Inicio\",\"item\":\"https:\/\/radioinfinitagoya.com.ar\/v1\/\"},{\"@type\":\"ListItem\",\"position\":2,\"name\":\"Chocaron tres micros con hinchas de Estudiantes de La Plata\"}]},{\"@type\":\"WebSite\",\"@id\":\"https:\/\/radioinfinitagoya.com.ar\/v1\/#website\",\"url\":\"https:\/\/radioinfinitagoya.com.ar\/v1\/\",\"name\":\"radioinfinitagoya.com.ar\",\"description\":\"Radio de noticias\",\"publisher\":{\"@id\":\"https:\/\/radioinfinitagoya.com.ar\/v1\/#organization\"},\"potentialAction\":[{\"@type\":\"SearchAction\",\"target\":{\"@type\":\"EntryPoint\",\"urlTemplate\":\"https:\/\/radioinfinitagoya.com.ar\/v1\/?s={search_term_string}\"},\"query-input\":{\"@type\":\"PropertyValueSpecification\",\"valueRequired\":true,\"valueName\":\"search_term_string\"}}],\"inLanguage\":\"es-AR\"},{\"@type\":\"Organization\",\"@id\":\"https:\/\/radioinfinitagoya.com.ar\/v1\/#organization\",\"name\":\"Radio Infinita Goya\",\"url\":\"https:\/\/radioinfinitagoya.com.ar\/v1\/\",\"logo\":{\"@type\":\"ImageObject\",\"inLanguage\":\"es-AR\",\"@id\":\"https:\/\/radioinfinitagoya.com.ar\/v1\/#\/schema\/logo\/image\/\",\"url\":\"https:\/\/radioinfinitagoya.com.ar\/v1\/wp-content\/uploads\/2019\/11\/logo-pie-web.png\",\"contentUrl\":\"https:\/\/radioinfinitagoya.com.ar\/v1\/wp-content\/uploads\/2019\/11\/logo-pie-web.png\",\"width\":635,\"height\":326,\"caption\":\"Radio Infinita Goya\"},\"image\":{\"@id\":\"https:\/\/radioinfinitagoya.com.ar\/v1\/#\/schema\/logo\/image\/\"},\"sameAs\":[\"https:\/\/www.facebook.com\/p\/Infinita-Goya-100063870918311\/\"]},{\"@type\":\"Person\",\"@id\":\"https:\/\/radioinfinitagoya.com.ar\/v1\/#\/schema\/person\/d4cf9c413d4f6edb24aabdccab49ca4a\",\"name\":\"Jorge Mi\u00f1o\",\"image\":{\"@type\":\"ImageObject\",\"inLanguage\":\"es-AR\",\"@id\":\"https:\/\/secure.gravatar.com\/avatar\/910fcf6728fe95320e07a6643c1581fec1c7fc4bf8ae12e3d8f0d0373dc844be?s=96&d=mm&r=g\",\"url\":\"https:\/\/secure.gravatar.com\/avatar\/910fcf6728fe95320e07a6643c1581fec1c7fc4bf8ae12e3d8f0d0373dc844be?s=96&d=mm&r=g\",\"contentUrl\":\"https:\/\/secure.gravatar.com\/avatar\/910fcf6728fe95320e07a6643c1581fec1c7fc4bf8ae12e3d8f0d0373dc844be?s=96&d=mm&r=g\",\"caption\":\"Jorge Mi\u00f1o\"},\"sameAs\":[\"http:\/\/radioinfinitagoya.com.ar\"]}]}<\/script>\n<!-- \/ Yoast SEO plugin. -->","yoast_head_json":{"title":"Chocaron tres micros con hinchas de Estudiantes de La Plata - Radio Infinita Goya","description":"Ocurri\u00f3 en la ruta 8, a la altura de la localidad bonaerense de Sol\u00eds. Viajaban para ver la final del Torneo Clausura con Racing. El comunicado del club","robots":{"index":"index","follow":"follow","max-snippet":"max-snippet:-1","max-image-preview":"max-image-preview:large","max-video-preview":"max-video-preview:-1"},"canonical":"https:\/\/radioinfinitagoya.com.ar\/v1\/2025\/12\/13\/chocaron-tres-micros-con-hinchas-de-estudiantes-de-la-plata\/","og_locale":"es_ES","og_type":"article","og_title":"Chocaron tres micros con hinchas de Estudiantes de La Plata - Radio Infinita Goya","og_description":"Ocurri\u00f3 en la ruta 8, a la altura de la localidad bonaerense de Sol\u00eds. Viajaban para ver la final del Torneo Clausura con Racing. El comunicado del club","og_url":"https:\/\/radioinfinitagoya.com.ar\/v1\/2025\/12\/13\/chocaron-tres-micros-con-hinchas-de-estudiantes-de-la-plata\/","og_site_name":"Radio Infinita Goya","article_publisher":"https:\/\/www.facebook.com\/p\/Infinita-Goya-100063870918311\/","article_published_time":"2025-12-13T20:03:20+00:00","og_image":[{"width":679,"height":419,"url":"https:\/\/radioinfinitagoya.com.ar\/v1\/wp-content\/uploads\/2025\/12\/G8DXH8XWoAQNu_X.jpg","type":"image\/jpeg"}],"author":"Jorge Mi\u00f1o","twitter_card":"summary_large_image","twitter_misc":{"Escrito por":"Jorge Mi\u00f1o","Tiempo de lectura":"1 minuto"},"schema":{"@context":"https:\/\/schema.org","@graph":[{"@type":"Article","@id":"https:\/\/radioinfinitagoya.com.ar\/v1\/2025\/12\/13\/chocaron-tres-micros-con-hinchas-de-estudiantes-de-la-plata\/#article","isPartOf":{"@id":"https:\/\/radioinfinitagoya.com.ar\/v1\/2025\/12\/13\/chocaron-tres-micros-con-hinchas-de-estudiantes-de-la-plata\/"},"author":{"name":"Jorge Mi\u00f1o","@id":"https:\/\/radioinfinitagoya.com.ar\/v1\/#\/schema\/person\/d4cf9c413d4f6edb24aabdccab49ca4a"},"headline":"Chocaron tres micros con hinchas de Estudiantes de La Plata","datePublished":"2025-12-13T20:03:20+00:00","mainEntityOfPage":{"@id":"https:\/\/radioinfinitagoya.com.ar\/v1\/2025\/12\/13\/chocaron-tres-micros-con-hinchas-de-estudiantes-de-la-plata\/"},"wordCount":205,"commentCount":0,"publisher":{"@id":"https:\/\/radioinfinitagoya.com.ar\/v1\/#organization"},"image":{"@id":"https:\/\/radioinfinitagoya.com.ar\/v1\/2025\/12\/13\/chocaron-tres-micros-con-hinchas-de-estudiantes-de-la-plata\/#primaryimage"},"thumbnailUrl":"https:\/\/radioinfinitagoya.com.ar\/v1\/wp-content\/uploads\/2025\/12\/G8DXH8XWoAQNu_X.jpg","articleSection":["NACIONALES"],"inLanguage":"es-AR","potentialAction":[{"@type":"CommentAction","name":"Comment","target":["https:\/\/radioinfinitagoya.com.ar\/v1\/2025\/12\/13\/chocaron-tres-micros-con-hinchas-de-estudiantes-de-la-plata\/#respond"]}]},{"@type":"WebPage","@id":"https:\/\/radioinfinitagoya.com.ar\/v1\/2025\/12\/13\/chocaron-tres-micros-con-hinchas-de-estudiantes-de-la-plata\/","url":"https:\/\/radioinfinitagoya.com.ar\/v1\/2025\/12\/13\/chocaron-tres-micros-con-hinchas-de-estudiantes-de-la-plata\/","name":"Chocaron tres micros con hinchas de Estudiantes de La Plata - Radio Infinita Goya","isPartOf":{"@id":"https:\/\/radioinfinitagoya.com.ar\/v1\/#website"},"primaryImageOfPage":{"@id":"https:\/\/radioinfinitagoya.com.ar\/v1\/2025\/12\/13\/chocaron-tres-micros-con-hinchas-de-estudiantes-de-la-plata\/#primaryimage"},"image":{"@id":"https:\/\/radioinfinitagoya.com.ar\/v1\/2025\/12\/13\/chocaron-tres-micros-con-hinchas-de-estudiantes-de-la-plata\/#primaryimage"},"thumbnailUrl":"https:\/\/radioinfinitagoya.com.ar\/v1\/wp-content\/uploads\/2025\/12\/G8DXH8XWoAQNu_X.jpg","datePublished":"2025-12-13T20:03:20+00:00","description":"Ocurri\u00f3 en la ruta 8, a la altura de la localidad bonaerense de Sol\u00eds. Viajaban para ver la final del Torneo Clausura con Racing. El comunicado del club","breadcrumb":{"@id":"https:\/\/radioinfinitagoya.com.ar\/v1\/2025\/12\/13\/chocaron-tres-micros-con-hinchas-de-estudiantes-de-la-plata\/#breadcrumb"},"inLanguage":"es-AR","potentialAction":[{"@type":"ReadAction","target":["https:\/\/radioinfinitagoya.com.ar\/v1\/2025\/12\/13\/chocaron-tres-micros-con-hinchas-de-estudiantes-de-la-plata\/"]}]},{"@type":"ImageObject","inLanguage":"es-AR","@id":"https:\/\/radioinfinitagoya.com.ar\/v1\/2025\/12\/13\/chocaron-tres-micros-con-hinchas-de-estudiantes-de-la-plata\/#primaryimage","url":"https:\/\/radioinfinitagoya.com.ar\/v1\/wp-content\/uploads\/2025\/12\/G8DXH8XWoAQNu_X.jpg","contentUrl":"https:\/\/radioinfinitagoya.com.ar\/v1\/wp-content\/uploads\/2025\/12\/G8DXH8XWoAQNu_X.jpg","width":679,"height":419},{"@type":"BreadcrumbList","@id":"https:\/\/radioinfinitagoya.com.ar\/v1\/2025\/12\/13\/chocaron-tres-micros-con-hinchas-de-estudiantes-de-la-plata\/#breadcrumb","itemListElement":[{"@type":"ListItem","position":1,"name":"Inicio","item":"https:\/\/radioinfinitagoya.com.ar\/v1\/"},{"@type":"ListItem","position":2,"name":"Chocaron tres micros con hinchas de Estudiantes de La Plata"}]},{"@type":"WebSite","@id":"https:\/\/radioinfinitagoya.com.ar\/v1\/#website","url":"https:\/\/radioinfinitagoya.com.ar\/v1\/","name":"radioinfinitagoya.com.ar","description":"Radio de noticias","publisher":{"@id":"https:\/\/radioinfinitagoya.com.ar\/v1\/#organization"},"potentialAction":[{"@type":"SearchAction","target":{"@type":"EntryPoint","urlTemplate":"https:\/\/radioinfinitagoya.com.ar\/v1\/?s={search_term_string}"},"query-input":{"@type":"PropertyValueSpecification","valueRequired":true,"valueName":"search_term_string"}}],"inLanguage":"es-AR"},{"@type":"Organization","@id":"https:\/\/radioinfinitagoya.com.ar\/v1\/#organization","name":"Radio Infinita Goya","url":"https:\/\/radioinfinitagoya.com.ar\/v1\/","logo":{"@type":"ImageObject","inLanguage":"es-AR","@id":"https:\/\/radioinfinitagoya.com.ar\/v1\/#\/schema\/logo\/image\/","url":"https:\/\/radioinfinitagoya.com.ar\/v1\/wp-content\/uploads\/2019\/11\/logo-pie-web.png","contentUrl":"https:\/\/radioinfinitagoya.com.ar\/v1\/wp-content\/uploads\/2019\/11\/logo-pie-web.png","width":635,"height":326,"caption":"Radio Infinita Goya"},"image":{"@id":"https:\/\/radioinfinitagoya.com.ar\/v1\/#\/schema\/logo\/image\/"},"sameAs":["https:\/\/www.facebook.com\/p\/Infinita-Goya-100063870918311\/"]},{"@type":"Person","@id":"https:\/\/radioinfinitagoya.com.ar\/v1\/#\/schema\/person\/d4cf9c413d4f6edb24aabdccab49ca4a","name":"Jorge Mi\u00f1o","image":{"@type":"ImageObject","inLanguage":"es-AR","@id":"https:\/\/secure.gravatar.com\/avatar\/910fcf6728fe95320e07a6643c1581fec1c7fc4bf8ae12e3d8f0d0373dc844be?s=96&d=mm&r=g","url":"https:\/\/secure.gravatar.com\/avatar\/910fcf6728fe95320e07a6643c1581fec1c7fc4bf8ae12e3d8f0d0373dc844be?s=96&d=mm&r=g","contentUrl":"https:\/\/secure.gravatar.com\/avatar\/910fcf6728fe95320e07a6643c1581fec1c7fc4bf8ae12e3d8f0d0373dc844be?s=96&d=mm&r=g","caption":"Jorge Mi\u00f1o"},"sameAs":["http:\/\/radioinfinitagoya.com.ar"]}]}},"_links":{"self":[{"href":"https:\/\/radioinfinitagoya.com.ar\/v1\/wp-json\/wp\/v2\/posts\/201139","targetHints":{"allow":["GET"]}}],"collection":[{"href":"https:\/\/radioinfinitagoya.com.ar\/v1\/wp-json\/wp\/v2\/posts"}],"about":[{"href":"https:\/\/radioinfinitagoya.com.ar\/v1\/wp-json\/wp\/v2\/types\/post"}],"author":[{"embeddable":true,"href":"https:\/\/radioinfinitagoya.com.ar\/v1\/wp-json\/wp\/v2\/users\/4"}],"replies":[{"embeddable":true,"href":"https:\/\/radioinfinitagoya.com.ar\/v1\/wp-json\/wp\/v2\/comments?post=201139"}],"version-history":[{"count":0,"href":"https:\/\/radioinfinitagoya.com.ar\/v1\/wp-json\/wp\/v2\/posts\/201139\/revisions"}],"wp:featuredmedia":[{"embeddable":true,"href":"https:\/\/radioinfinitagoya.com.ar\/v1\/wp-json\/wp\/v2\/media\/201140"}],"wp:attachment":[{"href":"https:\/\/radioinfinitagoya.com.ar\/v1\/wp-json\/wp\/v2\/media?parent=201139"}],"wp:term":[{"taxonomy":"category","embeddable":true,"href":"https:\/\/radioinfinitagoya.com.ar\/v1\/wp-json\/wp\/v2\/categories?post=201139"},{"taxonomy":"post_tag","embeddable":true,"href":"https:\/\/radioinfinitagoya.com.ar\/v1\/wp-json\/wp\/v2\/tags?post=201139"}],"curies":[{"name":"wp","href":"https:\/\/api.w.org\/{rel}","templated":true}]}}