{"id":201165,"date":"2025-12-13T17:30:20","date_gmt":"2025-12-13T20:30:20","guid":{"rendered":"https:\/\/radioinfinitagoya.com.ar\/v1\/?p=201165"},"modified":"2025-12-13T17:30:20","modified_gmt":"2025-12-13T20:30:20","slug":"mariano-hormaechea-compartio-el-brindis-agasajo-y-reconocimiento-de-la-sade-goya","status":"publish","type":"post","link":"https:\/\/radioinfinitagoya.com.ar\/v1\/2025\/12\/13\/mariano-hormaechea-compartio-el-brindis-agasajo-y-reconocimiento-de-la-sade-goya\/","title":{"rendered":"Mariano Hormaechea comparti\u00f3  el brindis, agasajo y reconocimiento de la &#8220;SADE&#8221; Goya"},"content":{"rendered":"<p>En la noche del viernes, la Casa de la Cultura fue el \u00e1mbito elegido para la celebraci\u00f3n, agasajo, brindis y reconocimiento de la labor cultural, literaria desarrollada durante estos 50 a\u00f1os por la entidad que nuclea a los escritores goyanos.<\/p>\n<p>\u201cEl pr\u00f3ximo paso es juntos, institucionalizar la historia de Goya, con el libro de la ciudad\u201d Adelant\u00f3 el Intendente Municipal<\/p>\n<p><img loading=\"lazy\" decoding=\"async\" class=\"alignnone size-full wp-image-201167\" src=\"https:\/\/radioinfinitagoya.com.ar\/v1\/wp-content\/uploads\/2025\/12\/598845599_10231916901685552_7600079287523506604_n.jpg\" alt=\"\" width=\"1600\" height=\"1066\" srcset=\"https:\/\/radioinfinitagoya.com.ar\/v1\/wp-content\/uploads\/2025\/12\/598845599_10231916901685552_7600079287523506604_n.jpg 1600w, https:\/\/radioinfinitagoya.com.ar\/v1\/wp-content\/uploads\/2025\/12\/598845599_10231916901685552_7600079287523506604_n-150x100.jpg 150w, https:\/\/radioinfinitagoya.com.ar\/v1\/wp-content\/uploads\/2025\/12\/598845599_10231916901685552_7600079287523506604_n-768x512.jpg 768w, https:\/\/radioinfinitagoya.com.ar\/v1\/wp-content\/uploads\/2025\/12\/598845599_10231916901685552_7600079287523506604_n-1536x1023.jpg 1536w, https:\/\/radioinfinitagoya.com.ar\/v1\/wp-content\/uploads\/2025\/12\/598845599_10231916901685552_7600079287523506604_n-630x420.jpg 630w, https:\/\/radioinfinitagoya.com.ar\/v1\/wp-content\/uploads\/2025\/12\/598845599_10231916901685552_7600079287523506604_n-696x464.jpg 696w, https:\/\/radioinfinitagoya.com.ar\/v1\/wp-content\/uploads\/2025\/12\/598845599_10231916901685552_7600079287523506604_n-1068x712.jpg 1068w\" sizes=\"auto, (max-width: 1600px) 100vw, 1600px\" \/>De la velada junto al Jefe Comunal participaron el presidente de la SADE Goya Felipe Farquharson; la Secretaria de Educaci\u00f3n Sonia Espina; el Secretario de Modernizaci\u00f3n Andr\u00e9s Zajarevich; socios de la entidad de los escritores, personalidades de la cultura, de la historia de la ciudad, escritores de la regi\u00f3n, p\u00fablico en general.<\/p>\n<p>La ceremonia combin\u00f3 la literatura, con la m\u00fasica y la gastronom\u00eda.<\/p>\n<p>El Intendente Mariano Hormaechea, reconoci\u00f3 el valor en el aporte a la cultura de la ciudad por parte de la entidad, destac\u00f3 el trabajo de manera articulada que se hace con la Municipalidad, poniendo como ejemplo, el primer paso en la conformaci\u00f3n del grupo \u201cCultura en Acci\u00f3n\u201d que junto a la Secretar\u00eda de Educaci\u00f3n dieron el espacio, las oportunidades a los escritores locales y de la regi\u00f3n en la Feria del Libro.<\/p>\n<p>Mariano Hormaechea felicit\u00f3, considerando importante la presencia del socio fundador de la SADE Goya, Profesor Jos\u00e9 Erasmo Gauto, extendiendo las felicitaciones a todos los miembros de la mencionada entidad.<\/p>\n<p>El Intendente en el saludo a los escritores plante\u00f3 nuevamente el desaf\u00edo de \u201ctrabajar juntos en la b\u00fasqueda de la esencia del goyano, de la identidad, conformando una mesa de di\u00e1logo, cristalizado en ese di\u00e1logo, an\u00e1lisis, debate, la celebraci\u00f3n el 9 de noviembre de la primera radicaci\u00f3n hist\u00f3rica de Goya.<\/p>\n<p>\u201cEl pr\u00f3ximo paso- anticip\u00f3 el Intendente-es institucionalizar nuestra historia, trabajando juntos, en conjunto, coordinado, para sumar cada una de las miradas, seguramente en la pr\u00f3xima Edici\u00f3n de la Feria del Libro estaremos presentando nuestro libro institucional de la historia de Goya\u201d, reiterando las felicitaciones por los 50 a\u00f1os de la SADE Goya.<\/p>\n<p>Tras lo cual el Intendente Mariano Hormaechea junto al presidente de la SADE Goya Felipe Farqhuarson hicieron entrega simb\u00f3lica de un reconocimiento al socio fundador Jos\u00e9 Erasmo Gauto, para posteriormente brindar por este nuevo aniversario y los proyectos futuros.<\/p>\n<p>Direcci\u00f3n de Prensa-Municipalidad de Goya<\/p>\n","protected":false},"excerpt":{"rendered":"<p>En la noche del viernes, la Casa de la Cultura fue el \u00e1mbito elegido para la celebraci\u00f3n, agasajo, brindis y reconocimiento de la labor cultural, literaria desarrollada durante estos 50 a\u00f1os por la entidad que nuclea a los escritores goyanos. \u201cEl pr\u00f3ximo paso es juntos, institucionalizar la historia de Goya, con el libro de la [&hellip;]<\/p>\n","protected":false},"author":4,"featured_media":201166,"comment_status":"open","ping_status":"open","sticky":false,"template":"","format":"standard","meta":{"_joinchat":[],"footnotes":""},"categories":[27],"tags":[],"class_list":{"0":"post-201165","1":"post","2":"type-post","3":"status-publish","4":"format-standard","5":"has-post-thumbnail","7":"category-locales"},"yoast_head":"<!-- This site is optimized with the Yoast SEO plugin v27.2 - https:\/\/yoast.com\/product\/yoast-seo-wordpress\/ -->\n<title>Mariano Hormaechea comparti\u00f3 el brindis, agasajo y reconocimiento de la &quot;SADE&quot; Goya - Radio Infinita Goya<\/title>\n<meta name=\"description\" content=\"En la noche del viernes, la Casa de la Cultura fue el \u00e1mbito elegido para la celebraci\u00f3n, agasajo, brindis y reconocimiento de la labor cultural,\" \/>\n<meta name=\"robots\" content=\"index, follow, max-snippet:-1, max-image-preview:large, max-video-preview:-1\" \/>\n<link rel=\"canonical\" href=\"https:\/\/radioinfinitagoya.com.ar\/v1\/2025\/12\/13\/mariano-hormaechea-compartio-el-brindis-agasajo-y-reconocimiento-de-la-sade-goya\/\" \/>\n<meta property=\"og:locale\" content=\"es_ES\" \/>\n<meta property=\"og:type\" content=\"article\" \/>\n<meta property=\"og:title\" content=\"Mariano Hormaechea comparti\u00f3 el brindis, agasajo y reconocimiento de la &quot;SADE&quot; Goya - Radio Infinita Goya\" \/>\n<meta property=\"og:description\" content=\"En la noche del viernes, la Casa de la Cultura fue el \u00e1mbito elegido para la celebraci\u00f3n, agasajo, brindis y reconocimiento de la labor cultural,\" \/>\n<meta property=\"og:url\" content=\"https:\/\/radioinfinitagoya.com.ar\/v1\/2025\/12\/13\/mariano-hormaechea-compartio-el-brindis-agasajo-y-reconocimiento-de-la-sade-goya\/\" \/>\n<meta property=\"og:site_name\" content=\"Radio Infinita Goya\" \/>\n<meta property=\"article:publisher\" content=\"https:\/\/www.facebook.com\/p\/Infinita-Goya-100063870918311\/\" \/>\n<meta property=\"article:published_time\" content=\"2025-12-13T20:30:20+00:00\" \/>\n<meta property=\"og:image\" content=\"https:\/\/radioinfinitagoya.com.ar\/v1\/wp-content\/uploads\/2025\/12\/600262105_10231916901725553_5394159841975237320_n.jpg\" \/>\n\t<meta property=\"og:image:width\" content=\"1600\" \/>\n\t<meta property=\"og:image:height\" content=\"1083\" \/>\n\t<meta property=\"og:image:type\" content=\"image\/jpeg\" \/>\n<meta name=\"author\" content=\"Jorge Mi\u00f1o\" \/>\n<meta name=\"twitter:card\" content=\"summary_large_image\" \/>\n<meta name=\"twitter:label1\" content=\"Escrito por\" \/>\n\t<meta name=\"twitter:data1\" content=\"Jorge Mi\u00f1o\" \/>\n\t<meta name=\"twitter:label2\" content=\"Tiempo de lectura\" \/>\n\t<meta name=\"twitter:data2\" content=\"2 minutos\" \/>\n<script type=\"application\/ld+json\" class=\"yoast-schema-graph\">{\"@context\":\"https:\/\/schema.org\",\"@graph\":[{\"@type\":\"Article\",\"@id\":\"https:\/\/radioinfinitagoya.com.ar\/v1\/2025\/12\/13\/mariano-hormaechea-compartio-el-brindis-agasajo-y-reconocimiento-de-la-sade-goya\/#article\",\"isPartOf\":{\"@id\":\"https:\/\/radioinfinitagoya.com.ar\/v1\/2025\/12\/13\/mariano-hormaechea-compartio-el-brindis-agasajo-y-reconocimiento-de-la-sade-goya\/\"},\"author\":{\"name\":\"Jorge Mi\u00f1o\",\"@id\":\"https:\/\/radioinfinitagoya.com.ar\/v1\/#\/schema\/person\/d4cf9c413d4f6edb24aabdccab49ca4a\"},\"headline\":\"Mariano Hormaechea comparti\u00f3 el brindis, agasajo y reconocimiento de la &#8220;SADE&#8221; Goya\",\"datePublished\":\"2025-12-13T20:30:20+00:00\",\"mainEntityOfPage\":{\"@id\":\"https:\/\/radioinfinitagoya.com.ar\/v1\/2025\/12\/13\/mariano-hormaechea-compartio-el-brindis-agasajo-y-reconocimiento-de-la-sade-goya\/\"},\"wordCount\":408,\"commentCount\":0,\"publisher\":{\"@id\":\"https:\/\/radioinfinitagoya.com.ar\/v1\/#organization\"},\"image\":{\"@id\":\"https:\/\/radioinfinitagoya.com.ar\/v1\/2025\/12\/13\/mariano-hormaechea-compartio-el-brindis-agasajo-y-reconocimiento-de-la-sade-goya\/#primaryimage\"},\"thumbnailUrl\":\"https:\/\/radioinfinitagoya.com.ar\/v1\/wp-content\/uploads\/2025\/12\/600262105_10231916901725553_5394159841975237320_n.jpg\",\"articleSection\":[\"LOCALES\"],\"inLanguage\":\"es-AR\",\"potentialAction\":[{\"@type\":\"CommentAction\",\"name\":\"Comment\",\"target\":[\"https:\/\/radioinfinitagoya.com.ar\/v1\/2025\/12\/13\/mariano-hormaechea-compartio-el-brindis-agasajo-y-reconocimiento-de-la-sade-goya\/#respond\"]}]},{\"@type\":\"WebPage\",\"@id\":\"https:\/\/radioinfinitagoya.com.ar\/v1\/2025\/12\/13\/mariano-hormaechea-compartio-el-brindis-agasajo-y-reconocimiento-de-la-sade-goya\/\",\"url\":\"https:\/\/radioinfinitagoya.com.ar\/v1\/2025\/12\/13\/mariano-hormaechea-compartio-el-brindis-agasajo-y-reconocimiento-de-la-sade-goya\/\",\"name\":\"Mariano Hormaechea comparti\u00f3 el brindis, agasajo y reconocimiento de la \\\"SADE\\\" Goya - Radio Infinita Goya\",\"isPartOf\":{\"@id\":\"https:\/\/radioinfinitagoya.com.ar\/v1\/#website\"},\"primaryImageOfPage\":{\"@id\":\"https:\/\/radioinfinitagoya.com.ar\/v1\/2025\/12\/13\/mariano-hormaechea-compartio-el-brindis-agasajo-y-reconocimiento-de-la-sade-goya\/#primaryimage\"},\"image\":{\"@id\":\"https:\/\/radioinfinitagoya.com.ar\/v1\/2025\/12\/13\/mariano-hormaechea-compartio-el-brindis-agasajo-y-reconocimiento-de-la-sade-goya\/#primaryimage\"},\"thumbnailUrl\":\"https:\/\/radioinfinitagoya.com.ar\/v1\/wp-content\/uploads\/2025\/12\/600262105_10231916901725553_5394159841975237320_n.jpg\",\"datePublished\":\"2025-12-13T20:30:20+00:00\",\"description\":\"En la noche del viernes, la Casa de la Cultura fue el \u00e1mbito elegido para la celebraci\u00f3n, agasajo, brindis y reconocimiento de la labor cultural,\",\"breadcrumb\":{\"@id\":\"https:\/\/radioinfinitagoya.com.ar\/v1\/2025\/12\/13\/mariano-hormaechea-compartio-el-brindis-agasajo-y-reconocimiento-de-la-sade-goya\/#breadcrumb\"},\"inLanguage\":\"es-AR\",\"potentialAction\":[{\"@type\":\"ReadAction\",\"target\":[\"https:\/\/radioinfinitagoya.com.ar\/v1\/2025\/12\/13\/mariano-hormaechea-compartio-el-brindis-agasajo-y-reconocimiento-de-la-sade-goya\/\"]}]},{\"@type\":\"ImageObject\",\"inLanguage\":\"es-AR\",\"@id\":\"https:\/\/radioinfinitagoya.com.ar\/v1\/2025\/12\/13\/mariano-hormaechea-compartio-el-brindis-agasajo-y-reconocimiento-de-la-sade-goya\/#primaryimage\",\"url\":\"https:\/\/radioinfinitagoya.com.ar\/v1\/wp-content\/uploads\/2025\/12\/600262105_10231916901725553_5394159841975237320_n.jpg\",\"contentUrl\":\"https:\/\/radioinfinitagoya.com.ar\/v1\/wp-content\/uploads\/2025\/12\/600262105_10231916901725553_5394159841975237320_n.jpg\",\"width\":1600,\"height\":1083},{\"@type\":\"BreadcrumbList\",\"@id\":\"https:\/\/radioinfinitagoya.com.ar\/v1\/2025\/12\/13\/mariano-hormaechea-compartio-el-brindis-agasajo-y-reconocimiento-de-la-sade-goya\/#breadcrumb\",\"itemListElement\":[{\"@type\":\"ListItem\",\"position\":1,\"name\":\"Inicio\",\"item\":\"https:\/\/radioinfinitagoya.com.ar\/v1\/\"},{\"@type\":\"ListItem\",\"position\":2,\"name\":\"Mariano Hormaechea comparti\u00f3 el brindis, agasajo y reconocimiento de la &#8220;SADE&#8221; Goya\"}]},{\"@type\":\"WebSite\",\"@id\":\"https:\/\/radioinfinitagoya.com.ar\/v1\/#website\",\"url\":\"https:\/\/radioinfinitagoya.com.ar\/v1\/\",\"name\":\"radioinfinitagoya.com.ar\",\"description\":\"Radio de noticias\",\"publisher\":{\"@id\":\"https:\/\/radioinfinitagoya.com.ar\/v1\/#organization\"},\"potentialAction\":[{\"@type\":\"SearchAction\",\"target\":{\"@type\":\"EntryPoint\",\"urlTemplate\":\"https:\/\/radioinfinitagoya.com.ar\/v1\/?s={search_term_string}\"},\"query-input\":{\"@type\":\"PropertyValueSpecification\",\"valueRequired\":true,\"valueName\":\"search_term_string\"}}],\"inLanguage\":\"es-AR\"},{\"@type\":\"Organization\",\"@id\":\"https:\/\/radioinfinitagoya.com.ar\/v1\/#organization\",\"name\":\"Radio Infinita Goya\",\"url\":\"https:\/\/radioinfinitagoya.com.ar\/v1\/\",\"logo\":{\"@type\":\"ImageObject\",\"inLanguage\":\"es-AR\",\"@id\":\"https:\/\/radioinfinitagoya.com.ar\/v1\/#\/schema\/logo\/image\/\",\"url\":\"https:\/\/radioinfinitagoya.com.ar\/v1\/wp-content\/uploads\/2019\/11\/logo-pie-web.png\",\"contentUrl\":\"https:\/\/radioinfinitagoya.com.ar\/v1\/wp-content\/uploads\/2019\/11\/logo-pie-web.png\",\"width\":635,\"height\":326,\"caption\":\"Radio Infinita Goya\"},\"image\":{\"@id\":\"https:\/\/radioinfinitagoya.com.ar\/v1\/#\/schema\/logo\/image\/\"},\"sameAs\":[\"https:\/\/www.facebook.com\/p\/Infinita-Goya-100063870918311\/\"]},{\"@type\":\"Person\",\"@id\":\"https:\/\/radioinfinitagoya.com.ar\/v1\/#\/schema\/person\/d4cf9c413d4f6edb24aabdccab49ca4a\",\"name\":\"Jorge Mi\u00f1o\",\"image\":{\"@type\":\"ImageObject\",\"inLanguage\":\"es-AR\",\"@id\":\"https:\/\/secure.gravatar.com\/avatar\/910fcf6728fe95320e07a6643c1581fec1c7fc4bf8ae12e3d8f0d0373dc844be?s=96&d=mm&r=g\",\"url\":\"https:\/\/secure.gravatar.com\/avatar\/910fcf6728fe95320e07a6643c1581fec1c7fc4bf8ae12e3d8f0d0373dc844be?s=96&d=mm&r=g\",\"contentUrl\":\"https:\/\/secure.gravatar.com\/avatar\/910fcf6728fe95320e07a6643c1581fec1c7fc4bf8ae12e3d8f0d0373dc844be?s=96&d=mm&r=g\",\"caption\":\"Jorge Mi\u00f1o\"},\"sameAs\":[\"http:\/\/radioinfinitagoya.com.ar\"]}]}<\/script>\n<!-- \/ Yoast SEO plugin. -->","yoast_head_json":{"title":"Mariano Hormaechea comparti\u00f3 el brindis, agasajo y reconocimiento de la \"SADE\" Goya - Radio Infinita Goya","description":"En la noche del viernes, la Casa de la Cultura fue el \u00e1mbito elegido para la celebraci\u00f3n, agasajo, brindis y reconocimiento de la labor cultural,","robots":{"index":"index","follow":"follow","max-snippet":"max-snippet:-1","max-image-preview":"max-image-preview:large","max-video-preview":"max-video-preview:-1"},"canonical":"https:\/\/radioinfinitagoya.com.ar\/v1\/2025\/12\/13\/mariano-hormaechea-compartio-el-brindis-agasajo-y-reconocimiento-de-la-sade-goya\/","og_locale":"es_ES","og_type":"article","og_title":"Mariano Hormaechea comparti\u00f3 el brindis, agasajo y reconocimiento de la \"SADE\" Goya - Radio Infinita Goya","og_description":"En la noche del viernes, la Casa de la Cultura fue el \u00e1mbito elegido para la celebraci\u00f3n, agasajo, brindis y reconocimiento de la labor cultural,","og_url":"https:\/\/radioinfinitagoya.com.ar\/v1\/2025\/12\/13\/mariano-hormaechea-compartio-el-brindis-agasajo-y-reconocimiento-de-la-sade-goya\/","og_site_name":"Radio Infinita Goya","article_publisher":"https:\/\/www.facebook.com\/p\/Infinita-Goya-100063870918311\/","article_published_time":"2025-12-13T20:30:20+00:00","og_image":[{"width":1600,"height":1083,"url":"https:\/\/radioinfinitagoya.com.ar\/v1\/wp-content\/uploads\/2025\/12\/600262105_10231916901725553_5394159841975237320_n.jpg","type":"image\/jpeg"}],"author":"Jorge Mi\u00f1o","twitter_card":"summary_large_image","twitter_misc":{"Escrito por":"Jorge Mi\u00f1o","Tiempo de lectura":"2 minutos"},"schema":{"@context":"https:\/\/schema.org","@graph":[{"@type":"Article","@id":"https:\/\/radioinfinitagoya.com.ar\/v1\/2025\/12\/13\/mariano-hormaechea-compartio-el-brindis-agasajo-y-reconocimiento-de-la-sade-goya\/#article","isPartOf":{"@id":"https:\/\/radioinfinitagoya.com.ar\/v1\/2025\/12\/13\/mariano-hormaechea-compartio-el-brindis-agasajo-y-reconocimiento-de-la-sade-goya\/"},"author":{"name":"Jorge Mi\u00f1o","@id":"https:\/\/radioinfinitagoya.com.ar\/v1\/#\/schema\/person\/d4cf9c413d4f6edb24aabdccab49ca4a"},"headline":"Mariano Hormaechea comparti\u00f3 el brindis, agasajo y reconocimiento de la &#8220;SADE&#8221; Goya","datePublished":"2025-12-13T20:30:20+00:00","mainEntityOfPage":{"@id":"https:\/\/radioinfinitagoya.com.ar\/v1\/2025\/12\/13\/mariano-hormaechea-compartio-el-brindis-agasajo-y-reconocimiento-de-la-sade-goya\/"},"wordCount":408,"commentCount":0,"publisher":{"@id":"https:\/\/radioinfinitagoya.com.ar\/v1\/#organization"},"image":{"@id":"https:\/\/radioinfinitagoya.com.ar\/v1\/2025\/12\/13\/mariano-hormaechea-compartio-el-brindis-agasajo-y-reconocimiento-de-la-sade-goya\/#primaryimage"},"thumbnailUrl":"https:\/\/radioinfinitagoya.com.ar\/v1\/wp-content\/uploads\/2025\/12\/600262105_10231916901725553_5394159841975237320_n.jpg","articleSection":["LOCALES"],"inLanguage":"es-AR","potentialAction":[{"@type":"CommentAction","name":"Comment","target":["https:\/\/radioinfinitagoya.com.ar\/v1\/2025\/12\/13\/mariano-hormaechea-compartio-el-brindis-agasajo-y-reconocimiento-de-la-sade-goya\/#respond"]}]},{"@type":"WebPage","@id":"https:\/\/radioinfinitagoya.com.ar\/v1\/2025\/12\/13\/mariano-hormaechea-compartio-el-brindis-agasajo-y-reconocimiento-de-la-sade-goya\/","url":"https:\/\/radioinfinitagoya.com.ar\/v1\/2025\/12\/13\/mariano-hormaechea-compartio-el-brindis-agasajo-y-reconocimiento-de-la-sade-goya\/","name":"Mariano Hormaechea comparti\u00f3 el brindis, agasajo y reconocimiento de la \"SADE\" Goya - Radio Infinita Goya","isPartOf":{"@id":"https:\/\/radioinfinitagoya.com.ar\/v1\/#website"},"primaryImageOfPage":{"@id":"https:\/\/radioinfinitagoya.com.ar\/v1\/2025\/12\/13\/mariano-hormaechea-compartio-el-brindis-agasajo-y-reconocimiento-de-la-sade-goya\/#primaryimage"},"image":{"@id":"https:\/\/radioinfinitagoya.com.ar\/v1\/2025\/12\/13\/mariano-hormaechea-compartio-el-brindis-agasajo-y-reconocimiento-de-la-sade-goya\/#primaryimage"},"thumbnailUrl":"https:\/\/radioinfinitagoya.com.ar\/v1\/wp-content\/uploads\/2025\/12\/600262105_10231916901725553_5394159841975237320_n.jpg","datePublished":"2025-12-13T20:30:20+00:00","description":"En la noche del viernes, la Casa de la Cultura fue el \u00e1mbito elegido para la celebraci\u00f3n, agasajo, brindis y reconocimiento de la labor cultural,","breadcrumb":{"@id":"https:\/\/radioinfinitagoya.com.ar\/v1\/2025\/12\/13\/mariano-hormaechea-compartio-el-brindis-agasajo-y-reconocimiento-de-la-sade-goya\/#breadcrumb"},"inLanguage":"es-AR","potentialAction":[{"@type":"ReadAction","target":["https:\/\/radioinfinitagoya.com.ar\/v1\/2025\/12\/13\/mariano-hormaechea-compartio-el-brindis-agasajo-y-reconocimiento-de-la-sade-goya\/"]}]},{"@type":"ImageObject","inLanguage":"es-AR","@id":"https:\/\/radioinfinitagoya.com.ar\/v1\/2025\/12\/13\/mariano-hormaechea-compartio-el-brindis-agasajo-y-reconocimiento-de-la-sade-goya\/#primaryimage","url":"https:\/\/radioinfinitagoya.com.ar\/v1\/wp-content\/uploads\/2025\/12\/600262105_10231916901725553_5394159841975237320_n.jpg","contentUrl":"https:\/\/radioinfinitagoya.com.ar\/v1\/wp-content\/uploads\/2025\/12\/600262105_10231916901725553_5394159841975237320_n.jpg","width":1600,"height":1083},{"@type":"BreadcrumbList","@id":"https:\/\/radioinfinitagoya.com.ar\/v1\/2025\/12\/13\/mariano-hormaechea-compartio-el-brindis-agasajo-y-reconocimiento-de-la-sade-goya\/#breadcrumb","itemListElement":[{"@type":"ListItem","position":1,"name":"Inicio","item":"https:\/\/radioinfinitagoya.com.ar\/v1\/"},{"@type":"ListItem","position":2,"name":"Mariano Hormaechea comparti\u00f3 el brindis, agasajo y reconocimiento de la &#8220;SADE&#8221; Goya"}]},{"@type":"WebSite","@id":"https:\/\/radioinfinitagoya.com.ar\/v1\/#website","url":"https:\/\/radioinfinitagoya.com.ar\/v1\/","name":"radioinfinitagoya.com.ar","description":"Radio de noticias","publisher":{"@id":"https:\/\/radioinfinitagoya.com.ar\/v1\/#organization"},"potentialAction":[{"@type":"SearchAction","target":{"@type":"EntryPoint","urlTemplate":"https:\/\/radioinfinitagoya.com.ar\/v1\/?s={search_term_string}"},"query-input":{"@type":"PropertyValueSpecification","valueRequired":true,"valueName":"search_term_string"}}],"inLanguage":"es-AR"},{"@type":"Organization","@id":"https:\/\/radioinfinitagoya.com.ar\/v1\/#organization","name":"Radio Infinita Goya","url":"https:\/\/radioinfinitagoya.com.ar\/v1\/","logo":{"@type":"ImageObject","inLanguage":"es-AR","@id":"https:\/\/radioinfinitagoya.com.ar\/v1\/#\/schema\/logo\/image\/","url":"https:\/\/radioinfinitagoya.com.ar\/v1\/wp-content\/uploads\/2019\/11\/logo-pie-web.png","contentUrl":"https:\/\/radioinfinitagoya.com.ar\/v1\/wp-content\/uploads\/2019\/11\/logo-pie-web.png","width":635,"height":326,"caption":"Radio Infinita Goya"},"image":{"@id":"https:\/\/radioinfinitagoya.com.ar\/v1\/#\/schema\/logo\/image\/"},"sameAs":["https:\/\/www.facebook.com\/p\/Infinita-Goya-100063870918311\/"]},{"@type":"Person","@id":"https:\/\/radioinfinitagoya.com.ar\/v1\/#\/schema\/person\/d4cf9c413d4f6edb24aabdccab49ca4a","name":"Jorge Mi\u00f1o","image":{"@type":"ImageObject","inLanguage":"es-AR","@id":"https:\/\/secure.gravatar.com\/avatar\/910fcf6728fe95320e07a6643c1581fec1c7fc4bf8ae12e3d8f0d0373dc844be?s=96&d=mm&r=g","url":"https:\/\/secure.gravatar.com\/avatar\/910fcf6728fe95320e07a6643c1581fec1c7fc4bf8ae12e3d8f0d0373dc844be?s=96&d=mm&r=g","contentUrl":"https:\/\/secure.gravatar.com\/avatar\/910fcf6728fe95320e07a6643c1581fec1c7fc4bf8ae12e3d8f0d0373dc844be?s=96&d=mm&r=g","caption":"Jorge Mi\u00f1o"},"sameAs":["http:\/\/radioinfinitagoya.com.ar"]}]}},"_links":{"self":[{"href":"https:\/\/radioinfinitagoya.com.ar\/v1\/wp-json\/wp\/v2\/posts\/201165","targetHints":{"allow":["GET"]}}],"collection":[{"href":"https:\/\/radioinfinitagoya.com.ar\/v1\/wp-json\/wp\/v2\/posts"}],"about":[{"href":"https:\/\/radioinfinitagoya.com.ar\/v1\/wp-json\/wp\/v2\/types\/post"}],"author":[{"embeddable":true,"href":"https:\/\/radioinfinitagoya.com.ar\/v1\/wp-json\/wp\/v2\/users\/4"}],"replies":[{"embeddable":true,"href":"https:\/\/radioinfinitagoya.com.ar\/v1\/wp-json\/wp\/v2\/comments?post=201165"}],"version-history":[{"count":0,"href":"https:\/\/radioinfinitagoya.com.ar\/v1\/wp-json\/wp\/v2\/posts\/201165\/revisions"}],"wp:featuredmedia":[{"embeddable":true,"href":"https:\/\/radioinfinitagoya.com.ar\/v1\/wp-json\/wp\/v2\/media\/201166"}],"wp:attachment":[{"href":"https:\/\/radioinfinitagoya.com.ar\/v1\/wp-json\/wp\/v2\/media?parent=201165"}],"wp:term":[{"taxonomy":"category","embeddable":true,"href":"https:\/\/radioinfinitagoya.com.ar\/v1\/wp-json\/wp\/v2\/categories?post=201165"},{"taxonomy":"post_tag","embeddable":true,"href":"https:\/\/radioinfinitagoya.com.ar\/v1\/wp-json\/wp\/v2\/tags?post=201165"}],"curies":[{"name":"wp","href":"https:\/\/api.w.org\/{rel}","templated":true}]}}