{"id":201182,"date":"2025-12-13T17:50:59","date_gmt":"2025-12-13T20:50:59","guid":{"rendered":"https:\/\/radioinfinitagoya.com.ar\/v1\/?p=201182"},"modified":"2025-12-13T17:50:59","modified_gmt":"2025-12-13T20:50:59","slug":"el-equipo-economico-guarda-la-motosierra-en-2026-y-apuesta-al-crecimiento-y-al-blanqueo-de-actividad","status":"publish","type":"post","link":"https:\/\/radioinfinitagoya.com.ar\/v1\/2025\/12\/13\/el-equipo-economico-guarda-la-motosierra-en-2026-y-apuesta-al-crecimiento-y-al-blanqueo-de-actividad\/","title":{"rendered":"El equipo econ\u00f3mico guarda la motosierra en 2026 y apuesta al crecimiento y al blanqueo de actividad"},"content":{"rendered":"<p>En Econom\u00eda consideran que la etapa del recorte de gastos est\u00e1 agotada. Para mantener el super\u00e1vit entienden que tiene que haber crecimiento econ\u00f3mico y mas empleo declarado.<\/p>\n<p>La imagen emblem\u00e1tica que acompa\u00f1\u00f3 al gobierno de Javier Milei en sus primeros dos a\u00f1os de gesti\u00f3n, la motosierra, tendr\u00e1 que ser reemplazada por otros instrumentos de ahora en m\u00e1s. En el equipo econ\u00f3mico ya dieron por agotada la etapa del ajuste duro.<\/p>\n<p>Los funcionarios del Palacio de Hacienda entienden que si el Gobierno quiere sostener los niveles de super\u00e1vit fiscal que hubo en la primera mitad de la gesti\u00f3n, no se podr\u00e1 recurrir m\u00e1s al recorte de gastos, porque ya no queda casi nada por recortar.<\/p>\n<p>Y es por ello que el ministro de Econom\u00eda, Luis Caputo, est\u00e1 poniendo sus mejores fichas al \u00e9xito de las reformas laboral y tributaria, con el doble efecto de generar mayor dinamismo en la actividad econ\u00f3mica y, a su vez, que se incremente la base imponible.<\/p>\n<p>\u201cLa reforma laboral es clave. Vinimos a bajar impuestos y la forma de hacerlo es conseguir super\u00e1vit\u201d, se\u00f1al\u00f3 esta semana en una charla con inversores organizada por IEB. El funcionario reconoci\u00f3 que \u201cpara seguir bajando impuestos ya no pasa por seguir haciendo ajuste fiscal, porque ya hemos hecho la mayor parte de ese ajuste, sino que pasa por lograr que la econom\u00eda crezca y que haya formalidad\u201d.<\/p>\n<p>\u201cCuando la econom\u00eda crece, crecen los recursos tributarios\u201d, explic\u00f3 Caputo, quien detall\u00f3 que \u201ccada cuatro puntos que la econom\u00eda crece, m\u00e1s o menos, recuperamos un punto de PBI de recaudaci\u00f3n\u201d.<\/p>\n<p>En ese sentido, sostuvo que \u201cel otro factor clave es la formalidad\u201d, para mejorar los ingresos del fisco. \u201cSi hay m\u00e1s formalidad, hay m\u00e1s super\u00e1vit y mayor posibilidad de hacer reducci\u00f3n de impuestos\u201d, detall\u00f3.<\/p>\n<p>De acuerdo con la estimaci\u00f3n que hizo el funcionario, si la econom\u00eda argentina creciera a un ritmo del 6% anual durante los pr\u00f3ximos ocho a\u00f1os, el Estado podr\u00eda devolver al sector privado unos u$s500.000 millones en impuestos.<\/p>\n<p>Los datos de FIEL<br \/>\nEl economista jefe de la Fundaci\u00f3n de Investigaciones Econ\u00f3micas Latinoamericanas (FIEL), Daniel Artana, coment\u00f3 en una charla para inversores organizada por Cohen Aliados Financieros que \u201cel Gobierno hizo una reducci\u00f3n del d\u00e9ficit fiscal de cinco puntos b\u00e1sicamente por ajuste del gasto\u201d, en sus dos a\u00f1os de gesti\u00f3n.<\/p>\n<p>\u201cHa habido una baja del 30% en t\u00e9rminos reales del gasto. Al principio algunos dec\u00edan que era licuaci\u00f3n y que se iba a dar vuelta, pero no pas\u00f3\u201d, dijo Artana.<\/p>\n<p>El economista se\u00f1al\u00f3 que el super\u00e1vit fiscal es \u201cel ancla pol\u00edtica y econ\u00f3mica de este Gobierno\u201d. En cuanto al PBI del a\u00f1o que viene, dijo que \u201ctenemos una proyecci\u00f3n de crecimiento de algo m\u00e1s del 3%, el Gobierno es m\u00e1s optimista con el 5%\u201d.<\/p>\n<p>\u201cUno tendr\u00eda que abrochar dos a\u00f1os seguidos de crecimiento: este a\u00f1o algo m\u00e1s de 4% debido al piso de comparaci\u00f3n malo del 2024. Uno deber\u00eda poder crecer producto de las mejoras de las condiciones financieras\u201d, indic\u00f3 en relaci\u00f3n con 2026.<\/p>\n<p>De acuerdo con datos que present\u00f3 el economista, en lo relacionado con la productividad laboral, medida como la relaci\u00f3n entre la actividad econ\u00f3mica y la cantidad de empleo total, seg\u00fan datos de FIEL, es igual a la que hab\u00eda hace 50 a\u00f1os. La cantidad de empleo est\u00e1 estancada. De all\u00ed la urgencia del Gobierno por el crecimiento del PBI y el mayor empleo, que a su vez traer\u00eda aparejado un mayor nivel de regularizaci\u00f3n de la econom\u00eda.<\/p>\n<p>Caen los ingresos<br \/>\nEl otro problema que tiene el Gobierno es que la recaudaci\u00f3n de impuestos este a\u00f1o caer\u00eda un 1% real. El a\u00f1o pr\u00f3ximo tendr\u00eda que recuperar, porque el piso de comparaci\u00f3n que dejar\u00e1 2025 es bajo. Cabe recordar que en 2024 hubo m\u00e1s ingresos debido a la vigencia del Impuesto PA\u00cdS, la moratoria fiscal y el blanqueo, adem\u00e1s de la restituci\u00f3n del Impuesto a las Ganancias de la cuarta categor\u00eda.<\/p>\n<p>En 2026 subir\u00e1 el gasto<br \/>\nDe acuerdo con un informe del Instituto Argentino de An\u00e1lisis Fiscal (IARAF) sobre el proyecto de Presupuesto 2026 que tratar\u00e1 el Congreso en breve, si se analiza la totalidad del Sector P\u00fablico Nacional, se aprecia que el gasto corriente tendr\u00eda un incremento real del 5% en 2026 respecto de 2025 y el gasto de capital un incremento del 48%, con lo cual el gasto total crecer\u00eda un 6% real. Al considerar el gasto primario, la suba tambi\u00e9n ser\u00eda del 6% real entre 2025 y 2026.<\/p>\n","protected":false},"excerpt":{"rendered":"<p>En Econom\u00eda consideran que la etapa del recorte de gastos est\u00e1 agotada. Para mantener el super\u00e1vit entienden que tiene que haber crecimiento econ\u00f3mico y mas empleo declarado. La imagen emblem\u00e1tica que acompa\u00f1\u00f3 al gobierno de Javier Milei en sus primeros dos a\u00f1os de gesti\u00f3n, la motosierra, tendr\u00e1 que ser reemplazada por otros instrumentos de ahora [&hellip;]<\/p>\n","protected":false},"author":4,"featured_media":201183,"comment_status":"open","ping_status":"open","sticky":false,"template":"","format":"standard","meta":{"_joinchat":[],"footnotes":""},"categories":[34],"tags":[],"class_list":{"0":"post-201182","1":"post","2":"type-post","3":"status-publish","4":"format-standard","5":"has-post-thumbnail","7":"category-principal"},"yoast_head":"<!-- This site is optimized with the Yoast SEO plugin v27.2 - https:\/\/yoast.com\/product\/yoast-seo-wordpress\/ -->\n<title>El equipo econ\u00f3mico guarda la motosierra en 2026 y apuesta al crecimiento y al blanqueo de actividad - Radio Infinita Goya<\/title>\n<meta name=\"description\" content=\"En Econom\u00eda consideran que la etapa del recorte de gastos est\u00e1 agotada. Para mantener el super\u00e1vit entienden que tiene que haber crecimiento econ\u00f3mico y\" \/>\n<meta name=\"robots\" content=\"index, follow, max-snippet:-1, max-image-preview:large, max-video-preview:-1\" \/>\n<link rel=\"canonical\" href=\"https:\/\/radioinfinitagoya.com.ar\/v1\/2025\/12\/13\/el-equipo-economico-guarda-la-motosierra-en-2026-y-apuesta-al-crecimiento-y-al-blanqueo-de-actividad\/\" \/>\n<meta property=\"og:locale\" content=\"es_ES\" \/>\n<meta property=\"og:type\" content=\"article\" \/>\n<meta property=\"og:title\" content=\"El equipo econ\u00f3mico guarda la motosierra en 2026 y apuesta al crecimiento y al blanqueo de actividad - Radio Infinita Goya\" \/>\n<meta property=\"og:description\" content=\"En Econom\u00eda consideran que la etapa del recorte de gastos est\u00e1 agotada. Para mantener el super\u00e1vit entienden que tiene que haber crecimiento econ\u00f3mico y\" \/>\n<meta property=\"og:url\" content=\"https:\/\/radioinfinitagoya.com.ar\/v1\/2025\/12\/13\/el-equipo-economico-guarda-la-motosierra-en-2026-y-apuesta-al-crecimiento-y-al-blanqueo-de-actividad\/\" \/>\n<meta property=\"og:site_name\" content=\"Radio Infinita Goya\" \/>\n<meta property=\"article:publisher\" content=\"https:\/\/www.facebook.com\/p\/Infinita-Goya-100063870918311\/\" \/>\n<meta property=\"article:published_time\" content=\"2025-12-13T20:50:59+00:00\" \/>\n<meta property=\"og:image\" content=\"https:\/\/radioinfinitagoya.com.ar\/v1\/wp-content\/uploads\/2025\/12\/motosierra-pesos-recorte-ajuste-gasto-publicojpg.webp\" \/>\n\t<meta property=\"og:image:width\" content=\"655\" \/>\n\t<meta property=\"og:image:height\" content=\"368\" \/>\n\t<meta property=\"og:image:type\" content=\"image\/webp\" \/>\n<meta name=\"author\" content=\"Jorge Mi\u00f1o\" \/>\n<meta name=\"twitter:card\" content=\"summary_large_image\" \/>\n<meta name=\"twitter:label1\" content=\"Escrito por\" \/>\n\t<meta name=\"twitter:data1\" content=\"Jorge Mi\u00f1o\" \/>\n\t<meta name=\"twitter:label2\" content=\"Tiempo de lectura\" \/>\n\t<meta name=\"twitter:data2\" content=\"4 minutos\" \/>\n<script type=\"application\/ld+json\" class=\"yoast-schema-graph\">{\"@context\":\"https:\/\/schema.org\",\"@graph\":[{\"@type\":\"Article\",\"@id\":\"https:\/\/radioinfinitagoya.com.ar\/v1\/2025\/12\/13\/el-equipo-economico-guarda-la-motosierra-en-2026-y-apuesta-al-crecimiento-y-al-blanqueo-de-actividad\/#article\",\"isPartOf\":{\"@id\":\"https:\/\/radioinfinitagoya.com.ar\/v1\/2025\/12\/13\/el-equipo-economico-guarda-la-motosierra-en-2026-y-apuesta-al-crecimiento-y-al-blanqueo-de-actividad\/\"},\"author\":{\"name\":\"Jorge Mi\u00f1o\",\"@id\":\"https:\/\/radioinfinitagoya.com.ar\/v1\/#\/schema\/person\/d4cf9c413d4f6edb24aabdccab49ca4a\"},\"headline\":\"El equipo econ\u00f3mico guarda la motosierra en 2026 y apuesta al crecimiento y al blanqueo de actividad\",\"datePublished\":\"2025-12-13T20:50:59+00:00\",\"mainEntityOfPage\":{\"@id\":\"https:\/\/radioinfinitagoya.com.ar\/v1\/2025\/12\/13\/el-equipo-economico-guarda-la-motosierra-en-2026-y-apuesta-al-crecimiento-y-al-blanqueo-de-actividad\/\"},\"wordCount\":809,\"commentCount\":0,\"publisher\":{\"@id\":\"https:\/\/radioinfinitagoya.com.ar\/v1\/#organization\"},\"image\":{\"@id\":\"https:\/\/radioinfinitagoya.com.ar\/v1\/2025\/12\/13\/el-equipo-economico-guarda-la-motosierra-en-2026-y-apuesta-al-crecimiento-y-al-blanqueo-de-actividad\/#primaryimage\"},\"thumbnailUrl\":\"https:\/\/radioinfinitagoya.com.ar\/v1\/wp-content\/uploads\/2025\/12\/motosierra-pesos-recorte-ajuste-gasto-publicojpg.webp\",\"articleSection\":[\"PRINCIPAL\"],\"inLanguage\":\"es-AR\",\"potentialAction\":[{\"@type\":\"CommentAction\",\"name\":\"Comment\",\"target\":[\"https:\/\/radioinfinitagoya.com.ar\/v1\/2025\/12\/13\/el-equipo-economico-guarda-la-motosierra-en-2026-y-apuesta-al-crecimiento-y-al-blanqueo-de-actividad\/#respond\"]}]},{\"@type\":\"WebPage\",\"@id\":\"https:\/\/radioinfinitagoya.com.ar\/v1\/2025\/12\/13\/el-equipo-economico-guarda-la-motosierra-en-2026-y-apuesta-al-crecimiento-y-al-blanqueo-de-actividad\/\",\"url\":\"https:\/\/radioinfinitagoya.com.ar\/v1\/2025\/12\/13\/el-equipo-economico-guarda-la-motosierra-en-2026-y-apuesta-al-crecimiento-y-al-blanqueo-de-actividad\/\",\"name\":\"El equipo econ\u00f3mico guarda la motosierra en 2026 y apuesta al crecimiento y al blanqueo de actividad - Radio Infinita Goya\",\"isPartOf\":{\"@id\":\"https:\/\/radioinfinitagoya.com.ar\/v1\/#website\"},\"primaryImageOfPage\":{\"@id\":\"https:\/\/radioinfinitagoya.com.ar\/v1\/2025\/12\/13\/el-equipo-economico-guarda-la-motosierra-en-2026-y-apuesta-al-crecimiento-y-al-blanqueo-de-actividad\/#primaryimage\"},\"image\":{\"@id\":\"https:\/\/radioinfinitagoya.com.ar\/v1\/2025\/12\/13\/el-equipo-economico-guarda-la-motosierra-en-2026-y-apuesta-al-crecimiento-y-al-blanqueo-de-actividad\/#primaryimage\"},\"thumbnailUrl\":\"https:\/\/radioinfinitagoya.com.ar\/v1\/wp-content\/uploads\/2025\/12\/motosierra-pesos-recorte-ajuste-gasto-publicojpg.webp\",\"datePublished\":\"2025-12-13T20:50:59+00:00\",\"description\":\"En Econom\u00eda consideran que la etapa del recorte de gastos est\u00e1 agotada. Para mantener el super\u00e1vit entienden que tiene que haber crecimiento econ\u00f3mico y\",\"breadcrumb\":{\"@id\":\"https:\/\/radioinfinitagoya.com.ar\/v1\/2025\/12\/13\/el-equipo-economico-guarda-la-motosierra-en-2026-y-apuesta-al-crecimiento-y-al-blanqueo-de-actividad\/#breadcrumb\"},\"inLanguage\":\"es-AR\",\"potentialAction\":[{\"@type\":\"ReadAction\",\"target\":[\"https:\/\/radioinfinitagoya.com.ar\/v1\/2025\/12\/13\/el-equipo-economico-guarda-la-motosierra-en-2026-y-apuesta-al-crecimiento-y-al-blanqueo-de-actividad\/\"]}]},{\"@type\":\"ImageObject\",\"inLanguage\":\"es-AR\",\"@id\":\"https:\/\/radioinfinitagoya.com.ar\/v1\/2025\/12\/13\/el-equipo-economico-guarda-la-motosierra-en-2026-y-apuesta-al-crecimiento-y-al-blanqueo-de-actividad\/#primaryimage\",\"url\":\"https:\/\/radioinfinitagoya.com.ar\/v1\/wp-content\/uploads\/2025\/12\/motosierra-pesos-recorte-ajuste-gasto-publicojpg.webp\",\"contentUrl\":\"https:\/\/radioinfinitagoya.com.ar\/v1\/wp-content\/uploads\/2025\/12\/motosierra-pesos-recorte-ajuste-gasto-publicojpg.webp\",\"width\":655,\"height\":368},{\"@type\":\"BreadcrumbList\",\"@id\":\"https:\/\/radioinfinitagoya.com.ar\/v1\/2025\/12\/13\/el-equipo-economico-guarda-la-motosierra-en-2026-y-apuesta-al-crecimiento-y-al-blanqueo-de-actividad\/#breadcrumb\",\"itemListElement\":[{\"@type\":\"ListItem\",\"position\":1,\"name\":\"Inicio\",\"item\":\"https:\/\/radioinfinitagoya.com.ar\/v1\/\"},{\"@type\":\"ListItem\",\"position\":2,\"name\":\"El equipo econ\u00f3mico guarda la motosierra en 2026 y apuesta al crecimiento y al blanqueo de actividad\"}]},{\"@type\":\"WebSite\",\"@id\":\"https:\/\/radioinfinitagoya.com.ar\/v1\/#website\",\"url\":\"https:\/\/radioinfinitagoya.com.ar\/v1\/\",\"name\":\"radioinfinitagoya.com.ar\",\"description\":\"Radio de noticias\",\"publisher\":{\"@id\":\"https:\/\/radioinfinitagoya.com.ar\/v1\/#organization\"},\"potentialAction\":[{\"@type\":\"SearchAction\",\"target\":{\"@type\":\"EntryPoint\",\"urlTemplate\":\"https:\/\/radioinfinitagoya.com.ar\/v1\/?s={search_term_string}\"},\"query-input\":{\"@type\":\"PropertyValueSpecification\",\"valueRequired\":true,\"valueName\":\"search_term_string\"}}],\"inLanguage\":\"es-AR\"},{\"@type\":\"Organization\",\"@id\":\"https:\/\/radioinfinitagoya.com.ar\/v1\/#organization\",\"name\":\"Radio Infinita Goya\",\"url\":\"https:\/\/radioinfinitagoya.com.ar\/v1\/\",\"logo\":{\"@type\":\"ImageObject\",\"inLanguage\":\"es-AR\",\"@id\":\"https:\/\/radioinfinitagoya.com.ar\/v1\/#\/schema\/logo\/image\/\",\"url\":\"https:\/\/radioinfinitagoya.com.ar\/v1\/wp-content\/uploads\/2019\/11\/logo-pie-web.png\",\"contentUrl\":\"https:\/\/radioinfinitagoya.com.ar\/v1\/wp-content\/uploads\/2019\/11\/logo-pie-web.png\",\"width\":635,\"height\":326,\"caption\":\"Radio Infinita Goya\"},\"image\":{\"@id\":\"https:\/\/radioinfinitagoya.com.ar\/v1\/#\/schema\/logo\/image\/\"},\"sameAs\":[\"https:\/\/www.facebook.com\/p\/Infinita-Goya-100063870918311\/\"]},{\"@type\":\"Person\",\"@id\":\"https:\/\/radioinfinitagoya.com.ar\/v1\/#\/schema\/person\/d4cf9c413d4f6edb24aabdccab49ca4a\",\"name\":\"Jorge Mi\u00f1o\",\"image\":{\"@type\":\"ImageObject\",\"inLanguage\":\"es-AR\",\"@id\":\"https:\/\/secure.gravatar.com\/avatar\/910fcf6728fe95320e07a6643c1581fec1c7fc4bf8ae12e3d8f0d0373dc844be?s=96&d=mm&r=g\",\"url\":\"https:\/\/secure.gravatar.com\/avatar\/910fcf6728fe95320e07a6643c1581fec1c7fc4bf8ae12e3d8f0d0373dc844be?s=96&d=mm&r=g\",\"contentUrl\":\"https:\/\/secure.gravatar.com\/avatar\/910fcf6728fe95320e07a6643c1581fec1c7fc4bf8ae12e3d8f0d0373dc844be?s=96&d=mm&r=g\",\"caption\":\"Jorge Mi\u00f1o\"},\"sameAs\":[\"http:\/\/radioinfinitagoya.com.ar\"]}]}<\/script>\n<!-- \/ Yoast SEO plugin. -->","yoast_head_json":{"title":"El equipo econ\u00f3mico guarda la motosierra en 2026 y apuesta al crecimiento y al blanqueo de actividad - Radio Infinita Goya","description":"En Econom\u00eda consideran que la etapa del recorte de gastos est\u00e1 agotada. Para mantener el super\u00e1vit entienden que tiene que haber crecimiento econ\u00f3mico y","robots":{"index":"index","follow":"follow","max-snippet":"max-snippet:-1","max-image-preview":"max-image-preview:large","max-video-preview":"max-video-preview:-1"},"canonical":"https:\/\/radioinfinitagoya.com.ar\/v1\/2025\/12\/13\/el-equipo-economico-guarda-la-motosierra-en-2026-y-apuesta-al-crecimiento-y-al-blanqueo-de-actividad\/","og_locale":"es_ES","og_type":"article","og_title":"El equipo econ\u00f3mico guarda la motosierra en 2026 y apuesta al crecimiento y al blanqueo de actividad - Radio Infinita Goya","og_description":"En Econom\u00eda consideran que la etapa del recorte de gastos est\u00e1 agotada. Para mantener el super\u00e1vit entienden que tiene que haber crecimiento econ\u00f3mico y","og_url":"https:\/\/radioinfinitagoya.com.ar\/v1\/2025\/12\/13\/el-equipo-economico-guarda-la-motosierra-en-2026-y-apuesta-al-crecimiento-y-al-blanqueo-de-actividad\/","og_site_name":"Radio Infinita Goya","article_publisher":"https:\/\/www.facebook.com\/p\/Infinita-Goya-100063870918311\/","article_published_time":"2025-12-13T20:50:59+00:00","og_image":[{"width":655,"height":368,"url":"https:\/\/radioinfinitagoya.com.ar\/v1\/wp-content\/uploads\/2025\/12\/motosierra-pesos-recorte-ajuste-gasto-publicojpg.webp","type":"image\/webp"}],"author":"Jorge Mi\u00f1o","twitter_card":"summary_large_image","twitter_misc":{"Escrito por":"Jorge Mi\u00f1o","Tiempo de lectura":"4 minutos"},"schema":{"@context":"https:\/\/schema.org","@graph":[{"@type":"Article","@id":"https:\/\/radioinfinitagoya.com.ar\/v1\/2025\/12\/13\/el-equipo-economico-guarda-la-motosierra-en-2026-y-apuesta-al-crecimiento-y-al-blanqueo-de-actividad\/#article","isPartOf":{"@id":"https:\/\/radioinfinitagoya.com.ar\/v1\/2025\/12\/13\/el-equipo-economico-guarda-la-motosierra-en-2026-y-apuesta-al-crecimiento-y-al-blanqueo-de-actividad\/"},"author":{"name":"Jorge Mi\u00f1o","@id":"https:\/\/radioinfinitagoya.com.ar\/v1\/#\/schema\/person\/d4cf9c413d4f6edb24aabdccab49ca4a"},"headline":"El equipo econ\u00f3mico guarda la motosierra en 2026 y apuesta al crecimiento y al blanqueo de actividad","datePublished":"2025-12-13T20:50:59+00:00","mainEntityOfPage":{"@id":"https:\/\/radioinfinitagoya.com.ar\/v1\/2025\/12\/13\/el-equipo-economico-guarda-la-motosierra-en-2026-y-apuesta-al-crecimiento-y-al-blanqueo-de-actividad\/"},"wordCount":809,"commentCount":0,"publisher":{"@id":"https:\/\/radioinfinitagoya.com.ar\/v1\/#organization"},"image":{"@id":"https:\/\/radioinfinitagoya.com.ar\/v1\/2025\/12\/13\/el-equipo-economico-guarda-la-motosierra-en-2026-y-apuesta-al-crecimiento-y-al-blanqueo-de-actividad\/#primaryimage"},"thumbnailUrl":"https:\/\/radioinfinitagoya.com.ar\/v1\/wp-content\/uploads\/2025\/12\/motosierra-pesos-recorte-ajuste-gasto-publicojpg.webp","articleSection":["PRINCIPAL"],"inLanguage":"es-AR","potentialAction":[{"@type":"CommentAction","name":"Comment","target":["https:\/\/radioinfinitagoya.com.ar\/v1\/2025\/12\/13\/el-equipo-economico-guarda-la-motosierra-en-2026-y-apuesta-al-crecimiento-y-al-blanqueo-de-actividad\/#respond"]}]},{"@type":"WebPage","@id":"https:\/\/radioinfinitagoya.com.ar\/v1\/2025\/12\/13\/el-equipo-economico-guarda-la-motosierra-en-2026-y-apuesta-al-crecimiento-y-al-blanqueo-de-actividad\/","url":"https:\/\/radioinfinitagoya.com.ar\/v1\/2025\/12\/13\/el-equipo-economico-guarda-la-motosierra-en-2026-y-apuesta-al-crecimiento-y-al-blanqueo-de-actividad\/","name":"El equipo econ\u00f3mico guarda la motosierra en 2026 y apuesta al crecimiento y al blanqueo de actividad - Radio Infinita Goya","isPartOf":{"@id":"https:\/\/radioinfinitagoya.com.ar\/v1\/#website"},"primaryImageOfPage":{"@id":"https:\/\/radioinfinitagoya.com.ar\/v1\/2025\/12\/13\/el-equipo-economico-guarda-la-motosierra-en-2026-y-apuesta-al-crecimiento-y-al-blanqueo-de-actividad\/#primaryimage"},"image":{"@id":"https:\/\/radioinfinitagoya.com.ar\/v1\/2025\/12\/13\/el-equipo-economico-guarda-la-motosierra-en-2026-y-apuesta-al-crecimiento-y-al-blanqueo-de-actividad\/#primaryimage"},"thumbnailUrl":"https:\/\/radioinfinitagoya.com.ar\/v1\/wp-content\/uploads\/2025\/12\/motosierra-pesos-recorte-ajuste-gasto-publicojpg.webp","datePublished":"2025-12-13T20:50:59+00:00","description":"En Econom\u00eda consideran que la etapa del recorte de gastos est\u00e1 agotada. Para mantener el super\u00e1vit entienden que tiene que haber crecimiento econ\u00f3mico y","breadcrumb":{"@id":"https:\/\/radioinfinitagoya.com.ar\/v1\/2025\/12\/13\/el-equipo-economico-guarda-la-motosierra-en-2026-y-apuesta-al-crecimiento-y-al-blanqueo-de-actividad\/#breadcrumb"},"inLanguage":"es-AR","potentialAction":[{"@type":"ReadAction","target":["https:\/\/radioinfinitagoya.com.ar\/v1\/2025\/12\/13\/el-equipo-economico-guarda-la-motosierra-en-2026-y-apuesta-al-crecimiento-y-al-blanqueo-de-actividad\/"]}]},{"@type":"ImageObject","inLanguage":"es-AR","@id":"https:\/\/radioinfinitagoya.com.ar\/v1\/2025\/12\/13\/el-equipo-economico-guarda-la-motosierra-en-2026-y-apuesta-al-crecimiento-y-al-blanqueo-de-actividad\/#primaryimage","url":"https:\/\/radioinfinitagoya.com.ar\/v1\/wp-content\/uploads\/2025\/12\/motosierra-pesos-recorte-ajuste-gasto-publicojpg.webp","contentUrl":"https:\/\/radioinfinitagoya.com.ar\/v1\/wp-content\/uploads\/2025\/12\/motosierra-pesos-recorte-ajuste-gasto-publicojpg.webp","width":655,"height":368},{"@type":"BreadcrumbList","@id":"https:\/\/radioinfinitagoya.com.ar\/v1\/2025\/12\/13\/el-equipo-economico-guarda-la-motosierra-en-2026-y-apuesta-al-crecimiento-y-al-blanqueo-de-actividad\/#breadcrumb","itemListElement":[{"@type":"ListItem","position":1,"name":"Inicio","item":"https:\/\/radioinfinitagoya.com.ar\/v1\/"},{"@type":"ListItem","position":2,"name":"El equipo econ\u00f3mico guarda la motosierra en 2026 y apuesta al crecimiento y al blanqueo de actividad"}]},{"@type":"WebSite","@id":"https:\/\/radioinfinitagoya.com.ar\/v1\/#website","url":"https:\/\/radioinfinitagoya.com.ar\/v1\/","name":"radioinfinitagoya.com.ar","description":"Radio de noticias","publisher":{"@id":"https:\/\/radioinfinitagoya.com.ar\/v1\/#organization"},"potentialAction":[{"@type":"SearchAction","target":{"@type":"EntryPoint","urlTemplate":"https:\/\/radioinfinitagoya.com.ar\/v1\/?s={search_term_string}"},"query-input":{"@type":"PropertyValueSpecification","valueRequired":true,"valueName":"search_term_string"}}],"inLanguage":"es-AR"},{"@type":"Organization","@id":"https:\/\/radioinfinitagoya.com.ar\/v1\/#organization","name":"Radio Infinita Goya","url":"https:\/\/radioinfinitagoya.com.ar\/v1\/","logo":{"@type":"ImageObject","inLanguage":"es-AR","@id":"https:\/\/radioinfinitagoya.com.ar\/v1\/#\/schema\/logo\/image\/","url":"https:\/\/radioinfinitagoya.com.ar\/v1\/wp-content\/uploads\/2019\/11\/logo-pie-web.png","contentUrl":"https:\/\/radioinfinitagoya.com.ar\/v1\/wp-content\/uploads\/2019\/11\/logo-pie-web.png","width":635,"height":326,"caption":"Radio Infinita Goya"},"image":{"@id":"https:\/\/radioinfinitagoya.com.ar\/v1\/#\/schema\/logo\/image\/"},"sameAs":["https:\/\/www.facebook.com\/p\/Infinita-Goya-100063870918311\/"]},{"@type":"Person","@id":"https:\/\/radioinfinitagoya.com.ar\/v1\/#\/schema\/person\/d4cf9c413d4f6edb24aabdccab49ca4a","name":"Jorge Mi\u00f1o","image":{"@type":"ImageObject","inLanguage":"es-AR","@id":"https:\/\/secure.gravatar.com\/avatar\/910fcf6728fe95320e07a6643c1581fec1c7fc4bf8ae12e3d8f0d0373dc844be?s=96&d=mm&r=g","url":"https:\/\/secure.gravatar.com\/avatar\/910fcf6728fe95320e07a6643c1581fec1c7fc4bf8ae12e3d8f0d0373dc844be?s=96&d=mm&r=g","contentUrl":"https:\/\/secure.gravatar.com\/avatar\/910fcf6728fe95320e07a6643c1581fec1c7fc4bf8ae12e3d8f0d0373dc844be?s=96&d=mm&r=g","caption":"Jorge Mi\u00f1o"},"sameAs":["http:\/\/radioinfinitagoya.com.ar"]}]}},"_links":{"self":[{"href":"https:\/\/radioinfinitagoya.com.ar\/v1\/wp-json\/wp\/v2\/posts\/201182","targetHints":{"allow":["GET"]}}],"collection":[{"href":"https:\/\/radioinfinitagoya.com.ar\/v1\/wp-json\/wp\/v2\/posts"}],"about":[{"href":"https:\/\/radioinfinitagoya.com.ar\/v1\/wp-json\/wp\/v2\/types\/post"}],"author":[{"embeddable":true,"href":"https:\/\/radioinfinitagoya.com.ar\/v1\/wp-json\/wp\/v2\/users\/4"}],"replies":[{"embeddable":true,"href":"https:\/\/radioinfinitagoya.com.ar\/v1\/wp-json\/wp\/v2\/comments?post=201182"}],"version-history":[{"count":0,"href":"https:\/\/radioinfinitagoya.com.ar\/v1\/wp-json\/wp\/v2\/posts\/201182\/revisions"}],"wp:featuredmedia":[{"embeddable":true,"href":"https:\/\/radioinfinitagoya.com.ar\/v1\/wp-json\/wp\/v2\/media\/201183"}],"wp:attachment":[{"href":"https:\/\/radioinfinitagoya.com.ar\/v1\/wp-json\/wp\/v2\/media?parent=201182"}],"wp:term":[{"taxonomy":"category","embeddable":true,"href":"https:\/\/radioinfinitagoya.com.ar\/v1\/wp-json\/wp\/v2\/categories?post=201182"},{"taxonomy":"post_tag","embeddable":true,"href":"https:\/\/radioinfinitagoya.com.ar\/v1\/wp-json\/wp\/v2\/tags?post=201182"}],"curies":[{"name":"wp","href":"https:\/\/api.w.org\/{rel}","templated":true}]}}