{"id":201197,"date":"2025-12-14T17:45:44","date_gmt":"2025-12-14T20:45:44","guid":{"rendered":"https:\/\/radioinfinitagoya.com.ar\/v1\/?p=201197"},"modified":"2025-12-14T17:45:44","modified_gmt":"2025-12-14T20:45:44","slug":"paso-de-la-patria-en-rojo-analizan-pagar-el-sueldo-en-dos-etapas","status":"publish","type":"post","link":"https:\/\/radioinfinitagoya.com.ar\/v1\/2025\/12\/14\/paso-de-la-patria-en-rojo-analizan-pagar-el-sueldo-en-dos-etapas\/","title":{"rendered":"Paso de la Patria en rojo: analizan pagar el sueldo en dos etapas"},"content":{"rendered":"<p>El l\u00edder comunal, Oscar &#8220;Chino&#8221; Garc\u00eda, afirm\u00f3 el municipio atraviesa una situaci\u00f3n financiera cr\u00edtica y analiz\u00f3 alternativas para cumplir con los trabajadores municipales.<\/p>\n<p>pocos d\u00edas de haber asumido al frente del Municipio de Paso de la Patria, el intendente Oscar \u201cChino\u201d Garc\u00eda asegur\u00f3 que encontr\u00f3 una comuna con serios problemas financieros y una deuda superior a los 180 millones de pesos con proveedores.<\/p>\n<p>Seg\u00fan explic\u00f3, la informaci\u00f3n completa sobre el estado del minicipio pudo conocerse reci\u00e9n a partir del 9 de diciembre, cuando se concret\u00f3 la recepci\u00f3n formal de la documentaci\u00f3n de la gesti\u00f3n saliente.<\/p>\n<p>Seg\u00fan explic\u00f3, la informaci\u00f3n completa sobre el estado del minicipio pudo conocerse reci\u00e9n a partir del 9 de diciembre, cuando se concret\u00f3 la recepci\u00f3n formal de la documentaci\u00f3n de la gesti\u00f3n saliente.<\/p>\n<p>\u201cRecibimos un municipio con mucha preocupaci\u00f3n, con una deuda importante y con servicios muy deteriorados\u201d, se\u00f1al\u00f3 el jefe comunal en di\u00e1logo con Radio La Red Corrientes.<\/p>\n<p>Sueldos y aguinaldo: el principal desaf\u00edo inmediato<\/p>\n<p>Uno de los puntos centrales que abord\u00f3 Garc\u00eda fue la situaci\u00f3n salarial de los trabajadores municipales. El intendente reconoci\u00f3 que el pago de sueldos y aguinaldo es hoy una de las prioridades de su gesti\u00f3n.<\/p>\n<p>\u201cEstamos trabajando para poder recaudar lo suficiente como para hacer frente al compromiso de salario y, por supuesto, de aguinaldo\u201d, afirm\u00f3. Si bien aclar\u00f3 que a\u00fan no est\u00e1 totalmente garantizado, sostuvo que el objetivo es cumplir con ambos compromisos antes de fin de a\u00f1o.<\/p>\n<p>En ese sentido, explic\u00f3 que se eval\u00faa la posibilidad de abonar los sueldos en dos etapas: una parte a fin de mes y el resto en los primeros d\u00edas del mes siguiente.<\/p>\n<p>Acompa\u00f1amiento de vecinos y sector privado<br \/>\nGarc\u00eda destac\u00f3 adem\u00e1s la colaboraci\u00f3n de vecinos y del sector privado, quienes comenzaron a aportar maquinaria, combustible y servicios para sostener tareas b\u00e1sicas como la recolecci\u00f3n de residuos, el desmalezado y la puesta en condiciones de los espacios p\u00fablicos.<\/p>\n<p>&#8220;Hay mucha actitud por parte de la gente y eso nos ayuda a atravesar este momento\u201d, remarc\u00f3.<\/p>\n<p>Expectativa por la temporada tur\u00edstica<br \/>\nEl intendente subray\u00f3 que la pr\u00f3xima temporada de verano ser\u00e1 clave para generar ingresos que permitan estabilizar la situaci\u00f3n financiera del municipio. En ese marco, confirm\u00f3 que se trabaja junto a c\u00e1maras empresariales y prestadores tur\u00edsticos para reactivar la actividad econ\u00f3mica.<\/p>\n<p>&#8220;La C\u00e1mara de Comercio y la Caprestur, que es la C\u00e1mara de Prestadores de Servicios, nuclean pr\u00e1cticamente a m\u00e1s del 70 al 80% de los comercios del lugar&#8221;, destac\u00f3 Garc\u00eda sobre los emprendimientos y comercios locales.<\/p>\n<p>El intendente sostuvo que se preparan para la temporada de verano pues \u201cdependemos del turismo y el verano es fundamental para que la comunidad pueda funcionar\u201d, sostuvo.<\/p>\n","protected":false},"excerpt":{"rendered":"<p>El l\u00edder comunal, Oscar &#8220;Chino&#8221; Garc\u00eda, afirm\u00f3 el municipio atraviesa una situaci\u00f3n financiera cr\u00edtica y analiz\u00f3 alternativas para cumplir con los trabajadores municipales. pocos d\u00edas de haber asumido al frente del Municipio de Paso de la Patria, el intendente Oscar \u201cChino\u201d Garc\u00eda asegur\u00f3 que encontr\u00f3 una comuna con serios problemas financieros y una deuda superior [&hellip;]<\/p>\n","protected":false},"author":4,"featured_media":201198,"comment_status":"open","ping_status":"open","sticky":false,"template":"","format":"standard","meta":{"_joinchat":[],"footnotes":""},"categories":[26],"tags":[],"class_list":{"0":"post-201197","1":"post","2":"type-post","3":"status-publish","4":"format-standard","5":"has-post-thumbnail","7":"category-provinciales"},"yoast_head":"<!-- This site is optimized with the Yoast SEO plugin v27.2 - https:\/\/yoast.com\/product\/yoast-seo-wordpress\/ -->\n<title>Paso de la Patria en rojo: analizan pagar el sueldo en dos etapas - Radio Infinita Goya<\/title>\n<meta name=\"description\" content=\"El l\u00edder comunal, Oscar &quot;Chino&quot; Garc\u00eda, afirm\u00f3 el municipio atraviesa una situaci\u00f3n financiera cr\u00edtica y analiz\u00f3 alternativas para cumplir con los\" \/>\n<meta name=\"robots\" content=\"index, follow, max-snippet:-1, max-image-preview:large, max-video-preview:-1\" \/>\n<link rel=\"canonical\" href=\"https:\/\/radioinfinitagoya.com.ar\/v1\/2025\/12\/14\/paso-de-la-patria-en-rojo-analizan-pagar-el-sueldo-en-dos-etapas\/\" \/>\n<meta property=\"og:locale\" content=\"es_ES\" \/>\n<meta property=\"og:type\" content=\"article\" \/>\n<meta property=\"og:title\" content=\"Paso de la Patria en rojo: analizan pagar el sueldo en dos etapas - Radio Infinita Goya\" \/>\n<meta property=\"og:description\" content=\"El l\u00edder comunal, Oscar &quot;Chino&quot; Garc\u00eda, afirm\u00f3 el municipio atraviesa una situaci\u00f3n financiera cr\u00edtica y analiz\u00f3 alternativas para cumplir con los\" \/>\n<meta property=\"og:url\" content=\"https:\/\/radioinfinitagoya.com.ar\/v1\/2025\/12\/14\/paso-de-la-patria-en-rojo-analizan-pagar-el-sueldo-en-dos-etapas\/\" \/>\n<meta property=\"og:site_name\" content=\"Radio Infinita Goya\" \/>\n<meta property=\"article:publisher\" content=\"https:\/\/www.facebook.com\/p\/Infinita-Goya-100063870918311\/\" \/>\n<meta property=\"article:published_time\" content=\"2025-12-14T20:45:44+00:00\" \/>\n<meta property=\"og:image\" content=\"https:\/\/radioinfinitagoya.com.ar\/v1\/wp-content\/uploads\/2025\/12\/1765728547297-1.webp\" \/>\n\t<meta property=\"og:image:width\" content=\"1200\" \/>\n\t<meta property=\"og:image:height\" content=\"675\" \/>\n\t<meta property=\"og:image:type\" content=\"image\/webp\" \/>\n<meta name=\"author\" content=\"Jorge Mi\u00f1o\" \/>\n<meta name=\"twitter:card\" content=\"summary_large_image\" \/>\n<meta name=\"twitter:label1\" content=\"Escrito por\" \/>\n\t<meta name=\"twitter:data1\" content=\"Jorge Mi\u00f1o\" \/>\n\t<meta name=\"twitter:label2\" content=\"Tiempo de lectura\" \/>\n\t<meta name=\"twitter:data2\" content=\"2 minutos\" \/>\n<script type=\"application\/ld+json\" class=\"yoast-schema-graph\">{\"@context\":\"https:\/\/schema.org\",\"@graph\":[{\"@type\":\"Article\",\"@id\":\"https:\/\/radioinfinitagoya.com.ar\/v1\/2025\/12\/14\/paso-de-la-patria-en-rojo-analizan-pagar-el-sueldo-en-dos-etapas\/#article\",\"isPartOf\":{\"@id\":\"https:\/\/radioinfinitagoya.com.ar\/v1\/2025\/12\/14\/paso-de-la-patria-en-rojo-analizan-pagar-el-sueldo-en-dos-etapas\/\"},\"author\":{\"name\":\"Jorge Mi\u00f1o\",\"@id\":\"https:\/\/radioinfinitagoya.com.ar\/v1\/#\/schema\/person\/d4cf9c413d4f6edb24aabdccab49ca4a\"},\"headline\":\"Paso de la Patria en rojo: analizan pagar el sueldo en dos etapas\",\"datePublished\":\"2025-12-14T20:45:44+00:00\",\"mainEntityOfPage\":{\"@id\":\"https:\/\/radioinfinitagoya.com.ar\/v1\/2025\/12\/14\/paso-de-la-patria-en-rojo-analizan-pagar-el-sueldo-en-dos-etapas\/\"},\"wordCount\":497,\"commentCount\":0,\"publisher\":{\"@id\":\"https:\/\/radioinfinitagoya.com.ar\/v1\/#organization\"},\"image\":{\"@id\":\"https:\/\/radioinfinitagoya.com.ar\/v1\/2025\/12\/14\/paso-de-la-patria-en-rojo-analizan-pagar-el-sueldo-en-dos-etapas\/#primaryimage\"},\"thumbnailUrl\":\"https:\/\/radioinfinitagoya.com.ar\/v1\/wp-content\/uploads\/2025\/12\/1765728547297-1.webp\",\"articleSection\":[\"PROVINCIALES\"],\"inLanguage\":\"es-AR\",\"potentialAction\":[{\"@type\":\"CommentAction\",\"name\":\"Comment\",\"target\":[\"https:\/\/radioinfinitagoya.com.ar\/v1\/2025\/12\/14\/paso-de-la-patria-en-rojo-analizan-pagar-el-sueldo-en-dos-etapas\/#respond\"]}]},{\"@type\":\"WebPage\",\"@id\":\"https:\/\/radioinfinitagoya.com.ar\/v1\/2025\/12\/14\/paso-de-la-patria-en-rojo-analizan-pagar-el-sueldo-en-dos-etapas\/\",\"url\":\"https:\/\/radioinfinitagoya.com.ar\/v1\/2025\/12\/14\/paso-de-la-patria-en-rojo-analizan-pagar-el-sueldo-en-dos-etapas\/\",\"name\":\"Paso de la Patria en rojo: analizan pagar el sueldo en dos etapas - Radio Infinita Goya\",\"isPartOf\":{\"@id\":\"https:\/\/radioinfinitagoya.com.ar\/v1\/#website\"},\"primaryImageOfPage\":{\"@id\":\"https:\/\/radioinfinitagoya.com.ar\/v1\/2025\/12\/14\/paso-de-la-patria-en-rojo-analizan-pagar-el-sueldo-en-dos-etapas\/#primaryimage\"},\"image\":{\"@id\":\"https:\/\/radioinfinitagoya.com.ar\/v1\/2025\/12\/14\/paso-de-la-patria-en-rojo-analizan-pagar-el-sueldo-en-dos-etapas\/#primaryimage\"},\"thumbnailUrl\":\"https:\/\/radioinfinitagoya.com.ar\/v1\/wp-content\/uploads\/2025\/12\/1765728547297-1.webp\",\"datePublished\":\"2025-12-14T20:45:44+00:00\",\"description\":\"El l\u00edder comunal, Oscar \\\"Chino\\\" Garc\u00eda, afirm\u00f3 el municipio atraviesa una situaci\u00f3n financiera cr\u00edtica y analiz\u00f3 alternativas para cumplir con los\",\"breadcrumb\":{\"@id\":\"https:\/\/radioinfinitagoya.com.ar\/v1\/2025\/12\/14\/paso-de-la-patria-en-rojo-analizan-pagar-el-sueldo-en-dos-etapas\/#breadcrumb\"},\"inLanguage\":\"es-AR\",\"potentialAction\":[{\"@type\":\"ReadAction\",\"target\":[\"https:\/\/radioinfinitagoya.com.ar\/v1\/2025\/12\/14\/paso-de-la-patria-en-rojo-analizan-pagar-el-sueldo-en-dos-etapas\/\"]}]},{\"@type\":\"ImageObject\",\"inLanguage\":\"es-AR\",\"@id\":\"https:\/\/radioinfinitagoya.com.ar\/v1\/2025\/12\/14\/paso-de-la-patria-en-rojo-analizan-pagar-el-sueldo-en-dos-etapas\/#primaryimage\",\"url\":\"https:\/\/radioinfinitagoya.com.ar\/v1\/wp-content\/uploads\/2025\/12\/1765728547297-1.webp\",\"contentUrl\":\"https:\/\/radioinfinitagoya.com.ar\/v1\/wp-content\/uploads\/2025\/12\/1765728547297-1.webp\",\"width\":1200,\"height\":675},{\"@type\":\"BreadcrumbList\",\"@id\":\"https:\/\/radioinfinitagoya.com.ar\/v1\/2025\/12\/14\/paso-de-la-patria-en-rojo-analizan-pagar-el-sueldo-en-dos-etapas\/#breadcrumb\",\"itemListElement\":[{\"@type\":\"ListItem\",\"position\":1,\"name\":\"Inicio\",\"item\":\"https:\/\/radioinfinitagoya.com.ar\/v1\/\"},{\"@type\":\"ListItem\",\"position\":2,\"name\":\"Paso de la Patria en rojo: analizan pagar el sueldo en dos etapas\"}]},{\"@type\":\"WebSite\",\"@id\":\"https:\/\/radioinfinitagoya.com.ar\/v1\/#website\",\"url\":\"https:\/\/radioinfinitagoya.com.ar\/v1\/\",\"name\":\"radioinfinitagoya.com.ar\",\"description\":\"Radio de noticias\",\"publisher\":{\"@id\":\"https:\/\/radioinfinitagoya.com.ar\/v1\/#organization\"},\"potentialAction\":[{\"@type\":\"SearchAction\",\"target\":{\"@type\":\"EntryPoint\",\"urlTemplate\":\"https:\/\/radioinfinitagoya.com.ar\/v1\/?s={search_term_string}\"},\"query-input\":{\"@type\":\"PropertyValueSpecification\",\"valueRequired\":true,\"valueName\":\"search_term_string\"}}],\"inLanguage\":\"es-AR\"},{\"@type\":\"Organization\",\"@id\":\"https:\/\/radioinfinitagoya.com.ar\/v1\/#organization\",\"name\":\"Radio Infinita Goya\",\"url\":\"https:\/\/radioinfinitagoya.com.ar\/v1\/\",\"logo\":{\"@type\":\"ImageObject\",\"inLanguage\":\"es-AR\",\"@id\":\"https:\/\/radioinfinitagoya.com.ar\/v1\/#\/schema\/logo\/image\/\",\"url\":\"https:\/\/radioinfinitagoya.com.ar\/v1\/wp-content\/uploads\/2019\/11\/logo-pie-web.png\",\"contentUrl\":\"https:\/\/radioinfinitagoya.com.ar\/v1\/wp-content\/uploads\/2019\/11\/logo-pie-web.png\",\"width\":635,\"height\":326,\"caption\":\"Radio Infinita Goya\"},\"image\":{\"@id\":\"https:\/\/radioinfinitagoya.com.ar\/v1\/#\/schema\/logo\/image\/\"},\"sameAs\":[\"https:\/\/www.facebook.com\/p\/Infinita-Goya-100063870918311\/\"]},{\"@type\":\"Person\",\"@id\":\"https:\/\/radioinfinitagoya.com.ar\/v1\/#\/schema\/person\/d4cf9c413d4f6edb24aabdccab49ca4a\",\"name\":\"Jorge Mi\u00f1o\",\"image\":{\"@type\":\"ImageObject\",\"inLanguage\":\"es-AR\",\"@id\":\"https:\/\/secure.gravatar.com\/avatar\/910fcf6728fe95320e07a6643c1581fec1c7fc4bf8ae12e3d8f0d0373dc844be?s=96&d=mm&r=g\",\"url\":\"https:\/\/secure.gravatar.com\/avatar\/910fcf6728fe95320e07a6643c1581fec1c7fc4bf8ae12e3d8f0d0373dc844be?s=96&d=mm&r=g\",\"contentUrl\":\"https:\/\/secure.gravatar.com\/avatar\/910fcf6728fe95320e07a6643c1581fec1c7fc4bf8ae12e3d8f0d0373dc844be?s=96&d=mm&r=g\",\"caption\":\"Jorge Mi\u00f1o\"},\"sameAs\":[\"http:\/\/radioinfinitagoya.com.ar\"]}]}<\/script>\n<!-- \/ Yoast SEO plugin. -->","yoast_head_json":{"title":"Paso de la Patria en rojo: analizan pagar el sueldo en dos etapas - Radio Infinita Goya","description":"El l\u00edder comunal, Oscar \"Chino\" Garc\u00eda, afirm\u00f3 el municipio atraviesa una situaci\u00f3n financiera cr\u00edtica y analiz\u00f3 alternativas para cumplir con los","robots":{"index":"index","follow":"follow","max-snippet":"max-snippet:-1","max-image-preview":"max-image-preview:large","max-video-preview":"max-video-preview:-1"},"canonical":"https:\/\/radioinfinitagoya.com.ar\/v1\/2025\/12\/14\/paso-de-la-patria-en-rojo-analizan-pagar-el-sueldo-en-dos-etapas\/","og_locale":"es_ES","og_type":"article","og_title":"Paso de la Patria en rojo: analizan pagar el sueldo en dos etapas - Radio Infinita Goya","og_description":"El l\u00edder comunal, Oscar \"Chino\" Garc\u00eda, afirm\u00f3 el municipio atraviesa una situaci\u00f3n financiera cr\u00edtica y analiz\u00f3 alternativas para cumplir con los","og_url":"https:\/\/radioinfinitagoya.com.ar\/v1\/2025\/12\/14\/paso-de-la-patria-en-rojo-analizan-pagar-el-sueldo-en-dos-etapas\/","og_site_name":"Radio Infinita Goya","article_publisher":"https:\/\/www.facebook.com\/p\/Infinita-Goya-100063870918311\/","article_published_time":"2025-12-14T20:45:44+00:00","og_image":[{"width":1200,"height":675,"url":"https:\/\/radioinfinitagoya.com.ar\/v1\/wp-content\/uploads\/2025\/12\/1765728547297-1.webp","type":"image\/webp"}],"author":"Jorge Mi\u00f1o","twitter_card":"summary_large_image","twitter_misc":{"Escrito por":"Jorge Mi\u00f1o","Tiempo de lectura":"2 minutos"},"schema":{"@context":"https:\/\/schema.org","@graph":[{"@type":"Article","@id":"https:\/\/radioinfinitagoya.com.ar\/v1\/2025\/12\/14\/paso-de-la-patria-en-rojo-analizan-pagar-el-sueldo-en-dos-etapas\/#article","isPartOf":{"@id":"https:\/\/radioinfinitagoya.com.ar\/v1\/2025\/12\/14\/paso-de-la-patria-en-rojo-analizan-pagar-el-sueldo-en-dos-etapas\/"},"author":{"name":"Jorge Mi\u00f1o","@id":"https:\/\/radioinfinitagoya.com.ar\/v1\/#\/schema\/person\/d4cf9c413d4f6edb24aabdccab49ca4a"},"headline":"Paso de la Patria en rojo: analizan pagar el sueldo en dos etapas","datePublished":"2025-12-14T20:45:44+00:00","mainEntityOfPage":{"@id":"https:\/\/radioinfinitagoya.com.ar\/v1\/2025\/12\/14\/paso-de-la-patria-en-rojo-analizan-pagar-el-sueldo-en-dos-etapas\/"},"wordCount":497,"commentCount":0,"publisher":{"@id":"https:\/\/radioinfinitagoya.com.ar\/v1\/#organization"},"image":{"@id":"https:\/\/radioinfinitagoya.com.ar\/v1\/2025\/12\/14\/paso-de-la-patria-en-rojo-analizan-pagar-el-sueldo-en-dos-etapas\/#primaryimage"},"thumbnailUrl":"https:\/\/radioinfinitagoya.com.ar\/v1\/wp-content\/uploads\/2025\/12\/1765728547297-1.webp","articleSection":["PROVINCIALES"],"inLanguage":"es-AR","potentialAction":[{"@type":"CommentAction","name":"Comment","target":["https:\/\/radioinfinitagoya.com.ar\/v1\/2025\/12\/14\/paso-de-la-patria-en-rojo-analizan-pagar-el-sueldo-en-dos-etapas\/#respond"]}]},{"@type":"WebPage","@id":"https:\/\/radioinfinitagoya.com.ar\/v1\/2025\/12\/14\/paso-de-la-patria-en-rojo-analizan-pagar-el-sueldo-en-dos-etapas\/","url":"https:\/\/radioinfinitagoya.com.ar\/v1\/2025\/12\/14\/paso-de-la-patria-en-rojo-analizan-pagar-el-sueldo-en-dos-etapas\/","name":"Paso de la Patria en rojo: analizan pagar el sueldo en dos etapas - Radio Infinita Goya","isPartOf":{"@id":"https:\/\/radioinfinitagoya.com.ar\/v1\/#website"},"primaryImageOfPage":{"@id":"https:\/\/radioinfinitagoya.com.ar\/v1\/2025\/12\/14\/paso-de-la-patria-en-rojo-analizan-pagar-el-sueldo-en-dos-etapas\/#primaryimage"},"image":{"@id":"https:\/\/radioinfinitagoya.com.ar\/v1\/2025\/12\/14\/paso-de-la-patria-en-rojo-analizan-pagar-el-sueldo-en-dos-etapas\/#primaryimage"},"thumbnailUrl":"https:\/\/radioinfinitagoya.com.ar\/v1\/wp-content\/uploads\/2025\/12\/1765728547297-1.webp","datePublished":"2025-12-14T20:45:44+00:00","description":"El l\u00edder comunal, Oscar \"Chino\" Garc\u00eda, afirm\u00f3 el municipio atraviesa una situaci\u00f3n financiera cr\u00edtica y analiz\u00f3 alternativas para cumplir con los","breadcrumb":{"@id":"https:\/\/radioinfinitagoya.com.ar\/v1\/2025\/12\/14\/paso-de-la-patria-en-rojo-analizan-pagar-el-sueldo-en-dos-etapas\/#breadcrumb"},"inLanguage":"es-AR","potentialAction":[{"@type":"ReadAction","target":["https:\/\/radioinfinitagoya.com.ar\/v1\/2025\/12\/14\/paso-de-la-patria-en-rojo-analizan-pagar-el-sueldo-en-dos-etapas\/"]}]},{"@type":"ImageObject","inLanguage":"es-AR","@id":"https:\/\/radioinfinitagoya.com.ar\/v1\/2025\/12\/14\/paso-de-la-patria-en-rojo-analizan-pagar-el-sueldo-en-dos-etapas\/#primaryimage","url":"https:\/\/radioinfinitagoya.com.ar\/v1\/wp-content\/uploads\/2025\/12\/1765728547297-1.webp","contentUrl":"https:\/\/radioinfinitagoya.com.ar\/v1\/wp-content\/uploads\/2025\/12\/1765728547297-1.webp","width":1200,"height":675},{"@type":"BreadcrumbList","@id":"https:\/\/radioinfinitagoya.com.ar\/v1\/2025\/12\/14\/paso-de-la-patria-en-rojo-analizan-pagar-el-sueldo-en-dos-etapas\/#breadcrumb","itemListElement":[{"@type":"ListItem","position":1,"name":"Inicio","item":"https:\/\/radioinfinitagoya.com.ar\/v1\/"},{"@type":"ListItem","position":2,"name":"Paso de la Patria en rojo: analizan pagar el sueldo en dos etapas"}]},{"@type":"WebSite","@id":"https:\/\/radioinfinitagoya.com.ar\/v1\/#website","url":"https:\/\/radioinfinitagoya.com.ar\/v1\/","name":"radioinfinitagoya.com.ar","description":"Radio de noticias","publisher":{"@id":"https:\/\/radioinfinitagoya.com.ar\/v1\/#organization"},"potentialAction":[{"@type":"SearchAction","target":{"@type":"EntryPoint","urlTemplate":"https:\/\/radioinfinitagoya.com.ar\/v1\/?s={search_term_string}"},"query-input":{"@type":"PropertyValueSpecification","valueRequired":true,"valueName":"search_term_string"}}],"inLanguage":"es-AR"},{"@type":"Organization","@id":"https:\/\/radioinfinitagoya.com.ar\/v1\/#organization","name":"Radio Infinita Goya","url":"https:\/\/radioinfinitagoya.com.ar\/v1\/","logo":{"@type":"ImageObject","inLanguage":"es-AR","@id":"https:\/\/radioinfinitagoya.com.ar\/v1\/#\/schema\/logo\/image\/","url":"https:\/\/radioinfinitagoya.com.ar\/v1\/wp-content\/uploads\/2019\/11\/logo-pie-web.png","contentUrl":"https:\/\/radioinfinitagoya.com.ar\/v1\/wp-content\/uploads\/2019\/11\/logo-pie-web.png","width":635,"height":326,"caption":"Radio Infinita Goya"},"image":{"@id":"https:\/\/radioinfinitagoya.com.ar\/v1\/#\/schema\/logo\/image\/"},"sameAs":["https:\/\/www.facebook.com\/p\/Infinita-Goya-100063870918311\/"]},{"@type":"Person","@id":"https:\/\/radioinfinitagoya.com.ar\/v1\/#\/schema\/person\/d4cf9c413d4f6edb24aabdccab49ca4a","name":"Jorge Mi\u00f1o","image":{"@type":"ImageObject","inLanguage":"es-AR","@id":"https:\/\/secure.gravatar.com\/avatar\/910fcf6728fe95320e07a6643c1581fec1c7fc4bf8ae12e3d8f0d0373dc844be?s=96&d=mm&r=g","url":"https:\/\/secure.gravatar.com\/avatar\/910fcf6728fe95320e07a6643c1581fec1c7fc4bf8ae12e3d8f0d0373dc844be?s=96&d=mm&r=g","contentUrl":"https:\/\/secure.gravatar.com\/avatar\/910fcf6728fe95320e07a6643c1581fec1c7fc4bf8ae12e3d8f0d0373dc844be?s=96&d=mm&r=g","caption":"Jorge Mi\u00f1o"},"sameAs":["http:\/\/radioinfinitagoya.com.ar"]}]}},"_links":{"self":[{"href":"https:\/\/radioinfinitagoya.com.ar\/v1\/wp-json\/wp\/v2\/posts\/201197","targetHints":{"allow":["GET"]}}],"collection":[{"href":"https:\/\/radioinfinitagoya.com.ar\/v1\/wp-json\/wp\/v2\/posts"}],"about":[{"href":"https:\/\/radioinfinitagoya.com.ar\/v1\/wp-json\/wp\/v2\/types\/post"}],"author":[{"embeddable":true,"href":"https:\/\/radioinfinitagoya.com.ar\/v1\/wp-json\/wp\/v2\/users\/4"}],"replies":[{"embeddable":true,"href":"https:\/\/radioinfinitagoya.com.ar\/v1\/wp-json\/wp\/v2\/comments?post=201197"}],"version-history":[{"count":0,"href":"https:\/\/radioinfinitagoya.com.ar\/v1\/wp-json\/wp\/v2\/posts\/201197\/revisions"}],"wp:featuredmedia":[{"embeddable":true,"href":"https:\/\/radioinfinitagoya.com.ar\/v1\/wp-json\/wp\/v2\/media\/201198"}],"wp:attachment":[{"href":"https:\/\/radioinfinitagoya.com.ar\/v1\/wp-json\/wp\/v2\/media?parent=201197"}],"wp:term":[{"taxonomy":"category","embeddable":true,"href":"https:\/\/radioinfinitagoya.com.ar\/v1\/wp-json\/wp\/v2\/categories?post=201197"},{"taxonomy":"post_tag","embeddable":true,"href":"https:\/\/radioinfinitagoya.com.ar\/v1\/wp-json\/wp\/v2\/tags?post=201197"}],"curies":[{"name":"wp","href":"https:\/\/api.w.org\/{rel}","templated":true}]}}