{"id":201207,"date":"2025-12-14T17:59:50","date_gmt":"2025-12-14T20:59:50","guid":{"rendered":"https:\/\/radioinfinitagoya.com.ar\/v1\/?p=201207"},"modified":"2025-12-14T17:59:50","modified_gmt":"2025-12-14T20:59:50","slug":"reforma-laboral-el-gobierno-se-prepara-para-discutir-con-la-cgt","status":"publish","type":"post","link":"https:\/\/radioinfinitagoya.com.ar\/v1\/2025\/12\/14\/reforma-laboral-el-gobierno-se-prepara-para-discutir-con-la-cgt\/","title":{"rendered":"Reforma laboral: el gobierno se prepara para discutir con la CGT"},"content":{"rendered":"<p>El objetivo era tener la ley de leyes aprobada a fin de a\u00f1o, pero la negociaci\u00f3n con los gobernadores es dificil. Por esto hay quienes dicen que al Presidente no le molestar\u00eda demasiado que la Argentina no tenga por tercer a\u00f1o consecutivo su presupuesto.<\/p>\n<p>El presidente Javier Milei no oculta sus verdaderas intenciones. Quiere un tr\u00e1mite expr\u00e9s para el Presupuesto 2026 y la denominada ley de Modernizaci\u00f3n Laboral.<\/p>\n<p>La idea inicial era tener la ley de leyes aprobada a fin de a\u00f1o, pero como vienen las negociaciones por los votos, sobre todo con los gobernadores, ya hay quienes dicen que al Presidente no le molestar\u00eda demasiado que la Argentina no tenga por tercer a\u00f1o consecutivo su presupuesto.<\/p>\n<p>En cambio, est\u00e1 obsesionado con modificar el r\u00e9gimen que regula el trabajo registrado en la Argentina. Se lo plante\u00f3 al inicio de su gobierno con la Ley Bases, pero no pudo. Despu\u00e9s intent\u00f3 con el DNU 70\/23, que se fren\u00f3 por una cautelar, y luego por la ratificaci\u00f3n de esa medida a trav\u00e9s de la C\u00e1mara de Apelaciones del Trabajo.<\/p>\n<p>Ahora va por todo y hasta hace de esto una cuesti\u00f3n sem\u00e1ntica. Para su Gobierno es una \u201cmodernizaci\u00f3n\u201d de la actividad laboral en el pa\u00eds. No quiere saber nada que le digan reforma y much\u00edsimo menos que la califiquen como \u201cflexibilizaci\u00f3n\u201d.<\/p>\n<p>El futuro de la forma de trabajar en la Argentina estar\u00e1 en juego: desde los salarios hasta las indemnizaciones, pasando por los horarios, vacaciones, horas extras y licencias, entre otras cuestiones.<\/p>\n<p>Lo que se dice un verdadero desaf\u00edo para flexibilizar o modernizar las relaciones laborales. Mucho para tratar, en poco tiempo. Ese es el ritmo que impone Milei.<\/p>\n<p>Mientras el Presupuesto fue a la C\u00e1mara de Diputados, la ley laboral entr\u00f3 por el Senado, donde La Libertad Avanza considera que estar\u00eda en condiciones de darle la media sanci\u00f3n antes de que termine el per\u00edodo de sesiones extraordinario a fin de a\u00f1o.<\/p>\n<p>Es probable que los libertarios, en alianza con algunos legisladores del PRO, le den a Fuerza Patria de su propia medicina. El kirchnerismo, cuando gobernaba Cristina Kirchner, limitaba los debates en comisi\u00f3n y la presencia de opositores para pronunciarse sobre un proyecto de ley, cada vez que quer\u00eda llevarlo al recinto con urgencia. Pero antes deb\u00eda asegurarse los votos en el recinto.<\/p>\n<p>La flamante senadora, Patricia Bullrich, ser\u00e1 la encargada de poner en pr\u00e1ctica la estrategia de Milei y de meter presi\u00f3n a la vicepresidenta Victoria Villarruel para que no obstaculice esos planes.<\/p>\n<p>El peronismo, el kirchnerismo y la CGT ya trabajan en una estrategia en com\u00fan. Dentro y fuera del Congreso. En la calle y en los tribunales. La ausencia del dirigente de la UOCRA, Gerardo Mart\u00ednez, en la \u00faltima reuni\u00f3n del Consejo de Mayo fue una clara se\u00f1al del \u00e1nimo \u201ccegetista\u201d.<\/p>\n<p>Por lo pronto, la oposici\u00f3n esperar\u00e1 el texto definitivo que apruebe el Congreso, en un plazo indeterminado porque nadie sabe realmente qu\u00e9 ocurrir\u00e1 en ambas c\u00e1maras y qu\u00e9 actitud tomar\u00e1n los gobernadores que todav\u00eda esperan una respuesta concreta a los reclamos que hicieron a la Casa Rosada en forma individual.<\/p>\n<p>El ministro de Desregulaci\u00f3n y Transformaci\u00f3n del Estado, Federico Sturzenegger, tuvo \u00f3rdenes claras de Milei. Ir a fondo con las reformas que no pudo implementar en los primeros meses de su mandato, pero asegurarse de no dejar flancos d\u00e9biles para que los gremios y Fuerza Patria la frene en la Justicia.<\/p>\n<p>Esta reforma gener\u00f3 nuevas disputas internas libertarias porque el ala m\u00e1s dialoguista o negociadora con la CGT trat\u00f3 de no cerrarle todas las puertas al di\u00e1logo con los sindicalistas.<\/p>\n<p>Por eso, Karina Milei, Santiago Caputo y los Menem, Lule y Mart\u00edn, lograron que se excluya del proyecto el art\u00edculo que eliminaba la cuota solidaria, que los trabajadores aportan de manera voluntaria y que va a las cajas de los gremios.<\/p>\n<p>Su inclusi\u00f3n hubiese sido un dur\u00edsimo golpe. Sin embargo, el ala m\u00e1s intransigente, identificada con Sturzenegger, el hombre de la motosierra, y la senadora Bullrich, lograron que se mantengan algunos condicionamientos que no har\u00e1n tan sencillo que la plata que sale de los sueldos de los trabajadores registrados vaya r\u00e1pidamente a los sindicatos.<\/p>\n<p>Lo concreto es que la semana que empieza marcar\u00e1 las dos estrategias muy claras. La del Gobierno y la de la CGT.<\/p>\n<p>Villarruel convoc\u00f3 para el martes a la reuni\u00f3n de la comisi\u00f3n de Labor Parlamentaria en el Senado. Para ese momento se espera que ya est\u00e9n conformadas las comisiones de Trabajo y Previsi\u00f3n Social y tambi\u00e9n la de Presupuesto y Hacienda.<\/p>\n<p>Entonces ser\u00e1 el tiempo de definir c\u00f3mo ser\u00e1 el debate previo a la firma de los dict\u00e1menes que ir\u00e1n al recinto y cu\u00e1nta gente podr\u00e1 exponer en esas comisiones.<\/p>\n<p>Dicen que hay un centenar de pedidos que extender\u00edan el debate fuera de los plazos que imagina la Casa Rosada. Pero con los feriados de Navidad y A\u00f1o Nuevo, los tiempos son muy limitados para tener la media sanci\u00f3n y con eso especular\u00e1 la oposici\u00f3n.<\/p>\n<p>Por eso, el Gobierno apuesta a tener dictamen como m\u00e1ximo el pr\u00f3ximo viernes y darle sanci\u00f3n antes del 30 de diciembre, cuando terminan las sesiones extraordinarias.<\/p>\n<p>En el medio estar\u00e1 la marcha a Plaza de Mayo y al Congreso que la CGT convoc\u00f3 para el pr\u00f3ximo jueves 18. Se sumar\u00e1n a esa protesta las dos CTA, el kirchnerismo y tambi\u00e9n los partidos de izquierda.<\/p>\n<p>Promete ser importante, pero el Gobierno no quiere que haya choques entre manifestantes y las fuerzas de seguridad. Por eso, abrir\u00e1 un di\u00e1logo con los organizadores.<\/p>\n<p>La movilizaci\u00f3n, propuesta por uno de los tres jefes de la CGT, Jorge Sola (del sindicato del seguro), es una forma de contener a los m\u00e1s confrontativos que pugnan por la huelga general.<\/p>\n<p>Nadie quiere cerrar las puertas al di\u00e1logo. Si todo sale como quiere el Presidente, la reforma se convertir\u00eda en ley, en una extensi\u00f3n de las extraordinarias a fines de enero o en febrero o en el inicio de las sesiones ordinarias en marzo.<\/p>\n<p>Despu\u00e9s se abrir\u00eda, con seguridad, una disputa judicial por no pocos art\u00edculos de esa norma. Los que la CGT considera que violan la Constituci\u00f3n Nacional. Pero ya hubo un adelanto.<\/p>\n<p>El diputado Esteban Paul\u00f3n hizo una denuncia ante la Justicia federal por entender que el proyecto de modernizaci\u00f3n laboral incluye aspectos tributarios que no corresponde tratar en el senado.<\/p>\n<p>En la interna palaciega de los libertarios trascendi\u00f3 que se le hab\u00eda advertido a Sturzenegger que esto pod\u00eda ocurrir, pero que el ministro fue por todo, como le hab\u00eda pedido Milei.<\/p>\n<p>Pero este no ser\u00e1 el \u00fanico flanco que deber\u00e1 atender el Gobierno. La Asociaci\u00f3n de Magistrados hizo conocer el viernes un duro documento en el que considera que los cambios que se quieren introducir en la Justicia nacional del trabajo pueden significar la disoluci\u00f3n del fuero laboral y afectar la independencia judicial.<\/p>\n<p>\u201cResulta inadmisible la redacci\u00f3n de los arts. 90 y 91 y de todos aquellos all\u00ed propuestos que impliquen atentar contra la vida del fuero nacional citado\u201d, sostienen los jueces y funcionarios del Poder Judicial.<\/p>\n<p>Esos art\u00edculos son los que condicionan y modifican el funcionamiento de la justicia laboral. As\u00ed, planteadas las cosas, la estrategia de Milei parece no tener marcha atr\u00e1s con la reforma laboral. Pero, en definitiva, sabe que todo es cuesti\u00f3n de votos o de fallos judiciales.<\/p>\n<p>&nbsp;<\/p>\n","protected":false},"excerpt":{"rendered":"<p>El objetivo era tener la ley de leyes aprobada a fin de a\u00f1o, pero la negociaci\u00f3n con los gobernadores es dificil. Por esto hay quienes dicen que al Presidente no le molestar\u00eda demasiado que la Argentina no tenga por tercer a\u00f1o consecutivo su presupuesto. El presidente Javier Milei no oculta sus verdaderas intenciones. Quiere un [&hellip;]<\/p>\n","protected":false},"author":4,"featured_media":201208,"comment_status":"open","ping_status":"open","sticky":false,"template":"","format":"standard","meta":{"_joinchat":[],"footnotes":""},"categories":[29],"tags":[],"class_list":{"0":"post-201207","1":"post","2":"type-post","3":"status-publish","4":"format-standard","5":"has-post-thumbnail","7":"category-nacionales"},"yoast_head":"<!-- This site is optimized with the Yoast SEO plugin v27.2 - https:\/\/yoast.com\/product\/yoast-seo-wordpress\/ -->\n<title>Reforma laboral: el gobierno se prepara para discutir con la CGT - Radio Infinita Goya<\/title>\n<meta name=\"description\" content=\"El objetivo era tener la ley de leyes aprobada a fin de a\u00f1o, pero la negociaci\u00f3n con los gobernadores es dificil. Por esto hay quienes dicen que al\" \/>\n<meta name=\"robots\" content=\"index, follow, max-snippet:-1, max-image-preview:large, max-video-preview:-1\" \/>\n<link rel=\"canonical\" href=\"https:\/\/radioinfinitagoya.com.ar\/v1\/2025\/12\/14\/reforma-laboral-el-gobierno-se-prepara-para-discutir-con-la-cgt\/\" \/>\n<meta property=\"og:locale\" content=\"es_ES\" \/>\n<meta property=\"og:type\" content=\"article\" \/>\n<meta property=\"og:title\" content=\"Reforma laboral: el gobierno se prepara para discutir con la CGT - Radio Infinita Goya\" \/>\n<meta property=\"og:description\" content=\"El objetivo era tener la ley de leyes aprobada a fin de a\u00f1o, pero la negociaci\u00f3n con los gobernadores es dificil. Por esto hay quienes dicen que al\" \/>\n<meta property=\"og:url\" content=\"https:\/\/radioinfinitagoya.com.ar\/v1\/2025\/12\/14\/reforma-laboral-el-gobierno-se-prepara-para-discutir-con-la-cgt\/\" \/>\n<meta property=\"og:site_name\" content=\"Radio Infinita Goya\" \/>\n<meta property=\"article:publisher\" content=\"https:\/\/www.facebook.com\/p\/Infinita-Goya-100063870918311\/\" \/>\n<meta property=\"article:published_time\" content=\"2025-12-14T20:59:50+00:00\" \/>\n<meta property=\"og:image\" content=\"https:\/\/radioinfinitagoya.com.ar\/v1\/wp-content\/uploads\/2025\/12\/G71HcGiXUAAJm73.jpg\" \/>\n\t<meta property=\"og:image:width\" content=\"680\" \/>\n\t<meta property=\"og:image:height\" content=\"382\" \/>\n\t<meta property=\"og:image:type\" content=\"image\/jpeg\" \/>\n<meta name=\"author\" content=\"Jorge Mi\u00f1o\" \/>\n<meta name=\"twitter:card\" content=\"summary_large_image\" \/>\n<meta name=\"twitter:label1\" content=\"Escrito por\" \/>\n\t<meta name=\"twitter:data1\" content=\"Jorge Mi\u00f1o\" \/>\n\t<meta name=\"twitter:label2\" content=\"Tiempo de lectura\" \/>\n\t<meta name=\"twitter:data2\" content=\"6 minutos\" \/>\n<script type=\"application\/ld+json\" class=\"yoast-schema-graph\">{\"@context\":\"https:\/\/schema.org\",\"@graph\":[{\"@type\":\"Article\",\"@id\":\"https:\/\/radioinfinitagoya.com.ar\/v1\/2025\/12\/14\/reforma-laboral-el-gobierno-se-prepara-para-discutir-con-la-cgt\/#article\",\"isPartOf\":{\"@id\":\"https:\/\/radioinfinitagoya.com.ar\/v1\/2025\/12\/14\/reforma-laboral-el-gobierno-se-prepara-para-discutir-con-la-cgt\/\"},\"author\":{\"name\":\"Jorge Mi\u00f1o\",\"@id\":\"https:\/\/radioinfinitagoya.com.ar\/v1\/#\/schema\/person\/d4cf9c413d4f6edb24aabdccab49ca4a\"},\"headline\":\"Reforma laboral: el gobierno se prepara para discutir con la CGT\",\"datePublished\":\"2025-12-14T20:59:50+00:00\",\"mainEntityOfPage\":{\"@id\":\"https:\/\/radioinfinitagoya.com.ar\/v1\/2025\/12\/14\/reforma-laboral-el-gobierno-se-prepara-para-discutir-con-la-cgt\/\"},\"wordCount\":1307,\"commentCount\":0,\"publisher\":{\"@id\":\"https:\/\/radioinfinitagoya.com.ar\/v1\/#organization\"},\"image\":{\"@id\":\"https:\/\/radioinfinitagoya.com.ar\/v1\/2025\/12\/14\/reforma-laboral-el-gobierno-se-prepara-para-discutir-con-la-cgt\/#primaryimage\"},\"thumbnailUrl\":\"https:\/\/radioinfinitagoya.com.ar\/v1\/wp-content\/uploads\/2025\/12\/G71HcGiXUAAJm73.jpg\",\"articleSection\":[\"NACIONALES\"],\"inLanguage\":\"es-AR\",\"potentialAction\":[{\"@type\":\"CommentAction\",\"name\":\"Comment\",\"target\":[\"https:\/\/radioinfinitagoya.com.ar\/v1\/2025\/12\/14\/reforma-laboral-el-gobierno-se-prepara-para-discutir-con-la-cgt\/#respond\"]}]},{\"@type\":\"WebPage\",\"@id\":\"https:\/\/radioinfinitagoya.com.ar\/v1\/2025\/12\/14\/reforma-laboral-el-gobierno-se-prepara-para-discutir-con-la-cgt\/\",\"url\":\"https:\/\/radioinfinitagoya.com.ar\/v1\/2025\/12\/14\/reforma-laboral-el-gobierno-se-prepara-para-discutir-con-la-cgt\/\",\"name\":\"Reforma laboral: el gobierno se prepara para discutir con la CGT - Radio Infinita Goya\",\"isPartOf\":{\"@id\":\"https:\/\/radioinfinitagoya.com.ar\/v1\/#website\"},\"primaryImageOfPage\":{\"@id\":\"https:\/\/radioinfinitagoya.com.ar\/v1\/2025\/12\/14\/reforma-laboral-el-gobierno-se-prepara-para-discutir-con-la-cgt\/#primaryimage\"},\"image\":{\"@id\":\"https:\/\/radioinfinitagoya.com.ar\/v1\/2025\/12\/14\/reforma-laboral-el-gobierno-se-prepara-para-discutir-con-la-cgt\/#primaryimage\"},\"thumbnailUrl\":\"https:\/\/radioinfinitagoya.com.ar\/v1\/wp-content\/uploads\/2025\/12\/G71HcGiXUAAJm73.jpg\",\"datePublished\":\"2025-12-14T20:59:50+00:00\",\"description\":\"El objetivo era tener la ley de leyes aprobada a fin de a\u00f1o, pero la negociaci\u00f3n con los gobernadores es dificil. Por esto hay quienes dicen que al\",\"breadcrumb\":{\"@id\":\"https:\/\/radioinfinitagoya.com.ar\/v1\/2025\/12\/14\/reforma-laboral-el-gobierno-se-prepara-para-discutir-con-la-cgt\/#breadcrumb\"},\"inLanguage\":\"es-AR\",\"potentialAction\":[{\"@type\":\"ReadAction\",\"target\":[\"https:\/\/radioinfinitagoya.com.ar\/v1\/2025\/12\/14\/reforma-laboral-el-gobierno-se-prepara-para-discutir-con-la-cgt\/\"]}]},{\"@type\":\"ImageObject\",\"inLanguage\":\"es-AR\",\"@id\":\"https:\/\/radioinfinitagoya.com.ar\/v1\/2025\/12\/14\/reforma-laboral-el-gobierno-se-prepara-para-discutir-con-la-cgt\/#primaryimage\",\"url\":\"https:\/\/radioinfinitagoya.com.ar\/v1\/wp-content\/uploads\/2025\/12\/G71HcGiXUAAJm73.jpg\",\"contentUrl\":\"https:\/\/radioinfinitagoya.com.ar\/v1\/wp-content\/uploads\/2025\/12\/G71HcGiXUAAJm73.jpg\",\"width\":680,\"height\":382},{\"@type\":\"BreadcrumbList\",\"@id\":\"https:\/\/radioinfinitagoya.com.ar\/v1\/2025\/12\/14\/reforma-laboral-el-gobierno-se-prepara-para-discutir-con-la-cgt\/#breadcrumb\",\"itemListElement\":[{\"@type\":\"ListItem\",\"position\":1,\"name\":\"Inicio\",\"item\":\"https:\/\/radioinfinitagoya.com.ar\/v1\/\"},{\"@type\":\"ListItem\",\"position\":2,\"name\":\"Reforma laboral: el gobierno se prepara para discutir con la CGT\"}]},{\"@type\":\"WebSite\",\"@id\":\"https:\/\/radioinfinitagoya.com.ar\/v1\/#website\",\"url\":\"https:\/\/radioinfinitagoya.com.ar\/v1\/\",\"name\":\"radioinfinitagoya.com.ar\",\"description\":\"Radio de noticias\",\"publisher\":{\"@id\":\"https:\/\/radioinfinitagoya.com.ar\/v1\/#organization\"},\"potentialAction\":[{\"@type\":\"SearchAction\",\"target\":{\"@type\":\"EntryPoint\",\"urlTemplate\":\"https:\/\/radioinfinitagoya.com.ar\/v1\/?s={search_term_string}\"},\"query-input\":{\"@type\":\"PropertyValueSpecification\",\"valueRequired\":true,\"valueName\":\"search_term_string\"}}],\"inLanguage\":\"es-AR\"},{\"@type\":\"Organization\",\"@id\":\"https:\/\/radioinfinitagoya.com.ar\/v1\/#organization\",\"name\":\"Radio Infinita Goya\",\"url\":\"https:\/\/radioinfinitagoya.com.ar\/v1\/\",\"logo\":{\"@type\":\"ImageObject\",\"inLanguage\":\"es-AR\",\"@id\":\"https:\/\/radioinfinitagoya.com.ar\/v1\/#\/schema\/logo\/image\/\",\"url\":\"https:\/\/radioinfinitagoya.com.ar\/v1\/wp-content\/uploads\/2019\/11\/logo-pie-web.png\",\"contentUrl\":\"https:\/\/radioinfinitagoya.com.ar\/v1\/wp-content\/uploads\/2019\/11\/logo-pie-web.png\",\"width\":635,\"height\":326,\"caption\":\"Radio Infinita Goya\"},\"image\":{\"@id\":\"https:\/\/radioinfinitagoya.com.ar\/v1\/#\/schema\/logo\/image\/\"},\"sameAs\":[\"https:\/\/www.facebook.com\/p\/Infinita-Goya-100063870918311\/\"]},{\"@type\":\"Person\",\"@id\":\"https:\/\/radioinfinitagoya.com.ar\/v1\/#\/schema\/person\/d4cf9c413d4f6edb24aabdccab49ca4a\",\"name\":\"Jorge Mi\u00f1o\",\"image\":{\"@type\":\"ImageObject\",\"inLanguage\":\"es-AR\",\"@id\":\"https:\/\/secure.gravatar.com\/avatar\/910fcf6728fe95320e07a6643c1581fec1c7fc4bf8ae12e3d8f0d0373dc844be?s=96&d=mm&r=g\",\"url\":\"https:\/\/secure.gravatar.com\/avatar\/910fcf6728fe95320e07a6643c1581fec1c7fc4bf8ae12e3d8f0d0373dc844be?s=96&d=mm&r=g\",\"contentUrl\":\"https:\/\/secure.gravatar.com\/avatar\/910fcf6728fe95320e07a6643c1581fec1c7fc4bf8ae12e3d8f0d0373dc844be?s=96&d=mm&r=g\",\"caption\":\"Jorge Mi\u00f1o\"},\"sameAs\":[\"http:\/\/radioinfinitagoya.com.ar\"]}]}<\/script>\n<!-- \/ Yoast SEO plugin. -->","yoast_head_json":{"title":"Reforma laboral: el gobierno se prepara para discutir con la CGT - Radio Infinita Goya","description":"El objetivo era tener la ley de leyes aprobada a fin de a\u00f1o, pero la negociaci\u00f3n con los gobernadores es dificil. Por esto hay quienes dicen que al","robots":{"index":"index","follow":"follow","max-snippet":"max-snippet:-1","max-image-preview":"max-image-preview:large","max-video-preview":"max-video-preview:-1"},"canonical":"https:\/\/radioinfinitagoya.com.ar\/v1\/2025\/12\/14\/reforma-laboral-el-gobierno-se-prepara-para-discutir-con-la-cgt\/","og_locale":"es_ES","og_type":"article","og_title":"Reforma laboral: el gobierno se prepara para discutir con la CGT - Radio Infinita Goya","og_description":"El objetivo era tener la ley de leyes aprobada a fin de a\u00f1o, pero la negociaci\u00f3n con los gobernadores es dificil. Por esto hay quienes dicen que al","og_url":"https:\/\/radioinfinitagoya.com.ar\/v1\/2025\/12\/14\/reforma-laboral-el-gobierno-se-prepara-para-discutir-con-la-cgt\/","og_site_name":"Radio Infinita Goya","article_publisher":"https:\/\/www.facebook.com\/p\/Infinita-Goya-100063870918311\/","article_published_time":"2025-12-14T20:59:50+00:00","og_image":[{"width":680,"height":382,"url":"https:\/\/radioinfinitagoya.com.ar\/v1\/wp-content\/uploads\/2025\/12\/G71HcGiXUAAJm73.jpg","type":"image\/jpeg"}],"author":"Jorge Mi\u00f1o","twitter_card":"summary_large_image","twitter_misc":{"Escrito por":"Jorge Mi\u00f1o","Tiempo de lectura":"6 minutos"},"schema":{"@context":"https:\/\/schema.org","@graph":[{"@type":"Article","@id":"https:\/\/radioinfinitagoya.com.ar\/v1\/2025\/12\/14\/reforma-laboral-el-gobierno-se-prepara-para-discutir-con-la-cgt\/#article","isPartOf":{"@id":"https:\/\/radioinfinitagoya.com.ar\/v1\/2025\/12\/14\/reforma-laboral-el-gobierno-se-prepara-para-discutir-con-la-cgt\/"},"author":{"name":"Jorge Mi\u00f1o","@id":"https:\/\/radioinfinitagoya.com.ar\/v1\/#\/schema\/person\/d4cf9c413d4f6edb24aabdccab49ca4a"},"headline":"Reforma laboral: el gobierno se prepara para discutir con la CGT","datePublished":"2025-12-14T20:59:50+00:00","mainEntityOfPage":{"@id":"https:\/\/radioinfinitagoya.com.ar\/v1\/2025\/12\/14\/reforma-laboral-el-gobierno-se-prepara-para-discutir-con-la-cgt\/"},"wordCount":1307,"commentCount":0,"publisher":{"@id":"https:\/\/radioinfinitagoya.com.ar\/v1\/#organization"},"image":{"@id":"https:\/\/radioinfinitagoya.com.ar\/v1\/2025\/12\/14\/reforma-laboral-el-gobierno-se-prepara-para-discutir-con-la-cgt\/#primaryimage"},"thumbnailUrl":"https:\/\/radioinfinitagoya.com.ar\/v1\/wp-content\/uploads\/2025\/12\/G71HcGiXUAAJm73.jpg","articleSection":["NACIONALES"],"inLanguage":"es-AR","potentialAction":[{"@type":"CommentAction","name":"Comment","target":["https:\/\/radioinfinitagoya.com.ar\/v1\/2025\/12\/14\/reforma-laboral-el-gobierno-se-prepara-para-discutir-con-la-cgt\/#respond"]}]},{"@type":"WebPage","@id":"https:\/\/radioinfinitagoya.com.ar\/v1\/2025\/12\/14\/reforma-laboral-el-gobierno-se-prepara-para-discutir-con-la-cgt\/","url":"https:\/\/radioinfinitagoya.com.ar\/v1\/2025\/12\/14\/reforma-laboral-el-gobierno-se-prepara-para-discutir-con-la-cgt\/","name":"Reforma laboral: el gobierno se prepara para discutir con la CGT - Radio Infinita Goya","isPartOf":{"@id":"https:\/\/radioinfinitagoya.com.ar\/v1\/#website"},"primaryImageOfPage":{"@id":"https:\/\/radioinfinitagoya.com.ar\/v1\/2025\/12\/14\/reforma-laboral-el-gobierno-se-prepara-para-discutir-con-la-cgt\/#primaryimage"},"image":{"@id":"https:\/\/radioinfinitagoya.com.ar\/v1\/2025\/12\/14\/reforma-laboral-el-gobierno-se-prepara-para-discutir-con-la-cgt\/#primaryimage"},"thumbnailUrl":"https:\/\/radioinfinitagoya.com.ar\/v1\/wp-content\/uploads\/2025\/12\/G71HcGiXUAAJm73.jpg","datePublished":"2025-12-14T20:59:50+00:00","description":"El objetivo era tener la ley de leyes aprobada a fin de a\u00f1o, pero la negociaci\u00f3n con los gobernadores es dificil. Por esto hay quienes dicen que al","breadcrumb":{"@id":"https:\/\/radioinfinitagoya.com.ar\/v1\/2025\/12\/14\/reforma-laboral-el-gobierno-se-prepara-para-discutir-con-la-cgt\/#breadcrumb"},"inLanguage":"es-AR","potentialAction":[{"@type":"ReadAction","target":["https:\/\/radioinfinitagoya.com.ar\/v1\/2025\/12\/14\/reforma-laboral-el-gobierno-se-prepara-para-discutir-con-la-cgt\/"]}]},{"@type":"ImageObject","inLanguage":"es-AR","@id":"https:\/\/radioinfinitagoya.com.ar\/v1\/2025\/12\/14\/reforma-laboral-el-gobierno-se-prepara-para-discutir-con-la-cgt\/#primaryimage","url":"https:\/\/radioinfinitagoya.com.ar\/v1\/wp-content\/uploads\/2025\/12\/G71HcGiXUAAJm73.jpg","contentUrl":"https:\/\/radioinfinitagoya.com.ar\/v1\/wp-content\/uploads\/2025\/12\/G71HcGiXUAAJm73.jpg","width":680,"height":382},{"@type":"BreadcrumbList","@id":"https:\/\/radioinfinitagoya.com.ar\/v1\/2025\/12\/14\/reforma-laboral-el-gobierno-se-prepara-para-discutir-con-la-cgt\/#breadcrumb","itemListElement":[{"@type":"ListItem","position":1,"name":"Inicio","item":"https:\/\/radioinfinitagoya.com.ar\/v1\/"},{"@type":"ListItem","position":2,"name":"Reforma laboral: el gobierno se prepara para discutir con la CGT"}]},{"@type":"WebSite","@id":"https:\/\/radioinfinitagoya.com.ar\/v1\/#website","url":"https:\/\/radioinfinitagoya.com.ar\/v1\/","name":"radioinfinitagoya.com.ar","description":"Radio de noticias","publisher":{"@id":"https:\/\/radioinfinitagoya.com.ar\/v1\/#organization"},"potentialAction":[{"@type":"SearchAction","target":{"@type":"EntryPoint","urlTemplate":"https:\/\/radioinfinitagoya.com.ar\/v1\/?s={search_term_string}"},"query-input":{"@type":"PropertyValueSpecification","valueRequired":true,"valueName":"search_term_string"}}],"inLanguage":"es-AR"},{"@type":"Organization","@id":"https:\/\/radioinfinitagoya.com.ar\/v1\/#organization","name":"Radio Infinita Goya","url":"https:\/\/radioinfinitagoya.com.ar\/v1\/","logo":{"@type":"ImageObject","inLanguage":"es-AR","@id":"https:\/\/radioinfinitagoya.com.ar\/v1\/#\/schema\/logo\/image\/","url":"https:\/\/radioinfinitagoya.com.ar\/v1\/wp-content\/uploads\/2019\/11\/logo-pie-web.png","contentUrl":"https:\/\/radioinfinitagoya.com.ar\/v1\/wp-content\/uploads\/2019\/11\/logo-pie-web.png","width":635,"height":326,"caption":"Radio Infinita Goya"},"image":{"@id":"https:\/\/radioinfinitagoya.com.ar\/v1\/#\/schema\/logo\/image\/"},"sameAs":["https:\/\/www.facebook.com\/p\/Infinita-Goya-100063870918311\/"]},{"@type":"Person","@id":"https:\/\/radioinfinitagoya.com.ar\/v1\/#\/schema\/person\/d4cf9c413d4f6edb24aabdccab49ca4a","name":"Jorge Mi\u00f1o","image":{"@type":"ImageObject","inLanguage":"es-AR","@id":"https:\/\/secure.gravatar.com\/avatar\/910fcf6728fe95320e07a6643c1581fec1c7fc4bf8ae12e3d8f0d0373dc844be?s=96&d=mm&r=g","url":"https:\/\/secure.gravatar.com\/avatar\/910fcf6728fe95320e07a6643c1581fec1c7fc4bf8ae12e3d8f0d0373dc844be?s=96&d=mm&r=g","contentUrl":"https:\/\/secure.gravatar.com\/avatar\/910fcf6728fe95320e07a6643c1581fec1c7fc4bf8ae12e3d8f0d0373dc844be?s=96&d=mm&r=g","caption":"Jorge Mi\u00f1o"},"sameAs":["http:\/\/radioinfinitagoya.com.ar"]}]}},"_links":{"self":[{"href":"https:\/\/radioinfinitagoya.com.ar\/v1\/wp-json\/wp\/v2\/posts\/201207","targetHints":{"allow":["GET"]}}],"collection":[{"href":"https:\/\/radioinfinitagoya.com.ar\/v1\/wp-json\/wp\/v2\/posts"}],"about":[{"href":"https:\/\/radioinfinitagoya.com.ar\/v1\/wp-json\/wp\/v2\/types\/post"}],"author":[{"embeddable":true,"href":"https:\/\/radioinfinitagoya.com.ar\/v1\/wp-json\/wp\/v2\/users\/4"}],"replies":[{"embeddable":true,"href":"https:\/\/radioinfinitagoya.com.ar\/v1\/wp-json\/wp\/v2\/comments?post=201207"}],"version-history":[{"count":0,"href":"https:\/\/radioinfinitagoya.com.ar\/v1\/wp-json\/wp\/v2\/posts\/201207\/revisions"}],"wp:featuredmedia":[{"embeddable":true,"href":"https:\/\/radioinfinitagoya.com.ar\/v1\/wp-json\/wp\/v2\/media\/201208"}],"wp:attachment":[{"href":"https:\/\/radioinfinitagoya.com.ar\/v1\/wp-json\/wp\/v2\/media?parent=201207"}],"wp:term":[{"taxonomy":"category","embeddable":true,"href":"https:\/\/radioinfinitagoya.com.ar\/v1\/wp-json\/wp\/v2\/categories?post=201207"},{"taxonomy":"post_tag","embeddable":true,"href":"https:\/\/radioinfinitagoya.com.ar\/v1\/wp-json\/wp\/v2\/tags?post=201207"}],"curies":[{"name":"wp","href":"https:\/\/api.w.org\/{rel}","templated":true}]}}