{"id":201210,"date":"2025-12-14T18:03:06","date_gmt":"2025-12-14T21:03:06","guid":{"rendered":"https:\/\/radioinfinitagoya.com.ar\/v1\/?p=201210"},"modified":"2025-12-14T18:03:06","modified_gmt":"2025-12-14T21:03:06","slug":"horror-javier-milei-condeno-el-atentado-en-una-playa-de-australia","status":"publish","type":"post","link":"https:\/\/radioinfinitagoya.com.ar\/v1\/2025\/12\/14\/horror-javier-milei-condeno-el-atentado-en-una-playa-de-australia\/","title":{"rendered":"&#8220;Horror&#8221;: Javier Milei conden\u00f3 el atentado en una playa de Australia"},"content":{"rendered":"<p>&#8220;Lo hacen en el inicio de JANUCA. La fiesta en la que pocos vencen a muchos&#8221;, expres\u00f3 el mandatario argentino en sus redes.<\/p>\n<p>El presidente Javier Milei conden\u00f3 en sus redes sociales el atentado terrorista contra la comunidad jud\u00eda en Australia, un ataque que dej\u00f3 un saldo de al menos 11 muertos.<\/p>\n<p>El hecho de sangre se produjo durante una celebraci\u00f3n de la festividad de Hanukkah en la playa de Bondi Beach, en S\u00eddney, donde dos atacantes abrieron fuego contra los asistentes.<\/p>\n<p>El mandatario, seg\u00fan pudo saber la Agencia Noticias Argentinas, utiliz\u00f3 su cuenta oficial para referirse al suceso, que coincidi\u00f3 con el inicio de la festividad jud\u00eda: &#8220;HORROR. Lo hacen en el inicio de JANUCA. La fiesta en la que pocos vencen a muchos. La fiesta que nos recuerda que la luz vence la oscuridad. Y esto es as\u00ed &#8220;porque la victoria en la batalla no depende de la cantidad de soldados sino de LAS FUERZAS que vienen del CIELO&#8221;. \u00c1NIMO!&#8221;<\/p>\n<p>Tras el ataque, la Polic\u00eda de Nueva Gales del Sur confirm\u00f3 la muerte de once personas, incluido uno de los tiradores, mientras que el segundo presunto atacante fue arrestado y se encuentra en estado cr\u00edtico.<\/p>\n<p>En su mensaje, el presidente retuite\u00f3 un mensaje previo de Waldo Wolff, en el que se cargaba contra quienes &#8220;apa\u00f1an el terrorismo&#8221; y se expresaba solidaridad con las familias de las v\u00edctimas del ataque<\/p>\n<p>&nbsp;<\/p>\n<p>&nbsp;<\/p>\n","protected":false},"excerpt":{"rendered":"<p>&#8220;Lo hacen en el inicio de JANUCA. La fiesta en la que pocos vencen a muchos&#8221;, expres\u00f3 el mandatario argentino en sus redes. El presidente Javier Milei conden\u00f3 en sus redes sociales el atentado terrorista contra la comunidad jud\u00eda en Australia, un ataque que dej\u00f3 un saldo de al menos 11 muertos. El hecho de [&hellip;]<\/p>\n","protected":false},"author":4,"featured_media":201211,"comment_status":"open","ping_status":"open","sticky":false,"template":"","format":"standard","meta":{"_joinchat":[],"footnotes":""},"categories":[29],"tags":[],"class_list":{"0":"post-201210","1":"post","2":"type-post","3":"status-publish","4":"format-standard","5":"has-post-thumbnail","7":"category-nacionales"},"yoast_head":"<!-- This site is optimized with the Yoast SEO plugin v27.2 - https:\/\/yoast.com\/product\/yoast-seo-wordpress\/ -->\n<title>&quot;Horror&quot;: Javier Milei conden\u00f3 el atentado en una playa de Australia - Radio Infinita Goya<\/title>\n<meta name=\"description\" content=\"&quot;Lo hacen en el inicio de JANUCA. La fiesta en la que pocos vencen a muchos&quot;, expres\u00f3 el mandatario argentino en sus redes. El presidente Javier Milei\" \/>\n<meta name=\"robots\" content=\"index, follow, max-snippet:-1, max-image-preview:large, max-video-preview:-1\" \/>\n<link rel=\"canonical\" href=\"https:\/\/radioinfinitagoya.com.ar\/v1\/2025\/12\/14\/horror-javier-milei-condeno-el-atentado-en-una-playa-de-australia\/\" \/>\n<meta property=\"og:locale\" content=\"es_ES\" \/>\n<meta property=\"og:type\" content=\"article\" \/>\n<meta property=\"og:title\" content=\"&quot;Horror&quot;: Javier Milei conden\u00f3 el atentado en una playa de Australia - Radio Infinita Goya\" \/>\n<meta property=\"og:description\" content=\"&quot;Lo hacen en el inicio de JANUCA. La fiesta en la que pocos vencen a muchos&quot;, expres\u00f3 el mandatario argentino en sus redes. El presidente Javier Milei\" \/>\n<meta property=\"og:url\" content=\"https:\/\/radioinfinitagoya.com.ar\/v1\/2025\/12\/14\/horror-javier-milei-condeno-el-atentado-en-una-playa-de-australia\/\" \/>\n<meta property=\"og:site_name\" content=\"Radio Infinita Goya\" \/>\n<meta property=\"article:publisher\" content=\"https:\/\/www.facebook.com\/p\/Infinita-Goya-100063870918311\/\" \/>\n<meta property=\"article:published_time\" content=\"2025-12-14T21:03:06+00:00\" \/>\n<meta property=\"og:image\" content=\"https:\/\/radioinfinitagoya.com.ar\/v1\/wp-content\/uploads\/2025\/12\/KzrhEj1k.jpg\" \/>\n\t<meta property=\"og:image:width\" content=\"680\" \/>\n\t<meta property=\"og:image:height\" content=\"357\" \/>\n\t<meta property=\"og:image:type\" content=\"image\/jpeg\" \/>\n<meta name=\"author\" content=\"Jorge Mi\u00f1o\" \/>\n<meta name=\"twitter:card\" content=\"summary_large_image\" \/>\n<meta name=\"twitter:label1\" content=\"Escrito por\" \/>\n\t<meta name=\"twitter:data1\" content=\"Jorge Mi\u00f1o\" \/>\n\t<meta name=\"twitter:label2\" content=\"Tiempo de lectura\" \/>\n\t<meta name=\"twitter:data2\" content=\"1 minuto\" \/>\n<script type=\"application\/ld+json\" class=\"yoast-schema-graph\">{\"@context\":\"https:\/\/schema.org\",\"@graph\":[{\"@type\":\"Article\",\"@id\":\"https:\/\/radioinfinitagoya.com.ar\/v1\/2025\/12\/14\/horror-javier-milei-condeno-el-atentado-en-una-playa-de-australia\/#article\",\"isPartOf\":{\"@id\":\"https:\/\/radioinfinitagoya.com.ar\/v1\/2025\/12\/14\/horror-javier-milei-condeno-el-atentado-en-una-playa-de-australia\/\"},\"author\":{\"name\":\"Jorge Mi\u00f1o\",\"@id\":\"https:\/\/radioinfinitagoya.com.ar\/v1\/#\/schema\/person\/d4cf9c413d4f6edb24aabdccab49ca4a\"},\"headline\":\"&#8220;Horror&#8221;: Javier Milei conden\u00f3 el atentado en una playa de Australia\",\"datePublished\":\"2025-12-14T21:03:06+00:00\",\"mainEntityOfPage\":{\"@id\":\"https:\/\/radioinfinitagoya.com.ar\/v1\/2025\/12\/14\/horror-javier-milei-condeno-el-atentado-en-una-playa-de-australia\/\"},\"wordCount\":252,\"commentCount\":0,\"publisher\":{\"@id\":\"https:\/\/radioinfinitagoya.com.ar\/v1\/#organization\"},\"image\":{\"@id\":\"https:\/\/radioinfinitagoya.com.ar\/v1\/2025\/12\/14\/horror-javier-milei-condeno-el-atentado-en-una-playa-de-australia\/#primaryimage\"},\"thumbnailUrl\":\"https:\/\/radioinfinitagoya.com.ar\/v1\/wp-content\/uploads\/2025\/12\/KzrhEj1k.jpg\",\"articleSection\":[\"NACIONALES\"],\"inLanguage\":\"es-AR\",\"potentialAction\":[{\"@type\":\"CommentAction\",\"name\":\"Comment\",\"target\":[\"https:\/\/radioinfinitagoya.com.ar\/v1\/2025\/12\/14\/horror-javier-milei-condeno-el-atentado-en-una-playa-de-australia\/#respond\"]}]},{\"@type\":\"WebPage\",\"@id\":\"https:\/\/radioinfinitagoya.com.ar\/v1\/2025\/12\/14\/horror-javier-milei-condeno-el-atentado-en-una-playa-de-australia\/\",\"url\":\"https:\/\/radioinfinitagoya.com.ar\/v1\/2025\/12\/14\/horror-javier-milei-condeno-el-atentado-en-una-playa-de-australia\/\",\"name\":\"\\\"Horror\\\": Javier Milei conden\u00f3 el atentado en una playa de Australia - Radio Infinita Goya\",\"isPartOf\":{\"@id\":\"https:\/\/radioinfinitagoya.com.ar\/v1\/#website\"},\"primaryImageOfPage\":{\"@id\":\"https:\/\/radioinfinitagoya.com.ar\/v1\/2025\/12\/14\/horror-javier-milei-condeno-el-atentado-en-una-playa-de-australia\/#primaryimage\"},\"image\":{\"@id\":\"https:\/\/radioinfinitagoya.com.ar\/v1\/2025\/12\/14\/horror-javier-milei-condeno-el-atentado-en-una-playa-de-australia\/#primaryimage\"},\"thumbnailUrl\":\"https:\/\/radioinfinitagoya.com.ar\/v1\/wp-content\/uploads\/2025\/12\/KzrhEj1k.jpg\",\"datePublished\":\"2025-12-14T21:03:06+00:00\",\"description\":\"\\\"Lo hacen en el inicio de JANUCA. La fiesta en la que pocos vencen a muchos\\\", expres\u00f3 el mandatario argentino en sus redes. El presidente Javier Milei\",\"breadcrumb\":{\"@id\":\"https:\/\/radioinfinitagoya.com.ar\/v1\/2025\/12\/14\/horror-javier-milei-condeno-el-atentado-en-una-playa-de-australia\/#breadcrumb\"},\"inLanguage\":\"es-AR\",\"potentialAction\":[{\"@type\":\"ReadAction\",\"target\":[\"https:\/\/radioinfinitagoya.com.ar\/v1\/2025\/12\/14\/horror-javier-milei-condeno-el-atentado-en-una-playa-de-australia\/\"]}]},{\"@type\":\"ImageObject\",\"inLanguage\":\"es-AR\",\"@id\":\"https:\/\/radioinfinitagoya.com.ar\/v1\/2025\/12\/14\/horror-javier-milei-condeno-el-atentado-en-una-playa-de-australia\/#primaryimage\",\"url\":\"https:\/\/radioinfinitagoya.com.ar\/v1\/wp-content\/uploads\/2025\/12\/KzrhEj1k.jpg\",\"contentUrl\":\"https:\/\/radioinfinitagoya.com.ar\/v1\/wp-content\/uploads\/2025\/12\/KzrhEj1k.jpg\",\"width\":680,\"height\":357},{\"@type\":\"BreadcrumbList\",\"@id\":\"https:\/\/radioinfinitagoya.com.ar\/v1\/2025\/12\/14\/horror-javier-milei-condeno-el-atentado-en-una-playa-de-australia\/#breadcrumb\",\"itemListElement\":[{\"@type\":\"ListItem\",\"position\":1,\"name\":\"Inicio\",\"item\":\"https:\/\/radioinfinitagoya.com.ar\/v1\/\"},{\"@type\":\"ListItem\",\"position\":2,\"name\":\"&#8220;Horror&#8221;: Javier Milei conden\u00f3 el atentado en una playa de Australia\"}]},{\"@type\":\"WebSite\",\"@id\":\"https:\/\/radioinfinitagoya.com.ar\/v1\/#website\",\"url\":\"https:\/\/radioinfinitagoya.com.ar\/v1\/\",\"name\":\"radioinfinitagoya.com.ar\",\"description\":\"Radio de noticias\",\"publisher\":{\"@id\":\"https:\/\/radioinfinitagoya.com.ar\/v1\/#organization\"},\"potentialAction\":[{\"@type\":\"SearchAction\",\"target\":{\"@type\":\"EntryPoint\",\"urlTemplate\":\"https:\/\/radioinfinitagoya.com.ar\/v1\/?s={search_term_string}\"},\"query-input\":{\"@type\":\"PropertyValueSpecification\",\"valueRequired\":true,\"valueName\":\"search_term_string\"}}],\"inLanguage\":\"es-AR\"},{\"@type\":\"Organization\",\"@id\":\"https:\/\/radioinfinitagoya.com.ar\/v1\/#organization\",\"name\":\"Radio Infinita Goya\",\"url\":\"https:\/\/radioinfinitagoya.com.ar\/v1\/\",\"logo\":{\"@type\":\"ImageObject\",\"inLanguage\":\"es-AR\",\"@id\":\"https:\/\/radioinfinitagoya.com.ar\/v1\/#\/schema\/logo\/image\/\",\"url\":\"https:\/\/radioinfinitagoya.com.ar\/v1\/wp-content\/uploads\/2019\/11\/logo-pie-web.png\",\"contentUrl\":\"https:\/\/radioinfinitagoya.com.ar\/v1\/wp-content\/uploads\/2019\/11\/logo-pie-web.png\",\"width\":635,\"height\":326,\"caption\":\"Radio Infinita Goya\"},\"image\":{\"@id\":\"https:\/\/radioinfinitagoya.com.ar\/v1\/#\/schema\/logo\/image\/\"},\"sameAs\":[\"https:\/\/www.facebook.com\/p\/Infinita-Goya-100063870918311\/\"]},{\"@type\":\"Person\",\"@id\":\"https:\/\/radioinfinitagoya.com.ar\/v1\/#\/schema\/person\/d4cf9c413d4f6edb24aabdccab49ca4a\",\"name\":\"Jorge Mi\u00f1o\",\"image\":{\"@type\":\"ImageObject\",\"inLanguage\":\"es-AR\",\"@id\":\"https:\/\/secure.gravatar.com\/avatar\/910fcf6728fe95320e07a6643c1581fec1c7fc4bf8ae12e3d8f0d0373dc844be?s=96&d=mm&r=g\",\"url\":\"https:\/\/secure.gravatar.com\/avatar\/910fcf6728fe95320e07a6643c1581fec1c7fc4bf8ae12e3d8f0d0373dc844be?s=96&d=mm&r=g\",\"contentUrl\":\"https:\/\/secure.gravatar.com\/avatar\/910fcf6728fe95320e07a6643c1581fec1c7fc4bf8ae12e3d8f0d0373dc844be?s=96&d=mm&r=g\",\"caption\":\"Jorge Mi\u00f1o\"},\"sameAs\":[\"http:\/\/radioinfinitagoya.com.ar\"]}]}<\/script>\n<!-- \/ Yoast SEO plugin. -->","yoast_head_json":{"title":"\"Horror\": Javier Milei conden\u00f3 el atentado en una playa de Australia - Radio Infinita Goya","description":"\"Lo hacen en el inicio de JANUCA. La fiesta en la que pocos vencen a muchos\", expres\u00f3 el mandatario argentino en sus redes. El presidente Javier Milei","robots":{"index":"index","follow":"follow","max-snippet":"max-snippet:-1","max-image-preview":"max-image-preview:large","max-video-preview":"max-video-preview:-1"},"canonical":"https:\/\/radioinfinitagoya.com.ar\/v1\/2025\/12\/14\/horror-javier-milei-condeno-el-atentado-en-una-playa-de-australia\/","og_locale":"es_ES","og_type":"article","og_title":"\"Horror\": Javier Milei conden\u00f3 el atentado en una playa de Australia - Radio Infinita Goya","og_description":"\"Lo hacen en el inicio de JANUCA. La fiesta en la que pocos vencen a muchos\", expres\u00f3 el mandatario argentino en sus redes. El presidente Javier Milei","og_url":"https:\/\/radioinfinitagoya.com.ar\/v1\/2025\/12\/14\/horror-javier-milei-condeno-el-atentado-en-una-playa-de-australia\/","og_site_name":"Radio Infinita Goya","article_publisher":"https:\/\/www.facebook.com\/p\/Infinita-Goya-100063870918311\/","article_published_time":"2025-12-14T21:03:06+00:00","og_image":[{"width":680,"height":357,"url":"https:\/\/radioinfinitagoya.com.ar\/v1\/wp-content\/uploads\/2025\/12\/KzrhEj1k.jpg","type":"image\/jpeg"}],"author":"Jorge Mi\u00f1o","twitter_card":"summary_large_image","twitter_misc":{"Escrito por":"Jorge Mi\u00f1o","Tiempo de lectura":"1 minuto"},"schema":{"@context":"https:\/\/schema.org","@graph":[{"@type":"Article","@id":"https:\/\/radioinfinitagoya.com.ar\/v1\/2025\/12\/14\/horror-javier-milei-condeno-el-atentado-en-una-playa-de-australia\/#article","isPartOf":{"@id":"https:\/\/radioinfinitagoya.com.ar\/v1\/2025\/12\/14\/horror-javier-milei-condeno-el-atentado-en-una-playa-de-australia\/"},"author":{"name":"Jorge Mi\u00f1o","@id":"https:\/\/radioinfinitagoya.com.ar\/v1\/#\/schema\/person\/d4cf9c413d4f6edb24aabdccab49ca4a"},"headline":"&#8220;Horror&#8221;: Javier Milei conden\u00f3 el atentado en una playa de Australia","datePublished":"2025-12-14T21:03:06+00:00","mainEntityOfPage":{"@id":"https:\/\/radioinfinitagoya.com.ar\/v1\/2025\/12\/14\/horror-javier-milei-condeno-el-atentado-en-una-playa-de-australia\/"},"wordCount":252,"commentCount":0,"publisher":{"@id":"https:\/\/radioinfinitagoya.com.ar\/v1\/#organization"},"image":{"@id":"https:\/\/radioinfinitagoya.com.ar\/v1\/2025\/12\/14\/horror-javier-milei-condeno-el-atentado-en-una-playa-de-australia\/#primaryimage"},"thumbnailUrl":"https:\/\/radioinfinitagoya.com.ar\/v1\/wp-content\/uploads\/2025\/12\/KzrhEj1k.jpg","articleSection":["NACIONALES"],"inLanguage":"es-AR","potentialAction":[{"@type":"CommentAction","name":"Comment","target":["https:\/\/radioinfinitagoya.com.ar\/v1\/2025\/12\/14\/horror-javier-milei-condeno-el-atentado-en-una-playa-de-australia\/#respond"]}]},{"@type":"WebPage","@id":"https:\/\/radioinfinitagoya.com.ar\/v1\/2025\/12\/14\/horror-javier-milei-condeno-el-atentado-en-una-playa-de-australia\/","url":"https:\/\/radioinfinitagoya.com.ar\/v1\/2025\/12\/14\/horror-javier-milei-condeno-el-atentado-en-una-playa-de-australia\/","name":"\"Horror\": Javier Milei conden\u00f3 el atentado en una playa de Australia - Radio Infinita Goya","isPartOf":{"@id":"https:\/\/radioinfinitagoya.com.ar\/v1\/#website"},"primaryImageOfPage":{"@id":"https:\/\/radioinfinitagoya.com.ar\/v1\/2025\/12\/14\/horror-javier-milei-condeno-el-atentado-en-una-playa-de-australia\/#primaryimage"},"image":{"@id":"https:\/\/radioinfinitagoya.com.ar\/v1\/2025\/12\/14\/horror-javier-milei-condeno-el-atentado-en-una-playa-de-australia\/#primaryimage"},"thumbnailUrl":"https:\/\/radioinfinitagoya.com.ar\/v1\/wp-content\/uploads\/2025\/12\/KzrhEj1k.jpg","datePublished":"2025-12-14T21:03:06+00:00","description":"\"Lo hacen en el inicio de JANUCA. La fiesta en la que pocos vencen a muchos\", expres\u00f3 el mandatario argentino en sus redes. El presidente Javier Milei","breadcrumb":{"@id":"https:\/\/radioinfinitagoya.com.ar\/v1\/2025\/12\/14\/horror-javier-milei-condeno-el-atentado-en-una-playa-de-australia\/#breadcrumb"},"inLanguage":"es-AR","potentialAction":[{"@type":"ReadAction","target":["https:\/\/radioinfinitagoya.com.ar\/v1\/2025\/12\/14\/horror-javier-milei-condeno-el-atentado-en-una-playa-de-australia\/"]}]},{"@type":"ImageObject","inLanguage":"es-AR","@id":"https:\/\/radioinfinitagoya.com.ar\/v1\/2025\/12\/14\/horror-javier-milei-condeno-el-atentado-en-una-playa-de-australia\/#primaryimage","url":"https:\/\/radioinfinitagoya.com.ar\/v1\/wp-content\/uploads\/2025\/12\/KzrhEj1k.jpg","contentUrl":"https:\/\/radioinfinitagoya.com.ar\/v1\/wp-content\/uploads\/2025\/12\/KzrhEj1k.jpg","width":680,"height":357},{"@type":"BreadcrumbList","@id":"https:\/\/radioinfinitagoya.com.ar\/v1\/2025\/12\/14\/horror-javier-milei-condeno-el-atentado-en-una-playa-de-australia\/#breadcrumb","itemListElement":[{"@type":"ListItem","position":1,"name":"Inicio","item":"https:\/\/radioinfinitagoya.com.ar\/v1\/"},{"@type":"ListItem","position":2,"name":"&#8220;Horror&#8221;: Javier Milei conden\u00f3 el atentado en una playa de Australia"}]},{"@type":"WebSite","@id":"https:\/\/radioinfinitagoya.com.ar\/v1\/#website","url":"https:\/\/radioinfinitagoya.com.ar\/v1\/","name":"radioinfinitagoya.com.ar","description":"Radio de noticias","publisher":{"@id":"https:\/\/radioinfinitagoya.com.ar\/v1\/#organization"},"potentialAction":[{"@type":"SearchAction","target":{"@type":"EntryPoint","urlTemplate":"https:\/\/radioinfinitagoya.com.ar\/v1\/?s={search_term_string}"},"query-input":{"@type":"PropertyValueSpecification","valueRequired":true,"valueName":"search_term_string"}}],"inLanguage":"es-AR"},{"@type":"Organization","@id":"https:\/\/radioinfinitagoya.com.ar\/v1\/#organization","name":"Radio Infinita Goya","url":"https:\/\/radioinfinitagoya.com.ar\/v1\/","logo":{"@type":"ImageObject","inLanguage":"es-AR","@id":"https:\/\/radioinfinitagoya.com.ar\/v1\/#\/schema\/logo\/image\/","url":"https:\/\/radioinfinitagoya.com.ar\/v1\/wp-content\/uploads\/2019\/11\/logo-pie-web.png","contentUrl":"https:\/\/radioinfinitagoya.com.ar\/v1\/wp-content\/uploads\/2019\/11\/logo-pie-web.png","width":635,"height":326,"caption":"Radio Infinita Goya"},"image":{"@id":"https:\/\/radioinfinitagoya.com.ar\/v1\/#\/schema\/logo\/image\/"},"sameAs":["https:\/\/www.facebook.com\/p\/Infinita-Goya-100063870918311\/"]},{"@type":"Person","@id":"https:\/\/radioinfinitagoya.com.ar\/v1\/#\/schema\/person\/d4cf9c413d4f6edb24aabdccab49ca4a","name":"Jorge Mi\u00f1o","image":{"@type":"ImageObject","inLanguage":"es-AR","@id":"https:\/\/secure.gravatar.com\/avatar\/910fcf6728fe95320e07a6643c1581fec1c7fc4bf8ae12e3d8f0d0373dc844be?s=96&d=mm&r=g","url":"https:\/\/secure.gravatar.com\/avatar\/910fcf6728fe95320e07a6643c1581fec1c7fc4bf8ae12e3d8f0d0373dc844be?s=96&d=mm&r=g","contentUrl":"https:\/\/secure.gravatar.com\/avatar\/910fcf6728fe95320e07a6643c1581fec1c7fc4bf8ae12e3d8f0d0373dc844be?s=96&d=mm&r=g","caption":"Jorge Mi\u00f1o"},"sameAs":["http:\/\/radioinfinitagoya.com.ar"]}]}},"_links":{"self":[{"href":"https:\/\/radioinfinitagoya.com.ar\/v1\/wp-json\/wp\/v2\/posts\/201210","targetHints":{"allow":["GET"]}}],"collection":[{"href":"https:\/\/radioinfinitagoya.com.ar\/v1\/wp-json\/wp\/v2\/posts"}],"about":[{"href":"https:\/\/radioinfinitagoya.com.ar\/v1\/wp-json\/wp\/v2\/types\/post"}],"author":[{"embeddable":true,"href":"https:\/\/radioinfinitagoya.com.ar\/v1\/wp-json\/wp\/v2\/users\/4"}],"replies":[{"embeddable":true,"href":"https:\/\/radioinfinitagoya.com.ar\/v1\/wp-json\/wp\/v2\/comments?post=201210"}],"version-history":[{"count":0,"href":"https:\/\/radioinfinitagoya.com.ar\/v1\/wp-json\/wp\/v2\/posts\/201210\/revisions"}],"wp:featuredmedia":[{"embeddable":true,"href":"https:\/\/radioinfinitagoya.com.ar\/v1\/wp-json\/wp\/v2\/media\/201211"}],"wp:attachment":[{"href":"https:\/\/radioinfinitagoya.com.ar\/v1\/wp-json\/wp\/v2\/media?parent=201210"}],"wp:term":[{"taxonomy":"category","embeddable":true,"href":"https:\/\/radioinfinitagoya.com.ar\/v1\/wp-json\/wp\/v2\/categories?post=201210"},{"taxonomy":"post_tag","embeddable":true,"href":"https:\/\/radioinfinitagoya.com.ar\/v1\/wp-json\/wp\/v2\/tags?post=201210"}],"curies":[{"name":"wp","href":"https:\/\/api.w.org\/{rel}","templated":true}]}}