{"id":201213,"date":"2025-12-14T18:07:08","date_gmt":"2025-12-14T21:07:08","guid":{"rendered":"https:\/\/radioinfinitagoya.com.ar\/v1\/?p=201213"},"modified":"2025-12-14T18:07:08","modified_gmt":"2025-12-14T21:07:08","slug":"toda-la-verdad-del-inesperado-interes-de-boca-juniors-por-miguel-angel-borja","status":"publish","type":"post","link":"https:\/\/radioinfinitagoya.com.ar\/v1\/2025\/12\/14\/toda-la-verdad-del-inesperado-interes-de-boca-juniors-por-miguel-angel-borja\/","title":{"rendered":"Toda la verdad del inesperado inter\u00e9s de Boca Juniors por Miguel \u00c1ngel Borja"},"content":{"rendered":"<p>Que podr\u00eda sacudir el mercado<\/p>\n<p>El delantero de River Plate quedar\u00e1 con el pase en su poder a partir del 1 de enero. La decisi\u00f3n del Xeneize<\/p>\n<p>El posible traspaso de Miguel \u00c1ngel Borja de River Plate a Boca Juniors gener\u00f3 una conmoci\u00f3n en el f\u00fatbol argentino, ya que el delantero colombiano se perfila como el principal candidato para reforzar la delantera xeneize en la pr\u00f3xima temporada. Seg\u00fan pudo saber Infobae, el club de la Ribera ya inici\u00f3 contactos con el entorno del jugador, lo que abre la puerta a un movimiento que, de concretarse, marcar\u00eda un hito en la historia de los cl\u00e1sicos.<\/p>\n<p>El primer acercamiento entre Boca Juniors y Borja se produjo antes de la entrevista que el atacante concedi\u00f3 el jueves pasado a ESPN, donde sorprendi\u00f3 al no descartar la posibilidad de vestir la camiseta azul y oro. Este gesto p\u00fablico no fue casual, ya que exist\u00eda un di\u00e1logo previo que aliment\u00f3 las versiones sobre el inter\u00e9s concreto del club presidido por Juan Rom\u00e1n Riquelme. El propio Borja declar\u00f3: \u201cUno no puede cerrar las puertas\u201d, en referencia a la chance de sumarse al equipo rival.<\/p>\n<p><img loading=\"lazy\" decoding=\"async\" class=\"alignnone size-full wp-image-201215\" src=\"https:\/\/radioinfinitagoya.com.ar\/v1\/wp-content\/uploads\/2025\/12\/Hu_251211_Deporte_Futbol_News_F90_Borja_River_Roman_RIquelme_Boca.jpg\" alt=\"\" width=\"576\" height=\"324\" srcset=\"https:\/\/radioinfinitagoya.com.ar\/v1\/wp-content\/uploads\/2025\/12\/Hu_251211_Deporte_Futbol_News_F90_Borja_River_Roman_RIquelme_Boca.jpg 576w, https:\/\/radioinfinitagoya.com.ar\/v1\/wp-content\/uploads\/2025\/12\/Hu_251211_Deporte_Futbol_News_F90_Borja_River_Roman_RIquelme_Boca-150x84.jpg 150w\" sizes=\"auto, (max-width: 576px) 100vw, 576px\" \/><\/p>\n<p>El contrato que une a Borja con River Plate finaliza el 31 de diciembre, lo que le permite negociar con otras instituciones durante el \u00faltimo semestre de su v\u00ednculo, aunque reci\u00e9n podr\u00e1 disponer de su ficha a partir de enero. Por este motivo, cualquier definici\u00f3n relevante se postergar\u00eda hasta el inicio de 2026, cuando el plantel de Boca Juniors retome los entrenamientos el 2 de enero en el predio de Ezeiza. Hasta entonces, el delantero mantiene la potestad de dialogar con otros clubes, pero no puede firmar un nuevo contrato.<\/p>\n<p>La posibilidad de que Borja cruce directamente de River Plate a Boca Juniors representa un desaf\u00edo tanto en lo deportivo como en lo simb\u00f3lico. El colombiano, que antes de llegar a N\u00fa\u00f1ez ya hab\u00eda estado cerca de firmar con Boca en varias oportunidades, se consolid\u00f3 como goleador y fue protagonista en supercl\u00e1sicos, lo que en su momento hac\u00eda inviable cualquier negociaci\u00f3n. Sin embargo, su salida del club de N\u00fa\u00f1ez y el distanciamiento con la hinchada abrieron un nuevo escenario, en el que la sed de revancha y la oportunidad de relanzar su carrera en el m\u00e1ximo rival cobran fuerza.<\/p>\n<p>El inter\u00e9s de Boca Juniors por reforzar la posici\u00f3n de centrodelantero responde al bajo rendimiento de Edinson Cavani durante 2025 y a la falta de eficacia de Milton Gim\u00e9nez en los partidos decisivos. En este contexto, Borja aparece como una opci\u00f3n concreta, aunque no es el \u00fanico destino posible para el atacante: desde M\u00e9xico, clubes como Cruz Azul tambi\u00e9n han mostrado inter\u00e9s, aunque la relevancia deportiva de un traspaso a Boca podr\u00eda equilibrar la balanza frente a ofertas econ\u00f3micamente superiores.<\/p>\n<p>El propio Juan Rom\u00e1n Riquelme eval\u00faa avanzar con una propuesta formal en los pr\u00f3ximos d\u00edas. El mutuo inter\u00e9s entre las partes reduce la distancia que suele existir en este tipo de operaciones, donde el costo pol\u00edtico y la rivalidad hist\u00f3rica suelen ser obst\u00e1culos dif\u00edciles de sortear. Para Borja, la posibilidad de sumarse a Boca representa una oportunidad ideal para cambiar su presente tras el rechazo de los hinchas de River, mientras que para el club xeneize, la llegada de un delantero de selecci\u00f3n con experiencia en supercl\u00e1sicos ser\u00eda un golpe de efecto en el mercado de pases.<\/p>\n<p>Por el momento, no existen negociaciones formales, pero el inicio de los contactos ya marca un punto de inflexi\u00f3n en una historia que promete nuevos cap\u00edtulos. El simple hecho de que ambas partes hayan comenzado a dialogar convierte a Borja en el principal candidato para ocupar la camiseta n\u00famero nueve de Boca Juniors en la pr\u00f3xima temporada.<\/p>\n<p>&nbsp;<\/p>\n","protected":false},"excerpt":{"rendered":"<p>Que podr\u00eda sacudir el mercado El delantero de River Plate quedar\u00e1 con el pase en su poder a partir del 1 de enero. La decisi\u00f3n del Xeneize El posible traspaso de Miguel \u00c1ngel Borja de River Plate a Boca Juniors gener\u00f3 una conmoci\u00f3n en el f\u00fatbol argentino, ya que el delantero colombiano se perfila como [&hellip;]<\/p>\n","protected":false},"author":4,"featured_media":201214,"comment_status":"open","ping_status":"open","sticky":false,"template":"","format":"standard","meta":{"_joinchat":[],"footnotes":""},"categories":[28],"tags":[],"class_list":{"0":"post-201213","1":"post","2":"type-post","3":"status-publish","4":"format-standard","5":"has-post-thumbnail","7":"category-deportes"},"yoast_head":"<!-- This site is optimized with the Yoast SEO plugin v27.2 - https:\/\/yoast.com\/product\/yoast-seo-wordpress\/ -->\n<title>Toda la verdad del inesperado inter\u00e9s de Boca Juniors por Miguel \u00c1ngel Borja - Radio Infinita Goya<\/title>\n<meta name=\"description\" content=\"Que podr\u00eda sacudir el mercado El delantero de River Plate quedar\u00e1 con el pase en su poder a partir del 1 de enero. La decisi\u00f3n del Xeneize El posible\" \/>\n<meta name=\"robots\" content=\"index, follow, max-snippet:-1, max-image-preview:large, max-video-preview:-1\" \/>\n<link rel=\"canonical\" href=\"https:\/\/radioinfinitagoya.com.ar\/v1\/2025\/12\/14\/toda-la-verdad-del-inesperado-interes-de-boca-juniors-por-miguel-angel-borja\/\" \/>\n<meta property=\"og:locale\" content=\"es_ES\" \/>\n<meta property=\"og:type\" content=\"article\" \/>\n<meta property=\"og:title\" content=\"Toda la verdad del inesperado inter\u00e9s de Boca Juniors por Miguel \u00c1ngel Borja - Radio Infinita Goya\" \/>\n<meta property=\"og:description\" content=\"Que podr\u00eda sacudir el mercado El delantero de River Plate quedar\u00e1 con el pase en su poder a partir del 1 de enero. La decisi\u00f3n del Xeneize El posible\" \/>\n<meta property=\"og:url\" content=\"https:\/\/radioinfinitagoya.com.ar\/v1\/2025\/12\/14\/toda-la-verdad-del-inesperado-interes-de-boca-juniors-por-miguel-angel-borja\/\" \/>\n<meta property=\"og:site_name\" content=\"Radio Infinita Goya\" \/>\n<meta property=\"article:publisher\" content=\"https:\/\/www.facebook.com\/p\/Infinita-Goya-100063870918311\/\" \/>\n<meta property=\"article:published_time\" content=\"2025-12-14T21:07:08+00:00\" \/>\n<meta name=\"author\" content=\"Jorge Mi\u00f1o\" \/>\n<meta name=\"twitter:card\" content=\"summary_large_image\" \/>\n<meta name=\"twitter:label1\" content=\"Escrito por\" \/>\n\t<meta name=\"twitter:data1\" content=\"Jorge Mi\u00f1o\" \/>\n\t<meta name=\"twitter:label2\" content=\"Tiempo de lectura\" \/>\n\t<meta name=\"twitter:data2\" content=\"3 minutos\" \/>\n<script type=\"application\/ld+json\" class=\"yoast-schema-graph\">{\"@context\":\"https:\/\/schema.org\",\"@graph\":[{\"@type\":\"Article\",\"@id\":\"https:\/\/radioinfinitagoya.com.ar\/v1\/2025\/12\/14\/toda-la-verdad-del-inesperado-interes-de-boca-juniors-por-miguel-angel-borja\/#article\",\"isPartOf\":{\"@id\":\"https:\/\/radioinfinitagoya.com.ar\/v1\/2025\/12\/14\/toda-la-verdad-del-inesperado-interes-de-boca-juniors-por-miguel-angel-borja\/\"},\"author\":{\"name\":\"Jorge Mi\u00f1o\",\"@id\":\"https:\/\/radioinfinitagoya.com.ar\/v1\/#\/schema\/person\/d4cf9c413d4f6edb24aabdccab49ca4a\"},\"headline\":\"Toda la verdad del inesperado inter\u00e9s de Boca Juniors por Miguel \u00c1ngel Borja\",\"datePublished\":\"2025-12-14T21:07:08+00:00\",\"mainEntityOfPage\":{\"@id\":\"https:\/\/radioinfinitagoya.com.ar\/v1\/2025\/12\/14\/toda-la-verdad-del-inesperado-interes-de-boca-juniors-por-miguel-angel-borja\/\"},\"wordCount\":672,\"commentCount\":0,\"publisher\":{\"@id\":\"https:\/\/radioinfinitagoya.com.ar\/v1\/#organization\"},\"image\":{\"@id\":\"https:\/\/radioinfinitagoya.com.ar\/v1\/2025\/12\/14\/toda-la-verdad-del-inesperado-interes-de-boca-juniors-por-miguel-angel-borja\/#primaryimage\"},\"thumbnailUrl\":\"https:\/\/radioinfinitagoya.com.ar\/v1\/wp-content\/uploads\/2025\/12\/6SBCWVQOURG7JCART7R4EDO6I4.avif\",\"articleSection\":[\"DEPORTES\"],\"inLanguage\":\"es-AR\",\"potentialAction\":[{\"@type\":\"CommentAction\",\"name\":\"Comment\",\"target\":[\"https:\/\/radioinfinitagoya.com.ar\/v1\/2025\/12\/14\/toda-la-verdad-del-inesperado-interes-de-boca-juniors-por-miguel-angel-borja\/#respond\"]}]},{\"@type\":\"WebPage\",\"@id\":\"https:\/\/radioinfinitagoya.com.ar\/v1\/2025\/12\/14\/toda-la-verdad-del-inesperado-interes-de-boca-juniors-por-miguel-angel-borja\/\",\"url\":\"https:\/\/radioinfinitagoya.com.ar\/v1\/2025\/12\/14\/toda-la-verdad-del-inesperado-interes-de-boca-juniors-por-miguel-angel-borja\/\",\"name\":\"Toda la verdad del inesperado inter\u00e9s de Boca Juniors por Miguel \u00c1ngel Borja - Radio Infinita Goya\",\"isPartOf\":{\"@id\":\"https:\/\/radioinfinitagoya.com.ar\/v1\/#website\"},\"primaryImageOfPage\":{\"@id\":\"https:\/\/radioinfinitagoya.com.ar\/v1\/2025\/12\/14\/toda-la-verdad-del-inesperado-interes-de-boca-juniors-por-miguel-angel-borja\/#primaryimage\"},\"image\":{\"@id\":\"https:\/\/radioinfinitagoya.com.ar\/v1\/2025\/12\/14\/toda-la-verdad-del-inesperado-interes-de-boca-juniors-por-miguel-angel-borja\/#primaryimage\"},\"thumbnailUrl\":\"https:\/\/radioinfinitagoya.com.ar\/v1\/wp-content\/uploads\/2025\/12\/6SBCWVQOURG7JCART7R4EDO6I4.avif\",\"datePublished\":\"2025-12-14T21:07:08+00:00\",\"description\":\"Que podr\u00eda sacudir el mercado El delantero de River Plate quedar\u00e1 con el pase en su poder a partir del 1 de enero. La decisi\u00f3n del Xeneize El posible\",\"breadcrumb\":{\"@id\":\"https:\/\/radioinfinitagoya.com.ar\/v1\/2025\/12\/14\/toda-la-verdad-del-inesperado-interes-de-boca-juniors-por-miguel-angel-borja\/#breadcrumb\"},\"inLanguage\":\"es-AR\",\"potentialAction\":[{\"@type\":\"ReadAction\",\"target\":[\"https:\/\/radioinfinitagoya.com.ar\/v1\/2025\/12\/14\/toda-la-verdad-del-inesperado-interes-de-boca-juniors-por-miguel-angel-borja\/\"]}]},{\"@type\":\"ImageObject\",\"inLanguage\":\"es-AR\",\"@id\":\"https:\/\/radioinfinitagoya.com.ar\/v1\/2025\/12\/14\/toda-la-verdad-del-inesperado-interes-de-boca-juniors-por-miguel-angel-borja\/#primaryimage\",\"url\":\"https:\/\/radioinfinitagoya.com.ar\/v1\/wp-content\/uploads\/2025\/12\/6SBCWVQOURG7JCART7R4EDO6I4.avif\",\"contentUrl\":\"https:\/\/radioinfinitagoya.com.ar\/v1\/wp-content\/uploads\/2025\/12\/6SBCWVQOURG7JCART7R4EDO6I4.avif\",\"width\":992,\"height\":558},{\"@type\":\"BreadcrumbList\",\"@id\":\"https:\/\/radioinfinitagoya.com.ar\/v1\/2025\/12\/14\/toda-la-verdad-del-inesperado-interes-de-boca-juniors-por-miguel-angel-borja\/#breadcrumb\",\"itemListElement\":[{\"@type\":\"ListItem\",\"position\":1,\"name\":\"Inicio\",\"item\":\"https:\/\/radioinfinitagoya.com.ar\/v1\/\"},{\"@type\":\"ListItem\",\"position\":2,\"name\":\"Toda la verdad del inesperado inter\u00e9s de Boca Juniors por Miguel \u00c1ngel Borja\"}]},{\"@type\":\"WebSite\",\"@id\":\"https:\/\/radioinfinitagoya.com.ar\/v1\/#website\",\"url\":\"https:\/\/radioinfinitagoya.com.ar\/v1\/\",\"name\":\"radioinfinitagoya.com.ar\",\"description\":\"Radio de noticias\",\"publisher\":{\"@id\":\"https:\/\/radioinfinitagoya.com.ar\/v1\/#organization\"},\"potentialAction\":[{\"@type\":\"SearchAction\",\"target\":{\"@type\":\"EntryPoint\",\"urlTemplate\":\"https:\/\/radioinfinitagoya.com.ar\/v1\/?s={search_term_string}\"},\"query-input\":{\"@type\":\"PropertyValueSpecification\",\"valueRequired\":true,\"valueName\":\"search_term_string\"}}],\"inLanguage\":\"es-AR\"},{\"@type\":\"Organization\",\"@id\":\"https:\/\/radioinfinitagoya.com.ar\/v1\/#organization\",\"name\":\"Radio Infinita Goya\",\"url\":\"https:\/\/radioinfinitagoya.com.ar\/v1\/\",\"logo\":{\"@type\":\"ImageObject\",\"inLanguage\":\"es-AR\",\"@id\":\"https:\/\/radioinfinitagoya.com.ar\/v1\/#\/schema\/logo\/image\/\",\"url\":\"https:\/\/radioinfinitagoya.com.ar\/v1\/wp-content\/uploads\/2019\/11\/logo-pie-web.png\",\"contentUrl\":\"https:\/\/radioinfinitagoya.com.ar\/v1\/wp-content\/uploads\/2019\/11\/logo-pie-web.png\",\"width\":635,\"height\":326,\"caption\":\"Radio Infinita Goya\"},\"image\":{\"@id\":\"https:\/\/radioinfinitagoya.com.ar\/v1\/#\/schema\/logo\/image\/\"},\"sameAs\":[\"https:\/\/www.facebook.com\/p\/Infinita-Goya-100063870918311\/\"]},{\"@type\":\"Person\",\"@id\":\"https:\/\/radioinfinitagoya.com.ar\/v1\/#\/schema\/person\/d4cf9c413d4f6edb24aabdccab49ca4a\",\"name\":\"Jorge Mi\u00f1o\",\"image\":{\"@type\":\"ImageObject\",\"inLanguage\":\"es-AR\",\"@id\":\"https:\/\/secure.gravatar.com\/avatar\/910fcf6728fe95320e07a6643c1581fec1c7fc4bf8ae12e3d8f0d0373dc844be?s=96&d=mm&r=g\",\"url\":\"https:\/\/secure.gravatar.com\/avatar\/910fcf6728fe95320e07a6643c1581fec1c7fc4bf8ae12e3d8f0d0373dc844be?s=96&d=mm&r=g\",\"contentUrl\":\"https:\/\/secure.gravatar.com\/avatar\/910fcf6728fe95320e07a6643c1581fec1c7fc4bf8ae12e3d8f0d0373dc844be?s=96&d=mm&r=g\",\"caption\":\"Jorge Mi\u00f1o\"},\"sameAs\":[\"http:\/\/radioinfinitagoya.com.ar\"]}]}<\/script>\n<!-- \/ Yoast SEO plugin. -->","yoast_head_json":{"title":"Toda la verdad del inesperado inter\u00e9s de Boca Juniors por Miguel \u00c1ngel Borja - Radio Infinita Goya","description":"Que podr\u00eda sacudir el mercado El delantero de River Plate quedar\u00e1 con el pase en su poder a partir del 1 de enero. La decisi\u00f3n del Xeneize El posible","robots":{"index":"index","follow":"follow","max-snippet":"max-snippet:-1","max-image-preview":"max-image-preview:large","max-video-preview":"max-video-preview:-1"},"canonical":"https:\/\/radioinfinitagoya.com.ar\/v1\/2025\/12\/14\/toda-la-verdad-del-inesperado-interes-de-boca-juniors-por-miguel-angel-borja\/","og_locale":"es_ES","og_type":"article","og_title":"Toda la verdad del inesperado inter\u00e9s de Boca Juniors por Miguel \u00c1ngel Borja - Radio Infinita Goya","og_description":"Que podr\u00eda sacudir el mercado El delantero de River Plate quedar\u00e1 con el pase en su poder a partir del 1 de enero. La decisi\u00f3n del Xeneize El posible","og_url":"https:\/\/radioinfinitagoya.com.ar\/v1\/2025\/12\/14\/toda-la-verdad-del-inesperado-interes-de-boca-juniors-por-miguel-angel-borja\/","og_site_name":"Radio Infinita Goya","article_publisher":"https:\/\/www.facebook.com\/p\/Infinita-Goya-100063870918311\/","article_published_time":"2025-12-14T21:07:08+00:00","author":"Jorge Mi\u00f1o","twitter_card":"summary_large_image","twitter_misc":{"Escrito por":"Jorge Mi\u00f1o","Tiempo de lectura":"3 minutos"},"schema":{"@context":"https:\/\/schema.org","@graph":[{"@type":"Article","@id":"https:\/\/radioinfinitagoya.com.ar\/v1\/2025\/12\/14\/toda-la-verdad-del-inesperado-interes-de-boca-juniors-por-miguel-angel-borja\/#article","isPartOf":{"@id":"https:\/\/radioinfinitagoya.com.ar\/v1\/2025\/12\/14\/toda-la-verdad-del-inesperado-interes-de-boca-juniors-por-miguel-angel-borja\/"},"author":{"name":"Jorge Mi\u00f1o","@id":"https:\/\/radioinfinitagoya.com.ar\/v1\/#\/schema\/person\/d4cf9c413d4f6edb24aabdccab49ca4a"},"headline":"Toda la verdad del inesperado inter\u00e9s de Boca Juniors por Miguel \u00c1ngel Borja","datePublished":"2025-12-14T21:07:08+00:00","mainEntityOfPage":{"@id":"https:\/\/radioinfinitagoya.com.ar\/v1\/2025\/12\/14\/toda-la-verdad-del-inesperado-interes-de-boca-juniors-por-miguel-angel-borja\/"},"wordCount":672,"commentCount":0,"publisher":{"@id":"https:\/\/radioinfinitagoya.com.ar\/v1\/#organization"},"image":{"@id":"https:\/\/radioinfinitagoya.com.ar\/v1\/2025\/12\/14\/toda-la-verdad-del-inesperado-interes-de-boca-juniors-por-miguel-angel-borja\/#primaryimage"},"thumbnailUrl":"https:\/\/radioinfinitagoya.com.ar\/v1\/wp-content\/uploads\/2025\/12\/6SBCWVQOURG7JCART7R4EDO6I4.avif","articleSection":["DEPORTES"],"inLanguage":"es-AR","potentialAction":[{"@type":"CommentAction","name":"Comment","target":["https:\/\/radioinfinitagoya.com.ar\/v1\/2025\/12\/14\/toda-la-verdad-del-inesperado-interes-de-boca-juniors-por-miguel-angel-borja\/#respond"]}]},{"@type":"WebPage","@id":"https:\/\/radioinfinitagoya.com.ar\/v1\/2025\/12\/14\/toda-la-verdad-del-inesperado-interes-de-boca-juniors-por-miguel-angel-borja\/","url":"https:\/\/radioinfinitagoya.com.ar\/v1\/2025\/12\/14\/toda-la-verdad-del-inesperado-interes-de-boca-juniors-por-miguel-angel-borja\/","name":"Toda la verdad del inesperado inter\u00e9s de Boca Juniors por Miguel \u00c1ngel Borja - Radio Infinita Goya","isPartOf":{"@id":"https:\/\/radioinfinitagoya.com.ar\/v1\/#website"},"primaryImageOfPage":{"@id":"https:\/\/radioinfinitagoya.com.ar\/v1\/2025\/12\/14\/toda-la-verdad-del-inesperado-interes-de-boca-juniors-por-miguel-angel-borja\/#primaryimage"},"image":{"@id":"https:\/\/radioinfinitagoya.com.ar\/v1\/2025\/12\/14\/toda-la-verdad-del-inesperado-interes-de-boca-juniors-por-miguel-angel-borja\/#primaryimage"},"thumbnailUrl":"https:\/\/radioinfinitagoya.com.ar\/v1\/wp-content\/uploads\/2025\/12\/6SBCWVQOURG7JCART7R4EDO6I4.avif","datePublished":"2025-12-14T21:07:08+00:00","description":"Que podr\u00eda sacudir el mercado El delantero de River Plate quedar\u00e1 con el pase en su poder a partir del 1 de enero. La decisi\u00f3n del Xeneize El posible","breadcrumb":{"@id":"https:\/\/radioinfinitagoya.com.ar\/v1\/2025\/12\/14\/toda-la-verdad-del-inesperado-interes-de-boca-juniors-por-miguel-angel-borja\/#breadcrumb"},"inLanguage":"es-AR","potentialAction":[{"@type":"ReadAction","target":["https:\/\/radioinfinitagoya.com.ar\/v1\/2025\/12\/14\/toda-la-verdad-del-inesperado-interes-de-boca-juniors-por-miguel-angel-borja\/"]}]},{"@type":"ImageObject","inLanguage":"es-AR","@id":"https:\/\/radioinfinitagoya.com.ar\/v1\/2025\/12\/14\/toda-la-verdad-del-inesperado-interes-de-boca-juniors-por-miguel-angel-borja\/#primaryimage","url":"https:\/\/radioinfinitagoya.com.ar\/v1\/wp-content\/uploads\/2025\/12\/6SBCWVQOURG7JCART7R4EDO6I4.avif","contentUrl":"https:\/\/radioinfinitagoya.com.ar\/v1\/wp-content\/uploads\/2025\/12\/6SBCWVQOURG7JCART7R4EDO6I4.avif","width":992,"height":558},{"@type":"BreadcrumbList","@id":"https:\/\/radioinfinitagoya.com.ar\/v1\/2025\/12\/14\/toda-la-verdad-del-inesperado-interes-de-boca-juniors-por-miguel-angel-borja\/#breadcrumb","itemListElement":[{"@type":"ListItem","position":1,"name":"Inicio","item":"https:\/\/radioinfinitagoya.com.ar\/v1\/"},{"@type":"ListItem","position":2,"name":"Toda la verdad del inesperado inter\u00e9s de Boca Juniors por Miguel \u00c1ngel Borja"}]},{"@type":"WebSite","@id":"https:\/\/radioinfinitagoya.com.ar\/v1\/#website","url":"https:\/\/radioinfinitagoya.com.ar\/v1\/","name":"radioinfinitagoya.com.ar","description":"Radio de noticias","publisher":{"@id":"https:\/\/radioinfinitagoya.com.ar\/v1\/#organization"},"potentialAction":[{"@type":"SearchAction","target":{"@type":"EntryPoint","urlTemplate":"https:\/\/radioinfinitagoya.com.ar\/v1\/?s={search_term_string}"},"query-input":{"@type":"PropertyValueSpecification","valueRequired":true,"valueName":"search_term_string"}}],"inLanguage":"es-AR"},{"@type":"Organization","@id":"https:\/\/radioinfinitagoya.com.ar\/v1\/#organization","name":"Radio Infinita Goya","url":"https:\/\/radioinfinitagoya.com.ar\/v1\/","logo":{"@type":"ImageObject","inLanguage":"es-AR","@id":"https:\/\/radioinfinitagoya.com.ar\/v1\/#\/schema\/logo\/image\/","url":"https:\/\/radioinfinitagoya.com.ar\/v1\/wp-content\/uploads\/2019\/11\/logo-pie-web.png","contentUrl":"https:\/\/radioinfinitagoya.com.ar\/v1\/wp-content\/uploads\/2019\/11\/logo-pie-web.png","width":635,"height":326,"caption":"Radio Infinita Goya"},"image":{"@id":"https:\/\/radioinfinitagoya.com.ar\/v1\/#\/schema\/logo\/image\/"},"sameAs":["https:\/\/www.facebook.com\/p\/Infinita-Goya-100063870918311\/"]},{"@type":"Person","@id":"https:\/\/radioinfinitagoya.com.ar\/v1\/#\/schema\/person\/d4cf9c413d4f6edb24aabdccab49ca4a","name":"Jorge Mi\u00f1o","image":{"@type":"ImageObject","inLanguage":"es-AR","@id":"https:\/\/secure.gravatar.com\/avatar\/910fcf6728fe95320e07a6643c1581fec1c7fc4bf8ae12e3d8f0d0373dc844be?s=96&d=mm&r=g","url":"https:\/\/secure.gravatar.com\/avatar\/910fcf6728fe95320e07a6643c1581fec1c7fc4bf8ae12e3d8f0d0373dc844be?s=96&d=mm&r=g","contentUrl":"https:\/\/secure.gravatar.com\/avatar\/910fcf6728fe95320e07a6643c1581fec1c7fc4bf8ae12e3d8f0d0373dc844be?s=96&d=mm&r=g","caption":"Jorge Mi\u00f1o"},"sameAs":["http:\/\/radioinfinitagoya.com.ar"]}]}},"_links":{"self":[{"href":"https:\/\/radioinfinitagoya.com.ar\/v1\/wp-json\/wp\/v2\/posts\/201213","targetHints":{"allow":["GET"]}}],"collection":[{"href":"https:\/\/radioinfinitagoya.com.ar\/v1\/wp-json\/wp\/v2\/posts"}],"about":[{"href":"https:\/\/radioinfinitagoya.com.ar\/v1\/wp-json\/wp\/v2\/types\/post"}],"author":[{"embeddable":true,"href":"https:\/\/radioinfinitagoya.com.ar\/v1\/wp-json\/wp\/v2\/users\/4"}],"replies":[{"embeddable":true,"href":"https:\/\/radioinfinitagoya.com.ar\/v1\/wp-json\/wp\/v2\/comments?post=201213"}],"version-history":[{"count":0,"href":"https:\/\/radioinfinitagoya.com.ar\/v1\/wp-json\/wp\/v2\/posts\/201213\/revisions"}],"wp:featuredmedia":[{"embeddable":true,"href":"https:\/\/radioinfinitagoya.com.ar\/v1\/wp-json\/wp\/v2\/media\/201214"}],"wp:attachment":[{"href":"https:\/\/radioinfinitagoya.com.ar\/v1\/wp-json\/wp\/v2\/media?parent=201213"}],"wp:term":[{"taxonomy":"category","embeddable":true,"href":"https:\/\/radioinfinitagoya.com.ar\/v1\/wp-json\/wp\/v2\/categories?post=201213"},{"taxonomy":"post_tag","embeddable":true,"href":"https:\/\/radioinfinitagoya.com.ar\/v1\/wp-json\/wp\/v2\/tags?post=201213"}],"curies":[{"name":"wp","href":"https:\/\/api.w.org\/{rel}","templated":true}]}}