{"id":201217,"date":"2025-12-14T18:13:57","date_gmt":"2025-12-14T21:13:57","guid":{"rendered":"https:\/\/radioinfinitagoya.com.ar\/v1\/?p=201217"},"modified":"2025-12-14T18:13:57","modified_gmt":"2025-12-14T21:13:57","slug":"si-me-llaman-voy-karim-benzema-no-descarta-un-nuevo-capitulo-con-la-seleccion-francesa","status":"publish","type":"post","link":"https:\/\/radioinfinitagoya.com.ar\/v1\/2025\/12\/14\/si-me-llaman-voy-karim-benzema-no-descarta-un-nuevo-capitulo-con-la-seleccion-francesa\/","title":{"rendered":"\u201cSi me llaman, voy\u201d: Karim Benzema no descarta un nuevo cap\u00edtulo con la selecci\u00f3n francesa"},"content":{"rendered":"<p>En di\u00e1logo con L\u2019\u00c9quipe, el delantero de 37 a\u00f1os fue claro: si vuelve a sonar el tel\u00e9fono de los Bleus, estar\u00e1 listo para regresar, mientras sostiene su vigencia competitiva desde Arabia Saudita<\/p>\n<p>Karim Benzema mantiene el deseo de seguir compitiendo al m\u00e1ximo nivel y no descarta regresar a la selecci\u00f3n de Francia para disputar el Mundial, seg\u00fan adelant\u00f3 en una entrevista exclusiva con L\u2019\u00c9quipe. A los 37 a\u00f1os, el delantero del Al-Ittihad en Arabia Saudita proyecta nuevos desaf\u00edos e intenta dejar huella en la formaci\u00f3n de futuras generaciones.<\/p>\n<p>Consultado por los Bleus, Benzema fue enf\u00e1tico: \u201cSi me dec\u00eds de ir a la selecci\u00f3n francesa para jugar un Mundial y te digo que no, soy un mentiroso\u201d, afirm\u00f3. A pesar de que solo jug\u00f3 el Mundial de 2014 y estuvo ausente de 2018 y 2022, explic\u00f3 que no siente una etapa inconclusa en su paso por el equipo nacional.<\/p>\n<p>\u201cHice lo que hice. Estuve ah\u00ed. No sali\u00f3, es as\u00ed. No jugu\u00e9 en la selecci\u00f3n durante seis a\u00f1os. Volv\u00ed, gan\u00e9 la Liga de Naciones, brillamos en la Euro, pero quedamos eliminados. Es la vida. As\u00ed que inacabado, no estoy de acuerdo. No es as\u00ed como veo mi paso por la selecci\u00f3n\u201d, relat\u00f3.<\/p>\n<p><img loading=\"lazy\" decoding=\"async\" class=\"alignnone size-full wp-image-201219\" src=\"https:\/\/radioinfinitagoya.com.ar\/v1\/wp-content\/uploads\/2025\/12\/4VVPA2QQOQ6JEET2MGR4MFDXJE.avif\" alt=\"\" width=\"992\" height=\"692\" srcset=\"https:\/\/radioinfinitagoya.com.ar\/v1\/wp-content\/uploads\/2025\/12\/4VVPA2QQOQ6JEET2MGR4MFDXJE.avif 992w, https:\/\/radioinfinitagoya.com.ar\/v1\/wp-content\/uploads\/2025\/12\/4VVPA2QQOQ6JEET2MGR4MFDXJE-150x105.jpg 150w, https:\/\/radioinfinitagoya.com.ar\/v1\/wp-content\/uploads\/2025\/12\/4VVPA2QQOQ6JEET2MGR4MFDXJE-768x536.jpg 768w, https:\/\/radioinfinitagoya.com.ar\/v1\/wp-content\/uploads\/2025\/12\/4VVPA2QQOQ6JEET2MGR4MFDXJE-602x420.jpg 602w, https:\/\/radioinfinitagoya.com.ar\/v1\/wp-content\/uploads\/2025\/12\/4VVPA2QQOQ6JEET2MGR4MFDXJE-696x486.jpg 696w, https:\/\/radioinfinitagoya.com.ar\/v1\/wp-content\/uploads\/2025\/12\/4VVPA2QQOQ6JEET2MGR4MFDXJE-100x70.jpg 100w\" sizes=\"auto, (max-width: 992px) 100vw, 992px\" \/>En caso de un llamado, el delantero no duda: \u201cCuando me llaman, voy, juego. Tengo objetivos en mi cabeza. Me gusta el f\u00fatbol y me gusta ganar. Me importan los trofeos. Ahora estoy en mi club. Si me llaman a la selecci\u00f3n, voy para jugar al f\u00fatbol. Y ah\u00ed termina todo\u201d.<\/p>\n<p>El reto saud\u00ed y su rol formador<\/p>\n<p>Respecto a su experiencia en Arabia Saudita, Benzema subraya el valor del proyecto: \u201cUn muy buen balance, porque era un proyecto global. Estuve al principio del proyecto saud\u00ed con el f\u00fatbol, para intentar desarrollarlo. Fue un cambio radical. Descubr\u00ed otro f\u00fatbol, otra mentalidad. Fue como empezar de cero. Pero con mi experiencia en clubes europeos, el proceso mejor\u00f3\u201d.<\/p>\n<p>Reconoci\u00f3 que su primera temporada en la Liga Profesional Saud\u00ed fue \u201cmuy, muy media\u201d, aunque la segunda signific\u00f3 una evoluci\u00f3n: buen equipo, goles y t\u00edtulos.<\/p>\n<p><img loading=\"lazy\" decoding=\"async\" class=\"alignnone size-full wp-image-201220\" src=\"https:\/\/radioinfinitagoya.com.ar\/v1\/wp-content\/uploads\/2025\/12\/D5MZLEN7E5CRPD72FMUAHKE464.avif\" alt=\"\" width=\"992\" height=\"701\" srcset=\"https:\/\/radioinfinitagoya.com.ar\/v1\/wp-content\/uploads\/2025\/12\/D5MZLEN7E5CRPD72FMUAHKE464.avif 992w, https:\/\/radioinfinitagoya.com.ar\/v1\/wp-content\/uploads\/2025\/12\/D5MZLEN7E5CRPD72FMUAHKE464-150x106.jpg 150w, https:\/\/radioinfinitagoya.com.ar\/v1\/wp-content\/uploads\/2025\/12\/D5MZLEN7E5CRPD72FMUAHKE464-768x543.jpg 768w, https:\/\/radioinfinitagoya.com.ar\/v1\/wp-content\/uploads\/2025\/12\/D5MZLEN7E5CRPD72FMUAHKE464-594x420.jpg 594w, https:\/\/radioinfinitagoya.com.ar\/v1\/wp-content\/uploads\/2025\/12\/D5MZLEN7E5CRPD72FMUAHKE464-696x492.jpg 696w, https:\/\/radioinfinitagoya.com.ar\/v1\/wp-content\/uploads\/2025\/12\/D5MZLEN7E5CRPD72FMUAHKE464-100x70.jpg 100w\" sizes=\"auto, (max-width: 992px) 100vw, 992px\" \/>Destac\u00f3 adem\u00e1s su papel m\u00e1s all\u00e1 del terreno de juego: \u201cNo firm\u00e9 solo para jugar al f\u00fatbol. Mi papel es tambi\u00e9n desarrollar el pa\u00eds, ayudar a los j\u00f3venes jugadores saud\u00edes. Mostrarles lo que se puede hacer en Europa\u201d.<\/p>\n<p>Benzema a\u00f1adi\u00f3 que el nivel de la liga saud\u00ed crece y la adaptaci\u00f3n no es sencilla para los jugadores locales: \u201cNo hay que creer que es f\u00e1cil aqu\u00ed. No est\u00e1 al nivel de Europa, pero no est\u00e1 lejos. Un equipo europeo no va a ganar 5-0 contra un buen equipo saud\u00ed. Eso es un sue\u00f1o, no jugamos a la PlayStation. El nivel, los entrenamientos, no tienen la misma intensidad que en Europa. Pero, poco a poco, llegamos. Nosotros, por ejemplo, tenemos un entrenador europeo y trabajamos mucho f\u00edsicamente\u201d.<\/p>\n<p><img loading=\"lazy\" decoding=\"async\" class=\"alignnone size-full wp-image-201221\" src=\"https:\/\/radioinfinitagoya.com.ar\/v1\/wp-content\/uploads\/2025\/12\/APRGJBBOVJAWPDBZWZ34EDC6OQ.avif\" alt=\"\" width=\"992\" height=\"661\" srcset=\"https:\/\/radioinfinitagoya.com.ar\/v1\/wp-content\/uploads\/2025\/12\/APRGJBBOVJAWPDBZWZ34EDC6OQ.avif 992w, https:\/\/radioinfinitagoya.com.ar\/v1\/wp-content\/uploads\/2025\/12\/APRGJBBOVJAWPDBZWZ34EDC6OQ-150x100.jpg 150w, https:\/\/radioinfinitagoya.com.ar\/v1\/wp-content\/uploads\/2025\/12\/APRGJBBOVJAWPDBZWZ34EDC6OQ-768x512.jpg 768w, https:\/\/radioinfinitagoya.com.ar\/v1\/wp-content\/uploads\/2025\/12\/APRGJBBOVJAWPDBZWZ34EDC6OQ-630x420.jpg 630w, https:\/\/radioinfinitagoya.com.ar\/v1\/wp-content\/uploads\/2025\/12\/APRGJBBOVJAWPDBZWZ34EDC6OQ-696x464.jpg 696w\" sizes=\"auto, (max-width: 992px) 100vw, 992px\" \/>\u201cEs complicado para ellos. Es duro, la intensidad ya no es la misma. La ambici\u00f3n tampoco. Pero aprenden cada d\u00eda. Estoy aqu\u00ed para ellos. Les doy muchos consejos y la v\u00eda a seguir. No tengo su edad, pero ven que trabajo m\u00e1s que ellos, as\u00ed que preguntan. Y me gusta, porque tienen mentalidad de trabajo. Yo quiero lo mejor para ellos\u201d, dijo sobre la formaci\u00f3n.<\/p>\n<p>F\u00edsico, longevidad y vigencia competitiva<br \/>\nSobre su evoluci\u00f3n, Benzema atribuye su longevidad a la pasi\u00f3n y el esfuerzo diario: \u201cTrabajo mucho en los entrenamientos y en casa. Si tengo cinco d\u00edas libres, vuelvo a Lyon y sigo entrenando. Estoy obligado, es por amor al f\u00fatbol que me exijo tanto\u201d.<\/p>\n<p>Asimismo, intent\u00f3 cambiar su estilo, pero prefiere conservar movilidad: necesita libertad y protagonismo en el campo.<\/p>\n<p>Sobre la controversia en el Mundial 2022 y su relaci\u00f3n con Didier Deschamps, evita polemizar: \u201cNo estoy aqu\u00ed para hablar de esas cosas. Ya est\u00e1, se acab\u00f3. \u00bfVamos a hablar de esta historia durante 30 a\u00f1os? Es pasado para m\u00ed\u201d.<\/p>\n<p>Zidane, Real Madrid y nuevos referentes<\/p>\n<p><img loading=\"lazy\" decoding=\"async\" class=\"alignnone size-full wp-image-201222\" src=\"https:\/\/radioinfinitagoya.com.ar\/v1\/wp-content\/uploads\/2025\/12\/HB3XT6IRNY7YYTGNENHFA6UWFY.avif\" alt=\"\" width=\"992\" height=\"662\" srcset=\"https:\/\/radioinfinitagoya.com.ar\/v1\/wp-content\/uploads\/2025\/12\/HB3XT6IRNY7YYTGNENHFA6UWFY.avif 992w, https:\/\/radioinfinitagoya.com.ar\/v1\/wp-content\/uploads\/2025\/12\/HB3XT6IRNY7YYTGNENHFA6UWFY-150x100.jpg 150w, https:\/\/radioinfinitagoya.com.ar\/v1\/wp-content\/uploads\/2025\/12\/HB3XT6IRNY7YYTGNENHFA6UWFY-768x513.jpg 768w, https:\/\/radioinfinitagoya.com.ar\/v1\/wp-content\/uploads\/2025\/12\/HB3XT6IRNY7YYTGNENHFA6UWFY-629x420.jpg 629w, https:\/\/radioinfinitagoya.com.ar\/v1\/wp-content\/uploads\/2025\/12\/HB3XT6IRNY7YYTGNENHFA6UWFY-696x464.jpg 696w\" sizes=\"auto, (max-width: 992px) 100vw, 992px\" \/>Preguntado por Zin\u00e9dine Zidane como posible seleccionador, expresa certeza en su \u00e9xito: \u201cSi Zizou, un d\u00eda, es seleccionador de la selecci\u00f3n francesa, ganar\u00e1. Donde quieras, ganar\u00e1\u201d. Al mismo tiempo,cConfirm\u00f3 que mantienen una buena relaci\u00f3n y siguen en contacto.<\/p>\n<p>Al analizar el f\u00fatbol europeo y el Real Madrid, Benzema considera clave la conexi\u00f3n entre estrellas: \u201cLo que les falta es solo una conexi\u00f3n. Entre Mbapp\u00e9, Vinicius, Bellingham, Rodrygo. Cada uno debe saber lo que tiene que hacer en el campo. Si lo logran, se acab\u00f3\u201d.<\/p>\n<p><img loading=\"lazy\" decoding=\"async\" class=\"alignnone size-full wp-image-201223\" src=\"https:\/\/radioinfinitagoya.com.ar\/v1\/wp-content\/uploads\/2025\/12\/RYHPCJ5TNBET7PFA5VSUGJVBZI.avif\" alt=\"\" width=\"992\" height=\"643\" srcset=\"https:\/\/radioinfinitagoya.com.ar\/v1\/wp-content\/uploads\/2025\/12\/RYHPCJ5TNBET7PFA5VSUGJVBZI.avif 992w, https:\/\/radioinfinitagoya.com.ar\/v1\/wp-content\/uploads\/2025\/12\/RYHPCJ5TNBET7PFA5VSUGJVBZI-150x97.jpg 150w, https:\/\/radioinfinitagoya.com.ar\/v1\/wp-content\/uploads\/2025\/12\/RYHPCJ5TNBET7PFA5VSUGJVBZI-768x498.jpg 768w, https:\/\/radioinfinitagoya.com.ar\/v1\/wp-content\/uploads\/2025\/12\/RYHPCJ5TNBET7PFA5VSUGJVBZI-648x420.jpg 648w, https:\/\/radioinfinitagoya.com.ar\/v1\/wp-content\/uploads\/2025\/12\/RYHPCJ5TNBET7PFA5VSUGJVBZI-696x451.jpg 696w\" sizes=\"auto, (max-width: 992px) 100vw, 992px\" \/>Sobre Kylian Mbapp\u00e9, resalt\u00f3 la presi\u00f3n en el Real Madrid: \u201cEl Real lo fich\u00f3 para que, en momentos clave, haga ganar a su equipo. Y es capaz de hacerlo. Esa es la presi\u00f3n que debe asumir y dar ese paso de l\u00edder de ataque\u201d.<\/p>\n<p>Por su parte, elogia a la nueva generaci\u00f3n francesa, destacando a Ousmane Demb\u00e9l\u00e9, Michael Olise y Rayan Cherki: \u201cLo que Demb\u00e9l\u00e9 hizo en el PSG es \u00fanico. Para m\u00ed es el mejor jugador del mundo y merece mayor reconocimiento\u201d.<\/p>\n<p>Futuro, legado y visi\u00f3n formadora<br \/>\nPensando en el futuro, Benzema afirm\u00f3 estar listo para competir dos a\u00f1os m\u00e1s al m\u00e1ximo nivel: \u201cEn mi cabeza, estoy programado para dos a\u00f1os m\u00e1s. Cuido lo que como, c\u00f3mo duermo\u2026 Todo est\u00e1 muy regulado\u201d.<\/p>\n<p><img loading=\"lazy\" decoding=\"async\" class=\"alignnone size-full wp-image-201224\" src=\"https:\/\/radioinfinitagoya.com.ar\/v1\/wp-content\/uploads\/2025\/12\/7I7HUEDDSJD2NJZS3AYJUKOHFU.avif\" alt=\"\" width=\"992\" height=\"661\" srcset=\"https:\/\/radioinfinitagoya.com.ar\/v1\/wp-content\/uploads\/2025\/12\/7I7HUEDDSJD2NJZS3AYJUKOHFU.avif 992w, https:\/\/radioinfinitagoya.com.ar\/v1\/wp-content\/uploads\/2025\/12\/7I7HUEDDSJD2NJZS3AYJUKOHFU-150x100.jpg 150w, https:\/\/radioinfinitagoya.com.ar\/v1\/wp-content\/uploads\/2025\/12\/7I7HUEDDSJD2NJZS3AYJUKOHFU-768x512.jpg 768w, https:\/\/radioinfinitagoya.com.ar\/v1\/wp-content\/uploads\/2025\/12\/7I7HUEDDSJD2NJZS3AYJUKOHFU-630x420.jpg 630w, https:\/\/radioinfinitagoya.com.ar\/v1\/wp-content\/uploads\/2025\/12\/7I7HUEDDSJD2NJZS3AYJUKOHFU-696x464.jpg 696w\" sizes=\"auto, (max-width: 992px) 100vw, 992px\" \/>Adem\u00e1s, valor\u00f3 su legado en el Olympique de Lyon y el impacto que quiere dejar: \u201cNo quiero ser solo un jugador de paso. Puedes tener una buena carrera y ser respetado, o realmente dejar algo. Yo quiero eso. Mientras pueda seguir jugando y marcando, sigo\u201d.<\/p>\n<p>Finalmente, se mostr\u00f3 decidido a dedicarse a la formaci\u00f3n: \u201cMe gustar\u00eda crear academias para los j\u00f3venes y transmitir mi visi\u00f3n. Quiero hacer cosas as\u00ed\u201d.<\/p>\n<p>De este modo, Benzema concluy\u00f3 la entrevista reafirmando su deseo de compartir su experiencia y visi\u00f3n del juego con las futuras generaciones, convencido de que su mayor satisfacci\u00f3n ser\u00e1 ver esa filosof\u00eda reflejada en el f\u00fatbol que est\u00e1 por venir.<\/p>\n","protected":false},"excerpt":{"rendered":"<p>En di\u00e1logo con L\u2019\u00c9quipe, el delantero de 37 a\u00f1os fue claro: si vuelve a sonar el tel\u00e9fono de los Bleus, estar\u00e1 listo para regresar, mientras sostiene su vigencia competitiva desde Arabia Saudita Karim Benzema mantiene el deseo de seguir compitiendo al m\u00e1ximo nivel y no descarta regresar a la selecci\u00f3n de Francia para disputar el [&hellip;]<\/p>\n","protected":false},"author":4,"featured_media":201218,"comment_status":"open","ping_status":"open","sticky":false,"template":"","format":"standard","meta":{"_joinchat":[],"footnotes":""},"categories":[28],"tags":[],"class_list":{"0":"post-201217","1":"post","2":"type-post","3":"status-publish","4":"format-standard","5":"has-post-thumbnail","7":"category-deportes"},"yoast_head":"<!-- This site is optimized with the Yoast SEO plugin v27.2 - https:\/\/yoast.com\/product\/yoast-seo-wordpress\/ -->\n<title>\u201cSi me llaman, voy\u201d: Karim Benzema no descarta un nuevo cap\u00edtulo con la selecci\u00f3n francesa - Radio Infinita Goya<\/title>\n<meta name=\"description\" content=\"En di\u00e1logo con L\u2019\u00c9quipe, el delantero de 37 a\u00f1os fue claro: si vuelve a sonar el tel\u00e9fono de los Bleus, estar\u00e1 listo para regresar, mientras sostiene su\" \/>\n<meta name=\"robots\" content=\"index, follow, max-snippet:-1, max-image-preview:large, max-video-preview:-1\" \/>\n<link rel=\"canonical\" href=\"https:\/\/radioinfinitagoya.com.ar\/v1\/2025\/12\/14\/si-me-llaman-voy-karim-benzema-no-descarta-un-nuevo-capitulo-con-la-seleccion-francesa\/\" \/>\n<meta property=\"og:locale\" content=\"es_ES\" \/>\n<meta property=\"og:type\" content=\"article\" \/>\n<meta property=\"og:title\" content=\"\u201cSi me llaman, voy\u201d: Karim Benzema no descarta un nuevo cap\u00edtulo con la selecci\u00f3n francesa - Radio Infinita Goya\" \/>\n<meta property=\"og:description\" content=\"En di\u00e1logo con L\u2019\u00c9quipe, el delantero de 37 a\u00f1os fue claro: si vuelve a sonar el tel\u00e9fono de los Bleus, estar\u00e1 listo para regresar, mientras sostiene su\" \/>\n<meta property=\"og:url\" content=\"https:\/\/radioinfinitagoya.com.ar\/v1\/2025\/12\/14\/si-me-llaman-voy-karim-benzema-no-descarta-un-nuevo-capitulo-con-la-seleccion-francesa\/\" \/>\n<meta property=\"og:site_name\" content=\"Radio Infinita Goya\" \/>\n<meta property=\"article:publisher\" content=\"https:\/\/www.facebook.com\/p\/Infinita-Goya-100063870918311\/\" \/>\n<meta property=\"article:published_time\" content=\"2025-12-14T21:13:57+00:00\" \/>\n<meta name=\"author\" content=\"Jorge Mi\u00f1o\" \/>\n<meta name=\"twitter:card\" content=\"summary_large_image\" \/>\n<meta name=\"twitter:label1\" content=\"Escrito por\" \/>\n\t<meta name=\"twitter:data1\" content=\"Jorge Mi\u00f1o\" \/>\n\t<meta name=\"twitter:label2\" content=\"Tiempo de lectura\" \/>\n\t<meta name=\"twitter:data2\" content=\"5 minutos\" \/>\n<script type=\"application\/ld+json\" class=\"yoast-schema-graph\">{\"@context\":\"https:\/\/schema.org\",\"@graph\":[{\"@type\":\"Article\",\"@id\":\"https:\/\/radioinfinitagoya.com.ar\/v1\/2025\/12\/14\/si-me-llaman-voy-karim-benzema-no-descarta-un-nuevo-capitulo-con-la-seleccion-francesa\/#article\",\"isPartOf\":{\"@id\":\"https:\/\/radioinfinitagoya.com.ar\/v1\/2025\/12\/14\/si-me-llaman-voy-karim-benzema-no-descarta-un-nuevo-capitulo-con-la-seleccion-francesa\/\"},\"author\":{\"name\":\"Jorge Mi\u00f1o\",\"@id\":\"https:\/\/radioinfinitagoya.com.ar\/v1\/#\/schema\/person\/d4cf9c413d4f6edb24aabdccab49ca4a\"},\"headline\":\"\u201cSi me llaman, voy\u201d: Karim Benzema no descarta un nuevo cap\u00edtulo con la selecci\u00f3n francesa\",\"datePublished\":\"2025-12-14T21:13:57+00:00\",\"mainEntityOfPage\":{\"@id\":\"https:\/\/radioinfinitagoya.com.ar\/v1\/2025\/12\/14\/si-me-llaman-voy-karim-benzema-no-descarta-un-nuevo-capitulo-con-la-seleccion-francesa\/\"},\"wordCount\":1047,\"commentCount\":0,\"publisher\":{\"@id\":\"https:\/\/radioinfinitagoya.com.ar\/v1\/#organization\"},\"image\":{\"@id\":\"https:\/\/radioinfinitagoya.com.ar\/v1\/2025\/12\/14\/si-me-llaman-voy-karim-benzema-no-descarta-un-nuevo-capitulo-con-la-seleccion-francesa\/#primaryimage\"},\"thumbnailUrl\":\"https:\/\/radioinfinitagoya.com.ar\/v1\/wp-content\/uploads\/2025\/12\/3RRL3CN74NBC7JHAGAICRLXYQQ.avif\",\"articleSection\":[\"DEPORTES\"],\"inLanguage\":\"es-AR\",\"potentialAction\":[{\"@type\":\"CommentAction\",\"name\":\"Comment\",\"target\":[\"https:\/\/radioinfinitagoya.com.ar\/v1\/2025\/12\/14\/si-me-llaman-voy-karim-benzema-no-descarta-un-nuevo-capitulo-con-la-seleccion-francesa\/#respond\"]}]},{\"@type\":\"WebPage\",\"@id\":\"https:\/\/radioinfinitagoya.com.ar\/v1\/2025\/12\/14\/si-me-llaman-voy-karim-benzema-no-descarta-un-nuevo-capitulo-con-la-seleccion-francesa\/\",\"url\":\"https:\/\/radioinfinitagoya.com.ar\/v1\/2025\/12\/14\/si-me-llaman-voy-karim-benzema-no-descarta-un-nuevo-capitulo-con-la-seleccion-francesa\/\",\"name\":\"\u201cSi me llaman, voy\u201d: Karim Benzema no descarta un nuevo cap\u00edtulo con la selecci\u00f3n francesa - Radio Infinita Goya\",\"isPartOf\":{\"@id\":\"https:\/\/radioinfinitagoya.com.ar\/v1\/#website\"},\"primaryImageOfPage\":{\"@id\":\"https:\/\/radioinfinitagoya.com.ar\/v1\/2025\/12\/14\/si-me-llaman-voy-karim-benzema-no-descarta-un-nuevo-capitulo-con-la-seleccion-francesa\/#primaryimage\"},\"image\":{\"@id\":\"https:\/\/radioinfinitagoya.com.ar\/v1\/2025\/12\/14\/si-me-llaman-voy-karim-benzema-no-descarta-un-nuevo-capitulo-con-la-seleccion-francesa\/#primaryimage\"},\"thumbnailUrl\":\"https:\/\/radioinfinitagoya.com.ar\/v1\/wp-content\/uploads\/2025\/12\/3RRL3CN74NBC7JHAGAICRLXYQQ.avif\",\"datePublished\":\"2025-12-14T21:13:57+00:00\",\"description\":\"En di\u00e1logo con L\u2019\u00c9quipe, el delantero de 37 a\u00f1os fue claro: si vuelve a sonar el tel\u00e9fono de los Bleus, estar\u00e1 listo para regresar, mientras sostiene su\",\"breadcrumb\":{\"@id\":\"https:\/\/radioinfinitagoya.com.ar\/v1\/2025\/12\/14\/si-me-llaman-voy-karim-benzema-no-descarta-un-nuevo-capitulo-con-la-seleccion-francesa\/#breadcrumb\"},\"inLanguage\":\"es-AR\",\"potentialAction\":[{\"@type\":\"ReadAction\",\"target\":[\"https:\/\/radioinfinitagoya.com.ar\/v1\/2025\/12\/14\/si-me-llaman-voy-karim-benzema-no-descarta-un-nuevo-capitulo-con-la-seleccion-francesa\/\"]}]},{\"@type\":\"ImageObject\",\"inLanguage\":\"es-AR\",\"@id\":\"https:\/\/radioinfinitagoya.com.ar\/v1\/2025\/12\/14\/si-me-llaman-voy-karim-benzema-no-descarta-un-nuevo-capitulo-con-la-seleccion-francesa\/#primaryimage\",\"url\":\"https:\/\/radioinfinitagoya.com.ar\/v1\/wp-content\/uploads\/2025\/12\/3RRL3CN74NBC7JHAGAICRLXYQQ.avif\",\"contentUrl\":\"https:\/\/radioinfinitagoya.com.ar\/v1\/wp-content\/uploads\/2025\/12\/3RRL3CN74NBC7JHAGAICRLXYQQ.avif\",\"width\":992,\"height\":656},{\"@type\":\"BreadcrumbList\",\"@id\":\"https:\/\/radioinfinitagoya.com.ar\/v1\/2025\/12\/14\/si-me-llaman-voy-karim-benzema-no-descarta-un-nuevo-capitulo-con-la-seleccion-francesa\/#breadcrumb\",\"itemListElement\":[{\"@type\":\"ListItem\",\"position\":1,\"name\":\"Inicio\",\"item\":\"https:\/\/radioinfinitagoya.com.ar\/v1\/\"},{\"@type\":\"ListItem\",\"position\":2,\"name\":\"\u201cSi me llaman, voy\u201d: Karim Benzema no descarta un nuevo cap\u00edtulo con la selecci\u00f3n francesa\"}]},{\"@type\":\"WebSite\",\"@id\":\"https:\/\/radioinfinitagoya.com.ar\/v1\/#website\",\"url\":\"https:\/\/radioinfinitagoya.com.ar\/v1\/\",\"name\":\"radioinfinitagoya.com.ar\",\"description\":\"Radio de noticias\",\"publisher\":{\"@id\":\"https:\/\/radioinfinitagoya.com.ar\/v1\/#organization\"},\"potentialAction\":[{\"@type\":\"SearchAction\",\"target\":{\"@type\":\"EntryPoint\",\"urlTemplate\":\"https:\/\/radioinfinitagoya.com.ar\/v1\/?s={search_term_string}\"},\"query-input\":{\"@type\":\"PropertyValueSpecification\",\"valueRequired\":true,\"valueName\":\"search_term_string\"}}],\"inLanguage\":\"es-AR\"},{\"@type\":\"Organization\",\"@id\":\"https:\/\/radioinfinitagoya.com.ar\/v1\/#organization\",\"name\":\"Radio Infinita Goya\",\"url\":\"https:\/\/radioinfinitagoya.com.ar\/v1\/\",\"logo\":{\"@type\":\"ImageObject\",\"inLanguage\":\"es-AR\",\"@id\":\"https:\/\/radioinfinitagoya.com.ar\/v1\/#\/schema\/logo\/image\/\",\"url\":\"https:\/\/radioinfinitagoya.com.ar\/v1\/wp-content\/uploads\/2019\/11\/logo-pie-web.png\",\"contentUrl\":\"https:\/\/radioinfinitagoya.com.ar\/v1\/wp-content\/uploads\/2019\/11\/logo-pie-web.png\",\"width\":635,\"height\":326,\"caption\":\"Radio Infinita Goya\"},\"image\":{\"@id\":\"https:\/\/radioinfinitagoya.com.ar\/v1\/#\/schema\/logo\/image\/\"},\"sameAs\":[\"https:\/\/www.facebook.com\/p\/Infinita-Goya-100063870918311\/\"]},{\"@type\":\"Person\",\"@id\":\"https:\/\/radioinfinitagoya.com.ar\/v1\/#\/schema\/person\/d4cf9c413d4f6edb24aabdccab49ca4a\",\"name\":\"Jorge Mi\u00f1o\",\"image\":{\"@type\":\"ImageObject\",\"inLanguage\":\"es-AR\",\"@id\":\"https:\/\/secure.gravatar.com\/avatar\/910fcf6728fe95320e07a6643c1581fec1c7fc4bf8ae12e3d8f0d0373dc844be?s=96&d=mm&r=g\",\"url\":\"https:\/\/secure.gravatar.com\/avatar\/910fcf6728fe95320e07a6643c1581fec1c7fc4bf8ae12e3d8f0d0373dc844be?s=96&d=mm&r=g\",\"contentUrl\":\"https:\/\/secure.gravatar.com\/avatar\/910fcf6728fe95320e07a6643c1581fec1c7fc4bf8ae12e3d8f0d0373dc844be?s=96&d=mm&r=g\",\"caption\":\"Jorge Mi\u00f1o\"},\"sameAs\":[\"http:\/\/radioinfinitagoya.com.ar\"]}]}<\/script>\n<!-- \/ Yoast SEO plugin. -->","yoast_head_json":{"title":"\u201cSi me llaman, voy\u201d: Karim Benzema no descarta un nuevo cap\u00edtulo con la selecci\u00f3n francesa - Radio Infinita Goya","description":"En di\u00e1logo con L\u2019\u00c9quipe, el delantero de 37 a\u00f1os fue claro: si vuelve a sonar el tel\u00e9fono de los Bleus, estar\u00e1 listo para regresar, mientras sostiene su","robots":{"index":"index","follow":"follow","max-snippet":"max-snippet:-1","max-image-preview":"max-image-preview:large","max-video-preview":"max-video-preview:-1"},"canonical":"https:\/\/radioinfinitagoya.com.ar\/v1\/2025\/12\/14\/si-me-llaman-voy-karim-benzema-no-descarta-un-nuevo-capitulo-con-la-seleccion-francesa\/","og_locale":"es_ES","og_type":"article","og_title":"\u201cSi me llaman, voy\u201d: Karim Benzema no descarta un nuevo cap\u00edtulo con la selecci\u00f3n francesa - Radio Infinita Goya","og_description":"En di\u00e1logo con L\u2019\u00c9quipe, el delantero de 37 a\u00f1os fue claro: si vuelve a sonar el tel\u00e9fono de los Bleus, estar\u00e1 listo para regresar, mientras sostiene su","og_url":"https:\/\/radioinfinitagoya.com.ar\/v1\/2025\/12\/14\/si-me-llaman-voy-karim-benzema-no-descarta-un-nuevo-capitulo-con-la-seleccion-francesa\/","og_site_name":"Radio Infinita Goya","article_publisher":"https:\/\/www.facebook.com\/p\/Infinita-Goya-100063870918311\/","article_published_time":"2025-12-14T21:13:57+00:00","author":"Jorge Mi\u00f1o","twitter_card":"summary_large_image","twitter_misc":{"Escrito por":"Jorge Mi\u00f1o","Tiempo de lectura":"5 minutos"},"schema":{"@context":"https:\/\/schema.org","@graph":[{"@type":"Article","@id":"https:\/\/radioinfinitagoya.com.ar\/v1\/2025\/12\/14\/si-me-llaman-voy-karim-benzema-no-descarta-un-nuevo-capitulo-con-la-seleccion-francesa\/#article","isPartOf":{"@id":"https:\/\/radioinfinitagoya.com.ar\/v1\/2025\/12\/14\/si-me-llaman-voy-karim-benzema-no-descarta-un-nuevo-capitulo-con-la-seleccion-francesa\/"},"author":{"name":"Jorge Mi\u00f1o","@id":"https:\/\/radioinfinitagoya.com.ar\/v1\/#\/schema\/person\/d4cf9c413d4f6edb24aabdccab49ca4a"},"headline":"\u201cSi me llaman, voy\u201d: Karim Benzema no descarta un nuevo cap\u00edtulo con la selecci\u00f3n francesa","datePublished":"2025-12-14T21:13:57+00:00","mainEntityOfPage":{"@id":"https:\/\/radioinfinitagoya.com.ar\/v1\/2025\/12\/14\/si-me-llaman-voy-karim-benzema-no-descarta-un-nuevo-capitulo-con-la-seleccion-francesa\/"},"wordCount":1047,"commentCount":0,"publisher":{"@id":"https:\/\/radioinfinitagoya.com.ar\/v1\/#organization"},"image":{"@id":"https:\/\/radioinfinitagoya.com.ar\/v1\/2025\/12\/14\/si-me-llaman-voy-karim-benzema-no-descarta-un-nuevo-capitulo-con-la-seleccion-francesa\/#primaryimage"},"thumbnailUrl":"https:\/\/radioinfinitagoya.com.ar\/v1\/wp-content\/uploads\/2025\/12\/3RRL3CN74NBC7JHAGAICRLXYQQ.avif","articleSection":["DEPORTES"],"inLanguage":"es-AR","potentialAction":[{"@type":"CommentAction","name":"Comment","target":["https:\/\/radioinfinitagoya.com.ar\/v1\/2025\/12\/14\/si-me-llaman-voy-karim-benzema-no-descarta-un-nuevo-capitulo-con-la-seleccion-francesa\/#respond"]}]},{"@type":"WebPage","@id":"https:\/\/radioinfinitagoya.com.ar\/v1\/2025\/12\/14\/si-me-llaman-voy-karim-benzema-no-descarta-un-nuevo-capitulo-con-la-seleccion-francesa\/","url":"https:\/\/radioinfinitagoya.com.ar\/v1\/2025\/12\/14\/si-me-llaman-voy-karim-benzema-no-descarta-un-nuevo-capitulo-con-la-seleccion-francesa\/","name":"\u201cSi me llaman, voy\u201d: Karim Benzema no descarta un nuevo cap\u00edtulo con la selecci\u00f3n francesa - Radio Infinita Goya","isPartOf":{"@id":"https:\/\/radioinfinitagoya.com.ar\/v1\/#website"},"primaryImageOfPage":{"@id":"https:\/\/radioinfinitagoya.com.ar\/v1\/2025\/12\/14\/si-me-llaman-voy-karim-benzema-no-descarta-un-nuevo-capitulo-con-la-seleccion-francesa\/#primaryimage"},"image":{"@id":"https:\/\/radioinfinitagoya.com.ar\/v1\/2025\/12\/14\/si-me-llaman-voy-karim-benzema-no-descarta-un-nuevo-capitulo-con-la-seleccion-francesa\/#primaryimage"},"thumbnailUrl":"https:\/\/radioinfinitagoya.com.ar\/v1\/wp-content\/uploads\/2025\/12\/3RRL3CN74NBC7JHAGAICRLXYQQ.avif","datePublished":"2025-12-14T21:13:57+00:00","description":"En di\u00e1logo con L\u2019\u00c9quipe, el delantero de 37 a\u00f1os fue claro: si vuelve a sonar el tel\u00e9fono de los Bleus, estar\u00e1 listo para regresar, mientras sostiene su","breadcrumb":{"@id":"https:\/\/radioinfinitagoya.com.ar\/v1\/2025\/12\/14\/si-me-llaman-voy-karim-benzema-no-descarta-un-nuevo-capitulo-con-la-seleccion-francesa\/#breadcrumb"},"inLanguage":"es-AR","potentialAction":[{"@type":"ReadAction","target":["https:\/\/radioinfinitagoya.com.ar\/v1\/2025\/12\/14\/si-me-llaman-voy-karim-benzema-no-descarta-un-nuevo-capitulo-con-la-seleccion-francesa\/"]}]},{"@type":"ImageObject","inLanguage":"es-AR","@id":"https:\/\/radioinfinitagoya.com.ar\/v1\/2025\/12\/14\/si-me-llaman-voy-karim-benzema-no-descarta-un-nuevo-capitulo-con-la-seleccion-francesa\/#primaryimage","url":"https:\/\/radioinfinitagoya.com.ar\/v1\/wp-content\/uploads\/2025\/12\/3RRL3CN74NBC7JHAGAICRLXYQQ.avif","contentUrl":"https:\/\/radioinfinitagoya.com.ar\/v1\/wp-content\/uploads\/2025\/12\/3RRL3CN74NBC7JHAGAICRLXYQQ.avif","width":992,"height":656},{"@type":"BreadcrumbList","@id":"https:\/\/radioinfinitagoya.com.ar\/v1\/2025\/12\/14\/si-me-llaman-voy-karim-benzema-no-descarta-un-nuevo-capitulo-con-la-seleccion-francesa\/#breadcrumb","itemListElement":[{"@type":"ListItem","position":1,"name":"Inicio","item":"https:\/\/radioinfinitagoya.com.ar\/v1\/"},{"@type":"ListItem","position":2,"name":"\u201cSi me llaman, voy\u201d: Karim Benzema no descarta un nuevo cap\u00edtulo con la selecci\u00f3n francesa"}]},{"@type":"WebSite","@id":"https:\/\/radioinfinitagoya.com.ar\/v1\/#website","url":"https:\/\/radioinfinitagoya.com.ar\/v1\/","name":"radioinfinitagoya.com.ar","description":"Radio de noticias","publisher":{"@id":"https:\/\/radioinfinitagoya.com.ar\/v1\/#organization"},"potentialAction":[{"@type":"SearchAction","target":{"@type":"EntryPoint","urlTemplate":"https:\/\/radioinfinitagoya.com.ar\/v1\/?s={search_term_string}"},"query-input":{"@type":"PropertyValueSpecification","valueRequired":true,"valueName":"search_term_string"}}],"inLanguage":"es-AR"},{"@type":"Organization","@id":"https:\/\/radioinfinitagoya.com.ar\/v1\/#organization","name":"Radio Infinita Goya","url":"https:\/\/radioinfinitagoya.com.ar\/v1\/","logo":{"@type":"ImageObject","inLanguage":"es-AR","@id":"https:\/\/radioinfinitagoya.com.ar\/v1\/#\/schema\/logo\/image\/","url":"https:\/\/radioinfinitagoya.com.ar\/v1\/wp-content\/uploads\/2019\/11\/logo-pie-web.png","contentUrl":"https:\/\/radioinfinitagoya.com.ar\/v1\/wp-content\/uploads\/2019\/11\/logo-pie-web.png","width":635,"height":326,"caption":"Radio Infinita Goya"},"image":{"@id":"https:\/\/radioinfinitagoya.com.ar\/v1\/#\/schema\/logo\/image\/"},"sameAs":["https:\/\/www.facebook.com\/p\/Infinita-Goya-100063870918311\/"]},{"@type":"Person","@id":"https:\/\/radioinfinitagoya.com.ar\/v1\/#\/schema\/person\/d4cf9c413d4f6edb24aabdccab49ca4a","name":"Jorge Mi\u00f1o","image":{"@type":"ImageObject","inLanguage":"es-AR","@id":"https:\/\/secure.gravatar.com\/avatar\/910fcf6728fe95320e07a6643c1581fec1c7fc4bf8ae12e3d8f0d0373dc844be?s=96&d=mm&r=g","url":"https:\/\/secure.gravatar.com\/avatar\/910fcf6728fe95320e07a6643c1581fec1c7fc4bf8ae12e3d8f0d0373dc844be?s=96&d=mm&r=g","contentUrl":"https:\/\/secure.gravatar.com\/avatar\/910fcf6728fe95320e07a6643c1581fec1c7fc4bf8ae12e3d8f0d0373dc844be?s=96&d=mm&r=g","caption":"Jorge Mi\u00f1o"},"sameAs":["http:\/\/radioinfinitagoya.com.ar"]}]}},"_links":{"self":[{"href":"https:\/\/radioinfinitagoya.com.ar\/v1\/wp-json\/wp\/v2\/posts\/201217","targetHints":{"allow":["GET"]}}],"collection":[{"href":"https:\/\/radioinfinitagoya.com.ar\/v1\/wp-json\/wp\/v2\/posts"}],"about":[{"href":"https:\/\/radioinfinitagoya.com.ar\/v1\/wp-json\/wp\/v2\/types\/post"}],"author":[{"embeddable":true,"href":"https:\/\/radioinfinitagoya.com.ar\/v1\/wp-json\/wp\/v2\/users\/4"}],"replies":[{"embeddable":true,"href":"https:\/\/radioinfinitagoya.com.ar\/v1\/wp-json\/wp\/v2\/comments?post=201217"}],"version-history":[{"count":0,"href":"https:\/\/radioinfinitagoya.com.ar\/v1\/wp-json\/wp\/v2\/posts\/201217\/revisions"}],"wp:featuredmedia":[{"embeddable":true,"href":"https:\/\/radioinfinitagoya.com.ar\/v1\/wp-json\/wp\/v2\/media\/201218"}],"wp:attachment":[{"href":"https:\/\/radioinfinitagoya.com.ar\/v1\/wp-json\/wp\/v2\/media?parent=201217"}],"wp:term":[{"taxonomy":"category","embeddable":true,"href":"https:\/\/radioinfinitagoya.com.ar\/v1\/wp-json\/wp\/v2\/categories?post=201217"},{"taxonomy":"post_tag","embeddable":true,"href":"https:\/\/radioinfinitagoya.com.ar\/v1\/wp-json\/wp\/v2\/tags?post=201217"}],"curies":[{"name":"wp","href":"https:\/\/api.w.org\/{rel}","templated":true}]}}