{"id":201226,"date":"2025-12-14T18:16:58","date_gmt":"2025-12-14T21:16:58","guid":{"rendered":"https:\/\/radioinfinitagoya.com.ar\/v1\/?p=201226"},"modified":"2025-12-14T18:16:58","modified_gmt":"2025-12-14T21:16:58","slug":"la-declaracion-de-ascacibar-tras-consagrarse-campeon-con-estudiantes","status":"publish","type":"post","link":"https:\/\/radioinfinitagoya.com.ar\/v1\/2025\/12\/14\/la-declaracion-de-ascacibar-tras-consagrarse-campeon-con-estudiantes\/","title":{"rendered":"La declaraci\u00f3n de Ascacibar tras consagrarse campe\u00f3n con Estudiantes"},"content":{"rendered":"<p>&#8220;Que encendi\u00f3 la ilusi\u00f3n en River&#8221;<\/p>\n<p>El mediocampista tiene contrato con el Pincha hasta 2026, pero es pretendido por el Millonario y un equipo de Brasil<\/p>\n<p>\u201cTodav\u00eda estoy ac\u00e1, me queda una final m\u00e1s y despu\u00e9s voy a pensar el futuro. La cabeza est\u00e1 ac\u00e1 hasta que termine el a\u00f1o, despu\u00e9s voy a hacer una evaluaci\u00f3n\u201d, declar\u00f3 Santiago Ascacibar a ESPN tras la consagraci\u00f3n de Estudiantes en el Torneo Clausura. As\u00ed, dej\u00f3 en suspenso su continuidad en el club y gener\u00f3 expectativas en River Plate, que busca sumarlo como refuerzo.<\/p>\n<p>El mediocampista, capit\u00e1n y referente del equipo dirigido por Eduardo Dom\u00ednguez, se expres\u00f3 en medio de los festejos por el t\u00edtulo obtenido en Santiago del Estero. El volante central, de 28 a\u00f1os, fue una de las figuras en la final ante Racing, en la que disput\u00f3 los 120 minutos y lider\u00f3 a Estudiantes hacia un nuevo campeonato. Su rol protag\u00f3nico y el peso simb\u00f3lico que tiene dentro del plantel han convertido su futuro en un tema central para la instituci\u00f3n y sus hinchas.<\/p>\n<p>El inter\u00e9s de River Plate por Ascacibar es concreto. El club de N\u00fa\u00f1ez inici\u00f3 negociaciones formales para intentar incorporarlo en el pr\u00f3ximo mercado de pases. Hace una semana, incluso, se desarroll\u00f3 en el Monumental una reuni\u00f3n con la agencia de representaci\u00f3n del mediocampista. La dirigencia riverplatense eval\u00faa la posibilidad de adquirir un porcentaje de los derechos econ\u00f3micos del jugador -se habla de un 50%-, una modalidad que podr\u00eda facilitar la operaci\u00f3n. El pase de Ascacibar est\u00e1 valuado en USD 6 millones, en un mercado en el que la Banda priorizar\u00e1 pr\u00e9stamos con opci\u00f3n de compra, pero estar\u00eda dispuesto a modificar su estrategia en este caso puntual.<\/p>\n<p>Tambi\u00e9n recibi\u00f3 una oferta concreta de un club brasile\u00f1o, cuyo nombre no trascendi\u00f3. Ascacibar cuenta con experiencia en el f\u00fatbol alem\u00e1n (Hertha Berl\u00edn y Stuttgart), el italiano (Cremonese) y en la selecci\u00f3n argentina.<\/p>\n<p>Mientras tanto, Estudiantes busca retener a su capit\u00e1n. El club platense considera al mediocampista una pieza clave para afrontar la pr\u00f3xima edici\u00f3n de la Copa Libertadores y cuenta con el futbolista bajo contrato hasta diciembre de 2026. Sin embargo, la posibilidad de una transferencia no est\u00e1 descartada, especialmente si la oferta resulta conveniente para la instituci\u00f3n. En el entorno de Estudiantes, la expectativa es que, en caso de una salida, Ascacibar pueda regresar al f\u00fatbol europeo, aunque la propuesta de River ha generado un escenario de incertidumbre.<\/p>\n<p>Te puede interesar:<br \/>\nCu\u00e1nto dinero embols\u00f3 Estudiantes tras salir campe\u00f3n del Torneo Clausura: la marcada diferencia con otras ligas del mundo<br \/>\nLa definici\u00f3n sobre el futuro de Ascacibar se producir\u00e1 despu\u00e9s del Trofeo de Campeones, que enfrentar\u00e1 a Estudiantes y Platense el s\u00e1bado 20 de diciembre. Hasta entonces, el jugador ha optado por mantener el foco en los compromisos inmediatos del club y postergar cualquier decisi\u00f3n sobre su carrera.<\/p>\n<p>En sus palabras a ESPN, el Ruso subray\u00f3 que su atenci\u00f3n permanece en los objetivos deportivos de Estudiantes, mientras el desenlace de su situaci\u00f3n se resolver\u00e1 una vez finalizada la temporada. Sin embargo, la expectativa en N\u00fa\u00f1ez se increment\u00f3 tras su contacto con los medios.<\/p>\n<p>River ya hizo una oferta por Fausto Vera, otro volante central, que milita en el Atl\u00e9tico Mineiro. Y tiene otros nombres en carpeta. La dirigencia fij\u00f3 su atenci\u00f3n en Tadeo Allende, delantero que viene de una destacada temporada en la Major League Soccer (MLS) con el Inter Miami. El argentino, con pasado en Godoy Cruz, marc\u00f3 24 tantos este a\u00f1o en el f\u00fatbol estadounidense y se posicion\u00f3 como el quinto m\u00e1ximo goleador hist\u00f3rico del club estadounidense. Su pase pertenece al Celta de Vigo y las Garzas tambi\u00e9n pretenden retenerlo.<\/p>\n<p>Y ante la dificultad de repatriar al Diablito Echeverri, el Millonario activ\u00f3 la alternativa de sumar a Gianluca Prestianni, fantasista ex V\u00e9lez que actualmente milita en Benfica de Portugal, y que viene de brillar en el subcampeonato de la Selecci\u00f3n Sub 20 en el Mundial. Hoy alterna titularidades y suplencias bajo las \u00f3rdenes de Jos\u00e9 Mourinho y ve como una oportunidad pasar a River para sumar minutos.<\/p>\n<p>La idea en N\u00fa\u00f1ez es obtener una cesi\u00f3n con opci\u00f3n de compra y, probablemente, incluir un cargo.<\/p>\n","protected":false},"excerpt":{"rendered":"<p>&#8220;Que encendi\u00f3 la ilusi\u00f3n en River&#8221; El mediocampista tiene contrato con el Pincha hasta 2026, pero es pretendido por el Millonario y un equipo de Brasil \u201cTodav\u00eda estoy ac\u00e1, me queda una final m\u00e1s y despu\u00e9s voy a pensar el futuro. La cabeza est\u00e1 ac\u00e1 hasta que termine el a\u00f1o, despu\u00e9s voy a hacer una [&hellip;]<\/p>\n","protected":false},"author":4,"featured_media":201227,"comment_status":"open","ping_status":"open","sticky":false,"template":"","format":"standard","meta":{"_joinchat":[],"footnotes":""},"categories":[28],"tags":[],"class_list":{"0":"post-201226","1":"post","2":"type-post","3":"status-publish","4":"format-standard","5":"has-post-thumbnail","7":"category-deportes"},"yoast_head":"<!-- This site is optimized with the Yoast SEO plugin v27.2 - https:\/\/yoast.com\/product\/yoast-seo-wordpress\/ -->\n<title>La declaraci\u00f3n de Ascacibar tras consagrarse campe\u00f3n con Estudiantes - Radio Infinita Goya<\/title>\n<meta name=\"description\" content=\"&quot;Que encendi\u00f3 la ilusi\u00f3n en River&quot; El mediocampista tiene contrato con el Pincha hasta 2026, pero es pretendido por el Millonario y un equipo de Brasil\" \/>\n<meta name=\"robots\" content=\"index, follow, max-snippet:-1, max-image-preview:large, max-video-preview:-1\" \/>\n<link rel=\"canonical\" href=\"https:\/\/radioinfinitagoya.com.ar\/v1\/2025\/12\/14\/la-declaracion-de-ascacibar-tras-consagrarse-campeon-con-estudiantes\/\" \/>\n<meta property=\"og:locale\" content=\"es_ES\" \/>\n<meta property=\"og:type\" content=\"article\" \/>\n<meta property=\"og:title\" content=\"La declaraci\u00f3n de Ascacibar tras consagrarse campe\u00f3n con Estudiantes - Radio Infinita Goya\" \/>\n<meta property=\"og:description\" content=\"&quot;Que encendi\u00f3 la ilusi\u00f3n en River&quot; El mediocampista tiene contrato con el Pincha hasta 2026, pero es pretendido por el Millonario y un equipo de Brasil\" \/>\n<meta property=\"og:url\" content=\"https:\/\/radioinfinitagoya.com.ar\/v1\/2025\/12\/14\/la-declaracion-de-ascacibar-tras-consagrarse-campeon-con-estudiantes\/\" \/>\n<meta property=\"og:site_name\" content=\"Radio Infinita Goya\" \/>\n<meta property=\"article:publisher\" content=\"https:\/\/www.facebook.com\/p\/Infinita-Goya-100063870918311\/\" \/>\n<meta property=\"article:published_time\" content=\"2025-12-14T21:16:58+00:00\" \/>\n<meta name=\"author\" content=\"Jorge Mi\u00f1o\" \/>\n<meta name=\"twitter:card\" content=\"summary_large_image\" \/>\n<meta name=\"twitter:label1\" content=\"Escrito por\" \/>\n\t<meta name=\"twitter:data1\" content=\"Jorge Mi\u00f1o\" \/>\n\t<meta name=\"twitter:label2\" content=\"Tiempo de lectura\" \/>\n\t<meta name=\"twitter:data2\" content=\"4 minutos\" \/>\n<script type=\"application\/ld+json\" class=\"yoast-schema-graph\">{\"@context\":\"https:\/\/schema.org\",\"@graph\":[{\"@type\":\"Article\",\"@id\":\"https:\/\/radioinfinitagoya.com.ar\/v1\/2025\/12\/14\/la-declaracion-de-ascacibar-tras-consagrarse-campeon-con-estudiantes\/#article\",\"isPartOf\":{\"@id\":\"https:\/\/radioinfinitagoya.com.ar\/v1\/2025\/12\/14\/la-declaracion-de-ascacibar-tras-consagrarse-campeon-con-estudiantes\/\"},\"author\":{\"name\":\"Jorge Mi\u00f1o\",\"@id\":\"https:\/\/radioinfinitagoya.com.ar\/v1\/#\/schema\/person\/d4cf9c413d4f6edb24aabdccab49ca4a\"},\"headline\":\"La declaraci\u00f3n de Ascacibar tras consagrarse campe\u00f3n con Estudiantes\",\"datePublished\":\"2025-12-14T21:16:58+00:00\",\"mainEntityOfPage\":{\"@id\":\"https:\/\/radioinfinitagoya.com.ar\/v1\/2025\/12\/14\/la-declaracion-de-ascacibar-tras-consagrarse-campeon-con-estudiantes\/\"},\"wordCount\":748,\"commentCount\":0,\"publisher\":{\"@id\":\"https:\/\/radioinfinitagoya.com.ar\/v1\/#organization\"},\"image\":{\"@id\":\"https:\/\/radioinfinitagoya.com.ar\/v1\/2025\/12\/14\/la-declaracion-de-ascacibar-tras-consagrarse-campeon-con-estudiantes\/#primaryimage\"},\"thumbnailUrl\":\"https:\/\/radioinfinitagoya.com.ar\/v1\/wp-content\/uploads\/2025\/12\/B2VQWFD57ZBLRGNUPKHXTCG6BA.avif\",\"articleSection\":[\"DEPORTES\"],\"inLanguage\":\"es-AR\",\"potentialAction\":[{\"@type\":\"CommentAction\",\"name\":\"Comment\",\"target\":[\"https:\/\/radioinfinitagoya.com.ar\/v1\/2025\/12\/14\/la-declaracion-de-ascacibar-tras-consagrarse-campeon-con-estudiantes\/#respond\"]}]},{\"@type\":\"WebPage\",\"@id\":\"https:\/\/radioinfinitagoya.com.ar\/v1\/2025\/12\/14\/la-declaracion-de-ascacibar-tras-consagrarse-campeon-con-estudiantes\/\",\"url\":\"https:\/\/radioinfinitagoya.com.ar\/v1\/2025\/12\/14\/la-declaracion-de-ascacibar-tras-consagrarse-campeon-con-estudiantes\/\",\"name\":\"La declaraci\u00f3n de Ascacibar tras consagrarse campe\u00f3n con Estudiantes - Radio Infinita Goya\",\"isPartOf\":{\"@id\":\"https:\/\/radioinfinitagoya.com.ar\/v1\/#website\"},\"primaryImageOfPage\":{\"@id\":\"https:\/\/radioinfinitagoya.com.ar\/v1\/2025\/12\/14\/la-declaracion-de-ascacibar-tras-consagrarse-campeon-con-estudiantes\/#primaryimage\"},\"image\":{\"@id\":\"https:\/\/radioinfinitagoya.com.ar\/v1\/2025\/12\/14\/la-declaracion-de-ascacibar-tras-consagrarse-campeon-con-estudiantes\/#primaryimage\"},\"thumbnailUrl\":\"https:\/\/radioinfinitagoya.com.ar\/v1\/wp-content\/uploads\/2025\/12\/B2VQWFD57ZBLRGNUPKHXTCG6BA.avif\",\"datePublished\":\"2025-12-14T21:16:58+00:00\",\"description\":\"\\\"Que encendi\u00f3 la ilusi\u00f3n en River\\\" El mediocampista tiene contrato con el Pincha hasta 2026, pero es pretendido por el Millonario y un equipo de Brasil\",\"breadcrumb\":{\"@id\":\"https:\/\/radioinfinitagoya.com.ar\/v1\/2025\/12\/14\/la-declaracion-de-ascacibar-tras-consagrarse-campeon-con-estudiantes\/#breadcrumb\"},\"inLanguage\":\"es-AR\",\"potentialAction\":[{\"@type\":\"ReadAction\",\"target\":[\"https:\/\/radioinfinitagoya.com.ar\/v1\/2025\/12\/14\/la-declaracion-de-ascacibar-tras-consagrarse-campeon-con-estudiantes\/\"]}]},{\"@type\":\"ImageObject\",\"inLanguage\":\"es-AR\",\"@id\":\"https:\/\/radioinfinitagoya.com.ar\/v1\/2025\/12\/14\/la-declaracion-de-ascacibar-tras-consagrarse-campeon-con-estudiantes\/#primaryimage\",\"url\":\"https:\/\/radioinfinitagoya.com.ar\/v1\/wp-content\/uploads\/2025\/12\/B2VQWFD57ZBLRGNUPKHXTCG6BA.avif\",\"contentUrl\":\"https:\/\/radioinfinitagoya.com.ar\/v1\/wp-content\/uploads\/2025\/12\/B2VQWFD57ZBLRGNUPKHXTCG6BA.avif\",\"width\":992,\"height\":558},{\"@type\":\"BreadcrumbList\",\"@id\":\"https:\/\/radioinfinitagoya.com.ar\/v1\/2025\/12\/14\/la-declaracion-de-ascacibar-tras-consagrarse-campeon-con-estudiantes\/#breadcrumb\",\"itemListElement\":[{\"@type\":\"ListItem\",\"position\":1,\"name\":\"Inicio\",\"item\":\"https:\/\/radioinfinitagoya.com.ar\/v1\/\"},{\"@type\":\"ListItem\",\"position\":2,\"name\":\"La declaraci\u00f3n de Ascacibar tras consagrarse campe\u00f3n con Estudiantes\"}]},{\"@type\":\"WebSite\",\"@id\":\"https:\/\/radioinfinitagoya.com.ar\/v1\/#website\",\"url\":\"https:\/\/radioinfinitagoya.com.ar\/v1\/\",\"name\":\"radioinfinitagoya.com.ar\",\"description\":\"Radio de noticias\",\"publisher\":{\"@id\":\"https:\/\/radioinfinitagoya.com.ar\/v1\/#organization\"},\"potentialAction\":[{\"@type\":\"SearchAction\",\"target\":{\"@type\":\"EntryPoint\",\"urlTemplate\":\"https:\/\/radioinfinitagoya.com.ar\/v1\/?s={search_term_string}\"},\"query-input\":{\"@type\":\"PropertyValueSpecification\",\"valueRequired\":true,\"valueName\":\"search_term_string\"}}],\"inLanguage\":\"es-AR\"},{\"@type\":\"Organization\",\"@id\":\"https:\/\/radioinfinitagoya.com.ar\/v1\/#organization\",\"name\":\"Radio Infinita Goya\",\"url\":\"https:\/\/radioinfinitagoya.com.ar\/v1\/\",\"logo\":{\"@type\":\"ImageObject\",\"inLanguage\":\"es-AR\",\"@id\":\"https:\/\/radioinfinitagoya.com.ar\/v1\/#\/schema\/logo\/image\/\",\"url\":\"https:\/\/radioinfinitagoya.com.ar\/v1\/wp-content\/uploads\/2019\/11\/logo-pie-web.png\",\"contentUrl\":\"https:\/\/radioinfinitagoya.com.ar\/v1\/wp-content\/uploads\/2019\/11\/logo-pie-web.png\",\"width\":635,\"height\":326,\"caption\":\"Radio Infinita Goya\"},\"image\":{\"@id\":\"https:\/\/radioinfinitagoya.com.ar\/v1\/#\/schema\/logo\/image\/\"},\"sameAs\":[\"https:\/\/www.facebook.com\/p\/Infinita-Goya-100063870918311\/\"]},{\"@type\":\"Person\",\"@id\":\"https:\/\/radioinfinitagoya.com.ar\/v1\/#\/schema\/person\/d4cf9c413d4f6edb24aabdccab49ca4a\",\"name\":\"Jorge Mi\u00f1o\",\"image\":{\"@type\":\"ImageObject\",\"inLanguage\":\"es-AR\",\"@id\":\"https:\/\/secure.gravatar.com\/avatar\/910fcf6728fe95320e07a6643c1581fec1c7fc4bf8ae12e3d8f0d0373dc844be?s=96&d=mm&r=g\",\"url\":\"https:\/\/secure.gravatar.com\/avatar\/910fcf6728fe95320e07a6643c1581fec1c7fc4bf8ae12e3d8f0d0373dc844be?s=96&d=mm&r=g\",\"contentUrl\":\"https:\/\/secure.gravatar.com\/avatar\/910fcf6728fe95320e07a6643c1581fec1c7fc4bf8ae12e3d8f0d0373dc844be?s=96&d=mm&r=g\",\"caption\":\"Jorge Mi\u00f1o\"},\"sameAs\":[\"http:\/\/radioinfinitagoya.com.ar\"]}]}<\/script>\n<!-- \/ Yoast SEO plugin. -->","yoast_head_json":{"title":"La declaraci\u00f3n de Ascacibar tras consagrarse campe\u00f3n con Estudiantes - Radio Infinita Goya","description":"\"Que encendi\u00f3 la ilusi\u00f3n en River\" El mediocampista tiene contrato con el Pincha hasta 2026, pero es pretendido por el Millonario y un equipo de Brasil","robots":{"index":"index","follow":"follow","max-snippet":"max-snippet:-1","max-image-preview":"max-image-preview:large","max-video-preview":"max-video-preview:-1"},"canonical":"https:\/\/radioinfinitagoya.com.ar\/v1\/2025\/12\/14\/la-declaracion-de-ascacibar-tras-consagrarse-campeon-con-estudiantes\/","og_locale":"es_ES","og_type":"article","og_title":"La declaraci\u00f3n de Ascacibar tras consagrarse campe\u00f3n con Estudiantes - Radio Infinita Goya","og_description":"\"Que encendi\u00f3 la ilusi\u00f3n en River\" El mediocampista tiene contrato con el Pincha hasta 2026, pero es pretendido por el Millonario y un equipo de Brasil","og_url":"https:\/\/radioinfinitagoya.com.ar\/v1\/2025\/12\/14\/la-declaracion-de-ascacibar-tras-consagrarse-campeon-con-estudiantes\/","og_site_name":"Radio Infinita Goya","article_publisher":"https:\/\/www.facebook.com\/p\/Infinita-Goya-100063870918311\/","article_published_time":"2025-12-14T21:16:58+00:00","author":"Jorge Mi\u00f1o","twitter_card":"summary_large_image","twitter_misc":{"Escrito por":"Jorge Mi\u00f1o","Tiempo de lectura":"4 minutos"},"schema":{"@context":"https:\/\/schema.org","@graph":[{"@type":"Article","@id":"https:\/\/radioinfinitagoya.com.ar\/v1\/2025\/12\/14\/la-declaracion-de-ascacibar-tras-consagrarse-campeon-con-estudiantes\/#article","isPartOf":{"@id":"https:\/\/radioinfinitagoya.com.ar\/v1\/2025\/12\/14\/la-declaracion-de-ascacibar-tras-consagrarse-campeon-con-estudiantes\/"},"author":{"name":"Jorge Mi\u00f1o","@id":"https:\/\/radioinfinitagoya.com.ar\/v1\/#\/schema\/person\/d4cf9c413d4f6edb24aabdccab49ca4a"},"headline":"La declaraci\u00f3n de Ascacibar tras consagrarse campe\u00f3n con Estudiantes","datePublished":"2025-12-14T21:16:58+00:00","mainEntityOfPage":{"@id":"https:\/\/radioinfinitagoya.com.ar\/v1\/2025\/12\/14\/la-declaracion-de-ascacibar-tras-consagrarse-campeon-con-estudiantes\/"},"wordCount":748,"commentCount":0,"publisher":{"@id":"https:\/\/radioinfinitagoya.com.ar\/v1\/#organization"},"image":{"@id":"https:\/\/radioinfinitagoya.com.ar\/v1\/2025\/12\/14\/la-declaracion-de-ascacibar-tras-consagrarse-campeon-con-estudiantes\/#primaryimage"},"thumbnailUrl":"https:\/\/radioinfinitagoya.com.ar\/v1\/wp-content\/uploads\/2025\/12\/B2VQWFD57ZBLRGNUPKHXTCG6BA.avif","articleSection":["DEPORTES"],"inLanguage":"es-AR","potentialAction":[{"@type":"CommentAction","name":"Comment","target":["https:\/\/radioinfinitagoya.com.ar\/v1\/2025\/12\/14\/la-declaracion-de-ascacibar-tras-consagrarse-campeon-con-estudiantes\/#respond"]}]},{"@type":"WebPage","@id":"https:\/\/radioinfinitagoya.com.ar\/v1\/2025\/12\/14\/la-declaracion-de-ascacibar-tras-consagrarse-campeon-con-estudiantes\/","url":"https:\/\/radioinfinitagoya.com.ar\/v1\/2025\/12\/14\/la-declaracion-de-ascacibar-tras-consagrarse-campeon-con-estudiantes\/","name":"La declaraci\u00f3n de Ascacibar tras consagrarse campe\u00f3n con Estudiantes - Radio Infinita Goya","isPartOf":{"@id":"https:\/\/radioinfinitagoya.com.ar\/v1\/#website"},"primaryImageOfPage":{"@id":"https:\/\/radioinfinitagoya.com.ar\/v1\/2025\/12\/14\/la-declaracion-de-ascacibar-tras-consagrarse-campeon-con-estudiantes\/#primaryimage"},"image":{"@id":"https:\/\/radioinfinitagoya.com.ar\/v1\/2025\/12\/14\/la-declaracion-de-ascacibar-tras-consagrarse-campeon-con-estudiantes\/#primaryimage"},"thumbnailUrl":"https:\/\/radioinfinitagoya.com.ar\/v1\/wp-content\/uploads\/2025\/12\/B2VQWFD57ZBLRGNUPKHXTCG6BA.avif","datePublished":"2025-12-14T21:16:58+00:00","description":"\"Que encendi\u00f3 la ilusi\u00f3n en River\" El mediocampista tiene contrato con el Pincha hasta 2026, pero es pretendido por el Millonario y un equipo de Brasil","breadcrumb":{"@id":"https:\/\/radioinfinitagoya.com.ar\/v1\/2025\/12\/14\/la-declaracion-de-ascacibar-tras-consagrarse-campeon-con-estudiantes\/#breadcrumb"},"inLanguage":"es-AR","potentialAction":[{"@type":"ReadAction","target":["https:\/\/radioinfinitagoya.com.ar\/v1\/2025\/12\/14\/la-declaracion-de-ascacibar-tras-consagrarse-campeon-con-estudiantes\/"]}]},{"@type":"ImageObject","inLanguage":"es-AR","@id":"https:\/\/radioinfinitagoya.com.ar\/v1\/2025\/12\/14\/la-declaracion-de-ascacibar-tras-consagrarse-campeon-con-estudiantes\/#primaryimage","url":"https:\/\/radioinfinitagoya.com.ar\/v1\/wp-content\/uploads\/2025\/12\/B2VQWFD57ZBLRGNUPKHXTCG6BA.avif","contentUrl":"https:\/\/radioinfinitagoya.com.ar\/v1\/wp-content\/uploads\/2025\/12\/B2VQWFD57ZBLRGNUPKHXTCG6BA.avif","width":992,"height":558},{"@type":"BreadcrumbList","@id":"https:\/\/radioinfinitagoya.com.ar\/v1\/2025\/12\/14\/la-declaracion-de-ascacibar-tras-consagrarse-campeon-con-estudiantes\/#breadcrumb","itemListElement":[{"@type":"ListItem","position":1,"name":"Inicio","item":"https:\/\/radioinfinitagoya.com.ar\/v1\/"},{"@type":"ListItem","position":2,"name":"La declaraci\u00f3n de Ascacibar tras consagrarse campe\u00f3n con Estudiantes"}]},{"@type":"WebSite","@id":"https:\/\/radioinfinitagoya.com.ar\/v1\/#website","url":"https:\/\/radioinfinitagoya.com.ar\/v1\/","name":"radioinfinitagoya.com.ar","description":"Radio de noticias","publisher":{"@id":"https:\/\/radioinfinitagoya.com.ar\/v1\/#organization"},"potentialAction":[{"@type":"SearchAction","target":{"@type":"EntryPoint","urlTemplate":"https:\/\/radioinfinitagoya.com.ar\/v1\/?s={search_term_string}"},"query-input":{"@type":"PropertyValueSpecification","valueRequired":true,"valueName":"search_term_string"}}],"inLanguage":"es-AR"},{"@type":"Organization","@id":"https:\/\/radioinfinitagoya.com.ar\/v1\/#organization","name":"Radio Infinita Goya","url":"https:\/\/radioinfinitagoya.com.ar\/v1\/","logo":{"@type":"ImageObject","inLanguage":"es-AR","@id":"https:\/\/radioinfinitagoya.com.ar\/v1\/#\/schema\/logo\/image\/","url":"https:\/\/radioinfinitagoya.com.ar\/v1\/wp-content\/uploads\/2019\/11\/logo-pie-web.png","contentUrl":"https:\/\/radioinfinitagoya.com.ar\/v1\/wp-content\/uploads\/2019\/11\/logo-pie-web.png","width":635,"height":326,"caption":"Radio Infinita Goya"},"image":{"@id":"https:\/\/radioinfinitagoya.com.ar\/v1\/#\/schema\/logo\/image\/"},"sameAs":["https:\/\/www.facebook.com\/p\/Infinita-Goya-100063870918311\/"]},{"@type":"Person","@id":"https:\/\/radioinfinitagoya.com.ar\/v1\/#\/schema\/person\/d4cf9c413d4f6edb24aabdccab49ca4a","name":"Jorge Mi\u00f1o","image":{"@type":"ImageObject","inLanguage":"es-AR","@id":"https:\/\/secure.gravatar.com\/avatar\/910fcf6728fe95320e07a6643c1581fec1c7fc4bf8ae12e3d8f0d0373dc844be?s=96&d=mm&r=g","url":"https:\/\/secure.gravatar.com\/avatar\/910fcf6728fe95320e07a6643c1581fec1c7fc4bf8ae12e3d8f0d0373dc844be?s=96&d=mm&r=g","contentUrl":"https:\/\/secure.gravatar.com\/avatar\/910fcf6728fe95320e07a6643c1581fec1c7fc4bf8ae12e3d8f0d0373dc844be?s=96&d=mm&r=g","caption":"Jorge Mi\u00f1o"},"sameAs":["http:\/\/radioinfinitagoya.com.ar"]}]}},"_links":{"self":[{"href":"https:\/\/radioinfinitagoya.com.ar\/v1\/wp-json\/wp\/v2\/posts\/201226","targetHints":{"allow":["GET"]}}],"collection":[{"href":"https:\/\/radioinfinitagoya.com.ar\/v1\/wp-json\/wp\/v2\/posts"}],"about":[{"href":"https:\/\/radioinfinitagoya.com.ar\/v1\/wp-json\/wp\/v2\/types\/post"}],"author":[{"embeddable":true,"href":"https:\/\/radioinfinitagoya.com.ar\/v1\/wp-json\/wp\/v2\/users\/4"}],"replies":[{"embeddable":true,"href":"https:\/\/radioinfinitagoya.com.ar\/v1\/wp-json\/wp\/v2\/comments?post=201226"}],"version-history":[{"count":0,"href":"https:\/\/radioinfinitagoya.com.ar\/v1\/wp-json\/wp\/v2\/posts\/201226\/revisions"}],"wp:featuredmedia":[{"embeddable":true,"href":"https:\/\/radioinfinitagoya.com.ar\/v1\/wp-json\/wp\/v2\/media\/201227"}],"wp:attachment":[{"href":"https:\/\/radioinfinitagoya.com.ar\/v1\/wp-json\/wp\/v2\/media?parent=201226"}],"wp:term":[{"taxonomy":"category","embeddable":true,"href":"https:\/\/radioinfinitagoya.com.ar\/v1\/wp-json\/wp\/v2\/categories?post=201226"},{"taxonomy":"post_tag","embeddable":true,"href":"https:\/\/radioinfinitagoya.com.ar\/v1\/wp-json\/wp\/v2\/tags?post=201226"}],"curies":[{"name":"wp","href":"https:\/\/api.w.org\/{rel}","templated":true}]}}