{"id":201241,"date":"2025-12-14T18:31:04","date_gmt":"2025-12-14T21:31:04","guid":{"rendered":"https:\/\/radioinfinitagoya.com.ar\/v1\/?p=201241"},"modified":"2025-12-14T18:31:04","modified_gmt":"2025-12-14T21:31:04","slug":"reforma-laboral-el-ambicioso-plan-libertario-en-el-senado-enfrenta-una-realidad-compleja-de-sortear","status":"publish","type":"post","link":"https:\/\/radioinfinitagoya.com.ar\/v1\/2025\/12\/14\/reforma-laboral-el-ambicioso-plan-libertario-en-el-senado-enfrenta-una-realidad-compleja-de-sortear\/","title":{"rendered":"Reforma laboral: el ambicioso plan libertario en el Senado enfrenta una realidad compleja de sortear"},"content":{"rendered":"<p>El oficialismo no pudo ni siquiera conformar las comisiones para iniciar el debate y podr\u00eda sumarse el Presupuesto 2026. Quedan pocas ventanas para sesionar en la C\u00e1mara alta y los libertarios no descartan el s\u00e1bado 27<\/p>\n<p>Tras un inicio trastabillado en el Senado, el Gobierno libertario contin\u00faa con su af\u00e1n de avanzar como sea con la reforma laboral. El ambicioso plan incluye, siempre seg\u00fan la perspectiva del oficialismo -no todo, ya que hay divergencias-, en hacer tres plenarios de comisiones, ver si se agrega a la agenda el Presupuesto 2026 y sesionar antes que termine el per\u00edodo extraordinario, el 30 de diciembre: con pocas ventanas para el recinto, la idea de la Casa Rosada es apurar un encuentro para el s\u00e1bado 27 o, en todo caso, el lunes 29.<\/p>\n<p>Antes que ocurra eso, varios pasos deben ser consumados. Una primera posta -clave- ya est\u00e1 anclada para el martes, cuando los jefes de bloque se presenten en la reuni\u00f3n de Labor Parlamentaria, desde las 11, con el objetivo de sellar la integraci\u00f3n de las comisiones que intervendr\u00e1n. S\u00f3lo se arman las que involucren proyectos que el Ejecutivo incorpor\u00f3 al temario. Para la reforma laboral, se decidi\u00f3 -a pesar de lo que pretend\u00eda la Casa Rosada- por las de Trabajo -cabecera-; y de Presupuesto y Hacienda.<\/p>\n<p>El oficialismo, envalentonado con su volumen, no debe olvidar que, si se considera a los 21 propios, a\u00fan le faltar\u00e1n 16 para el quorum. Para empezar. Antes, tendr\u00e1 que contentar a todos los que pueda con la repartija de comisiones. Entre algunos libertarios nuevos que quieren pisotear a quienes ya forman parte para ganar algo de fama en sus provincias, aliados viol\u00e1ceos que reclaman abrazos y compensatorios, y bloques menores a los que s\u00ed o s\u00ed habr\u00e1 que regalar gui\u00f1os, la bola de nieve crece. El enojo suele ser moneda com\u00fan en el Senado, con un par de calotas poco cargadas de materia gris. Tambi\u00e9n hay intentos frustrados -aunque voluntariosos- de barrabravas que, en vez de aportar, empeoran todo. Ni siquiera son legisladores.<\/p>\n<p><img loading=\"lazy\" decoding=\"async\" class=\"alignnone size-full wp-image-201243\" src=\"https:\/\/radioinfinitagoya.com.ar\/v1\/wp-content\/uploads\/2025\/12\/FKKBHQ4J4ZGD5CWX52JCBIZD4A.avif\" alt=\"\" width=\"992\" height=\"661\" srcset=\"https:\/\/radioinfinitagoya.com.ar\/v1\/wp-content\/uploads\/2025\/12\/FKKBHQ4J4ZGD5CWX52JCBIZD4A.avif 992w, https:\/\/radioinfinitagoya.com.ar\/v1\/wp-content\/uploads\/2025\/12\/FKKBHQ4J4ZGD5CWX52JCBIZD4A-150x100.jpg 150w, https:\/\/radioinfinitagoya.com.ar\/v1\/wp-content\/uploads\/2025\/12\/FKKBHQ4J4ZGD5CWX52JCBIZD4A-768x512.jpg 768w, https:\/\/radioinfinitagoya.com.ar\/v1\/wp-content\/uploads\/2025\/12\/FKKBHQ4J4ZGD5CWX52JCBIZD4A-630x420.jpg 630w, https:\/\/radioinfinitagoya.com.ar\/v1\/wp-content\/uploads\/2025\/12\/FKKBHQ4J4ZGD5CWX52JCBIZD4A-696x464.jpg 696w\" sizes=\"auto, (max-width: 992px) 100vw, 992px\" \/>Sorteado el obst\u00e1culo del martes, La Libertad Avanza (LLA) pretende llamar mi\u00e9rcoles, jueves y -casi seguro- el viernes para analizar el proyecto laboral y, al final, dictaminar. \u201cSe eliminan leyes, se modifican tributos. En fin, me parece bastante acelerado\u201d, sentenci\u00f3 a Infobae un libertario que conoce el hilado fino del asunto. Una eventual sesi\u00f3n el s\u00e1bado 27 o el lunes 29 tiene un motivo: el kirchnerismo no prestar\u00e1 la habilitaci\u00f3n con dos tercios -para una discusi\u00f3n sobre tablas- y habr\u00e1 que esperar los siete d\u00edas que impone el reglamento. Un par apostaba a un entendimiento con el peronismo para el lunes 22 y cerrar el a\u00f1o de manera anticipada. Imposible.<\/p>\n<p>No es la primera vez -ni ser\u00e1 la \u00faltima- que se da este tipo de panoramas. La pregunta a hacerse es el costo pol\u00edtico -de m\u00ednima, sin contemplar jugueteos y picard\u00edas- de todo el paquete. El kirchnerismo mostr\u00f3 sin cesar en el Congreso que, con n\u00famero, todo es viable. O se inventa. Reci\u00e9n ahora se preocupa por las reglas. Pero los libertarios, por m\u00e1s que hayan acumulado volumen, a\u00fan no \u201cdisfrutan\u201d de ello. \u00bfValdr\u00e1 la pena empujar a 10 radicales, a un PRO rot\u00edsimo y con fugas, y a silvestres provinciales mantecosos a acompa\u00f1ar como sea y en modo \u201cFlash\u201d al Gobierno? En febrero, las extraordinarias continuar\u00edan. El 1 de marzo, el Presidente abrir\u00e1 un nuevo per\u00edodo ordinario. La alta sensibilidad para sentir \u201cdesgaste\u201d que mostraron dialoguistas en la primera mitad de la gesti\u00f3n de Javier Milei no genera el mejor augurio.<\/p>\n<p>A todo este embrollo se le a\u00f1adir\u00eda el Presupuesto 2026. Diputados vislumbra una sesi\u00f3n el mi\u00e9rcoles de la semana que viene. Si tiene \u00e9xito, Mart\u00edn Menem pasar\u00eda de forma \u00e1gil la ley de gastos para que la C\u00e1mara alta lo ataque. Todo, en medio de la puja por lo laboral. Es lo que la Casa Rosada promocion\u00f3 durante semanas. Ahora, la realidad golpea la puerta. Bullrich abraza todo y se tiene fe. Otros, dudan. Y queda un reducido grupo de marginales muy dolidos por el resultado electoral de octubre pasado. Son min\u00fasculos fantasmas con sed de venganza, una receta que suele terminar mal. Desean un sendero peor y que el Gobierno posponga la reforma a febrero o, si es mejor, para marzo. Cuando vaya Milei.<\/p>\n<p>&nbsp;<\/p>\n<p>&nbsp;<\/p>\n","protected":false},"excerpt":{"rendered":"<p>El oficialismo no pudo ni siquiera conformar las comisiones para iniciar el debate y podr\u00eda sumarse el Presupuesto 2026. Quedan pocas ventanas para sesionar en la C\u00e1mara alta y los libertarios no descartan el s\u00e1bado 27 Tras un inicio trastabillado en el Senado, el Gobierno libertario contin\u00faa con su af\u00e1n de avanzar como sea con [&hellip;]<\/p>\n","protected":false},"author":4,"featured_media":201242,"comment_status":"open","ping_status":"open","sticky":false,"template":"","format":"standard","meta":{"_joinchat":[],"footnotes":""},"categories":[34],"tags":[],"class_list":{"0":"post-201241","1":"post","2":"type-post","3":"status-publish","4":"format-standard","5":"has-post-thumbnail","7":"category-principal"},"yoast_head":"<!-- This site is optimized with the Yoast SEO plugin v27.2 - https:\/\/yoast.com\/product\/yoast-seo-wordpress\/ -->\n<title>Reforma laboral: el ambicioso plan libertario en el Senado enfrenta una realidad compleja de sortear - Radio Infinita Goya<\/title>\n<meta name=\"description\" content=\"El oficialismo no pudo ni siquiera conformar las comisiones para iniciar el debate y podr\u00eda sumarse el Presupuesto 2026. Quedan pocas ventanas para\" \/>\n<meta name=\"robots\" content=\"index, follow, max-snippet:-1, max-image-preview:large, max-video-preview:-1\" \/>\n<link rel=\"canonical\" href=\"https:\/\/radioinfinitagoya.com.ar\/v1\/2025\/12\/14\/reforma-laboral-el-ambicioso-plan-libertario-en-el-senado-enfrenta-una-realidad-compleja-de-sortear\/\" \/>\n<meta property=\"og:locale\" content=\"es_ES\" \/>\n<meta property=\"og:type\" content=\"article\" \/>\n<meta property=\"og:title\" content=\"Reforma laboral: el ambicioso plan libertario en el Senado enfrenta una realidad compleja de sortear - Radio Infinita Goya\" \/>\n<meta property=\"og:description\" content=\"El oficialismo no pudo ni siquiera conformar las comisiones para iniciar el debate y podr\u00eda sumarse el Presupuesto 2026. Quedan pocas ventanas para\" \/>\n<meta property=\"og:url\" content=\"https:\/\/radioinfinitagoya.com.ar\/v1\/2025\/12\/14\/reforma-laboral-el-ambicioso-plan-libertario-en-el-senado-enfrenta-una-realidad-compleja-de-sortear\/\" \/>\n<meta property=\"og:site_name\" content=\"Radio Infinita Goya\" \/>\n<meta property=\"article:publisher\" content=\"https:\/\/www.facebook.com\/p\/Infinita-Goya-100063870918311\/\" \/>\n<meta property=\"article:published_time\" content=\"2025-12-14T21:31:04+00:00\" \/>\n<meta name=\"author\" content=\"Jorge Mi\u00f1o\" \/>\n<meta name=\"twitter:card\" content=\"summary_large_image\" \/>\n<meta name=\"twitter:label1\" content=\"Escrito por\" \/>\n\t<meta name=\"twitter:data1\" content=\"Jorge Mi\u00f1o\" \/>\n\t<meta name=\"twitter:label2\" content=\"Tiempo de lectura\" \/>\n\t<meta name=\"twitter:data2\" content=\"4 minutos\" \/>\n<script type=\"application\/ld+json\" class=\"yoast-schema-graph\">{\"@context\":\"https:\/\/schema.org\",\"@graph\":[{\"@type\":\"Article\",\"@id\":\"https:\/\/radioinfinitagoya.com.ar\/v1\/2025\/12\/14\/reforma-laboral-el-ambicioso-plan-libertario-en-el-senado-enfrenta-una-realidad-compleja-de-sortear\/#article\",\"isPartOf\":{\"@id\":\"https:\/\/radioinfinitagoya.com.ar\/v1\/2025\/12\/14\/reforma-laboral-el-ambicioso-plan-libertario-en-el-senado-enfrenta-una-realidad-compleja-de-sortear\/\"},\"author\":{\"name\":\"Jorge Mi\u00f1o\",\"@id\":\"https:\/\/radioinfinitagoya.com.ar\/v1\/#\/schema\/person\/d4cf9c413d4f6edb24aabdccab49ca4a\"},\"headline\":\"Reforma laboral: el ambicioso plan libertario en el Senado enfrenta una realidad compleja de sortear\",\"datePublished\":\"2025-12-14T21:31:04+00:00\",\"mainEntityOfPage\":{\"@id\":\"https:\/\/radioinfinitagoya.com.ar\/v1\/2025\/12\/14\/reforma-laboral-el-ambicioso-plan-libertario-en-el-senado-enfrenta-una-realidad-compleja-de-sortear\/\"},\"wordCount\":763,\"commentCount\":0,\"publisher\":{\"@id\":\"https:\/\/radioinfinitagoya.com.ar\/v1\/#organization\"},\"image\":{\"@id\":\"https:\/\/radioinfinitagoya.com.ar\/v1\/2025\/12\/14\/reforma-laboral-el-ambicioso-plan-libertario-en-el-senado-enfrenta-una-realidad-compleja-de-sortear\/#primaryimage\"},\"thumbnailUrl\":\"https:\/\/radioinfinitagoya.com.ar\/v1\/wp-content\/uploads\/2025\/12\/ISKZRSOUWZG7FBIW643VDF6BZQ.avif\",\"articleSection\":[\"PRINCIPAL\"],\"inLanguage\":\"es-AR\",\"potentialAction\":[{\"@type\":\"CommentAction\",\"name\":\"Comment\",\"target\":[\"https:\/\/radioinfinitagoya.com.ar\/v1\/2025\/12\/14\/reforma-laboral-el-ambicioso-plan-libertario-en-el-senado-enfrenta-una-realidad-compleja-de-sortear\/#respond\"]}]},{\"@type\":\"WebPage\",\"@id\":\"https:\/\/radioinfinitagoya.com.ar\/v1\/2025\/12\/14\/reforma-laboral-el-ambicioso-plan-libertario-en-el-senado-enfrenta-una-realidad-compleja-de-sortear\/\",\"url\":\"https:\/\/radioinfinitagoya.com.ar\/v1\/2025\/12\/14\/reforma-laboral-el-ambicioso-plan-libertario-en-el-senado-enfrenta-una-realidad-compleja-de-sortear\/\",\"name\":\"Reforma laboral: el ambicioso plan libertario en el Senado enfrenta una realidad compleja de sortear - Radio Infinita Goya\",\"isPartOf\":{\"@id\":\"https:\/\/radioinfinitagoya.com.ar\/v1\/#website\"},\"primaryImageOfPage\":{\"@id\":\"https:\/\/radioinfinitagoya.com.ar\/v1\/2025\/12\/14\/reforma-laboral-el-ambicioso-plan-libertario-en-el-senado-enfrenta-una-realidad-compleja-de-sortear\/#primaryimage\"},\"image\":{\"@id\":\"https:\/\/radioinfinitagoya.com.ar\/v1\/2025\/12\/14\/reforma-laboral-el-ambicioso-plan-libertario-en-el-senado-enfrenta-una-realidad-compleja-de-sortear\/#primaryimage\"},\"thumbnailUrl\":\"https:\/\/radioinfinitagoya.com.ar\/v1\/wp-content\/uploads\/2025\/12\/ISKZRSOUWZG7FBIW643VDF6BZQ.avif\",\"datePublished\":\"2025-12-14T21:31:04+00:00\",\"description\":\"El oficialismo no pudo ni siquiera conformar las comisiones para iniciar el debate y podr\u00eda sumarse el Presupuesto 2026. Quedan pocas ventanas para\",\"breadcrumb\":{\"@id\":\"https:\/\/radioinfinitagoya.com.ar\/v1\/2025\/12\/14\/reforma-laboral-el-ambicioso-plan-libertario-en-el-senado-enfrenta-una-realidad-compleja-de-sortear\/#breadcrumb\"},\"inLanguage\":\"es-AR\",\"potentialAction\":[{\"@type\":\"ReadAction\",\"target\":[\"https:\/\/radioinfinitagoya.com.ar\/v1\/2025\/12\/14\/reforma-laboral-el-ambicioso-plan-libertario-en-el-senado-enfrenta-una-realidad-compleja-de-sortear\/\"]}]},{\"@type\":\"ImageObject\",\"inLanguage\":\"es-AR\",\"@id\":\"https:\/\/radioinfinitagoya.com.ar\/v1\/2025\/12\/14\/reforma-laboral-el-ambicioso-plan-libertario-en-el-senado-enfrenta-una-realidad-compleja-de-sortear\/#primaryimage\",\"url\":\"https:\/\/radioinfinitagoya.com.ar\/v1\/wp-content\/uploads\/2025\/12\/ISKZRSOUWZG7FBIW643VDF6BZQ.avif\",\"contentUrl\":\"https:\/\/radioinfinitagoya.com.ar\/v1\/wp-content\/uploads\/2025\/12\/ISKZRSOUWZG7FBIW643VDF6BZQ.avif\",\"width\":992,\"height\":660},{\"@type\":\"BreadcrumbList\",\"@id\":\"https:\/\/radioinfinitagoya.com.ar\/v1\/2025\/12\/14\/reforma-laboral-el-ambicioso-plan-libertario-en-el-senado-enfrenta-una-realidad-compleja-de-sortear\/#breadcrumb\",\"itemListElement\":[{\"@type\":\"ListItem\",\"position\":1,\"name\":\"Inicio\",\"item\":\"https:\/\/radioinfinitagoya.com.ar\/v1\/\"},{\"@type\":\"ListItem\",\"position\":2,\"name\":\"Reforma laboral: el ambicioso plan libertario en el Senado enfrenta una realidad compleja de sortear\"}]},{\"@type\":\"WebSite\",\"@id\":\"https:\/\/radioinfinitagoya.com.ar\/v1\/#website\",\"url\":\"https:\/\/radioinfinitagoya.com.ar\/v1\/\",\"name\":\"radioinfinitagoya.com.ar\",\"description\":\"Radio de noticias\",\"publisher\":{\"@id\":\"https:\/\/radioinfinitagoya.com.ar\/v1\/#organization\"},\"potentialAction\":[{\"@type\":\"SearchAction\",\"target\":{\"@type\":\"EntryPoint\",\"urlTemplate\":\"https:\/\/radioinfinitagoya.com.ar\/v1\/?s={search_term_string}\"},\"query-input\":{\"@type\":\"PropertyValueSpecification\",\"valueRequired\":true,\"valueName\":\"search_term_string\"}}],\"inLanguage\":\"es-AR\"},{\"@type\":\"Organization\",\"@id\":\"https:\/\/radioinfinitagoya.com.ar\/v1\/#organization\",\"name\":\"Radio Infinita Goya\",\"url\":\"https:\/\/radioinfinitagoya.com.ar\/v1\/\",\"logo\":{\"@type\":\"ImageObject\",\"inLanguage\":\"es-AR\",\"@id\":\"https:\/\/radioinfinitagoya.com.ar\/v1\/#\/schema\/logo\/image\/\",\"url\":\"https:\/\/radioinfinitagoya.com.ar\/v1\/wp-content\/uploads\/2019\/11\/logo-pie-web.png\",\"contentUrl\":\"https:\/\/radioinfinitagoya.com.ar\/v1\/wp-content\/uploads\/2019\/11\/logo-pie-web.png\",\"width\":635,\"height\":326,\"caption\":\"Radio Infinita Goya\"},\"image\":{\"@id\":\"https:\/\/radioinfinitagoya.com.ar\/v1\/#\/schema\/logo\/image\/\"},\"sameAs\":[\"https:\/\/www.facebook.com\/p\/Infinita-Goya-100063870918311\/\"]},{\"@type\":\"Person\",\"@id\":\"https:\/\/radioinfinitagoya.com.ar\/v1\/#\/schema\/person\/d4cf9c413d4f6edb24aabdccab49ca4a\",\"name\":\"Jorge Mi\u00f1o\",\"image\":{\"@type\":\"ImageObject\",\"inLanguage\":\"es-AR\",\"@id\":\"https:\/\/secure.gravatar.com\/avatar\/910fcf6728fe95320e07a6643c1581fec1c7fc4bf8ae12e3d8f0d0373dc844be?s=96&d=mm&r=g\",\"url\":\"https:\/\/secure.gravatar.com\/avatar\/910fcf6728fe95320e07a6643c1581fec1c7fc4bf8ae12e3d8f0d0373dc844be?s=96&d=mm&r=g\",\"contentUrl\":\"https:\/\/secure.gravatar.com\/avatar\/910fcf6728fe95320e07a6643c1581fec1c7fc4bf8ae12e3d8f0d0373dc844be?s=96&d=mm&r=g\",\"caption\":\"Jorge Mi\u00f1o\"},\"sameAs\":[\"http:\/\/radioinfinitagoya.com.ar\"]}]}<\/script>\n<!-- \/ Yoast SEO plugin. -->","yoast_head_json":{"title":"Reforma laboral: el ambicioso plan libertario en el Senado enfrenta una realidad compleja de sortear - Radio Infinita Goya","description":"El oficialismo no pudo ni siquiera conformar las comisiones para iniciar el debate y podr\u00eda sumarse el Presupuesto 2026. Quedan pocas ventanas para","robots":{"index":"index","follow":"follow","max-snippet":"max-snippet:-1","max-image-preview":"max-image-preview:large","max-video-preview":"max-video-preview:-1"},"canonical":"https:\/\/radioinfinitagoya.com.ar\/v1\/2025\/12\/14\/reforma-laboral-el-ambicioso-plan-libertario-en-el-senado-enfrenta-una-realidad-compleja-de-sortear\/","og_locale":"es_ES","og_type":"article","og_title":"Reforma laboral: el ambicioso plan libertario en el Senado enfrenta una realidad compleja de sortear - Radio Infinita Goya","og_description":"El oficialismo no pudo ni siquiera conformar las comisiones para iniciar el debate y podr\u00eda sumarse el Presupuesto 2026. Quedan pocas ventanas para","og_url":"https:\/\/radioinfinitagoya.com.ar\/v1\/2025\/12\/14\/reforma-laboral-el-ambicioso-plan-libertario-en-el-senado-enfrenta-una-realidad-compleja-de-sortear\/","og_site_name":"Radio Infinita Goya","article_publisher":"https:\/\/www.facebook.com\/p\/Infinita-Goya-100063870918311\/","article_published_time":"2025-12-14T21:31:04+00:00","author":"Jorge Mi\u00f1o","twitter_card":"summary_large_image","twitter_misc":{"Escrito por":"Jorge Mi\u00f1o","Tiempo de lectura":"4 minutos"},"schema":{"@context":"https:\/\/schema.org","@graph":[{"@type":"Article","@id":"https:\/\/radioinfinitagoya.com.ar\/v1\/2025\/12\/14\/reforma-laboral-el-ambicioso-plan-libertario-en-el-senado-enfrenta-una-realidad-compleja-de-sortear\/#article","isPartOf":{"@id":"https:\/\/radioinfinitagoya.com.ar\/v1\/2025\/12\/14\/reforma-laboral-el-ambicioso-plan-libertario-en-el-senado-enfrenta-una-realidad-compleja-de-sortear\/"},"author":{"name":"Jorge Mi\u00f1o","@id":"https:\/\/radioinfinitagoya.com.ar\/v1\/#\/schema\/person\/d4cf9c413d4f6edb24aabdccab49ca4a"},"headline":"Reforma laboral: el ambicioso plan libertario en el Senado enfrenta una realidad compleja de sortear","datePublished":"2025-12-14T21:31:04+00:00","mainEntityOfPage":{"@id":"https:\/\/radioinfinitagoya.com.ar\/v1\/2025\/12\/14\/reforma-laboral-el-ambicioso-plan-libertario-en-el-senado-enfrenta-una-realidad-compleja-de-sortear\/"},"wordCount":763,"commentCount":0,"publisher":{"@id":"https:\/\/radioinfinitagoya.com.ar\/v1\/#organization"},"image":{"@id":"https:\/\/radioinfinitagoya.com.ar\/v1\/2025\/12\/14\/reforma-laboral-el-ambicioso-plan-libertario-en-el-senado-enfrenta-una-realidad-compleja-de-sortear\/#primaryimage"},"thumbnailUrl":"https:\/\/radioinfinitagoya.com.ar\/v1\/wp-content\/uploads\/2025\/12\/ISKZRSOUWZG7FBIW643VDF6BZQ.avif","articleSection":["PRINCIPAL"],"inLanguage":"es-AR","potentialAction":[{"@type":"CommentAction","name":"Comment","target":["https:\/\/radioinfinitagoya.com.ar\/v1\/2025\/12\/14\/reforma-laboral-el-ambicioso-plan-libertario-en-el-senado-enfrenta-una-realidad-compleja-de-sortear\/#respond"]}]},{"@type":"WebPage","@id":"https:\/\/radioinfinitagoya.com.ar\/v1\/2025\/12\/14\/reforma-laboral-el-ambicioso-plan-libertario-en-el-senado-enfrenta-una-realidad-compleja-de-sortear\/","url":"https:\/\/radioinfinitagoya.com.ar\/v1\/2025\/12\/14\/reforma-laboral-el-ambicioso-plan-libertario-en-el-senado-enfrenta-una-realidad-compleja-de-sortear\/","name":"Reforma laboral: el ambicioso plan libertario en el Senado enfrenta una realidad compleja de sortear - Radio Infinita Goya","isPartOf":{"@id":"https:\/\/radioinfinitagoya.com.ar\/v1\/#website"},"primaryImageOfPage":{"@id":"https:\/\/radioinfinitagoya.com.ar\/v1\/2025\/12\/14\/reforma-laboral-el-ambicioso-plan-libertario-en-el-senado-enfrenta-una-realidad-compleja-de-sortear\/#primaryimage"},"image":{"@id":"https:\/\/radioinfinitagoya.com.ar\/v1\/2025\/12\/14\/reforma-laboral-el-ambicioso-plan-libertario-en-el-senado-enfrenta-una-realidad-compleja-de-sortear\/#primaryimage"},"thumbnailUrl":"https:\/\/radioinfinitagoya.com.ar\/v1\/wp-content\/uploads\/2025\/12\/ISKZRSOUWZG7FBIW643VDF6BZQ.avif","datePublished":"2025-12-14T21:31:04+00:00","description":"El oficialismo no pudo ni siquiera conformar las comisiones para iniciar el debate y podr\u00eda sumarse el Presupuesto 2026. Quedan pocas ventanas para","breadcrumb":{"@id":"https:\/\/radioinfinitagoya.com.ar\/v1\/2025\/12\/14\/reforma-laboral-el-ambicioso-plan-libertario-en-el-senado-enfrenta-una-realidad-compleja-de-sortear\/#breadcrumb"},"inLanguage":"es-AR","potentialAction":[{"@type":"ReadAction","target":["https:\/\/radioinfinitagoya.com.ar\/v1\/2025\/12\/14\/reforma-laboral-el-ambicioso-plan-libertario-en-el-senado-enfrenta-una-realidad-compleja-de-sortear\/"]}]},{"@type":"ImageObject","inLanguage":"es-AR","@id":"https:\/\/radioinfinitagoya.com.ar\/v1\/2025\/12\/14\/reforma-laboral-el-ambicioso-plan-libertario-en-el-senado-enfrenta-una-realidad-compleja-de-sortear\/#primaryimage","url":"https:\/\/radioinfinitagoya.com.ar\/v1\/wp-content\/uploads\/2025\/12\/ISKZRSOUWZG7FBIW643VDF6BZQ.avif","contentUrl":"https:\/\/radioinfinitagoya.com.ar\/v1\/wp-content\/uploads\/2025\/12\/ISKZRSOUWZG7FBIW643VDF6BZQ.avif","width":992,"height":660},{"@type":"BreadcrumbList","@id":"https:\/\/radioinfinitagoya.com.ar\/v1\/2025\/12\/14\/reforma-laboral-el-ambicioso-plan-libertario-en-el-senado-enfrenta-una-realidad-compleja-de-sortear\/#breadcrumb","itemListElement":[{"@type":"ListItem","position":1,"name":"Inicio","item":"https:\/\/radioinfinitagoya.com.ar\/v1\/"},{"@type":"ListItem","position":2,"name":"Reforma laboral: el ambicioso plan libertario en el Senado enfrenta una realidad compleja de sortear"}]},{"@type":"WebSite","@id":"https:\/\/radioinfinitagoya.com.ar\/v1\/#website","url":"https:\/\/radioinfinitagoya.com.ar\/v1\/","name":"radioinfinitagoya.com.ar","description":"Radio de noticias","publisher":{"@id":"https:\/\/radioinfinitagoya.com.ar\/v1\/#organization"},"potentialAction":[{"@type":"SearchAction","target":{"@type":"EntryPoint","urlTemplate":"https:\/\/radioinfinitagoya.com.ar\/v1\/?s={search_term_string}"},"query-input":{"@type":"PropertyValueSpecification","valueRequired":true,"valueName":"search_term_string"}}],"inLanguage":"es-AR"},{"@type":"Organization","@id":"https:\/\/radioinfinitagoya.com.ar\/v1\/#organization","name":"Radio Infinita Goya","url":"https:\/\/radioinfinitagoya.com.ar\/v1\/","logo":{"@type":"ImageObject","inLanguage":"es-AR","@id":"https:\/\/radioinfinitagoya.com.ar\/v1\/#\/schema\/logo\/image\/","url":"https:\/\/radioinfinitagoya.com.ar\/v1\/wp-content\/uploads\/2019\/11\/logo-pie-web.png","contentUrl":"https:\/\/radioinfinitagoya.com.ar\/v1\/wp-content\/uploads\/2019\/11\/logo-pie-web.png","width":635,"height":326,"caption":"Radio Infinita Goya"},"image":{"@id":"https:\/\/radioinfinitagoya.com.ar\/v1\/#\/schema\/logo\/image\/"},"sameAs":["https:\/\/www.facebook.com\/p\/Infinita-Goya-100063870918311\/"]},{"@type":"Person","@id":"https:\/\/radioinfinitagoya.com.ar\/v1\/#\/schema\/person\/d4cf9c413d4f6edb24aabdccab49ca4a","name":"Jorge Mi\u00f1o","image":{"@type":"ImageObject","inLanguage":"es-AR","@id":"https:\/\/secure.gravatar.com\/avatar\/910fcf6728fe95320e07a6643c1581fec1c7fc4bf8ae12e3d8f0d0373dc844be?s=96&d=mm&r=g","url":"https:\/\/secure.gravatar.com\/avatar\/910fcf6728fe95320e07a6643c1581fec1c7fc4bf8ae12e3d8f0d0373dc844be?s=96&d=mm&r=g","contentUrl":"https:\/\/secure.gravatar.com\/avatar\/910fcf6728fe95320e07a6643c1581fec1c7fc4bf8ae12e3d8f0d0373dc844be?s=96&d=mm&r=g","caption":"Jorge Mi\u00f1o"},"sameAs":["http:\/\/radioinfinitagoya.com.ar"]}]}},"_links":{"self":[{"href":"https:\/\/radioinfinitagoya.com.ar\/v1\/wp-json\/wp\/v2\/posts\/201241","targetHints":{"allow":["GET"]}}],"collection":[{"href":"https:\/\/radioinfinitagoya.com.ar\/v1\/wp-json\/wp\/v2\/posts"}],"about":[{"href":"https:\/\/radioinfinitagoya.com.ar\/v1\/wp-json\/wp\/v2\/types\/post"}],"author":[{"embeddable":true,"href":"https:\/\/radioinfinitagoya.com.ar\/v1\/wp-json\/wp\/v2\/users\/4"}],"replies":[{"embeddable":true,"href":"https:\/\/radioinfinitagoya.com.ar\/v1\/wp-json\/wp\/v2\/comments?post=201241"}],"version-history":[{"count":0,"href":"https:\/\/radioinfinitagoya.com.ar\/v1\/wp-json\/wp\/v2\/posts\/201241\/revisions"}],"wp:featuredmedia":[{"embeddable":true,"href":"https:\/\/radioinfinitagoya.com.ar\/v1\/wp-json\/wp\/v2\/media\/201242"}],"wp:attachment":[{"href":"https:\/\/radioinfinitagoya.com.ar\/v1\/wp-json\/wp\/v2\/media?parent=201241"}],"wp:term":[{"taxonomy":"category","embeddable":true,"href":"https:\/\/radioinfinitagoya.com.ar\/v1\/wp-json\/wp\/v2\/categories?post=201241"},{"taxonomy":"post_tag","embeddable":true,"href":"https:\/\/radioinfinitagoya.com.ar\/v1\/wp-json\/wp\/v2\/tags?post=201241"}],"curies":[{"name":"wp","href":"https:\/\/api.w.org\/{rel}","templated":true}]}}