{"id":201245,"date":"2025-12-14T18:34:45","date_gmt":"2025-12-14T21:34:45","guid":{"rendered":"https:\/\/radioinfinitagoya.com.ar\/v1\/?p=201245"},"modified":"2025-12-14T18:35:32","modified_gmt":"2025-12-14T21:35:32","slug":"la-policia-de-australia-confirmo-que-el-ataque-antisemita-en-sidney-fue-perpetrado-por-un-padre-y-su-hijo","status":"publish","type":"post","link":"https:\/\/radioinfinitagoya.com.ar\/v1\/2025\/12\/14\/la-policia-de-australia-confirmo-que-el-ataque-antisemita-en-sidney-fue-perpetrado-por-un-padre-y-su-hijo\/","title":{"rendered":"La Polic\u00eda de Australia confirm\u00f3 que el ataque antisemita en S\u00eddney fue perpetrado por un padre y su hijo"},"content":{"rendered":"<p>Las autoridades informaron que el n\u00famero de v\u00edctimas fatales tras el atentado ascendi\u00f3 a 15, con edades que van desde los 10 hasta los 87 a\u00f1os<\/p>\n<p>Las autoridades australianas confirmaron este domingo la muerte de 15 personas en la playa de Bondi, al este de S\u00eddney, por un tiroteo que oblig\u00f3 a acordonar la zona y que caus\u00f3 tambi\u00e9n al menos 29 heridos.<\/p>\n<p>Las autoridades policiales confirmaron las v\u00edctimas mortales en un breve informe a los periodistas congregados en la zona y detallaron que uno de los agresores hab\u00eda sido abatido, mientras que el segundo se encuentra arrestado.<\/p>\n<p>A trav\u00e9s de un comunicado difundido en redes sociales, la Polic\u00eda de Nueva Gales del Sur -estado en el que se encuentra S\u00eddney- pidi\u00f3 a la poblaci\u00f3n evitar la zona y exhort\u00f3 a quienes se encontraban en el lugar a buscar refugio, mientras agentes y servicios de emergencia se desplegaban en el \u00e1rea para evaluar la situaci\u00f3n.<\/p>\n<p>A continuaci\u00f3n las noticias m\u00e1s destacadas de este hecho:<\/p>\n<p>Hallaron dos explosivos activos en el lugar del ataque en S\u00eddney<br \/>\nEl comisionado de polic\u00eda de Nueva Gales del Sur, Mal Lanyon, inform\u00f3 que las autoridades hallaron y retiraron dos artefactos explosivos improvisados (IEDs) activos durante su intervenci\u00f3n tras el atentado en S\u00eddney.<\/p>\n<p>Los dispositivos fueron recuperados por la unidad especializada de rescate y desactivados de manera segura.<\/p>\n<p>Lanyon subray\u00f3 que la presencia de estos explosivos elev\u00f3 el riesgo potencial de la tragedia y agradeci\u00f3 que no llegaran a ser detonados.<\/p>\n<p>La Polic\u00eda de Australia confirm\u00f3 que el ataque antisemita en S\u00eddney fue perpetrado por un padre y su hijo<br \/>\nLas autoridades australianas confirmaron que los responsables del tiroteo durante la celebraci\u00f3n jud\u00eda en Bondi Beach son un hombre de 50 a\u00f1os y su hijo de 24.<\/p>\n<p>El comisionado Mal Lanyon explic\u00f3 que el padre muri\u00f3 durante el ataque, mientras que el hijo permanece hospitalizado bajo custodia.<\/p>\n<p>La polic\u00eda regional indic\u00f3 que no se busca a m\u00e1s sospechosos y asegur\u00f3 que la situaci\u00f3n en el lugar est\u00e1 bajo control.<\/p>\n<p>La investigaci\u00f3n contin\u00faa para esclarecer los motivos detr\u00e1s del ataque, que dej\u00f3 15 v\u00edctimas mortales.<\/p>\n<p>Sobrevivi\u00f3 al ataque terrorista de Hamas del 7 de octubre y a\u00f1os despu\u00e9s result\u00f3 herido en el atentado en Australia: \u201cFue una masacre\u201d<\/p>\n<p>El abogado israel\u00ed Arsen Ostrovsky relat\u00f3 que asist\u00eda con su familia a una festividad jud\u00eda cuando comenz\u00f3 el tiroteo en Bondi Beach. \u201cVi ni\u00f1os y ancianos caer, la sangre estaba por todas partes\u201d, dijo<\/p>\n<p><img loading=\"lazy\" decoding=\"async\" class=\"alignnone size-full wp-image-201250\" src=\"https:\/\/radioinfinitagoya.com.ar\/v1\/wp-content\/uploads\/2025\/12\/KAYESKERZBFYTM2KTYTNQL7VCI.avif\" alt=\"\" width=\"992\" height=\"675\" srcset=\"https:\/\/radioinfinitagoya.com.ar\/v1\/wp-content\/uploads\/2025\/12\/KAYESKERZBFYTM2KTYTNQL7VCI.avif 992w, https:\/\/radioinfinitagoya.com.ar\/v1\/wp-content\/uploads\/2025\/12\/KAYESKERZBFYTM2KTYTNQL7VCI-150x102.jpg 150w, https:\/\/radioinfinitagoya.com.ar\/v1\/wp-content\/uploads\/2025\/12\/KAYESKERZBFYTM2KTYTNQL7VCI-768x523.jpg 768w, https:\/\/radioinfinitagoya.com.ar\/v1\/wp-content\/uploads\/2025\/12\/KAYESKERZBFYTM2KTYTNQL7VCI-617x420.jpg 617w, https:\/\/radioinfinitagoya.com.ar\/v1\/wp-content\/uploads\/2025\/12\/KAYESKERZBFYTM2KTYTNQL7VCI-696x474.jpg 696w\" sizes=\"auto, (max-width: 992px) 100vw, 992px\" \/><\/p>\n<p>&nbsp;<\/p>\n<p>&nbsp;<\/p>\n","protected":false},"excerpt":{"rendered":"<p>Las autoridades informaron que el n\u00famero de v\u00edctimas fatales tras el atentado ascendi\u00f3 a 15, con edades que van desde los 10 hasta los 87 a\u00f1os Las autoridades australianas confirmaron este domingo la muerte de 15 personas en la playa de Bondi, al este de S\u00eddney, por un tiroteo que oblig\u00f3 a acordonar la zona [&hellip;]<\/p>\n","protected":false},"author":4,"featured_media":201248,"comment_status":"open","ping_status":"open","sticky":false,"template":"","format":"standard","meta":{"_joinchat":[],"footnotes":""},"categories":[31],"tags":[],"class_list":{"0":"post-201245","1":"post","2":"type-post","3":"status-publish","4":"format-standard","5":"has-post-thumbnail","7":"category-informacion-general"},"yoast_head":"<!-- This site is optimized with the Yoast SEO plugin v27.2 - https:\/\/yoast.com\/product\/yoast-seo-wordpress\/ -->\n<title>La Polic\u00eda de Australia confirm\u00f3 que el ataque antisemita en S\u00eddney fue perpetrado por un padre y su hijo - Radio Infinita Goya<\/title>\n<meta name=\"description\" content=\"Las autoridades informaron que el n\u00famero de v\u00edctimas fatales tras el atentado ascendi\u00f3 a 15, con edades que van desde los 10 hasta los 87 a\u00f1os Las\" \/>\n<meta name=\"robots\" content=\"index, follow, max-snippet:-1, max-image-preview:large, max-video-preview:-1\" \/>\n<link rel=\"canonical\" href=\"https:\/\/radioinfinitagoya.com.ar\/v1\/2025\/12\/14\/la-policia-de-australia-confirmo-que-el-ataque-antisemita-en-sidney-fue-perpetrado-por-un-padre-y-su-hijo\/\" \/>\n<meta property=\"og:locale\" content=\"es_ES\" \/>\n<meta property=\"og:type\" content=\"article\" \/>\n<meta property=\"og:title\" content=\"La Polic\u00eda de Australia confirm\u00f3 que el ataque antisemita en S\u00eddney fue perpetrado por un padre y su hijo - Radio Infinita Goya\" \/>\n<meta property=\"og:description\" content=\"Las autoridades informaron que el n\u00famero de v\u00edctimas fatales tras el atentado ascendi\u00f3 a 15, con edades que van desde los 10 hasta los 87 a\u00f1os Las\" \/>\n<meta property=\"og:url\" content=\"https:\/\/radioinfinitagoya.com.ar\/v1\/2025\/12\/14\/la-policia-de-australia-confirmo-que-el-ataque-antisemita-en-sidney-fue-perpetrado-por-un-padre-y-su-hijo\/\" \/>\n<meta property=\"og:site_name\" content=\"Radio Infinita Goya\" \/>\n<meta property=\"article:publisher\" content=\"https:\/\/www.facebook.com\/p\/Infinita-Goya-100063870918311\/\" \/>\n<meta property=\"article:published_time\" content=\"2025-12-14T21:34:45+00:00\" \/>\n<meta property=\"article:modified_time\" content=\"2025-12-14T21:35:32+00:00\" \/>\n<meta property=\"og:image\" content=\"https:\/\/radioinfinitagoya.com.ar\/v1\/wp-content\/uploads\/2025\/12\/G8I7KuCWgAIOL9y-1.jpg\" \/>\n\t<meta property=\"og:image:width\" content=\"680\" \/>\n\t<meta property=\"og:image:height\" content=\"453\" \/>\n\t<meta property=\"og:image:type\" content=\"image\/jpeg\" \/>\n<meta name=\"author\" content=\"Jorge Mi\u00f1o\" \/>\n<meta name=\"twitter:card\" content=\"summary_large_image\" \/>\n<meta name=\"twitter:label1\" content=\"Escrito por\" \/>\n\t<meta name=\"twitter:data1\" content=\"Jorge Mi\u00f1o\" \/>\n\t<meta name=\"twitter:label2\" content=\"Tiempo de lectura\" \/>\n\t<meta name=\"twitter:data2\" content=\"2 minutos\" \/>\n<script type=\"application\/ld+json\" class=\"yoast-schema-graph\">{\"@context\":\"https:\/\/schema.org\",\"@graph\":[{\"@type\":\"Article\",\"@id\":\"https:\/\/radioinfinitagoya.com.ar\/v1\/2025\/12\/14\/la-policia-de-australia-confirmo-que-el-ataque-antisemita-en-sidney-fue-perpetrado-por-un-padre-y-su-hijo\/#article\",\"isPartOf\":{\"@id\":\"https:\/\/radioinfinitagoya.com.ar\/v1\/2025\/12\/14\/la-policia-de-australia-confirmo-que-el-ataque-antisemita-en-sidney-fue-perpetrado-por-un-padre-y-su-hijo\/\"},\"author\":{\"name\":\"Jorge Mi\u00f1o\",\"@id\":\"https:\/\/radioinfinitagoya.com.ar\/v1\/#\/schema\/person\/d4cf9c413d4f6edb24aabdccab49ca4a\"},\"headline\":\"La Polic\u00eda de Australia confirm\u00f3 que el ataque antisemita en S\u00eddney fue perpetrado por un padre y su hijo\",\"datePublished\":\"2025-12-14T21:34:45+00:00\",\"dateModified\":\"2025-12-14T21:35:32+00:00\",\"mainEntityOfPage\":{\"@id\":\"https:\/\/radioinfinitagoya.com.ar\/v1\/2025\/12\/14\/la-policia-de-australia-confirmo-que-el-ataque-antisemita-en-sidney-fue-perpetrado-por-un-padre-y-su-hijo\/\"},\"wordCount\":454,\"commentCount\":0,\"publisher\":{\"@id\":\"https:\/\/radioinfinitagoya.com.ar\/v1\/#organization\"},\"image\":{\"@id\":\"https:\/\/radioinfinitagoya.com.ar\/v1\/2025\/12\/14\/la-policia-de-australia-confirmo-que-el-ataque-antisemita-en-sidney-fue-perpetrado-por-un-padre-y-su-hijo\/#primaryimage\"},\"thumbnailUrl\":\"https:\/\/radioinfinitagoya.com.ar\/v1\/wp-content\/uploads\/2025\/12\/G8I7KuCWgAIOL9y-1.jpg\",\"articleSection\":[\"INFORMACI\u00d3N GENERAL\"],\"inLanguage\":\"es-AR\",\"potentialAction\":[{\"@type\":\"CommentAction\",\"name\":\"Comment\",\"target\":[\"https:\/\/radioinfinitagoya.com.ar\/v1\/2025\/12\/14\/la-policia-de-australia-confirmo-que-el-ataque-antisemita-en-sidney-fue-perpetrado-por-un-padre-y-su-hijo\/#respond\"]}]},{\"@type\":\"WebPage\",\"@id\":\"https:\/\/radioinfinitagoya.com.ar\/v1\/2025\/12\/14\/la-policia-de-australia-confirmo-que-el-ataque-antisemita-en-sidney-fue-perpetrado-por-un-padre-y-su-hijo\/\",\"url\":\"https:\/\/radioinfinitagoya.com.ar\/v1\/2025\/12\/14\/la-policia-de-australia-confirmo-que-el-ataque-antisemita-en-sidney-fue-perpetrado-por-un-padre-y-su-hijo\/\",\"name\":\"La Polic\u00eda de Australia confirm\u00f3 que el ataque antisemita en S\u00eddney fue perpetrado por un padre y su hijo - Radio Infinita Goya\",\"isPartOf\":{\"@id\":\"https:\/\/radioinfinitagoya.com.ar\/v1\/#website\"},\"primaryImageOfPage\":{\"@id\":\"https:\/\/radioinfinitagoya.com.ar\/v1\/2025\/12\/14\/la-policia-de-australia-confirmo-que-el-ataque-antisemita-en-sidney-fue-perpetrado-por-un-padre-y-su-hijo\/#primaryimage\"},\"image\":{\"@id\":\"https:\/\/radioinfinitagoya.com.ar\/v1\/2025\/12\/14\/la-policia-de-australia-confirmo-que-el-ataque-antisemita-en-sidney-fue-perpetrado-por-un-padre-y-su-hijo\/#primaryimage\"},\"thumbnailUrl\":\"https:\/\/radioinfinitagoya.com.ar\/v1\/wp-content\/uploads\/2025\/12\/G8I7KuCWgAIOL9y-1.jpg\",\"datePublished\":\"2025-12-14T21:34:45+00:00\",\"dateModified\":\"2025-12-14T21:35:32+00:00\",\"description\":\"Las autoridades informaron que el n\u00famero de v\u00edctimas fatales tras el atentado ascendi\u00f3 a 15, con edades que van desde los 10 hasta los 87 a\u00f1os Las\",\"breadcrumb\":{\"@id\":\"https:\/\/radioinfinitagoya.com.ar\/v1\/2025\/12\/14\/la-policia-de-australia-confirmo-que-el-ataque-antisemita-en-sidney-fue-perpetrado-por-un-padre-y-su-hijo\/#breadcrumb\"},\"inLanguage\":\"es-AR\",\"potentialAction\":[{\"@type\":\"ReadAction\",\"target\":[\"https:\/\/radioinfinitagoya.com.ar\/v1\/2025\/12\/14\/la-policia-de-australia-confirmo-que-el-ataque-antisemita-en-sidney-fue-perpetrado-por-un-padre-y-su-hijo\/\"]}]},{\"@type\":\"ImageObject\",\"inLanguage\":\"es-AR\",\"@id\":\"https:\/\/radioinfinitagoya.com.ar\/v1\/2025\/12\/14\/la-policia-de-australia-confirmo-que-el-ataque-antisemita-en-sidney-fue-perpetrado-por-un-padre-y-su-hijo\/#primaryimage\",\"url\":\"https:\/\/radioinfinitagoya.com.ar\/v1\/wp-content\/uploads\/2025\/12\/G8I7KuCWgAIOL9y-1.jpg\",\"contentUrl\":\"https:\/\/radioinfinitagoya.com.ar\/v1\/wp-content\/uploads\/2025\/12\/G8I7KuCWgAIOL9y-1.jpg\",\"width\":680,\"height\":453},{\"@type\":\"BreadcrumbList\",\"@id\":\"https:\/\/radioinfinitagoya.com.ar\/v1\/2025\/12\/14\/la-policia-de-australia-confirmo-que-el-ataque-antisemita-en-sidney-fue-perpetrado-por-un-padre-y-su-hijo\/#breadcrumb\",\"itemListElement\":[{\"@type\":\"ListItem\",\"position\":1,\"name\":\"Inicio\",\"item\":\"https:\/\/radioinfinitagoya.com.ar\/v1\/\"},{\"@type\":\"ListItem\",\"position\":2,\"name\":\"La Polic\u00eda de Australia confirm\u00f3 que el ataque antisemita en S\u00eddney fue perpetrado por un padre y su hijo\"}]},{\"@type\":\"WebSite\",\"@id\":\"https:\/\/radioinfinitagoya.com.ar\/v1\/#website\",\"url\":\"https:\/\/radioinfinitagoya.com.ar\/v1\/\",\"name\":\"radioinfinitagoya.com.ar\",\"description\":\"Radio de noticias\",\"publisher\":{\"@id\":\"https:\/\/radioinfinitagoya.com.ar\/v1\/#organization\"},\"potentialAction\":[{\"@type\":\"SearchAction\",\"target\":{\"@type\":\"EntryPoint\",\"urlTemplate\":\"https:\/\/radioinfinitagoya.com.ar\/v1\/?s={search_term_string}\"},\"query-input\":{\"@type\":\"PropertyValueSpecification\",\"valueRequired\":true,\"valueName\":\"search_term_string\"}}],\"inLanguage\":\"es-AR\"},{\"@type\":\"Organization\",\"@id\":\"https:\/\/radioinfinitagoya.com.ar\/v1\/#organization\",\"name\":\"Radio Infinita Goya\",\"url\":\"https:\/\/radioinfinitagoya.com.ar\/v1\/\",\"logo\":{\"@type\":\"ImageObject\",\"inLanguage\":\"es-AR\",\"@id\":\"https:\/\/radioinfinitagoya.com.ar\/v1\/#\/schema\/logo\/image\/\",\"url\":\"https:\/\/radioinfinitagoya.com.ar\/v1\/wp-content\/uploads\/2019\/11\/logo-pie-web.png\",\"contentUrl\":\"https:\/\/radioinfinitagoya.com.ar\/v1\/wp-content\/uploads\/2019\/11\/logo-pie-web.png\",\"width\":635,\"height\":326,\"caption\":\"Radio Infinita Goya\"},\"image\":{\"@id\":\"https:\/\/radioinfinitagoya.com.ar\/v1\/#\/schema\/logo\/image\/\"},\"sameAs\":[\"https:\/\/www.facebook.com\/p\/Infinita-Goya-100063870918311\/\"]},{\"@type\":\"Person\",\"@id\":\"https:\/\/radioinfinitagoya.com.ar\/v1\/#\/schema\/person\/d4cf9c413d4f6edb24aabdccab49ca4a\",\"name\":\"Jorge Mi\u00f1o\",\"image\":{\"@type\":\"ImageObject\",\"inLanguage\":\"es-AR\",\"@id\":\"https:\/\/secure.gravatar.com\/avatar\/910fcf6728fe95320e07a6643c1581fec1c7fc4bf8ae12e3d8f0d0373dc844be?s=96&d=mm&r=g\",\"url\":\"https:\/\/secure.gravatar.com\/avatar\/910fcf6728fe95320e07a6643c1581fec1c7fc4bf8ae12e3d8f0d0373dc844be?s=96&d=mm&r=g\",\"contentUrl\":\"https:\/\/secure.gravatar.com\/avatar\/910fcf6728fe95320e07a6643c1581fec1c7fc4bf8ae12e3d8f0d0373dc844be?s=96&d=mm&r=g\",\"caption\":\"Jorge Mi\u00f1o\"},\"sameAs\":[\"http:\/\/radioinfinitagoya.com.ar\"]}]}<\/script>\n<!-- \/ Yoast SEO plugin. -->","yoast_head_json":{"title":"La Polic\u00eda de Australia confirm\u00f3 que el ataque antisemita en S\u00eddney fue perpetrado por un padre y su hijo - Radio Infinita Goya","description":"Las autoridades informaron que el n\u00famero de v\u00edctimas fatales tras el atentado ascendi\u00f3 a 15, con edades que van desde los 10 hasta los 87 a\u00f1os Las","robots":{"index":"index","follow":"follow","max-snippet":"max-snippet:-1","max-image-preview":"max-image-preview:large","max-video-preview":"max-video-preview:-1"},"canonical":"https:\/\/radioinfinitagoya.com.ar\/v1\/2025\/12\/14\/la-policia-de-australia-confirmo-que-el-ataque-antisemita-en-sidney-fue-perpetrado-por-un-padre-y-su-hijo\/","og_locale":"es_ES","og_type":"article","og_title":"La Polic\u00eda de Australia confirm\u00f3 que el ataque antisemita en S\u00eddney fue perpetrado por un padre y su hijo - Radio Infinita Goya","og_description":"Las autoridades informaron que el n\u00famero de v\u00edctimas fatales tras el atentado ascendi\u00f3 a 15, con edades que van desde los 10 hasta los 87 a\u00f1os Las","og_url":"https:\/\/radioinfinitagoya.com.ar\/v1\/2025\/12\/14\/la-policia-de-australia-confirmo-que-el-ataque-antisemita-en-sidney-fue-perpetrado-por-un-padre-y-su-hijo\/","og_site_name":"Radio Infinita Goya","article_publisher":"https:\/\/www.facebook.com\/p\/Infinita-Goya-100063870918311\/","article_published_time":"2025-12-14T21:34:45+00:00","article_modified_time":"2025-12-14T21:35:32+00:00","og_image":[{"width":680,"height":453,"url":"https:\/\/radioinfinitagoya.com.ar\/v1\/wp-content\/uploads\/2025\/12\/G8I7KuCWgAIOL9y-1.jpg","type":"image\/jpeg"}],"author":"Jorge Mi\u00f1o","twitter_card":"summary_large_image","twitter_misc":{"Escrito por":"Jorge Mi\u00f1o","Tiempo de lectura":"2 minutos"},"schema":{"@context":"https:\/\/schema.org","@graph":[{"@type":"Article","@id":"https:\/\/radioinfinitagoya.com.ar\/v1\/2025\/12\/14\/la-policia-de-australia-confirmo-que-el-ataque-antisemita-en-sidney-fue-perpetrado-por-un-padre-y-su-hijo\/#article","isPartOf":{"@id":"https:\/\/radioinfinitagoya.com.ar\/v1\/2025\/12\/14\/la-policia-de-australia-confirmo-que-el-ataque-antisemita-en-sidney-fue-perpetrado-por-un-padre-y-su-hijo\/"},"author":{"name":"Jorge Mi\u00f1o","@id":"https:\/\/radioinfinitagoya.com.ar\/v1\/#\/schema\/person\/d4cf9c413d4f6edb24aabdccab49ca4a"},"headline":"La Polic\u00eda de Australia confirm\u00f3 que el ataque antisemita en S\u00eddney fue perpetrado por un padre y su hijo","datePublished":"2025-12-14T21:34:45+00:00","dateModified":"2025-12-14T21:35:32+00:00","mainEntityOfPage":{"@id":"https:\/\/radioinfinitagoya.com.ar\/v1\/2025\/12\/14\/la-policia-de-australia-confirmo-que-el-ataque-antisemita-en-sidney-fue-perpetrado-por-un-padre-y-su-hijo\/"},"wordCount":454,"commentCount":0,"publisher":{"@id":"https:\/\/radioinfinitagoya.com.ar\/v1\/#organization"},"image":{"@id":"https:\/\/radioinfinitagoya.com.ar\/v1\/2025\/12\/14\/la-policia-de-australia-confirmo-que-el-ataque-antisemita-en-sidney-fue-perpetrado-por-un-padre-y-su-hijo\/#primaryimage"},"thumbnailUrl":"https:\/\/radioinfinitagoya.com.ar\/v1\/wp-content\/uploads\/2025\/12\/G8I7KuCWgAIOL9y-1.jpg","articleSection":["INFORMACI\u00d3N GENERAL"],"inLanguage":"es-AR","potentialAction":[{"@type":"CommentAction","name":"Comment","target":["https:\/\/radioinfinitagoya.com.ar\/v1\/2025\/12\/14\/la-policia-de-australia-confirmo-que-el-ataque-antisemita-en-sidney-fue-perpetrado-por-un-padre-y-su-hijo\/#respond"]}]},{"@type":"WebPage","@id":"https:\/\/radioinfinitagoya.com.ar\/v1\/2025\/12\/14\/la-policia-de-australia-confirmo-que-el-ataque-antisemita-en-sidney-fue-perpetrado-por-un-padre-y-su-hijo\/","url":"https:\/\/radioinfinitagoya.com.ar\/v1\/2025\/12\/14\/la-policia-de-australia-confirmo-que-el-ataque-antisemita-en-sidney-fue-perpetrado-por-un-padre-y-su-hijo\/","name":"La Polic\u00eda de Australia confirm\u00f3 que el ataque antisemita en S\u00eddney fue perpetrado por un padre y su hijo - Radio Infinita Goya","isPartOf":{"@id":"https:\/\/radioinfinitagoya.com.ar\/v1\/#website"},"primaryImageOfPage":{"@id":"https:\/\/radioinfinitagoya.com.ar\/v1\/2025\/12\/14\/la-policia-de-australia-confirmo-que-el-ataque-antisemita-en-sidney-fue-perpetrado-por-un-padre-y-su-hijo\/#primaryimage"},"image":{"@id":"https:\/\/radioinfinitagoya.com.ar\/v1\/2025\/12\/14\/la-policia-de-australia-confirmo-que-el-ataque-antisemita-en-sidney-fue-perpetrado-por-un-padre-y-su-hijo\/#primaryimage"},"thumbnailUrl":"https:\/\/radioinfinitagoya.com.ar\/v1\/wp-content\/uploads\/2025\/12\/G8I7KuCWgAIOL9y-1.jpg","datePublished":"2025-12-14T21:34:45+00:00","dateModified":"2025-12-14T21:35:32+00:00","description":"Las autoridades informaron que el n\u00famero de v\u00edctimas fatales tras el atentado ascendi\u00f3 a 15, con edades que van desde los 10 hasta los 87 a\u00f1os Las","breadcrumb":{"@id":"https:\/\/radioinfinitagoya.com.ar\/v1\/2025\/12\/14\/la-policia-de-australia-confirmo-que-el-ataque-antisemita-en-sidney-fue-perpetrado-por-un-padre-y-su-hijo\/#breadcrumb"},"inLanguage":"es-AR","potentialAction":[{"@type":"ReadAction","target":["https:\/\/radioinfinitagoya.com.ar\/v1\/2025\/12\/14\/la-policia-de-australia-confirmo-que-el-ataque-antisemita-en-sidney-fue-perpetrado-por-un-padre-y-su-hijo\/"]}]},{"@type":"ImageObject","inLanguage":"es-AR","@id":"https:\/\/radioinfinitagoya.com.ar\/v1\/2025\/12\/14\/la-policia-de-australia-confirmo-que-el-ataque-antisemita-en-sidney-fue-perpetrado-por-un-padre-y-su-hijo\/#primaryimage","url":"https:\/\/radioinfinitagoya.com.ar\/v1\/wp-content\/uploads\/2025\/12\/G8I7KuCWgAIOL9y-1.jpg","contentUrl":"https:\/\/radioinfinitagoya.com.ar\/v1\/wp-content\/uploads\/2025\/12\/G8I7KuCWgAIOL9y-1.jpg","width":680,"height":453},{"@type":"BreadcrumbList","@id":"https:\/\/radioinfinitagoya.com.ar\/v1\/2025\/12\/14\/la-policia-de-australia-confirmo-que-el-ataque-antisemita-en-sidney-fue-perpetrado-por-un-padre-y-su-hijo\/#breadcrumb","itemListElement":[{"@type":"ListItem","position":1,"name":"Inicio","item":"https:\/\/radioinfinitagoya.com.ar\/v1\/"},{"@type":"ListItem","position":2,"name":"La Polic\u00eda de Australia confirm\u00f3 que el ataque antisemita en S\u00eddney fue perpetrado por un padre y su hijo"}]},{"@type":"WebSite","@id":"https:\/\/radioinfinitagoya.com.ar\/v1\/#website","url":"https:\/\/radioinfinitagoya.com.ar\/v1\/","name":"radioinfinitagoya.com.ar","description":"Radio de noticias","publisher":{"@id":"https:\/\/radioinfinitagoya.com.ar\/v1\/#organization"},"potentialAction":[{"@type":"SearchAction","target":{"@type":"EntryPoint","urlTemplate":"https:\/\/radioinfinitagoya.com.ar\/v1\/?s={search_term_string}"},"query-input":{"@type":"PropertyValueSpecification","valueRequired":true,"valueName":"search_term_string"}}],"inLanguage":"es-AR"},{"@type":"Organization","@id":"https:\/\/radioinfinitagoya.com.ar\/v1\/#organization","name":"Radio Infinita Goya","url":"https:\/\/radioinfinitagoya.com.ar\/v1\/","logo":{"@type":"ImageObject","inLanguage":"es-AR","@id":"https:\/\/radioinfinitagoya.com.ar\/v1\/#\/schema\/logo\/image\/","url":"https:\/\/radioinfinitagoya.com.ar\/v1\/wp-content\/uploads\/2019\/11\/logo-pie-web.png","contentUrl":"https:\/\/radioinfinitagoya.com.ar\/v1\/wp-content\/uploads\/2019\/11\/logo-pie-web.png","width":635,"height":326,"caption":"Radio Infinita Goya"},"image":{"@id":"https:\/\/radioinfinitagoya.com.ar\/v1\/#\/schema\/logo\/image\/"},"sameAs":["https:\/\/www.facebook.com\/p\/Infinita-Goya-100063870918311\/"]},{"@type":"Person","@id":"https:\/\/radioinfinitagoya.com.ar\/v1\/#\/schema\/person\/d4cf9c413d4f6edb24aabdccab49ca4a","name":"Jorge Mi\u00f1o","image":{"@type":"ImageObject","inLanguage":"es-AR","@id":"https:\/\/secure.gravatar.com\/avatar\/910fcf6728fe95320e07a6643c1581fec1c7fc4bf8ae12e3d8f0d0373dc844be?s=96&d=mm&r=g","url":"https:\/\/secure.gravatar.com\/avatar\/910fcf6728fe95320e07a6643c1581fec1c7fc4bf8ae12e3d8f0d0373dc844be?s=96&d=mm&r=g","contentUrl":"https:\/\/secure.gravatar.com\/avatar\/910fcf6728fe95320e07a6643c1581fec1c7fc4bf8ae12e3d8f0d0373dc844be?s=96&d=mm&r=g","caption":"Jorge Mi\u00f1o"},"sameAs":["http:\/\/radioinfinitagoya.com.ar"]}]}},"_links":{"self":[{"href":"https:\/\/radioinfinitagoya.com.ar\/v1\/wp-json\/wp\/v2\/posts\/201245","targetHints":{"allow":["GET"]}}],"collection":[{"href":"https:\/\/radioinfinitagoya.com.ar\/v1\/wp-json\/wp\/v2\/posts"}],"about":[{"href":"https:\/\/radioinfinitagoya.com.ar\/v1\/wp-json\/wp\/v2\/types\/post"}],"author":[{"embeddable":true,"href":"https:\/\/radioinfinitagoya.com.ar\/v1\/wp-json\/wp\/v2\/users\/4"}],"replies":[{"embeddable":true,"href":"https:\/\/radioinfinitagoya.com.ar\/v1\/wp-json\/wp\/v2\/comments?post=201245"}],"version-history":[{"count":0,"href":"https:\/\/radioinfinitagoya.com.ar\/v1\/wp-json\/wp\/v2\/posts\/201245\/revisions"}],"wp:featuredmedia":[{"embeddable":true,"href":"https:\/\/radioinfinitagoya.com.ar\/v1\/wp-json\/wp\/v2\/media\/201248"}],"wp:attachment":[{"href":"https:\/\/radioinfinitagoya.com.ar\/v1\/wp-json\/wp\/v2\/media?parent=201245"}],"wp:term":[{"taxonomy":"category","embeddable":true,"href":"https:\/\/radioinfinitagoya.com.ar\/v1\/wp-json\/wp\/v2\/categories?post=201245"},{"taxonomy":"post_tag","embeddable":true,"href":"https:\/\/radioinfinitagoya.com.ar\/v1\/wp-json\/wp\/v2\/tags?post=201245"}],"curies":[{"name":"wp","href":"https:\/\/api.w.org\/{rel}","templated":true}]}}