{"id":201263,"date":"2025-12-15T16:00:32","date_gmt":"2025-12-15T19:00:32","guid":{"rendered":"https:\/\/radioinfinitagoya.com.ar\/v1\/?p=201263"},"modified":"2025-12-15T16:00:32","modified_gmt":"2025-12-15T19:00:32","slug":"controladores-aereos-anuncian-un-paro-que-afectara-vuelos-nacionales-e-internacionales","status":"publish","type":"post","link":"https:\/\/radioinfinitagoya.com.ar\/v1\/2025\/12\/15\/controladores-aereos-anuncian-un-paro-que-afectara-vuelos-nacionales-e-internacionales\/","title":{"rendered":"Controladores a\u00e9reos anuncian un paro que afectar\u00e1 vuelos nacionales e internacionales"},"content":{"rendered":"<p>Desde el gremio informaron que el agravamiento del plan de lucha responde al estancamiento de las negociaciones y a la falta de respuestas formales de la Empresa Argentina de Navegaci\u00f3n A\u00e9rea.<\/p>\n<p>La Asociaci\u00f3n T\u00e9cnicos y Empleados de Protecci\u00f3n y Seguridad a la Aeronavegaci\u00f3n (Atepsa) anunci\u00f3 un cronograma de paros que restringir\u00e1 despegues de vuelos nacionales e internacionales durante las fiestas de fin de a\u00f1o, el per\u00edodo de mayor movimiento a\u00e9reo en el pa\u00eds. Adem\u00e1s, las medidas afectar\u00e1n la planificaci\u00f3n de vuelos y podr\u00edan generar demoras y cancelaciones en distintos aeropuertos de todo el pa\u00eds<\/p>\n<p>A esta altura, el conflicto se mantiene sin resoluci\u00f3n desde hace varios meses. Durante noviembre, el gremio ya hab\u00eda llevado adelante interrupciones parciales que impactaron en la aviaci\u00f3n de carga, como forma de protesta por el incumplimiento de acuerdos firmados con la Empresa Argentina de Navegaci\u00f3n A\u00e9rea (Eana), la compa\u00f1\u00eda estatal que administra los servicios de navegaci\u00f3n a\u00e9rea luego de semanas de reclamos sin respuestas.<\/p>\n<p>De acuerdo con Atepsa, el agravamiento del plan de lucha responde al estancamiento de las negociaciones y a la falta de respuestas formales por parte de la empresa. Sostienen que \u201cdesde la asunci\u00f3n de las actuales autoridades de Eana en 2024 se registra una ausencia sostenida de di\u00e1logo y una postura inflexible, tanto en materia salarial como frente a una situaci\u00f3n operativa cr\u00edtica que venimos advirtiendo\u201d, se\u00f1al\u00f3 el gremio de controlares en un comunicado.<\/p>\n<p>Los puntos centrales de la demanda se encuentra la reincorporaci\u00f3n de trabajadores despedidos sin causa en aeropuertos con d\u00e9ficit de personal, la revisi\u00f3n del monto asignado al refrigerio, la actualizaci\u00f3n de la trayectoria laboral, la respuesta a m\u00e1s de 60 reclamos operativos pendientes y la reapertura de la negociaci\u00f3n paritaria.<\/p>\n<p>Al mismo tiempo, el gremio cuestion\u00f3 la falta de reacci\u00f3n de la empresa frente a las medidas adoptadas el mes pasado. \u201cAun con afectaci\u00f3n real del servicio, no hubo convocatorias para intentar destrabar el conflicto\u201d, expresaron, y advirtieron que la situaci\u00f3n laboral y salarial del sector contin\u00faa deterior\u00e1ndose. Desde Eana, en tanto, aseguraron que mantienen la voluntad de di\u00e1logo y remarcaron la necesidad de sostener las instancias de negociaci\u00f3n.<\/p>\n<p>De hecho, la Secretar\u00eda de Trabajo fij\u00f3 una nueva audiencia para el mi\u00e9rcoles 17 de diciembre a las 10, con el objetivo de acercar posiciones y evitar mayores complicaciones durante las fiestas. La semana pasada ya se hab\u00eda realizado una audiencia virtual, aunque no hubo acuerdo.<\/p>\n<p>C\u00f3mo es el cronograma de paros que afectar\u00e1 los vuelos<br \/>\nEl cronograma de paros anunciado por el gremio de controladores a\u00e9reos se dar\u00e1 en plena temporada alta y podr\u00eda poner a prueba las nuevas limitaciones a las medidas de fuerza. Ante este escenario, la Secretar\u00eda de Trabajo analiza la posibilidad de dictar la conciliaci\u00f3n obligatoria para garantizar la operatoria a\u00e9rea durante las fiestas:<\/p>\n<p>Seg\u00fan lo informado, las medidas se aplicar\u00e1n en franjas horarias puntuales y afectar\u00e1n principalmente los despegues:<\/p>\n<p>Mi\u00e9rcoles 17 de diciembre, de 8 a 11: restricci\u00f3n de despegues de vuelos con destino nacional.<br \/>\nJueves 18 de diciembre, de 16 a 19: restricci\u00f3n de despegues de vuelos con destino nacional.<br \/>\nMartes 23 de diciembre, de 19 a 23: restricci\u00f3n de despegues de vuelos con destino nacional.<br \/>\nS\u00e1bado 27 de diciembre, de 14 a 17: afectaci\u00f3n de vuelos con destino internacional.<br \/>\nLunes 29 de diciembre, de 8 a 11: afectaci\u00f3n de toda la aviaci\u00f3n en todos los aeropuertos del pa\u00eds.<\/p>\n<p><img loading=\"lazy\" decoding=\"async\" class=\"alignnone size-full wp-image-201264\" src=\"https:\/\/radioinfinitagoya.com.ar\/v1\/wp-content\/uploads\/2025\/12\/1765813497516.jpg\" alt=\"\" width=\"806\" height=\"730\" srcset=\"https:\/\/radioinfinitagoya.com.ar\/v1\/wp-content\/uploads\/2025\/12\/1765813497516.jpg 806w, https:\/\/radioinfinitagoya.com.ar\/v1\/wp-content\/uploads\/2025\/12\/1765813497516-150x136.jpg 150w, https:\/\/radioinfinitagoya.com.ar\/v1\/wp-content\/uploads\/2025\/12\/1765813497516-768x696.jpg 768w, https:\/\/radioinfinitagoya.com.ar\/v1\/wp-content\/uploads\/2025\/12\/1765813497516-464x420.jpg 464w, https:\/\/radioinfinitagoya.com.ar\/v1\/wp-content\/uploads\/2025\/12\/1765813497516-696x630.jpg 696w\" sizes=\"auto, (max-width: 806px) 100vw, 806px\" \/>El gremio ya aclar\u00f3 que las medidas alcanzar\u00e1n \u00fanicamente a los despegues, mediante la restricci\u00f3n de autorizaciones de aeronaves en tierra. Quedar\u00e1n exceptuadas de las restricciones las operaciones de emergencia, sanitarias, humanitarias, de Estado y las vinculadas a b\u00fasqueda y salvamento, que continuar\u00e1n operando con normalidad.<\/p>\n<p>Simult\u00e1neamente, el conflicto coincide con el debate parlamentario sobre la reforma laboral, que cuestiona la vigencia de convenios colectivos obsoletos y limita el derecho a huelga en servicios esenciales como el control a\u00e9reo, que comenzar\u00e1 esta semana en el Senado de la Naci\u00f3n.<\/p>\n<p>Al mismo tiempo, la Confederaci\u00f3n General del Trabajo de la Rep\u00fablica Argentina (CGT) convoc\u00f3 a una movilizaci\u00f3n a Plaza de Mayo el jueves, a partir de las 15, en rechazo al proyecto oficial del presidente Javier Milei. Esta medida forma parte de un plan de lucha gradual que incluye la adhesi\u00f3n de ATE, CTA y UOM, pero sin paralizaci\u00f3n total de actividades.<\/p>\n<p>&nbsp;<\/p>\n","protected":false},"excerpt":{"rendered":"<p>Desde el gremio informaron que el agravamiento del plan de lucha responde al estancamiento de las negociaciones y a la falta de respuestas formales de la Empresa Argentina de Navegaci\u00f3n A\u00e9rea. La Asociaci\u00f3n T\u00e9cnicos y Empleados de Protecci\u00f3n y Seguridad a la Aeronavegaci\u00f3n (Atepsa) anunci\u00f3 un cronograma de paros que restringir\u00e1 despegues de vuelos nacionales [&hellip;]<\/p>\n","protected":false},"author":4,"featured_media":201265,"comment_status":"open","ping_status":"open","sticky":false,"template":"","format":"standard","meta":{"_joinchat":[],"footnotes":""},"categories":[29],"tags":[],"class_list":{"0":"post-201263","1":"post","2":"type-post","3":"status-publish","4":"format-standard","5":"has-post-thumbnail","7":"category-nacionales"},"yoast_head":"<!-- This site is optimized with the Yoast SEO plugin v27.2 - https:\/\/yoast.com\/product\/yoast-seo-wordpress\/ -->\n<title>Controladores a\u00e9reos anuncian un paro que afectar\u00e1 vuelos nacionales e internacionales - Radio Infinita Goya<\/title>\n<meta name=\"description\" content=\"Desde el gremio informaron que el agravamiento del plan de lucha responde al estancamiento de las negociaciones y a la falta de respuestas formales de la\" \/>\n<meta name=\"robots\" content=\"index, follow, max-snippet:-1, max-image-preview:large, max-video-preview:-1\" \/>\n<link rel=\"canonical\" href=\"https:\/\/radioinfinitagoya.com.ar\/v1\/2025\/12\/15\/controladores-aereos-anuncian-un-paro-que-afectara-vuelos-nacionales-e-internacionales\/\" \/>\n<meta property=\"og:locale\" content=\"es_ES\" \/>\n<meta property=\"og:type\" content=\"article\" \/>\n<meta property=\"og:title\" content=\"Controladores a\u00e9reos anuncian un paro que afectar\u00e1 vuelos nacionales e internacionales - Radio Infinita Goya\" \/>\n<meta property=\"og:description\" content=\"Desde el gremio informaron que el agravamiento del plan de lucha responde al estancamiento de las negociaciones y a la falta de respuestas formales de la\" \/>\n<meta property=\"og:url\" content=\"https:\/\/radioinfinitagoya.com.ar\/v1\/2025\/12\/15\/controladores-aereos-anuncian-un-paro-que-afectara-vuelos-nacionales-e-internacionales\/\" \/>\n<meta property=\"og:site_name\" content=\"Radio Infinita Goya\" \/>\n<meta property=\"article:publisher\" content=\"https:\/\/www.facebook.com\/p\/Infinita-Goya-100063870918311\/\" \/>\n<meta property=\"article:published_time\" content=\"2025-12-15T19:00:32+00:00\" \/>\n<meta property=\"og:image\" content=\"https:\/\/radioinfinitagoya.com.ar\/v1\/wp-content\/uploads\/2025\/12\/G8JluvKW0AUQpv8.jpg\" \/>\n\t<meta property=\"og:image:width\" content=\"680\" \/>\n\t<meta property=\"og:image:height\" content=\"383\" \/>\n\t<meta property=\"og:image:type\" content=\"image\/jpeg\" \/>\n<meta name=\"author\" content=\"Jorge Mi\u00f1o\" \/>\n<meta name=\"twitter:card\" content=\"summary_large_image\" \/>\n<meta name=\"twitter:label1\" content=\"Escrito por\" \/>\n\t<meta name=\"twitter:data1\" content=\"Jorge Mi\u00f1o\" \/>\n\t<meta name=\"twitter:label2\" content=\"Tiempo de lectura\" \/>\n\t<meta name=\"twitter:data2\" content=\"4 minutos\" \/>\n<script type=\"application\/ld+json\" class=\"yoast-schema-graph\">{\"@context\":\"https:\/\/schema.org\",\"@graph\":[{\"@type\":\"Article\",\"@id\":\"https:\/\/radioinfinitagoya.com.ar\/v1\/2025\/12\/15\/controladores-aereos-anuncian-un-paro-que-afectara-vuelos-nacionales-e-internacionales\/#article\",\"isPartOf\":{\"@id\":\"https:\/\/radioinfinitagoya.com.ar\/v1\/2025\/12\/15\/controladores-aereos-anuncian-un-paro-que-afectara-vuelos-nacionales-e-internacionales\/\"},\"author\":{\"name\":\"Jorge Mi\u00f1o\",\"@id\":\"https:\/\/radioinfinitagoya.com.ar\/v1\/#\/schema\/person\/d4cf9c413d4f6edb24aabdccab49ca4a\"},\"headline\":\"Controladores a\u00e9reos anuncian un paro que afectar\u00e1 vuelos nacionales e internacionales\",\"datePublished\":\"2025-12-15T19:00:32+00:00\",\"mainEntityOfPage\":{\"@id\":\"https:\/\/radioinfinitagoya.com.ar\/v1\/2025\/12\/15\/controladores-aereos-anuncian-un-paro-que-afectara-vuelos-nacionales-e-internacionales\/\"},\"wordCount\":777,\"commentCount\":0,\"publisher\":{\"@id\":\"https:\/\/radioinfinitagoya.com.ar\/v1\/#organization\"},\"image\":{\"@id\":\"https:\/\/radioinfinitagoya.com.ar\/v1\/2025\/12\/15\/controladores-aereos-anuncian-un-paro-que-afectara-vuelos-nacionales-e-internacionales\/#primaryimage\"},\"thumbnailUrl\":\"https:\/\/radioinfinitagoya.com.ar\/v1\/wp-content\/uploads\/2025\/12\/G8JluvKW0AUQpv8.jpg\",\"articleSection\":[\"NACIONALES\"],\"inLanguage\":\"es-AR\",\"potentialAction\":[{\"@type\":\"CommentAction\",\"name\":\"Comment\",\"target\":[\"https:\/\/radioinfinitagoya.com.ar\/v1\/2025\/12\/15\/controladores-aereos-anuncian-un-paro-que-afectara-vuelos-nacionales-e-internacionales\/#respond\"]}]},{\"@type\":\"WebPage\",\"@id\":\"https:\/\/radioinfinitagoya.com.ar\/v1\/2025\/12\/15\/controladores-aereos-anuncian-un-paro-que-afectara-vuelos-nacionales-e-internacionales\/\",\"url\":\"https:\/\/radioinfinitagoya.com.ar\/v1\/2025\/12\/15\/controladores-aereos-anuncian-un-paro-que-afectara-vuelos-nacionales-e-internacionales\/\",\"name\":\"Controladores a\u00e9reos anuncian un paro que afectar\u00e1 vuelos nacionales e internacionales - Radio Infinita Goya\",\"isPartOf\":{\"@id\":\"https:\/\/radioinfinitagoya.com.ar\/v1\/#website\"},\"primaryImageOfPage\":{\"@id\":\"https:\/\/radioinfinitagoya.com.ar\/v1\/2025\/12\/15\/controladores-aereos-anuncian-un-paro-que-afectara-vuelos-nacionales-e-internacionales\/#primaryimage\"},\"image\":{\"@id\":\"https:\/\/radioinfinitagoya.com.ar\/v1\/2025\/12\/15\/controladores-aereos-anuncian-un-paro-que-afectara-vuelos-nacionales-e-internacionales\/#primaryimage\"},\"thumbnailUrl\":\"https:\/\/radioinfinitagoya.com.ar\/v1\/wp-content\/uploads\/2025\/12\/G8JluvKW0AUQpv8.jpg\",\"datePublished\":\"2025-12-15T19:00:32+00:00\",\"description\":\"Desde el gremio informaron que el agravamiento del plan de lucha responde al estancamiento de las negociaciones y a la falta de respuestas formales de la\",\"breadcrumb\":{\"@id\":\"https:\/\/radioinfinitagoya.com.ar\/v1\/2025\/12\/15\/controladores-aereos-anuncian-un-paro-que-afectara-vuelos-nacionales-e-internacionales\/#breadcrumb\"},\"inLanguage\":\"es-AR\",\"potentialAction\":[{\"@type\":\"ReadAction\",\"target\":[\"https:\/\/radioinfinitagoya.com.ar\/v1\/2025\/12\/15\/controladores-aereos-anuncian-un-paro-que-afectara-vuelos-nacionales-e-internacionales\/\"]}]},{\"@type\":\"ImageObject\",\"inLanguage\":\"es-AR\",\"@id\":\"https:\/\/radioinfinitagoya.com.ar\/v1\/2025\/12\/15\/controladores-aereos-anuncian-un-paro-que-afectara-vuelos-nacionales-e-internacionales\/#primaryimage\",\"url\":\"https:\/\/radioinfinitagoya.com.ar\/v1\/wp-content\/uploads\/2025\/12\/G8JluvKW0AUQpv8.jpg\",\"contentUrl\":\"https:\/\/radioinfinitagoya.com.ar\/v1\/wp-content\/uploads\/2025\/12\/G8JluvKW0AUQpv8.jpg\",\"width\":680,\"height\":383},{\"@type\":\"BreadcrumbList\",\"@id\":\"https:\/\/radioinfinitagoya.com.ar\/v1\/2025\/12\/15\/controladores-aereos-anuncian-un-paro-que-afectara-vuelos-nacionales-e-internacionales\/#breadcrumb\",\"itemListElement\":[{\"@type\":\"ListItem\",\"position\":1,\"name\":\"Inicio\",\"item\":\"https:\/\/radioinfinitagoya.com.ar\/v1\/\"},{\"@type\":\"ListItem\",\"position\":2,\"name\":\"Controladores a\u00e9reos anuncian un paro que afectar\u00e1 vuelos nacionales e internacionales\"}]},{\"@type\":\"WebSite\",\"@id\":\"https:\/\/radioinfinitagoya.com.ar\/v1\/#website\",\"url\":\"https:\/\/radioinfinitagoya.com.ar\/v1\/\",\"name\":\"radioinfinitagoya.com.ar\",\"description\":\"Radio de noticias\",\"publisher\":{\"@id\":\"https:\/\/radioinfinitagoya.com.ar\/v1\/#organization\"},\"potentialAction\":[{\"@type\":\"SearchAction\",\"target\":{\"@type\":\"EntryPoint\",\"urlTemplate\":\"https:\/\/radioinfinitagoya.com.ar\/v1\/?s={search_term_string}\"},\"query-input\":{\"@type\":\"PropertyValueSpecification\",\"valueRequired\":true,\"valueName\":\"search_term_string\"}}],\"inLanguage\":\"es-AR\"},{\"@type\":\"Organization\",\"@id\":\"https:\/\/radioinfinitagoya.com.ar\/v1\/#organization\",\"name\":\"Radio Infinita Goya\",\"url\":\"https:\/\/radioinfinitagoya.com.ar\/v1\/\",\"logo\":{\"@type\":\"ImageObject\",\"inLanguage\":\"es-AR\",\"@id\":\"https:\/\/radioinfinitagoya.com.ar\/v1\/#\/schema\/logo\/image\/\",\"url\":\"https:\/\/radioinfinitagoya.com.ar\/v1\/wp-content\/uploads\/2019\/11\/logo-pie-web.png\",\"contentUrl\":\"https:\/\/radioinfinitagoya.com.ar\/v1\/wp-content\/uploads\/2019\/11\/logo-pie-web.png\",\"width\":635,\"height\":326,\"caption\":\"Radio Infinita Goya\"},\"image\":{\"@id\":\"https:\/\/radioinfinitagoya.com.ar\/v1\/#\/schema\/logo\/image\/\"},\"sameAs\":[\"https:\/\/www.facebook.com\/p\/Infinita-Goya-100063870918311\/\"]},{\"@type\":\"Person\",\"@id\":\"https:\/\/radioinfinitagoya.com.ar\/v1\/#\/schema\/person\/d4cf9c413d4f6edb24aabdccab49ca4a\",\"name\":\"Jorge Mi\u00f1o\",\"image\":{\"@type\":\"ImageObject\",\"inLanguage\":\"es-AR\",\"@id\":\"https:\/\/secure.gravatar.com\/avatar\/910fcf6728fe95320e07a6643c1581fec1c7fc4bf8ae12e3d8f0d0373dc844be?s=96&d=mm&r=g\",\"url\":\"https:\/\/secure.gravatar.com\/avatar\/910fcf6728fe95320e07a6643c1581fec1c7fc4bf8ae12e3d8f0d0373dc844be?s=96&d=mm&r=g\",\"contentUrl\":\"https:\/\/secure.gravatar.com\/avatar\/910fcf6728fe95320e07a6643c1581fec1c7fc4bf8ae12e3d8f0d0373dc844be?s=96&d=mm&r=g\",\"caption\":\"Jorge Mi\u00f1o\"},\"sameAs\":[\"http:\/\/radioinfinitagoya.com.ar\"]}]}<\/script>\n<!-- \/ Yoast SEO plugin. -->","yoast_head_json":{"title":"Controladores a\u00e9reos anuncian un paro que afectar\u00e1 vuelos nacionales e internacionales - Radio Infinita Goya","description":"Desde el gremio informaron que el agravamiento del plan de lucha responde al estancamiento de las negociaciones y a la falta de respuestas formales de la","robots":{"index":"index","follow":"follow","max-snippet":"max-snippet:-1","max-image-preview":"max-image-preview:large","max-video-preview":"max-video-preview:-1"},"canonical":"https:\/\/radioinfinitagoya.com.ar\/v1\/2025\/12\/15\/controladores-aereos-anuncian-un-paro-que-afectara-vuelos-nacionales-e-internacionales\/","og_locale":"es_ES","og_type":"article","og_title":"Controladores a\u00e9reos anuncian un paro que afectar\u00e1 vuelos nacionales e internacionales - Radio Infinita Goya","og_description":"Desde el gremio informaron que el agravamiento del plan de lucha responde al estancamiento de las negociaciones y a la falta de respuestas formales de la","og_url":"https:\/\/radioinfinitagoya.com.ar\/v1\/2025\/12\/15\/controladores-aereos-anuncian-un-paro-que-afectara-vuelos-nacionales-e-internacionales\/","og_site_name":"Radio Infinita Goya","article_publisher":"https:\/\/www.facebook.com\/p\/Infinita-Goya-100063870918311\/","article_published_time":"2025-12-15T19:00:32+00:00","og_image":[{"width":680,"height":383,"url":"https:\/\/radioinfinitagoya.com.ar\/v1\/wp-content\/uploads\/2025\/12\/G8JluvKW0AUQpv8.jpg","type":"image\/jpeg"}],"author":"Jorge Mi\u00f1o","twitter_card":"summary_large_image","twitter_misc":{"Escrito por":"Jorge Mi\u00f1o","Tiempo de lectura":"4 minutos"},"schema":{"@context":"https:\/\/schema.org","@graph":[{"@type":"Article","@id":"https:\/\/radioinfinitagoya.com.ar\/v1\/2025\/12\/15\/controladores-aereos-anuncian-un-paro-que-afectara-vuelos-nacionales-e-internacionales\/#article","isPartOf":{"@id":"https:\/\/radioinfinitagoya.com.ar\/v1\/2025\/12\/15\/controladores-aereos-anuncian-un-paro-que-afectara-vuelos-nacionales-e-internacionales\/"},"author":{"name":"Jorge Mi\u00f1o","@id":"https:\/\/radioinfinitagoya.com.ar\/v1\/#\/schema\/person\/d4cf9c413d4f6edb24aabdccab49ca4a"},"headline":"Controladores a\u00e9reos anuncian un paro que afectar\u00e1 vuelos nacionales e internacionales","datePublished":"2025-12-15T19:00:32+00:00","mainEntityOfPage":{"@id":"https:\/\/radioinfinitagoya.com.ar\/v1\/2025\/12\/15\/controladores-aereos-anuncian-un-paro-que-afectara-vuelos-nacionales-e-internacionales\/"},"wordCount":777,"commentCount":0,"publisher":{"@id":"https:\/\/radioinfinitagoya.com.ar\/v1\/#organization"},"image":{"@id":"https:\/\/radioinfinitagoya.com.ar\/v1\/2025\/12\/15\/controladores-aereos-anuncian-un-paro-que-afectara-vuelos-nacionales-e-internacionales\/#primaryimage"},"thumbnailUrl":"https:\/\/radioinfinitagoya.com.ar\/v1\/wp-content\/uploads\/2025\/12\/G8JluvKW0AUQpv8.jpg","articleSection":["NACIONALES"],"inLanguage":"es-AR","potentialAction":[{"@type":"CommentAction","name":"Comment","target":["https:\/\/radioinfinitagoya.com.ar\/v1\/2025\/12\/15\/controladores-aereos-anuncian-un-paro-que-afectara-vuelos-nacionales-e-internacionales\/#respond"]}]},{"@type":"WebPage","@id":"https:\/\/radioinfinitagoya.com.ar\/v1\/2025\/12\/15\/controladores-aereos-anuncian-un-paro-que-afectara-vuelos-nacionales-e-internacionales\/","url":"https:\/\/radioinfinitagoya.com.ar\/v1\/2025\/12\/15\/controladores-aereos-anuncian-un-paro-que-afectara-vuelos-nacionales-e-internacionales\/","name":"Controladores a\u00e9reos anuncian un paro que afectar\u00e1 vuelos nacionales e internacionales - Radio Infinita Goya","isPartOf":{"@id":"https:\/\/radioinfinitagoya.com.ar\/v1\/#website"},"primaryImageOfPage":{"@id":"https:\/\/radioinfinitagoya.com.ar\/v1\/2025\/12\/15\/controladores-aereos-anuncian-un-paro-que-afectara-vuelos-nacionales-e-internacionales\/#primaryimage"},"image":{"@id":"https:\/\/radioinfinitagoya.com.ar\/v1\/2025\/12\/15\/controladores-aereos-anuncian-un-paro-que-afectara-vuelos-nacionales-e-internacionales\/#primaryimage"},"thumbnailUrl":"https:\/\/radioinfinitagoya.com.ar\/v1\/wp-content\/uploads\/2025\/12\/G8JluvKW0AUQpv8.jpg","datePublished":"2025-12-15T19:00:32+00:00","description":"Desde el gremio informaron que el agravamiento del plan de lucha responde al estancamiento de las negociaciones y a la falta de respuestas formales de la","breadcrumb":{"@id":"https:\/\/radioinfinitagoya.com.ar\/v1\/2025\/12\/15\/controladores-aereos-anuncian-un-paro-que-afectara-vuelos-nacionales-e-internacionales\/#breadcrumb"},"inLanguage":"es-AR","potentialAction":[{"@type":"ReadAction","target":["https:\/\/radioinfinitagoya.com.ar\/v1\/2025\/12\/15\/controladores-aereos-anuncian-un-paro-que-afectara-vuelos-nacionales-e-internacionales\/"]}]},{"@type":"ImageObject","inLanguage":"es-AR","@id":"https:\/\/radioinfinitagoya.com.ar\/v1\/2025\/12\/15\/controladores-aereos-anuncian-un-paro-que-afectara-vuelos-nacionales-e-internacionales\/#primaryimage","url":"https:\/\/radioinfinitagoya.com.ar\/v1\/wp-content\/uploads\/2025\/12\/G8JluvKW0AUQpv8.jpg","contentUrl":"https:\/\/radioinfinitagoya.com.ar\/v1\/wp-content\/uploads\/2025\/12\/G8JluvKW0AUQpv8.jpg","width":680,"height":383},{"@type":"BreadcrumbList","@id":"https:\/\/radioinfinitagoya.com.ar\/v1\/2025\/12\/15\/controladores-aereos-anuncian-un-paro-que-afectara-vuelos-nacionales-e-internacionales\/#breadcrumb","itemListElement":[{"@type":"ListItem","position":1,"name":"Inicio","item":"https:\/\/radioinfinitagoya.com.ar\/v1\/"},{"@type":"ListItem","position":2,"name":"Controladores a\u00e9reos anuncian un paro que afectar\u00e1 vuelos nacionales e internacionales"}]},{"@type":"WebSite","@id":"https:\/\/radioinfinitagoya.com.ar\/v1\/#website","url":"https:\/\/radioinfinitagoya.com.ar\/v1\/","name":"radioinfinitagoya.com.ar","description":"Radio de noticias","publisher":{"@id":"https:\/\/radioinfinitagoya.com.ar\/v1\/#organization"},"potentialAction":[{"@type":"SearchAction","target":{"@type":"EntryPoint","urlTemplate":"https:\/\/radioinfinitagoya.com.ar\/v1\/?s={search_term_string}"},"query-input":{"@type":"PropertyValueSpecification","valueRequired":true,"valueName":"search_term_string"}}],"inLanguage":"es-AR"},{"@type":"Organization","@id":"https:\/\/radioinfinitagoya.com.ar\/v1\/#organization","name":"Radio Infinita Goya","url":"https:\/\/radioinfinitagoya.com.ar\/v1\/","logo":{"@type":"ImageObject","inLanguage":"es-AR","@id":"https:\/\/radioinfinitagoya.com.ar\/v1\/#\/schema\/logo\/image\/","url":"https:\/\/radioinfinitagoya.com.ar\/v1\/wp-content\/uploads\/2019\/11\/logo-pie-web.png","contentUrl":"https:\/\/radioinfinitagoya.com.ar\/v1\/wp-content\/uploads\/2019\/11\/logo-pie-web.png","width":635,"height":326,"caption":"Radio Infinita Goya"},"image":{"@id":"https:\/\/radioinfinitagoya.com.ar\/v1\/#\/schema\/logo\/image\/"},"sameAs":["https:\/\/www.facebook.com\/p\/Infinita-Goya-100063870918311\/"]},{"@type":"Person","@id":"https:\/\/radioinfinitagoya.com.ar\/v1\/#\/schema\/person\/d4cf9c413d4f6edb24aabdccab49ca4a","name":"Jorge Mi\u00f1o","image":{"@type":"ImageObject","inLanguage":"es-AR","@id":"https:\/\/secure.gravatar.com\/avatar\/910fcf6728fe95320e07a6643c1581fec1c7fc4bf8ae12e3d8f0d0373dc844be?s=96&d=mm&r=g","url":"https:\/\/secure.gravatar.com\/avatar\/910fcf6728fe95320e07a6643c1581fec1c7fc4bf8ae12e3d8f0d0373dc844be?s=96&d=mm&r=g","contentUrl":"https:\/\/secure.gravatar.com\/avatar\/910fcf6728fe95320e07a6643c1581fec1c7fc4bf8ae12e3d8f0d0373dc844be?s=96&d=mm&r=g","caption":"Jorge Mi\u00f1o"},"sameAs":["http:\/\/radioinfinitagoya.com.ar"]}]}},"_links":{"self":[{"href":"https:\/\/radioinfinitagoya.com.ar\/v1\/wp-json\/wp\/v2\/posts\/201263","targetHints":{"allow":["GET"]}}],"collection":[{"href":"https:\/\/radioinfinitagoya.com.ar\/v1\/wp-json\/wp\/v2\/posts"}],"about":[{"href":"https:\/\/radioinfinitagoya.com.ar\/v1\/wp-json\/wp\/v2\/types\/post"}],"author":[{"embeddable":true,"href":"https:\/\/radioinfinitagoya.com.ar\/v1\/wp-json\/wp\/v2\/users\/4"}],"replies":[{"embeddable":true,"href":"https:\/\/radioinfinitagoya.com.ar\/v1\/wp-json\/wp\/v2\/comments?post=201263"}],"version-history":[{"count":0,"href":"https:\/\/radioinfinitagoya.com.ar\/v1\/wp-json\/wp\/v2\/posts\/201263\/revisions"}],"wp:featuredmedia":[{"embeddable":true,"href":"https:\/\/radioinfinitagoya.com.ar\/v1\/wp-json\/wp\/v2\/media\/201265"}],"wp:attachment":[{"href":"https:\/\/radioinfinitagoya.com.ar\/v1\/wp-json\/wp\/v2\/media?parent=201263"}],"wp:term":[{"taxonomy":"category","embeddable":true,"href":"https:\/\/radioinfinitagoya.com.ar\/v1\/wp-json\/wp\/v2\/categories?post=201263"},{"taxonomy":"post_tag","embeddable":true,"href":"https:\/\/radioinfinitagoya.com.ar\/v1\/wp-json\/wp\/v2\/tags?post=201263"}],"curies":[{"name":"wp","href":"https:\/\/api.w.org\/{rel}","templated":true}]}}