{"id":201283,"date":"2025-12-15T16:17:50","date_gmt":"2025-12-15T19:17:50","guid":{"rendered":"https:\/\/radioinfinitagoya.com.ar\/v1\/?p=201283"},"modified":"2025-12-15T16:17:50","modified_gmt":"2025-12-15T19:17:50","slug":"la-estremecedora-lesion-que-sufrio-la-estrella-de-la-nfl-patrick-mahomes","status":"publish","type":"post","link":"https:\/\/radioinfinitagoya.com.ar\/v1\/2025\/12\/15\/la-estremecedora-lesion-que-sufrio-la-estrella-de-la-nfl-patrick-mahomes\/","title":{"rendered":"La estremecedora lesi\u00f3n que sufri\u00f3 la estrella de la NFL Patrick Mahomes"},"content":{"rendered":"<p>\u201cNo s\u00e9 por qu\u00e9 tuvo que pasar esto\u201d<\/p>\n<p>La figura de los Kansas City Chiefs se rompi\u00f3 los ligamentos en el final del juego frente a Los Angeles Chargers, que decret\u00f3 la eliminaci\u00f3n de su equipo de los playoffs<\/p>\n<p>A pocas semanas de la definici\u00f3n de la temporada regular, una noticia sacudi\u00f3 a la NFL. La estrella de los Kansas City Chiefs Patrick Mahomes sufri\u00f3 la rotura del ligamento cruzado anterior de la rodilla izquierda durante la derrota de su equipo frente a Los Angeles Chargers por 16-13.<\/p>\n<p>Este incidente, confirmado primero a trav\u00e9s de un comunicado oficial del equipo, marco un hito negativo para la historia reciente para la franquicia, ya que por la ca\u00edda como locales, uno de los equipos que se transform\u00f3 en gran animadore de las \u00faltimas temporadas, no logr\u00f3 clasificar a los playoffs.<\/p>\n<p>La lesi\u00f3n de Mahomes, tres veces campe\u00f3n del Super Bowl y considerado alma ofensiva de los Chiefs, ocurri\u00f3 a menos de dos minutos delfinal del partido. En ese momento, Kansas City intentaba revertir el marcador desfavorable (13-16) frente a Los Angeles Chargers. El mariscal de campo abandon\u00f3 la bolsa de protecci\u00f3n por falta de receptores disponibles, intent\u00f3 ganar terreno por la v\u00eda terrestre y, al ser derribado por un jugador rival, su pierna izquierda se trab\u00f3 contra el c\u00e9sped.<\/p>\n<p>En la transmisi\u00f3n oficial se pudo ver que el jugador fue asistido de inmediato y trasladado al vestuario, mientras la tribuna local guard\u00f3 silencio ante el impacto de la escena. Una vez que termin\u00f3 el duelo y tras la aistencia m\u00e9dica que recibi\u00f3, la organizaci\u00f3n emiti\u00f3 un mensaje en el que inform\u00f3 la gravedad de la lesi\u00f3n: \u201cUna resonancia magn\u00e9tica confirm\u00f3 que nuestro quarterback Patrick Mahomes sufri\u00f3 una rotura del ligamento cruzado anterior de la rodilla izquierda en el partido de hoy. Patrick y el club est\u00e1n explorando opciones quir\u00fargicas\u201d. El texto, difundido a trav\u00e9s de las redes sociales, se\u00f1al\u00f3 que la franquicia analizar\u00e1 los pr\u00f3ximos pasos m\u00e9dicos para su principal figura.<\/p>\n<p><img loading=\"lazy\" decoding=\"async\" class=\"alignnone size-full wp-image-201285\" src=\"https:\/\/radioinfinitagoya.com.ar\/v1\/wp-content\/uploads\/2025\/12\/NNEN4EFMTNAVZJIKZA3T7EBBVQ.avif\" alt=\"\" width=\"992\" height=\"661\" srcset=\"https:\/\/radioinfinitagoya.com.ar\/v1\/wp-content\/uploads\/2025\/12\/NNEN4EFMTNAVZJIKZA3T7EBBVQ.avif 992w, https:\/\/radioinfinitagoya.com.ar\/v1\/wp-content\/uploads\/2025\/12\/NNEN4EFMTNAVZJIKZA3T7EBBVQ-150x100.jpg 150w, https:\/\/radioinfinitagoya.com.ar\/v1\/wp-content\/uploads\/2025\/12\/NNEN4EFMTNAVZJIKZA3T7EBBVQ-768x512.jpg 768w, https:\/\/radioinfinitagoya.com.ar\/v1\/wp-content\/uploads\/2025\/12\/NNEN4EFMTNAVZJIKZA3T7EBBVQ-630x420.jpg 630w, https:\/\/radioinfinitagoya.com.ar\/v1\/wp-content\/uploads\/2025\/12\/NNEN4EFMTNAVZJIKZA3T7EBBVQ-696x464.jpg 696w\" sizes=\"auto, (max-width: 992px) 100vw, 992px\" \/>Poco despu\u00e9s de conocerse el parte oficial fue el propio Mahomes quien se dirigi\u00f3 a los fan\u00e1ticos y a sus compa\u00f1eros a trav\u00e9s de su cuenta oficial. \u201cNo s\u00e9 por qu\u00e9 tuvo que pasar esto. No voy a mentir, duele. Pero ahora solo podemos confiar en Dios y luchar d\u00eda tras d\u00eda. Gracias a los Chiefs por apoyarme siempre y a todos los que me han contactado y enviado oraciones. Volver\u00e9 m\u00e1s fuerte que nunca\u201d, dijo el quarterback, una de las voces m\u00e1s reconocidas de la NFL en la actualidad, en su cuenta de X (antes Twitter).<\/p>\n<p>El contexto deportivo amplific\u00f3 el efecto de la noticia, ya que la derrota de los Chiefs frentea a los Chargers dej\u00f3 al equipo sin posibilidades matem\u00e1ticamentes de clasificar a la postemporada por primera vez desde 2014. La franquicia hab\u00eda disputado cinco finales de Super Bowl en los \u00faltimos seis a\u00f1os, en las que se coronaron en tres oportunidades con Mahomes como l\u00edder indiscutible.<\/p>\n<p><img loading=\"lazy\" decoding=\"async\" class=\"alignnone size-full wp-image-201286\" src=\"https:\/\/radioinfinitagoya.com.ar\/v1\/wp-content\/uploads\/2025\/12\/2P5QVHERVNBXJKDTLXUPYXUNDU.avif\" alt=\"\" width=\"992\" height=\"661\" srcset=\"https:\/\/radioinfinitagoya.com.ar\/v1\/wp-content\/uploads\/2025\/12\/2P5QVHERVNBXJKDTLXUPYXUNDU.avif 992w, https:\/\/radioinfinitagoya.com.ar\/v1\/wp-content\/uploads\/2025\/12\/2P5QVHERVNBXJKDTLXUPYXUNDU-150x100.jpg 150w, https:\/\/radioinfinitagoya.com.ar\/v1\/wp-content\/uploads\/2025\/12\/2P5QVHERVNBXJKDTLXUPYXUNDU-768x512.jpg 768w, https:\/\/radioinfinitagoya.com.ar\/v1\/wp-content\/uploads\/2025\/12\/2P5QVHERVNBXJKDTLXUPYXUNDU-630x420.jpg 630w, https:\/\/radioinfinitagoya.com.ar\/v1\/wp-content\/uploads\/2025\/12\/2P5QVHERVNBXJKDTLXUPYXUNDU-696x464.jpg 696w\" sizes=\"auto, (max-width: 992px) 100vw, 992px\" \/><\/p>\n<p>El camino de Patrick Mahomes dentro de la NFL se forj\u00f3 tras ser reclutado en el draft de 2017 por los Chiefs, equipo con el que desarroll\u00f3 toda su carrera. Desde 2018, su presencia redefini\u00f3 la ofensiva de la franquicia y motiv\u00f3 m\u00faltiples comparaciones con leyendas de la liga de f\u00fatbol americano como Tom Brady, por la cantidad de finales alcanzadas y partidos decisivos disputados.<\/p>\n<p>Mientras tanto, la recuperaci\u00f3n y los posibles procedimientos quir\u00fargicos ser\u00e1n definidos a la brevedad por el equipo m\u00e9dico. El club est\u00e1 explorando distintas opciones para la operaci\u00f3n, al tiempo que sus seguidores esperan conocer tiempos estimados de recuperaci\u00f3n para la figura de la franquicia de Missouri.<\/p>\n<p>La jornada qued\u00f3 registrada como una doble ca\u00edda para el equipo dirigido por el hist\u00f3rico entrenador Andy Reid: fuera de los playoffs y con la baja de su m\u00e1xima estrella, el futuro inmediato del equipo se encuentra marcado por la expectativa ante la evoluci\u00f3n m\u00e9dica de su principal estrella. \u201cVolver\u00e9 m\u00e1s fuerte que nunca\u201d, reiter\u00f3 Mahomes, quien apunta al 2026 con la mirada puesta en volver al campo de juego. Adem\u00e1s de su recuperaci\u00f3n, habr\u00e1 que ver si Travis Kelce, otra pieza clave en las victorias de los Chiefs, seguir\u00e1 jugando o anunciar\u00e1 su retiro luego de lo que ser\u00e1 su casamiento con la estrella de la m\u00fasica Taylor Swift.<\/p>\n<p>&nbsp;<\/p>\n","protected":false},"excerpt":{"rendered":"<p>\u201cNo s\u00e9 por qu\u00e9 tuvo que pasar esto\u201d La figura de los Kansas City Chiefs se rompi\u00f3 los ligamentos en el final del juego frente a Los Angeles Chargers, que decret\u00f3 la eliminaci\u00f3n de su equipo de los playoffs A pocas semanas de la definici\u00f3n de la temporada regular, una noticia sacudi\u00f3 a la NFL. [&hellip;]<\/p>\n","protected":false},"author":4,"featured_media":201284,"comment_status":"open","ping_status":"open","sticky":false,"template":"","format":"standard","meta":{"_joinchat":[],"footnotes":""},"categories":[28],"tags":[],"class_list":{"0":"post-201283","1":"post","2":"type-post","3":"status-publish","4":"format-standard","5":"has-post-thumbnail","7":"category-deportes"},"yoast_head":"<!-- This site is optimized with the Yoast SEO plugin v27.2 - https:\/\/yoast.com\/product\/yoast-seo-wordpress\/ -->\n<title>La estremecedora lesi\u00f3n que sufri\u00f3 la estrella de la NFL Patrick Mahomes - Radio Infinita Goya<\/title>\n<meta name=\"description\" content=\"\u201cNo s\u00e9 por qu\u00e9 tuvo que pasar esto\u201d La figura de los Kansas City Chiefs se rompi\u00f3 los ligamentos en el final del juego frente a Los Angeles Chargers, que\" \/>\n<meta name=\"robots\" content=\"index, follow, max-snippet:-1, max-image-preview:large, max-video-preview:-1\" \/>\n<link rel=\"canonical\" href=\"https:\/\/radioinfinitagoya.com.ar\/v1\/2025\/12\/15\/la-estremecedora-lesion-que-sufrio-la-estrella-de-la-nfl-patrick-mahomes\/\" \/>\n<meta property=\"og:locale\" content=\"es_ES\" \/>\n<meta property=\"og:type\" content=\"article\" \/>\n<meta property=\"og:title\" content=\"La estremecedora lesi\u00f3n que sufri\u00f3 la estrella de la NFL Patrick Mahomes - Radio Infinita Goya\" \/>\n<meta property=\"og:description\" content=\"\u201cNo s\u00e9 por qu\u00e9 tuvo que pasar esto\u201d La figura de los Kansas City Chiefs se rompi\u00f3 los ligamentos en el final del juego frente a Los Angeles Chargers, que\" \/>\n<meta property=\"og:url\" content=\"https:\/\/radioinfinitagoya.com.ar\/v1\/2025\/12\/15\/la-estremecedora-lesion-que-sufrio-la-estrella-de-la-nfl-patrick-mahomes\/\" \/>\n<meta property=\"og:site_name\" content=\"Radio Infinita Goya\" \/>\n<meta property=\"article:publisher\" content=\"https:\/\/www.facebook.com\/p\/Infinita-Goya-100063870918311\/\" \/>\n<meta property=\"article:published_time\" content=\"2025-12-15T19:17:50+00:00\" \/>\n<meta property=\"og:image\" content=\"https:\/\/radioinfinitagoya.com.ar\/v1\/wp-content\/uploads\/2025\/12\/6zRQeYK3.jpg\" \/>\n\t<meta property=\"og:image:width\" content=\"680\" \/>\n\t<meta property=\"og:image:height\" content=\"340\" \/>\n\t<meta property=\"og:image:type\" content=\"image\/jpeg\" \/>\n<meta name=\"author\" content=\"Jorge Mi\u00f1o\" \/>\n<meta name=\"twitter:card\" content=\"summary_large_image\" \/>\n<meta name=\"twitter:label1\" content=\"Escrito por\" \/>\n\t<meta name=\"twitter:data1\" content=\"Jorge Mi\u00f1o\" \/>\n\t<meta name=\"twitter:label2\" content=\"Tiempo de lectura\" \/>\n\t<meta name=\"twitter:data2\" content=\"4 minutos\" \/>\n<script type=\"application\/ld+json\" class=\"yoast-schema-graph\">{\"@context\":\"https:\/\/schema.org\",\"@graph\":[{\"@type\":\"Article\",\"@id\":\"https:\/\/radioinfinitagoya.com.ar\/v1\/2025\/12\/15\/la-estremecedora-lesion-que-sufrio-la-estrella-de-la-nfl-patrick-mahomes\/#article\",\"isPartOf\":{\"@id\":\"https:\/\/radioinfinitagoya.com.ar\/v1\/2025\/12\/15\/la-estremecedora-lesion-que-sufrio-la-estrella-de-la-nfl-patrick-mahomes\/\"},\"author\":{\"name\":\"Jorge Mi\u00f1o\",\"@id\":\"https:\/\/radioinfinitagoya.com.ar\/v1\/#\/schema\/person\/d4cf9c413d4f6edb24aabdccab49ca4a\"},\"headline\":\"La estremecedora lesi\u00f3n que sufri\u00f3 la estrella de la NFL Patrick Mahomes\",\"datePublished\":\"2025-12-15T19:17:50+00:00\",\"mainEntityOfPage\":{\"@id\":\"https:\/\/radioinfinitagoya.com.ar\/v1\/2025\/12\/15\/la-estremecedora-lesion-que-sufrio-la-estrella-de-la-nfl-patrick-mahomes\/\"},\"wordCount\":769,\"commentCount\":0,\"publisher\":{\"@id\":\"https:\/\/radioinfinitagoya.com.ar\/v1\/#organization\"},\"image\":{\"@id\":\"https:\/\/radioinfinitagoya.com.ar\/v1\/2025\/12\/15\/la-estremecedora-lesion-que-sufrio-la-estrella-de-la-nfl-patrick-mahomes\/#primaryimage\"},\"thumbnailUrl\":\"https:\/\/radioinfinitagoya.com.ar\/v1\/wp-content\/uploads\/2025\/12\/6zRQeYK3.jpg\",\"articleSection\":[\"DEPORTES\"],\"inLanguage\":\"es-AR\",\"potentialAction\":[{\"@type\":\"CommentAction\",\"name\":\"Comment\",\"target\":[\"https:\/\/radioinfinitagoya.com.ar\/v1\/2025\/12\/15\/la-estremecedora-lesion-que-sufrio-la-estrella-de-la-nfl-patrick-mahomes\/#respond\"]}]},{\"@type\":\"WebPage\",\"@id\":\"https:\/\/radioinfinitagoya.com.ar\/v1\/2025\/12\/15\/la-estremecedora-lesion-que-sufrio-la-estrella-de-la-nfl-patrick-mahomes\/\",\"url\":\"https:\/\/radioinfinitagoya.com.ar\/v1\/2025\/12\/15\/la-estremecedora-lesion-que-sufrio-la-estrella-de-la-nfl-patrick-mahomes\/\",\"name\":\"La estremecedora lesi\u00f3n que sufri\u00f3 la estrella de la NFL Patrick Mahomes - Radio Infinita Goya\",\"isPartOf\":{\"@id\":\"https:\/\/radioinfinitagoya.com.ar\/v1\/#website\"},\"primaryImageOfPage\":{\"@id\":\"https:\/\/radioinfinitagoya.com.ar\/v1\/2025\/12\/15\/la-estremecedora-lesion-que-sufrio-la-estrella-de-la-nfl-patrick-mahomes\/#primaryimage\"},\"image\":{\"@id\":\"https:\/\/radioinfinitagoya.com.ar\/v1\/2025\/12\/15\/la-estremecedora-lesion-que-sufrio-la-estrella-de-la-nfl-patrick-mahomes\/#primaryimage\"},\"thumbnailUrl\":\"https:\/\/radioinfinitagoya.com.ar\/v1\/wp-content\/uploads\/2025\/12\/6zRQeYK3.jpg\",\"datePublished\":\"2025-12-15T19:17:50+00:00\",\"description\":\"\u201cNo s\u00e9 por qu\u00e9 tuvo que pasar esto\u201d La figura de los Kansas City Chiefs se rompi\u00f3 los ligamentos en el final del juego frente a Los Angeles Chargers, que\",\"breadcrumb\":{\"@id\":\"https:\/\/radioinfinitagoya.com.ar\/v1\/2025\/12\/15\/la-estremecedora-lesion-que-sufrio-la-estrella-de-la-nfl-patrick-mahomes\/#breadcrumb\"},\"inLanguage\":\"es-AR\",\"potentialAction\":[{\"@type\":\"ReadAction\",\"target\":[\"https:\/\/radioinfinitagoya.com.ar\/v1\/2025\/12\/15\/la-estremecedora-lesion-que-sufrio-la-estrella-de-la-nfl-patrick-mahomes\/\"]}]},{\"@type\":\"ImageObject\",\"inLanguage\":\"es-AR\",\"@id\":\"https:\/\/radioinfinitagoya.com.ar\/v1\/2025\/12\/15\/la-estremecedora-lesion-que-sufrio-la-estrella-de-la-nfl-patrick-mahomes\/#primaryimage\",\"url\":\"https:\/\/radioinfinitagoya.com.ar\/v1\/wp-content\/uploads\/2025\/12\/6zRQeYK3.jpg\",\"contentUrl\":\"https:\/\/radioinfinitagoya.com.ar\/v1\/wp-content\/uploads\/2025\/12\/6zRQeYK3.jpg\",\"width\":680,\"height\":340},{\"@type\":\"BreadcrumbList\",\"@id\":\"https:\/\/radioinfinitagoya.com.ar\/v1\/2025\/12\/15\/la-estremecedora-lesion-que-sufrio-la-estrella-de-la-nfl-patrick-mahomes\/#breadcrumb\",\"itemListElement\":[{\"@type\":\"ListItem\",\"position\":1,\"name\":\"Inicio\",\"item\":\"https:\/\/radioinfinitagoya.com.ar\/v1\/\"},{\"@type\":\"ListItem\",\"position\":2,\"name\":\"La estremecedora lesi\u00f3n que sufri\u00f3 la estrella de la NFL Patrick Mahomes\"}]},{\"@type\":\"WebSite\",\"@id\":\"https:\/\/radioinfinitagoya.com.ar\/v1\/#website\",\"url\":\"https:\/\/radioinfinitagoya.com.ar\/v1\/\",\"name\":\"radioinfinitagoya.com.ar\",\"description\":\"Radio de noticias\",\"publisher\":{\"@id\":\"https:\/\/radioinfinitagoya.com.ar\/v1\/#organization\"},\"potentialAction\":[{\"@type\":\"SearchAction\",\"target\":{\"@type\":\"EntryPoint\",\"urlTemplate\":\"https:\/\/radioinfinitagoya.com.ar\/v1\/?s={search_term_string}\"},\"query-input\":{\"@type\":\"PropertyValueSpecification\",\"valueRequired\":true,\"valueName\":\"search_term_string\"}}],\"inLanguage\":\"es-AR\"},{\"@type\":\"Organization\",\"@id\":\"https:\/\/radioinfinitagoya.com.ar\/v1\/#organization\",\"name\":\"Radio Infinita Goya\",\"url\":\"https:\/\/radioinfinitagoya.com.ar\/v1\/\",\"logo\":{\"@type\":\"ImageObject\",\"inLanguage\":\"es-AR\",\"@id\":\"https:\/\/radioinfinitagoya.com.ar\/v1\/#\/schema\/logo\/image\/\",\"url\":\"https:\/\/radioinfinitagoya.com.ar\/v1\/wp-content\/uploads\/2019\/11\/logo-pie-web.png\",\"contentUrl\":\"https:\/\/radioinfinitagoya.com.ar\/v1\/wp-content\/uploads\/2019\/11\/logo-pie-web.png\",\"width\":635,\"height\":326,\"caption\":\"Radio Infinita Goya\"},\"image\":{\"@id\":\"https:\/\/radioinfinitagoya.com.ar\/v1\/#\/schema\/logo\/image\/\"},\"sameAs\":[\"https:\/\/www.facebook.com\/p\/Infinita-Goya-100063870918311\/\"]},{\"@type\":\"Person\",\"@id\":\"https:\/\/radioinfinitagoya.com.ar\/v1\/#\/schema\/person\/d4cf9c413d4f6edb24aabdccab49ca4a\",\"name\":\"Jorge Mi\u00f1o\",\"image\":{\"@type\":\"ImageObject\",\"inLanguage\":\"es-AR\",\"@id\":\"https:\/\/secure.gravatar.com\/avatar\/910fcf6728fe95320e07a6643c1581fec1c7fc4bf8ae12e3d8f0d0373dc844be?s=96&d=mm&r=g\",\"url\":\"https:\/\/secure.gravatar.com\/avatar\/910fcf6728fe95320e07a6643c1581fec1c7fc4bf8ae12e3d8f0d0373dc844be?s=96&d=mm&r=g\",\"contentUrl\":\"https:\/\/secure.gravatar.com\/avatar\/910fcf6728fe95320e07a6643c1581fec1c7fc4bf8ae12e3d8f0d0373dc844be?s=96&d=mm&r=g\",\"caption\":\"Jorge Mi\u00f1o\"},\"sameAs\":[\"http:\/\/radioinfinitagoya.com.ar\"]}]}<\/script>\n<!-- \/ Yoast SEO plugin. -->","yoast_head_json":{"title":"La estremecedora lesi\u00f3n que sufri\u00f3 la estrella de la NFL Patrick Mahomes - Radio Infinita Goya","description":"\u201cNo s\u00e9 por qu\u00e9 tuvo que pasar esto\u201d La figura de los Kansas City Chiefs se rompi\u00f3 los ligamentos en el final del juego frente a Los Angeles Chargers, que","robots":{"index":"index","follow":"follow","max-snippet":"max-snippet:-1","max-image-preview":"max-image-preview:large","max-video-preview":"max-video-preview:-1"},"canonical":"https:\/\/radioinfinitagoya.com.ar\/v1\/2025\/12\/15\/la-estremecedora-lesion-que-sufrio-la-estrella-de-la-nfl-patrick-mahomes\/","og_locale":"es_ES","og_type":"article","og_title":"La estremecedora lesi\u00f3n que sufri\u00f3 la estrella de la NFL Patrick Mahomes - Radio Infinita Goya","og_description":"\u201cNo s\u00e9 por qu\u00e9 tuvo que pasar esto\u201d La figura de los Kansas City Chiefs se rompi\u00f3 los ligamentos en el final del juego frente a Los Angeles Chargers, que","og_url":"https:\/\/radioinfinitagoya.com.ar\/v1\/2025\/12\/15\/la-estremecedora-lesion-que-sufrio-la-estrella-de-la-nfl-patrick-mahomes\/","og_site_name":"Radio Infinita Goya","article_publisher":"https:\/\/www.facebook.com\/p\/Infinita-Goya-100063870918311\/","article_published_time":"2025-12-15T19:17:50+00:00","og_image":[{"width":680,"height":340,"url":"https:\/\/radioinfinitagoya.com.ar\/v1\/wp-content\/uploads\/2025\/12\/6zRQeYK3.jpg","type":"image\/jpeg"}],"author":"Jorge Mi\u00f1o","twitter_card":"summary_large_image","twitter_misc":{"Escrito por":"Jorge Mi\u00f1o","Tiempo de lectura":"4 minutos"},"schema":{"@context":"https:\/\/schema.org","@graph":[{"@type":"Article","@id":"https:\/\/radioinfinitagoya.com.ar\/v1\/2025\/12\/15\/la-estremecedora-lesion-que-sufrio-la-estrella-de-la-nfl-patrick-mahomes\/#article","isPartOf":{"@id":"https:\/\/radioinfinitagoya.com.ar\/v1\/2025\/12\/15\/la-estremecedora-lesion-que-sufrio-la-estrella-de-la-nfl-patrick-mahomes\/"},"author":{"name":"Jorge Mi\u00f1o","@id":"https:\/\/radioinfinitagoya.com.ar\/v1\/#\/schema\/person\/d4cf9c413d4f6edb24aabdccab49ca4a"},"headline":"La estremecedora lesi\u00f3n que sufri\u00f3 la estrella de la NFL Patrick Mahomes","datePublished":"2025-12-15T19:17:50+00:00","mainEntityOfPage":{"@id":"https:\/\/radioinfinitagoya.com.ar\/v1\/2025\/12\/15\/la-estremecedora-lesion-que-sufrio-la-estrella-de-la-nfl-patrick-mahomes\/"},"wordCount":769,"commentCount":0,"publisher":{"@id":"https:\/\/radioinfinitagoya.com.ar\/v1\/#organization"},"image":{"@id":"https:\/\/radioinfinitagoya.com.ar\/v1\/2025\/12\/15\/la-estremecedora-lesion-que-sufrio-la-estrella-de-la-nfl-patrick-mahomes\/#primaryimage"},"thumbnailUrl":"https:\/\/radioinfinitagoya.com.ar\/v1\/wp-content\/uploads\/2025\/12\/6zRQeYK3.jpg","articleSection":["DEPORTES"],"inLanguage":"es-AR","potentialAction":[{"@type":"CommentAction","name":"Comment","target":["https:\/\/radioinfinitagoya.com.ar\/v1\/2025\/12\/15\/la-estremecedora-lesion-que-sufrio-la-estrella-de-la-nfl-patrick-mahomes\/#respond"]}]},{"@type":"WebPage","@id":"https:\/\/radioinfinitagoya.com.ar\/v1\/2025\/12\/15\/la-estremecedora-lesion-que-sufrio-la-estrella-de-la-nfl-patrick-mahomes\/","url":"https:\/\/radioinfinitagoya.com.ar\/v1\/2025\/12\/15\/la-estremecedora-lesion-que-sufrio-la-estrella-de-la-nfl-patrick-mahomes\/","name":"La estremecedora lesi\u00f3n que sufri\u00f3 la estrella de la NFL Patrick Mahomes - Radio Infinita Goya","isPartOf":{"@id":"https:\/\/radioinfinitagoya.com.ar\/v1\/#website"},"primaryImageOfPage":{"@id":"https:\/\/radioinfinitagoya.com.ar\/v1\/2025\/12\/15\/la-estremecedora-lesion-que-sufrio-la-estrella-de-la-nfl-patrick-mahomes\/#primaryimage"},"image":{"@id":"https:\/\/radioinfinitagoya.com.ar\/v1\/2025\/12\/15\/la-estremecedora-lesion-que-sufrio-la-estrella-de-la-nfl-patrick-mahomes\/#primaryimage"},"thumbnailUrl":"https:\/\/radioinfinitagoya.com.ar\/v1\/wp-content\/uploads\/2025\/12\/6zRQeYK3.jpg","datePublished":"2025-12-15T19:17:50+00:00","description":"\u201cNo s\u00e9 por qu\u00e9 tuvo que pasar esto\u201d La figura de los Kansas City Chiefs se rompi\u00f3 los ligamentos en el final del juego frente a Los Angeles Chargers, que","breadcrumb":{"@id":"https:\/\/radioinfinitagoya.com.ar\/v1\/2025\/12\/15\/la-estremecedora-lesion-que-sufrio-la-estrella-de-la-nfl-patrick-mahomes\/#breadcrumb"},"inLanguage":"es-AR","potentialAction":[{"@type":"ReadAction","target":["https:\/\/radioinfinitagoya.com.ar\/v1\/2025\/12\/15\/la-estremecedora-lesion-que-sufrio-la-estrella-de-la-nfl-patrick-mahomes\/"]}]},{"@type":"ImageObject","inLanguage":"es-AR","@id":"https:\/\/radioinfinitagoya.com.ar\/v1\/2025\/12\/15\/la-estremecedora-lesion-que-sufrio-la-estrella-de-la-nfl-patrick-mahomes\/#primaryimage","url":"https:\/\/radioinfinitagoya.com.ar\/v1\/wp-content\/uploads\/2025\/12\/6zRQeYK3.jpg","contentUrl":"https:\/\/radioinfinitagoya.com.ar\/v1\/wp-content\/uploads\/2025\/12\/6zRQeYK3.jpg","width":680,"height":340},{"@type":"BreadcrumbList","@id":"https:\/\/radioinfinitagoya.com.ar\/v1\/2025\/12\/15\/la-estremecedora-lesion-que-sufrio-la-estrella-de-la-nfl-patrick-mahomes\/#breadcrumb","itemListElement":[{"@type":"ListItem","position":1,"name":"Inicio","item":"https:\/\/radioinfinitagoya.com.ar\/v1\/"},{"@type":"ListItem","position":2,"name":"La estremecedora lesi\u00f3n que sufri\u00f3 la estrella de la NFL Patrick Mahomes"}]},{"@type":"WebSite","@id":"https:\/\/radioinfinitagoya.com.ar\/v1\/#website","url":"https:\/\/radioinfinitagoya.com.ar\/v1\/","name":"radioinfinitagoya.com.ar","description":"Radio de noticias","publisher":{"@id":"https:\/\/radioinfinitagoya.com.ar\/v1\/#organization"},"potentialAction":[{"@type":"SearchAction","target":{"@type":"EntryPoint","urlTemplate":"https:\/\/radioinfinitagoya.com.ar\/v1\/?s={search_term_string}"},"query-input":{"@type":"PropertyValueSpecification","valueRequired":true,"valueName":"search_term_string"}}],"inLanguage":"es-AR"},{"@type":"Organization","@id":"https:\/\/radioinfinitagoya.com.ar\/v1\/#organization","name":"Radio Infinita Goya","url":"https:\/\/radioinfinitagoya.com.ar\/v1\/","logo":{"@type":"ImageObject","inLanguage":"es-AR","@id":"https:\/\/radioinfinitagoya.com.ar\/v1\/#\/schema\/logo\/image\/","url":"https:\/\/radioinfinitagoya.com.ar\/v1\/wp-content\/uploads\/2019\/11\/logo-pie-web.png","contentUrl":"https:\/\/radioinfinitagoya.com.ar\/v1\/wp-content\/uploads\/2019\/11\/logo-pie-web.png","width":635,"height":326,"caption":"Radio Infinita Goya"},"image":{"@id":"https:\/\/radioinfinitagoya.com.ar\/v1\/#\/schema\/logo\/image\/"},"sameAs":["https:\/\/www.facebook.com\/p\/Infinita-Goya-100063870918311\/"]},{"@type":"Person","@id":"https:\/\/radioinfinitagoya.com.ar\/v1\/#\/schema\/person\/d4cf9c413d4f6edb24aabdccab49ca4a","name":"Jorge Mi\u00f1o","image":{"@type":"ImageObject","inLanguage":"es-AR","@id":"https:\/\/secure.gravatar.com\/avatar\/910fcf6728fe95320e07a6643c1581fec1c7fc4bf8ae12e3d8f0d0373dc844be?s=96&d=mm&r=g","url":"https:\/\/secure.gravatar.com\/avatar\/910fcf6728fe95320e07a6643c1581fec1c7fc4bf8ae12e3d8f0d0373dc844be?s=96&d=mm&r=g","contentUrl":"https:\/\/secure.gravatar.com\/avatar\/910fcf6728fe95320e07a6643c1581fec1c7fc4bf8ae12e3d8f0d0373dc844be?s=96&d=mm&r=g","caption":"Jorge Mi\u00f1o"},"sameAs":["http:\/\/radioinfinitagoya.com.ar"]}]}},"_links":{"self":[{"href":"https:\/\/radioinfinitagoya.com.ar\/v1\/wp-json\/wp\/v2\/posts\/201283","targetHints":{"allow":["GET"]}}],"collection":[{"href":"https:\/\/radioinfinitagoya.com.ar\/v1\/wp-json\/wp\/v2\/posts"}],"about":[{"href":"https:\/\/radioinfinitagoya.com.ar\/v1\/wp-json\/wp\/v2\/types\/post"}],"author":[{"embeddable":true,"href":"https:\/\/radioinfinitagoya.com.ar\/v1\/wp-json\/wp\/v2\/users\/4"}],"replies":[{"embeddable":true,"href":"https:\/\/radioinfinitagoya.com.ar\/v1\/wp-json\/wp\/v2\/comments?post=201283"}],"version-history":[{"count":0,"href":"https:\/\/radioinfinitagoya.com.ar\/v1\/wp-json\/wp\/v2\/posts\/201283\/revisions"}],"wp:featuredmedia":[{"embeddable":true,"href":"https:\/\/radioinfinitagoya.com.ar\/v1\/wp-json\/wp\/v2\/media\/201284"}],"wp:attachment":[{"href":"https:\/\/radioinfinitagoya.com.ar\/v1\/wp-json\/wp\/v2\/media?parent=201283"}],"wp:term":[{"taxonomy":"category","embeddable":true,"href":"https:\/\/radioinfinitagoya.com.ar\/v1\/wp-json\/wp\/v2\/categories?post=201283"},{"taxonomy":"post_tag","embeddable":true,"href":"https:\/\/radioinfinitagoya.com.ar\/v1\/wp-json\/wp\/v2\/tags?post=201283"}],"curies":[{"name":"wp","href":"https:\/\/api.w.org\/{rel}","templated":true}]}}