{"id":201288,"date":"2025-12-15T16:21:29","date_gmt":"2025-12-15T19:21:29","guid":{"rendered":"https:\/\/radioinfinitagoya.com.ar\/v1\/?p=201288"},"modified":"2025-12-15T16:21:29","modified_gmt":"2025-12-15T19:21:29","slug":"la-medida-que-tomo-djokovic-para-ganarle-al-tiempo-e-intentar-ganar-su-25o-grand-slam","status":"publish","type":"post","link":"https:\/\/radioinfinitagoya.com.ar\/v1\/2025\/12\/15\/la-medida-que-tomo-djokovic-para-ganarle-al-tiempo-e-intentar-ganar-su-25o-grand-slam\/","title":{"rendered":"La medida que tom\u00f3 Djokovic para \u201cganarle al tiempo\u201d e intentar ganar su 25\u00ba Grand Slam"},"content":{"rendered":"<p>El serbio, N\u00ba 4 del Ranking ATP, incorpor\u00f3 un profesional clave a su staff de cara a la temporada 2026<\/p>\n<p>A los 38 a\u00f1os, Novak Djokovic, actual n\u00famero cuatro del ranking ATP, ha dado un paso clave en su preparaci\u00f3n para la temporada 2026, con el fin de \u201cganarle al tiempo\u201d, como ilustr\u00f3 el diario Marca. Al incorporar al doctor Mark Kovacs como responsable de su preparaci\u00f3n f\u00edsica. Esta decisi\u00f3n, confirmada por Marca, responde a la ambici\u00f3n del tenista serbio de conquistar su vigesimoquinto t\u00edtulo de Grand Slam y prolongar su carrera profesional en un contexto de intensa competencia con figuras emergentes como Carlos Alcaraz y Jannik Sinner. El primer gran objetivo de Djokovic y su nuevo equipo ser\u00e1 el Open de Australia, que se celebrar\u00e1 en Melbourne del 18 de enero al 1 de febrero.<\/p>\n<p>La llegada de Kovacs al equipo de Djokovic marca un nuevo cap\u00edtulo en la estrategia del serbio para mantenerse en la \u00e9lite del tenis mundial a los 38 a\u00f1os. El profesional supervisar\u00e1 todos los aspectos relacionados con el acondicionamiento f\u00edsico, la prevenci\u00f3n de lesiones, la biomec\u00e1nica, la recuperaci\u00f3n y la optimizaci\u00f3n del rendimiento en pista. Nole ha iniciado su pretemporada en Qatar y Atenas, tras renunciar a las ATP Finals y a la Copa Davis para centrarse en este nuevo ciclo de trabajo.<\/p>\n<p>Mark Kovacs, extenista profesional y doctor en ciencias del deporte, cuenta con una s\u00f3lida trayectoria en el alto rendimiento. Es director ejecutivo y cofundador de la International Tennis Performance Association (ITPA), una organizaci\u00f3n dedicada a la educaci\u00f3n y certificaci\u00f3n en aptitud f\u00edsica para el tenis. A lo largo de su carrera, Kovacs ha trabajado con destacados deportistas como John Isner, Madison Keys, Coco Gauff y Sloane Stephens, adem\u00e1s de haber ocupado cargos ejecutivos en empresas como Pepsico, Gatorade y los Cleveland Cavaliers de la NBA. Su experiencia y conocimientos en fisiolog\u00eda del ejercicio y biomec\u00e1nica lo convierten en una figura clave para los objetivos de Djokovic.<\/p>\n<p>El contexto competitivo actual a\u00f1ade presi\u00f3n y motivaci\u00f3n a la apuesta de Djokovic. Alcaraz y Sinner se han repartido los \u00faltimos ocho t\u00edtulos de Grand Slam, consolid\u00e1ndose como los principales rivales del serbio en la lucha por los grandes trofeos. En este escenario, Djokovic busca no solo superar el r\u00e9cord de 24 Grand Slams que comparte con Margaret Court, sino tambi\u00e9n desafiar el paso del tiempo y mantenerse vigente frente a la nueva generaci\u00f3n de tenistas.<\/p>\n<p>La incorporaci\u00f3n de Kovacs se suma a una serie de estrategias que Djokovic ha implementado a lo largo de su carrera para prolongar su rendimiento al m\u00e1ximo nivel. Desde 2010, el serbio ha priorizado el cuidado f\u00edsico y la nutrici\u00f3n, adoptando una dieta estricta sin gluten, l\u00e1cteos ni az\u00facar refinado tras ser diagnosticado con intolerancia al gluten y la lactosa por el nutricionista Igor Cetojevic. Estas medidas han sido fundamentales para evitar problemas de salud que afectaban su rendimiento, especialmente durante la gira europea de tierra batida. Adem\u00e1s, el serbio ha manifestado en varias ocasiones su deseo de llegar en activo a los Juegos Ol\u00edmpicos de Los \u00c1ngeles 2028, un objetivo que sigue guiando sus decisiones profesionales.<\/p>\n<p>En cuanto a la log\u00edstica de la pretemporada, Djokovic inici\u00f3 su preparaci\u00f3n en Qatar, donde mantiene v\u00ednculos comerciales, y posteriormente se traslad\u00f3 a Atenas. El plan contempla viajar directamente a Melbourne en enero, sin disputar torneos previos, para afrontar el Open de Australia. Con su participaci\u00f3n en el torneo australiano, Djokovic alcanzar\u00e1 81 presencias en Grand Slams, igualando el r\u00e9cord de la Era Open que ostentan Feliciano L\u00f3pez y Roger Federer.<\/p>\n<p>A lo largo de su carrera, Djokovic ha demostrado una dedicaci\u00f3n constante al cuidado de su cuerpo y a la b\u00fasqueda de la excelencia f\u00edsica, factores que han sido determinantes para su longevidad deportiva. Su determinaci\u00f3n por mantenerse competitivo y alcanzar nuevos hitos sigue marcando el rumbo de su trayectoria, con la mirada puesta en los grandes escenarios del tenis mundial.<\/p>\n","protected":false},"excerpt":{"rendered":"<p>El serbio, N\u00ba 4 del Ranking ATP, incorpor\u00f3 un profesional clave a su staff de cara a la temporada 2026 A los 38 a\u00f1os, Novak Djokovic, actual n\u00famero cuatro del ranking ATP, ha dado un paso clave en su preparaci\u00f3n para la temporada 2026, con el fin de \u201cganarle al tiempo\u201d, como ilustr\u00f3 el diario [&hellip;]<\/p>\n","protected":false},"author":4,"featured_media":201289,"comment_status":"open","ping_status":"open","sticky":false,"template":"","format":"standard","meta":{"_joinchat":[],"footnotes":""},"categories":[28],"tags":[],"class_list":{"0":"post-201288","1":"post","2":"type-post","3":"status-publish","4":"format-standard","5":"has-post-thumbnail","7":"category-deportes"},"yoast_head":"<!-- This site is optimized with the Yoast SEO plugin v27.2 - https:\/\/yoast.com\/product\/yoast-seo-wordpress\/ -->\n<title>La medida que tom\u00f3 Djokovic para \u201cganarle al tiempo\u201d e intentar ganar su 25\u00ba Grand Slam - Radio Infinita Goya<\/title>\n<meta name=\"description\" content=\"El serbio, N\u00ba 4 del Ranking ATP, incorpor\u00f3 un profesional clave a su staff de cara a la temporada 2026 A los 38 a\u00f1os, Novak Djokovic, actual n\u00famero cuatro\" \/>\n<meta name=\"robots\" content=\"index, follow, max-snippet:-1, max-image-preview:large, max-video-preview:-1\" \/>\n<link rel=\"canonical\" href=\"https:\/\/radioinfinitagoya.com.ar\/v1\/2025\/12\/15\/la-medida-que-tomo-djokovic-para-ganarle-al-tiempo-e-intentar-ganar-su-25o-grand-slam\/\" \/>\n<meta property=\"og:locale\" content=\"es_ES\" \/>\n<meta property=\"og:type\" content=\"article\" \/>\n<meta property=\"og:title\" content=\"La medida que tom\u00f3 Djokovic para \u201cganarle al tiempo\u201d e intentar ganar su 25\u00ba Grand Slam - Radio Infinita Goya\" \/>\n<meta property=\"og:description\" content=\"El serbio, N\u00ba 4 del Ranking ATP, incorpor\u00f3 un profesional clave a su staff de cara a la temporada 2026 A los 38 a\u00f1os, Novak Djokovic, actual n\u00famero cuatro\" \/>\n<meta property=\"og:url\" content=\"https:\/\/radioinfinitagoya.com.ar\/v1\/2025\/12\/15\/la-medida-que-tomo-djokovic-para-ganarle-al-tiempo-e-intentar-ganar-su-25o-grand-slam\/\" \/>\n<meta property=\"og:site_name\" content=\"Radio Infinita Goya\" \/>\n<meta property=\"article:publisher\" content=\"https:\/\/www.facebook.com\/p\/Infinita-Goya-100063870918311\/\" \/>\n<meta property=\"article:published_time\" content=\"2025-12-15T19:21:29+00:00\" \/>\n<meta name=\"author\" content=\"Jorge Mi\u00f1o\" \/>\n<meta name=\"twitter:card\" content=\"summary_large_image\" \/>\n<meta name=\"twitter:label1\" content=\"Escrito por\" \/>\n\t<meta name=\"twitter:data1\" content=\"Jorge Mi\u00f1o\" \/>\n\t<meta name=\"twitter:label2\" content=\"Tiempo de lectura\" \/>\n\t<meta name=\"twitter:data2\" content=\"3 minutos\" \/>\n<script type=\"application\/ld+json\" class=\"yoast-schema-graph\">{\"@context\":\"https:\/\/schema.org\",\"@graph\":[{\"@type\":\"Article\",\"@id\":\"https:\/\/radioinfinitagoya.com.ar\/v1\/2025\/12\/15\/la-medida-que-tomo-djokovic-para-ganarle-al-tiempo-e-intentar-ganar-su-25o-grand-slam\/#article\",\"isPartOf\":{\"@id\":\"https:\/\/radioinfinitagoya.com.ar\/v1\/2025\/12\/15\/la-medida-que-tomo-djokovic-para-ganarle-al-tiempo-e-intentar-ganar-su-25o-grand-slam\/\"},\"author\":{\"name\":\"Jorge Mi\u00f1o\",\"@id\":\"https:\/\/radioinfinitagoya.com.ar\/v1\/#\/schema\/person\/d4cf9c413d4f6edb24aabdccab49ca4a\"},\"headline\":\"La medida que tom\u00f3 Djokovic para \u201cganarle al tiempo\u201d e intentar ganar su 25\u00ba Grand Slam\",\"datePublished\":\"2025-12-15T19:21:29+00:00\",\"mainEntityOfPage\":{\"@id\":\"https:\/\/radioinfinitagoya.com.ar\/v1\/2025\/12\/15\/la-medida-que-tomo-djokovic-para-ganarle-al-tiempo-e-intentar-ganar-su-25o-grand-slam\/\"},\"wordCount\":703,\"commentCount\":0,\"publisher\":{\"@id\":\"https:\/\/radioinfinitagoya.com.ar\/v1\/#organization\"},\"image\":{\"@id\":\"https:\/\/radioinfinitagoya.com.ar\/v1\/2025\/12\/15\/la-medida-que-tomo-djokovic-para-ganarle-al-tiempo-e-intentar-ganar-su-25o-grand-slam\/#primaryimage\"},\"thumbnailUrl\":\"https:\/\/radioinfinitagoya.com.ar\/v1\/wp-content\/uploads\/2025\/12\/XRGJP244KRCYVCYGAHCFP7JJDY.avif\",\"articleSection\":[\"DEPORTES\"],\"inLanguage\":\"es-AR\",\"potentialAction\":[{\"@type\":\"CommentAction\",\"name\":\"Comment\",\"target\":[\"https:\/\/radioinfinitagoya.com.ar\/v1\/2025\/12\/15\/la-medida-que-tomo-djokovic-para-ganarle-al-tiempo-e-intentar-ganar-su-25o-grand-slam\/#respond\"]}]},{\"@type\":\"WebPage\",\"@id\":\"https:\/\/radioinfinitagoya.com.ar\/v1\/2025\/12\/15\/la-medida-que-tomo-djokovic-para-ganarle-al-tiempo-e-intentar-ganar-su-25o-grand-slam\/\",\"url\":\"https:\/\/radioinfinitagoya.com.ar\/v1\/2025\/12\/15\/la-medida-que-tomo-djokovic-para-ganarle-al-tiempo-e-intentar-ganar-su-25o-grand-slam\/\",\"name\":\"La medida que tom\u00f3 Djokovic para \u201cganarle al tiempo\u201d e intentar ganar su 25\u00ba Grand Slam - Radio Infinita Goya\",\"isPartOf\":{\"@id\":\"https:\/\/radioinfinitagoya.com.ar\/v1\/#website\"},\"primaryImageOfPage\":{\"@id\":\"https:\/\/radioinfinitagoya.com.ar\/v1\/2025\/12\/15\/la-medida-que-tomo-djokovic-para-ganarle-al-tiempo-e-intentar-ganar-su-25o-grand-slam\/#primaryimage\"},\"image\":{\"@id\":\"https:\/\/radioinfinitagoya.com.ar\/v1\/2025\/12\/15\/la-medida-que-tomo-djokovic-para-ganarle-al-tiempo-e-intentar-ganar-su-25o-grand-slam\/#primaryimage\"},\"thumbnailUrl\":\"https:\/\/radioinfinitagoya.com.ar\/v1\/wp-content\/uploads\/2025\/12\/XRGJP244KRCYVCYGAHCFP7JJDY.avif\",\"datePublished\":\"2025-12-15T19:21:29+00:00\",\"description\":\"El serbio, N\u00ba 4 del Ranking ATP, incorpor\u00f3 un profesional clave a su staff de cara a la temporada 2026 A los 38 a\u00f1os, Novak Djokovic, actual n\u00famero cuatro\",\"breadcrumb\":{\"@id\":\"https:\/\/radioinfinitagoya.com.ar\/v1\/2025\/12\/15\/la-medida-que-tomo-djokovic-para-ganarle-al-tiempo-e-intentar-ganar-su-25o-grand-slam\/#breadcrumb\"},\"inLanguage\":\"es-AR\",\"potentialAction\":[{\"@type\":\"ReadAction\",\"target\":[\"https:\/\/radioinfinitagoya.com.ar\/v1\/2025\/12\/15\/la-medida-que-tomo-djokovic-para-ganarle-al-tiempo-e-intentar-ganar-su-25o-grand-slam\/\"]}]},{\"@type\":\"ImageObject\",\"inLanguage\":\"es-AR\",\"@id\":\"https:\/\/radioinfinitagoya.com.ar\/v1\/2025\/12\/15\/la-medida-que-tomo-djokovic-para-ganarle-al-tiempo-e-intentar-ganar-su-25o-grand-slam\/#primaryimage\",\"url\":\"https:\/\/radioinfinitagoya.com.ar\/v1\/wp-content\/uploads\/2025\/12\/XRGJP244KRCYVCYGAHCFP7JJDY.avif\",\"contentUrl\":\"https:\/\/radioinfinitagoya.com.ar\/v1\/wp-content\/uploads\/2025\/12\/XRGJP244KRCYVCYGAHCFP7JJDY.avif\",\"width\":992,\"height\":715},{\"@type\":\"BreadcrumbList\",\"@id\":\"https:\/\/radioinfinitagoya.com.ar\/v1\/2025\/12\/15\/la-medida-que-tomo-djokovic-para-ganarle-al-tiempo-e-intentar-ganar-su-25o-grand-slam\/#breadcrumb\",\"itemListElement\":[{\"@type\":\"ListItem\",\"position\":1,\"name\":\"Inicio\",\"item\":\"https:\/\/radioinfinitagoya.com.ar\/v1\/\"},{\"@type\":\"ListItem\",\"position\":2,\"name\":\"La medida que tom\u00f3 Djokovic para \u201cganarle al tiempo\u201d e intentar ganar su 25\u00ba Grand Slam\"}]},{\"@type\":\"WebSite\",\"@id\":\"https:\/\/radioinfinitagoya.com.ar\/v1\/#website\",\"url\":\"https:\/\/radioinfinitagoya.com.ar\/v1\/\",\"name\":\"radioinfinitagoya.com.ar\",\"description\":\"Radio de noticias\",\"publisher\":{\"@id\":\"https:\/\/radioinfinitagoya.com.ar\/v1\/#organization\"},\"potentialAction\":[{\"@type\":\"SearchAction\",\"target\":{\"@type\":\"EntryPoint\",\"urlTemplate\":\"https:\/\/radioinfinitagoya.com.ar\/v1\/?s={search_term_string}\"},\"query-input\":{\"@type\":\"PropertyValueSpecification\",\"valueRequired\":true,\"valueName\":\"search_term_string\"}}],\"inLanguage\":\"es-AR\"},{\"@type\":\"Organization\",\"@id\":\"https:\/\/radioinfinitagoya.com.ar\/v1\/#organization\",\"name\":\"Radio Infinita Goya\",\"url\":\"https:\/\/radioinfinitagoya.com.ar\/v1\/\",\"logo\":{\"@type\":\"ImageObject\",\"inLanguage\":\"es-AR\",\"@id\":\"https:\/\/radioinfinitagoya.com.ar\/v1\/#\/schema\/logo\/image\/\",\"url\":\"https:\/\/radioinfinitagoya.com.ar\/v1\/wp-content\/uploads\/2019\/11\/logo-pie-web.png\",\"contentUrl\":\"https:\/\/radioinfinitagoya.com.ar\/v1\/wp-content\/uploads\/2019\/11\/logo-pie-web.png\",\"width\":635,\"height\":326,\"caption\":\"Radio Infinita Goya\"},\"image\":{\"@id\":\"https:\/\/radioinfinitagoya.com.ar\/v1\/#\/schema\/logo\/image\/\"},\"sameAs\":[\"https:\/\/www.facebook.com\/p\/Infinita-Goya-100063870918311\/\"]},{\"@type\":\"Person\",\"@id\":\"https:\/\/radioinfinitagoya.com.ar\/v1\/#\/schema\/person\/d4cf9c413d4f6edb24aabdccab49ca4a\",\"name\":\"Jorge Mi\u00f1o\",\"image\":{\"@type\":\"ImageObject\",\"inLanguage\":\"es-AR\",\"@id\":\"https:\/\/secure.gravatar.com\/avatar\/910fcf6728fe95320e07a6643c1581fec1c7fc4bf8ae12e3d8f0d0373dc844be?s=96&d=mm&r=g\",\"url\":\"https:\/\/secure.gravatar.com\/avatar\/910fcf6728fe95320e07a6643c1581fec1c7fc4bf8ae12e3d8f0d0373dc844be?s=96&d=mm&r=g\",\"contentUrl\":\"https:\/\/secure.gravatar.com\/avatar\/910fcf6728fe95320e07a6643c1581fec1c7fc4bf8ae12e3d8f0d0373dc844be?s=96&d=mm&r=g\",\"caption\":\"Jorge Mi\u00f1o\"},\"sameAs\":[\"http:\/\/radioinfinitagoya.com.ar\"]}]}<\/script>\n<!-- \/ Yoast SEO plugin. -->","yoast_head_json":{"title":"La medida que tom\u00f3 Djokovic para \u201cganarle al tiempo\u201d e intentar ganar su 25\u00ba Grand Slam - Radio Infinita Goya","description":"El serbio, N\u00ba 4 del Ranking ATP, incorpor\u00f3 un profesional clave a su staff de cara a la temporada 2026 A los 38 a\u00f1os, Novak Djokovic, actual n\u00famero cuatro","robots":{"index":"index","follow":"follow","max-snippet":"max-snippet:-1","max-image-preview":"max-image-preview:large","max-video-preview":"max-video-preview:-1"},"canonical":"https:\/\/radioinfinitagoya.com.ar\/v1\/2025\/12\/15\/la-medida-que-tomo-djokovic-para-ganarle-al-tiempo-e-intentar-ganar-su-25o-grand-slam\/","og_locale":"es_ES","og_type":"article","og_title":"La medida que tom\u00f3 Djokovic para \u201cganarle al tiempo\u201d e intentar ganar su 25\u00ba Grand Slam - Radio Infinita Goya","og_description":"El serbio, N\u00ba 4 del Ranking ATP, incorpor\u00f3 un profesional clave a su staff de cara a la temporada 2026 A los 38 a\u00f1os, Novak Djokovic, actual n\u00famero cuatro","og_url":"https:\/\/radioinfinitagoya.com.ar\/v1\/2025\/12\/15\/la-medida-que-tomo-djokovic-para-ganarle-al-tiempo-e-intentar-ganar-su-25o-grand-slam\/","og_site_name":"Radio Infinita Goya","article_publisher":"https:\/\/www.facebook.com\/p\/Infinita-Goya-100063870918311\/","article_published_time":"2025-12-15T19:21:29+00:00","author":"Jorge Mi\u00f1o","twitter_card":"summary_large_image","twitter_misc":{"Escrito por":"Jorge Mi\u00f1o","Tiempo de lectura":"3 minutos"},"schema":{"@context":"https:\/\/schema.org","@graph":[{"@type":"Article","@id":"https:\/\/radioinfinitagoya.com.ar\/v1\/2025\/12\/15\/la-medida-que-tomo-djokovic-para-ganarle-al-tiempo-e-intentar-ganar-su-25o-grand-slam\/#article","isPartOf":{"@id":"https:\/\/radioinfinitagoya.com.ar\/v1\/2025\/12\/15\/la-medida-que-tomo-djokovic-para-ganarle-al-tiempo-e-intentar-ganar-su-25o-grand-slam\/"},"author":{"name":"Jorge Mi\u00f1o","@id":"https:\/\/radioinfinitagoya.com.ar\/v1\/#\/schema\/person\/d4cf9c413d4f6edb24aabdccab49ca4a"},"headline":"La medida que tom\u00f3 Djokovic para \u201cganarle al tiempo\u201d e intentar ganar su 25\u00ba Grand Slam","datePublished":"2025-12-15T19:21:29+00:00","mainEntityOfPage":{"@id":"https:\/\/radioinfinitagoya.com.ar\/v1\/2025\/12\/15\/la-medida-que-tomo-djokovic-para-ganarle-al-tiempo-e-intentar-ganar-su-25o-grand-slam\/"},"wordCount":703,"commentCount":0,"publisher":{"@id":"https:\/\/radioinfinitagoya.com.ar\/v1\/#organization"},"image":{"@id":"https:\/\/radioinfinitagoya.com.ar\/v1\/2025\/12\/15\/la-medida-que-tomo-djokovic-para-ganarle-al-tiempo-e-intentar-ganar-su-25o-grand-slam\/#primaryimage"},"thumbnailUrl":"https:\/\/radioinfinitagoya.com.ar\/v1\/wp-content\/uploads\/2025\/12\/XRGJP244KRCYVCYGAHCFP7JJDY.avif","articleSection":["DEPORTES"],"inLanguage":"es-AR","potentialAction":[{"@type":"CommentAction","name":"Comment","target":["https:\/\/radioinfinitagoya.com.ar\/v1\/2025\/12\/15\/la-medida-que-tomo-djokovic-para-ganarle-al-tiempo-e-intentar-ganar-su-25o-grand-slam\/#respond"]}]},{"@type":"WebPage","@id":"https:\/\/radioinfinitagoya.com.ar\/v1\/2025\/12\/15\/la-medida-que-tomo-djokovic-para-ganarle-al-tiempo-e-intentar-ganar-su-25o-grand-slam\/","url":"https:\/\/radioinfinitagoya.com.ar\/v1\/2025\/12\/15\/la-medida-que-tomo-djokovic-para-ganarle-al-tiempo-e-intentar-ganar-su-25o-grand-slam\/","name":"La medida que tom\u00f3 Djokovic para \u201cganarle al tiempo\u201d e intentar ganar su 25\u00ba Grand Slam - Radio Infinita Goya","isPartOf":{"@id":"https:\/\/radioinfinitagoya.com.ar\/v1\/#website"},"primaryImageOfPage":{"@id":"https:\/\/radioinfinitagoya.com.ar\/v1\/2025\/12\/15\/la-medida-que-tomo-djokovic-para-ganarle-al-tiempo-e-intentar-ganar-su-25o-grand-slam\/#primaryimage"},"image":{"@id":"https:\/\/radioinfinitagoya.com.ar\/v1\/2025\/12\/15\/la-medida-que-tomo-djokovic-para-ganarle-al-tiempo-e-intentar-ganar-su-25o-grand-slam\/#primaryimage"},"thumbnailUrl":"https:\/\/radioinfinitagoya.com.ar\/v1\/wp-content\/uploads\/2025\/12\/XRGJP244KRCYVCYGAHCFP7JJDY.avif","datePublished":"2025-12-15T19:21:29+00:00","description":"El serbio, N\u00ba 4 del Ranking ATP, incorpor\u00f3 un profesional clave a su staff de cara a la temporada 2026 A los 38 a\u00f1os, Novak Djokovic, actual n\u00famero cuatro","breadcrumb":{"@id":"https:\/\/radioinfinitagoya.com.ar\/v1\/2025\/12\/15\/la-medida-que-tomo-djokovic-para-ganarle-al-tiempo-e-intentar-ganar-su-25o-grand-slam\/#breadcrumb"},"inLanguage":"es-AR","potentialAction":[{"@type":"ReadAction","target":["https:\/\/radioinfinitagoya.com.ar\/v1\/2025\/12\/15\/la-medida-que-tomo-djokovic-para-ganarle-al-tiempo-e-intentar-ganar-su-25o-grand-slam\/"]}]},{"@type":"ImageObject","inLanguage":"es-AR","@id":"https:\/\/radioinfinitagoya.com.ar\/v1\/2025\/12\/15\/la-medida-que-tomo-djokovic-para-ganarle-al-tiempo-e-intentar-ganar-su-25o-grand-slam\/#primaryimage","url":"https:\/\/radioinfinitagoya.com.ar\/v1\/wp-content\/uploads\/2025\/12\/XRGJP244KRCYVCYGAHCFP7JJDY.avif","contentUrl":"https:\/\/radioinfinitagoya.com.ar\/v1\/wp-content\/uploads\/2025\/12\/XRGJP244KRCYVCYGAHCFP7JJDY.avif","width":992,"height":715},{"@type":"BreadcrumbList","@id":"https:\/\/radioinfinitagoya.com.ar\/v1\/2025\/12\/15\/la-medida-que-tomo-djokovic-para-ganarle-al-tiempo-e-intentar-ganar-su-25o-grand-slam\/#breadcrumb","itemListElement":[{"@type":"ListItem","position":1,"name":"Inicio","item":"https:\/\/radioinfinitagoya.com.ar\/v1\/"},{"@type":"ListItem","position":2,"name":"La medida que tom\u00f3 Djokovic para \u201cganarle al tiempo\u201d e intentar ganar su 25\u00ba Grand Slam"}]},{"@type":"WebSite","@id":"https:\/\/radioinfinitagoya.com.ar\/v1\/#website","url":"https:\/\/radioinfinitagoya.com.ar\/v1\/","name":"radioinfinitagoya.com.ar","description":"Radio de noticias","publisher":{"@id":"https:\/\/radioinfinitagoya.com.ar\/v1\/#organization"},"potentialAction":[{"@type":"SearchAction","target":{"@type":"EntryPoint","urlTemplate":"https:\/\/radioinfinitagoya.com.ar\/v1\/?s={search_term_string}"},"query-input":{"@type":"PropertyValueSpecification","valueRequired":true,"valueName":"search_term_string"}}],"inLanguage":"es-AR"},{"@type":"Organization","@id":"https:\/\/radioinfinitagoya.com.ar\/v1\/#organization","name":"Radio Infinita Goya","url":"https:\/\/radioinfinitagoya.com.ar\/v1\/","logo":{"@type":"ImageObject","inLanguage":"es-AR","@id":"https:\/\/radioinfinitagoya.com.ar\/v1\/#\/schema\/logo\/image\/","url":"https:\/\/radioinfinitagoya.com.ar\/v1\/wp-content\/uploads\/2019\/11\/logo-pie-web.png","contentUrl":"https:\/\/radioinfinitagoya.com.ar\/v1\/wp-content\/uploads\/2019\/11\/logo-pie-web.png","width":635,"height":326,"caption":"Radio Infinita Goya"},"image":{"@id":"https:\/\/radioinfinitagoya.com.ar\/v1\/#\/schema\/logo\/image\/"},"sameAs":["https:\/\/www.facebook.com\/p\/Infinita-Goya-100063870918311\/"]},{"@type":"Person","@id":"https:\/\/radioinfinitagoya.com.ar\/v1\/#\/schema\/person\/d4cf9c413d4f6edb24aabdccab49ca4a","name":"Jorge Mi\u00f1o","image":{"@type":"ImageObject","inLanguage":"es-AR","@id":"https:\/\/secure.gravatar.com\/avatar\/910fcf6728fe95320e07a6643c1581fec1c7fc4bf8ae12e3d8f0d0373dc844be?s=96&d=mm&r=g","url":"https:\/\/secure.gravatar.com\/avatar\/910fcf6728fe95320e07a6643c1581fec1c7fc4bf8ae12e3d8f0d0373dc844be?s=96&d=mm&r=g","contentUrl":"https:\/\/secure.gravatar.com\/avatar\/910fcf6728fe95320e07a6643c1581fec1c7fc4bf8ae12e3d8f0d0373dc844be?s=96&d=mm&r=g","caption":"Jorge Mi\u00f1o"},"sameAs":["http:\/\/radioinfinitagoya.com.ar"]}]}},"_links":{"self":[{"href":"https:\/\/radioinfinitagoya.com.ar\/v1\/wp-json\/wp\/v2\/posts\/201288","targetHints":{"allow":["GET"]}}],"collection":[{"href":"https:\/\/radioinfinitagoya.com.ar\/v1\/wp-json\/wp\/v2\/posts"}],"about":[{"href":"https:\/\/radioinfinitagoya.com.ar\/v1\/wp-json\/wp\/v2\/types\/post"}],"author":[{"embeddable":true,"href":"https:\/\/radioinfinitagoya.com.ar\/v1\/wp-json\/wp\/v2\/users\/4"}],"replies":[{"embeddable":true,"href":"https:\/\/radioinfinitagoya.com.ar\/v1\/wp-json\/wp\/v2\/comments?post=201288"}],"version-history":[{"count":0,"href":"https:\/\/radioinfinitagoya.com.ar\/v1\/wp-json\/wp\/v2\/posts\/201288\/revisions"}],"wp:featuredmedia":[{"embeddable":true,"href":"https:\/\/radioinfinitagoya.com.ar\/v1\/wp-json\/wp\/v2\/media\/201289"}],"wp:attachment":[{"href":"https:\/\/radioinfinitagoya.com.ar\/v1\/wp-json\/wp\/v2\/media?parent=201288"}],"wp:term":[{"taxonomy":"category","embeddable":true,"href":"https:\/\/radioinfinitagoya.com.ar\/v1\/wp-json\/wp\/v2\/categories?post=201288"},{"taxonomy":"post_tag","embeddable":true,"href":"https:\/\/radioinfinitagoya.com.ar\/v1\/wp-json\/wp\/v2\/tags?post=201288"}],"curies":[{"name":"wp","href":"https:\/\/api.w.org\/{rel}","templated":true}]}}