{"id":201291,"date":"2025-12-15T16:24:15","date_gmt":"2025-12-15T19:24:15","guid":{"rendered":"https:\/\/radioinfinitagoya.com.ar\/v1\/?p=201291"},"modified":"2025-12-15T16:24:15","modified_gmt":"2025-12-15T19:24:15","slug":"circuito-correntino-de-running-gala-de-premiacion","status":"publish","type":"post","link":"https:\/\/radioinfinitagoya.com.ar\/v1\/2025\/12\/15\/circuito-correntino-de-running-gala-de-premiacion\/","title":{"rendered":"Circuito Correntino de Running: Gala de Premiaci\u00f3n"},"content":{"rendered":"<p>Los Runner Goyanos Sergio P\u00e9rez y Karina Daveta consagrados como los mejores en la distancia de 21k<\/p>\n<p>Con m\u00e1s de 20 podios repartidos entre Club Atenas Goya, Punto de Entrenamiento, VyR y Modo Runner Team.<\/p>\n<p>Gran cierre de temporada en Monte Caseros. Entrega de premios del Circuito Correntino de Running 2025.<\/p>\n<p>La Gala de premiaci\u00f3n se llev\u00f3 adelante el pasado s\u00e1bado en la ciudad fronteriza de la costa del R\u00edo Uruguay.<\/p>\n<p>Karina D&#8217;Aveta y Sergio P\u00e9rez los m\u00e1ximos galardonados ambos en distancia Media Marat\u00f3n, 21k<\/p>\n<p>Goya como principal protagonista, a trav\u00e9s de sus atletas que representan los equipos m\u00e1s importantes de nuestra ciudad.<\/p>\n<p>Un protagonismo de los atletas goyanos que se han distribuido 20 podios en las diferentes categor\u00edas y distancias entre los equipos de Club Atenas; Punto de Entrenamiento; VyR y Modo Runner Team.<\/p>\n<p>El evento se llev\u00f3 a cabo en el Sal\u00f3n del Bicentenario de la ciudad de Monte Caseros con un fuerte apoyo del municipio a trav\u00e9s de la Direcci\u00f3n de deportes, con la presencia y acompa\u00f1amiento de Fernando Taborda titular del \u00e1rea<\/p>\n<p>De la Gala de Premiaci\u00f3n del Circuito Correntino de Running participaron Silvina Astarloa y Luis Tabares en representaci\u00f3n de Desaf\u00edo Ceibo (Monte Caseros); Lila Silvestri por La Neike (Goya); Rub\u00e9n Velozo, Corrientes 7 Puntas (Corrientes); Fernando L\u00f3pez Torres por la Oto\u00f1o Trail en Goya (Goya) y Juan Ojeda, Rural Trail Esquina (Esquina).<\/p>\n<p>Concluida la entrega de los premios, los anfitriones ofrecieron a los corredores, organizadores de cada desaf\u00edo y acompa\u00f1antes, un \u00e1gape para brindar y celebrar un a\u00f1o m\u00e1s de vida del circuito correntino de Running.<\/p>\n<p>Los organizadores de cada prueba del circuito agradecieron las atenciones, adelantando que se empieza la elaboraci\u00f3n del calendario 2026, con el prop\u00f3sito de dar continuidad por 6\u00ba A\u00f1o Consecutivo a este Campeonato Provincial, con una convocatoria mayor de adeptos a la disciplina del Atletismo, a trav\u00e9s del Running.<\/p>\n<p>Los integrantes de la Asociaci\u00f3n que nuclea a los organizadores de las carreras del circuito auguran unas felices fiestas, proyectando la actividad para seguir desarrollando la disciplina en toda la provincia.<\/p>\n<p>&nbsp;<\/p>\n","protected":false},"excerpt":{"rendered":"<p>Los Runner Goyanos Sergio P\u00e9rez y Karina Daveta consagrados como los mejores en la distancia de 21k Con m\u00e1s de 20 podios repartidos entre Club Atenas Goya, Punto de Entrenamiento, VyR y Modo Runner Team. Gran cierre de temporada en Monte Caseros. Entrega de premios del Circuito Correntino de Running 2025. La Gala de premiaci\u00f3n [&hellip;]<\/p>\n","protected":false},"author":4,"featured_media":201292,"comment_status":"open","ping_status":"open","sticky":false,"template":"","format":"standard","meta":{"_joinchat":[],"footnotes":""},"categories":[27],"tags":[],"class_list":{"0":"post-201291","1":"post","2":"type-post","3":"status-publish","4":"format-standard","5":"has-post-thumbnail","7":"category-locales"},"yoast_head":"<!-- This site is optimized with the Yoast SEO plugin v27.2 - https:\/\/yoast.com\/product\/yoast-seo-wordpress\/ -->\n<title>Circuito Correntino de Running: Gala de Premiaci\u00f3n - Radio Infinita Goya<\/title>\n<meta name=\"description\" content=\"Los Runner Goyanos Sergio P\u00e9rez y Karina Daveta consagrados como los mejores en la distancia de 21k Con m\u00e1s de 20 podios repartidos entre Club Atenas\" \/>\n<meta name=\"robots\" content=\"index, follow, max-snippet:-1, max-image-preview:large, max-video-preview:-1\" \/>\n<link rel=\"canonical\" href=\"https:\/\/radioinfinitagoya.com.ar\/v1\/2025\/12\/15\/circuito-correntino-de-running-gala-de-premiacion\/\" \/>\n<meta property=\"og:locale\" content=\"es_ES\" \/>\n<meta property=\"og:type\" content=\"article\" \/>\n<meta property=\"og:title\" content=\"Circuito Correntino de Running: Gala de Premiaci\u00f3n - Radio Infinita Goya\" \/>\n<meta property=\"og:description\" content=\"Los Runner Goyanos Sergio P\u00e9rez y Karina Daveta consagrados como los mejores en la distancia de 21k Con m\u00e1s de 20 podios repartidos entre Club Atenas\" \/>\n<meta property=\"og:url\" content=\"https:\/\/radioinfinitagoya.com.ar\/v1\/2025\/12\/15\/circuito-correntino-de-running-gala-de-premiacion\/\" \/>\n<meta property=\"og:site_name\" content=\"Radio Infinita Goya\" \/>\n<meta property=\"article:publisher\" content=\"https:\/\/www.facebook.com\/p\/Infinita-Goya-100063870918311\/\" \/>\n<meta property=\"article:published_time\" content=\"2025-12-15T19:24:15+00:00\" \/>\n<meta property=\"og:image\" content=\"https:\/\/radioinfinitagoya.com.ar\/v1\/wp-content\/uploads\/2025\/12\/gala_circuito_correntino_runnin.jpg\" \/>\n\t<meta property=\"og:image:width\" content=\"848\" \/>\n\t<meta property=\"og:image:height\" content=\"477\" \/>\n\t<meta property=\"og:image:type\" content=\"image\/jpeg\" \/>\n<meta name=\"author\" content=\"Jorge Mi\u00f1o\" \/>\n<meta name=\"twitter:card\" content=\"summary_large_image\" \/>\n<meta name=\"twitter:label1\" content=\"Escrito por\" \/>\n\t<meta name=\"twitter:data1\" content=\"Jorge Mi\u00f1o\" \/>\n\t<meta name=\"twitter:label2\" content=\"Tiempo de lectura\" \/>\n\t<meta name=\"twitter:data2\" content=\"2 minutos\" \/>\n<script type=\"application\/ld+json\" class=\"yoast-schema-graph\">{\"@context\":\"https:\/\/schema.org\",\"@graph\":[{\"@type\":\"Article\",\"@id\":\"https:\/\/radioinfinitagoya.com.ar\/v1\/2025\/12\/15\/circuito-correntino-de-running-gala-de-premiacion\/#article\",\"isPartOf\":{\"@id\":\"https:\/\/radioinfinitagoya.com.ar\/v1\/2025\/12\/15\/circuito-correntino-de-running-gala-de-premiacion\/\"},\"author\":{\"name\":\"Jorge Mi\u00f1o\",\"@id\":\"https:\/\/radioinfinitagoya.com.ar\/v1\/#\/schema\/person\/d4cf9c413d4f6edb24aabdccab49ca4a\"},\"headline\":\"Circuito Correntino de Running: Gala de Premiaci\u00f3n\",\"datePublished\":\"2025-12-15T19:24:15+00:00\",\"mainEntityOfPage\":{\"@id\":\"https:\/\/radioinfinitagoya.com.ar\/v1\/2025\/12\/15\/circuito-correntino-de-running-gala-de-premiacion\/\"},\"wordCount\":375,\"commentCount\":0,\"publisher\":{\"@id\":\"https:\/\/radioinfinitagoya.com.ar\/v1\/#organization\"},\"image\":{\"@id\":\"https:\/\/radioinfinitagoya.com.ar\/v1\/2025\/12\/15\/circuito-correntino-de-running-gala-de-premiacion\/#primaryimage\"},\"thumbnailUrl\":\"https:\/\/radioinfinitagoya.com.ar\/v1\/wp-content\/uploads\/2025\/12\/gala_circuito_correntino_runnin.jpg\",\"articleSection\":[\"LOCALES\"],\"inLanguage\":\"es-AR\",\"potentialAction\":[{\"@type\":\"CommentAction\",\"name\":\"Comment\",\"target\":[\"https:\/\/radioinfinitagoya.com.ar\/v1\/2025\/12\/15\/circuito-correntino-de-running-gala-de-premiacion\/#respond\"]}]},{\"@type\":\"WebPage\",\"@id\":\"https:\/\/radioinfinitagoya.com.ar\/v1\/2025\/12\/15\/circuito-correntino-de-running-gala-de-premiacion\/\",\"url\":\"https:\/\/radioinfinitagoya.com.ar\/v1\/2025\/12\/15\/circuito-correntino-de-running-gala-de-premiacion\/\",\"name\":\"Circuito Correntino de Running: Gala de Premiaci\u00f3n - Radio Infinita Goya\",\"isPartOf\":{\"@id\":\"https:\/\/radioinfinitagoya.com.ar\/v1\/#website\"},\"primaryImageOfPage\":{\"@id\":\"https:\/\/radioinfinitagoya.com.ar\/v1\/2025\/12\/15\/circuito-correntino-de-running-gala-de-premiacion\/#primaryimage\"},\"image\":{\"@id\":\"https:\/\/radioinfinitagoya.com.ar\/v1\/2025\/12\/15\/circuito-correntino-de-running-gala-de-premiacion\/#primaryimage\"},\"thumbnailUrl\":\"https:\/\/radioinfinitagoya.com.ar\/v1\/wp-content\/uploads\/2025\/12\/gala_circuito_correntino_runnin.jpg\",\"datePublished\":\"2025-12-15T19:24:15+00:00\",\"description\":\"Los Runner Goyanos Sergio P\u00e9rez y Karina Daveta consagrados como los mejores en la distancia de 21k Con m\u00e1s de 20 podios repartidos entre Club Atenas\",\"breadcrumb\":{\"@id\":\"https:\/\/radioinfinitagoya.com.ar\/v1\/2025\/12\/15\/circuito-correntino-de-running-gala-de-premiacion\/#breadcrumb\"},\"inLanguage\":\"es-AR\",\"potentialAction\":[{\"@type\":\"ReadAction\",\"target\":[\"https:\/\/radioinfinitagoya.com.ar\/v1\/2025\/12\/15\/circuito-correntino-de-running-gala-de-premiacion\/\"]}]},{\"@type\":\"ImageObject\",\"inLanguage\":\"es-AR\",\"@id\":\"https:\/\/radioinfinitagoya.com.ar\/v1\/2025\/12\/15\/circuito-correntino-de-running-gala-de-premiacion\/#primaryimage\",\"url\":\"https:\/\/radioinfinitagoya.com.ar\/v1\/wp-content\/uploads\/2025\/12\/gala_circuito_correntino_runnin.jpg\",\"contentUrl\":\"https:\/\/radioinfinitagoya.com.ar\/v1\/wp-content\/uploads\/2025\/12\/gala_circuito_correntino_runnin.jpg\",\"width\":848,\"height\":477},{\"@type\":\"BreadcrumbList\",\"@id\":\"https:\/\/radioinfinitagoya.com.ar\/v1\/2025\/12\/15\/circuito-correntino-de-running-gala-de-premiacion\/#breadcrumb\",\"itemListElement\":[{\"@type\":\"ListItem\",\"position\":1,\"name\":\"Inicio\",\"item\":\"https:\/\/radioinfinitagoya.com.ar\/v1\/\"},{\"@type\":\"ListItem\",\"position\":2,\"name\":\"Circuito Correntino de Running: Gala de Premiaci\u00f3n\"}]},{\"@type\":\"WebSite\",\"@id\":\"https:\/\/radioinfinitagoya.com.ar\/v1\/#website\",\"url\":\"https:\/\/radioinfinitagoya.com.ar\/v1\/\",\"name\":\"radioinfinitagoya.com.ar\",\"description\":\"Radio de noticias\",\"publisher\":{\"@id\":\"https:\/\/radioinfinitagoya.com.ar\/v1\/#organization\"},\"potentialAction\":[{\"@type\":\"SearchAction\",\"target\":{\"@type\":\"EntryPoint\",\"urlTemplate\":\"https:\/\/radioinfinitagoya.com.ar\/v1\/?s={search_term_string}\"},\"query-input\":{\"@type\":\"PropertyValueSpecification\",\"valueRequired\":true,\"valueName\":\"search_term_string\"}}],\"inLanguage\":\"es-AR\"},{\"@type\":\"Organization\",\"@id\":\"https:\/\/radioinfinitagoya.com.ar\/v1\/#organization\",\"name\":\"Radio Infinita Goya\",\"url\":\"https:\/\/radioinfinitagoya.com.ar\/v1\/\",\"logo\":{\"@type\":\"ImageObject\",\"inLanguage\":\"es-AR\",\"@id\":\"https:\/\/radioinfinitagoya.com.ar\/v1\/#\/schema\/logo\/image\/\",\"url\":\"https:\/\/radioinfinitagoya.com.ar\/v1\/wp-content\/uploads\/2019\/11\/logo-pie-web.png\",\"contentUrl\":\"https:\/\/radioinfinitagoya.com.ar\/v1\/wp-content\/uploads\/2019\/11\/logo-pie-web.png\",\"width\":635,\"height\":326,\"caption\":\"Radio Infinita Goya\"},\"image\":{\"@id\":\"https:\/\/radioinfinitagoya.com.ar\/v1\/#\/schema\/logo\/image\/\"},\"sameAs\":[\"https:\/\/www.facebook.com\/p\/Infinita-Goya-100063870918311\/\"]},{\"@type\":\"Person\",\"@id\":\"https:\/\/radioinfinitagoya.com.ar\/v1\/#\/schema\/person\/d4cf9c413d4f6edb24aabdccab49ca4a\",\"name\":\"Jorge Mi\u00f1o\",\"image\":{\"@type\":\"ImageObject\",\"inLanguage\":\"es-AR\",\"@id\":\"https:\/\/secure.gravatar.com\/avatar\/910fcf6728fe95320e07a6643c1581fec1c7fc4bf8ae12e3d8f0d0373dc844be?s=96&d=mm&r=g\",\"url\":\"https:\/\/secure.gravatar.com\/avatar\/910fcf6728fe95320e07a6643c1581fec1c7fc4bf8ae12e3d8f0d0373dc844be?s=96&d=mm&r=g\",\"contentUrl\":\"https:\/\/secure.gravatar.com\/avatar\/910fcf6728fe95320e07a6643c1581fec1c7fc4bf8ae12e3d8f0d0373dc844be?s=96&d=mm&r=g\",\"caption\":\"Jorge Mi\u00f1o\"},\"sameAs\":[\"http:\/\/radioinfinitagoya.com.ar\"]}]}<\/script>\n<!-- \/ Yoast SEO plugin. -->","yoast_head_json":{"title":"Circuito Correntino de Running: Gala de Premiaci\u00f3n - Radio Infinita Goya","description":"Los Runner Goyanos Sergio P\u00e9rez y Karina Daveta consagrados como los mejores en la distancia de 21k Con m\u00e1s de 20 podios repartidos entre Club Atenas","robots":{"index":"index","follow":"follow","max-snippet":"max-snippet:-1","max-image-preview":"max-image-preview:large","max-video-preview":"max-video-preview:-1"},"canonical":"https:\/\/radioinfinitagoya.com.ar\/v1\/2025\/12\/15\/circuito-correntino-de-running-gala-de-premiacion\/","og_locale":"es_ES","og_type":"article","og_title":"Circuito Correntino de Running: Gala de Premiaci\u00f3n - Radio Infinita Goya","og_description":"Los Runner Goyanos Sergio P\u00e9rez y Karina Daveta consagrados como los mejores en la distancia de 21k Con m\u00e1s de 20 podios repartidos entre Club Atenas","og_url":"https:\/\/radioinfinitagoya.com.ar\/v1\/2025\/12\/15\/circuito-correntino-de-running-gala-de-premiacion\/","og_site_name":"Radio Infinita Goya","article_publisher":"https:\/\/www.facebook.com\/p\/Infinita-Goya-100063870918311\/","article_published_time":"2025-12-15T19:24:15+00:00","og_image":[{"width":848,"height":477,"url":"https:\/\/radioinfinitagoya.com.ar\/v1\/wp-content\/uploads\/2025\/12\/gala_circuito_correntino_runnin.jpg","type":"image\/jpeg"}],"author":"Jorge Mi\u00f1o","twitter_card":"summary_large_image","twitter_misc":{"Escrito por":"Jorge Mi\u00f1o","Tiempo de lectura":"2 minutos"},"schema":{"@context":"https:\/\/schema.org","@graph":[{"@type":"Article","@id":"https:\/\/radioinfinitagoya.com.ar\/v1\/2025\/12\/15\/circuito-correntino-de-running-gala-de-premiacion\/#article","isPartOf":{"@id":"https:\/\/radioinfinitagoya.com.ar\/v1\/2025\/12\/15\/circuito-correntino-de-running-gala-de-premiacion\/"},"author":{"name":"Jorge Mi\u00f1o","@id":"https:\/\/radioinfinitagoya.com.ar\/v1\/#\/schema\/person\/d4cf9c413d4f6edb24aabdccab49ca4a"},"headline":"Circuito Correntino de Running: Gala de Premiaci\u00f3n","datePublished":"2025-12-15T19:24:15+00:00","mainEntityOfPage":{"@id":"https:\/\/radioinfinitagoya.com.ar\/v1\/2025\/12\/15\/circuito-correntino-de-running-gala-de-premiacion\/"},"wordCount":375,"commentCount":0,"publisher":{"@id":"https:\/\/radioinfinitagoya.com.ar\/v1\/#organization"},"image":{"@id":"https:\/\/radioinfinitagoya.com.ar\/v1\/2025\/12\/15\/circuito-correntino-de-running-gala-de-premiacion\/#primaryimage"},"thumbnailUrl":"https:\/\/radioinfinitagoya.com.ar\/v1\/wp-content\/uploads\/2025\/12\/gala_circuito_correntino_runnin.jpg","articleSection":["LOCALES"],"inLanguage":"es-AR","potentialAction":[{"@type":"CommentAction","name":"Comment","target":["https:\/\/radioinfinitagoya.com.ar\/v1\/2025\/12\/15\/circuito-correntino-de-running-gala-de-premiacion\/#respond"]}]},{"@type":"WebPage","@id":"https:\/\/radioinfinitagoya.com.ar\/v1\/2025\/12\/15\/circuito-correntino-de-running-gala-de-premiacion\/","url":"https:\/\/radioinfinitagoya.com.ar\/v1\/2025\/12\/15\/circuito-correntino-de-running-gala-de-premiacion\/","name":"Circuito Correntino de Running: Gala de Premiaci\u00f3n - Radio Infinita Goya","isPartOf":{"@id":"https:\/\/radioinfinitagoya.com.ar\/v1\/#website"},"primaryImageOfPage":{"@id":"https:\/\/radioinfinitagoya.com.ar\/v1\/2025\/12\/15\/circuito-correntino-de-running-gala-de-premiacion\/#primaryimage"},"image":{"@id":"https:\/\/radioinfinitagoya.com.ar\/v1\/2025\/12\/15\/circuito-correntino-de-running-gala-de-premiacion\/#primaryimage"},"thumbnailUrl":"https:\/\/radioinfinitagoya.com.ar\/v1\/wp-content\/uploads\/2025\/12\/gala_circuito_correntino_runnin.jpg","datePublished":"2025-12-15T19:24:15+00:00","description":"Los Runner Goyanos Sergio P\u00e9rez y Karina Daveta consagrados como los mejores en la distancia de 21k Con m\u00e1s de 20 podios repartidos entre Club Atenas","breadcrumb":{"@id":"https:\/\/radioinfinitagoya.com.ar\/v1\/2025\/12\/15\/circuito-correntino-de-running-gala-de-premiacion\/#breadcrumb"},"inLanguage":"es-AR","potentialAction":[{"@type":"ReadAction","target":["https:\/\/radioinfinitagoya.com.ar\/v1\/2025\/12\/15\/circuito-correntino-de-running-gala-de-premiacion\/"]}]},{"@type":"ImageObject","inLanguage":"es-AR","@id":"https:\/\/radioinfinitagoya.com.ar\/v1\/2025\/12\/15\/circuito-correntino-de-running-gala-de-premiacion\/#primaryimage","url":"https:\/\/radioinfinitagoya.com.ar\/v1\/wp-content\/uploads\/2025\/12\/gala_circuito_correntino_runnin.jpg","contentUrl":"https:\/\/radioinfinitagoya.com.ar\/v1\/wp-content\/uploads\/2025\/12\/gala_circuito_correntino_runnin.jpg","width":848,"height":477},{"@type":"BreadcrumbList","@id":"https:\/\/radioinfinitagoya.com.ar\/v1\/2025\/12\/15\/circuito-correntino-de-running-gala-de-premiacion\/#breadcrumb","itemListElement":[{"@type":"ListItem","position":1,"name":"Inicio","item":"https:\/\/radioinfinitagoya.com.ar\/v1\/"},{"@type":"ListItem","position":2,"name":"Circuito Correntino de Running: Gala de Premiaci\u00f3n"}]},{"@type":"WebSite","@id":"https:\/\/radioinfinitagoya.com.ar\/v1\/#website","url":"https:\/\/radioinfinitagoya.com.ar\/v1\/","name":"radioinfinitagoya.com.ar","description":"Radio de noticias","publisher":{"@id":"https:\/\/radioinfinitagoya.com.ar\/v1\/#organization"},"potentialAction":[{"@type":"SearchAction","target":{"@type":"EntryPoint","urlTemplate":"https:\/\/radioinfinitagoya.com.ar\/v1\/?s={search_term_string}"},"query-input":{"@type":"PropertyValueSpecification","valueRequired":true,"valueName":"search_term_string"}}],"inLanguage":"es-AR"},{"@type":"Organization","@id":"https:\/\/radioinfinitagoya.com.ar\/v1\/#organization","name":"Radio Infinita Goya","url":"https:\/\/radioinfinitagoya.com.ar\/v1\/","logo":{"@type":"ImageObject","inLanguage":"es-AR","@id":"https:\/\/radioinfinitagoya.com.ar\/v1\/#\/schema\/logo\/image\/","url":"https:\/\/radioinfinitagoya.com.ar\/v1\/wp-content\/uploads\/2019\/11\/logo-pie-web.png","contentUrl":"https:\/\/radioinfinitagoya.com.ar\/v1\/wp-content\/uploads\/2019\/11\/logo-pie-web.png","width":635,"height":326,"caption":"Radio Infinita Goya"},"image":{"@id":"https:\/\/radioinfinitagoya.com.ar\/v1\/#\/schema\/logo\/image\/"},"sameAs":["https:\/\/www.facebook.com\/p\/Infinita-Goya-100063870918311\/"]},{"@type":"Person","@id":"https:\/\/radioinfinitagoya.com.ar\/v1\/#\/schema\/person\/d4cf9c413d4f6edb24aabdccab49ca4a","name":"Jorge Mi\u00f1o","image":{"@type":"ImageObject","inLanguage":"es-AR","@id":"https:\/\/secure.gravatar.com\/avatar\/910fcf6728fe95320e07a6643c1581fec1c7fc4bf8ae12e3d8f0d0373dc844be?s=96&d=mm&r=g","url":"https:\/\/secure.gravatar.com\/avatar\/910fcf6728fe95320e07a6643c1581fec1c7fc4bf8ae12e3d8f0d0373dc844be?s=96&d=mm&r=g","contentUrl":"https:\/\/secure.gravatar.com\/avatar\/910fcf6728fe95320e07a6643c1581fec1c7fc4bf8ae12e3d8f0d0373dc844be?s=96&d=mm&r=g","caption":"Jorge Mi\u00f1o"},"sameAs":["http:\/\/radioinfinitagoya.com.ar"]}]}},"_links":{"self":[{"href":"https:\/\/radioinfinitagoya.com.ar\/v1\/wp-json\/wp\/v2\/posts\/201291","targetHints":{"allow":["GET"]}}],"collection":[{"href":"https:\/\/radioinfinitagoya.com.ar\/v1\/wp-json\/wp\/v2\/posts"}],"about":[{"href":"https:\/\/radioinfinitagoya.com.ar\/v1\/wp-json\/wp\/v2\/types\/post"}],"author":[{"embeddable":true,"href":"https:\/\/radioinfinitagoya.com.ar\/v1\/wp-json\/wp\/v2\/users\/4"}],"replies":[{"embeddable":true,"href":"https:\/\/radioinfinitagoya.com.ar\/v1\/wp-json\/wp\/v2\/comments?post=201291"}],"version-history":[{"count":0,"href":"https:\/\/radioinfinitagoya.com.ar\/v1\/wp-json\/wp\/v2\/posts\/201291\/revisions"}],"wp:featuredmedia":[{"embeddable":true,"href":"https:\/\/radioinfinitagoya.com.ar\/v1\/wp-json\/wp\/v2\/media\/201292"}],"wp:attachment":[{"href":"https:\/\/radioinfinitagoya.com.ar\/v1\/wp-json\/wp\/v2\/media?parent=201291"}],"wp:term":[{"taxonomy":"category","embeddable":true,"href":"https:\/\/radioinfinitagoya.com.ar\/v1\/wp-json\/wp\/v2\/categories?post=201291"},{"taxonomy":"post_tag","embeddable":true,"href":"https:\/\/radioinfinitagoya.com.ar\/v1\/wp-json\/wp\/v2\/tags?post=201291"}],"curies":[{"name":"wp","href":"https:\/\/api.w.org\/{rel}","templated":true}]}}