{"id":201297,"date":"2025-12-15T16:28:41","date_gmt":"2025-12-15T19:28:41","guid":{"rendered":"https:\/\/radioinfinitagoya.com.ar\/v1\/?p=201297"},"modified":"2025-12-15T16:28:41","modified_gmt":"2025-12-15T19:28:41","slug":"iniciativa-solidaria","status":"publish","type":"post","link":"https:\/\/radioinfinitagoya.com.ar\/v1\/2025\/12\/15\/iniciativa-solidaria\/","title":{"rendered":"Iniciativa solidaria"},"content":{"rendered":"<p>Fundaci\u00f3n &#8220;Brilla mujer&#8221; de Goya invita a pasar la Noche Buena en Hogar \u00d1anderoga<\/p>\n<p>En el marco de la campa\u00f1a de concientizaci\u00f3n sobre el c\u00e1ncer de mamas durante todo el a\u00f1o, desde la Fundaci\u00f3n Brilla Mujer, asociaci\u00f3n que brinda contenci\u00f3n a pacientes oncol\u00f3gicos, se impulsa la iniciativa de organizar la cena de Navidad, promoviendo el acompa\u00f1amiento y motivaci\u00f3n de las familias.<\/p>\n<p>\u201cSurge esta idea, ten\u00eda ese deseo hace mucho tiempo, nos visit\u00f3 el obispo (Monse\u00f1or Adolfo Canec\u00edn) y le hab\u00eda comentado que me gustar\u00eda poder pasar Navidad con las pacientes y sus familiares, si nos pod\u00eda ceder hogar \u00d1anderoga para esa cena y le encant\u00f3 la idea\u201d, explic\u00f3 este lunes la presidente de \u201cBrilla Mujer\u201d Mariela Valenzuela.<\/p>\n<p>\u201cEs as\u00ed que el mi\u00e9rcoles 24, con la colaboraci\u00f3n de toda la gente, poder preparar la cena para los pacientes y alguna persona que quiera ir a compartir con nosotros, que est\u00e9 en situaci\u00f3n de calle o alguna persona que quiera ir a pasar ah\u00ed, esa es la idea\u201d, invit\u00f3.<\/p>\n<p>APORTES VOLUNTARIOS<\/p>\n<p>Para preparar la cena la gente podr\u00e1 aportar voluntariamente a la entidad su donativo como: agua saborizada, pan, pan dulce, bud\u00edn, para hacer alguna ensalada de frutas \u201ctambi\u00e9n nos suelen donar sidra sin alcohol, o sea todo lo necesario para una cena de Nochebuena que pueden consumir los pacientes\u201d, dijo.<\/p>\n<p>Se recibir\u00e1 puntualmente donativos consistentes en patas\/muslo de pollo y para hacer ensalada de papa y huevo, para realizar ese men\u00fa (pata muslo a la parrilla con ensalada) que seg\u00fan la dieta alimentaria \u201cla mayor\u00eda de los pacientes pueden comer\u201d.<\/p>\n<p>TODO EL A\u00d1O<\/p>\n<p>La fundaci\u00f3n funciona en \u00d1anderoga (San Martin 442) los martes y jueves de 9 a 12 y de 17 a 20 horas. All\u00ed brindan asesoramiento, kits de higiene y contenci\u00f3n a pacientes oncol\u00f3gicos. En este lugar es donde se pueden acercar los donativos para tan loable iniciativa solidaria.<\/p>\n<p>Desde la Fundaci\u00f3n Brilla Mujer trabajan todo el a\u00f1o, promoviendo el lema \u201cTodo el a\u00f1o es Rosa\u201d.<\/p>\n<p>Elaboran pelucas oncol\u00f3gicas y fomentan la donaci\u00f3n de cabello para acompa\u00f1ar a pacientes en tratamiento. Adem\u00e1s, impulsan el di\u00e1logo como herramienta para vencer barreras y promover la consulta m\u00e9dica preventiva ante cualquier s\u00edntoma.<\/p>\n<p>\u201cLo que sobra es fortaleza y las ganas de hace la cosas bien \u2013dijo Valenzuela- entonces la gente que quiera donar puede contactarse con alguna colaboradora; la gente que vive lejos del centro acerca su colaboraci\u00f3n, as\u00ed nos manejamos en Navidad y el resto del a\u00f1o con las donaciones, esa red que se va tejiendo con las donaciones\u201d.<\/p>\n<p>Lo que se busca es descentralizar y concientizar todo el a\u00f1o. La esperanza y la prevenci\u00f3n deben estar siempre presentes. La prevenci\u00f3n es la mejor arma. Recomend\u00f3 \u201cno dejes de hacerte chequeos regulares y anima a otras a hacerlo\u201d.<\/p>\n<p>Cabe se\u00f1alar que desde la Fundaci\u00f3n se realiza un interesante trabajo en redes. Podes seguir sus actividades y testimonios reales de mujeres que superaron la enfermedad, as\u00ed como mensajes motivadores al Instagram: @brillamujer2022<\/p>\n<p>Cu\u00eddate, querete, conocete. Eres fuerte. Eres mujer. \u00a1\u00c1nimo!<\/p>\n<p>TODO EL A\u00d1O ES ROSA: PREVENIR EST\u00c1 EN TUS MANOS<\/p>\n<p>Direcci\u00f3n de Prensa \u2013 Municipalidad de Goya.<\/p>\n<p>&nbsp;<\/p>\n","protected":false},"excerpt":{"rendered":"<p>Fundaci\u00f3n &#8220;Brilla mujer&#8221; de Goya invita a pasar la Noche Buena en Hogar \u00d1anderoga En el marco de la campa\u00f1a de concientizaci\u00f3n sobre el c\u00e1ncer de mamas durante todo el a\u00f1o, desde la Fundaci\u00f3n Brilla Mujer, asociaci\u00f3n que brinda contenci\u00f3n a pacientes oncol\u00f3gicos, se impulsa la iniciativa de organizar la cena de Navidad, promoviendo el [&hellip;]<\/p>\n","protected":false},"author":4,"featured_media":201298,"comment_status":"open","ping_status":"open","sticky":false,"template":"","format":"standard","meta":{"_joinchat":[],"footnotes":""},"categories":[27],"tags":[],"class_list":{"0":"post-201297","1":"post","2":"type-post","3":"status-publish","4":"format-standard","5":"has-post-thumbnail","7":"category-locales"},"yoast_head":"<!-- This site is optimized with the Yoast SEO plugin v27.2 - https:\/\/yoast.com\/product\/yoast-seo-wordpress\/ -->\n<title>Iniciativa solidaria - Radio Infinita Goya<\/title>\n<meta name=\"description\" content=\"Fundaci\u00f3n &quot;Brilla mujer&quot; de Goya invita a pasar la Noche Buena en Hogar \u00d1anderoga En el marco de la campa\u00f1a de concientizaci\u00f3n sobre el c\u00e1ncer de mamas\" \/>\n<meta name=\"robots\" content=\"index, follow, max-snippet:-1, max-image-preview:large, max-video-preview:-1\" \/>\n<link rel=\"canonical\" href=\"https:\/\/radioinfinitagoya.com.ar\/v1\/2025\/12\/15\/iniciativa-solidaria\/\" \/>\n<meta property=\"og:locale\" content=\"es_ES\" \/>\n<meta property=\"og:type\" content=\"article\" \/>\n<meta property=\"og:title\" content=\"Iniciativa solidaria - Radio Infinita Goya\" \/>\n<meta property=\"og:description\" content=\"Fundaci\u00f3n &quot;Brilla mujer&quot; de Goya invita a pasar la Noche Buena en Hogar \u00d1anderoga En el marco de la campa\u00f1a de concientizaci\u00f3n sobre el c\u00e1ncer de mamas\" \/>\n<meta property=\"og:url\" content=\"https:\/\/radioinfinitagoya.com.ar\/v1\/2025\/12\/15\/iniciativa-solidaria\/\" \/>\n<meta property=\"og:site_name\" content=\"Radio Infinita Goya\" \/>\n<meta property=\"article:publisher\" content=\"https:\/\/www.facebook.com\/p\/Infinita-Goya-100063870918311\/\" \/>\n<meta property=\"article:published_time\" content=\"2025-12-15T19:28:41+00:00\" \/>\n<meta property=\"og:image\" content=\"https:\/\/radioinfinitagoya.com.ar\/v1\/wp-content\/uploads\/2025\/12\/597389514_25420765817553517_2390969824861855633_n.jpg\" \/>\n\t<meta property=\"og:image:width\" content=\"1135\" \/>\n\t<meta property=\"og:image:height\" content=\"1600\" \/>\n\t<meta property=\"og:image:type\" content=\"image\/jpeg\" \/>\n<meta name=\"author\" content=\"Jorge Mi\u00f1o\" \/>\n<meta name=\"twitter:card\" content=\"summary_large_image\" \/>\n<meta name=\"twitter:label1\" content=\"Escrito por\" \/>\n\t<meta name=\"twitter:data1\" content=\"Jorge Mi\u00f1o\" \/>\n\t<meta name=\"twitter:label2\" content=\"Tiempo de lectura\" \/>\n\t<meta name=\"twitter:data2\" content=\"3 minutos\" \/>\n<script type=\"application\/ld+json\" class=\"yoast-schema-graph\">{\"@context\":\"https:\/\/schema.org\",\"@graph\":[{\"@type\":\"Article\",\"@id\":\"https:\/\/radioinfinitagoya.com.ar\/v1\/2025\/12\/15\/iniciativa-solidaria\/#article\",\"isPartOf\":{\"@id\":\"https:\/\/radioinfinitagoya.com.ar\/v1\/2025\/12\/15\/iniciativa-solidaria\/\"},\"author\":{\"name\":\"Jorge Mi\u00f1o\",\"@id\":\"https:\/\/radioinfinitagoya.com.ar\/v1\/#\/schema\/person\/d4cf9c413d4f6edb24aabdccab49ca4a\"},\"headline\":\"Iniciativa solidaria\",\"datePublished\":\"2025-12-15T19:28:41+00:00\",\"mainEntityOfPage\":{\"@id\":\"https:\/\/radioinfinitagoya.com.ar\/v1\/2025\/12\/15\/iniciativa-solidaria\/\"},\"wordCount\":560,\"commentCount\":0,\"publisher\":{\"@id\":\"https:\/\/radioinfinitagoya.com.ar\/v1\/#organization\"},\"image\":{\"@id\":\"https:\/\/radioinfinitagoya.com.ar\/v1\/2025\/12\/15\/iniciativa-solidaria\/#primaryimage\"},\"thumbnailUrl\":\"https:\/\/radioinfinitagoya.com.ar\/v1\/wp-content\/uploads\/2025\/12\/597389514_25420765817553517_2390969824861855633_n.jpg\",\"articleSection\":[\"LOCALES\"],\"inLanguage\":\"es-AR\",\"potentialAction\":[{\"@type\":\"CommentAction\",\"name\":\"Comment\",\"target\":[\"https:\/\/radioinfinitagoya.com.ar\/v1\/2025\/12\/15\/iniciativa-solidaria\/#respond\"]}]},{\"@type\":\"WebPage\",\"@id\":\"https:\/\/radioinfinitagoya.com.ar\/v1\/2025\/12\/15\/iniciativa-solidaria\/\",\"url\":\"https:\/\/radioinfinitagoya.com.ar\/v1\/2025\/12\/15\/iniciativa-solidaria\/\",\"name\":\"Iniciativa solidaria - Radio Infinita Goya\",\"isPartOf\":{\"@id\":\"https:\/\/radioinfinitagoya.com.ar\/v1\/#website\"},\"primaryImageOfPage\":{\"@id\":\"https:\/\/radioinfinitagoya.com.ar\/v1\/2025\/12\/15\/iniciativa-solidaria\/#primaryimage\"},\"image\":{\"@id\":\"https:\/\/radioinfinitagoya.com.ar\/v1\/2025\/12\/15\/iniciativa-solidaria\/#primaryimage\"},\"thumbnailUrl\":\"https:\/\/radioinfinitagoya.com.ar\/v1\/wp-content\/uploads\/2025\/12\/597389514_25420765817553517_2390969824861855633_n.jpg\",\"datePublished\":\"2025-12-15T19:28:41+00:00\",\"description\":\"Fundaci\u00f3n \\\"Brilla mujer\\\" de Goya invita a pasar la Noche Buena en Hogar \u00d1anderoga En el marco de la campa\u00f1a de concientizaci\u00f3n sobre el c\u00e1ncer de mamas\",\"breadcrumb\":{\"@id\":\"https:\/\/radioinfinitagoya.com.ar\/v1\/2025\/12\/15\/iniciativa-solidaria\/#breadcrumb\"},\"inLanguage\":\"es-AR\",\"potentialAction\":[{\"@type\":\"ReadAction\",\"target\":[\"https:\/\/radioinfinitagoya.com.ar\/v1\/2025\/12\/15\/iniciativa-solidaria\/\"]}]},{\"@type\":\"ImageObject\",\"inLanguage\":\"es-AR\",\"@id\":\"https:\/\/radioinfinitagoya.com.ar\/v1\/2025\/12\/15\/iniciativa-solidaria\/#primaryimage\",\"url\":\"https:\/\/radioinfinitagoya.com.ar\/v1\/wp-content\/uploads\/2025\/12\/597389514_25420765817553517_2390969824861855633_n.jpg\",\"contentUrl\":\"https:\/\/radioinfinitagoya.com.ar\/v1\/wp-content\/uploads\/2025\/12\/597389514_25420765817553517_2390969824861855633_n.jpg\",\"width\":1135,\"height\":1600},{\"@type\":\"BreadcrumbList\",\"@id\":\"https:\/\/radioinfinitagoya.com.ar\/v1\/2025\/12\/15\/iniciativa-solidaria\/#breadcrumb\",\"itemListElement\":[{\"@type\":\"ListItem\",\"position\":1,\"name\":\"Inicio\",\"item\":\"https:\/\/radioinfinitagoya.com.ar\/v1\/\"},{\"@type\":\"ListItem\",\"position\":2,\"name\":\"Iniciativa solidaria\"}]},{\"@type\":\"WebSite\",\"@id\":\"https:\/\/radioinfinitagoya.com.ar\/v1\/#website\",\"url\":\"https:\/\/radioinfinitagoya.com.ar\/v1\/\",\"name\":\"radioinfinitagoya.com.ar\",\"description\":\"Radio de noticias\",\"publisher\":{\"@id\":\"https:\/\/radioinfinitagoya.com.ar\/v1\/#organization\"},\"potentialAction\":[{\"@type\":\"SearchAction\",\"target\":{\"@type\":\"EntryPoint\",\"urlTemplate\":\"https:\/\/radioinfinitagoya.com.ar\/v1\/?s={search_term_string}\"},\"query-input\":{\"@type\":\"PropertyValueSpecification\",\"valueRequired\":true,\"valueName\":\"search_term_string\"}}],\"inLanguage\":\"es-AR\"},{\"@type\":\"Organization\",\"@id\":\"https:\/\/radioinfinitagoya.com.ar\/v1\/#organization\",\"name\":\"Radio Infinita Goya\",\"url\":\"https:\/\/radioinfinitagoya.com.ar\/v1\/\",\"logo\":{\"@type\":\"ImageObject\",\"inLanguage\":\"es-AR\",\"@id\":\"https:\/\/radioinfinitagoya.com.ar\/v1\/#\/schema\/logo\/image\/\",\"url\":\"https:\/\/radioinfinitagoya.com.ar\/v1\/wp-content\/uploads\/2019\/11\/logo-pie-web.png\",\"contentUrl\":\"https:\/\/radioinfinitagoya.com.ar\/v1\/wp-content\/uploads\/2019\/11\/logo-pie-web.png\",\"width\":635,\"height\":326,\"caption\":\"Radio Infinita Goya\"},\"image\":{\"@id\":\"https:\/\/radioinfinitagoya.com.ar\/v1\/#\/schema\/logo\/image\/\"},\"sameAs\":[\"https:\/\/www.facebook.com\/p\/Infinita-Goya-100063870918311\/\"]},{\"@type\":\"Person\",\"@id\":\"https:\/\/radioinfinitagoya.com.ar\/v1\/#\/schema\/person\/d4cf9c413d4f6edb24aabdccab49ca4a\",\"name\":\"Jorge Mi\u00f1o\",\"image\":{\"@type\":\"ImageObject\",\"inLanguage\":\"es-AR\",\"@id\":\"https:\/\/secure.gravatar.com\/avatar\/910fcf6728fe95320e07a6643c1581fec1c7fc4bf8ae12e3d8f0d0373dc844be?s=96&d=mm&r=g\",\"url\":\"https:\/\/secure.gravatar.com\/avatar\/910fcf6728fe95320e07a6643c1581fec1c7fc4bf8ae12e3d8f0d0373dc844be?s=96&d=mm&r=g\",\"contentUrl\":\"https:\/\/secure.gravatar.com\/avatar\/910fcf6728fe95320e07a6643c1581fec1c7fc4bf8ae12e3d8f0d0373dc844be?s=96&d=mm&r=g\",\"caption\":\"Jorge Mi\u00f1o\"},\"sameAs\":[\"http:\/\/radioinfinitagoya.com.ar\"]}]}<\/script>\n<!-- \/ Yoast SEO plugin. -->","yoast_head_json":{"title":"Iniciativa solidaria - Radio Infinita Goya","description":"Fundaci\u00f3n \"Brilla mujer\" de Goya invita a pasar la Noche Buena en Hogar \u00d1anderoga En el marco de la campa\u00f1a de concientizaci\u00f3n sobre el c\u00e1ncer de mamas","robots":{"index":"index","follow":"follow","max-snippet":"max-snippet:-1","max-image-preview":"max-image-preview:large","max-video-preview":"max-video-preview:-1"},"canonical":"https:\/\/radioinfinitagoya.com.ar\/v1\/2025\/12\/15\/iniciativa-solidaria\/","og_locale":"es_ES","og_type":"article","og_title":"Iniciativa solidaria - Radio Infinita Goya","og_description":"Fundaci\u00f3n \"Brilla mujer\" de Goya invita a pasar la Noche Buena en Hogar \u00d1anderoga En el marco de la campa\u00f1a de concientizaci\u00f3n sobre el c\u00e1ncer de mamas","og_url":"https:\/\/radioinfinitagoya.com.ar\/v1\/2025\/12\/15\/iniciativa-solidaria\/","og_site_name":"Radio Infinita Goya","article_publisher":"https:\/\/www.facebook.com\/p\/Infinita-Goya-100063870918311\/","article_published_time":"2025-12-15T19:28:41+00:00","og_image":[{"width":1135,"height":1600,"url":"https:\/\/radioinfinitagoya.com.ar\/v1\/wp-content\/uploads\/2025\/12\/597389514_25420765817553517_2390969824861855633_n.jpg","type":"image\/jpeg"}],"author":"Jorge Mi\u00f1o","twitter_card":"summary_large_image","twitter_misc":{"Escrito por":"Jorge Mi\u00f1o","Tiempo de lectura":"3 minutos"},"schema":{"@context":"https:\/\/schema.org","@graph":[{"@type":"Article","@id":"https:\/\/radioinfinitagoya.com.ar\/v1\/2025\/12\/15\/iniciativa-solidaria\/#article","isPartOf":{"@id":"https:\/\/radioinfinitagoya.com.ar\/v1\/2025\/12\/15\/iniciativa-solidaria\/"},"author":{"name":"Jorge Mi\u00f1o","@id":"https:\/\/radioinfinitagoya.com.ar\/v1\/#\/schema\/person\/d4cf9c413d4f6edb24aabdccab49ca4a"},"headline":"Iniciativa solidaria","datePublished":"2025-12-15T19:28:41+00:00","mainEntityOfPage":{"@id":"https:\/\/radioinfinitagoya.com.ar\/v1\/2025\/12\/15\/iniciativa-solidaria\/"},"wordCount":560,"commentCount":0,"publisher":{"@id":"https:\/\/radioinfinitagoya.com.ar\/v1\/#organization"},"image":{"@id":"https:\/\/radioinfinitagoya.com.ar\/v1\/2025\/12\/15\/iniciativa-solidaria\/#primaryimage"},"thumbnailUrl":"https:\/\/radioinfinitagoya.com.ar\/v1\/wp-content\/uploads\/2025\/12\/597389514_25420765817553517_2390969824861855633_n.jpg","articleSection":["LOCALES"],"inLanguage":"es-AR","potentialAction":[{"@type":"CommentAction","name":"Comment","target":["https:\/\/radioinfinitagoya.com.ar\/v1\/2025\/12\/15\/iniciativa-solidaria\/#respond"]}]},{"@type":"WebPage","@id":"https:\/\/radioinfinitagoya.com.ar\/v1\/2025\/12\/15\/iniciativa-solidaria\/","url":"https:\/\/radioinfinitagoya.com.ar\/v1\/2025\/12\/15\/iniciativa-solidaria\/","name":"Iniciativa solidaria - Radio Infinita Goya","isPartOf":{"@id":"https:\/\/radioinfinitagoya.com.ar\/v1\/#website"},"primaryImageOfPage":{"@id":"https:\/\/radioinfinitagoya.com.ar\/v1\/2025\/12\/15\/iniciativa-solidaria\/#primaryimage"},"image":{"@id":"https:\/\/radioinfinitagoya.com.ar\/v1\/2025\/12\/15\/iniciativa-solidaria\/#primaryimage"},"thumbnailUrl":"https:\/\/radioinfinitagoya.com.ar\/v1\/wp-content\/uploads\/2025\/12\/597389514_25420765817553517_2390969824861855633_n.jpg","datePublished":"2025-12-15T19:28:41+00:00","description":"Fundaci\u00f3n \"Brilla mujer\" de Goya invita a pasar la Noche Buena en Hogar \u00d1anderoga En el marco de la campa\u00f1a de concientizaci\u00f3n sobre el c\u00e1ncer de mamas","breadcrumb":{"@id":"https:\/\/radioinfinitagoya.com.ar\/v1\/2025\/12\/15\/iniciativa-solidaria\/#breadcrumb"},"inLanguage":"es-AR","potentialAction":[{"@type":"ReadAction","target":["https:\/\/radioinfinitagoya.com.ar\/v1\/2025\/12\/15\/iniciativa-solidaria\/"]}]},{"@type":"ImageObject","inLanguage":"es-AR","@id":"https:\/\/radioinfinitagoya.com.ar\/v1\/2025\/12\/15\/iniciativa-solidaria\/#primaryimage","url":"https:\/\/radioinfinitagoya.com.ar\/v1\/wp-content\/uploads\/2025\/12\/597389514_25420765817553517_2390969824861855633_n.jpg","contentUrl":"https:\/\/radioinfinitagoya.com.ar\/v1\/wp-content\/uploads\/2025\/12\/597389514_25420765817553517_2390969824861855633_n.jpg","width":1135,"height":1600},{"@type":"BreadcrumbList","@id":"https:\/\/radioinfinitagoya.com.ar\/v1\/2025\/12\/15\/iniciativa-solidaria\/#breadcrumb","itemListElement":[{"@type":"ListItem","position":1,"name":"Inicio","item":"https:\/\/radioinfinitagoya.com.ar\/v1\/"},{"@type":"ListItem","position":2,"name":"Iniciativa solidaria"}]},{"@type":"WebSite","@id":"https:\/\/radioinfinitagoya.com.ar\/v1\/#website","url":"https:\/\/radioinfinitagoya.com.ar\/v1\/","name":"radioinfinitagoya.com.ar","description":"Radio de noticias","publisher":{"@id":"https:\/\/radioinfinitagoya.com.ar\/v1\/#organization"},"potentialAction":[{"@type":"SearchAction","target":{"@type":"EntryPoint","urlTemplate":"https:\/\/radioinfinitagoya.com.ar\/v1\/?s={search_term_string}"},"query-input":{"@type":"PropertyValueSpecification","valueRequired":true,"valueName":"search_term_string"}}],"inLanguage":"es-AR"},{"@type":"Organization","@id":"https:\/\/radioinfinitagoya.com.ar\/v1\/#organization","name":"Radio Infinita Goya","url":"https:\/\/radioinfinitagoya.com.ar\/v1\/","logo":{"@type":"ImageObject","inLanguage":"es-AR","@id":"https:\/\/radioinfinitagoya.com.ar\/v1\/#\/schema\/logo\/image\/","url":"https:\/\/radioinfinitagoya.com.ar\/v1\/wp-content\/uploads\/2019\/11\/logo-pie-web.png","contentUrl":"https:\/\/radioinfinitagoya.com.ar\/v1\/wp-content\/uploads\/2019\/11\/logo-pie-web.png","width":635,"height":326,"caption":"Radio Infinita Goya"},"image":{"@id":"https:\/\/radioinfinitagoya.com.ar\/v1\/#\/schema\/logo\/image\/"},"sameAs":["https:\/\/www.facebook.com\/p\/Infinita-Goya-100063870918311\/"]},{"@type":"Person","@id":"https:\/\/radioinfinitagoya.com.ar\/v1\/#\/schema\/person\/d4cf9c413d4f6edb24aabdccab49ca4a","name":"Jorge Mi\u00f1o","image":{"@type":"ImageObject","inLanguage":"es-AR","@id":"https:\/\/secure.gravatar.com\/avatar\/910fcf6728fe95320e07a6643c1581fec1c7fc4bf8ae12e3d8f0d0373dc844be?s=96&d=mm&r=g","url":"https:\/\/secure.gravatar.com\/avatar\/910fcf6728fe95320e07a6643c1581fec1c7fc4bf8ae12e3d8f0d0373dc844be?s=96&d=mm&r=g","contentUrl":"https:\/\/secure.gravatar.com\/avatar\/910fcf6728fe95320e07a6643c1581fec1c7fc4bf8ae12e3d8f0d0373dc844be?s=96&d=mm&r=g","caption":"Jorge Mi\u00f1o"},"sameAs":["http:\/\/radioinfinitagoya.com.ar"]}]}},"_links":{"self":[{"href":"https:\/\/radioinfinitagoya.com.ar\/v1\/wp-json\/wp\/v2\/posts\/201297","targetHints":{"allow":["GET"]}}],"collection":[{"href":"https:\/\/radioinfinitagoya.com.ar\/v1\/wp-json\/wp\/v2\/posts"}],"about":[{"href":"https:\/\/radioinfinitagoya.com.ar\/v1\/wp-json\/wp\/v2\/types\/post"}],"author":[{"embeddable":true,"href":"https:\/\/radioinfinitagoya.com.ar\/v1\/wp-json\/wp\/v2\/users\/4"}],"replies":[{"embeddable":true,"href":"https:\/\/radioinfinitagoya.com.ar\/v1\/wp-json\/wp\/v2\/comments?post=201297"}],"version-history":[{"count":0,"href":"https:\/\/radioinfinitagoya.com.ar\/v1\/wp-json\/wp\/v2\/posts\/201297\/revisions"}],"wp:featuredmedia":[{"embeddable":true,"href":"https:\/\/radioinfinitagoya.com.ar\/v1\/wp-json\/wp\/v2\/media\/201298"}],"wp:attachment":[{"href":"https:\/\/radioinfinitagoya.com.ar\/v1\/wp-json\/wp\/v2\/media?parent=201297"}],"wp:term":[{"taxonomy":"category","embeddable":true,"href":"https:\/\/radioinfinitagoya.com.ar\/v1\/wp-json\/wp\/v2\/categories?post=201297"},{"taxonomy":"post_tag","embeddable":true,"href":"https:\/\/radioinfinitagoya.com.ar\/v1\/wp-json\/wp\/v2\/tags?post=201297"}],"curies":[{"name":"wp","href":"https:\/\/api.w.org\/{rel}","templated":true}]}}