{"id":201300,"date":"2025-12-15T16:31:15","date_gmt":"2025-12-15T19:31:15","guid":{"rendered":"https:\/\/radioinfinitagoya.com.ar\/v1\/?p=201300"},"modified":"2025-12-15T16:31:15","modified_gmt":"2025-12-15T19:31:15","slug":"intendente-hormaechea-felicito-a-la-escuela-de-danzas-el-trovador","status":"publish","type":"post","link":"https:\/\/radioinfinitagoya.com.ar\/v1\/2025\/12\/15\/intendente-hormaechea-felicito-a-la-escuela-de-danzas-el-trovador\/","title":{"rendered":"Intendente Hormaechea felicit\u00f3 a la Escuela de Danzas &#8220;El Trovador&#8221;"},"content":{"rendered":"<p>Por representar a Goya en la Fiesta Nacioanl del Chamam\u00e9 2026<\/p>\n<p>Intendente Hormaechea felicit\u00f3 a la Escuela de Danzas Nativas \u201cEl Trovador\u201d por galard\u00f3n obtenido durante la Gran Final de los Cert\u00e1menes Pre Fiesta Nacional del Chamam\u00e9, donde la Escuela Municipal de Danzas Nativas \u201cEl Trovador\u201d de Goya tuvo una actuaci\u00f3n destacada.<\/p>\n<p>En la ma\u00f1ana de este lunes 15, el intendente de Goya, Mariano Hormaechea, recibi\u00f3 al profesor Eliseo Fleitas y bailarines destacados de la Escuela de Danzas Nativas \u201cEl Trovador\u201d, ganadores del rubro pareja estilizada y que van a ser parte de la pr\u00f3xima Fiesta Nacional del Chamam\u00e9 2026.<\/p>\n<p>El galard\u00f3n logrado por los bailarines de la localidad, posicionan al rubro danza en lo m\u00e1s alto del podio del rubro danza folcl\u00f3rica. Tambi\u00e9n es importante destacar la menci\u00f3n especial, al cuerpo de baile del mencionado ballet que obtuvieron el 2do lugar.<\/p>\n<p>En este sentido, agradecieron al intendente municipal el apoyo hacia esta instituci\u00f3n gestionando la participaci\u00f3n. Asimismo, le informaron de lo actuado por el staff de bailarines a lo largo del a\u00f1o.<\/p>\n<p>All\u00ed enfatizaron el \u00e9xito de una pareja de bailarines de la Escuela de Danzas Nativas \u201cEl Trovador\u201d y la alegr\u00eda del trabajo que se viene realizando con la escuela.<\/p>\n<p>Por su parte, el jefe comunal felicit\u00f3 por los logros obtenidos reiter\u00e1ndoles el compromiso de seguir trabajando juntos, apostando a la cultura y reconociendo la labor cultural que vienen desarrollando, y con los logros obtenidos a la vista del gran p\u00fablico que podr\u00e1 disfrutarlos pr\u00f3ximamente en el escenario principal de la 35\u00aa Fiesta Nacional del Chamam\u00e9, el Anfiteatro Mario del Tr\u00e1nsito Cocomarola en la ciudad de Corrientes, a desarrollarse del 16 al 25 de enero de 2026.<\/p>\n","protected":false},"excerpt":{"rendered":"<p>Por representar a Goya en la Fiesta Nacioanl del Chamam\u00e9 2026 Intendente Hormaechea felicit\u00f3 a la Escuela de Danzas Nativas \u201cEl Trovador\u201d por galard\u00f3n obtenido durante la Gran Final de los Cert\u00e1menes Pre Fiesta Nacional del Chamam\u00e9, donde la Escuela Municipal de Danzas Nativas \u201cEl Trovador\u201d de Goya tuvo una actuaci\u00f3n destacada. En la ma\u00f1ana [&hellip;]<\/p>\n","protected":false},"author":4,"featured_media":201301,"comment_status":"open","ping_status":"open","sticky":false,"template":"","format":"standard","meta":{"_joinchat":[],"footnotes":""},"categories":[27],"tags":[],"class_list":{"0":"post-201300","1":"post","2":"type-post","3":"status-publish","4":"format-standard","5":"has-post-thumbnail","7":"category-locales"},"yoast_head":"<!-- This site is optimized with the Yoast SEO plugin v27.2 - https:\/\/yoast.com\/product\/yoast-seo-wordpress\/ -->\n<title>Intendente Hormaechea felicit\u00f3 a la Escuela de Danzas &quot;El Trovador&quot; - Radio Infinita Goya<\/title>\n<meta name=\"description\" content=\"Por representar a Goya en la Fiesta Nacioanl del Chamam\u00e9 2026 Intendente Hormaechea felicit\u00f3 a la Escuela de Danzas Nativas \u201cEl Trovador\u201d por galard\u00f3n\" \/>\n<meta name=\"robots\" content=\"index, follow, max-snippet:-1, max-image-preview:large, max-video-preview:-1\" \/>\n<link rel=\"canonical\" href=\"https:\/\/radioinfinitagoya.com.ar\/v1\/2025\/12\/15\/intendente-hormaechea-felicito-a-la-escuela-de-danzas-el-trovador\/\" \/>\n<meta property=\"og:locale\" content=\"es_ES\" \/>\n<meta property=\"og:type\" content=\"article\" \/>\n<meta property=\"og:title\" content=\"Intendente Hormaechea felicit\u00f3 a la Escuela de Danzas &quot;El Trovador&quot; - Radio Infinita Goya\" \/>\n<meta property=\"og:description\" content=\"Por representar a Goya en la Fiesta Nacioanl del Chamam\u00e9 2026 Intendente Hormaechea felicit\u00f3 a la Escuela de Danzas Nativas \u201cEl Trovador\u201d por galard\u00f3n\" \/>\n<meta property=\"og:url\" content=\"https:\/\/radioinfinitagoya.com.ar\/v1\/2025\/12\/15\/intendente-hormaechea-felicito-a-la-escuela-de-danzas-el-trovador\/\" \/>\n<meta property=\"og:site_name\" content=\"Radio Infinita Goya\" \/>\n<meta property=\"article:publisher\" content=\"https:\/\/www.facebook.com\/p\/Infinita-Goya-100063870918311\/\" \/>\n<meta property=\"article:published_time\" content=\"2025-12-15T19:31:15+00:00\" \/>\n<meta property=\"og:image\" content=\"https:\/\/radioinfinitagoya.com.ar\/v1\/wp-content\/uploads\/2025\/12\/el_trovadorr.jpg\" \/>\n\t<meta property=\"og:image:width\" content=\"848\" \/>\n\t<meta property=\"og:image:height\" content=\"477\" \/>\n\t<meta property=\"og:image:type\" content=\"image\/jpeg\" \/>\n<meta name=\"author\" content=\"Jorge Mi\u00f1o\" \/>\n<meta name=\"twitter:card\" content=\"summary_large_image\" \/>\n<meta name=\"twitter:label1\" content=\"Escrito por\" \/>\n\t<meta name=\"twitter:data1\" content=\"Jorge Mi\u00f1o\" \/>\n\t<meta name=\"twitter:label2\" content=\"Tiempo de lectura\" \/>\n\t<meta name=\"twitter:data2\" content=\"1 minuto\" \/>\n<script type=\"application\/ld+json\" class=\"yoast-schema-graph\">{\"@context\":\"https:\/\/schema.org\",\"@graph\":[{\"@type\":\"Article\",\"@id\":\"https:\/\/radioinfinitagoya.com.ar\/v1\/2025\/12\/15\/intendente-hormaechea-felicito-a-la-escuela-de-danzas-el-trovador\/#article\",\"isPartOf\":{\"@id\":\"https:\/\/radioinfinitagoya.com.ar\/v1\/2025\/12\/15\/intendente-hormaechea-felicito-a-la-escuela-de-danzas-el-trovador\/\"},\"author\":{\"name\":\"Jorge Mi\u00f1o\",\"@id\":\"https:\/\/radioinfinitagoya.com.ar\/v1\/#\/schema\/person\/d4cf9c413d4f6edb24aabdccab49ca4a\"},\"headline\":\"Intendente Hormaechea felicit\u00f3 a la Escuela de Danzas &#8220;El Trovador&#8221;\",\"datePublished\":\"2025-12-15T19:31:15+00:00\",\"mainEntityOfPage\":{\"@id\":\"https:\/\/radioinfinitagoya.com.ar\/v1\/2025\/12\/15\/intendente-hormaechea-felicito-a-la-escuela-de-danzas-el-trovador\/\"},\"wordCount\":300,\"commentCount\":0,\"publisher\":{\"@id\":\"https:\/\/radioinfinitagoya.com.ar\/v1\/#organization\"},\"image\":{\"@id\":\"https:\/\/radioinfinitagoya.com.ar\/v1\/2025\/12\/15\/intendente-hormaechea-felicito-a-la-escuela-de-danzas-el-trovador\/#primaryimage\"},\"thumbnailUrl\":\"https:\/\/radioinfinitagoya.com.ar\/v1\/wp-content\/uploads\/2025\/12\/el_trovadorr.jpg\",\"articleSection\":[\"LOCALES\"],\"inLanguage\":\"es-AR\",\"potentialAction\":[{\"@type\":\"CommentAction\",\"name\":\"Comment\",\"target\":[\"https:\/\/radioinfinitagoya.com.ar\/v1\/2025\/12\/15\/intendente-hormaechea-felicito-a-la-escuela-de-danzas-el-trovador\/#respond\"]}]},{\"@type\":\"WebPage\",\"@id\":\"https:\/\/radioinfinitagoya.com.ar\/v1\/2025\/12\/15\/intendente-hormaechea-felicito-a-la-escuela-de-danzas-el-trovador\/\",\"url\":\"https:\/\/radioinfinitagoya.com.ar\/v1\/2025\/12\/15\/intendente-hormaechea-felicito-a-la-escuela-de-danzas-el-trovador\/\",\"name\":\"Intendente Hormaechea felicit\u00f3 a la Escuela de Danzas \\\"El Trovador\\\" - Radio Infinita Goya\",\"isPartOf\":{\"@id\":\"https:\/\/radioinfinitagoya.com.ar\/v1\/#website\"},\"primaryImageOfPage\":{\"@id\":\"https:\/\/radioinfinitagoya.com.ar\/v1\/2025\/12\/15\/intendente-hormaechea-felicito-a-la-escuela-de-danzas-el-trovador\/#primaryimage\"},\"image\":{\"@id\":\"https:\/\/radioinfinitagoya.com.ar\/v1\/2025\/12\/15\/intendente-hormaechea-felicito-a-la-escuela-de-danzas-el-trovador\/#primaryimage\"},\"thumbnailUrl\":\"https:\/\/radioinfinitagoya.com.ar\/v1\/wp-content\/uploads\/2025\/12\/el_trovadorr.jpg\",\"datePublished\":\"2025-12-15T19:31:15+00:00\",\"description\":\"Por representar a Goya en la Fiesta Nacioanl del Chamam\u00e9 2026 Intendente Hormaechea felicit\u00f3 a la Escuela de Danzas Nativas \u201cEl Trovador\u201d por galard\u00f3n\",\"breadcrumb\":{\"@id\":\"https:\/\/radioinfinitagoya.com.ar\/v1\/2025\/12\/15\/intendente-hormaechea-felicito-a-la-escuela-de-danzas-el-trovador\/#breadcrumb\"},\"inLanguage\":\"es-AR\",\"potentialAction\":[{\"@type\":\"ReadAction\",\"target\":[\"https:\/\/radioinfinitagoya.com.ar\/v1\/2025\/12\/15\/intendente-hormaechea-felicito-a-la-escuela-de-danzas-el-trovador\/\"]}]},{\"@type\":\"ImageObject\",\"inLanguage\":\"es-AR\",\"@id\":\"https:\/\/radioinfinitagoya.com.ar\/v1\/2025\/12\/15\/intendente-hormaechea-felicito-a-la-escuela-de-danzas-el-trovador\/#primaryimage\",\"url\":\"https:\/\/radioinfinitagoya.com.ar\/v1\/wp-content\/uploads\/2025\/12\/el_trovadorr.jpg\",\"contentUrl\":\"https:\/\/radioinfinitagoya.com.ar\/v1\/wp-content\/uploads\/2025\/12\/el_trovadorr.jpg\",\"width\":848,\"height\":477},{\"@type\":\"BreadcrumbList\",\"@id\":\"https:\/\/radioinfinitagoya.com.ar\/v1\/2025\/12\/15\/intendente-hormaechea-felicito-a-la-escuela-de-danzas-el-trovador\/#breadcrumb\",\"itemListElement\":[{\"@type\":\"ListItem\",\"position\":1,\"name\":\"Inicio\",\"item\":\"https:\/\/radioinfinitagoya.com.ar\/v1\/\"},{\"@type\":\"ListItem\",\"position\":2,\"name\":\"Intendente Hormaechea felicit\u00f3 a la Escuela de Danzas &#8220;El Trovador&#8221;\"}]},{\"@type\":\"WebSite\",\"@id\":\"https:\/\/radioinfinitagoya.com.ar\/v1\/#website\",\"url\":\"https:\/\/radioinfinitagoya.com.ar\/v1\/\",\"name\":\"radioinfinitagoya.com.ar\",\"description\":\"Radio de noticias\",\"publisher\":{\"@id\":\"https:\/\/radioinfinitagoya.com.ar\/v1\/#organization\"},\"potentialAction\":[{\"@type\":\"SearchAction\",\"target\":{\"@type\":\"EntryPoint\",\"urlTemplate\":\"https:\/\/radioinfinitagoya.com.ar\/v1\/?s={search_term_string}\"},\"query-input\":{\"@type\":\"PropertyValueSpecification\",\"valueRequired\":true,\"valueName\":\"search_term_string\"}}],\"inLanguage\":\"es-AR\"},{\"@type\":\"Organization\",\"@id\":\"https:\/\/radioinfinitagoya.com.ar\/v1\/#organization\",\"name\":\"Radio Infinita Goya\",\"url\":\"https:\/\/radioinfinitagoya.com.ar\/v1\/\",\"logo\":{\"@type\":\"ImageObject\",\"inLanguage\":\"es-AR\",\"@id\":\"https:\/\/radioinfinitagoya.com.ar\/v1\/#\/schema\/logo\/image\/\",\"url\":\"https:\/\/radioinfinitagoya.com.ar\/v1\/wp-content\/uploads\/2019\/11\/logo-pie-web.png\",\"contentUrl\":\"https:\/\/radioinfinitagoya.com.ar\/v1\/wp-content\/uploads\/2019\/11\/logo-pie-web.png\",\"width\":635,\"height\":326,\"caption\":\"Radio Infinita Goya\"},\"image\":{\"@id\":\"https:\/\/radioinfinitagoya.com.ar\/v1\/#\/schema\/logo\/image\/\"},\"sameAs\":[\"https:\/\/www.facebook.com\/p\/Infinita-Goya-100063870918311\/\"]},{\"@type\":\"Person\",\"@id\":\"https:\/\/radioinfinitagoya.com.ar\/v1\/#\/schema\/person\/d4cf9c413d4f6edb24aabdccab49ca4a\",\"name\":\"Jorge Mi\u00f1o\",\"image\":{\"@type\":\"ImageObject\",\"inLanguage\":\"es-AR\",\"@id\":\"https:\/\/secure.gravatar.com\/avatar\/910fcf6728fe95320e07a6643c1581fec1c7fc4bf8ae12e3d8f0d0373dc844be?s=96&d=mm&r=g\",\"url\":\"https:\/\/secure.gravatar.com\/avatar\/910fcf6728fe95320e07a6643c1581fec1c7fc4bf8ae12e3d8f0d0373dc844be?s=96&d=mm&r=g\",\"contentUrl\":\"https:\/\/secure.gravatar.com\/avatar\/910fcf6728fe95320e07a6643c1581fec1c7fc4bf8ae12e3d8f0d0373dc844be?s=96&d=mm&r=g\",\"caption\":\"Jorge Mi\u00f1o\"},\"sameAs\":[\"http:\/\/radioinfinitagoya.com.ar\"]}]}<\/script>\n<!-- \/ Yoast SEO plugin. -->","yoast_head_json":{"title":"Intendente Hormaechea felicit\u00f3 a la Escuela de Danzas \"El Trovador\" - Radio Infinita Goya","description":"Por representar a Goya en la Fiesta Nacioanl del Chamam\u00e9 2026 Intendente Hormaechea felicit\u00f3 a la Escuela de Danzas Nativas \u201cEl Trovador\u201d por galard\u00f3n","robots":{"index":"index","follow":"follow","max-snippet":"max-snippet:-1","max-image-preview":"max-image-preview:large","max-video-preview":"max-video-preview:-1"},"canonical":"https:\/\/radioinfinitagoya.com.ar\/v1\/2025\/12\/15\/intendente-hormaechea-felicito-a-la-escuela-de-danzas-el-trovador\/","og_locale":"es_ES","og_type":"article","og_title":"Intendente Hormaechea felicit\u00f3 a la Escuela de Danzas \"El Trovador\" - Radio Infinita Goya","og_description":"Por representar a Goya en la Fiesta Nacioanl del Chamam\u00e9 2026 Intendente Hormaechea felicit\u00f3 a la Escuela de Danzas Nativas \u201cEl Trovador\u201d por galard\u00f3n","og_url":"https:\/\/radioinfinitagoya.com.ar\/v1\/2025\/12\/15\/intendente-hormaechea-felicito-a-la-escuela-de-danzas-el-trovador\/","og_site_name":"Radio Infinita Goya","article_publisher":"https:\/\/www.facebook.com\/p\/Infinita-Goya-100063870918311\/","article_published_time":"2025-12-15T19:31:15+00:00","og_image":[{"width":848,"height":477,"url":"https:\/\/radioinfinitagoya.com.ar\/v1\/wp-content\/uploads\/2025\/12\/el_trovadorr.jpg","type":"image\/jpeg"}],"author":"Jorge Mi\u00f1o","twitter_card":"summary_large_image","twitter_misc":{"Escrito por":"Jorge Mi\u00f1o","Tiempo de lectura":"1 minuto"},"schema":{"@context":"https:\/\/schema.org","@graph":[{"@type":"Article","@id":"https:\/\/radioinfinitagoya.com.ar\/v1\/2025\/12\/15\/intendente-hormaechea-felicito-a-la-escuela-de-danzas-el-trovador\/#article","isPartOf":{"@id":"https:\/\/radioinfinitagoya.com.ar\/v1\/2025\/12\/15\/intendente-hormaechea-felicito-a-la-escuela-de-danzas-el-trovador\/"},"author":{"name":"Jorge Mi\u00f1o","@id":"https:\/\/radioinfinitagoya.com.ar\/v1\/#\/schema\/person\/d4cf9c413d4f6edb24aabdccab49ca4a"},"headline":"Intendente Hormaechea felicit\u00f3 a la Escuela de Danzas &#8220;El Trovador&#8221;","datePublished":"2025-12-15T19:31:15+00:00","mainEntityOfPage":{"@id":"https:\/\/radioinfinitagoya.com.ar\/v1\/2025\/12\/15\/intendente-hormaechea-felicito-a-la-escuela-de-danzas-el-trovador\/"},"wordCount":300,"commentCount":0,"publisher":{"@id":"https:\/\/radioinfinitagoya.com.ar\/v1\/#organization"},"image":{"@id":"https:\/\/radioinfinitagoya.com.ar\/v1\/2025\/12\/15\/intendente-hormaechea-felicito-a-la-escuela-de-danzas-el-trovador\/#primaryimage"},"thumbnailUrl":"https:\/\/radioinfinitagoya.com.ar\/v1\/wp-content\/uploads\/2025\/12\/el_trovadorr.jpg","articleSection":["LOCALES"],"inLanguage":"es-AR","potentialAction":[{"@type":"CommentAction","name":"Comment","target":["https:\/\/radioinfinitagoya.com.ar\/v1\/2025\/12\/15\/intendente-hormaechea-felicito-a-la-escuela-de-danzas-el-trovador\/#respond"]}]},{"@type":"WebPage","@id":"https:\/\/radioinfinitagoya.com.ar\/v1\/2025\/12\/15\/intendente-hormaechea-felicito-a-la-escuela-de-danzas-el-trovador\/","url":"https:\/\/radioinfinitagoya.com.ar\/v1\/2025\/12\/15\/intendente-hormaechea-felicito-a-la-escuela-de-danzas-el-trovador\/","name":"Intendente Hormaechea felicit\u00f3 a la Escuela de Danzas \"El Trovador\" - Radio Infinita Goya","isPartOf":{"@id":"https:\/\/radioinfinitagoya.com.ar\/v1\/#website"},"primaryImageOfPage":{"@id":"https:\/\/radioinfinitagoya.com.ar\/v1\/2025\/12\/15\/intendente-hormaechea-felicito-a-la-escuela-de-danzas-el-trovador\/#primaryimage"},"image":{"@id":"https:\/\/radioinfinitagoya.com.ar\/v1\/2025\/12\/15\/intendente-hormaechea-felicito-a-la-escuela-de-danzas-el-trovador\/#primaryimage"},"thumbnailUrl":"https:\/\/radioinfinitagoya.com.ar\/v1\/wp-content\/uploads\/2025\/12\/el_trovadorr.jpg","datePublished":"2025-12-15T19:31:15+00:00","description":"Por representar a Goya en la Fiesta Nacioanl del Chamam\u00e9 2026 Intendente Hormaechea felicit\u00f3 a la Escuela de Danzas Nativas \u201cEl Trovador\u201d por galard\u00f3n","breadcrumb":{"@id":"https:\/\/radioinfinitagoya.com.ar\/v1\/2025\/12\/15\/intendente-hormaechea-felicito-a-la-escuela-de-danzas-el-trovador\/#breadcrumb"},"inLanguage":"es-AR","potentialAction":[{"@type":"ReadAction","target":["https:\/\/radioinfinitagoya.com.ar\/v1\/2025\/12\/15\/intendente-hormaechea-felicito-a-la-escuela-de-danzas-el-trovador\/"]}]},{"@type":"ImageObject","inLanguage":"es-AR","@id":"https:\/\/radioinfinitagoya.com.ar\/v1\/2025\/12\/15\/intendente-hormaechea-felicito-a-la-escuela-de-danzas-el-trovador\/#primaryimage","url":"https:\/\/radioinfinitagoya.com.ar\/v1\/wp-content\/uploads\/2025\/12\/el_trovadorr.jpg","contentUrl":"https:\/\/radioinfinitagoya.com.ar\/v1\/wp-content\/uploads\/2025\/12\/el_trovadorr.jpg","width":848,"height":477},{"@type":"BreadcrumbList","@id":"https:\/\/radioinfinitagoya.com.ar\/v1\/2025\/12\/15\/intendente-hormaechea-felicito-a-la-escuela-de-danzas-el-trovador\/#breadcrumb","itemListElement":[{"@type":"ListItem","position":1,"name":"Inicio","item":"https:\/\/radioinfinitagoya.com.ar\/v1\/"},{"@type":"ListItem","position":2,"name":"Intendente Hormaechea felicit\u00f3 a la Escuela de Danzas &#8220;El Trovador&#8221;"}]},{"@type":"WebSite","@id":"https:\/\/radioinfinitagoya.com.ar\/v1\/#website","url":"https:\/\/radioinfinitagoya.com.ar\/v1\/","name":"radioinfinitagoya.com.ar","description":"Radio de noticias","publisher":{"@id":"https:\/\/radioinfinitagoya.com.ar\/v1\/#organization"},"potentialAction":[{"@type":"SearchAction","target":{"@type":"EntryPoint","urlTemplate":"https:\/\/radioinfinitagoya.com.ar\/v1\/?s={search_term_string}"},"query-input":{"@type":"PropertyValueSpecification","valueRequired":true,"valueName":"search_term_string"}}],"inLanguage":"es-AR"},{"@type":"Organization","@id":"https:\/\/radioinfinitagoya.com.ar\/v1\/#organization","name":"Radio Infinita Goya","url":"https:\/\/radioinfinitagoya.com.ar\/v1\/","logo":{"@type":"ImageObject","inLanguage":"es-AR","@id":"https:\/\/radioinfinitagoya.com.ar\/v1\/#\/schema\/logo\/image\/","url":"https:\/\/radioinfinitagoya.com.ar\/v1\/wp-content\/uploads\/2019\/11\/logo-pie-web.png","contentUrl":"https:\/\/radioinfinitagoya.com.ar\/v1\/wp-content\/uploads\/2019\/11\/logo-pie-web.png","width":635,"height":326,"caption":"Radio Infinita Goya"},"image":{"@id":"https:\/\/radioinfinitagoya.com.ar\/v1\/#\/schema\/logo\/image\/"},"sameAs":["https:\/\/www.facebook.com\/p\/Infinita-Goya-100063870918311\/"]},{"@type":"Person","@id":"https:\/\/radioinfinitagoya.com.ar\/v1\/#\/schema\/person\/d4cf9c413d4f6edb24aabdccab49ca4a","name":"Jorge Mi\u00f1o","image":{"@type":"ImageObject","inLanguage":"es-AR","@id":"https:\/\/secure.gravatar.com\/avatar\/910fcf6728fe95320e07a6643c1581fec1c7fc4bf8ae12e3d8f0d0373dc844be?s=96&d=mm&r=g","url":"https:\/\/secure.gravatar.com\/avatar\/910fcf6728fe95320e07a6643c1581fec1c7fc4bf8ae12e3d8f0d0373dc844be?s=96&d=mm&r=g","contentUrl":"https:\/\/secure.gravatar.com\/avatar\/910fcf6728fe95320e07a6643c1581fec1c7fc4bf8ae12e3d8f0d0373dc844be?s=96&d=mm&r=g","caption":"Jorge Mi\u00f1o"},"sameAs":["http:\/\/radioinfinitagoya.com.ar"]}]}},"_links":{"self":[{"href":"https:\/\/radioinfinitagoya.com.ar\/v1\/wp-json\/wp\/v2\/posts\/201300","targetHints":{"allow":["GET"]}}],"collection":[{"href":"https:\/\/radioinfinitagoya.com.ar\/v1\/wp-json\/wp\/v2\/posts"}],"about":[{"href":"https:\/\/radioinfinitagoya.com.ar\/v1\/wp-json\/wp\/v2\/types\/post"}],"author":[{"embeddable":true,"href":"https:\/\/radioinfinitagoya.com.ar\/v1\/wp-json\/wp\/v2\/users\/4"}],"replies":[{"embeddable":true,"href":"https:\/\/radioinfinitagoya.com.ar\/v1\/wp-json\/wp\/v2\/comments?post=201300"}],"version-history":[{"count":0,"href":"https:\/\/radioinfinitagoya.com.ar\/v1\/wp-json\/wp\/v2\/posts\/201300\/revisions"}],"wp:featuredmedia":[{"embeddable":true,"href":"https:\/\/radioinfinitagoya.com.ar\/v1\/wp-json\/wp\/v2\/media\/201301"}],"wp:attachment":[{"href":"https:\/\/radioinfinitagoya.com.ar\/v1\/wp-json\/wp\/v2\/media?parent=201300"}],"wp:term":[{"taxonomy":"category","embeddable":true,"href":"https:\/\/radioinfinitagoya.com.ar\/v1\/wp-json\/wp\/v2\/categories?post=201300"},{"taxonomy":"post_tag","embeddable":true,"href":"https:\/\/radioinfinitagoya.com.ar\/v1\/wp-json\/wp\/v2\/tags?post=201300"}],"curies":[{"name":"wp","href":"https:\/\/api.w.org\/{rel}","templated":true}]}}