{"id":201309,"date":"2025-12-15T16:49:16","date_gmt":"2025-12-15T19:49:16","guid":{"rendered":"https:\/\/radioinfinitagoya.com.ar\/v1\/?p=201309"},"modified":"2025-12-15T16:49:16","modified_gmt":"2025-12-15T19:49:16","slug":"en-un-duro-comunicado-la-afa-le-respondio-al-gobierno-y-defendio-la-gestion-de-claudio-tapia","status":"publish","type":"post","link":"https:\/\/radioinfinitagoya.com.ar\/v1\/2025\/12\/15\/en-un-duro-comunicado-la-afa-le-respondio-al-gobierno-y-defendio-la-gestion-de-claudio-tapia\/","title":{"rendered":"En un duro comunicado, la AFA le respondi\u00f3 al Gobierno y defendi\u00f3 la gesti\u00f3n de Claudio Tapia"},"content":{"rendered":"<p>La Asociaci\u00f3n del F\u00fatbol Argentino emiti\u00f3 un escrito tras la denuncia que present\u00f3 Patricia Bullrich ante el Tribunal de \u00c9tica de la Conmebol. Apuntaron que encontraron una entidad \u201cac\u00e9fala, desfinanciada y desprestigiada\u201d y remarcaron: \u201cSe convirti\u00f3 en un organismo superavitario, como est\u00e1 de moda decir\u201d<\/p>\n<p>En un duro comunicado, la Asociaci\u00f3n del F\u00fatbol Argentino (AFA) le respondi\u00f3 al Gobierno tras la denuncia de Patricia Bullrich ante la Conmebol y defendi\u00f3 la gesti\u00f3n del presidente Claudio \u201cChiqui\u201d Tapia al frente del organismo.<\/p>\n<p>En el escrito, la entidad destac\u00f3 que desde que Tapia lleg\u00f3 al frente en 2017, &#8220;nos encontramos con una instituci\u00f3n devastada&#8221;. Y continu\u00f3: \u201cEcon\u00f3micamente, la casa del f\u00fatbol argentino estaba desordenada, con deudas acumuladas y compromisos incumplidos con los clubes. La dependencia de recursos externos, como el programa F\u00fatbol Para Todos, hab\u00eda dejado a la Asociaci\u00f3n sin autonom\u00eda financiera y con una administraci\u00f3n poco clara\u201d.<\/p>\n<p>\u201cInstitucionalmente, el panorama era igual de cr\u00edtico. Tras la muerte de Julio Grondona, la AFA qued\u00f3 sin conducci\u00f3n firme. El episodio del famoso \u201c38-38\u201d en las elecciones de 2015 fue un papel\u00f3n que mostr\u00f3 al mundo la falta de seriedad en nuestros procesos internos. La FIFA tuvo que intervenir en 2016 con una Comisi\u00f3n Normalizadora para evitar sanciones y garantizar que, entre otras cosas, nuestros Torneos se pudieran seguir jugando y nuestras Selecciones pudieran seguir compitiendo&#8221;, a\u00f1adieron.<\/p>\n<p>Y continuaron: \u201cLa imagen p\u00fablica estaba da\u00f1ada. Los clubes estaban divididos, los entrenadores renunciaban, y hasta nuestros m\u00e1ximos referentes de la Selecci\u00f3n llegaron a plantearse dar un paso al costado. Era un escenario de descr\u00e9dito total, con riesgo de sanciones internacionales y sin confianza de los hinchas ni de la sociedad. Eso fue lo que encontramos: una AFA ac\u00e9fala, desfinanciada y desprestigiada. Desde ese punto de partida comenzamos a trabajar para ordenar las cuentas, recuperar la credibilidad y devolverle a la instituci\u00f3n el prestigio que merece.<\/p>\n<p><img loading=\"lazy\" decoding=\"async\" class=\"alignnone size-full wp-image-201311\" src=\"https:\/\/radioinfinitagoya.com.ar\/v1\/wp-content\/uploads\/2025\/12\/WWLTANZYMZBV5ACGEFDCRRXHYQ.avif\" alt=\"\" width=\"992\" height=\"558\" srcset=\"https:\/\/radioinfinitagoya.com.ar\/v1\/wp-content\/uploads\/2025\/12\/WWLTANZYMZBV5ACGEFDCRRXHYQ.avif 992w, https:\/\/radioinfinitagoya.com.ar\/v1\/wp-content\/uploads\/2025\/12\/WWLTANZYMZBV5ACGEFDCRRXHYQ-150x84.jpg 150w, https:\/\/radioinfinitagoya.com.ar\/v1\/wp-content\/uploads\/2025\/12\/WWLTANZYMZBV5ACGEFDCRRXHYQ-768x432.jpg 768w, https:\/\/radioinfinitagoya.com.ar\/v1\/wp-content\/uploads\/2025\/12\/WWLTANZYMZBV5ACGEFDCRRXHYQ-747x420.jpg 747w, https:\/\/radioinfinitagoya.com.ar\/v1\/wp-content\/uploads\/2025\/12\/WWLTANZYMZBV5ACGEFDCRRXHYQ-696x392.jpg 696w\" sizes=\"auto, (max-width: 992px) 100vw, 992px\" \/>&#8220;Desde ese d\u00eda a la fecha, la AFA, no s\u00f3lo recuper\u00f3 la posici\u00f3n que ocupaba en el f\u00fatbol mundial, se convirti\u00f3 en un organismo superavitario, como est\u00e1 de moda decir ahora, y hoy no recibe un solo peso del estado\u201c, enfatizaron en un pasaje del escrito que se public\u00f3 en el sitio oficial de la entidad.<\/p>\n<p>En ese sentido, desde el organismo que conduce Tapia sostuvieron que \u201cse manten\u00edan deudas de hasta tres meses de sueldos a los Cuerpos T\u00e9cnicos que precedieron a la actual conducci\u00f3n, todo lo cual fue regularizado\u201c. Destacaron que actualmente hay \u201duna plantilla de 1.300 personas&#8221; y que la AFA &#8220;afronta mensualmente, en t\u00e9rmino, una erogaci\u00f3n mensual en concepto de sueldos de aproximadamente 4.000 millones de pesos\u201c.<\/p>\n<p>Mientras que remarcaron que en el predio \u201cLionel Andr\u00e9s Messi\u201d actualmente entrenan \u201c24 Seleccionados, femeninos y masculinos, de todas las disciplinas, once, Futsal y F\u00fatbol Playa\u201d. \u201cAproximadamente 1.000 personas transitan el Predio y 400 atletas diariamente se alimentan en los comedores\u201d, a\u00f1adieron.<\/p>\n<p>\u201cCon iniciativa, creatividad y esfuerzo propio y de quienes nos acompa\u00f1an en estos emprendimientos, llevamos la profesionalizaci\u00f3n a todas las Categor\u00edas del f\u00fatbol masculino e incluimos a la Primera Divisi\u00f3n \u2018A\u2019 del f\u00fatbol femenino. Se iniciaron los proyectos y trabajos en el nuevo Predio que ser\u00e1 destinado a las distintas Selecciones femeninas de nuestra Asociaci\u00f3n. Nunca antes se hab\u00eda dado este impulso, totalmente merecido, al f\u00fatbol femenino. Tambi\u00e9n es cierto y as\u00ed lo entendemos, que a\u00fan hay mucho por hacer y en ese camino estamos enfocados\u201d, indic\u00f3 el escrito.<\/p>\n<p>Tras destacar los logros de la gesti\u00f3n de Tapia, enfatizaron: \u201cContra creencia, tal vez por falta de informaci\u00f3n o por una interesada desinformaci\u00f3n, que de los derechos televisivos la AFA no se queda con ning\u00fan porcentaje. Todo lo ingresado se destina \u00edntegramente a los clubes, en la medida de las posibilidades y porcentajes de distribuci\u00f3n dispuestos por la dirigencia del f\u00fatbol. Si hilamos fino, para cubrir estos costos, que deben entenderse como una inversi\u00f3n y no como un gasto, la AFA debe recurrir a otros recursos tales como acuerdos comerciales con sponsors y partidos amistosos de la Selecci\u00f3n mayor\u201d.<\/p>\n<p><img loading=\"lazy\" decoding=\"async\" class=\"alignnone size-full wp-image-201312\" src=\"https:\/\/radioinfinitagoya.com.ar\/v1\/wp-content\/uploads\/2025\/12\/PZNT4HBRNJFODMLVHYUFQRSVWM.avif\" alt=\"\" width=\"992\" height=\"681\" srcset=\"https:\/\/radioinfinitagoya.com.ar\/v1\/wp-content\/uploads\/2025\/12\/PZNT4HBRNJFODMLVHYUFQRSVWM.avif 992w, https:\/\/radioinfinitagoya.com.ar\/v1\/wp-content\/uploads\/2025\/12\/PZNT4HBRNJFODMLVHYUFQRSVWM-150x103.jpg 150w, https:\/\/radioinfinitagoya.com.ar\/v1\/wp-content\/uploads\/2025\/12\/PZNT4HBRNJFODMLVHYUFQRSVWM-768x527.jpg 768w, https:\/\/radioinfinitagoya.com.ar\/v1\/wp-content\/uploads\/2025\/12\/PZNT4HBRNJFODMLVHYUFQRSVWM-612x420.jpg 612w, https:\/\/radioinfinitagoya.com.ar\/v1\/wp-content\/uploads\/2025\/12\/PZNT4HBRNJFODMLVHYUFQRSVWM-218x150.jpg 218w, https:\/\/radioinfinitagoya.com.ar\/v1\/wp-content\/uploads\/2025\/12\/PZNT4HBRNJFODMLVHYUFQRSVWM-696x478.jpg 696w, https:\/\/radioinfinitagoya.com.ar\/v1\/wp-content\/uploads\/2025\/12\/PZNT4HBRNJFODMLVHYUFQRSVWM-100x70.jpg 100w\" sizes=\"auto, (max-width: 992px) 100vw, 992px\" \/>\u201cTodo eso, se hizo gracias al esfuerzo de los actuales dirigentes del f\u00fatbol argentino y del Comit\u00e9 Ejecutivo que desde ya hace 8 a\u00f1os y medio viene trabajando incansablemente para hacer m\u00e1s y mejor para el desarrollo federal de nuestro deporte. Todo lo hecho se gestion\u00f3 a lo largo y a pesar de tres gobiernos distintos. Cada uno, a su manera, eligi\u00f3 a la AFA como blanco de sus ambiciones pol\u00edticas\u201d, sumaron.<\/p>\n<p>En ese sentido, sostuvieron que durante la presidencia de Mauricio Macri \u201ctuvimos que soportar constantes amenazas de intervenci\u00f3n, denuncias de cohecho, tr\u00e1fico de influencias, lavado de dinero y dem\u00e1s inventos, todo con el objeto de instaurar un modelo de gesti\u00f3n distinto al que hab\u00eda elegido el f\u00fatbol argentino\u201d.<\/p>\n<p>Mientras que durante la gesti\u00f3n de Alberto Fern\u00e1ndez, se\u00f1alaron, que \u201cel ex presidente se expres\u00f3 p\u00fablicamente en contra de esta dirigencia y pretendi\u00f3 ungir a su propio candidato para que dirija los destinos de la AFA, obviamente en contra de lo que se hab\u00eda elegido democr\u00e1ticamente\u201d.<\/p>\n<p>\u201cA\u00fan hoy insisten con presentarnos como la AFA peronista, cuando fuimos nosotros quienes no acompa\u00f1amos con nuestra imagen la compulsa proselitista. Tanto nuestro tesorero como nuestro presidente fueron investigados y oportunamente sobrese\u00eddos en todas las causas iniciadas en el marco de una evidente persecuci\u00f3n pol\u00edtica hacia ambos\u201d, continu\u00f3 el comunicado.<\/p>\n<p>Ya en la presidencia de Javier Milei, desde el organismo apuntaron que \u201ctuvimos que enfrentar el ataque coordinado de su Ministro de Justicia, Dr. Mariano C\u00faneo Libarona, de la Diputada Juliana Santill\u00e1n y de actual Senadora Patricia Bullrich\u201d.<\/p>\n<p><img loading=\"lazy\" decoding=\"async\" class=\"alignnone size-full wp-image-201313\" src=\"https:\/\/radioinfinitagoya.com.ar\/v1\/wp-content\/uploads\/2025\/12\/UCQ4DDWZJZE4LDINX7XNSVJ3QU.avif\" alt=\"\" width=\"992\" height=\"664\" srcset=\"https:\/\/radioinfinitagoya.com.ar\/v1\/wp-content\/uploads\/2025\/12\/UCQ4DDWZJZE4LDINX7XNSVJ3QU.avif 992w, https:\/\/radioinfinitagoya.com.ar\/v1\/wp-content\/uploads\/2025\/12\/UCQ4DDWZJZE4LDINX7XNSVJ3QU-150x100.jpg 150w, https:\/\/radioinfinitagoya.com.ar\/v1\/wp-content\/uploads\/2025\/12\/UCQ4DDWZJZE4LDINX7XNSVJ3QU-768x514.jpg 768w, https:\/\/radioinfinitagoya.com.ar\/v1\/wp-content\/uploads\/2025\/12\/UCQ4DDWZJZE4LDINX7XNSVJ3QU-627x420.jpg 627w, https:\/\/radioinfinitagoya.com.ar\/v1\/wp-content\/uploads\/2025\/12\/UCQ4DDWZJZE4LDINX7XNSVJ3QU-696x466.jpg 696w\" sizes=\"auto, (max-width: 992px) 100vw, 992px\" \/>\u201cAvanzaron con la IGJ intentando obstruir la realizaci\u00f3n de la Asamblea de la AFA y el pleno ejercicio del derecho democr\u00e1tico de la dirigencia a manifestar su libre decisi\u00f3n a trav\u00e9s de algo tan simple, claro y transparente como lo es el acto de la votaci\u00f3n. No pudiendo lograr su objetivo, volvieron las amenazas de la intervenci\u00f3n\u201d, se\u00f1alaron.<\/p>\n<p>En tanto, tambi\u00e9n cuestionaron la intenci\u00f3n que han mostrado desde el Poder Ejecutivo en avanzar con las Sociedades An\u00f3nimas Deportivas, \u201cen contra de la libertad que tienen los clubes a trav\u00e9s de sus dirigentes para elegir el modelo de Asociaciones Civiles sin fines de lucro\u201d.<\/p>\n<p>\u201cNo contento ni de acuerdo en admitir la libre decisi\u00f3n de los clubes, el Ministro de Desregulaci\u00f3n y Transformaci\u00f3n del Estado, Dr. Federico Sturzenegger expres\u00f3 p\u00fablicamente su estrategia para continuar con su plan de acci\u00f3n: empobrecer a los clubes aumentando la al\u00edcuota del Decreto 1212. Siempre en defensa de nuestros clubes y nuestras Ligas de todo el pa\u00eds la AFA acudi\u00f3 ante los estrados judiciales competentes y una vez m\u00e1s la justicia puso l\u00edmite a ese nuevo y desesperado intento del Gobierno Nacional a trav\u00e9s de uno de sus Ministros\u201d, comentaron.<\/p>\n<p>Asimismo, cruzaron a Bullrich quien este lunes present\u00f3 una denuncia ante el Tribunal de \u00c9tica de la Conmebol, donde solicita una investigaci\u00f3n preliminar por presuntas irregularidades en la gesti\u00f3n del f\u00fatbol argentino. La presentaci\u00f3n pone bajo la lupa la integridad y transparencia de la conducci\u00f3n de Tapia, en un contexto donde ya existen investigaciones judiciales en curso por presunto lavado de activos, evasi\u00f3n fiscal y ocultamiento patrimonial.<\/p>\n<p><img loading=\"lazy\" decoding=\"async\" class=\"alignnone size-full wp-image-201314\" src=\"https:\/\/radioinfinitagoya.com.ar\/v1\/wp-content\/uploads\/2025\/12\/YMFNRTRQ7NHDRPXPFPXGG4DPGM.avif\" alt=\"\" width=\"992\" height=\"661\" srcset=\"https:\/\/radioinfinitagoya.com.ar\/v1\/wp-content\/uploads\/2025\/12\/YMFNRTRQ7NHDRPXPFPXGG4DPGM.avif 992w, https:\/\/radioinfinitagoya.com.ar\/v1\/wp-content\/uploads\/2025\/12\/YMFNRTRQ7NHDRPXPFPXGG4DPGM-150x100.jpg 150w, https:\/\/radioinfinitagoya.com.ar\/v1\/wp-content\/uploads\/2025\/12\/YMFNRTRQ7NHDRPXPFPXGG4DPGM-768x512.jpg 768w, https:\/\/radioinfinitagoya.com.ar\/v1\/wp-content\/uploads\/2025\/12\/YMFNRTRQ7NHDRPXPFPXGG4DPGM-630x420.jpg 630w, https:\/\/radioinfinitagoya.com.ar\/v1\/wp-content\/uploads\/2025\/12\/YMFNRTRQ7NHDRPXPFPXGG4DPGM-696x464.jpg 696w\" sizes=\"auto, (max-width: 992px) 100vw, 992px\" \/>Durante la gesti\u00f3n iniciada en 2017, siempre se eligi\u00f3 privilegiar el f\u00fatbol frente a cuestiones pol\u00edtico partidarias. Nunca nos pr\u00e9stamos a la utilizaci\u00f3n de los Campeones de Am\u00e9rica y del Mundo, nuestros planteles no representan a un partido pol\u00edtico, sino a un pa\u00eds\u201d, destacaron.<\/p>\n<p>Y completaron: \u201cAl final del d\u00eda, mientras algunos critican desde afuera (los mismos que criticaban la decisi\u00f3n de sostener al DT. Scaloni y su Cuerpo T\u00e9cnico antes de que ganaran un mundial y dos copas Am\u00e9rica), nosotros seguimos haciendo lo que siempre hicimos: poner la pelota en el piso, jugar simple, mirar el largo del campo y trabajar para que el f\u00fatbol argentino siga creciendo. Si eso genera sospechas, teor\u00edas creativas o debates interminables, ser\u00e1 porque estamos haciendo las cosas demasiado bien. Despu\u00e9s de todo, en la AFA no hablamos de pol\u00edtica, hablamos de f\u00fatbol. El resto, que lo discutan en la tribuna\u201c.<\/p>\n<p>En ese marco, polemizaron con la situaci\u00f3n actual del pa\u00eds y el debate que se viene en el Congreso de la Naci\u00f3n durante las sesiones extraordinarias. \u201cM\u00e1s de 90.000 puestos de trabajos perdidos desde noviembre de 2023 hasta la fecha. M\u00e1s de 20 empresas y f\u00e1bricas importantes a nivel nacional que cerraron sus plantas por el aumento masivo de importaciones y la ca\u00edda extrema del consumo. Con ese dram\u00e1tico contexto del pa\u00eds y el foco puesto en cuestiones que nada tienen que ver con la realidad que atravesamos los argentinos, nosotros, igual, no te daremos los derechos\u201d, cerraron en el mensaje.<\/p>\n","protected":false},"excerpt":{"rendered":"<p>La Asociaci\u00f3n del F\u00fatbol Argentino emiti\u00f3 un escrito tras la denuncia que present\u00f3 Patricia Bullrich ante el Tribunal de \u00c9tica de la Conmebol. Apuntaron que encontraron una entidad \u201cac\u00e9fala, desfinanciada y desprestigiada\u201d y remarcaron: \u201cSe convirti\u00f3 en un organismo superavitario, como est\u00e1 de moda decir\u201d En un duro comunicado, la Asociaci\u00f3n del F\u00fatbol Argentino (AFA) [&hellip;]<\/p>\n","protected":false},"author":4,"featured_media":201310,"comment_status":"open","ping_status":"open","sticky":false,"template":"","format":"standard","meta":{"_joinchat":[],"footnotes":""},"categories":[31],"tags":[],"class_list":{"0":"post-201309","1":"post","2":"type-post","3":"status-publish","4":"format-standard","5":"has-post-thumbnail","7":"category-informacion-general"},"yoast_head":"<!-- This site is optimized with the Yoast SEO plugin v27.2 - https:\/\/yoast.com\/product\/yoast-seo-wordpress\/ -->\n<title>En un duro comunicado, la AFA le respondi\u00f3 al Gobierno y defendi\u00f3 la gesti\u00f3n de Claudio Tapia - Radio Infinita Goya<\/title>\n<meta name=\"description\" content=\"La Asociaci\u00f3n del F\u00fatbol Argentino emiti\u00f3 un escrito tras la denuncia que present\u00f3 Patricia Bullrich ante el Tribunal de \u00c9tica de la Conmebol. Apuntaron\" \/>\n<meta name=\"robots\" content=\"index, follow, max-snippet:-1, max-image-preview:large, max-video-preview:-1\" \/>\n<link rel=\"canonical\" href=\"https:\/\/radioinfinitagoya.com.ar\/v1\/2025\/12\/15\/en-un-duro-comunicado-la-afa-le-respondio-al-gobierno-y-defendio-la-gestion-de-claudio-tapia\/\" \/>\n<meta property=\"og:locale\" content=\"es_ES\" \/>\n<meta property=\"og:type\" content=\"article\" \/>\n<meta property=\"og:title\" content=\"En un duro comunicado, la AFA le respondi\u00f3 al Gobierno y defendi\u00f3 la gesti\u00f3n de Claudio Tapia - Radio Infinita Goya\" \/>\n<meta property=\"og:description\" content=\"La Asociaci\u00f3n del F\u00fatbol Argentino emiti\u00f3 un escrito tras la denuncia que present\u00f3 Patricia Bullrich ante el Tribunal de \u00c9tica de la Conmebol. Apuntaron\" \/>\n<meta property=\"og:url\" content=\"https:\/\/radioinfinitagoya.com.ar\/v1\/2025\/12\/15\/en-un-duro-comunicado-la-afa-le-respondio-al-gobierno-y-defendio-la-gestion-de-claudio-tapia\/\" \/>\n<meta property=\"og:site_name\" content=\"Radio Infinita Goya\" \/>\n<meta property=\"article:publisher\" content=\"https:\/\/www.facebook.com\/p\/Infinita-Goya-100063870918311\/\" \/>\n<meta property=\"article:published_time\" content=\"2025-12-15T19:49:16+00:00\" \/>\n<meta name=\"author\" content=\"Jorge Mi\u00f1o\" \/>\n<meta name=\"twitter:card\" content=\"summary_large_image\" \/>\n<meta name=\"twitter:label1\" content=\"Escrito por\" \/>\n\t<meta name=\"twitter:data1\" content=\"Jorge Mi\u00f1o\" \/>\n\t<meta name=\"twitter:label2\" content=\"Tiempo de lectura\" \/>\n\t<meta name=\"twitter:data2\" content=\"8 minutos\" \/>\n<script type=\"application\/ld+json\" class=\"yoast-schema-graph\">{\"@context\":\"https:\/\/schema.org\",\"@graph\":[{\"@type\":\"Article\",\"@id\":\"https:\/\/radioinfinitagoya.com.ar\/v1\/2025\/12\/15\/en-un-duro-comunicado-la-afa-le-respondio-al-gobierno-y-defendio-la-gestion-de-claudio-tapia\/#article\",\"isPartOf\":{\"@id\":\"https:\/\/radioinfinitagoya.com.ar\/v1\/2025\/12\/15\/en-un-duro-comunicado-la-afa-le-respondio-al-gobierno-y-defendio-la-gestion-de-claudio-tapia\/\"},\"author\":{\"name\":\"Jorge Mi\u00f1o\",\"@id\":\"https:\/\/radioinfinitagoya.com.ar\/v1\/#\/schema\/person\/d4cf9c413d4f6edb24aabdccab49ca4a\"},\"headline\":\"En un duro comunicado, la AFA le respondi\u00f3 al Gobierno y defendi\u00f3 la gesti\u00f3n de Claudio Tapia\",\"datePublished\":\"2025-12-15T19:49:16+00:00\",\"mainEntityOfPage\":{\"@id\":\"https:\/\/radioinfinitagoya.com.ar\/v1\/2025\/12\/15\/en-un-duro-comunicado-la-afa-le-respondio-al-gobierno-y-defendio-la-gestion-de-claudio-tapia\/\"},\"wordCount\":1560,\"commentCount\":0,\"publisher\":{\"@id\":\"https:\/\/radioinfinitagoya.com.ar\/v1\/#organization\"},\"image\":{\"@id\":\"https:\/\/radioinfinitagoya.com.ar\/v1\/2025\/12\/15\/en-un-duro-comunicado-la-afa-le-respondio-al-gobierno-y-defendio-la-gestion-de-claudio-tapia\/#primaryimage\"},\"thumbnailUrl\":\"https:\/\/radioinfinitagoya.com.ar\/v1\/wp-content\/uploads\/2025\/12\/VO6PTNJDQFFHDGSJIZKNWFYJPY.avif\",\"articleSection\":[\"INFORMACI\u00d3N GENERAL\"],\"inLanguage\":\"es-AR\",\"potentialAction\":[{\"@type\":\"CommentAction\",\"name\":\"Comment\",\"target\":[\"https:\/\/radioinfinitagoya.com.ar\/v1\/2025\/12\/15\/en-un-duro-comunicado-la-afa-le-respondio-al-gobierno-y-defendio-la-gestion-de-claudio-tapia\/#respond\"]}]},{\"@type\":\"WebPage\",\"@id\":\"https:\/\/radioinfinitagoya.com.ar\/v1\/2025\/12\/15\/en-un-duro-comunicado-la-afa-le-respondio-al-gobierno-y-defendio-la-gestion-de-claudio-tapia\/\",\"url\":\"https:\/\/radioinfinitagoya.com.ar\/v1\/2025\/12\/15\/en-un-duro-comunicado-la-afa-le-respondio-al-gobierno-y-defendio-la-gestion-de-claudio-tapia\/\",\"name\":\"En un duro comunicado, la AFA le respondi\u00f3 al Gobierno y defendi\u00f3 la gesti\u00f3n de Claudio Tapia - Radio Infinita Goya\",\"isPartOf\":{\"@id\":\"https:\/\/radioinfinitagoya.com.ar\/v1\/#website\"},\"primaryImageOfPage\":{\"@id\":\"https:\/\/radioinfinitagoya.com.ar\/v1\/2025\/12\/15\/en-un-duro-comunicado-la-afa-le-respondio-al-gobierno-y-defendio-la-gestion-de-claudio-tapia\/#primaryimage\"},\"image\":{\"@id\":\"https:\/\/radioinfinitagoya.com.ar\/v1\/2025\/12\/15\/en-un-duro-comunicado-la-afa-le-respondio-al-gobierno-y-defendio-la-gestion-de-claudio-tapia\/#primaryimage\"},\"thumbnailUrl\":\"https:\/\/radioinfinitagoya.com.ar\/v1\/wp-content\/uploads\/2025\/12\/VO6PTNJDQFFHDGSJIZKNWFYJPY.avif\",\"datePublished\":\"2025-12-15T19:49:16+00:00\",\"description\":\"La Asociaci\u00f3n del F\u00fatbol Argentino emiti\u00f3 un escrito tras la denuncia que present\u00f3 Patricia Bullrich ante el Tribunal de \u00c9tica de la Conmebol. Apuntaron\",\"breadcrumb\":{\"@id\":\"https:\/\/radioinfinitagoya.com.ar\/v1\/2025\/12\/15\/en-un-duro-comunicado-la-afa-le-respondio-al-gobierno-y-defendio-la-gestion-de-claudio-tapia\/#breadcrumb\"},\"inLanguage\":\"es-AR\",\"potentialAction\":[{\"@type\":\"ReadAction\",\"target\":[\"https:\/\/radioinfinitagoya.com.ar\/v1\/2025\/12\/15\/en-un-duro-comunicado-la-afa-le-respondio-al-gobierno-y-defendio-la-gestion-de-claudio-tapia\/\"]}]},{\"@type\":\"ImageObject\",\"inLanguage\":\"es-AR\",\"@id\":\"https:\/\/radioinfinitagoya.com.ar\/v1\/2025\/12\/15\/en-un-duro-comunicado-la-afa-le-respondio-al-gobierno-y-defendio-la-gestion-de-claudio-tapia\/#primaryimage\",\"url\":\"https:\/\/radioinfinitagoya.com.ar\/v1\/wp-content\/uploads\/2025\/12\/VO6PTNJDQFFHDGSJIZKNWFYJPY.avif\",\"contentUrl\":\"https:\/\/radioinfinitagoya.com.ar\/v1\/wp-content\/uploads\/2025\/12\/VO6PTNJDQFFHDGSJIZKNWFYJPY.avif\",\"width\":992,\"height\":661},{\"@type\":\"BreadcrumbList\",\"@id\":\"https:\/\/radioinfinitagoya.com.ar\/v1\/2025\/12\/15\/en-un-duro-comunicado-la-afa-le-respondio-al-gobierno-y-defendio-la-gestion-de-claudio-tapia\/#breadcrumb\",\"itemListElement\":[{\"@type\":\"ListItem\",\"position\":1,\"name\":\"Inicio\",\"item\":\"https:\/\/radioinfinitagoya.com.ar\/v1\/\"},{\"@type\":\"ListItem\",\"position\":2,\"name\":\"En un duro comunicado, la AFA le respondi\u00f3 al Gobierno y defendi\u00f3 la gesti\u00f3n de Claudio Tapia\"}]},{\"@type\":\"WebSite\",\"@id\":\"https:\/\/radioinfinitagoya.com.ar\/v1\/#website\",\"url\":\"https:\/\/radioinfinitagoya.com.ar\/v1\/\",\"name\":\"radioinfinitagoya.com.ar\",\"description\":\"Radio de noticias\",\"publisher\":{\"@id\":\"https:\/\/radioinfinitagoya.com.ar\/v1\/#organization\"},\"potentialAction\":[{\"@type\":\"SearchAction\",\"target\":{\"@type\":\"EntryPoint\",\"urlTemplate\":\"https:\/\/radioinfinitagoya.com.ar\/v1\/?s={search_term_string}\"},\"query-input\":{\"@type\":\"PropertyValueSpecification\",\"valueRequired\":true,\"valueName\":\"search_term_string\"}}],\"inLanguage\":\"es-AR\"},{\"@type\":\"Organization\",\"@id\":\"https:\/\/radioinfinitagoya.com.ar\/v1\/#organization\",\"name\":\"Radio Infinita Goya\",\"url\":\"https:\/\/radioinfinitagoya.com.ar\/v1\/\",\"logo\":{\"@type\":\"ImageObject\",\"inLanguage\":\"es-AR\",\"@id\":\"https:\/\/radioinfinitagoya.com.ar\/v1\/#\/schema\/logo\/image\/\",\"url\":\"https:\/\/radioinfinitagoya.com.ar\/v1\/wp-content\/uploads\/2019\/11\/logo-pie-web.png\",\"contentUrl\":\"https:\/\/radioinfinitagoya.com.ar\/v1\/wp-content\/uploads\/2019\/11\/logo-pie-web.png\",\"width\":635,\"height\":326,\"caption\":\"Radio Infinita Goya\"},\"image\":{\"@id\":\"https:\/\/radioinfinitagoya.com.ar\/v1\/#\/schema\/logo\/image\/\"},\"sameAs\":[\"https:\/\/www.facebook.com\/p\/Infinita-Goya-100063870918311\/\"]},{\"@type\":\"Person\",\"@id\":\"https:\/\/radioinfinitagoya.com.ar\/v1\/#\/schema\/person\/d4cf9c413d4f6edb24aabdccab49ca4a\",\"name\":\"Jorge Mi\u00f1o\",\"image\":{\"@type\":\"ImageObject\",\"inLanguage\":\"es-AR\",\"@id\":\"https:\/\/secure.gravatar.com\/avatar\/910fcf6728fe95320e07a6643c1581fec1c7fc4bf8ae12e3d8f0d0373dc844be?s=96&d=mm&r=g\",\"url\":\"https:\/\/secure.gravatar.com\/avatar\/910fcf6728fe95320e07a6643c1581fec1c7fc4bf8ae12e3d8f0d0373dc844be?s=96&d=mm&r=g\",\"contentUrl\":\"https:\/\/secure.gravatar.com\/avatar\/910fcf6728fe95320e07a6643c1581fec1c7fc4bf8ae12e3d8f0d0373dc844be?s=96&d=mm&r=g\",\"caption\":\"Jorge Mi\u00f1o\"},\"sameAs\":[\"http:\/\/radioinfinitagoya.com.ar\"]}]}<\/script>\n<!-- \/ Yoast SEO plugin. -->","yoast_head_json":{"title":"En un duro comunicado, la AFA le respondi\u00f3 al Gobierno y defendi\u00f3 la gesti\u00f3n de Claudio Tapia - Radio Infinita Goya","description":"La Asociaci\u00f3n del F\u00fatbol Argentino emiti\u00f3 un escrito tras la denuncia que present\u00f3 Patricia Bullrich ante el Tribunal de \u00c9tica de la Conmebol. Apuntaron","robots":{"index":"index","follow":"follow","max-snippet":"max-snippet:-1","max-image-preview":"max-image-preview:large","max-video-preview":"max-video-preview:-1"},"canonical":"https:\/\/radioinfinitagoya.com.ar\/v1\/2025\/12\/15\/en-un-duro-comunicado-la-afa-le-respondio-al-gobierno-y-defendio-la-gestion-de-claudio-tapia\/","og_locale":"es_ES","og_type":"article","og_title":"En un duro comunicado, la AFA le respondi\u00f3 al Gobierno y defendi\u00f3 la gesti\u00f3n de Claudio Tapia - Radio Infinita Goya","og_description":"La Asociaci\u00f3n del F\u00fatbol Argentino emiti\u00f3 un escrito tras la denuncia que present\u00f3 Patricia Bullrich ante el Tribunal de \u00c9tica de la Conmebol. Apuntaron","og_url":"https:\/\/radioinfinitagoya.com.ar\/v1\/2025\/12\/15\/en-un-duro-comunicado-la-afa-le-respondio-al-gobierno-y-defendio-la-gestion-de-claudio-tapia\/","og_site_name":"Radio Infinita Goya","article_publisher":"https:\/\/www.facebook.com\/p\/Infinita-Goya-100063870918311\/","article_published_time":"2025-12-15T19:49:16+00:00","author":"Jorge Mi\u00f1o","twitter_card":"summary_large_image","twitter_misc":{"Escrito por":"Jorge Mi\u00f1o","Tiempo de lectura":"8 minutos"},"schema":{"@context":"https:\/\/schema.org","@graph":[{"@type":"Article","@id":"https:\/\/radioinfinitagoya.com.ar\/v1\/2025\/12\/15\/en-un-duro-comunicado-la-afa-le-respondio-al-gobierno-y-defendio-la-gestion-de-claudio-tapia\/#article","isPartOf":{"@id":"https:\/\/radioinfinitagoya.com.ar\/v1\/2025\/12\/15\/en-un-duro-comunicado-la-afa-le-respondio-al-gobierno-y-defendio-la-gestion-de-claudio-tapia\/"},"author":{"name":"Jorge Mi\u00f1o","@id":"https:\/\/radioinfinitagoya.com.ar\/v1\/#\/schema\/person\/d4cf9c413d4f6edb24aabdccab49ca4a"},"headline":"En un duro comunicado, la AFA le respondi\u00f3 al Gobierno y defendi\u00f3 la gesti\u00f3n de Claudio Tapia","datePublished":"2025-12-15T19:49:16+00:00","mainEntityOfPage":{"@id":"https:\/\/radioinfinitagoya.com.ar\/v1\/2025\/12\/15\/en-un-duro-comunicado-la-afa-le-respondio-al-gobierno-y-defendio-la-gestion-de-claudio-tapia\/"},"wordCount":1560,"commentCount":0,"publisher":{"@id":"https:\/\/radioinfinitagoya.com.ar\/v1\/#organization"},"image":{"@id":"https:\/\/radioinfinitagoya.com.ar\/v1\/2025\/12\/15\/en-un-duro-comunicado-la-afa-le-respondio-al-gobierno-y-defendio-la-gestion-de-claudio-tapia\/#primaryimage"},"thumbnailUrl":"https:\/\/radioinfinitagoya.com.ar\/v1\/wp-content\/uploads\/2025\/12\/VO6PTNJDQFFHDGSJIZKNWFYJPY.avif","articleSection":["INFORMACI\u00d3N GENERAL"],"inLanguage":"es-AR","potentialAction":[{"@type":"CommentAction","name":"Comment","target":["https:\/\/radioinfinitagoya.com.ar\/v1\/2025\/12\/15\/en-un-duro-comunicado-la-afa-le-respondio-al-gobierno-y-defendio-la-gestion-de-claudio-tapia\/#respond"]}]},{"@type":"WebPage","@id":"https:\/\/radioinfinitagoya.com.ar\/v1\/2025\/12\/15\/en-un-duro-comunicado-la-afa-le-respondio-al-gobierno-y-defendio-la-gestion-de-claudio-tapia\/","url":"https:\/\/radioinfinitagoya.com.ar\/v1\/2025\/12\/15\/en-un-duro-comunicado-la-afa-le-respondio-al-gobierno-y-defendio-la-gestion-de-claudio-tapia\/","name":"En un duro comunicado, la AFA le respondi\u00f3 al Gobierno y defendi\u00f3 la gesti\u00f3n de Claudio Tapia - Radio Infinita Goya","isPartOf":{"@id":"https:\/\/radioinfinitagoya.com.ar\/v1\/#website"},"primaryImageOfPage":{"@id":"https:\/\/radioinfinitagoya.com.ar\/v1\/2025\/12\/15\/en-un-duro-comunicado-la-afa-le-respondio-al-gobierno-y-defendio-la-gestion-de-claudio-tapia\/#primaryimage"},"image":{"@id":"https:\/\/radioinfinitagoya.com.ar\/v1\/2025\/12\/15\/en-un-duro-comunicado-la-afa-le-respondio-al-gobierno-y-defendio-la-gestion-de-claudio-tapia\/#primaryimage"},"thumbnailUrl":"https:\/\/radioinfinitagoya.com.ar\/v1\/wp-content\/uploads\/2025\/12\/VO6PTNJDQFFHDGSJIZKNWFYJPY.avif","datePublished":"2025-12-15T19:49:16+00:00","description":"La Asociaci\u00f3n del F\u00fatbol Argentino emiti\u00f3 un escrito tras la denuncia que present\u00f3 Patricia Bullrich ante el Tribunal de \u00c9tica de la Conmebol. Apuntaron","breadcrumb":{"@id":"https:\/\/radioinfinitagoya.com.ar\/v1\/2025\/12\/15\/en-un-duro-comunicado-la-afa-le-respondio-al-gobierno-y-defendio-la-gestion-de-claudio-tapia\/#breadcrumb"},"inLanguage":"es-AR","potentialAction":[{"@type":"ReadAction","target":["https:\/\/radioinfinitagoya.com.ar\/v1\/2025\/12\/15\/en-un-duro-comunicado-la-afa-le-respondio-al-gobierno-y-defendio-la-gestion-de-claudio-tapia\/"]}]},{"@type":"ImageObject","inLanguage":"es-AR","@id":"https:\/\/radioinfinitagoya.com.ar\/v1\/2025\/12\/15\/en-un-duro-comunicado-la-afa-le-respondio-al-gobierno-y-defendio-la-gestion-de-claudio-tapia\/#primaryimage","url":"https:\/\/radioinfinitagoya.com.ar\/v1\/wp-content\/uploads\/2025\/12\/VO6PTNJDQFFHDGSJIZKNWFYJPY.avif","contentUrl":"https:\/\/radioinfinitagoya.com.ar\/v1\/wp-content\/uploads\/2025\/12\/VO6PTNJDQFFHDGSJIZKNWFYJPY.avif","width":992,"height":661},{"@type":"BreadcrumbList","@id":"https:\/\/radioinfinitagoya.com.ar\/v1\/2025\/12\/15\/en-un-duro-comunicado-la-afa-le-respondio-al-gobierno-y-defendio-la-gestion-de-claudio-tapia\/#breadcrumb","itemListElement":[{"@type":"ListItem","position":1,"name":"Inicio","item":"https:\/\/radioinfinitagoya.com.ar\/v1\/"},{"@type":"ListItem","position":2,"name":"En un duro comunicado, la AFA le respondi\u00f3 al Gobierno y defendi\u00f3 la gesti\u00f3n de Claudio Tapia"}]},{"@type":"WebSite","@id":"https:\/\/radioinfinitagoya.com.ar\/v1\/#website","url":"https:\/\/radioinfinitagoya.com.ar\/v1\/","name":"radioinfinitagoya.com.ar","description":"Radio de noticias","publisher":{"@id":"https:\/\/radioinfinitagoya.com.ar\/v1\/#organization"},"potentialAction":[{"@type":"SearchAction","target":{"@type":"EntryPoint","urlTemplate":"https:\/\/radioinfinitagoya.com.ar\/v1\/?s={search_term_string}"},"query-input":{"@type":"PropertyValueSpecification","valueRequired":true,"valueName":"search_term_string"}}],"inLanguage":"es-AR"},{"@type":"Organization","@id":"https:\/\/radioinfinitagoya.com.ar\/v1\/#organization","name":"Radio Infinita Goya","url":"https:\/\/radioinfinitagoya.com.ar\/v1\/","logo":{"@type":"ImageObject","inLanguage":"es-AR","@id":"https:\/\/radioinfinitagoya.com.ar\/v1\/#\/schema\/logo\/image\/","url":"https:\/\/radioinfinitagoya.com.ar\/v1\/wp-content\/uploads\/2019\/11\/logo-pie-web.png","contentUrl":"https:\/\/radioinfinitagoya.com.ar\/v1\/wp-content\/uploads\/2019\/11\/logo-pie-web.png","width":635,"height":326,"caption":"Radio Infinita Goya"},"image":{"@id":"https:\/\/radioinfinitagoya.com.ar\/v1\/#\/schema\/logo\/image\/"},"sameAs":["https:\/\/www.facebook.com\/p\/Infinita-Goya-100063870918311\/"]},{"@type":"Person","@id":"https:\/\/radioinfinitagoya.com.ar\/v1\/#\/schema\/person\/d4cf9c413d4f6edb24aabdccab49ca4a","name":"Jorge Mi\u00f1o","image":{"@type":"ImageObject","inLanguage":"es-AR","@id":"https:\/\/secure.gravatar.com\/avatar\/910fcf6728fe95320e07a6643c1581fec1c7fc4bf8ae12e3d8f0d0373dc844be?s=96&d=mm&r=g","url":"https:\/\/secure.gravatar.com\/avatar\/910fcf6728fe95320e07a6643c1581fec1c7fc4bf8ae12e3d8f0d0373dc844be?s=96&d=mm&r=g","contentUrl":"https:\/\/secure.gravatar.com\/avatar\/910fcf6728fe95320e07a6643c1581fec1c7fc4bf8ae12e3d8f0d0373dc844be?s=96&d=mm&r=g","caption":"Jorge Mi\u00f1o"},"sameAs":["http:\/\/radioinfinitagoya.com.ar"]}]}},"_links":{"self":[{"href":"https:\/\/radioinfinitagoya.com.ar\/v1\/wp-json\/wp\/v2\/posts\/201309","targetHints":{"allow":["GET"]}}],"collection":[{"href":"https:\/\/radioinfinitagoya.com.ar\/v1\/wp-json\/wp\/v2\/posts"}],"about":[{"href":"https:\/\/radioinfinitagoya.com.ar\/v1\/wp-json\/wp\/v2\/types\/post"}],"author":[{"embeddable":true,"href":"https:\/\/radioinfinitagoya.com.ar\/v1\/wp-json\/wp\/v2\/users\/4"}],"replies":[{"embeddable":true,"href":"https:\/\/radioinfinitagoya.com.ar\/v1\/wp-json\/wp\/v2\/comments?post=201309"}],"version-history":[{"count":0,"href":"https:\/\/radioinfinitagoya.com.ar\/v1\/wp-json\/wp\/v2\/posts\/201309\/revisions"}],"wp:featuredmedia":[{"embeddable":true,"href":"https:\/\/radioinfinitagoya.com.ar\/v1\/wp-json\/wp\/v2\/media\/201310"}],"wp:attachment":[{"href":"https:\/\/radioinfinitagoya.com.ar\/v1\/wp-json\/wp\/v2\/media?parent=201309"}],"wp:term":[{"taxonomy":"category","embeddable":true,"href":"https:\/\/radioinfinitagoya.com.ar\/v1\/wp-json\/wp\/v2\/categories?post=201309"},{"taxonomy":"post_tag","embeddable":true,"href":"https:\/\/radioinfinitagoya.com.ar\/v1\/wp-json\/wp\/v2\/tags?post=201309"}],"curies":[{"name":"wp","href":"https:\/\/api.w.org\/{rel}","templated":true}]}}