{"id":201316,"date":"2025-12-15T16:53:40","date_gmt":"2025-12-15T19:53:40","guid":{"rendered":"https:\/\/radioinfinitagoya.com.ar\/v1\/?p=201316"},"modified":"2025-12-15T16:53:40","modified_gmt":"2025-12-15T19:53:40","slug":"alquileres-y-servicios-fueron-el-motor-clave-de-los-precios-desde-que-asumio-milei","status":"publish","type":"post","link":"https:\/\/radioinfinitagoya.com.ar\/v1\/2025\/12\/15\/alquileres-y-servicios-fueron-el-motor-clave-de-los-precios-desde-que-asumio-milei\/","title":{"rendered":"Alquileres y servicios fueron el motor clave de los precios desde que asumi\u00f3 Milei"},"content":{"rendered":"<p>Aunque el IPC muestra una desaceleraci\u00f3n, el impacto no es parejo en el bolsillo. Un reciente relevamiento advirti\u00f3 que desde que asumi\u00f3 Javier Milei, los alquileres y los servicios se encarecieron con fuerza en t\u00e9rminos reales, mientras que la ropa y otros bienes bajaron.<\/p>\n<p>Si se toma como base noviembre de 2023, es decir, el mes previo a la asunci\u00f3n de presidente Javier Milei, los precios de los productos y servicios evolucionaron de manera diferente y es lo que hace que el p\u00fablico tenga una sensaci\u00f3n distinta en el bolsillo sobre la inflaci\u00f3n. A pesar de que se registra una desaceleraci\u00f3n del \u00edndice de precios al consumidor (IPC), esta no pega de igual modo para todos.<\/p>\n<p>De acuerdo con el relevamiento que lleva a cabo el Instituto Argentino de An\u00e1lisis Fiscal (IARAF), desde que arranc\u00f3 la gesti\u00f3n del gobierno libertario, el motor del IPC fueron los alquileres y los servicios. Por su lado, el precio de la ropa y los textiles baj\u00f3 en t\u00e9rminos relativos.<\/p>\n<p>El su ultimo informe, el IARAF revela que si se toma como mes base noviembre de 2023 y el mismo mes de este a\u00f1o el costo de los servicios p\u00fablicos y los alquileres creci\u00f3 55% en t\u00e9rminos reales.<\/p>\n<p>En cambio, si se toma el rubro de textiles e indumentaria, registr\u00f3 una ca\u00edda del 30% en t\u00e9rminos reales.<\/p>\n<p>\u201cEl cambio de tendencia de la inflaci\u00f3n a partir de mayo, no modific\u00f3 sustancialmente la tendencia de los precios relativos de los principales bienes y servicios consumidos\u201d, se\u00f1al\u00f3 el IARAF.<\/p>\n<p>El centro de estudios indic\u00f3, por otro lado, que \u201clos alimentos y prendas de vestir continuaron su abaratamiento relativo, excepto el \u00faltimo mes de alimentos, y los alquileres, servicios p\u00fablicos y comunicaciones, su encarecimiento relativo\u201d.<\/p>\n<p>\u201cLa salud es el servicio que menos aument\u00f3 su precio relativo entre ambos meses, con un 4,4%\u201d, aclara el trabajo.<\/p>\n<p>De acuerdo con el estudio, en el otro extremo, \u201clas prendas de vestir y calzado son los bienes que m\u00e1s abaratamiento relativo tuvieron entre noviembre de 2023 y noviembre de 2025\u201d. \u201cEn este caso, el precio relativo baj\u00f3 un 29%\u201d, precisa el trabajo.<\/p>\n<p>\u201cSi se considera solamente el \u00faltimo a\u00f1o, el precio relativo que m\u00e1s subi\u00f3 es el de la educaci\u00f3n con un 18% y el que m\u00e1s baj\u00f3 es el de prendas y vestir con un 12%. Los alquileres y servicios p\u00fablicos se ubicaron en segundo lugar, con una suba del 10%\u201d, dice el reporte.<\/p>\n<p>Cambios en la medici\u00f3n del INDEC<br \/>\nEl Instituto Nacional de Estad\u00edstica y Censos (INDEC) tiene previsto modificar las canastas y las ponderaciones con las cuales se mide la inflaci\u00f3n. De hecho, los informes mensuales -el \u00faltimo de noviembre subi\u00f3 2,5% el IPC- generan cierta falta de cr\u00e9dibilidad del p\u00fablico.<\/p>\n<p>La estad\u00edstica vigente utiliza la Encuesta Nacional de Gasto de los Hogares (ENGHO) de 2004\/2005 y la que lo reemplazar\u00e1 data de 2017\/2018.<\/p>\n<p>Hace 20 a\u00f1os el consumo de servicios como, internet, comunicaciones o plataformas de streaming era menor que en la actualidad y por ello la estad\u00edstica le asignaba al rubro menor importancia. Con los cambios, este rubro tendr\u00e1 mayor influencia en el dato general.<\/p>\n","protected":false},"excerpt":{"rendered":"<p>Aunque el IPC muestra una desaceleraci\u00f3n, el impacto no es parejo en el bolsillo. Un reciente relevamiento advirti\u00f3 que desde que asumi\u00f3 Javier Milei, los alquileres y los servicios se encarecieron con fuerza en t\u00e9rminos reales, mientras que la ropa y otros bienes bajaron. Si se toma como base noviembre de 2023, es decir, el [&hellip;]<\/p>\n","protected":false},"author":4,"featured_media":201317,"comment_status":"open","ping_status":"open","sticky":false,"template":"","format":"standard","meta":{"_joinchat":[],"footnotes":""},"categories":[25],"tags":[],"class_list":{"0":"post-201316","1":"post","2":"type-post","3":"status-publish","4":"format-standard","5":"has-post-thumbnail","7":"category-destacados"},"yoast_head":"<!-- This site is optimized with the Yoast SEO plugin v27.2 - https:\/\/yoast.com\/product\/yoast-seo-wordpress\/ -->\n<title>Alquileres y servicios fueron el motor clave de los precios desde que asumi\u00f3 Milei - Radio Infinita Goya<\/title>\n<meta name=\"description\" content=\"Aunque el IPC muestra una desaceleraci\u00f3n, el impacto no es parejo en el bolsillo. Un reciente relevamiento advirti\u00f3 que desde que asumi\u00f3 Javier Milei, los\" \/>\n<meta name=\"robots\" content=\"index, follow, max-snippet:-1, max-image-preview:large, max-video-preview:-1\" \/>\n<link rel=\"canonical\" href=\"https:\/\/radioinfinitagoya.com.ar\/v1\/2025\/12\/15\/alquileres-y-servicios-fueron-el-motor-clave-de-los-precios-desde-que-asumio-milei\/\" \/>\n<meta property=\"og:locale\" content=\"es_ES\" \/>\n<meta property=\"og:type\" content=\"article\" \/>\n<meta property=\"og:title\" content=\"Alquileres y servicios fueron el motor clave de los precios desde que asumi\u00f3 Milei - Radio Infinita Goya\" \/>\n<meta property=\"og:description\" content=\"Aunque el IPC muestra una desaceleraci\u00f3n, el impacto no es parejo en el bolsillo. Un reciente relevamiento advirti\u00f3 que desde que asumi\u00f3 Javier Milei, los\" \/>\n<meta property=\"og:url\" content=\"https:\/\/radioinfinitagoya.com.ar\/v1\/2025\/12\/15\/alquileres-y-servicios-fueron-el-motor-clave-de-los-precios-desde-que-asumio-milei\/\" \/>\n<meta property=\"og:site_name\" content=\"Radio Infinita Goya\" \/>\n<meta property=\"article:publisher\" content=\"https:\/\/www.facebook.com\/p\/Infinita-Goya-100063870918311\/\" \/>\n<meta property=\"article:published_time\" content=\"2025-12-15T19:53:40+00:00\" \/>\n<meta property=\"og:image\" content=\"https:\/\/radioinfinitagoya.com.ar\/v1\/wp-content\/uploads\/2025\/12\/servicios-publicos-agua-luz-gas-transportepng.webp\" \/>\n\t<meta property=\"og:image:width\" content=\"655\" \/>\n\t<meta property=\"og:image:height\" content=\"368\" \/>\n\t<meta property=\"og:image:type\" content=\"image\/webp\" \/>\n<meta name=\"author\" content=\"Jorge Mi\u00f1o\" \/>\n<meta name=\"twitter:card\" content=\"summary_large_image\" \/>\n<meta name=\"twitter:label1\" content=\"Escrito por\" \/>\n\t<meta name=\"twitter:data1\" content=\"Jorge Mi\u00f1o\" \/>\n\t<meta name=\"twitter:label2\" content=\"Tiempo de lectura\" \/>\n\t<meta name=\"twitter:data2\" content=\"3 minutos\" \/>\n<script type=\"application\/ld+json\" class=\"yoast-schema-graph\">{\"@context\":\"https:\/\/schema.org\",\"@graph\":[{\"@type\":\"Article\",\"@id\":\"https:\/\/radioinfinitagoya.com.ar\/v1\/2025\/12\/15\/alquileres-y-servicios-fueron-el-motor-clave-de-los-precios-desde-que-asumio-milei\/#article\",\"isPartOf\":{\"@id\":\"https:\/\/radioinfinitagoya.com.ar\/v1\/2025\/12\/15\/alquileres-y-servicios-fueron-el-motor-clave-de-los-precios-desde-que-asumio-milei\/\"},\"author\":{\"name\":\"Jorge Mi\u00f1o\",\"@id\":\"https:\/\/radioinfinitagoya.com.ar\/v1\/#\/schema\/person\/d4cf9c413d4f6edb24aabdccab49ca4a\"},\"headline\":\"Alquileres y servicios fueron el motor clave de los precios desde que asumi\u00f3 Milei\",\"datePublished\":\"2025-12-15T19:53:40+00:00\",\"mainEntityOfPage\":{\"@id\":\"https:\/\/radioinfinitagoya.com.ar\/v1\/2025\/12\/15\/alquileres-y-servicios-fueron-el-motor-clave-de-los-precios-desde-que-asumio-milei\/\"},\"wordCount\":549,\"commentCount\":0,\"publisher\":{\"@id\":\"https:\/\/radioinfinitagoya.com.ar\/v1\/#organization\"},\"image\":{\"@id\":\"https:\/\/radioinfinitagoya.com.ar\/v1\/2025\/12\/15\/alquileres-y-servicios-fueron-el-motor-clave-de-los-precios-desde-que-asumio-milei\/#primaryimage\"},\"thumbnailUrl\":\"https:\/\/radioinfinitagoya.com.ar\/v1\/wp-content\/uploads\/2025\/12\/servicios-publicos-agua-luz-gas-transportepng.webp\",\"articleSection\":[\"DESTACADOS\"],\"inLanguage\":\"es-AR\",\"potentialAction\":[{\"@type\":\"CommentAction\",\"name\":\"Comment\",\"target\":[\"https:\/\/radioinfinitagoya.com.ar\/v1\/2025\/12\/15\/alquileres-y-servicios-fueron-el-motor-clave-de-los-precios-desde-que-asumio-milei\/#respond\"]}]},{\"@type\":\"WebPage\",\"@id\":\"https:\/\/radioinfinitagoya.com.ar\/v1\/2025\/12\/15\/alquileres-y-servicios-fueron-el-motor-clave-de-los-precios-desde-que-asumio-milei\/\",\"url\":\"https:\/\/radioinfinitagoya.com.ar\/v1\/2025\/12\/15\/alquileres-y-servicios-fueron-el-motor-clave-de-los-precios-desde-que-asumio-milei\/\",\"name\":\"Alquileres y servicios fueron el motor clave de los precios desde que asumi\u00f3 Milei - Radio Infinita Goya\",\"isPartOf\":{\"@id\":\"https:\/\/radioinfinitagoya.com.ar\/v1\/#website\"},\"primaryImageOfPage\":{\"@id\":\"https:\/\/radioinfinitagoya.com.ar\/v1\/2025\/12\/15\/alquileres-y-servicios-fueron-el-motor-clave-de-los-precios-desde-que-asumio-milei\/#primaryimage\"},\"image\":{\"@id\":\"https:\/\/radioinfinitagoya.com.ar\/v1\/2025\/12\/15\/alquileres-y-servicios-fueron-el-motor-clave-de-los-precios-desde-que-asumio-milei\/#primaryimage\"},\"thumbnailUrl\":\"https:\/\/radioinfinitagoya.com.ar\/v1\/wp-content\/uploads\/2025\/12\/servicios-publicos-agua-luz-gas-transportepng.webp\",\"datePublished\":\"2025-12-15T19:53:40+00:00\",\"description\":\"Aunque el IPC muestra una desaceleraci\u00f3n, el impacto no es parejo en el bolsillo. Un reciente relevamiento advirti\u00f3 que desde que asumi\u00f3 Javier Milei, los\",\"breadcrumb\":{\"@id\":\"https:\/\/radioinfinitagoya.com.ar\/v1\/2025\/12\/15\/alquileres-y-servicios-fueron-el-motor-clave-de-los-precios-desde-que-asumio-milei\/#breadcrumb\"},\"inLanguage\":\"es-AR\",\"potentialAction\":[{\"@type\":\"ReadAction\",\"target\":[\"https:\/\/radioinfinitagoya.com.ar\/v1\/2025\/12\/15\/alquileres-y-servicios-fueron-el-motor-clave-de-los-precios-desde-que-asumio-milei\/\"]}]},{\"@type\":\"ImageObject\",\"inLanguage\":\"es-AR\",\"@id\":\"https:\/\/radioinfinitagoya.com.ar\/v1\/2025\/12\/15\/alquileres-y-servicios-fueron-el-motor-clave-de-los-precios-desde-que-asumio-milei\/#primaryimage\",\"url\":\"https:\/\/radioinfinitagoya.com.ar\/v1\/wp-content\/uploads\/2025\/12\/servicios-publicos-agua-luz-gas-transportepng.webp\",\"contentUrl\":\"https:\/\/radioinfinitagoya.com.ar\/v1\/wp-content\/uploads\/2025\/12\/servicios-publicos-agua-luz-gas-transportepng.webp\",\"width\":655,\"height\":368},{\"@type\":\"BreadcrumbList\",\"@id\":\"https:\/\/radioinfinitagoya.com.ar\/v1\/2025\/12\/15\/alquileres-y-servicios-fueron-el-motor-clave-de-los-precios-desde-que-asumio-milei\/#breadcrumb\",\"itemListElement\":[{\"@type\":\"ListItem\",\"position\":1,\"name\":\"Inicio\",\"item\":\"https:\/\/radioinfinitagoya.com.ar\/v1\/\"},{\"@type\":\"ListItem\",\"position\":2,\"name\":\"Alquileres y servicios fueron el motor clave de los precios desde que asumi\u00f3 Milei\"}]},{\"@type\":\"WebSite\",\"@id\":\"https:\/\/radioinfinitagoya.com.ar\/v1\/#website\",\"url\":\"https:\/\/radioinfinitagoya.com.ar\/v1\/\",\"name\":\"radioinfinitagoya.com.ar\",\"description\":\"Radio de noticias\",\"publisher\":{\"@id\":\"https:\/\/radioinfinitagoya.com.ar\/v1\/#organization\"},\"potentialAction\":[{\"@type\":\"SearchAction\",\"target\":{\"@type\":\"EntryPoint\",\"urlTemplate\":\"https:\/\/radioinfinitagoya.com.ar\/v1\/?s={search_term_string}\"},\"query-input\":{\"@type\":\"PropertyValueSpecification\",\"valueRequired\":true,\"valueName\":\"search_term_string\"}}],\"inLanguage\":\"es-AR\"},{\"@type\":\"Organization\",\"@id\":\"https:\/\/radioinfinitagoya.com.ar\/v1\/#organization\",\"name\":\"Radio Infinita Goya\",\"url\":\"https:\/\/radioinfinitagoya.com.ar\/v1\/\",\"logo\":{\"@type\":\"ImageObject\",\"inLanguage\":\"es-AR\",\"@id\":\"https:\/\/radioinfinitagoya.com.ar\/v1\/#\/schema\/logo\/image\/\",\"url\":\"https:\/\/radioinfinitagoya.com.ar\/v1\/wp-content\/uploads\/2019\/11\/logo-pie-web.png\",\"contentUrl\":\"https:\/\/radioinfinitagoya.com.ar\/v1\/wp-content\/uploads\/2019\/11\/logo-pie-web.png\",\"width\":635,\"height\":326,\"caption\":\"Radio Infinita Goya\"},\"image\":{\"@id\":\"https:\/\/radioinfinitagoya.com.ar\/v1\/#\/schema\/logo\/image\/\"},\"sameAs\":[\"https:\/\/www.facebook.com\/p\/Infinita-Goya-100063870918311\/\"]},{\"@type\":\"Person\",\"@id\":\"https:\/\/radioinfinitagoya.com.ar\/v1\/#\/schema\/person\/d4cf9c413d4f6edb24aabdccab49ca4a\",\"name\":\"Jorge Mi\u00f1o\",\"image\":{\"@type\":\"ImageObject\",\"inLanguage\":\"es-AR\",\"@id\":\"https:\/\/secure.gravatar.com\/avatar\/910fcf6728fe95320e07a6643c1581fec1c7fc4bf8ae12e3d8f0d0373dc844be?s=96&d=mm&r=g\",\"url\":\"https:\/\/secure.gravatar.com\/avatar\/910fcf6728fe95320e07a6643c1581fec1c7fc4bf8ae12e3d8f0d0373dc844be?s=96&d=mm&r=g\",\"contentUrl\":\"https:\/\/secure.gravatar.com\/avatar\/910fcf6728fe95320e07a6643c1581fec1c7fc4bf8ae12e3d8f0d0373dc844be?s=96&d=mm&r=g\",\"caption\":\"Jorge Mi\u00f1o\"},\"sameAs\":[\"http:\/\/radioinfinitagoya.com.ar\"]}]}<\/script>\n<!-- \/ Yoast SEO plugin. -->","yoast_head_json":{"title":"Alquileres y servicios fueron el motor clave de los precios desde que asumi\u00f3 Milei - Radio Infinita Goya","description":"Aunque el IPC muestra una desaceleraci\u00f3n, el impacto no es parejo en el bolsillo. Un reciente relevamiento advirti\u00f3 que desde que asumi\u00f3 Javier Milei, los","robots":{"index":"index","follow":"follow","max-snippet":"max-snippet:-1","max-image-preview":"max-image-preview:large","max-video-preview":"max-video-preview:-1"},"canonical":"https:\/\/radioinfinitagoya.com.ar\/v1\/2025\/12\/15\/alquileres-y-servicios-fueron-el-motor-clave-de-los-precios-desde-que-asumio-milei\/","og_locale":"es_ES","og_type":"article","og_title":"Alquileres y servicios fueron el motor clave de los precios desde que asumi\u00f3 Milei - Radio Infinita Goya","og_description":"Aunque el IPC muestra una desaceleraci\u00f3n, el impacto no es parejo en el bolsillo. Un reciente relevamiento advirti\u00f3 que desde que asumi\u00f3 Javier Milei, los","og_url":"https:\/\/radioinfinitagoya.com.ar\/v1\/2025\/12\/15\/alquileres-y-servicios-fueron-el-motor-clave-de-los-precios-desde-que-asumio-milei\/","og_site_name":"Radio Infinita Goya","article_publisher":"https:\/\/www.facebook.com\/p\/Infinita-Goya-100063870918311\/","article_published_time":"2025-12-15T19:53:40+00:00","og_image":[{"width":655,"height":368,"url":"https:\/\/radioinfinitagoya.com.ar\/v1\/wp-content\/uploads\/2025\/12\/servicios-publicos-agua-luz-gas-transportepng.webp","type":"image\/webp"}],"author":"Jorge Mi\u00f1o","twitter_card":"summary_large_image","twitter_misc":{"Escrito por":"Jorge Mi\u00f1o","Tiempo de lectura":"3 minutos"},"schema":{"@context":"https:\/\/schema.org","@graph":[{"@type":"Article","@id":"https:\/\/radioinfinitagoya.com.ar\/v1\/2025\/12\/15\/alquileres-y-servicios-fueron-el-motor-clave-de-los-precios-desde-que-asumio-milei\/#article","isPartOf":{"@id":"https:\/\/radioinfinitagoya.com.ar\/v1\/2025\/12\/15\/alquileres-y-servicios-fueron-el-motor-clave-de-los-precios-desde-que-asumio-milei\/"},"author":{"name":"Jorge Mi\u00f1o","@id":"https:\/\/radioinfinitagoya.com.ar\/v1\/#\/schema\/person\/d4cf9c413d4f6edb24aabdccab49ca4a"},"headline":"Alquileres y servicios fueron el motor clave de los precios desde que asumi\u00f3 Milei","datePublished":"2025-12-15T19:53:40+00:00","mainEntityOfPage":{"@id":"https:\/\/radioinfinitagoya.com.ar\/v1\/2025\/12\/15\/alquileres-y-servicios-fueron-el-motor-clave-de-los-precios-desde-que-asumio-milei\/"},"wordCount":549,"commentCount":0,"publisher":{"@id":"https:\/\/radioinfinitagoya.com.ar\/v1\/#organization"},"image":{"@id":"https:\/\/radioinfinitagoya.com.ar\/v1\/2025\/12\/15\/alquileres-y-servicios-fueron-el-motor-clave-de-los-precios-desde-que-asumio-milei\/#primaryimage"},"thumbnailUrl":"https:\/\/radioinfinitagoya.com.ar\/v1\/wp-content\/uploads\/2025\/12\/servicios-publicos-agua-luz-gas-transportepng.webp","articleSection":["DESTACADOS"],"inLanguage":"es-AR","potentialAction":[{"@type":"CommentAction","name":"Comment","target":["https:\/\/radioinfinitagoya.com.ar\/v1\/2025\/12\/15\/alquileres-y-servicios-fueron-el-motor-clave-de-los-precios-desde-que-asumio-milei\/#respond"]}]},{"@type":"WebPage","@id":"https:\/\/radioinfinitagoya.com.ar\/v1\/2025\/12\/15\/alquileres-y-servicios-fueron-el-motor-clave-de-los-precios-desde-que-asumio-milei\/","url":"https:\/\/radioinfinitagoya.com.ar\/v1\/2025\/12\/15\/alquileres-y-servicios-fueron-el-motor-clave-de-los-precios-desde-que-asumio-milei\/","name":"Alquileres y servicios fueron el motor clave de los precios desde que asumi\u00f3 Milei - Radio Infinita Goya","isPartOf":{"@id":"https:\/\/radioinfinitagoya.com.ar\/v1\/#website"},"primaryImageOfPage":{"@id":"https:\/\/radioinfinitagoya.com.ar\/v1\/2025\/12\/15\/alquileres-y-servicios-fueron-el-motor-clave-de-los-precios-desde-que-asumio-milei\/#primaryimage"},"image":{"@id":"https:\/\/radioinfinitagoya.com.ar\/v1\/2025\/12\/15\/alquileres-y-servicios-fueron-el-motor-clave-de-los-precios-desde-que-asumio-milei\/#primaryimage"},"thumbnailUrl":"https:\/\/radioinfinitagoya.com.ar\/v1\/wp-content\/uploads\/2025\/12\/servicios-publicos-agua-luz-gas-transportepng.webp","datePublished":"2025-12-15T19:53:40+00:00","description":"Aunque el IPC muestra una desaceleraci\u00f3n, el impacto no es parejo en el bolsillo. Un reciente relevamiento advirti\u00f3 que desde que asumi\u00f3 Javier Milei, los","breadcrumb":{"@id":"https:\/\/radioinfinitagoya.com.ar\/v1\/2025\/12\/15\/alquileres-y-servicios-fueron-el-motor-clave-de-los-precios-desde-que-asumio-milei\/#breadcrumb"},"inLanguage":"es-AR","potentialAction":[{"@type":"ReadAction","target":["https:\/\/radioinfinitagoya.com.ar\/v1\/2025\/12\/15\/alquileres-y-servicios-fueron-el-motor-clave-de-los-precios-desde-que-asumio-milei\/"]}]},{"@type":"ImageObject","inLanguage":"es-AR","@id":"https:\/\/radioinfinitagoya.com.ar\/v1\/2025\/12\/15\/alquileres-y-servicios-fueron-el-motor-clave-de-los-precios-desde-que-asumio-milei\/#primaryimage","url":"https:\/\/radioinfinitagoya.com.ar\/v1\/wp-content\/uploads\/2025\/12\/servicios-publicos-agua-luz-gas-transportepng.webp","contentUrl":"https:\/\/radioinfinitagoya.com.ar\/v1\/wp-content\/uploads\/2025\/12\/servicios-publicos-agua-luz-gas-transportepng.webp","width":655,"height":368},{"@type":"BreadcrumbList","@id":"https:\/\/radioinfinitagoya.com.ar\/v1\/2025\/12\/15\/alquileres-y-servicios-fueron-el-motor-clave-de-los-precios-desde-que-asumio-milei\/#breadcrumb","itemListElement":[{"@type":"ListItem","position":1,"name":"Inicio","item":"https:\/\/radioinfinitagoya.com.ar\/v1\/"},{"@type":"ListItem","position":2,"name":"Alquileres y servicios fueron el motor clave de los precios desde que asumi\u00f3 Milei"}]},{"@type":"WebSite","@id":"https:\/\/radioinfinitagoya.com.ar\/v1\/#website","url":"https:\/\/radioinfinitagoya.com.ar\/v1\/","name":"radioinfinitagoya.com.ar","description":"Radio de noticias","publisher":{"@id":"https:\/\/radioinfinitagoya.com.ar\/v1\/#organization"},"potentialAction":[{"@type":"SearchAction","target":{"@type":"EntryPoint","urlTemplate":"https:\/\/radioinfinitagoya.com.ar\/v1\/?s={search_term_string}"},"query-input":{"@type":"PropertyValueSpecification","valueRequired":true,"valueName":"search_term_string"}}],"inLanguage":"es-AR"},{"@type":"Organization","@id":"https:\/\/radioinfinitagoya.com.ar\/v1\/#organization","name":"Radio Infinita Goya","url":"https:\/\/radioinfinitagoya.com.ar\/v1\/","logo":{"@type":"ImageObject","inLanguage":"es-AR","@id":"https:\/\/radioinfinitagoya.com.ar\/v1\/#\/schema\/logo\/image\/","url":"https:\/\/radioinfinitagoya.com.ar\/v1\/wp-content\/uploads\/2019\/11\/logo-pie-web.png","contentUrl":"https:\/\/radioinfinitagoya.com.ar\/v1\/wp-content\/uploads\/2019\/11\/logo-pie-web.png","width":635,"height":326,"caption":"Radio Infinita Goya"},"image":{"@id":"https:\/\/radioinfinitagoya.com.ar\/v1\/#\/schema\/logo\/image\/"},"sameAs":["https:\/\/www.facebook.com\/p\/Infinita-Goya-100063870918311\/"]},{"@type":"Person","@id":"https:\/\/radioinfinitagoya.com.ar\/v1\/#\/schema\/person\/d4cf9c413d4f6edb24aabdccab49ca4a","name":"Jorge Mi\u00f1o","image":{"@type":"ImageObject","inLanguage":"es-AR","@id":"https:\/\/secure.gravatar.com\/avatar\/910fcf6728fe95320e07a6643c1581fec1c7fc4bf8ae12e3d8f0d0373dc844be?s=96&d=mm&r=g","url":"https:\/\/secure.gravatar.com\/avatar\/910fcf6728fe95320e07a6643c1581fec1c7fc4bf8ae12e3d8f0d0373dc844be?s=96&d=mm&r=g","contentUrl":"https:\/\/secure.gravatar.com\/avatar\/910fcf6728fe95320e07a6643c1581fec1c7fc4bf8ae12e3d8f0d0373dc844be?s=96&d=mm&r=g","caption":"Jorge Mi\u00f1o"},"sameAs":["http:\/\/radioinfinitagoya.com.ar"]}]}},"_links":{"self":[{"href":"https:\/\/radioinfinitagoya.com.ar\/v1\/wp-json\/wp\/v2\/posts\/201316","targetHints":{"allow":["GET"]}}],"collection":[{"href":"https:\/\/radioinfinitagoya.com.ar\/v1\/wp-json\/wp\/v2\/posts"}],"about":[{"href":"https:\/\/radioinfinitagoya.com.ar\/v1\/wp-json\/wp\/v2\/types\/post"}],"author":[{"embeddable":true,"href":"https:\/\/radioinfinitagoya.com.ar\/v1\/wp-json\/wp\/v2\/users\/4"}],"replies":[{"embeddable":true,"href":"https:\/\/radioinfinitagoya.com.ar\/v1\/wp-json\/wp\/v2\/comments?post=201316"}],"version-history":[{"count":0,"href":"https:\/\/radioinfinitagoya.com.ar\/v1\/wp-json\/wp\/v2\/posts\/201316\/revisions"}],"wp:featuredmedia":[{"embeddable":true,"href":"https:\/\/radioinfinitagoya.com.ar\/v1\/wp-json\/wp\/v2\/media\/201317"}],"wp:attachment":[{"href":"https:\/\/radioinfinitagoya.com.ar\/v1\/wp-json\/wp\/v2\/media?parent=201316"}],"wp:term":[{"taxonomy":"category","embeddable":true,"href":"https:\/\/radioinfinitagoya.com.ar\/v1\/wp-json\/wp\/v2\/categories?post=201316"},{"taxonomy":"post_tag","embeddable":true,"href":"https:\/\/radioinfinitagoya.com.ar\/v1\/wp-json\/wp\/v2\/tags?post=201316"}],"curies":[{"name":"wp","href":"https:\/\/api.w.org\/{rel}","templated":true}]}}