{"id":201356,"date":"2025-12-16T15:45:16","date_gmt":"2025-12-16T18:45:16","guid":{"rendered":"https:\/\/radioinfinitagoya.com.ar\/v1\/?p=201356"},"modified":"2025-12-16T15:46:15","modified_gmt":"2025-12-16T18:46:15","slug":"presentaron-un-anteproyecto-para-modernizar-la-estacion-terminal-corrientes","status":"publish","type":"post","link":"https:\/\/radioinfinitagoya.com.ar\/v1\/2025\/12\/16\/presentaron-un-anteproyecto-para-modernizar-la-estacion-terminal-corrientes\/","title":{"rendered":"Presentaron un anteproyecto para modernizar la estaci\u00f3n Terminal Corrientes"},"content":{"rendered":"<p>Dos egresados de la Facultad de Ingenier\u00eda de la Unne elaboraron la propuesta que plantea un dise\u00f1o moderno, mayor capacidad y nueva ubicaci\u00f3n.<\/p>\n<p>Dos egresados de la Facultad de Ingenier\u00eda de la Unne presentaron la propuesta de una nueva estaci\u00f3n terminal de \u00f3mnibus para la ciudad de Corrientes. Se trata de un dise\u00f1o arquitect\u00f3nico que busca funcionalidad, sustentabilidad y confort.<\/p>\n<p>En su Trabajo Final de Carrera, Juan Francisco Insaurralde y Franco Gabriel Quiroz Solla, evaluaron la viabilidad de otro lugar de ubicaci\u00f3n, as\u00ed como un dise\u00f1o constructivo moderno y eficiente, que atienda las limitaciones de la actual estaci\u00f3n.<\/p>\n<p>La terminal existente, con m\u00e1s de 50 a\u00f1os de uso, opera por encima de su capacidad original, lo que afecta la circulaci\u00f3n vial en avenidas principales como Maip\u00fa y genera problemas de confort y seguridad para los pasajeros.<\/p>\n<p>Actualmente, la ciudad cuenta con m\u00e1s de 440.000 habitantes, un aumento del 160% respecto a la poblaci\u00f3n al momento de inaugurarse la estaci\u00f3n. Del mismo modo, la propuesta tuvo en cuenta el crecimiento del turismo y la actividad comercial.<\/p>\n<p>Capacidad de la terminal y ubicaciones propuestas<\/p>\n<p><img loading=\"lazy\" decoding=\"async\" class=\"alignnone size-full wp-image-201359\" src=\"https:\/\/radioinfinitagoya.com.ar\/v1\/wp-content\/uploads\/2025\/12\/1765893595101.jpg\" alt=\"\" width=\"807\" height=\"392\" srcset=\"https:\/\/radioinfinitagoya.com.ar\/v1\/wp-content\/uploads\/2025\/12\/1765893595101.jpg 807w, https:\/\/radioinfinitagoya.com.ar\/v1\/wp-content\/uploads\/2025\/12\/1765893595101-150x73.jpg 150w, https:\/\/radioinfinitagoya.com.ar\/v1\/wp-content\/uploads\/2025\/12\/1765893595101-768x373.jpg 768w, https:\/\/radioinfinitagoya.com.ar\/v1\/wp-content\/uploads\/2025\/12\/1765893595101-696x338.jpg 696w\" sizes=\"auto, (max-width: 807px) 100vw, 807px\" \/>El anteproyecto contempla la construcci\u00f3n de una nueva terminal con superficie cubierta de 4.000 m\u00b2 y semi-cubierta de 1.700 m\u00b2, con capacidad para 5.100 pasajeros diarios. Se planifica que en horas pico pueda atender a 550 personas por hora, y que futuras ampliaciones puedan realizarse sin interrumpir la operaci\u00f3n.<\/p>\n<p>Para la ubicaci\u00f3n, se evaluaron tres posibles sitios: Barrio Pirayu\u00ed, zona del Campus de la Unne y frente a la Rotonda de la Virgen. Finalmente, se seleccion\u00f3 la intersecci\u00f3n de la Ruta Nacional N\u00b0 12 y Ruta Provincial N\u00b0 5, por su accesibilidad, dimensiones del terreno, infraestructura urbana y cercan\u00eda al centro.<\/p>\n<p>El dise\u00f1o arquitect\u00f3nico propuesto prioriza funcionalidad, sustentabilidad y confort, con \u00e1reas diferenciadas para usuarios, operaciones, administraci\u00f3n y servicios t\u00e9cnicos. Tambi\u00e9n incorpora criterios de orientaci\u00f3n solar y eficiencia energ\u00e9tica, as\u00ed como espacios de estacionamiento adecuados.<\/p>\n<p>Los autores destacaron que la propuesta aborda aspectos estructurales, hidr\u00e1ulicos y viales. Es por eso que el trabajo fue evaluado con alta calificaci\u00f3n por los docentes de la Unne, quienes resaltaron su pertinencia y viabilidad.<\/p>\n<p>\u201cLa actual terminal ha quedado obsoleta debido a sus a\u00f1os de uso y al crecimiento poblacional sostenido de la ciudad. El objetivo con el que trabajamos fue plantear una propuesta moderna, que atienda las deficiencias de la actual estaci\u00f3n&#8221;, concluyeron los ingenieros.<\/p>\n","protected":false},"excerpt":{"rendered":"<p>Dos egresados de la Facultad de Ingenier\u00eda de la Unne elaboraron la propuesta que plantea un dise\u00f1o moderno, mayor capacidad y nueva ubicaci\u00f3n. Dos egresados de la Facultad de Ingenier\u00eda de la Unne presentaron la propuesta de una nueva estaci\u00f3n terminal de \u00f3mnibus para la ciudad de Corrientes. Se trata de un dise\u00f1o arquitect\u00f3nico que [&hellip;]<\/p>\n","protected":false},"author":4,"featured_media":201357,"comment_status":"open","ping_status":"open","sticky":false,"template":"","format":"standard","meta":{"_joinchat":[],"footnotes":""},"categories":[26],"tags":[],"class_list":{"0":"post-201356","1":"post","2":"type-post","3":"status-publish","4":"format-standard","5":"has-post-thumbnail","7":"category-provinciales"},"yoast_head":"<!-- This site is optimized with the Yoast SEO plugin v27.2 - https:\/\/yoast.com\/product\/yoast-seo-wordpress\/ -->\n<title>Presentaron un anteproyecto para modernizar la estaci\u00f3n Terminal Corrientes - Radio Infinita Goya<\/title>\n<meta name=\"description\" content=\"Dos egresados de la Facultad de Ingenier\u00eda de la Unne elaboraron la propuesta que plantea un dise\u00f1o moderno, mayor capacidad y nueva ubicaci\u00f3n. Dos\" \/>\n<meta name=\"robots\" content=\"index, follow, max-snippet:-1, max-image-preview:large, max-video-preview:-1\" \/>\n<link rel=\"canonical\" href=\"https:\/\/radioinfinitagoya.com.ar\/v1\/2025\/12\/16\/presentaron-un-anteproyecto-para-modernizar-la-estacion-terminal-corrientes\/\" \/>\n<meta property=\"og:locale\" content=\"es_ES\" \/>\n<meta property=\"og:type\" content=\"article\" \/>\n<meta property=\"og:title\" content=\"Presentaron un anteproyecto para modernizar la estaci\u00f3n Terminal Corrientes - Radio Infinita Goya\" \/>\n<meta property=\"og:description\" content=\"Dos egresados de la Facultad de Ingenier\u00eda de la Unne elaboraron la propuesta que plantea un dise\u00f1o moderno, mayor capacidad y nueva ubicaci\u00f3n. Dos\" \/>\n<meta property=\"og:url\" content=\"https:\/\/radioinfinitagoya.com.ar\/v1\/2025\/12\/16\/presentaron-un-anteproyecto-para-modernizar-la-estacion-terminal-corrientes\/\" \/>\n<meta property=\"og:site_name\" content=\"Radio Infinita Goya\" \/>\n<meta property=\"article:publisher\" content=\"https:\/\/www.facebook.com\/p\/Infinita-Goya-100063870918311\/\" \/>\n<meta property=\"article:published_time\" content=\"2025-12-16T18:45:16+00:00\" \/>\n<meta property=\"article:modified_time\" content=\"2025-12-16T18:46:15+00:00\" \/>\n<meta property=\"og:image\" content=\"https:\/\/radioinfinitagoya.com.ar\/v1\/wp-content\/uploads\/2025\/12\/1765893384725.webp\" \/>\n\t<meta property=\"og:image:width\" content=\"1200\" \/>\n\t<meta property=\"og:image:height\" content=\"675\" \/>\n\t<meta property=\"og:image:type\" content=\"image\/webp\" \/>\n<meta name=\"author\" content=\"Jorge Mi\u00f1o\" \/>\n<meta name=\"twitter:card\" content=\"summary_large_image\" \/>\n<meta name=\"twitter:label1\" content=\"Escrito por\" \/>\n\t<meta name=\"twitter:data1\" content=\"Jorge Mi\u00f1o\" \/>\n\t<meta name=\"twitter:label2\" content=\"Tiempo de lectura\" \/>\n\t<meta name=\"twitter:data2\" content=\"2 minutos\" \/>\n<script type=\"application\/ld+json\" class=\"yoast-schema-graph\">{\"@context\":\"https:\/\/schema.org\",\"@graph\":[{\"@type\":\"Article\",\"@id\":\"https:\/\/radioinfinitagoya.com.ar\/v1\/2025\/12\/16\/presentaron-un-anteproyecto-para-modernizar-la-estacion-terminal-corrientes\/#article\",\"isPartOf\":{\"@id\":\"https:\/\/radioinfinitagoya.com.ar\/v1\/2025\/12\/16\/presentaron-un-anteproyecto-para-modernizar-la-estacion-terminal-corrientes\/\"},\"author\":{\"name\":\"Jorge Mi\u00f1o\",\"@id\":\"https:\/\/radioinfinitagoya.com.ar\/v1\/#\/schema\/person\/d4cf9c413d4f6edb24aabdccab49ca4a\"},\"headline\":\"Presentaron un anteproyecto para modernizar la estaci\u00f3n Terminal Corrientes\",\"datePublished\":\"2025-12-16T18:45:16+00:00\",\"dateModified\":\"2025-12-16T18:46:15+00:00\",\"mainEntityOfPage\":{\"@id\":\"https:\/\/radioinfinitagoya.com.ar\/v1\/2025\/12\/16\/presentaron-un-anteproyecto-para-modernizar-la-estacion-terminal-corrientes\/\"},\"wordCount\":427,\"commentCount\":0,\"publisher\":{\"@id\":\"https:\/\/radioinfinitagoya.com.ar\/v1\/#organization\"},\"image\":{\"@id\":\"https:\/\/radioinfinitagoya.com.ar\/v1\/2025\/12\/16\/presentaron-un-anteproyecto-para-modernizar-la-estacion-terminal-corrientes\/#primaryimage\"},\"thumbnailUrl\":\"https:\/\/radioinfinitagoya.com.ar\/v1\/wp-content\/uploads\/2025\/12\/1765893384725.webp\",\"articleSection\":[\"PROVINCIALES\"],\"inLanguage\":\"es-AR\",\"potentialAction\":[{\"@type\":\"CommentAction\",\"name\":\"Comment\",\"target\":[\"https:\/\/radioinfinitagoya.com.ar\/v1\/2025\/12\/16\/presentaron-un-anteproyecto-para-modernizar-la-estacion-terminal-corrientes\/#respond\"]}]},{\"@type\":\"WebPage\",\"@id\":\"https:\/\/radioinfinitagoya.com.ar\/v1\/2025\/12\/16\/presentaron-un-anteproyecto-para-modernizar-la-estacion-terminal-corrientes\/\",\"url\":\"https:\/\/radioinfinitagoya.com.ar\/v1\/2025\/12\/16\/presentaron-un-anteproyecto-para-modernizar-la-estacion-terminal-corrientes\/\",\"name\":\"Presentaron un anteproyecto para modernizar la estaci\u00f3n Terminal Corrientes - Radio Infinita Goya\",\"isPartOf\":{\"@id\":\"https:\/\/radioinfinitagoya.com.ar\/v1\/#website\"},\"primaryImageOfPage\":{\"@id\":\"https:\/\/radioinfinitagoya.com.ar\/v1\/2025\/12\/16\/presentaron-un-anteproyecto-para-modernizar-la-estacion-terminal-corrientes\/#primaryimage\"},\"image\":{\"@id\":\"https:\/\/radioinfinitagoya.com.ar\/v1\/2025\/12\/16\/presentaron-un-anteproyecto-para-modernizar-la-estacion-terminal-corrientes\/#primaryimage\"},\"thumbnailUrl\":\"https:\/\/radioinfinitagoya.com.ar\/v1\/wp-content\/uploads\/2025\/12\/1765893384725.webp\",\"datePublished\":\"2025-12-16T18:45:16+00:00\",\"dateModified\":\"2025-12-16T18:46:15+00:00\",\"description\":\"Dos egresados de la Facultad de Ingenier\u00eda de la Unne elaboraron la propuesta que plantea un dise\u00f1o moderno, mayor capacidad y nueva ubicaci\u00f3n. Dos\",\"breadcrumb\":{\"@id\":\"https:\/\/radioinfinitagoya.com.ar\/v1\/2025\/12\/16\/presentaron-un-anteproyecto-para-modernizar-la-estacion-terminal-corrientes\/#breadcrumb\"},\"inLanguage\":\"es-AR\",\"potentialAction\":[{\"@type\":\"ReadAction\",\"target\":[\"https:\/\/radioinfinitagoya.com.ar\/v1\/2025\/12\/16\/presentaron-un-anteproyecto-para-modernizar-la-estacion-terminal-corrientes\/\"]}]},{\"@type\":\"ImageObject\",\"inLanguage\":\"es-AR\",\"@id\":\"https:\/\/radioinfinitagoya.com.ar\/v1\/2025\/12\/16\/presentaron-un-anteproyecto-para-modernizar-la-estacion-terminal-corrientes\/#primaryimage\",\"url\":\"https:\/\/radioinfinitagoya.com.ar\/v1\/wp-content\/uploads\/2025\/12\/1765893384725.webp\",\"contentUrl\":\"https:\/\/radioinfinitagoya.com.ar\/v1\/wp-content\/uploads\/2025\/12\/1765893384725.webp\",\"width\":1200,\"height\":675},{\"@type\":\"BreadcrumbList\",\"@id\":\"https:\/\/radioinfinitagoya.com.ar\/v1\/2025\/12\/16\/presentaron-un-anteproyecto-para-modernizar-la-estacion-terminal-corrientes\/#breadcrumb\",\"itemListElement\":[{\"@type\":\"ListItem\",\"position\":1,\"name\":\"Inicio\",\"item\":\"https:\/\/radioinfinitagoya.com.ar\/v1\/\"},{\"@type\":\"ListItem\",\"position\":2,\"name\":\"Presentaron un anteproyecto para modernizar la estaci\u00f3n Terminal Corrientes\"}]},{\"@type\":\"WebSite\",\"@id\":\"https:\/\/radioinfinitagoya.com.ar\/v1\/#website\",\"url\":\"https:\/\/radioinfinitagoya.com.ar\/v1\/\",\"name\":\"radioinfinitagoya.com.ar\",\"description\":\"Radio de noticias\",\"publisher\":{\"@id\":\"https:\/\/radioinfinitagoya.com.ar\/v1\/#organization\"},\"potentialAction\":[{\"@type\":\"SearchAction\",\"target\":{\"@type\":\"EntryPoint\",\"urlTemplate\":\"https:\/\/radioinfinitagoya.com.ar\/v1\/?s={search_term_string}\"},\"query-input\":{\"@type\":\"PropertyValueSpecification\",\"valueRequired\":true,\"valueName\":\"search_term_string\"}}],\"inLanguage\":\"es-AR\"},{\"@type\":\"Organization\",\"@id\":\"https:\/\/radioinfinitagoya.com.ar\/v1\/#organization\",\"name\":\"Radio Infinita Goya\",\"url\":\"https:\/\/radioinfinitagoya.com.ar\/v1\/\",\"logo\":{\"@type\":\"ImageObject\",\"inLanguage\":\"es-AR\",\"@id\":\"https:\/\/radioinfinitagoya.com.ar\/v1\/#\/schema\/logo\/image\/\",\"url\":\"https:\/\/radioinfinitagoya.com.ar\/v1\/wp-content\/uploads\/2019\/11\/logo-pie-web.png\",\"contentUrl\":\"https:\/\/radioinfinitagoya.com.ar\/v1\/wp-content\/uploads\/2019\/11\/logo-pie-web.png\",\"width\":635,\"height\":326,\"caption\":\"Radio Infinita Goya\"},\"image\":{\"@id\":\"https:\/\/radioinfinitagoya.com.ar\/v1\/#\/schema\/logo\/image\/\"},\"sameAs\":[\"https:\/\/www.facebook.com\/p\/Infinita-Goya-100063870918311\/\"]},{\"@type\":\"Person\",\"@id\":\"https:\/\/radioinfinitagoya.com.ar\/v1\/#\/schema\/person\/d4cf9c413d4f6edb24aabdccab49ca4a\",\"name\":\"Jorge Mi\u00f1o\",\"image\":{\"@type\":\"ImageObject\",\"inLanguage\":\"es-AR\",\"@id\":\"https:\/\/secure.gravatar.com\/avatar\/910fcf6728fe95320e07a6643c1581fec1c7fc4bf8ae12e3d8f0d0373dc844be?s=96&d=mm&r=g\",\"url\":\"https:\/\/secure.gravatar.com\/avatar\/910fcf6728fe95320e07a6643c1581fec1c7fc4bf8ae12e3d8f0d0373dc844be?s=96&d=mm&r=g\",\"contentUrl\":\"https:\/\/secure.gravatar.com\/avatar\/910fcf6728fe95320e07a6643c1581fec1c7fc4bf8ae12e3d8f0d0373dc844be?s=96&d=mm&r=g\",\"caption\":\"Jorge Mi\u00f1o\"},\"sameAs\":[\"http:\/\/radioinfinitagoya.com.ar\"]}]}<\/script>\n<!-- \/ Yoast SEO plugin. -->","yoast_head_json":{"title":"Presentaron un anteproyecto para modernizar la estaci\u00f3n Terminal Corrientes - Radio Infinita Goya","description":"Dos egresados de la Facultad de Ingenier\u00eda de la Unne elaboraron la propuesta que plantea un dise\u00f1o moderno, mayor capacidad y nueva ubicaci\u00f3n. Dos","robots":{"index":"index","follow":"follow","max-snippet":"max-snippet:-1","max-image-preview":"max-image-preview:large","max-video-preview":"max-video-preview:-1"},"canonical":"https:\/\/radioinfinitagoya.com.ar\/v1\/2025\/12\/16\/presentaron-un-anteproyecto-para-modernizar-la-estacion-terminal-corrientes\/","og_locale":"es_ES","og_type":"article","og_title":"Presentaron un anteproyecto para modernizar la estaci\u00f3n Terminal Corrientes - Radio Infinita Goya","og_description":"Dos egresados de la Facultad de Ingenier\u00eda de la Unne elaboraron la propuesta que plantea un dise\u00f1o moderno, mayor capacidad y nueva ubicaci\u00f3n. Dos","og_url":"https:\/\/radioinfinitagoya.com.ar\/v1\/2025\/12\/16\/presentaron-un-anteproyecto-para-modernizar-la-estacion-terminal-corrientes\/","og_site_name":"Radio Infinita Goya","article_publisher":"https:\/\/www.facebook.com\/p\/Infinita-Goya-100063870918311\/","article_published_time":"2025-12-16T18:45:16+00:00","article_modified_time":"2025-12-16T18:46:15+00:00","og_image":[{"width":1200,"height":675,"url":"https:\/\/radioinfinitagoya.com.ar\/v1\/wp-content\/uploads\/2025\/12\/1765893384725.webp","type":"image\/webp"}],"author":"Jorge Mi\u00f1o","twitter_card":"summary_large_image","twitter_misc":{"Escrito por":"Jorge Mi\u00f1o","Tiempo de lectura":"2 minutos"},"schema":{"@context":"https:\/\/schema.org","@graph":[{"@type":"Article","@id":"https:\/\/radioinfinitagoya.com.ar\/v1\/2025\/12\/16\/presentaron-un-anteproyecto-para-modernizar-la-estacion-terminal-corrientes\/#article","isPartOf":{"@id":"https:\/\/radioinfinitagoya.com.ar\/v1\/2025\/12\/16\/presentaron-un-anteproyecto-para-modernizar-la-estacion-terminal-corrientes\/"},"author":{"name":"Jorge Mi\u00f1o","@id":"https:\/\/radioinfinitagoya.com.ar\/v1\/#\/schema\/person\/d4cf9c413d4f6edb24aabdccab49ca4a"},"headline":"Presentaron un anteproyecto para modernizar la estaci\u00f3n Terminal Corrientes","datePublished":"2025-12-16T18:45:16+00:00","dateModified":"2025-12-16T18:46:15+00:00","mainEntityOfPage":{"@id":"https:\/\/radioinfinitagoya.com.ar\/v1\/2025\/12\/16\/presentaron-un-anteproyecto-para-modernizar-la-estacion-terminal-corrientes\/"},"wordCount":427,"commentCount":0,"publisher":{"@id":"https:\/\/radioinfinitagoya.com.ar\/v1\/#organization"},"image":{"@id":"https:\/\/radioinfinitagoya.com.ar\/v1\/2025\/12\/16\/presentaron-un-anteproyecto-para-modernizar-la-estacion-terminal-corrientes\/#primaryimage"},"thumbnailUrl":"https:\/\/radioinfinitagoya.com.ar\/v1\/wp-content\/uploads\/2025\/12\/1765893384725.webp","articleSection":["PROVINCIALES"],"inLanguage":"es-AR","potentialAction":[{"@type":"CommentAction","name":"Comment","target":["https:\/\/radioinfinitagoya.com.ar\/v1\/2025\/12\/16\/presentaron-un-anteproyecto-para-modernizar-la-estacion-terminal-corrientes\/#respond"]}]},{"@type":"WebPage","@id":"https:\/\/radioinfinitagoya.com.ar\/v1\/2025\/12\/16\/presentaron-un-anteproyecto-para-modernizar-la-estacion-terminal-corrientes\/","url":"https:\/\/radioinfinitagoya.com.ar\/v1\/2025\/12\/16\/presentaron-un-anteproyecto-para-modernizar-la-estacion-terminal-corrientes\/","name":"Presentaron un anteproyecto para modernizar la estaci\u00f3n Terminal Corrientes - Radio Infinita Goya","isPartOf":{"@id":"https:\/\/radioinfinitagoya.com.ar\/v1\/#website"},"primaryImageOfPage":{"@id":"https:\/\/radioinfinitagoya.com.ar\/v1\/2025\/12\/16\/presentaron-un-anteproyecto-para-modernizar-la-estacion-terminal-corrientes\/#primaryimage"},"image":{"@id":"https:\/\/radioinfinitagoya.com.ar\/v1\/2025\/12\/16\/presentaron-un-anteproyecto-para-modernizar-la-estacion-terminal-corrientes\/#primaryimage"},"thumbnailUrl":"https:\/\/radioinfinitagoya.com.ar\/v1\/wp-content\/uploads\/2025\/12\/1765893384725.webp","datePublished":"2025-12-16T18:45:16+00:00","dateModified":"2025-12-16T18:46:15+00:00","description":"Dos egresados de la Facultad de Ingenier\u00eda de la Unne elaboraron la propuesta que plantea un dise\u00f1o moderno, mayor capacidad y nueva ubicaci\u00f3n. Dos","breadcrumb":{"@id":"https:\/\/radioinfinitagoya.com.ar\/v1\/2025\/12\/16\/presentaron-un-anteproyecto-para-modernizar-la-estacion-terminal-corrientes\/#breadcrumb"},"inLanguage":"es-AR","potentialAction":[{"@type":"ReadAction","target":["https:\/\/radioinfinitagoya.com.ar\/v1\/2025\/12\/16\/presentaron-un-anteproyecto-para-modernizar-la-estacion-terminal-corrientes\/"]}]},{"@type":"ImageObject","inLanguage":"es-AR","@id":"https:\/\/radioinfinitagoya.com.ar\/v1\/2025\/12\/16\/presentaron-un-anteproyecto-para-modernizar-la-estacion-terminal-corrientes\/#primaryimage","url":"https:\/\/radioinfinitagoya.com.ar\/v1\/wp-content\/uploads\/2025\/12\/1765893384725.webp","contentUrl":"https:\/\/radioinfinitagoya.com.ar\/v1\/wp-content\/uploads\/2025\/12\/1765893384725.webp","width":1200,"height":675},{"@type":"BreadcrumbList","@id":"https:\/\/radioinfinitagoya.com.ar\/v1\/2025\/12\/16\/presentaron-un-anteproyecto-para-modernizar-la-estacion-terminal-corrientes\/#breadcrumb","itemListElement":[{"@type":"ListItem","position":1,"name":"Inicio","item":"https:\/\/radioinfinitagoya.com.ar\/v1\/"},{"@type":"ListItem","position":2,"name":"Presentaron un anteproyecto para modernizar la estaci\u00f3n Terminal Corrientes"}]},{"@type":"WebSite","@id":"https:\/\/radioinfinitagoya.com.ar\/v1\/#website","url":"https:\/\/radioinfinitagoya.com.ar\/v1\/","name":"radioinfinitagoya.com.ar","description":"Radio de noticias","publisher":{"@id":"https:\/\/radioinfinitagoya.com.ar\/v1\/#organization"},"potentialAction":[{"@type":"SearchAction","target":{"@type":"EntryPoint","urlTemplate":"https:\/\/radioinfinitagoya.com.ar\/v1\/?s={search_term_string}"},"query-input":{"@type":"PropertyValueSpecification","valueRequired":true,"valueName":"search_term_string"}}],"inLanguage":"es-AR"},{"@type":"Organization","@id":"https:\/\/radioinfinitagoya.com.ar\/v1\/#organization","name":"Radio Infinita Goya","url":"https:\/\/radioinfinitagoya.com.ar\/v1\/","logo":{"@type":"ImageObject","inLanguage":"es-AR","@id":"https:\/\/radioinfinitagoya.com.ar\/v1\/#\/schema\/logo\/image\/","url":"https:\/\/radioinfinitagoya.com.ar\/v1\/wp-content\/uploads\/2019\/11\/logo-pie-web.png","contentUrl":"https:\/\/radioinfinitagoya.com.ar\/v1\/wp-content\/uploads\/2019\/11\/logo-pie-web.png","width":635,"height":326,"caption":"Radio Infinita Goya"},"image":{"@id":"https:\/\/radioinfinitagoya.com.ar\/v1\/#\/schema\/logo\/image\/"},"sameAs":["https:\/\/www.facebook.com\/p\/Infinita-Goya-100063870918311\/"]},{"@type":"Person","@id":"https:\/\/radioinfinitagoya.com.ar\/v1\/#\/schema\/person\/d4cf9c413d4f6edb24aabdccab49ca4a","name":"Jorge Mi\u00f1o","image":{"@type":"ImageObject","inLanguage":"es-AR","@id":"https:\/\/secure.gravatar.com\/avatar\/910fcf6728fe95320e07a6643c1581fec1c7fc4bf8ae12e3d8f0d0373dc844be?s=96&d=mm&r=g","url":"https:\/\/secure.gravatar.com\/avatar\/910fcf6728fe95320e07a6643c1581fec1c7fc4bf8ae12e3d8f0d0373dc844be?s=96&d=mm&r=g","contentUrl":"https:\/\/secure.gravatar.com\/avatar\/910fcf6728fe95320e07a6643c1581fec1c7fc4bf8ae12e3d8f0d0373dc844be?s=96&d=mm&r=g","caption":"Jorge Mi\u00f1o"},"sameAs":["http:\/\/radioinfinitagoya.com.ar"]}]}},"_links":{"self":[{"href":"https:\/\/radioinfinitagoya.com.ar\/v1\/wp-json\/wp\/v2\/posts\/201356","targetHints":{"allow":["GET"]}}],"collection":[{"href":"https:\/\/radioinfinitagoya.com.ar\/v1\/wp-json\/wp\/v2\/posts"}],"about":[{"href":"https:\/\/radioinfinitagoya.com.ar\/v1\/wp-json\/wp\/v2\/types\/post"}],"author":[{"embeddable":true,"href":"https:\/\/radioinfinitagoya.com.ar\/v1\/wp-json\/wp\/v2\/users\/4"}],"replies":[{"embeddable":true,"href":"https:\/\/radioinfinitagoya.com.ar\/v1\/wp-json\/wp\/v2\/comments?post=201356"}],"version-history":[{"count":0,"href":"https:\/\/radioinfinitagoya.com.ar\/v1\/wp-json\/wp\/v2\/posts\/201356\/revisions"}],"wp:featuredmedia":[{"embeddable":true,"href":"https:\/\/radioinfinitagoya.com.ar\/v1\/wp-json\/wp\/v2\/media\/201357"}],"wp:attachment":[{"href":"https:\/\/radioinfinitagoya.com.ar\/v1\/wp-json\/wp\/v2\/media?parent=201356"}],"wp:term":[{"taxonomy":"category","embeddable":true,"href":"https:\/\/radioinfinitagoya.com.ar\/v1\/wp-json\/wp\/v2\/categories?post=201356"},{"taxonomy":"post_tag","embeddable":true,"href":"https:\/\/radioinfinitagoya.com.ar\/v1\/wp-json\/wp\/v2\/tags?post=201356"}],"curies":[{"name":"wp","href":"https:\/\/api.w.org\/{rel}","templated":true}]}}