{"id":201364,"date":"2025-12-16T15:53:51","date_gmt":"2025-12-16T18:53:51","guid":{"rendered":"https:\/\/radioinfinitagoya.com.ar\/v1\/?p=201364"},"modified":"2025-12-16T15:53:51","modified_gmt":"2025-12-16T18:53:51","slug":"encontraron-muerto-a-un-custodio-de-javier-milei-en-la-quinta-de-olivos","status":"publish","type":"post","link":"https:\/\/radioinfinitagoya.com.ar\/v1\/2025\/12\/16\/encontraron-muerto-a-un-custodio-de-javier-milei-en-la-quinta-de-olivos\/","title":{"rendered":"Encontraron muerto a un custodio de Javier Milei en la Quinta de Olivos"},"content":{"rendered":"<p>La hip\u00f3tesis principal es que se habr\u00eda suicidado. Interviene la jueza federal Sandra Arroyo Salgado.<\/p>\n<p>El Gobierno nacional inform\u00f3 que un militar que prestaba servicio en la Residencia Presidencial de Olivos apareci\u00f3 muerto esta madrugada. La jueza federal Sandra Arroyo Salgado interviene en la investigaci\u00f3n.<\/p>\n<p>El soldado, de 21 a\u00f1os, pertenec\u00eda al Escuadr\u00f3n Chacabuco del Regimiento de Granaderos a Caballo \u201cGeneral San Mart\u00edn\u201d. La unidad est\u00e1 encargada de la seguridad presidencial en la residencia y dispone de un cuartel propio en otro predio.<\/p>\n<p>\u201cEl caso se encuentra en investigaci\u00f3n y todas las hip\u00f3tesis permanecen bajo an\u00e1lisis\u201d, indic\u00f3 el Gobierno en un comunicado oficial.<\/p>\n<p>Principal hip\u00f3tesis<\/p>\n<p>La Divisi\u00f3n Homicidios de la Polic\u00eda Federal actu\u00f3 en el lugar. Sin embargo, la hip\u00f3tesis principal es que se habr\u00eda suicidado: junto al cuerpo, confirmaron altas fuentes del caso, se hall\u00f3 una carta, presuntamente escrita por el joven soldado, dirigida a sus camaradas y a su familia. Ah\u00ed se indicaba que deb\u00eda una fuerte suma de dinero.<\/p>\n<p>Por disposici\u00f3n del juzgado federal, las distintas \u00e1reas de las fuerzas federales participaron de las pericias para esclarecer las circunstancias del hecho. Hasta el momento, no se brindaron detalles adicionales sobre la causa ni sobre los resultados preliminares de la investigaci\u00f3n.<\/p>\n<p>&nbsp;<\/p>\n<p>&nbsp;<\/p>\n","protected":false},"excerpt":{"rendered":"<p>La hip\u00f3tesis principal es que se habr\u00eda suicidado. Interviene la jueza federal Sandra Arroyo Salgado. El Gobierno nacional inform\u00f3 que un militar que prestaba servicio en la Residencia Presidencial de Olivos apareci\u00f3 muerto esta madrugada. La jueza federal Sandra Arroyo Salgado interviene en la investigaci\u00f3n. El soldado, de 21 a\u00f1os, pertenec\u00eda al Escuadr\u00f3n Chacabuco del [&hellip;]<\/p>\n","protected":false},"author":4,"featured_media":201365,"comment_status":"open","ping_status":"open","sticky":false,"template":"","format":"standard","meta":{"_joinchat":[],"footnotes":""},"categories":[29],"tags":[],"class_list":{"0":"post-201364","1":"post","2":"type-post","3":"status-publish","4":"format-standard","5":"has-post-thumbnail","7":"category-nacionales"},"yoast_head":"<!-- This site is optimized with the Yoast SEO plugin v27.2 - https:\/\/yoast.com\/product\/yoast-seo-wordpress\/ -->\n<title>Encontraron muerto a un custodio de Javier Milei en la Quinta de Olivos - Radio Infinita Goya<\/title>\n<meta name=\"description\" content=\"La hip\u00f3tesis principal es que se habr\u00eda suicidado. Interviene la jueza federal Sandra Arroyo Salgado. El Gobierno nacional inform\u00f3 que un militar que\" \/>\n<meta name=\"robots\" content=\"index, follow, max-snippet:-1, max-image-preview:large, max-video-preview:-1\" \/>\n<link rel=\"canonical\" href=\"https:\/\/radioinfinitagoya.com.ar\/v1\/2025\/12\/16\/encontraron-muerto-a-un-custodio-de-javier-milei-en-la-quinta-de-olivos\/\" \/>\n<meta property=\"og:locale\" content=\"es_ES\" \/>\n<meta property=\"og:type\" content=\"article\" \/>\n<meta property=\"og:title\" content=\"Encontraron muerto a un custodio de Javier Milei en la Quinta de Olivos - Radio Infinita Goya\" \/>\n<meta property=\"og:description\" content=\"La hip\u00f3tesis principal es que se habr\u00eda suicidado. Interviene la jueza federal Sandra Arroyo Salgado. El Gobierno nacional inform\u00f3 que un militar que\" \/>\n<meta property=\"og:url\" content=\"https:\/\/radioinfinitagoya.com.ar\/v1\/2025\/12\/16\/encontraron-muerto-a-un-custodio-de-javier-milei-en-la-quinta-de-olivos\/\" \/>\n<meta property=\"og:site_name\" content=\"Radio Infinita Goya\" \/>\n<meta property=\"article:publisher\" content=\"https:\/\/www.facebook.com\/p\/Infinita-Goya-100063870918311\/\" \/>\n<meta property=\"article:published_time\" content=\"2025-12-16T18:53:51+00:00\" \/>\n<meta property=\"og:image\" content=\"https:\/\/radioinfinitagoya.com.ar\/v1\/wp-content\/uploads\/2025\/12\/rwMfJxJP.jpg\" \/>\n\t<meta property=\"og:image:width\" content=\"680\" \/>\n\t<meta property=\"og:image:height\" content=\"340\" \/>\n\t<meta property=\"og:image:type\" content=\"image\/jpeg\" \/>\n<meta name=\"author\" content=\"Jorge Mi\u00f1o\" \/>\n<meta name=\"twitter:card\" content=\"summary_large_image\" \/>\n<meta name=\"twitter:label1\" content=\"Escrito por\" \/>\n\t<meta name=\"twitter:data1\" content=\"Jorge Mi\u00f1o\" \/>\n\t<meta name=\"twitter:label2\" content=\"Tiempo de lectura\" \/>\n\t<meta name=\"twitter:data2\" content=\"1 minuto\" \/>\n<script type=\"application\/ld+json\" class=\"yoast-schema-graph\">{\"@context\":\"https:\/\/schema.org\",\"@graph\":[{\"@type\":\"Article\",\"@id\":\"https:\/\/radioinfinitagoya.com.ar\/v1\/2025\/12\/16\/encontraron-muerto-a-un-custodio-de-javier-milei-en-la-quinta-de-olivos\/#article\",\"isPartOf\":{\"@id\":\"https:\/\/radioinfinitagoya.com.ar\/v1\/2025\/12\/16\/encontraron-muerto-a-un-custodio-de-javier-milei-en-la-quinta-de-olivos\/\"},\"author\":{\"name\":\"Jorge Mi\u00f1o\",\"@id\":\"https:\/\/radioinfinitagoya.com.ar\/v1\/#\/schema\/person\/d4cf9c413d4f6edb24aabdccab49ca4a\"},\"headline\":\"Encontraron muerto a un custodio de Javier Milei en la Quinta de Olivos\",\"datePublished\":\"2025-12-16T18:53:51+00:00\",\"mainEntityOfPage\":{\"@id\":\"https:\/\/radioinfinitagoya.com.ar\/v1\/2025\/12\/16\/encontraron-muerto-a-un-custodio-de-javier-milei-en-la-quinta-de-olivos\/\"},\"wordCount\":235,\"commentCount\":0,\"publisher\":{\"@id\":\"https:\/\/radioinfinitagoya.com.ar\/v1\/#organization\"},\"image\":{\"@id\":\"https:\/\/radioinfinitagoya.com.ar\/v1\/2025\/12\/16\/encontraron-muerto-a-un-custodio-de-javier-milei-en-la-quinta-de-olivos\/#primaryimage\"},\"thumbnailUrl\":\"https:\/\/radioinfinitagoya.com.ar\/v1\/wp-content\/uploads\/2025\/12\/rwMfJxJP.jpg\",\"articleSection\":[\"NACIONALES\"],\"inLanguage\":\"es-AR\",\"potentialAction\":[{\"@type\":\"CommentAction\",\"name\":\"Comment\",\"target\":[\"https:\/\/radioinfinitagoya.com.ar\/v1\/2025\/12\/16\/encontraron-muerto-a-un-custodio-de-javier-milei-en-la-quinta-de-olivos\/#respond\"]}]},{\"@type\":\"WebPage\",\"@id\":\"https:\/\/radioinfinitagoya.com.ar\/v1\/2025\/12\/16\/encontraron-muerto-a-un-custodio-de-javier-milei-en-la-quinta-de-olivos\/\",\"url\":\"https:\/\/radioinfinitagoya.com.ar\/v1\/2025\/12\/16\/encontraron-muerto-a-un-custodio-de-javier-milei-en-la-quinta-de-olivos\/\",\"name\":\"Encontraron muerto a un custodio de Javier Milei en la Quinta de Olivos - Radio Infinita Goya\",\"isPartOf\":{\"@id\":\"https:\/\/radioinfinitagoya.com.ar\/v1\/#website\"},\"primaryImageOfPage\":{\"@id\":\"https:\/\/radioinfinitagoya.com.ar\/v1\/2025\/12\/16\/encontraron-muerto-a-un-custodio-de-javier-milei-en-la-quinta-de-olivos\/#primaryimage\"},\"image\":{\"@id\":\"https:\/\/radioinfinitagoya.com.ar\/v1\/2025\/12\/16\/encontraron-muerto-a-un-custodio-de-javier-milei-en-la-quinta-de-olivos\/#primaryimage\"},\"thumbnailUrl\":\"https:\/\/radioinfinitagoya.com.ar\/v1\/wp-content\/uploads\/2025\/12\/rwMfJxJP.jpg\",\"datePublished\":\"2025-12-16T18:53:51+00:00\",\"description\":\"La hip\u00f3tesis principal es que se habr\u00eda suicidado. Interviene la jueza federal Sandra Arroyo Salgado. El Gobierno nacional inform\u00f3 que un militar que\",\"breadcrumb\":{\"@id\":\"https:\/\/radioinfinitagoya.com.ar\/v1\/2025\/12\/16\/encontraron-muerto-a-un-custodio-de-javier-milei-en-la-quinta-de-olivos\/#breadcrumb\"},\"inLanguage\":\"es-AR\",\"potentialAction\":[{\"@type\":\"ReadAction\",\"target\":[\"https:\/\/radioinfinitagoya.com.ar\/v1\/2025\/12\/16\/encontraron-muerto-a-un-custodio-de-javier-milei-en-la-quinta-de-olivos\/\"]}]},{\"@type\":\"ImageObject\",\"inLanguage\":\"es-AR\",\"@id\":\"https:\/\/radioinfinitagoya.com.ar\/v1\/2025\/12\/16\/encontraron-muerto-a-un-custodio-de-javier-milei-en-la-quinta-de-olivos\/#primaryimage\",\"url\":\"https:\/\/radioinfinitagoya.com.ar\/v1\/wp-content\/uploads\/2025\/12\/rwMfJxJP.jpg\",\"contentUrl\":\"https:\/\/radioinfinitagoya.com.ar\/v1\/wp-content\/uploads\/2025\/12\/rwMfJxJP.jpg\",\"width\":680,\"height\":340},{\"@type\":\"BreadcrumbList\",\"@id\":\"https:\/\/radioinfinitagoya.com.ar\/v1\/2025\/12\/16\/encontraron-muerto-a-un-custodio-de-javier-milei-en-la-quinta-de-olivos\/#breadcrumb\",\"itemListElement\":[{\"@type\":\"ListItem\",\"position\":1,\"name\":\"Inicio\",\"item\":\"https:\/\/radioinfinitagoya.com.ar\/v1\/\"},{\"@type\":\"ListItem\",\"position\":2,\"name\":\"Encontraron muerto a un custodio de Javier Milei en la Quinta de Olivos\"}]},{\"@type\":\"WebSite\",\"@id\":\"https:\/\/radioinfinitagoya.com.ar\/v1\/#website\",\"url\":\"https:\/\/radioinfinitagoya.com.ar\/v1\/\",\"name\":\"radioinfinitagoya.com.ar\",\"description\":\"Radio de noticias\",\"publisher\":{\"@id\":\"https:\/\/radioinfinitagoya.com.ar\/v1\/#organization\"},\"potentialAction\":[{\"@type\":\"SearchAction\",\"target\":{\"@type\":\"EntryPoint\",\"urlTemplate\":\"https:\/\/radioinfinitagoya.com.ar\/v1\/?s={search_term_string}\"},\"query-input\":{\"@type\":\"PropertyValueSpecification\",\"valueRequired\":true,\"valueName\":\"search_term_string\"}}],\"inLanguage\":\"es-AR\"},{\"@type\":\"Organization\",\"@id\":\"https:\/\/radioinfinitagoya.com.ar\/v1\/#organization\",\"name\":\"Radio Infinita Goya\",\"url\":\"https:\/\/radioinfinitagoya.com.ar\/v1\/\",\"logo\":{\"@type\":\"ImageObject\",\"inLanguage\":\"es-AR\",\"@id\":\"https:\/\/radioinfinitagoya.com.ar\/v1\/#\/schema\/logo\/image\/\",\"url\":\"https:\/\/radioinfinitagoya.com.ar\/v1\/wp-content\/uploads\/2019\/11\/logo-pie-web.png\",\"contentUrl\":\"https:\/\/radioinfinitagoya.com.ar\/v1\/wp-content\/uploads\/2019\/11\/logo-pie-web.png\",\"width\":635,\"height\":326,\"caption\":\"Radio Infinita Goya\"},\"image\":{\"@id\":\"https:\/\/radioinfinitagoya.com.ar\/v1\/#\/schema\/logo\/image\/\"},\"sameAs\":[\"https:\/\/www.facebook.com\/p\/Infinita-Goya-100063870918311\/\"]},{\"@type\":\"Person\",\"@id\":\"https:\/\/radioinfinitagoya.com.ar\/v1\/#\/schema\/person\/d4cf9c413d4f6edb24aabdccab49ca4a\",\"name\":\"Jorge Mi\u00f1o\",\"image\":{\"@type\":\"ImageObject\",\"inLanguage\":\"es-AR\",\"@id\":\"https:\/\/secure.gravatar.com\/avatar\/910fcf6728fe95320e07a6643c1581fec1c7fc4bf8ae12e3d8f0d0373dc844be?s=96&d=mm&r=g\",\"url\":\"https:\/\/secure.gravatar.com\/avatar\/910fcf6728fe95320e07a6643c1581fec1c7fc4bf8ae12e3d8f0d0373dc844be?s=96&d=mm&r=g\",\"contentUrl\":\"https:\/\/secure.gravatar.com\/avatar\/910fcf6728fe95320e07a6643c1581fec1c7fc4bf8ae12e3d8f0d0373dc844be?s=96&d=mm&r=g\",\"caption\":\"Jorge Mi\u00f1o\"},\"sameAs\":[\"http:\/\/radioinfinitagoya.com.ar\"]}]}<\/script>\n<!-- \/ Yoast SEO plugin. -->","yoast_head_json":{"title":"Encontraron muerto a un custodio de Javier Milei en la Quinta de Olivos - Radio Infinita Goya","description":"La hip\u00f3tesis principal es que se habr\u00eda suicidado. Interviene la jueza federal Sandra Arroyo Salgado. El Gobierno nacional inform\u00f3 que un militar que","robots":{"index":"index","follow":"follow","max-snippet":"max-snippet:-1","max-image-preview":"max-image-preview:large","max-video-preview":"max-video-preview:-1"},"canonical":"https:\/\/radioinfinitagoya.com.ar\/v1\/2025\/12\/16\/encontraron-muerto-a-un-custodio-de-javier-milei-en-la-quinta-de-olivos\/","og_locale":"es_ES","og_type":"article","og_title":"Encontraron muerto a un custodio de Javier Milei en la Quinta de Olivos - Radio Infinita Goya","og_description":"La hip\u00f3tesis principal es que se habr\u00eda suicidado. Interviene la jueza federal Sandra Arroyo Salgado. El Gobierno nacional inform\u00f3 que un militar que","og_url":"https:\/\/radioinfinitagoya.com.ar\/v1\/2025\/12\/16\/encontraron-muerto-a-un-custodio-de-javier-milei-en-la-quinta-de-olivos\/","og_site_name":"Radio Infinita Goya","article_publisher":"https:\/\/www.facebook.com\/p\/Infinita-Goya-100063870918311\/","article_published_time":"2025-12-16T18:53:51+00:00","og_image":[{"width":680,"height":340,"url":"https:\/\/radioinfinitagoya.com.ar\/v1\/wp-content\/uploads\/2025\/12\/rwMfJxJP.jpg","type":"image\/jpeg"}],"author":"Jorge Mi\u00f1o","twitter_card":"summary_large_image","twitter_misc":{"Escrito por":"Jorge Mi\u00f1o","Tiempo de lectura":"1 minuto"},"schema":{"@context":"https:\/\/schema.org","@graph":[{"@type":"Article","@id":"https:\/\/radioinfinitagoya.com.ar\/v1\/2025\/12\/16\/encontraron-muerto-a-un-custodio-de-javier-milei-en-la-quinta-de-olivos\/#article","isPartOf":{"@id":"https:\/\/radioinfinitagoya.com.ar\/v1\/2025\/12\/16\/encontraron-muerto-a-un-custodio-de-javier-milei-en-la-quinta-de-olivos\/"},"author":{"name":"Jorge Mi\u00f1o","@id":"https:\/\/radioinfinitagoya.com.ar\/v1\/#\/schema\/person\/d4cf9c413d4f6edb24aabdccab49ca4a"},"headline":"Encontraron muerto a un custodio de Javier Milei en la Quinta de Olivos","datePublished":"2025-12-16T18:53:51+00:00","mainEntityOfPage":{"@id":"https:\/\/radioinfinitagoya.com.ar\/v1\/2025\/12\/16\/encontraron-muerto-a-un-custodio-de-javier-milei-en-la-quinta-de-olivos\/"},"wordCount":235,"commentCount":0,"publisher":{"@id":"https:\/\/radioinfinitagoya.com.ar\/v1\/#organization"},"image":{"@id":"https:\/\/radioinfinitagoya.com.ar\/v1\/2025\/12\/16\/encontraron-muerto-a-un-custodio-de-javier-milei-en-la-quinta-de-olivos\/#primaryimage"},"thumbnailUrl":"https:\/\/radioinfinitagoya.com.ar\/v1\/wp-content\/uploads\/2025\/12\/rwMfJxJP.jpg","articleSection":["NACIONALES"],"inLanguage":"es-AR","potentialAction":[{"@type":"CommentAction","name":"Comment","target":["https:\/\/radioinfinitagoya.com.ar\/v1\/2025\/12\/16\/encontraron-muerto-a-un-custodio-de-javier-milei-en-la-quinta-de-olivos\/#respond"]}]},{"@type":"WebPage","@id":"https:\/\/radioinfinitagoya.com.ar\/v1\/2025\/12\/16\/encontraron-muerto-a-un-custodio-de-javier-milei-en-la-quinta-de-olivos\/","url":"https:\/\/radioinfinitagoya.com.ar\/v1\/2025\/12\/16\/encontraron-muerto-a-un-custodio-de-javier-milei-en-la-quinta-de-olivos\/","name":"Encontraron muerto a un custodio de Javier Milei en la Quinta de Olivos - Radio Infinita Goya","isPartOf":{"@id":"https:\/\/radioinfinitagoya.com.ar\/v1\/#website"},"primaryImageOfPage":{"@id":"https:\/\/radioinfinitagoya.com.ar\/v1\/2025\/12\/16\/encontraron-muerto-a-un-custodio-de-javier-milei-en-la-quinta-de-olivos\/#primaryimage"},"image":{"@id":"https:\/\/radioinfinitagoya.com.ar\/v1\/2025\/12\/16\/encontraron-muerto-a-un-custodio-de-javier-milei-en-la-quinta-de-olivos\/#primaryimage"},"thumbnailUrl":"https:\/\/radioinfinitagoya.com.ar\/v1\/wp-content\/uploads\/2025\/12\/rwMfJxJP.jpg","datePublished":"2025-12-16T18:53:51+00:00","description":"La hip\u00f3tesis principal es que se habr\u00eda suicidado. Interviene la jueza federal Sandra Arroyo Salgado. El Gobierno nacional inform\u00f3 que un militar que","breadcrumb":{"@id":"https:\/\/radioinfinitagoya.com.ar\/v1\/2025\/12\/16\/encontraron-muerto-a-un-custodio-de-javier-milei-en-la-quinta-de-olivos\/#breadcrumb"},"inLanguage":"es-AR","potentialAction":[{"@type":"ReadAction","target":["https:\/\/radioinfinitagoya.com.ar\/v1\/2025\/12\/16\/encontraron-muerto-a-un-custodio-de-javier-milei-en-la-quinta-de-olivos\/"]}]},{"@type":"ImageObject","inLanguage":"es-AR","@id":"https:\/\/radioinfinitagoya.com.ar\/v1\/2025\/12\/16\/encontraron-muerto-a-un-custodio-de-javier-milei-en-la-quinta-de-olivos\/#primaryimage","url":"https:\/\/radioinfinitagoya.com.ar\/v1\/wp-content\/uploads\/2025\/12\/rwMfJxJP.jpg","contentUrl":"https:\/\/radioinfinitagoya.com.ar\/v1\/wp-content\/uploads\/2025\/12\/rwMfJxJP.jpg","width":680,"height":340},{"@type":"BreadcrumbList","@id":"https:\/\/radioinfinitagoya.com.ar\/v1\/2025\/12\/16\/encontraron-muerto-a-un-custodio-de-javier-milei-en-la-quinta-de-olivos\/#breadcrumb","itemListElement":[{"@type":"ListItem","position":1,"name":"Inicio","item":"https:\/\/radioinfinitagoya.com.ar\/v1\/"},{"@type":"ListItem","position":2,"name":"Encontraron muerto a un custodio de Javier Milei en la Quinta de Olivos"}]},{"@type":"WebSite","@id":"https:\/\/radioinfinitagoya.com.ar\/v1\/#website","url":"https:\/\/radioinfinitagoya.com.ar\/v1\/","name":"radioinfinitagoya.com.ar","description":"Radio de noticias","publisher":{"@id":"https:\/\/radioinfinitagoya.com.ar\/v1\/#organization"},"potentialAction":[{"@type":"SearchAction","target":{"@type":"EntryPoint","urlTemplate":"https:\/\/radioinfinitagoya.com.ar\/v1\/?s={search_term_string}"},"query-input":{"@type":"PropertyValueSpecification","valueRequired":true,"valueName":"search_term_string"}}],"inLanguage":"es-AR"},{"@type":"Organization","@id":"https:\/\/radioinfinitagoya.com.ar\/v1\/#organization","name":"Radio Infinita Goya","url":"https:\/\/radioinfinitagoya.com.ar\/v1\/","logo":{"@type":"ImageObject","inLanguage":"es-AR","@id":"https:\/\/radioinfinitagoya.com.ar\/v1\/#\/schema\/logo\/image\/","url":"https:\/\/radioinfinitagoya.com.ar\/v1\/wp-content\/uploads\/2019\/11\/logo-pie-web.png","contentUrl":"https:\/\/radioinfinitagoya.com.ar\/v1\/wp-content\/uploads\/2019\/11\/logo-pie-web.png","width":635,"height":326,"caption":"Radio Infinita Goya"},"image":{"@id":"https:\/\/radioinfinitagoya.com.ar\/v1\/#\/schema\/logo\/image\/"},"sameAs":["https:\/\/www.facebook.com\/p\/Infinita-Goya-100063870918311\/"]},{"@type":"Person","@id":"https:\/\/radioinfinitagoya.com.ar\/v1\/#\/schema\/person\/d4cf9c413d4f6edb24aabdccab49ca4a","name":"Jorge Mi\u00f1o","image":{"@type":"ImageObject","inLanguage":"es-AR","@id":"https:\/\/secure.gravatar.com\/avatar\/910fcf6728fe95320e07a6643c1581fec1c7fc4bf8ae12e3d8f0d0373dc844be?s=96&d=mm&r=g","url":"https:\/\/secure.gravatar.com\/avatar\/910fcf6728fe95320e07a6643c1581fec1c7fc4bf8ae12e3d8f0d0373dc844be?s=96&d=mm&r=g","contentUrl":"https:\/\/secure.gravatar.com\/avatar\/910fcf6728fe95320e07a6643c1581fec1c7fc4bf8ae12e3d8f0d0373dc844be?s=96&d=mm&r=g","caption":"Jorge Mi\u00f1o"},"sameAs":["http:\/\/radioinfinitagoya.com.ar"]}]}},"_links":{"self":[{"href":"https:\/\/radioinfinitagoya.com.ar\/v1\/wp-json\/wp\/v2\/posts\/201364","targetHints":{"allow":["GET"]}}],"collection":[{"href":"https:\/\/radioinfinitagoya.com.ar\/v1\/wp-json\/wp\/v2\/posts"}],"about":[{"href":"https:\/\/radioinfinitagoya.com.ar\/v1\/wp-json\/wp\/v2\/types\/post"}],"author":[{"embeddable":true,"href":"https:\/\/radioinfinitagoya.com.ar\/v1\/wp-json\/wp\/v2\/users\/4"}],"replies":[{"embeddable":true,"href":"https:\/\/radioinfinitagoya.com.ar\/v1\/wp-json\/wp\/v2\/comments?post=201364"}],"version-history":[{"count":0,"href":"https:\/\/radioinfinitagoya.com.ar\/v1\/wp-json\/wp\/v2\/posts\/201364\/revisions"}],"wp:featuredmedia":[{"embeddable":true,"href":"https:\/\/radioinfinitagoya.com.ar\/v1\/wp-json\/wp\/v2\/media\/201365"}],"wp:attachment":[{"href":"https:\/\/radioinfinitagoya.com.ar\/v1\/wp-json\/wp\/v2\/media?parent=201364"}],"wp:term":[{"taxonomy":"category","embeddable":true,"href":"https:\/\/radioinfinitagoya.com.ar\/v1\/wp-json\/wp\/v2\/categories?post=201364"},{"taxonomy":"post_tag","embeddable":true,"href":"https:\/\/radioinfinitagoya.com.ar\/v1\/wp-json\/wp\/v2\/tags?post=201364"}],"curies":[{"name":"wp","href":"https:\/\/api.w.org\/{rel}","templated":true}]}}