{"id":201367,"date":"2025-12-16T15:57:34","date_gmt":"2025-12-16T18:57:34","guid":{"rendered":"https:\/\/radioinfinitagoya.com.ar\/v1\/?p=201367"},"modified":"2025-12-16T15:57:34","modified_gmt":"2025-12-16T18:57:34","slug":"renuncio-el-director-del-arca-y-el-gobierno-designo-un-nuevo-titular","status":"publish","type":"post","link":"https:\/\/radioinfinitagoya.com.ar\/v1\/2025\/12\/16\/renuncio-el-director-del-arca-y-el-gobierno-designo-un-nuevo-titular\/","title":{"rendered":"Renunci\u00f3 el director del Arca y el Gobierno design\u00f3 un nuevo titular"},"content":{"rendered":"<p>Juan Pazo dej\u00f3 la conducci\u00f3n de la Agencia de Recaudaci\u00f3n y Control Aduanero. La designaci\u00f3n del nuevo director ejecutivo fue oficializada por decreto y apunta a dar continuidad a la pol\u00edtica fiscal del Gobierno.<\/p>\n<p>El Gobierno nacional oficializ\u00f3 la renuncia del director ejecutivo de la Agencia de Recaudaci\u00f3n y Control Aduanero (Arca), Juan Alberto Pazo. Se confirm\u00f3, adem\u00e1s, la designaci\u00f3n de Andr\u00e9s Edgardo V\u00e1zquez como nuevo titular del organismo.<\/p>\n<p>La salida de Pazo se conoci\u00f3 durante la madrugada a trav\u00e9s de un comunicado del Ministerio de Econom\u00eda y qued\u00f3 formalizada con la publicaci\u00f3n del Decreto 890\/2025 en el Bolet\u00edn Oficial.<\/p>\n<p>\u201cEl Director Ejecutivo de ARCA, Juan Pazo, le comunic\u00f3 hoy al ministro de Econom\u00eda, Luis Caputo, su decisi\u00f3n de renunciar al cargo\u201d, inform\u00f3 el ministerio a trav\u00e9s de sus redes sociales.<\/p>\n<p>Seg\u00fan explicaron, la decisi\u00f3n responde a la voluntad de Pazo de regresar al sector privado, aunque continuar\u00e1 colaborando con el equipo econ\u00f3mico en iniciativas vinculadas al fortalecimiento de la actividad privada y el crecimiento del pa\u00eds.<\/p>\n<p>En el mismo decreto, firmado por el presidente Javier Milei y el ministro Caputo, tambi\u00e9n se acepta la renuncia de Andr\u00e9s V\u00e1zquez a su cargo como director general de la Direcci\u00f3n General Impositiva (DGI). Este fue un paso previo para su nombramiento como m\u00e1xima autoridad del Arca.<\/p>\n<p>Desde Econom\u00eda destacaron que la gesti\u00f3n de Pazo, iniciada el 11 de diciembre de 2024 tras el desplazamiento de Florencia Misrahi, estuvo marcada por profundas transformaciones, como la simplificaci\u00f3n de reg\u00edmenes informativos, la implementaci\u00f3n del IVA Simple, el R\u00e9gimen Simplificado de Ganancias y el impulso del proyecto de Ley de Inocencia Fiscal.<\/p>\n<p>\u00bfQui\u00e9n lo reemplaza?<\/p>\n<p>El nuevo titular del Arca cuenta con m\u00e1s de 30 a\u00f1os de trayectoria en el \u00e1mbito fiscal, con experiencia en la ex AFIP y en \u00e1reas estatales vinculadas al control y la fiscalizaci\u00f3n.<\/p>\n<p>V\u00e1zquez es licenciado en Administraci\u00f3n y contador p\u00fablico, con formaci\u00f3n acad\u00e9mica y t\u00e9cnica en prevenci\u00f3n del lavado de activos y lucha contra el fraude econ\u00f3mico, \u00e1reas consideradas estrat\u00e9gicas para la gesti\u00f3n que ahora encabeza.<\/p>\n","protected":false},"excerpt":{"rendered":"<p>Juan Pazo dej\u00f3 la conducci\u00f3n de la Agencia de Recaudaci\u00f3n y Control Aduanero. La designaci\u00f3n del nuevo director ejecutivo fue oficializada por decreto y apunta a dar continuidad a la pol\u00edtica fiscal del Gobierno. El Gobierno nacional oficializ\u00f3 la renuncia del director ejecutivo de la Agencia de Recaudaci\u00f3n y Control Aduanero (Arca), Juan Alberto Pazo. [&hellip;]<\/p>\n","protected":false},"author":4,"featured_media":201368,"comment_status":"open","ping_status":"open","sticky":false,"template":"","format":"standard","meta":{"_joinchat":[],"footnotes":""},"categories":[29],"tags":[],"class_list":{"0":"post-201367","1":"post","2":"type-post","3":"status-publish","4":"format-standard","5":"has-post-thumbnail","7":"category-nacionales"},"yoast_head":"<!-- This site is optimized with the Yoast SEO plugin v27.2 - https:\/\/yoast.com\/product\/yoast-seo-wordpress\/ -->\n<title>Renunci\u00f3 el director del Arca y el Gobierno design\u00f3 un nuevo titular - Radio Infinita Goya<\/title>\n<meta name=\"description\" content=\"Juan Pazo dej\u00f3 la conducci\u00f3n de la Agencia de Recaudaci\u00f3n y Control Aduanero. La designaci\u00f3n del nuevo director ejecutivo fue oficializada por decreto y\" \/>\n<meta name=\"robots\" content=\"index, follow, max-snippet:-1, max-image-preview:large, max-video-preview:-1\" \/>\n<link rel=\"canonical\" href=\"https:\/\/radioinfinitagoya.com.ar\/v1\/2025\/12\/16\/renuncio-el-director-del-arca-y-el-gobierno-designo-un-nuevo-titular\/\" \/>\n<meta property=\"og:locale\" content=\"es_ES\" \/>\n<meta property=\"og:type\" content=\"article\" \/>\n<meta property=\"og:title\" content=\"Renunci\u00f3 el director del Arca y el Gobierno design\u00f3 un nuevo titular - Radio Infinita Goya\" \/>\n<meta property=\"og:description\" content=\"Juan Pazo dej\u00f3 la conducci\u00f3n de la Agencia de Recaudaci\u00f3n y Control Aduanero. La designaci\u00f3n del nuevo director ejecutivo fue oficializada por decreto y\" \/>\n<meta property=\"og:url\" content=\"https:\/\/radioinfinitagoya.com.ar\/v1\/2025\/12\/16\/renuncio-el-director-del-arca-y-el-gobierno-designo-un-nuevo-titular\/\" \/>\n<meta property=\"og:site_name\" content=\"Radio Infinita Goya\" \/>\n<meta property=\"article:publisher\" content=\"https:\/\/www.facebook.com\/p\/Infinita-Goya-100063870918311\/\" \/>\n<meta property=\"article:published_time\" content=\"2025-12-16T18:57:34+00:00\" \/>\n<meta property=\"og:image\" content=\"https:\/\/radioinfinitagoya.com.ar\/v1\/wp-content\/uploads\/2025\/12\/JHDH4uos.jpg\" \/>\n\t<meta property=\"og:image:width\" content=\"680\" \/>\n\t<meta property=\"og:image:height\" content=\"391\" \/>\n\t<meta property=\"og:image:type\" content=\"image\/jpeg\" \/>\n<meta name=\"author\" content=\"Jorge Mi\u00f1o\" \/>\n<meta name=\"twitter:card\" content=\"summary_large_image\" \/>\n<meta name=\"twitter:label1\" content=\"Escrito por\" \/>\n\t<meta name=\"twitter:data1\" content=\"Jorge Mi\u00f1o\" \/>\n\t<meta name=\"twitter:label2\" content=\"Tiempo de lectura\" \/>\n\t<meta name=\"twitter:data2\" content=\"2 minutos\" \/>\n<script type=\"application\/ld+json\" class=\"yoast-schema-graph\">{\"@context\":\"https:\/\/schema.org\",\"@graph\":[{\"@type\":\"Article\",\"@id\":\"https:\/\/radioinfinitagoya.com.ar\/v1\/2025\/12\/16\/renuncio-el-director-del-arca-y-el-gobierno-designo-un-nuevo-titular\/#article\",\"isPartOf\":{\"@id\":\"https:\/\/radioinfinitagoya.com.ar\/v1\/2025\/12\/16\/renuncio-el-director-del-arca-y-el-gobierno-designo-un-nuevo-titular\/\"},\"author\":{\"name\":\"Jorge Mi\u00f1o\",\"@id\":\"https:\/\/radioinfinitagoya.com.ar\/v1\/#\/schema\/person\/d4cf9c413d4f6edb24aabdccab49ca4a\"},\"headline\":\"Renunci\u00f3 el director del Arca y el Gobierno design\u00f3 un nuevo titular\",\"datePublished\":\"2025-12-16T18:57:34+00:00\",\"mainEntityOfPage\":{\"@id\":\"https:\/\/radioinfinitagoya.com.ar\/v1\/2025\/12\/16\/renuncio-el-director-del-arca-y-el-gobierno-designo-un-nuevo-titular\/\"},\"wordCount\":389,\"commentCount\":0,\"publisher\":{\"@id\":\"https:\/\/radioinfinitagoya.com.ar\/v1\/#organization\"},\"image\":{\"@id\":\"https:\/\/radioinfinitagoya.com.ar\/v1\/2025\/12\/16\/renuncio-el-director-del-arca-y-el-gobierno-designo-un-nuevo-titular\/#primaryimage\"},\"thumbnailUrl\":\"https:\/\/radioinfinitagoya.com.ar\/v1\/wp-content\/uploads\/2025\/12\/JHDH4uos.jpg\",\"articleSection\":[\"NACIONALES\"],\"inLanguage\":\"es-AR\",\"potentialAction\":[{\"@type\":\"CommentAction\",\"name\":\"Comment\",\"target\":[\"https:\/\/radioinfinitagoya.com.ar\/v1\/2025\/12\/16\/renuncio-el-director-del-arca-y-el-gobierno-designo-un-nuevo-titular\/#respond\"]}]},{\"@type\":\"WebPage\",\"@id\":\"https:\/\/radioinfinitagoya.com.ar\/v1\/2025\/12\/16\/renuncio-el-director-del-arca-y-el-gobierno-designo-un-nuevo-titular\/\",\"url\":\"https:\/\/radioinfinitagoya.com.ar\/v1\/2025\/12\/16\/renuncio-el-director-del-arca-y-el-gobierno-designo-un-nuevo-titular\/\",\"name\":\"Renunci\u00f3 el director del Arca y el Gobierno design\u00f3 un nuevo titular - Radio Infinita Goya\",\"isPartOf\":{\"@id\":\"https:\/\/radioinfinitagoya.com.ar\/v1\/#website\"},\"primaryImageOfPage\":{\"@id\":\"https:\/\/radioinfinitagoya.com.ar\/v1\/2025\/12\/16\/renuncio-el-director-del-arca-y-el-gobierno-designo-un-nuevo-titular\/#primaryimage\"},\"image\":{\"@id\":\"https:\/\/radioinfinitagoya.com.ar\/v1\/2025\/12\/16\/renuncio-el-director-del-arca-y-el-gobierno-designo-un-nuevo-titular\/#primaryimage\"},\"thumbnailUrl\":\"https:\/\/radioinfinitagoya.com.ar\/v1\/wp-content\/uploads\/2025\/12\/JHDH4uos.jpg\",\"datePublished\":\"2025-12-16T18:57:34+00:00\",\"description\":\"Juan Pazo dej\u00f3 la conducci\u00f3n de la Agencia de Recaudaci\u00f3n y Control Aduanero. La designaci\u00f3n del nuevo director ejecutivo fue oficializada por decreto y\",\"breadcrumb\":{\"@id\":\"https:\/\/radioinfinitagoya.com.ar\/v1\/2025\/12\/16\/renuncio-el-director-del-arca-y-el-gobierno-designo-un-nuevo-titular\/#breadcrumb\"},\"inLanguage\":\"es-AR\",\"potentialAction\":[{\"@type\":\"ReadAction\",\"target\":[\"https:\/\/radioinfinitagoya.com.ar\/v1\/2025\/12\/16\/renuncio-el-director-del-arca-y-el-gobierno-designo-un-nuevo-titular\/\"]}]},{\"@type\":\"ImageObject\",\"inLanguage\":\"es-AR\",\"@id\":\"https:\/\/radioinfinitagoya.com.ar\/v1\/2025\/12\/16\/renuncio-el-director-del-arca-y-el-gobierno-designo-un-nuevo-titular\/#primaryimage\",\"url\":\"https:\/\/radioinfinitagoya.com.ar\/v1\/wp-content\/uploads\/2025\/12\/JHDH4uos.jpg\",\"contentUrl\":\"https:\/\/radioinfinitagoya.com.ar\/v1\/wp-content\/uploads\/2025\/12\/JHDH4uos.jpg\",\"width\":680,\"height\":391},{\"@type\":\"BreadcrumbList\",\"@id\":\"https:\/\/radioinfinitagoya.com.ar\/v1\/2025\/12\/16\/renuncio-el-director-del-arca-y-el-gobierno-designo-un-nuevo-titular\/#breadcrumb\",\"itemListElement\":[{\"@type\":\"ListItem\",\"position\":1,\"name\":\"Inicio\",\"item\":\"https:\/\/radioinfinitagoya.com.ar\/v1\/\"},{\"@type\":\"ListItem\",\"position\":2,\"name\":\"Renunci\u00f3 el director del Arca y el Gobierno design\u00f3 un nuevo titular\"}]},{\"@type\":\"WebSite\",\"@id\":\"https:\/\/radioinfinitagoya.com.ar\/v1\/#website\",\"url\":\"https:\/\/radioinfinitagoya.com.ar\/v1\/\",\"name\":\"radioinfinitagoya.com.ar\",\"description\":\"Radio de noticias\",\"publisher\":{\"@id\":\"https:\/\/radioinfinitagoya.com.ar\/v1\/#organization\"},\"potentialAction\":[{\"@type\":\"SearchAction\",\"target\":{\"@type\":\"EntryPoint\",\"urlTemplate\":\"https:\/\/radioinfinitagoya.com.ar\/v1\/?s={search_term_string}\"},\"query-input\":{\"@type\":\"PropertyValueSpecification\",\"valueRequired\":true,\"valueName\":\"search_term_string\"}}],\"inLanguage\":\"es-AR\"},{\"@type\":\"Organization\",\"@id\":\"https:\/\/radioinfinitagoya.com.ar\/v1\/#organization\",\"name\":\"Radio Infinita Goya\",\"url\":\"https:\/\/radioinfinitagoya.com.ar\/v1\/\",\"logo\":{\"@type\":\"ImageObject\",\"inLanguage\":\"es-AR\",\"@id\":\"https:\/\/radioinfinitagoya.com.ar\/v1\/#\/schema\/logo\/image\/\",\"url\":\"https:\/\/radioinfinitagoya.com.ar\/v1\/wp-content\/uploads\/2019\/11\/logo-pie-web.png\",\"contentUrl\":\"https:\/\/radioinfinitagoya.com.ar\/v1\/wp-content\/uploads\/2019\/11\/logo-pie-web.png\",\"width\":635,\"height\":326,\"caption\":\"Radio Infinita Goya\"},\"image\":{\"@id\":\"https:\/\/radioinfinitagoya.com.ar\/v1\/#\/schema\/logo\/image\/\"},\"sameAs\":[\"https:\/\/www.facebook.com\/p\/Infinita-Goya-100063870918311\/\"]},{\"@type\":\"Person\",\"@id\":\"https:\/\/radioinfinitagoya.com.ar\/v1\/#\/schema\/person\/d4cf9c413d4f6edb24aabdccab49ca4a\",\"name\":\"Jorge Mi\u00f1o\",\"image\":{\"@type\":\"ImageObject\",\"inLanguage\":\"es-AR\",\"@id\":\"https:\/\/secure.gravatar.com\/avatar\/910fcf6728fe95320e07a6643c1581fec1c7fc4bf8ae12e3d8f0d0373dc844be?s=96&d=mm&r=g\",\"url\":\"https:\/\/secure.gravatar.com\/avatar\/910fcf6728fe95320e07a6643c1581fec1c7fc4bf8ae12e3d8f0d0373dc844be?s=96&d=mm&r=g\",\"contentUrl\":\"https:\/\/secure.gravatar.com\/avatar\/910fcf6728fe95320e07a6643c1581fec1c7fc4bf8ae12e3d8f0d0373dc844be?s=96&d=mm&r=g\",\"caption\":\"Jorge Mi\u00f1o\"},\"sameAs\":[\"http:\/\/radioinfinitagoya.com.ar\"]}]}<\/script>\n<!-- \/ Yoast SEO plugin. -->","yoast_head_json":{"title":"Renunci\u00f3 el director del Arca y el Gobierno design\u00f3 un nuevo titular - Radio Infinita Goya","description":"Juan Pazo dej\u00f3 la conducci\u00f3n de la Agencia de Recaudaci\u00f3n y Control Aduanero. La designaci\u00f3n del nuevo director ejecutivo fue oficializada por decreto y","robots":{"index":"index","follow":"follow","max-snippet":"max-snippet:-1","max-image-preview":"max-image-preview:large","max-video-preview":"max-video-preview:-1"},"canonical":"https:\/\/radioinfinitagoya.com.ar\/v1\/2025\/12\/16\/renuncio-el-director-del-arca-y-el-gobierno-designo-un-nuevo-titular\/","og_locale":"es_ES","og_type":"article","og_title":"Renunci\u00f3 el director del Arca y el Gobierno design\u00f3 un nuevo titular - Radio Infinita Goya","og_description":"Juan Pazo dej\u00f3 la conducci\u00f3n de la Agencia de Recaudaci\u00f3n y Control Aduanero. La designaci\u00f3n del nuevo director ejecutivo fue oficializada por decreto y","og_url":"https:\/\/radioinfinitagoya.com.ar\/v1\/2025\/12\/16\/renuncio-el-director-del-arca-y-el-gobierno-designo-un-nuevo-titular\/","og_site_name":"Radio Infinita Goya","article_publisher":"https:\/\/www.facebook.com\/p\/Infinita-Goya-100063870918311\/","article_published_time":"2025-12-16T18:57:34+00:00","og_image":[{"width":680,"height":391,"url":"https:\/\/radioinfinitagoya.com.ar\/v1\/wp-content\/uploads\/2025\/12\/JHDH4uos.jpg","type":"image\/jpeg"}],"author":"Jorge Mi\u00f1o","twitter_card":"summary_large_image","twitter_misc":{"Escrito por":"Jorge Mi\u00f1o","Tiempo de lectura":"2 minutos"},"schema":{"@context":"https:\/\/schema.org","@graph":[{"@type":"Article","@id":"https:\/\/radioinfinitagoya.com.ar\/v1\/2025\/12\/16\/renuncio-el-director-del-arca-y-el-gobierno-designo-un-nuevo-titular\/#article","isPartOf":{"@id":"https:\/\/radioinfinitagoya.com.ar\/v1\/2025\/12\/16\/renuncio-el-director-del-arca-y-el-gobierno-designo-un-nuevo-titular\/"},"author":{"name":"Jorge Mi\u00f1o","@id":"https:\/\/radioinfinitagoya.com.ar\/v1\/#\/schema\/person\/d4cf9c413d4f6edb24aabdccab49ca4a"},"headline":"Renunci\u00f3 el director del Arca y el Gobierno design\u00f3 un nuevo titular","datePublished":"2025-12-16T18:57:34+00:00","mainEntityOfPage":{"@id":"https:\/\/radioinfinitagoya.com.ar\/v1\/2025\/12\/16\/renuncio-el-director-del-arca-y-el-gobierno-designo-un-nuevo-titular\/"},"wordCount":389,"commentCount":0,"publisher":{"@id":"https:\/\/radioinfinitagoya.com.ar\/v1\/#organization"},"image":{"@id":"https:\/\/radioinfinitagoya.com.ar\/v1\/2025\/12\/16\/renuncio-el-director-del-arca-y-el-gobierno-designo-un-nuevo-titular\/#primaryimage"},"thumbnailUrl":"https:\/\/radioinfinitagoya.com.ar\/v1\/wp-content\/uploads\/2025\/12\/JHDH4uos.jpg","articleSection":["NACIONALES"],"inLanguage":"es-AR","potentialAction":[{"@type":"CommentAction","name":"Comment","target":["https:\/\/radioinfinitagoya.com.ar\/v1\/2025\/12\/16\/renuncio-el-director-del-arca-y-el-gobierno-designo-un-nuevo-titular\/#respond"]}]},{"@type":"WebPage","@id":"https:\/\/radioinfinitagoya.com.ar\/v1\/2025\/12\/16\/renuncio-el-director-del-arca-y-el-gobierno-designo-un-nuevo-titular\/","url":"https:\/\/radioinfinitagoya.com.ar\/v1\/2025\/12\/16\/renuncio-el-director-del-arca-y-el-gobierno-designo-un-nuevo-titular\/","name":"Renunci\u00f3 el director del Arca y el Gobierno design\u00f3 un nuevo titular - Radio Infinita Goya","isPartOf":{"@id":"https:\/\/radioinfinitagoya.com.ar\/v1\/#website"},"primaryImageOfPage":{"@id":"https:\/\/radioinfinitagoya.com.ar\/v1\/2025\/12\/16\/renuncio-el-director-del-arca-y-el-gobierno-designo-un-nuevo-titular\/#primaryimage"},"image":{"@id":"https:\/\/radioinfinitagoya.com.ar\/v1\/2025\/12\/16\/renuncio-el-director-del-arca-y-el-gobierno-designo-un-nuevo-titular\/#primaryimage"},"thumbnailUrl":"https:\/\/radioinfinitagoya.com.ar\/v1\/wp-content\/uploads\/2025\/12\/JHDH4uos.jpg","datePublished":"2025-12-16T18:57:34+00:00","description":"Juan Pazo dej\u00f3 la conducci\u00f3n de la Agencia de Recaudaci\u00f3n y Control Aduanero. La designaci\u00f3n del nuevo director ejecutivo fue oficializada por decreto y","breadcrumb":{"@id":"https:\/\/radioinfinitagoya.com.ar\/v1\/2025\/12\/16\/renuncio-el-director-del-arca-y-el-gobierno-designo-un-nuevo-titular\/#breadcrumb"},"inLanguage":"es-AR","potentialAction":[{"@type":"ReadAction","target":["https:\/\/radioinfinitagoya.com.ar\/v1\/2025\/12\/16\/renuncio-el-director-del-arca-y-el-gobierno-designo-un-nuevo-titular\/"]}]},{"@type":"ImageObject","inLanguage":"es-AR","@id":"https:\/\/radioinfinitagoya.com.ar\/v1\/2025\/12\/16\/renuncio-el-director-del-arca-y-el-gobierno-designo-un-nuevo-titular\/#primaryimage","url":"https:\/\/radioinfinitagoya.com.ar\/v1\/wp-content\/uploads\/2025\/12\/JHDH4uos.jpg","contentUrl":"https:\/\/radioinfinitagoya.com.ar\/v1\/wp-content\/uploads\/2025\/12\/JHDH4uos.jpg","width":680,"height":391},{"@type":"BreadcrumbList","@id":"https:\/\/radioinfinitagoya.com.ar\/v1\/2025\/12\/16\/renuncio-el-director-del-arca-y-el-gobierno-designo-un-nuevo-titular\/#breadcrumb","itemListElement":[{"@type":"ListItem","position":1,"name":"Inicio","item":"https:\/\/radioinfinitagoya.com.ar\/v1\/"},{"@type":"ListItem","position":2,"name":"Renunci\u00f3 el director del Arca y el Gobierno design\u00f3 un nuevo titular"}]},{"@type":"WebSite","@id":"https:\/\/radioinfinitagoya.com.ar\/v1\/#website","url":"https:\/\/radioinfinitagoya.com.ar\/v1\/","name":"radioinfinitagoya.com.ar","description":"Radio de noticias","publisher":{"@id":"https:\/\/radioinfinitagoya.com.ar\/v1\/#organization"},"potentialAction":[{"@type":"SearchAction","target":{"@type":"EntryPoint","urlTemplate":"https:\/\/radioinfinitagoya.com.ar\/v1\/?s={search_term_string}"},"query-input":{"@type":"PropertyValueSpecification","valueRequired":true,"valueName":"search_term_string"}}],"inLanguage":"es-AR"},{"@type":"Organization","@id":"https:\/\/radioinfinitagoya.com.ar\/v1\/#organization","name":"Radio Infinita Goya","url":"https:\/\/radioinfinitagoya.com.ar\/v1\/","logo":{"@type":"ImageObject","inLanguage":"es-AR","@id":"https:\/\/radioinfinitagoya.com.ar\/v1\/#\/schema\/logo\/image\/","url":"https:\/\/radioinfinitagoya.com.ar\/v1\/wp-content\/uploads\/2019\/11\/logo-pie-web.png","contentUrl":"https:\/\/radioinfinitagoya.com.ar\/v1\/wp-content\/uploads\/2019\/11\/logo-pie-web.png","width":635,"height":326,"caption":"Radio Infinita Goya"},"image":{"@id":"https:\/\/radioinfinitagoya.com.ar\/v1\/#\/schema\/logo\/image\/"},"sameAs":["https:\/\/www.facebook.com\/p\/Infinita-Goya-100063870918311\/"]},{"@type":"Person","@id":"https:\/\/radioinfinitagoya.com.ar\/v1\/#\/schema\/person\/d4cf9c413d4f6edb24aabdccab49ca4a","name":"Jorge Mi\u00f1o","image":{"@type":"ImageObject","inLanguage":"es-AR","@id":"https:\/\/secure.gravatar.com\/avatar\/910fcf6728fe95320e07a6643c1581fec1c7fc4bf8ae12e3d8f0d0373dc844be?s=96&d=mm&r=g","url":"https:\/\/secure.gravatar.com\/avatar\/910fcf6728fe95320e07a6643c1581fec1c7fc4bf8ae12e3d8f0d0373dc844be?s=96&d=mm&r=g","contentUrl":"https:\/\/secure.gravatar.com\/avatar\/910fcf6728fe95320e07a6643c1581fec1c7fc4bf8ae12e3d8f0d0373dc844be?s=96&d=mm&r=g","caption":"Jorge Mi\u00f1o"},"sameAs":["http:\/\/radioinfinitagoya.com.ar"]}]}},"_links":{"self":[{"href":"https:\/\/radioinfinitagoya.com.ar\/v1\/wp-json\/wp\/v2\/posts\/201367","targetHints":{"allow":["GET"]}}],"collection":[{"href":"https:\/\/radioinfinitagoya.com.ar\/v1\/wp-json\/wp\/v2\/posts"}],"about":[{"href":"https:\/\/radioinfinitagoya.com.ar\/v1\/wp-json\/wp\/v2\/types\/post"}],"author":[{"embeddable":true,"href":"https:\/\/radioinfinitagoya.com.ar\/v1\/wp-json\/wp\/v2\/users\/4"}],"replies":[{"embeddable":true,"href":"https:\/\/radioinfinitagoya.com.ar\/v1\/wp-json\/wp\/v2\/comments?post=201367"}],"version-history":[{"count":0,"href":"https:\/\/radioinfinitagoya.com.ar\/v1\/wp-json\/wp\/v2\/posts\/201367\/revisions"}],"wp:featuredmedia":[{"embeddable":true,"href":"https:\/\/radioinfinitagoya.com.ar\/v1\/wp-json\/wp\/v2\/media\/201368"}],"wp:attachment":[{"href":"https:\/\/radioinfinitagoya.com.ar\/v1\/wp-json\/wp\/v2\/media?parent=201367"}],"wp:term":[{"taxonomy":"category","embeddable":true,"href":"https:\/\/radioinfinitagoya.com.ar\/v1\/wp-json\/wp\/v2\/categories?post=201367"},{"taxonomy":"post_tag","embeddable":true,"href":"https:\/\/radioinfinitagoya.com.ar\/v1\/wp-json\/wp\/v2\/tags?post=201367"}],"curies":[{"name":"wp","href":"https:\/\/api.w.org\/{rel}","templated":true}]}}