{"id":201370,"date":"2025-12-16T16:06:04","date_gmt":"2025-12-16T19:06:04","guid":{"rendered":"https:\/\/radioinfinitagoya.com.ar\/v1\/?p=201370"},"modified":"2025-12-16T16:06:04","modified_gmt":"2025-12-16T19:06:04","slug":"javier-milei-se-reunio-con-jose-antonio-kast-en-la-casa-rosada","status":"publish","type":"post","link":"https:\/\/radioinfinitagoya.com.ar\/v1\/2025\/12\/16\/javier-milei-se-reunio-con-jose-antonio-kast-en-la-casa-rosada\/","title":{"rendered":"Javier Milei se reuni\u00f3 con Jos\u00e9 Antonio Kast en la Casa Rosada"},"content":{"rendered":"<p>El presidente electo de Chile se reuni\u00f3 con el Presidente por casi dos horas; paso por el Ministerio de Econom\u00eda y encuentro con empresarios<\/p>\n<p>El vuelo de l\u00ednea lleg\u00f3 puntual desde Santiago de Chile al aeropuerto internacional de Ezeiza. Pasadas las 9 de la ma\u00f1ana, Jos\u00e9 Antonio Kast inici\u00f3 su primera visita internacional tras vencer el domingo pasado en las urnas a la oficialista Jeannette Jara para convertirse en presidente electo de Chile. Tres horas despu\u00e9s, Kast lleg\u00f3 a la Casa Rosada para su encuentro con el presidente Javier Milei, entusiasmado con generar una buena sinton\u00eda con el pa\u00eds vecino, luego de dos a\u00f1os de frialdad y algunos cortocircuitos con el presidente saliente, el socialdem\u00f3crata Gabriel Boric.<\/p>\n<p>\u201cFue una reuni\u00f3n muy buena, muy buena\u201d, defini\u00f3 Kast ante los periodistas, luego del encuentro de ambos mandatarios, que dur\u00f3 casi dos horas y no termin\u00f3 -como se esperaba- con un saludo conjunto desde el balc\u00f3n. El mandatario electo prefiri\u00f3 acercarse a la reja que da a la Plaza de Mayo y all\u00ed s\u00ed, saludar a los chilenos presentes, un tr\u00e1mite dificultoso dada la cantidad de c\u00e1maras y periodistas presentes. \u201cTodo va a estar bien, vamos a tener una muy buena relaci\u00f3n con Argentina\u201d, dijo el presidente electo, mientras intentaba esquivar las preguntas de los cronistas.<\/p>\n<p>\u201c\u00a1Qu\u00e9 triunfazo!\u201d, le hab\u00eda dicho un efusivo Milei a Kast al recibirlo en el despacho presidencial, seg\u00fan el video oficial del encuentro. En el comunicado que acompa\u00f1\u00f3 las im\u00e1genes dio cuenta de las \u201cfelicitaciones\u201d de Milei a Kast por el contundente triunfo en la segunda vuelta electoral\u201d, sobre la oficialista Jeannette Jara.<\/p>\n<p>El Presidente, adem\u00e1s, le confirm\u00f3 a Kast su participaci\u00f3n en la ceremonia de transmisi\u00f3n del mando presidencial, el pr\u00f3ximo 11 de marzo.<\/p>\n<p>\u201cEn esta primera reuni\u00f3n, ambos mandatarios trazaron una hoja de ruta para el trabajo conjunto a partir de marzo pr\u00f3ximo, cuando Jos\u00e9 Antonio Kast asuma la Presidencia de la Rep\u00fablica, y establecieron prioridades en materia de seguridad regional y fronteriza, lucha contra el crimen organizado transnacional, promoci\u00f3n del comercio y las inversiones, y cooperaci\u00f3n en sectores clave de la econom\u00eda&#8221;, afirm\u00f3 el texto oficial.<\/p>\n<p>\u201cLos principios rectores que guiar\u00e1n esta nueva etapa del relacionamiento bilateral ser\u00e1n, ante todo, la defensa de la libertad, la vida y la propiedad privada, en un esp\u00edritu de cooperaci\u00f3n y confianza mutua, y con la decidida voluntad pol\u00edtica de inaugurar un camino sostenido de crecimiento para ambos pa\u00edses y de mayor seguridad en la regi\u00f3n&#8221;, culmina el comunicado consensuado por ambos mandatarios.<\/p>\n<p>\u201cEmbarcando rumbo a Buenos Aires para comenzar a anticiparnos en el enorme trabajo de coordinaci\u00f3n que se requiere en materia de seguridad, migraci\u00f3n y reactivaci\u00f3n econ\u00f3mica con Argentina y otros pa\u00edses vecinos\u201d, poste\u00f3 el presidente chileno antes de emprender el viaje hacia la Argentina. Llegado a las 12.10 a la explanada de la calle Rivadavia, Kast se dirigi\u00f3 al primer piso de Balcarce 50, d\u00f3nde lo esperaban el Presidente, la secretaria general de la Presidencia, Karina Milei, y el canciller Pablo Quirno.<\/p>\n<p><img loading=\"lazy\" decoding=\"async\" class=\"alignnone size-full wp-image-201372\" src=\"https:\/\/radioinfinitagoya.com.ar\/v1\/wp-content\/uploads\/2025\/12\/se-retira-el-presidente-electo-de-chile-jose-TU6P5Z2CNRCNTK66TF6JLP7LO4.avif\" alt=\"\" width=\"780\" height=\"520\" srcset=\"https:\/\/radioinfinitagoya.com.ar\/v1\/wp-content\/uploads\/2025\/12\/se-retira-el-presidente-electo-de-chile-jose-TU6P5Z2CNRCNTK66TF6JLP7LO4.avif 780w, https:\/\/radioinfinitagoya.com.ar\/v1\/wp-content\/uploads\/2025\/12\/se-retira-el-presidente-electo-de-chile-jose-TU6P5Z2CNRCNTK66TF6JLP7LO4-150x100.jpg 150w, https:\/\/radioinfinitagoya.com.ar\/v1\/wp-content\/uploads\/2025\/12\/se-retira-el-presidente-electo-de-chile-jose-TU6P5Z2CNRCNTK66TF6JLP7LO4-768x512.jpg 768w, https:\/\/radioinfinitagoya.com.ar\/v1\/wp-content\/uploads\/2025\/12\/se-retira-el-presidente-electo-de-chile-jose-TU6P5Z2CNRCNTK66TF6JLP7LO4-630x420.jpg 630w, https:\/\/radioinfinitagoya.com.ar\/v1\/wp-content\/uploads\/2025\/12\/se-retira-el-presidente-electo-de-chile-jose-TU6P5Z2CNRCNTK66TF6JLP7LO4-696x464.jpg 696w\" sizes=\"auto, (max-width: 780px) 100vw, 780px\" \/>\u201cHay mucho que aprender en Argentina de c\u00f3mo han reducido la inflaci\u00f3n y eso ha permitido bajar la pobreza extrema\u201d, dijo Kast ante la prensa chilena en el aeropuerto de Santiago. Tambi\u00e9n admiti\u00f3 que \u201ccon el presidente Milei nos conocemos de distintas actividades en distintos pa\u00edses, y eso va forjando una relaci\u00f3n\u201d. Elogi\u00f3, por otra parte, la pol\u00edtica de \u201cenfrentamiento del crimen organizado\u201d en la Argentina y en El Salvador, del presidente Bukele.<\/p>\n<p>El periplo incluy\u00f3 un almuerzo con empresarios locales en el hotel Intercontinental, y un encuentro con el embajador chileno Jos\u00e9 Antonio Viera-Gallo, antes de su retorno al pa\u00eds trasandino.<\/p>\n<p>Al llegar al hotel, Kast improvis\u00f3 una conferencia de prensa para medios argentinos y chilenos, que dur\u00f3 una media hora. All\u00ed, precis\u00f3 que con Milei compartieron la preocupaci\u00f3n por la situaci\u00f3n en Venezuela, con un chavismo \u201cque ha destruido su econom\u00eda y con ciudadanos que no tienen destino\u201d. Sin medias tintas, describi\u00f3 a Nicol\u00e1s Maduro como un \u201cpseudopresidente sin legitimidad\u201d, a la cabeza de una \u201cnarcodictadura\u201d.<\/p>\n<p>Se mostr\u00f3, adem\u00e1s, en favor del desarrollo minero conjunto, para que muchos argentinos \u201cpuedan superar la pobreza\u201d, y dijo que la miner\u00eda hab\u00eda sido parte de la conversaci\u00f3n con el Presidente.<\/p>\n<p>Antes de llegar a Balcarce 50, Kast pas\u00f3 por el Ministerio de Econom\u00eda. All\u00ed sostuvo un encuentro con Jos\u00e9 Luis Daza, secretario de pol\u00edtica econ\u00f3mica, nacido en Chile y parte hasta hoy del equipo del ministro Luis \u201cToto\u201d Caputo. \u201cHemos conversado en los \u00faltimos d\u00edas con el se\u00f1or Daza, pero de ah\u00ed a hacerle un planteamiento concreto, eso no se ha dado\u201d, dijo Kast en la conferencia de prensa que sigui\u00f3 a su paso por la Rosada, una manera de relativizar las versiones sobre una oferta concreta a Daza, a quien considera su \u201camigo\u201d, para que se sume a su gesti\u00f3n.<\/p>\n<p>En un viaje con claro perfil econ\u00f3mico, Kast lleg\u00f3 acompa\u00f1ado de su asesor, Jorge Quiroz; la presidenta de la Confederaci\u00f3n de la Producci\u00f3n y del Comercio (CPC), Susana Jim\u00e9nez, y la presidenta de la Sociedad de Fomento Fabril (SOFOFA), Rosario Navarro. Tambi\u00e9n llegaron el presidente de Bicecopr, Luis Felipe Gazit\u00faa, y el gerente general del grupo Qui\u00f1enco, Francisco P\u00e9rez Mackenna, seg\u00fan consigna Diario Financiero de Chile.<\/p>\n<p>El domingo por la noche, Milei salud\u00f3 calurosamente el triunfo de Kast, dirigente del Partido Republicano y que logr\u00f3 llegar al Palacio de la Moneda en su tercer intento, derrotando a Jara-candidata apoyada por Boric- por casi veinte puntos porcentuales.<\/p>\n<p>\u201cEnorme alegr\u00eda por el aplastante triunfo de mi amigo Jos\u00e9 Antonio Kast en las elecciones presidenciales en Chile\u201d, poste\u00f3 el Presidente. \u201cUn paso m\u00e1s de nuestra regi\u00f3n en defensa de la vida, la libertad y la propiedad privada. Estoy seguro de que vamos a trabajar juntos para que Am\u00e9rica abrace las ideas de la libertad y podamos liberarnos del yugo opresor del socialismo del siglo XXI\u201d, complet\u00f3 el primer mandatario.<\/p>\n<p>Si bien su candidato preferido era el libertario Johannes Kaiser, asiduo concurrente a las reuniones de la organizaci\u00f3n conservadora Cpac y que finalmente termin\u00f3 en quinto lugar, Milei apoy\u00f3 sin retaceos a Kast cuando se confirm\u00f3 que su triunfo en primera vuelta lo posicionaba como principal candidato a suceder a Boric.<\/p>\n<p><img loading=\"lazy\" decoding=\"async\" class=\"alignnone size-full wp-image-201373\" src=\"https:\/\/radioinfinitagoya.com.ar\/v1\/wp-content\/uploads\/2025\/12\/el-presidente-javier-milei-recibio-al-E7HUGDLZ2BDTLDJYNHABLD5H5Y.avif\" alt=\"\" width=\"780\" height=\"439\" srcset=\"https:\/\/radioinfinitagoya.com.ar\/v1\/wp-content\/uploads\/2025\/12\/el-presidente-javier-milei-recibio-al-E7HUGDLZ2BDTLDJYNHABLD5H5Y.avif 780w, https:\/\/radioinfinitagoya.com.ar\/v1\/wp-content\/uploads\/2025\/12\/el-presidente-javier-milei-recibio-al-E7HUGDLZ2BDTLDJYNHABLD5H5Y-150x84.jpg 150w, https:\/\/radioinfinitagoya.com.ar\/v1\/wp-content\/uploads\/2025\/12\/el-presidente-javier-milei-recibio-al-E7HUGDLZ2BDTLDJYNHABLD5H5Y-768x432.jpg 768w, https:\/\/radioinfinitagoya.com.ar\/v1\/wp-content\/uploads\/2025\/12\/el-presidente-javier-milei-recibio-al-E7HUGDLZ2BDTLDJYNHABLD5H5Y-746x420.jpg 746w, https:\/\/radioinfinitagoya.com.ar\/v1\/wp-content\/uploads\/2025\/12\/el-presidente-javier-milei-recibio-al-E7HUGDLZ2BDTLDJYNHABLD5H5Y-696x392.jpg 696w\" sizes=\"auto, (max-width: 780px) 100vw, 780px\" \/>\u201cAcabo de tener una muy buena conversaci\u00f3n con el presidente de Argentina, con quien coincidimos en las enormes oportunidades que tiene Am\u00e9rica Latina y la relaci\u00f3n entre Chile y Argentina hacia un futuro con m\u00e1s libertad, seguridad y progreso econ\u00f3mico\u201d, public\u00f3 en sus redes sociales Kast, l\u00edder del Partido Republicano, horas despu\u00e9s de la primera vuelta electoral, el 16 de noviembre.<\/p>\n","protected":false},"excerpt":{"rendered":"<p>El presidente electo de Chile se reuni\u00f3 con el Presidente por casi dos horas; paso por el Ministerio de Econom\u00eda y encuentro con empresarios El vuelo de l\u00ednea lleg\u00f3 puntual desde Santiago de Chile al aeropuerto internacional de Ezeiza. Pasadas las 9 de la ma\u00f1ana, Jos\u00e9 Antonio Kast inici\u00f3 su primera visita internacional tras vencer [&hellip;]<\/p>\n","protected":false},"author":4,"featured_media":201371,"comment_status":"open","ping_status":"open","sticky":false,"template":"","format":"standard","meta":{"_joinchat":[],"footnotes":""},"categories":[29],"tags":[],"class_list":{"0":"post-201370","1":"post","2":"type-post","3":"status-publish","4":"format-standard","5":"has-post-thumbnail","7":"category-nacionales"},"yoast_head":"<!-- This site is optimized with the Yoast SEO plugin v27.2 - https:\/\/yoast.com\/product\/yoast-seo-wordpress\/ -->\n<title>Javier Milei se reuni\u00f3 con Jos\u00e9 Antonio Kast en la Casa Rosada - Radio Infinita Goya<\/title>\n<meta name=\"description\" content=\"El presidente electo de Chile se reuni\u00f3 con el Presidente por casi dos horas; paso por el Ministerio de Econom\u00eda y encuentro con empresarios El vuelo de\" \/>\n<meta name=\"robots\" content=\"index, follow, max-snippet:-1, max-image-preview:large, max-video-preview:-1\" \/>\n<link rel=\"canonical\" href=\"https:\/\/radioinfinitagoya.com.ar\/v1\/2025\/12\/16\/javier-milei-se-reunio-con-jose-antonio-kast-en-la-casa-rosada\/\" \/>\n<meta property=\"og:locale\" content=\"es_ES\" \/>\n<meta property=\"og:type\" content=\"article\" \/>\n<meta property=\"og:title\" content=\"Javier Milei se reuni\u00f3 con Jos\u00e9 Antonio Kast en la Casa Rosada - Radio Infinita Goya\" \/>\n<meta property=\"og:description\" content=\"El presidente electo de Chile se reuni\u00f3 con el Presidente por casi dos horas; paso por el Ministerio de Econom\u00eda y encuentro con empresarios El vuelo de\" \/>\n<meta property=\"og:url\" content=\"https:\/\/radioinfinitagoya.com.ar\/v1\/2025\/12\/16\/javier-milei-se-reunio-con-jose-antonio-kast-en-la-casa-rosada\/\" \/>\n<meta property=\"og:site_name\" content=\"Radio Infinita Goya\" \/>\n<meta property=\"article:publisher\" content=\"https:\/\/www.facebook.com\/p\/Infinita-Goya-100063870918311\/\" \/>\n<meta property=\"article:published_time\" content=\"2025-12-16T19:06:04+00:00\" \/>\n<meta name=\"author\" content=\"Jorge Mi\u00f1o\" \/>\n<meta name=\"twitter:card\" content=\"summary_large_image\" \/>\n<meta name=\"twitter:label1\" content=\"Escrito por\" \/>\n\t<meta name=\"twitter:data1\" content=\"Jorge Mi\u00f1o\" \/>\n\t<meta name=\"twitter:label2\" content=\"Tiempo de lectura\" \/>\n\t<meta name=\"twitter:data2\" content=\"6 minutos\" \/>\n<script type=\"application\/ld+json\" class=\"yoast-schema-graph\">{\"@context\":\"https:\/\/schema.org\",\"@graph\":[{\"@type\":\"Article\",\"@id\":\"https:\/\/radioinfinitagoya.com.ar\/v1\/2025\/12\/16\/javier-milei-se-reunio-con-jose-antonio-kast-en-la-casa-rosada\/#article\",\"isPartOf\":{\"@id\":\"https:\/\/radioinfinitagoya.com.ar\/v1\/2025\/12\/16\/javier-milei-se-reunio-con-jose-antonio-kast-en-la-casa-rosada\/\"},\"author\":{\"name\":\"Jorge Mi\u00f1o\",\"@id\":\"https:\/\/radioinfinitagoya.com.ar\/v1\/#\/schema\/person\/d4cf9c413d4f6edb24aabdccab49ca4a\"},\"headline\":\"Javier Milei se reuni\u00f3 con Jos\u00e9 Antonio Kast en la Casa Rosada\",\"datePublished\":\"2025-12-16T19:06:04+00:00\",\"mainEntityOfPage\":{\"@id\":\"https:\/\/radioinfinitagoya.com.ar\/v1\/2025\/12\/16\/javier-milei-se-reunio-con-jose-antonio-kast-en-la-casa-rosada\/\"},\"wordCount\":1172,\"commentCount\":0,\"publisher\":{\"@id\":\"https:\/\/radioinfinitagoya.com.ar\/v1\/#organization\"},\"image\":{\"@id\":\"https:\/\/radioinfinitagoya.com.ar\/v1\/2025\/12\/16\/javier-milei-se-reunio-con-jose-antonio-kast-en-la-casa-rosada\/#primaryimage\"},\"thumbnailUrl\":\"https:\/\/radioinfinitagoya.com.ar\/v1\/wp-content\/uploads\/2025\/12\/el-presidente-javier-milei-recibio-al-ZRTENYMKM5FALCHDNCRIY7JXZI.avif\",\"articleSection\":[\"NACIONALES\"],\"inLanguage\":\"es-AR\",\"potentialAction\":[{\"@type\":\"CommentAction\",\"name\":\"Comment\",\"target\":[\"https:\/\/radioinfinitagoya.com.ar\/v1\/2025\/12\/16\/javier-milei-se-reunio-con-jose-antonio-kast-en-la-casa-rosada\/#respond\"]}]},{\"@type\":\"WebPage\",\"@id\":\"https:\/\/radioinfinitagoya.com.ar\/v1\/2025\/12\/16\/javier-milei-se-reunio-con-jose-antonio-kast-en-la-casa-rosada\/\",\"url\":\"https:\/\/radioinfinitagoya.com.ar\/v1\/2025\/12\/16\/javier-milei-se-reunio-con-jose-antonio-kast-en-la-casa-rosada\/\",\"name\":\"Javier Milei se reuni\u00f3 con Jos\u00e9 Antonio Kast en la Casa Rosada - Radio Infinita Goya\",\"isPartOf\":{\"@id\":\"https:\/\/radioinfinitagoya.com.ar\/v1\/#website\"},\"primaryImageOfPage\":{\"@id\":\"https:\/\/radioinfinitagoya.com.ar\/v1\/2025\/12\/16\/javier-milei-se-reunio-con-jose-antonio-kast-en-la-casa-rosada\/#primaryimage\"},\"image\":{\"@id\":\"https:\/\/radioinfinitagoya.com.ar\/v1\/2025\/12\/16\/javier-milei-se-reunio-con-jose-antonio-kast-en-la-casa-rosada\/#primaryimage\"},\"thumbnailUrl\":\"https:\/\/radioinfinitagoya.com.ar\/v1\/wp-content\/uploads\/2025\/12\/el-presidente-javier-milei-recibio-al-ZRTENYMKM5FALCHDNCRIY7JXZI.avif\",\"datePublished\":\"2025-12-16T19:06:04+00:00\",\"description\":\"El presidente electo de Chile se reuni\u00f3 con el Presidente por casi dos horas; paso por el Ministerio de Econom\u00eda y encuentro con empresarios El vuelo de\",\"breadcrumb\":{\"@id\":\"https:\/\/radioinfinitagoya.com.ar\/v1\/2025\/12\/16\/javier-milei-se-reunio-con-jose-antonio-kast-en-la-casa-rosada\/#breadcrumb\"},\"inLanguage\":\"es-AR\",\"potentialAction\":[{\"@type\":\"ReadAction\",\"target\":[\"https:\/\/radioinfinitagoya.com.ar\/v1\/2025\/12\/16\/javier-milei-se-reunio-con-jose-antonio-kast-en-la-casa-rosada\/\"]}]},{\"@type\":\"ImageObject\",\"inLanguage\":\"es-AR\",\"@id\":\"https:\/\/radioinfinitagoya.com.ar\/v1\/2025\/12\/16\/javier-milei-se-reunio-con-jose-antonio-kast-en-la-casa-rosada\/#primaryimage\",\"url\":\"https:\/\/radioinfinitagoya.com.ar\/v1\/wp-content\/uploads\/2025\/12\/el-presidente-javier-milei-recibio-al-ZRTENYMKM5FALCHDNCRIY7JXZI.avif\",\"contentUrl\":\"https:\/\/radioinfinitagoya.com.ar\/v1\/wp-content\/uploads\/2025\/12\/el-presidente-javier-milei-recibio-al-ZRTENYMKM5FALCHDNCRIY7JXZI.avif\",\"width\":880,\"height\":586},{\"@type\":\"BreadcrumbList\",\"@id\":\"https:\/\/radioinfinitagoya.com.ar\/v1\/2025\/12\/16\/javier-milei-se-reunio-con-jose-antonio-kast-en-la-casa-rosada\/#breadcrumb\",\"itemListElement\":[{\"@type\":\"ListItem\",\"position\":1,\"name\":\"Inicio\",\"item\":\"https:\/\/radioinfinitagoya.com.ar\/v1\/\"},{\"@type\":\"ListItem\",\"position\":2,\"name\":\"Javier Milei se reuni\u00f3 con Jos\u00e9 Antonio Kast en la Casa Rosada\"}]},{\"@type\":\"WebSite\",\"@id\":\"https:\/\/radioinfinitagoya.com.ar\/v1\/#website\",\"url\":\"https:\/\/radioinfinitagoya.com.ar\/v1\/\",\"name\":\"radioinfinitagoya.com.ar\",\"description\":\"Radio de noticias\",\"publisher\":{\"@id\":\"https:\/\/radioinfinitagoya.com.ar\/v1\/#organization\"},\"potentialAction\":[{\"@type\":\"SearchAction\",\"target\":{\"@type\":\"EntryPoint\",\"urlTemplate\":\"https:\/\/radioinfinitagoya.com.ar\/v1\/?s={search_term_string}\"},\"query-input\":{\"@type\":\"PropertyValueSpecification\",\"valueRequired\":true,\"valueName\":\"search_term_string\"}}],\"inLanguage\":\"es-AR\"},{\"@type\":\"Organization\",\"@id\":\"https:\/\/radioinfinitagoya.com.ar\/v1\/#organization\",\"name\":\"Radio Infinita Goya\",\"url\":\"https:\/\/radioinfinitagoya.com.ar\/v1\/\",\"logo\":{\"@type\":\"ImageObject\",\"inLanguage\":\"es-AR\",\"@id\":\"https:\/\/radioinfinitagoya.com.ar\/v1\/#\/schema\/logo\/image\/\",\"url\":\"https:\/\/radioinfinitagoya.com.ar\/v1\/wp-content\/uploads\/2019\/11\/logo-pie-web.png\",\"contentUrl\":\"https:\/\/radioinfinitagoya.com.ar\/v1\/wp-content\/uploads\/2019\/11\/logo-pie-web.png\",\"width\":635,\"height\":326,\"caption\":\"Radio Infinita Goya\"},\"image\":{\"@id\":\"https:\/\/radioinfinitagoya.com.ar\/v1\/#\/schema\/logo\/image\/\"},\"sameAs\":[\"https:\/\/www.facebook.com\/p\/Infinita-Goya-100063870918311\/\"]},{\"@type\":\"Person\",\"@id\":\"https:\/\/radioinfinitagoya.com.ar\/v1\/#\/schema\/person\/d4cf9c413d4f6edb24aabdccab49ca4a\",\"name\":\"Jorge Mi\u00f1o\",\"image\":{\"@type\":\"ImageObject\",\"inLanguage\":\"es-AR\",\"@id\":\"https:\/\/secure.gravatar.com\/avatar\/910fcf6728fe95320e07a6643c1581fec1c7fc4bf8ae12e3d8f0d0373dc844be?s=96&d=mm&r=g\",\"url\":\"https:\/\/secure.gravatar.com\/avatar\/910fcf6728fe95320e07a6643c1581fec1c7fc4bf8ae12e3d8f0d0373dc844be?s=96&d=mm&r=g\",\"contentUrl\":\"https:\/\/secure.gravatar.com\/avatar\/910fcf6728fe95320e07a6643c1581fec1c7fc4bf8ae12e3d8f0d0373dc844be?s=96&d=mm&r=g\",\"caption\":\"Jorge Mi\u00f1o\"},\"sameAs\":[\"http:\/\/radioinfinitagoya.com.ar\"]}]}<\/script>\n<!-- \/ Yoast SEO plugin. -->","yoast_head_json":{"title":"Javier Milei se reuni\u00f3 con Jos\u00e9 Antonio Kast en la Casa Rosada - Radio Infinita Goya","description":"El presidente electo de Chile se reuni\u00f3 con el Presidente por casi dos horas; paso por el Ministerio de Econom\u00eda y encuentro con empresarios El vuelo de","robots":{"index":"index","follow":"follow","max-snippet":"max-snippet:-1","max-image-preview":"max-image-preview:large","max-video-preview":"max-video-preview:-1"},"canonical":"https:\/\/radioinfinitagoya.com.ar\/v1\/2025\/12\/16\/javier-milei-se-reunio-con-jose-antonio-kast-en-la-casa-rosada\/","og_locale":"es_ES","og_type":"article","og_title":"Javier Milei se reuni\u00f3 con Jos\u00e9 Antonio Kast en la Casa Rosada - Radio Infinita Goya","og_description":"El presidente electo de Chile se reuni\u00f3 con el Presidente por casi dos horas; paso por el Ministerio de Econom\u00eda y encuentro con empresarios El vuelo de","og_url":"https:\/\/radioinfinitagoya.com.ar\/v1\/2025\/12\/16\/javier-milei-se-reunio-con-jose-antonio-kast-en-la-casa-rosada\/","og_site_name":"Radio Infinita Goya","article_publisher":"https:\/\/www.facebook.com\/p\/Infinita-Goya-100063870918311\/","article_published_time":"2025-12-16T19:06:04+00:00","author":"Jorge Mi\u00f1o","twitter_card":"summary_large_image","twitter_misc":{"Escrito por":"Jorge Mi\u00f1o","Tiempo de lectura":"6 minutos"},"schema":{"@context":"https:\/\/schema.org","@graph":[{"@type":"Article","@id":"https:\/\/radioinfinitagoya.com.ar\/v1\/2025\/12\/16\/javier-milei-se-reunio-con-jose-antonio-kast-en-la-casa-rosada\/#article","isPartOf":{"@id":"https:\/\/radioinfinitagoya.com.ar\/v1\/2025\/12\/16\/javier-milei-se-reunio-con-jose-antonio-kast-en-la-casa-rosada\/"},"author":{"name":"Jorge Mi\u00f1o","@id":"https:\/\/radioinfinitagoya.com.ar\/v1\/#\/schema\/person\/d4cf9c413d4f6edb24aabdccab49ca4a"},"headline":"Javier Milei se reuni\u00f3 con Jos\u00e9 Antonio Kast en la Casa Rosada","datePublished":"2025-12-16T19:06:04+00:00","mainEntityOfPage":{"@id":"https:\/\/radioinfinitagoya.com.ar\/v1\/2025\/12\/16\/javier-milei-se-reunio-con-jose-antonio-kast-en-la-casa-rosada\/"},"wordCount":1172,"commentCount":0,"publisher":{"@id":"https:\/\/radioinfinitagoya.com.ar\/v1\/#organization"},"image":{"@id":"https:\/\/radioinfinitagoya.com.ar\/v1\/2025\/12\/16\/javier-milei-se-reunio-con-jose-antonio-kast-en-la-casa-rosada\/#primaryimage"},"thumbnailUrl":"https:\/\/radioinfinitagoya.com.ar\/v1\/wp-content\/uploads\/2025\/12\/el-presidente-javier-milei-recibio-al-ZRTENYMKM5FALCHDNCRIY7JXZI.avif","articleSection":["NACIONALES"],"inLanguage":"es-AR","potentialAction":[{"@type":"CommentAction","name":"Comment","target":["https:\/\/radioinfinitagoya.com.ar\/v1\/2025\/12\/16\/javier-milei-se-reunio-con-jose-antonio-kast-en-la-casa-rosada\/#respond"]}]},{"@type":"WebPage","@id":"https:\/\/radioinfinitagoya.com.ar\/v1\/2025\/12\/16\/javier-milei-se-reunio-con-jose-antonio-kast-en-la-casa-rosada\/","url":"https:\/\/radioinfinitagoya.com.ar\/v1\/2025\/12\/16\/javier-milei-se-reunio-con-jose-antonio-kast-en-la-casa-rosada\/","name":"Javier Milei se reuni\u00f3 con Jos\u00e9 Antonio Kast en la Casa Rosada - Radio Infinita Goya","isPartOf":{"@id":"https:\/\/radioinfinitagoya.com.ar\/v1\/#website"},"primaryImageOfPage":{"@id":"https:\/\/radioinfinitagoya.com.ar\/v1\/2025\/12\/16\/javier-milei-se-reunio-con-jose-antonio-kast-en-la-casa-rosada\/#primaryimage"},"image":{"@id":"https:\/\/radioinfinitagoya.com.ar\/v1\/2025\/12\/16\/javier-milei-se-reunio-con-jose-antonio-kast-en-la-casa-rosada\/#primaryimage"},"thumbnailUrl":"https:\/\/radioinfinitagoya.com.ar\/v1\/wp-content\/uploads\/2025\/12\/el-presidente-javier-milei-recibio-al-ZRTENYMKM5FALCHDNCRIY7JXZI.avif","datePublished":"2025-12-16T19:06:04+00:00","description":"El presidente electo de Chile se reuni\u00f3 con el Presidente por casi dos horas; paso por el Ministerio de Econom\u00eda y encuentro con empresarios El vuelo de","breadcrumb":{"@id":"https:\/\/radioinfinitagoya.com.ar\/v1\/2025\/12\/16\/javier-milei-se-reunio-con-jose-antonio-kast-en-la-casa-rosada\/#breadcrumb"},"inLanguage":"es-AR","potentialAction":[{"@type":"ReadAction","target":["https:\/\/radioinfinitagoya.com.ar\/v1\/2025\/12\/16\/javier-milei-se-reunio-con-jose-antonio-kast-en-la-casa-rosada\/"]}]},{"@type":"ImageObject","inLanguage":"es-AR","@id":"https:\/\/radioinfinitagoya.com.ar\/v1\/2025\/12\/16\/javier-milei-se-reunio-con-jose-antonio-kast-en-la-casa-rosada\/#primaryimage","url":"https:\/\/radioinfinitagoya.com.ar\/v1\/wp-content\/uploads\/2025\/12\/el-presidente-javier-milei-recibio-al-ZRTENYMKM5FALCHDNCRIY7JXZI.avif","contentUrl":"https:\/\/radioinfinitagoya.com.ar\/v1\/wp-content\/uploads\/2025\/12\/el-presidente-javier-milei-recibio-al-ZRTENYMKM5FALCHDNCRIY7JXZI.avif","width":880,"height":586},{"@type":"BreadcrumbList","@id":"https:\/\/radioinfinitagoya.com.ar\/v1\/2025\/12\/16\/javier-milei-se-reunio-con-jose-antonio-kast-en-la-casa-rosada\/#breadcrumb","itemListElement":[{"@type":"ListItem","position":1,"name":"Inicio","item":"https:\/\/radioinfinitagoya.com.ar\/v1\/"},{"@type":"ListItem","position":2,"name":"Javier Milei se reuni\u00f3 con Jos\u00e9 Antonio Kast en la Casa Rosada"}]},{"@type":"WebSite","@id":"https:\/\/radioinfinitagoya.com.ar\/v1\/#website","url":"https:\/\/radioinfinitagoya.com.ar\/v1\/","name":"radioinfinitagoya.com.ar","description":"Radio de noticias","publisher":{"@id":"https:\/\/radioinfinitagoya.com.ar\/v1\/#organization"},"potentialAction":[{"@type":"SearchAction","target":{"@type":"EntryPoint","urlTemplate":"https:\/\/radioinfinitagoya.com.ar\/v1\/?s={search_term_string}"},"query-input":{"@type":"PropertyValueSpecification","valueRequired":true,"valueName":"search_term_string"}}],"inLanguage":"es-AR"},{"@type":"Organization","@id":"https:\/\/radioinfinitagoya.com.ar\/v1\/#organization","name":"Radio Infinita Goya","url":"https:\/\/radioinfinitagoya.com.ar\/v1\/","logo":{"@type":"ImageObject","inLanguage":"es-AR","@id":"https:\/\/radioinfinitagoya.com.ar\/v1\/#\/schema\/logo\/image\/","url":"https:\/\/radioinfinitagoya.com.ar\/v1\/wp-content\/uploads\/2019\/11\/logo-pie-web.png","contentUrl":"https:\/\/radioinfinitagoya.com.ar\/v1\/wp-content\/uploads\/2019\/11\/logo-pie-web.png","width":635,"height":326,"caption":"Radio Infinita Goya"},"image":{"@id":"https:\/\/radioinfinitagoya.com.ar\/v1\/#\/schema\/logo\/image\/"},"sameAs":["https:\/\/www.facebook.com\/p\/Infinita-Goya-100063870918311\/"]},{"@type":"Person","@id":"https:\/\/radioinfinitagoya.com.ar\/v1\/#\/schema\/person\/d4cf9c413d4f6edb24aabdccab49ca4a","name":"Jorge Mi\u00f1o","image":{"@type":"ImageObject","inLanguage":"es-AR","@id":"https:\/\/secure.gravatar.com\/avatar\/910fcf6728fe95320e07a6643c1581fec1c7fc4bf8ae12e3d8f0d0373dc844be?s=96&d=mm&r=g","url":"https:\/\/secure.gravatar.com\/avatar\/910fcf6728fe95320e07a6643c1581fec1c7fc4bf8ae12e3d8f0d0373dc844be?s=96&d=mm&r=g","contentUrl":"https:\/\/secure.gravatar.com\/avatar\/910fcf6728fe95320e07a6643c1581fec1c7fc4bf8ae12e3d8f0d0373dc844be?s=96&d=mm&r=g","caption":"Jorge Mi\u00f1o"},"sameAs":["http:\/\/radioinfinitagoya.com.ar"]}]}},"_links":{"self":[{"href":"https:\/\/radioinfinitagoya.com.ar\/v1\/wp-json\/wp\/v2\/posts\/201370","targetHints":{"allow":["GET"]}}],"collection":[{"href":"https:\/\/radioinfinitagoya.com.ar\/v1\/wp-json\/wp\/v2\/posts"}],"about":[{"href":"https:\/\/radioinfinitagoya.com.ar\/v1\/wp-json\/wp\/v2\/types\/post"}],"author":[{"embeddable":true,"href":"https:\/\/radioinfinitagoya.com.ar\/v1\/wp-json\/wp\/v2\/users\/4"}],"replies":[{"embeddable":true,"href":"https:\/\/radioinfinitagoya.com.ar\/v1\/wp-json\/wp\/v2\/comments?post=201370"}],"version-history":[{"count":0,"href":"https:\/\/radioinfinitagoya.com.ar\/v1\/wp-json\/wp\/v2\/posts\/201370\/revisions"}],"wp:featuredmedia":[{"embeddable":true,"href":"https:\/\/radioinfinitagoya.com.ar\/v1\/wp-json\/wp\/v2\/media\/201371"}],"wp:attachment":[{"href":"https:\/\/radioinfinitagoya.com.ar\/v1\/wp-json\/wp\/v2\/media?parent=201370"}],"wp:term":[{"taxonomy":"category","embeddable":true,"href":"https:\/\/radioinfinitagoya.com.ar\/v1\/wp-json\/wp\/v2\/categories?post=201370"},{"taxonomy":"post_tag","embeddable":true,"href":"https:\/\/radioinfinitagoya.com.ar\/v1\/wp-json\/wp\/v2\/tags?post=201370"}],"curies":[{"name":"wp","href":"https:\/\/api.w.org\/{rel}","templated":true}]}}