{"id":201375,"date":"2025-12-16T16:13:12","date_gmt":"2025-12-16T19:13:12","guid":{"rendered":"https:\/\/radioinfinitagoya.com.ar\/v1\/?p=201375"},"modified":"2025-12-16T16:13:12","modified_gmt":"2025-12-16T19:13:12","slug":"ousmane-dembele-gano-el-premio-fifa-the-best-al-mejor-jugador-del-ano","status":"publish","type":"post","link":"https:\/\/radioinfinitagoya.com.ar\/v1\/2025\/12\/16\/ousmane-dembele-gano-el-premio-fifa-the-best-al-mejor-jugador-del-ano\/","title":{"rendered":"Ousmane Demb\u00e9l\u00e9 gan\u00f3 el premio FIFA The Best al mejor jugador del a\u00f1o"},"content":{"rendered":"<p>La ceremonia se realiz\u00f3 en Doha y consagr\u00f3 al jugador franc\u00e9s como el m\u00e1s destacado. Todos los ganadores<\/p>\n<p>Ousmane Demb\u00e9l\u00e9 se qued\u00f3 con el premio The Best 2025 al mejor futbolista del a\u00f1o. El delantero franc\u00e9s del PSG, que se ubic\u00f3 en la elecci\u00f3n delante de Kylian Mbapp\u00e9 y Lamine Yamal estuvo presente en la gal realizada en Doha y subi\u00f3 al escenario para recibir el premio.<\/p>\n<p>Entre los logros m\u00e1s destacados, el jugador de 28 a\u00f1os fue campe\u00f3n de la UEFA Champions League, Ligue 1, Copa de Francia y Trofeo de Campeones en la \u00faltima temporada. Adem\u00e1s, ven\u00eda de ganar el Bal\u00f3n de Oro otorgado por la revista France Football.<\/p>\n<p>Cabe aclarar que los votos fueron emitidos por entrenadores y capitanes de las selecciones nacionales masculinas, periodistas de f\u00fatbol y aficionados que votaron en el sitio web oficial de la FIFA. Los votantes eligieron al ganador en primer, segundo y tercer lugar.<\/p>\n<p>Adem\u00e1s, la espa\u00f1ola Aitana Bonmat\u00ed se qued\u00f3 con el premio a la mejor futbolista de la temporada y, entre los entrenadores, Luis Enrique y Sarina Wiegman ganaron en sus respectivas tandas. Por otro lado, el italiano Gianluigi Donnarumma y la inglesa Hannah Hampton fueron los mejores arqueros.<\/p>\n<p>En tanto que el argentino Santiago Montiel gan\u00f3 el Premio Pusk\u00e1s al mejor gol en la rama masculina y Lizbeth Ovalle se qued\u00f3 con el Premio Marta al tanto del a\u00f1o en el f\u00fatbol femenino de la FIFA.<\/p>\n<p><img loading=\"lazy\" decoding=\"async\" class=\"alignnone size-full wp-image-201377\" src=\"https:\/\/radioinfinitagoya.com.ar\/v1\/wp-content\/uploads\/2025\/12\/YM4GCPR7EBE6VPEJZSBSRWYZNE.avif\" alt=\"\" width=\"992\" height=\"1240\" srcset=\"https:\/\/radioinfinitagoya.com.ar\/v1\/wp-content\/uploads\/2025\/12\/YM4GCPR7EBE6VPEJZSBSRWYZNE.avif 992w, https:\/\/radioinfinitagoya.com.ar\/v1\/wp-content\/uploads\/2025\/12\/YM4GCPR7EBE6VPEJZSBSRWYZNE-120x150.jpg 120w, https:\/\/radioinfinitagoya.com.ar\/v1\/wp-content\/uploads\/2025\/12\/YM4GCPR7EBE6VPEJZSBSRWYZNE-768x960.jpg 768w, https:\/\/radioinfinitagoya.com.ar\/v1\/wp-content\/uploads\/2025\/12\/YM4GCPR7EBE6VPEJZSBSRWYZNE-336x420.jpg 336w, https:\/\/radioinfinitagoya.com.ar\/v1\/wp-content\/uploads\/2025\/12\/YM4GCPR7EBE6VPEJZSBSRWYZNE-696x870.jpg 696w\" sizes=\"auto, (max-width: 992px) 100vw, 992px\" \/>\u00a1El ganador del premio The Best 2025 es Ousman\u00e9 Dembel\u00e9!<\/p>\n<p>El delantero franc\u00e9s fue elegido como el mejor futbolista del a\u00f1o por delante de Kylian Mbapp\u00e9 y Lamine Yamal. El jugador del PSG subi\u00f3 al escenario a recibir el galard\u00f3n.<\/p>\n<p><img loading=\"lazy\" decoding=\"async\" class=\"alignnone size-full wp-image-201378\" src=\"https:\/\/radioinfinitagoya.com.ar\/v1\/wp-content\/uploads\/2025\/12\/F3EUKFO3UVCA5P5QIMLFF6DFPA.avif\" alt=\"\" width=\"992\" height=\"558\" srcset=\"https:\/\/radioinfinitagoya.com.ar\/v1\/wp-content\/uploads\/2025\/12\/F3EUKFO3UVCA5P5QIMLFF6DFPA.avif 992w, https:\/\/radioinfinitagoya.com.ar\/v1\/wp-content\/uploads\/2025\/12\/F3EUKFO3UVCA5P5QIMLFF6DFPA-150x84.jpg 150w, https:\/\/radioinfinitagoya.com.ar\/v1\/wp-content\/uploads\/2025\/12\/F3EUKFO3UVCA5P5QIMLFF6DFPA-768x432.jpg 768w, https:\/\/radioinfinitagoya.com.ar\/v1\/wp-content\/uploads\/2025\/12\/F3EUKFO3UVCA5P5QIMLFF6DFPA-747x420.jpg 747w, https:\/\/radioinfinitagoya.com.ar\/v1\/wp-content\/uploads\/2025\/12\/F3EUKFO3UVCA5P5QIMLFF6DFPA-696x392.jpg 696w\" sizes=\"auto, (max-width: 992px) 100vw, 992px\" \/>\u00a1La mejor futbolista del a\u00f1o es Aitana Bonmat\u00ed!<\/p>\n<p>La jugadora del Barcelona y la selecci\u00f3n de Espa\u00f1a gan\u00f3 el premio The Best. En la terna tambi\u00e9n estuvieron Alexia Putellas y Mariona Caldentey.<\/p>\n<p>\u201cGracias, estoy muy contenta de ganarlo. Le agradezco a los fans, entrenadores y compa\u00f1eras\u201d, expres\u00f3 Bonmat\u00ed desde Barcelona.<\/p>\n<p>\u00a1El 11 ideal del f\u00fatbol masculino en 2025!<\/p>\n<p>Gianluigi Donnarumma; Achraf Hakimi, Willian Pacho, Virgil Van Dijk, Nuno Mendes; Vitinha, Cole Palmer, Jude Bellingham, Pedri; Lamine Yamal y Ousmane D\u00e9mbel\u00e9.<\/p>\n<p><img loading=\"lazy\" decoding=\"async\" class=\"alignnone size-full wp-image-201379\" src=\"https:\/\/radioinfinitagoya.com.ar\/v1\/wp-content\/uploads\/2025\/12\/R5YX63XZNJF65HUMHFJ2LJCO3Y.avif\" alt=\"\" width=\"992\" height=\"917\" srcset=\"https:\/\/radioinfinitagoya.com.ar\/v1\/wp-content\/uploads\/2025\/12\/R5YX63XZNJF65HUMHFJ2LJCO3Y.avif 992w, https:\/\/radioinfinitagoya.com.ar\/v1\/wp-content\/uploads\/2025\/12\/R5YX63XZNJF65HUMHFJ2LJCO3Y-150x139.jpg 150w, https:\/\/radioinfinitagoya.com.ar\/v1\/wp-content\/uploads\/2025\/12\/R5YX63XZNJF65HUMHFJ2LJCO3Y-768x710.jpg 768w, https:\/\/radioinfinitagoya.com.ar\/v1\/wp-content\/uploads\/2025\/12\/R5YX63XZNJF65HUMHFJ2LJCO3Y-454x420.jpg 454w, https:\/\/radioinfinitagoya.com.ar\/v1\/wp-content\/uploads\/2025\/12\/R5YX63XZNJF65HUMHFJ2LJCO3Y-696x643.jpg 696w\" sizes=\"auto, (max-width: 992px) 100vw, 992px\" \/>\u00a1Luis Enrique fue elegido como el mejor entrenador del a\u00f1o!<\/p>\n<p>El t\u00e9cnico espa\u00f1ol del PSG se llev\u00f3 el premio tras ser anunciado por Arsene Wenger. Recibi\u00f3 en su nombre, uno de sus asistentes del equipo.<\/p>\n<p><img loading=\"lazy\" decoding=\"async\" class=\"alignnone size-full wp-image-201380\" src=\"https:\/\/radioinfinitagoya.com.ar\/v1\/wp-content\/uploads\/2025\/12\/E73PIZE5LBAMFO4T6J3OWGN4KA.avif\" alt=\"\" width=\"992\" height=\"708\" srcset=\"https:\/\/radioinfinitagoya.com.ar\/v1\/wp-content\/uploads\/2025\/12\/E73PIZE5LBAMFO4T6J3OWGN4KA.avif 992w, https:\/\/radioinfinitagoya.com.ar\/v1\/wp-content\/uploads\/2025\/12\/E73PIZE5LBAMFO4T6J3OWGN4KA-150x107.jpg 150w, https:\/\/radioinfinitagoya.com.ar\/v1\/wp-content\/uploads\/2025\/12\/E73PIZE5LBAMFO4T6J3OWGN4KA-768x548.jpg 768w, https:\/\/radioinfinitagoya.com.ar\/v1\/wp-content\/uploads\/2025\/12\/E73PIZE5LBAMFO4T6J3OWGN4KA-588x420.jpg 588w, https:\/\/radioinfinitagoya.com.ar\/v1\/wp-content\/uploads\/2025\/12\/E73PIZE5LBAMFO4T6J3OWGN4KA-696x497.jpg 696w, https:\/\/radioinfinitagoya.com.ar\/v1\/wp-content\/uploads\/2025\/12\/E73PIZE5LBAMFO4T6J3OWGN4KA-100x70.jpg 100w\" sizes=\"auto, (max-width: 992px) 100vw, 992px\" \/>\u00a1El equipo ideal de f\u00fatbol femenino de 2025!<\/p>\n<p>Hannah Hampton; Lucy Bronze, Lea Williamson, Irene Paredes, Ona Batlle; Aitana Bonmat\u00ed, Patri Guijarro, Claudia Pina; Mariona Caldentey, Alessia Russo y Alexia Putellas.<\/p>\n<p><img loading=\"lazy\" decoding=\"async\" class=\"alignnone size-full wp-image-201381\" src=\"https:\/\/radioinfinitagoya.com.ar\/v1\/wp-content\/uploads\/2025\/12\/5FWWPGFPTRGFJDRWXMRLU2NE5E.avif\" alt=\"\" width=\"992\" height=\"907\" srcset=\"https:\/\/radioinfinitagoya.com.ar\/v1\/wp-content\/uploads\/2025\/12\/5FWWPGFPTRGFJDRWXMRLU2NE5E.avif 992w, https:\/\/radioinfinitagoya.com.ar\/v1\/wp-content\/uploads\/2025\/12\/5FWWPGFPTRGFJDRWXMRLU2NE5E-150x137.jpg 150w, https:\/\/radioinfinitagoya.com.ar\/v1\/wp-content\/uploads\/2025\/12\/5FWWPGFPTRGFJDRWXMRLU2NE5E-768x702.jpg 768w, https:\/\/radioinfinitagoya.com.ar\/v1\/wp-content\/uploads\/2025\/12\/5FWWPGFPTRGFJDRWXMRLU2NE5E-459x420.jpg 459w, https:\/\/radioinfinitagoya.com.ar\/v1\/wp-content\/uploads\/2025\/12\/5FWWPGFPTRGFJDRWXMRLU2NE5E-696x636.jpg 696w\" sizes=\"auto, (max-width: 992px) 100vw, 992px\" \/>Sarina Wiegman fue nombrada como la mejor entrenadora del f\u00fatbol femenino en el 2025. La entrenadora de la selecci\u00f3n de Inglaterra se llev\u00f3 el premio. \u201cEstoy encantada de ser parte de este evento. Este premio tambi\u00e9n es parte de las jugadoras y el staff\u201d, dijo en un video grabado.<\/p>\n<p><img loading=\"lazy\" decoding=\"async\" class=\"alignnone size-full wp-image-201382\" src=\"https:\/\/radioinfinitagoya.com.ar\/v1\/wp-content\/uploads\/2025\/12\/66WESP4ZEVCV3MJOZHYVGWXE44.avif\" alt=\"\" width=\"992\" height=\"736\" srcset=\"https:\/\/radioinfinitagoya.com.ar\/v1\/wp-content\/uploads\/2025\/12\/66WESP4ZEVCV3MJOZHYVGWXE44.avif 992w, https:\/\/radioinfinitagoya.com.ar\/v1\/wp-content\/uploads\/2025\/12\/66WESP4ZEVCV3MJOZHYVGWXE44-150x111.jpg 150w, https:\/\/radioinfinitagoya.com.ar\/v1\/wp-content\/uploads\/2025\/12\/66WESP4ZEVCV3MJOZHYVGWXE44-768x570.jpg 768w, https:\/\/radioinfinitagoya.com.ar\/v1\/wp-content\/uploads\/2025\/12\/66WESP4ZEVCV3MJOZHYVGWXE44-566x420.jpg 566w, https:\/\/radioinfinitagoya.com.ar\/v1\/wp-content\/uploads\/2025\/12\/66WESP4ZEVCV3MJOZHYVGWXE44-80x60.jpg 80w, https:\/\/radioinfinitagoya.com.ar\/v1\/wp-content\/uploads\/2025\/12\/66WESP4ZEVCV3MJOZHYVGWXE44-696x516.jpg 696w, https:\/\/radioinfinitagoya.com.ar\/v1\/wp-content\/uploads\/2025\/12\/66WESP4ZEVCV3MJOZHYVGWXE44-265x198.jpg 265w\" sizes=\"auto, (max-width: 992px) 100vw, 992px\" \/>El argentino Santiago Montiel fue nombrado como el ganador del Premio Pusk\u00e1s por el mejor gol del a\u00f1o. \u201cEs muy dif\u00edcil marcar un gol as\u00ed y m\u00e1s desde fuera del \u00e1rea. Felicidades a Santiago\u201d, dijo el brasile\u00f1o Alexandre Pato en la gala.<\/p>\n<p><img loading=\"lazy\" decoding=\"async\" class=\"alignnone size-full wp-image-201383\" src=\"https:\/\/radioinfinitagoya.com.ar\/v1\/wp-content\/uploads\/2025\/12\/DWYT3KHF7JAZBLZK4T42KXLHYY.avif\" alt=\"\" width=\"992\" height=\"1298\" srcset=\"https:\/\/radioinfinitagoya.com.ar\/v1\/wp-content\/uploads\/2025\/12\/DWYT3KHF7JAZBLZK4T42KXLHYY.avif 992w, https:\/\/radioinfinitagoya.com.ar\/v1\/wp-content\/uploads\/2025\/12\/DWYT3KHF7JAZBLZK4T42KXLHYY-115x150.jpg 115w, https:\/\/radioinfinitagoya.com.ar\/v1\/wp-content\/uploads\/2025\/12\/DWYT3KHF7JAZBLZK4T42KXLHYY-768x1005.jpg 768w, https:\/\/radioinfinitagoya.com.ar\/v1\/wp-content\/uploads\/2025\/12\/DWYT3KHF7JAZBLZK4T42KXLHYY-321x420.jpg 321w, https:\/\/radioinfinitagoya.com.ar\/v1\/wp-content\/uploads\/2025\/12\/DWYT3KHF7JAZBLZK4T42KXLHYY-696x911.jpg 696w\" sizes=\"auto, (max-width: 992px) 100vw, 992px\" \/>Presentaron a los primeros ganadores:<\/p>\n<p>&#8211; Premio Fair Play: Andreas Harlass-Neuking, m\u00e9dico del SSV<\/p>\n<p>&#8211; Mejor arquera: Hannah Hampton (Chelsea)<\/p>\n<p>&#8211; Mejor arquero: Gianluigi Donnarumma (PSG\/ Manchester City)<\/p>\n<p>&nbsp;<\/p>\n","protected":false},"excerpt":{"rendered":"<p>La ceremonia se realiz\u00f3 en Doha y consagr\u00f3 al jugador franc\u00e9s como el m\u00e1s destacado. Todos los ganadores Ousmane Demb\u00e9l\u00e9 se qued\u00f3 con el premio The Best 2025 al mejor futbolista del a\u00f1o. El delantero franc\u00e9s del PSG, que se ubic\u00f3 en la elecci\u00f3n delante de Kylian Mbapp\u00e9 y Lamine Yamal estuvo presente en la [&hellip;]<\/p>\n","protected":false},"author":4,"featured_media":201376,"comment_status":"open","ping_status":"open","sticky":false,"template":"","format":"standard","meta":{"_joinchat":[],"footnotes":""},"categories":[28],"tags":[],"class_list":{"0":"post-201375","1":"post","2":"type-post","3":"status-publish","4":"format-standard","5":"has-post-thumbnail","7":"category-deportes"},"yoast_head":"<!-- This site is optimized with the Yoast SEO plugin v27.2 - https:\/\/yoast.com\/product\/yoast-seo-wordpress\/ -->\n<title>Ousmane Demb\u00e9l\u00e9 gan\u00f3 el premio FIFA The Best al mejor jugador del a\u00f1o - Radio Infinita Goya<\/title>\n<meta name=\"description\" content=\"La ceremonia se realiz\u00f3 en Doha y consagr\u00f3 al jugador franc\u00e9s como el m\u00e1s destacado. Todos los ganadores Ousmane Demb\u00e9l\u00e9 se qued\u00f3 con el premio The Best\" \/>\n<meta name=\"robots\" content=\"index, follow, max-snippet:-1, max-image-preview:large, max-video-preview:-1\" \/>\n<link rel=\"canonical\" href=\"https:\/\/radioinfinitagoya.com.ar\/v1\/2025\/12\/16\/ousmane-dembele-gano-el-premio-fifa-the-best-al-mejor-jugador-del-ano\/\" \/>\n<meta property=\"og:locale\" content=\"es_ES\" \/>\n<meta property=\"og:type\" content=\"article\" \/>\n<meta property=\"og:title\" content=\"Ousmane Demb\u00e9l\u00e9 gan\u00f3 el premio FIFA The Best al mejor jugador del a\u00f1o - Radio Infinita Goya\" \/>\n<meta property=\"og:description\" content=\"La ceremonia se realiz\u00f3 en Doha y consagr\u00f3 al jugador franc\u00e9s como el m\u00e1s destacado. Todos los ganadores Ousmane Demb\u00e9l\u00e9 se qued\u00f3 con el premio The Best\" \/>\n<meta property=\"og:url\" content=\"https:\/\/radioinfinitagoya.com.ar\/v1\/2025\/12\/16\/ousmane-dembele-gano-el-premio-fifa-the-best-al-mejor-jugador-del-ano\/\" \/>\n<meta property=\"og:site_name\" content=\"Radio Infinita Goya\" \/>\n<meta property=\"article:publisher\" content=\"https:\/\/www.facebook.com\/p\/Infinita-Goya-100063870918311\/\" \/>\n<meta property=\"article:published_time\" content=\"2025-12-16T19:13:12+00:00\" \/>\n<meta name=\"author\" content=\"Jorge Mi\u00f1o\" \/>\n<meta name=\"twitter:card\" content=\"summary_large_image\" \/>\n<meta name=\"twitter:label1\" content=\"Escrito por\" \/>\n\t<meta name=\"twitter:data1\" content=\"Jorge Mi\u00f1o\" \/>\n\t<meta name=\"twitter:label2\" content=\"Tiempo de lectura\" \/>\n\t<meta name=\"twitter:data2\" content=\"3 minutos\" \/>\n<script type=\"application\/ld+json\" class=\"yoast-schema-graph\">{\"@context\":\"https:\/\/schema.org\",\"@graph\":[{\"@type\":\"Article\",\"@id\":\"https:\/\/radioinfinitagoya.com.ar\/v1\/2025\/12\/16\/ousmane-dembele-gano-el-premio-fifa-the-best-al-mejor-jugador-del-ano\/#article\",\"isPartOf\":{\"@id\":\"https:\/\/radioinfinitagoya.com.ar\/v1\/2025\/12\/16\/ousmane-dembele-gano-el-premio-fifa-the-best-al-mejor-jugador-del-ano\/\"},\"author\":{\"name\":\"Jorge Mi\u00f1o\",\"@id\":\"https:\/\/radioinfinitagoya.com.ar\/v1\/#\/schema\/person\/d4cf9c413d4f6edb24aabdccab49ca4a\"},\"headline\":\"Ousmane Demb\u00e9l\u00e9 gan\u00f3 el premio FIFA The Best al mejor jugador del a\u00f1o\",\"datePublished\":\"2025-12-16T19:13:12+00:00\",\"mainEntityOfPage\":{\"@id\":\"https:\/\/radioinfinitagoya.com.ar\/v1\/2025\/12\/16\/ousmane-dembele-gano-el-premio-fifa-the-best-al-mejor-jugador-del-ano\/\"},\"wordCount\":592,\"commentCount\":0,\"publisher\":{\"@id\":\"https:\/\/radioinfinitagoya.com.ar\/v1\/#organization\"},\"image\":{\"@id\":\"https:\/\/radioinfinitagoya.com.ar\/v1\/2025\/12\/16\/ousmane-dembele-gano-el-premio-fifa-the-best-al-mejor-jugador-del-ano\/#primaryimage\"},\"thumbnailUrl\":\"https:\/\/radioinfinitagoya.com.ar\/v1\/wp-content\/uploads\/2025\/12\/F7AQOAB2RZGIROSFRKGWXR2KWQ.avif\",\"articleSection\":[\"DEPORTES\"],\"inLanguage\":\"es-AR\",\"potentialAction\":[{\"@type\":\"CommentAction\",\"name\":\"Comment\",\"target\":[\"https:\/\/radioinfinitagoya.com.ar\/v1\/2025\/12\/16\/ousmane-dembele-gano-el-premio-fifa-the-best-al-mejor-jugador-del-ano\/#respond\"]}]},{\"@type\":\"WebPage\",\"@id\":\"https:\/\/radioinfinitagoya.com.ar\/v1\/2025\/12\/16\/ousmane-dembele-gano-el-premio-fifa-the-best-al-mejor-jugador-del-ano\/\",\"url\":\"https:\/\/radioinfinitagoya.com.ar\/v1\/2025\/12\/16\/ousmane-dembele-gano-el-premio-fifa-the-best-al-mejor-jugador-del-ano\/\",\"name\":\"Ousmane Demb\u00e9l\u00e9 gan\u00f3 el premio FIFA The Best al mejor jugador del a\u00f1o - Radio Infinita Goya\",\"isPartOf\":{\"@id\":\"https:\/\/radioinfinitagoya.com.ar\/v1\/#website\"},\"primaryImageOfPage\":{\"@id\":\"https:\/\/radioinfinitagoya.com.ar\/v1\/2025\/12\/16\/ousmane-dembele-gano-el-premio-fifa-the-best-al-mejor-jugador-del-ano\/#primaryimage\"},\"image\":{\"@id\":\"https:\/\/radioinfinitagoya.com.ar\/v1\/2025\/12\/16\/ousmane-dembele-gano-el-premio-fifa-the-best-al-mejor-jugador-del-ano\/#primaryimage\"},\"thumbnailUrl\":\"https:\/\/radioinfinitagoya.com.ar\/v1\/wp-content\/uploads\/2025\/12\/F7AQOAB2RZGIROSFRKGWXR2KWQ.avif\",\"datePublished\":\"2025-12-16T19:13:12+00:00\",\"description\":\"La ceremonia se realiz\u00f3 en Doha y consagr\u00f3 al jugador franc\u00e9s como el m\u00e1s destacado. Todos los ganadores Ousmane Demb\u00e9l\u00e9 se qued\u00f3 con el premio The Best\",\"breadcrumb\":{\"@id\":\"https:\/\/radioinfinitagoya.com.ar\/v1\/2025\/12\/16\/ousmane-dembele-gano-el-premio-fifa-the-best-al-mejor-jugador-del-ano\/#breadcrumb\"},\"inLanguage\":\"es-AR\",\"potentialAction\":[{\"@type\":\"ReadAction\",\"target\":[\"https:\/\/radioinfinitagoya.com.ar\/v1\/2025\/12\/16\/ousmane-dembele-gano-el-premio-fifa-the-best-al-mejor-jugador-del-ano\/\"]}]},{\"@type\":\"ImageObject\",\"inLanguage\":\"es-AR\",\"@id\":\"https:\/\/radioinfinitagoya.com.ar\/v1\/2025\/12\/16\/ousmane-dembele-gano-el-premio-fifa-the-best-al-mejor-jugador-del-ano\/#primaryimage\",\"url\":\"https:\/\/radioinfinitagoya.com.ar\/v1\/wp-content\/uploads\/2025\/12\/F7AQOAB2RZGIROSFRKGWXR2KWQ.avif\",\"contentUrl\":\"https:\/\/radioinfinitagoya.com.ar\/v1\/wp-content\/uploads\/2025\/12\/F7AQOAB2RZGIROSFRKGWXR2KWQ.avif\",\"width\":992,\"height\":697},{\"@type\":\"BreadcrumbList\",\"@id\":\"https:\/\/radioinfinitagoya.com.ar\/v1\/2025\/12\/16\/ousmane-dembele-gano-el-premio-fifa-the-best-al-mejor-jugador-del-ano\/#breadcrumb\",\"itemListElement\":[{\"@type\":\"ListItem\",\"position\":1,\"name\":\"Inicio\",\"item\":\"https:\/\/radioinfinitagoya.com.ar\/v1\/\"},{\"@type\":\"ListItem\",\"position\":2,\"name\":\"Ousmane Demb\u00e9l\u00e9 gan\u00f3 el premio FIFA The Best al mejor jugador del a\u00f1o\"}]},{\"@type\":\"WebSite\",\"@id\":\"https:\/\/radioinfinitagoya.com.ar\/v1\/#website\",\"url\":\"https:\/\/radioinfinitagoya.com.ar\/v1\/\",\"name\":\"radioinfinitagoya.com.ar\",\"description\":\"Radio de noticias\",\"publisher\":{\"@id\":\"https:\/\/radioinfinitagoya.com.ar\/v1\/#organization\"},\"potentialAction\":[{\"@type\":\"SearchAction\",\"target\":{\"@type\":\"EntryPoint\",\"urlTemplate\":\"https:\/\/radioinfinitagoya.com.ar\/v1\/?s={search_term_string}\"},\"query-input\":{\"@type\":\"PropertyValueSpecification\",\"valueRequired\":true,\"valueName\":\"search_term_string\"}}],\"inLanguage\":\"es-AR\"},{\"@type\":\"Organization\",\"@id\":\"https:\/\/radioinfinitagoya.com.ar\/v1\/#organization\",\"name\":\"Radio Infinita Goya\",\"url\":\"https:\/\/radioinfinitagoya.com.ar\/v1\/\",\"logo\":{\"@type\":\"ImageObject\",\"inLanguage\":\"es-AR\",\"@id\":\"https:\/\/radioinfinitagoya.com.ar\/v1\/#\/schema\/logo\/image\/\",\"url\":\"https:\/\/radioinfinitagoya.com.ar\/v1\/wp-content\/uploads\/2019\/11\/logo-pie-web.png\",\"contentUrl\":\"https:\/\/radioinfinitagoya.com.ar\/v1\/wp-content\/uploads\/2019\/11\/logo-pie-web.png\",\"width\":635,\"height\":326,\"caption\":\"Radio Infinita Goya\"},\"image\":{\"@id\":\"https:\/\/radioinfinitagoya.com.ar\/v1\/#\/schema\/logo\/image\/\"},\"sameAs\":[\"https:\/\/www.facebook.com\/p\/Infinita-Goya-100063870918311\/\"]},{\"@type\":\"Person\",\"@id\":\"https:\/\/radioinfinitagoya.com.ar\/v1\/#\/schema\/person\/d4cf9c413d4f6edb24aabdccab49ca4a\",\"name\":\"Jorge Mi\u00f1o\",\"image\":{\"@type\":\"ImageObject\",\"inLanguage\":\"es-AR\",\"@id\":\"https:\/\/secure.gravatar.com\/avatar\/910fcf6728fe95320e07a6643c1581fec1c7fc4bf8ae12e3d8f0d0373dc844be?s=96&d=mm&r=g\",\"url\":\"https:\/\/secure.gravatar.com\/avatar\/910fcf6728fe95320e07a6643c1581fec1c7fc4bf8ae12e3d8f0d0373dc844be?s=96&d=mm&r=g\",\"contentUrl\":\"https:\/\/secure.gravatar.com\/avatar\/910fcf6728fe95320e07a6643c1581fec1c7fc4bf8ae12e3d8f0d0373dc844be?s=96&d=mm&r=g\",\"caption\":\"Jorge Mi\u00f1o\"},\"sameAs\":[\"http:\/\/radioinfinitagoya.com.ar\"]}]}<\/script>\n<!-- \/ Yoast SEO plugin. -->","yoast_head_json":{"title":"Ousmane Demb\u00e9l\u00e9 gan\u00f3 el premio FIFA The Best al mejor jugador del a\u00f1o - Radio Infinita Goya","description":"La ceremonia se realiz\u00f3 en Doha y consagr\u00f3 al jugador franc\u00e9s como el m\u00e1s destacado. Todos los ganadores Ousmane Demb\u00e9l\u00e9 se qued\u00f3 con el premio The Best","robots":{"index":"index","follow":"follow","max-snippet":"max-snippet:-1","max-image-preview":"max-image-preview:large","max-video-preview":"max-video-preview:-1"},"canonical":"https:\/\/radioinfinitagoya.com.ar\/v1\/2025\/12\/16\/ousmane-dembele-gano-el-premio-fifa-the-best-al-mejor-jugador-del-ano\/","og_locale":"es_ES","og_type":"article","og_title":"Ousmane Demb\u00e9l\u00e9 gan\u00f3 el premio FIFA The Best al mejor jugador del a\u00f1o - Radio Infinita Goya","og_description":"La ceremonia se realiz\u00f3 en Doha y consagr\u00f3 al jugador franc\u00e9s como el m\u00e1s destacado. Todos los ganadores Ousmane Demb\u00e9l\u00e9 se qued\u00f3 con el premio The Best","og_url":"https:\/\/radioinfinitagoya.com.ar\/v1\/2025\/12\/16\/ousmane-dembele-gano-el-premio-fifa-the-best-al-mejor-jugador-del-ano\/","og_site_name":"Radio Infinita Goya","article_publisher":"https:\/\/www.facebook.com\/p\/Infinita-Goya-100063870918311\/","article_published_time":"2025-12-16T19:13:12+00:00","author":"Jorge Mi\u00f1o","twitter_card":"summary_large_image","twitter_misc":{"Escrito por":"Jorge Mi\u00f1o","Tiempo de lectura":"3 minutos"},"schema":{"@context":"https:\/\/schema.org","@graph":[{"@type":"Article","@id":"https:\/\/radioinfinitagoya.com.ar\/v1\/2025\/12\/16\/ousmane-dembele-gano-el-premio-fifa-the-best-al-mejor-jugador-del-ano\/#article","isPartOf":{"@id":"https:\/\/radioinfinitagoya.com.ar\/v1\/2025\/12\/16\/ousmane-dembele-gano-el-premio-fifa-the-best-al-mejor-jugador-del-ano\/"},"author":{"name":"Jorge Mi\u00f1o","@id":"https:\/\/radioinfinitagoya.com.ar\/v1\/#\/schema\/person\/d4cf9c413d4f6edb24aabdccab49ca4a"},"headline":"Ousmane Demb\u00e9l\u00e9 gan\u00f3 el premio FIFA The Best al mejor jugador del a\u00f1o","datePublished":"2025-12-16T19:13:12+00:00","mainEntityOfPage":{"@id":"https:\/\/radioinfinitagoya.com.ar\/v1\/2025\/12\/16\/ousmane-dembele-gano-el-premio-fifa-the-best-al-mejor-jugador-del-ano\/"},"wordCount":592,"commentCount":0,"publisher":{"@id":"https:\/\/radioinfinitagoya.com.ar\/v1\/#organization"},"image":{"@id":"https:\/\/radioinfinitagoya.com.ar\/v1\/2025\/12\/16\/ousmane-dembele-gano-el-premio-fifa-the-best-al-mejor-jugador-del-ano\/#primaryimage"},"thumbnailUrl":"https:\/\/radioinfinitagoya.com.ar\/v1\/wp-content\/uploads\/2025\/12\/F7AQOAB2RZGIROSFRKGWXR2KWQ.avif","articleSection":["DEPORTES"],"inLanguage":"es-AR","potentialAction":[{"@type":"CommentAction","name":"Comment","target":["https:\/\/radioinfinitagoya.com.ar\/v1\/2025\/12\/16\/ousmane-dembele-gano-el-premio-fifa-the-best-al-mejor-jugador-del-ano\/#respond"]}]},{"@type":"WebPage","@id":"https:\/\/radioinfinitagoya.com.ar\/v1\/2025\/12\/16\/ousmane-dembele-gano-el-premio-fifa-the-best-al-mejor-jugador-del-ano\/","url":"https:\/\/radioinfinitagoya.com.ar\/v1\/2025\/12\/16\/ousmane-dembele-gano-el-premio-fifa-the-best-al-mejor-jugador-del-ano\/","name":"Ousmane Demb\u00e9l\u00e9 gan\u00f3 el premio FIFA The Best al mejor jugador del a\u00f1o - Radio Infinita Goya","isPartOf":{"@id":"https:\/\/radioinfinitagoya.com.ar\/v1\/#website"},"primaryImageOfPage":{"@id":"https:\/\/radioinfinitagoya.com.ar\/v1\/2025\/12\/16\/ousmane-dembele-gano-el-premio-fifa-the-best-al-mejor-jugador-del-ano\/#primaryimage"},"image":{"@id":"https:\/\/radioinfinitagoya.com.ar\/v1\/2025\/12\/16\/ousmane-dembele-gano-el-premio-fifa-the-best-al-mejor-jugador-del-ano\/#primaryimage"},"thumbnailUrl":"https:\/\/radioinfinitagoya.com.ar\/v1\/wp-content\/uploads\/2025\/12\/F7AQOAB2RZGIROSFRKGWXR2KWQ.avif","datePublished":"2025-12-16T19:13:12+00:00","description":"La ceremonia se realiz\u00f3 en Doha y consagr\u00f3 al jugador franc\u00e9s como el m\u00e1s destacado. Todos los ganadores Ousmane Demb\u00e9l\u00e9 se qued\u00f3 con el premio The Best","breadcrumb":{"@id":"https:\/\/radioinfinitagoya.com.ar\/v1\/2025\/12\/16\/ousmane-dembele-gano-el-premio-fifa-the-best-al-mejor-jugador-del-ano\/#breadcrumb"},"inLanguage":"es-AR","potentialAction":[{"@type":"ReadAction","target":["https:\/\/radioinfinitagoya.com.ar\/v1\/2025\/12\/16\/ousmane-dembele-gano-el-premio-fifa-the-best-al-mejor-jugador-del-ano\/"]}]},{"@type":"ImageObject","inLanguage":"es-AR","@id":"https:\/\/radioinfinitagoya.com.ar\/v1\/2025\/12\/16\/ousmane-dembele-gano-el-premio-fifa-the-best-al-mejor-jugador-del-ano\/#primaryimage","url":"https:\/\/radioinfinitagoya.com.ar\/v1\/wp-content\/uploads\/2025\/12\/F7AQOAB2RZGIROSFRKGWXR2KWQ.avif","contentUrl":"https:\/\/radioinfinitagoya.com.ar\/v1\/wp-content\/uploads\/2025\/12\/F7AQOAB2RZGIROSFRKGWXR2KWQ.avif","width":992,"height":697},{"@type":"BreadcrumbList","@id":"https:\/\/radioinfinitagoya.com.ar\/v1\/2025\/12\/16\/ousmane-dembele-gano-el-premio-fifa-the-best-al-mejor-jugador-del-ano\/#breadcrumb","itemListElement":[{"@type":"ListItem","position":1,"name":"Inicio","item":"https:\/\/radioinfinitagoya.com.ar\/v1\/"},{"@type":"ListItem","position":2,"name":"Ousmane Demb\u00e9l\u00e9 gan\u00f3 el premio FIFA The Best al mejor jugador del a\u00f1o"}]},{"@type":"WebSite","@id":"https:\/\/radioinfinitagoya.com.ar\/v1\/#website","url":"https:\/\/radioinfinitagoya.com.ar\/v1\/","name":"radioinfinitagoya.com.ar","description":"Radio de noticias","publisher":{"@id":"https:\/\/radioinfinitagoya.com.ar\/v1\/#organization"},"potentialAction":[{"@type":"SearchAction","target":{"@type":"EntryPoint","urlTemplate":"https:\/\/radioinfinitagoya.com.ar\/v1\/?s={search_term_string}"},"query-input":{"@type":"PropertyValueSpecification","valueRequired":true,"valueName":"search_term_string"}}],"inLanguage":"es-AR"},{"@type":"Organization","@id":"https:\/\/radioinfinitagoya.com.ar\/v1\/#organization","name":"Radio Infinita Goya","url":"https:\/\/radioinfinitagoya.com.ar\/v1\/","logo":{"@type":"ImageObject","inLanguage":"es-AR","@id":"https:\/\/radioinfinitagoya.com.ar\/v1\/#\/schema\/logo\/image\/","url":"https:\/\/radioinfinitagoya.com.ar\/v1\/wp-content\/uploads\/2019\/11\/logo-pie-web.png","contentUrl":"https:\/\/radioinfinitagoya.com.ar\/v1\/wp-content\/uploads\/2019\/11\/logo-pie-web.png","width":635,"height":326,"caption":"Radio Infinita Goya"},"image":{"@id":"https:\/\/radioinfinitagoya.com.ar\/v1\/#\/schema\/logo\/image\/"},"sameAs":["https:\/\/www.facebook.com\/p\/Infinita-Goya-100063870918311\/"]},{"@type":"Person","@id":"https:\/\/radioinfinitagoya.com.ar\/v1\/#\/schema\/person\/d4cf9c413d4f6edb24aabdccab49ca4a","name":"Jorge Mi\u00f1o","image":{"@type":"ImageObject","inLanguage":"es-AR","@id":"https:\/\/secure.gravatar.com\/avatar\/910fcf6728fe95320e07a6643c1581fec1c7fc4bf8ae12e3d8f0d0373dc844be?s=96&d=mm&r=g","url":"https:\/\/secure.gravatar.com\/avatar\/910fcf6728fe95320e07a6643c1581fec1c7fc4bf8ae12e3d8f0d0373dc844be?s=96&d=mm&r=g","contentUrl":"https:\/\/secure.gravatar.com\/avatar\/910fcf6728fe95320e07a6643c1581fec1c7fc4bf8ae12e3d8f0d0373dc844be?s=96&d=mm&r=g","caption":"Jorge Mi\u00f1o"},"sameAs":["http:\/\/radioinfinitagoya.com.ar"]}]}},"_links":{"self":[{"href":"https:\/\/radioinfinitagoya.com.ar\/v1\/wp-json\/wp\/v2\/posts\/201375","targetHints":{"allow":["GET"]}}],"collection":[{"href":"https:\/\/radioinfinitagoya.com.ar\/v1\/wp-json\/wp\/v2\/posts"}],"about":[{"href":"https:\/\/radioinfinitagoya.com.ar\/v1\/wp-json\/wp\/v2\/types\/post"}],"author":[{"embeddable":true,"href":"https:\/\/radioinfinitagoya.com.ar\/v1\/wp-json\/wp\/v2\/users\/4"}],"replies":[{"embeddable":true,"href":"https:\/\/radioinfinitagoya.com.ar\/v1\/wp-json\/wp\/v2\/comments?post=201375"}],"version-history":[{"count":0,"href":"https:\/\/radioinfinitagoya.com.ar\/v1\/wp-json\/wp\/v2\/posts\/201375\/revisions"}],"wp:featuredmedia":[{"embeddable":true,"href":"https:\/\/radioinfinitagoya.com.ar\/v1\/wp-json\/wp\/v2\/media\/201376"}],"wp:attachment":[{"href":"https:\/\/radioinfinitagoya.com.ar\/v1\/wp-json\/wp\/v2\/media?parent=201375"}],"wp:term":[{"taxonomy":"category","embeddable":true,"href":"https:\/\/radioinfinitagoya.com.ar\/v1\/wp-json\/wp\/v2\/categories?post=201375"},{"taxonomy":"post_tag","embeddable":true,"href":"https:\/\/radioinfinitagoya.com.ar\/v1\/wp-json\/wp\/v2\/tags?post=201375"}],"curies":[{"name":"wp","href":"https:\/\/api.w.org\/{rel}","templated":true}]}}