{"id":201385,"date":"2025-12-16T16:18:15","date_gmt":"2025-12-16T19:18:15","guid":{"rendered":"https:\/\/radioinfinitagoya.com.ar\/v1\/?p=201385"},"modified":"2025-12-16T16:18:15","modified_gmt":"2025-12-16T19:18:15","slug":"la-f1-anuncio-el-regreso-de-un-historico-gp-para-las-temporadas-2027-y-2028","status":"publish","type":"post","link":"https:\/\/radioinfinitagoya.com.ar\/v1\/2025\/12\/16\/la-f1-anuncio-el-regreso-de-un-historico-gp-para-las-temporadas-2027-y-2028\/","title":{"rendered":"La F1 anunci\u00f3 el regreso de un hist\u00f3rico GP para las temporadas 2027 y 2028"},"content":{"rendered":"<p>La M\u00e1xima comunic\u00f3 que el Aut\u00f3dromo Internacional do Algarve volver\u00e1 al calendario por dos a\u00f1os. Ocupar\u00e1 el lugar que dejar\u00e1 Zandvoort<\/p>\n<p>La F\u00f3rmula 1 anunci\u00f3 de manera oficial que incorporar\u00e1 nuevamente al Gran Premio de Portugal a partir de 2027. La categor\u00eda confirm\u00f3 este mi\u00e9rcoles que el pa\u00eds volver\u00e1 a formar parte del campeonato mundial durante dos temporadas consecutivas, con Portim\u00e3o, en el Algarve, como escenario de las competencias. Esta decisi\u00f3n se formaliz\u00f3 en un acuerdo a dos a\u00f1os entre la F1, el gobierno portugu\u00e9s, Turismo de Portugal y la promotora Parkalgar y Parques Tecnol\u00f3gicos e Desportivos, SA.<\/p>\n<p>El regreso del Gran Premio portugu\u00e9s se da despu\u00e9s de la \u00faltima aparici\u00f3n de la F1 en Portim\u00e3o en 2021, cuando el circuito se uni\u00f3 al calendario ajustado por la pandemia de Covid-19. La competencia se llevar\u00e1 a cabo en el Aut\u00f3dromo Internacional do Algarve, un trazado conocido por sus desniveles pronunciados y curvas t\u00e9cnicas a lo largo de 4.6 kil\u00f3metros. El evento reemplazar\u00e1 en las pr\u00f3ximas temporadas al Gran Premio de los Pa\u00edses Bajos, actualmente disputado en Zandvoort.<\/p>\n<p>La historia de Portugal dentro de la F1 se remonta a 1958, cuando Oporto fue sede del primer Gran Premio en territorio portugu\u00e9s. Luego, los circuitos de Monsanto y Estoril tambi\u00e9n albergaron la m\u00e1xima categor\u00eda. Entre los campeones que han festejado victorias en pistas lusas destacan Stirling Moss, Alain Prost, Nigel Mansell y Ayrton Senna, quien consigui\u00f3 all\u00ed su primera aparici\u00f3n en lo m\u00e1s alto del podio en 1985.<\/p>\n<p><img loading=\"lazy\" decoding=\"async\" class=\"alignnone size-full wp-image-201387\" src=\"https:\/\/radioinfinitagoya.com.ar\/v1\/wp-content\/uploads\/2025\/12\/RKJRQ4FEYQV6DZEXPA2674MRVY.avif\" alt=\"\" width=\"992\" height=\"649\" srcset=\"https:\/\/radioinfinitagoya.com.ar\/v1\/wp-content\/uploads\/2025\/12\/RKJRQ4FEYQV6DZEXPA2674MRVY.avif 992w, https:\/\/radioinfinitagoya.com.ar\/v1\/wp-content\/uploads\/2025\/12\/RKJRQ4FEYQV6DZEXPA2674MRVY-150x98.jpg 150w, https:\/\/radioinfinitagoya.com.ar\/v1\/wp-content\/uploads\/2025\/12\/RKJRQ4FEYQV6DZEXPA2674MRVY-768x502.jpg 768w, https:\/\/radioinfinitagoya.com.ar\/v1\/wp-content\/uploads\/2025\/12\/RKJRQ4FEYQV6DZEXPA2674MRVY-642x420.jpg 642w, https:\/\/radioinfinitagoya.com.ar\/v1\/wp-content\/uploads\/2025\/12\/RKJRQ4FEYQV6DZEXPA2674MRVY-696x455.jpg 696w, https:\/\/radioinfinitagoya.com.ar\/v1\/wp-content\/uploads\/2025\/12\/RKJRQ4FEYQV6DZEXPA2674MRVY-741x486.jpg 741w\" sizes=\"auto, (max-width: 992px) 100vw, 992px\" \/>En las citas m\u00e1s recientes, Lewis Hamilton super\u00f3 el r\u00e9cord de Michael Schumacher al lograr su 92\u00b0 triunfo durante el Gran Premio de 2020, otra de las marcas hist\u00f3ricas del circuito que da la bienvenida nuevamente al \u201cgran circo\u201d. Hamilton es el \u00fanico integrante vigente de la parrilla actual que ha conseguido imponerse en Portim\u00e3o, tanto en 2020 como en 2021.<\/p>\n<p>El presidente y director ejecutivo de la F\u00f3rmula 1, Stefano Domenicali, se\u00f1al\u00f3: \u201cEstoy encantado de ver el regreso de Portim\u00e3o al calendario de la F\u00f3rmula 1 y de que este deporte siga despertando la pasi\u00f3n de nuestra incre\u00edble afici\u00f3n portuguesa. El circuito ofrece emoci\u00f3n en la pista desde la primera curva hasta la bandera a cuadros, y su energ\u00eda levanta a los aficionados de sus asientos\u201d. Domenicali tambi\u00e9n agradeci\u00f3 al primer ministro Lu\u00eds Montenegro, al ministro de Econom\u00eda y Cohesi\u00f3n Territorial Manuel Castro Almeida, al secretario de Estado de Turismo, Comercio y Servicios Pedro Machado, al presidente de Turismo de Portugal Carlos Abade, al presidente de la Oficina de Turismo del Algarve Andr\u00e9 Gomes, y al CEO y presidente del circuito Jaime Costa, por el respaldo clave en el retorno de la F\u00f3rmula 1 a la pen\u00ednsula ib\u00e9rica.<\/p>\n<p>Desde el gobierno portugu\u00e9s, Castro Almeida ponder\u00f3 el valor estrat\u00e9gico de recuperar la m\u00e1xima categor\u00eda para el pa\u00eds: \u201cPortugal vuelve a estar en el mapa de la F\u00f3rmula 1. El Gran Premio de Portugal de F1 tendr\u00e1 un impacto directo en la actividad econ\u00f3mica, generando oportunidades en toda la cadena econ\u00f3mica \u2014desde el turismo hasta el comercio y los servicios hasta las pymes\u2014, proyectando al pa\u00eds como un destino competitivo y fiable\u201d. El funcionario agreg\u00f3 que la cita en el Algarve \u201crefuerza nuestra estrategia de desarrollo regional, valorizando los territorios y creando oportunidades para las econom\u00edas locales\u201d. Seg\u00fan sus palabras, la competici\u00f3n funcionar\u00e1 tambi\u00e9n como una vidriera para la imagen internacional de Portugal.<\/p>\n<p><img loading=\"lazy\" decoding=\"async\" class=\"alignnone size-full wp-image-201388\" src=\"https:\/\/radioinfinitagoya.com.ar\/v1\/wp-content\/uploads\/2025\/12\/D2LUUF7MKOOGTEQQ5AZKFMQNVI.avif\" alt=\"\" width=\"992\" height=\"559\" srcset=\"https:\/\/radioinfinitagoya.com.ar\/v1\/wp-content\/uploads\/2025\/12\/D2LUUF7MKOOGTEQQ5AZKFMQNVI.avif 992w, https:\/\/radioinfinitagoya.com.ar\/v1\/wp-content\/uploads\/2025\/12\/D2LUUF7MKOOGTEQQ5AZKFMQNVI-150x85.jpg 150w, https:\/\/radioinfinitagoya.com.ar\/v1\/wp-content\/uploads\/2025\/12\/D2LUUF7MKOOGTEQQ5AZKFMQNVI-768x433.jpg 768w, https:\/\/radioinfinitagoya.com.ar\/v1\/wp-content\/uploads\/2025\/12\/D2LUUF7MKOOGTEQQ5AZKFMQNVI-745x420.jpg 745w, https:\/\/radioinfinitagoya.com.ar\/v1\/wp-content\/uploads\/2025\/12\/D2LUUF7MKOOGTEQQ5AZKFMQNVI-696x392.jpg 696w\" sizes=\"auto, (max-width: 992px) 100vw, 992px\" \/>Por su parte, Jaime Costa, presidente y director ejecutivo del Aut\u00f3dromo Internacional do Algarve, afirm\u00f3 que la nueva edici\u00f3n permitir\u00e1 mostrar \u201cla excelencia de nuestro circuito y la pasi\u00f3n de nuestros aficionados, lo que supondr\u00e1 un gran impulso para nuestro turismo, nuestra regi\u00f3n y nuestra comunidad\u201d. Costa subray\u00f3 que este logro fue posible \u201cgracias al apoyo continuo del Gobierno portugu\u00e9s\u201d. El directivo destac\u00f3 el dise\u00f1o singular de Portim\u00e3o, caracterizado por su aspecto de \u201cmonta\u00f1a rusa\u201d, capaz de \u201cdesafiar a los mejores pilotos del mundo y crear un espect\u00e1culo que encantar\u00e1 a los aficionados\u201d. La meta de la organizaci\u00f3n, a\u00f1adi\u00f3, ser\u00e1 \u201ccrear momentos inolvidables y establecer nuevos est\u00e1ndares de excelencia dentro y fuera de la pista\u201d.<\/p>\n<p>El Aut\u00f3dromo Internacional do Algarve volver\u00e1 as\u00ed a ser el epicentro del automovilismo en la pen\u00ednsula ib\u00e9rica, con espect\u00e1culos que han quedado en la memoria de los fan\u00e1ticos, como la primera victoria de Senna o la transformaci\u00f3n del r\u00e9cord de Schumacher a manos de Hamilton.<\/p>\n<p>&nbsp;<\/p>\n","protected":false},"excerpt":{"rendered":"<p>La M\u00e1xima comunic\u00f3 que el Aut\u00f3dromo Internacional do Algarve volver\u00e1 al calendario por dos a\u00f1os. Ocupar\u00e1 el lugar que dejar\u00e1 Zandvoort La F\u00f3rmula 1 anunci\u00f3 de manera oficial que incorporar\u00e1 nuevamente al Gran Premio de Portugal a partir de 2027. La categor\u00eda confirm\u00f3 este mi\u00e9rcoles que el pa\u00eds volver\u00e1 a formar parte del campeonato mundial [&hellip;]<\/p>\n","protected":false},"author":4,"featured_media":201386,"comment_status":"open","ping_status":"open","sticky":false,"template":"","format":"standard","meta":{"_joinchat":[],"footnotes":""},"categories":[28],"tags":[],"class_list":{"0":"post-201385","1":"post","2":"type-post","3":"status-publish","4":"format-standard","5":"has-post-thumbnail","7":"category-deportes"},"yoast_head":"<!-- This site is optimized with the Yoast SEO plugin v27.2 - https:\/\/yoast.com\/product\/yoast-seo-wordpress\/ -->\n<title>La F1 anunci\u00f3 el regreso de un hist\u00f3rico GP para las temporadas 2027 y 2028 - Radio Infinita Goya<\/title>\n<meta name=\"description\" content=\"La M\u00e1xima comunic\u00f3 que el Aut\u00f3dromo Internacional do Algarve volver\u00e1 al calendario por dos a\u00f1os. Ocupar\u00e1 el lugar que dejar\u00e1 Zandvoort La F\u00f3rmula 1\" \/>\n<meta name=\"robots\" content=\"index, follow, max-snippet:-1, max-image-preview:large, max-video-preview:-1\" \/>\n<link rel=\"canonical\" href=\"https:\/\/radioinfinitagoya.com.ar\/v1\/2025\/12\/16\/la-f1-anuncio-el-regreso-de-un-historico-gp-para-las-temporadas-2027-y-2028\/\" \/>\n<meta property=\"og:locale\" content=\"es_ES\" \/>\n<meta property=\"og:type\" content=\"article\" \/>\n<meta property=\"og:title\" content=\"La F1 anunci\u00f3 el regreso de un hist\u00f3rico GP para las temporadas 2027 y 2028 - Radio Infinita Goya\" \/>\n<meta property=\"og:description\" content=\"La M\u00e1xima comunic\u00f3 que el Aut\u00f3dromo Internacional do Algarve volver\u00e1 al calendario por dos a\u00f1os. Ocupar\u00e1 el lugar que dejar\u00e1 Zandvoort La F\u00f3rmula 1\" \/>\n<meta property=\"og:url\" content=\"https:\/\/radioinfinitagoya.com.ar\/v1\/2025\/12\/16\/la-f1-anuncio-el-regreso-de-un-historico-gp-para-las-temporadas-2027-y-2028\/\" \/>\n<meta property=\"og:site_name\" content=\"Radio Infinita Goya\" \/>\n<meta property=\"article:publisher\" content=\"https:\/\/www.facebook.com\/p\/Infinita-Goya-100063870918311\/\" \/>\n<meta property=\"article:published_time\" content=\"2025-12-16T19:18:15+00:00\" \/>\n<meta name=\"author\" content=\"Jorge Mi\u00f1o\" \/>\n<meta name=\"twitter:card\" content=\"summary_large_image\" \/>\n<meta name=\"twitter:label1\" content=\"Escrito por\" \/>\n\t<meta name=\"twitter:data1\" content=\"Jorge Mi\u00f1o\" \/>\n\t<meta name=\"twitter:label2\" content=\"Tiempo de lectura\" \/>\n\t<meta name=\"twitter:data2\" content=\"4 minutos\" \/>\n<script type=\"application\/ld+json\" class=\"yoast-schema-graph\">{\"@context\":\"https:\/\/schema.org\",\"@graph\":[{\"@type\":\"Article\",\"@id\":\"https:\/\/radioinfinitagoya.com.ar\/v1\/2025\/12\/16\/la-f1-anuncio-el-regreso-de-un-historico-gp-para-las-temporadas-2027-y-2028\/#article\",\"isPartOf\":{\"@id\":\"https:\/\/radioinfinitagoya.com.ar\/v1\/2025\/12\/16\/la-f1-anuncio-el-regreso-de-un-historico-gp-para-las-temporadas-2027-y-2028\/\"},\"author\":{\"name\":\"Jorge Mi\u00f1o\",\"@id\":\"https:\/\/radioinfinitagoya.com.ar\/v1\/#\/schema\/person\/d4cf9c413d4f6edb24aabdccab49ca4a\"},\"headline\":\"La F1 anunci\u00f3 el regreso de un hist\u00f3rico GP para las temporadas 2027 y 2028\",\"datePublished\":\"2025-12-16T19:18:15+00:00\",\"mainEntityOfPage\":{\"@id\":\"https:\/\/radioinfinitagoya.com.ar\/v1\/2025\/12\/16\/la-f1-anuncio-el-regreso-de-un-historico-gp-para-las-temporadas-2027-y-2028\/\"},\"wordCount\":798,\"commentCount\":0,\"publisher\":{\"@id\":\"https:\/\/radioinfinitagoya.com.ar\/v1\/#organization\"},\"image\":{\"@id\":\"https:\/\/radioinfinitagoya.com.ar\/v1\/2025\/12\/16\/la-f1-anuncio-el-regreso-de-un-historico-gp-para-las-temporadas-2027-y-2028\/#primaryimage\"},\"thumbnailUrl\":\"https:\/\/radioinfinitagoya.com.ar\/v1\/wp-content\/uploads\/2025\/12\/JGYXC7DEC5HK3PD2VT3OP5KD2A.avif\",\"articleSection\":[\"DEPORTES\"],\"inLanguage\":\"es-AR\",\"potentialAction\":[{\"@type\":\"CommentAction\",\"name\":\"Comment\",\"target\":[\"https:\/\/radioinfinitagoya.com.ar\/v1\/2025\/12\/16\/la-f1-anuncio-el-regreso-de-un-historico-gp-para-las-temporadas-2027-y-2028\/#respond\"]}]},{\"@type\":\"WebPage\",\"@id\":\"https:\/\/radioinfinitagoya.com.ar\/v1\/2025\/12\/16\/la-f1-anuncio-el-regreso-de-un-historico-gp-para-las-temporadas-2027-y-2028\/\",\"url\":\"https:\/\/radioinfinitagoya.com.ar\/v1\/2025\/12\/16\/la-f1-anuncio-el-regreso-de-un-historico-gp-para-las-temporadas-2027-y-2028\/\",\"name\":\"La F1 anunci\u00f3 el regreso de un hist\u00f3rico GP para las temporadas 2027 y 2028 - Radio Infinita Goya\",\"isPartOf\":{\"@id\":\"https:\/\/radioinfinitagoya.com.ar\/v1\/#website\"},\"primaryImageOfPage\":{\"@id\":\"https:\/\/radioinfinitagoya.com.ar\/v1\/2025\/12\/16\/la-f1-anuncio-el-regreso-de-un-historico-gp-para-las-temporadas-2027-y-2028\/#primaryimage\"},\"image\":{\"@id\":\"https:\/\/radioinfinitagoya.com.ar\/v1\/2025\/12\/16\/la-f1-anuncio-el-regreso-de-un-historico-gp-para-las-temporadas-2027-y-2028\/#primaryimage\"},\"thumbnailUrl\":\"https:\/\/radioinfinitagoya.com.ar\/v1\/wp-content\/uploads\/2025\/12\/JGYXC7DEC5HK3PD2VT3OP5KD2A.avif\",\"datePublished\":\"2025-12-16T19:18:15+00:00\",\"description\":\"La M\u00e1xima comunic\u00f3 que el Aut\u00f3dromo Internacional do Algarve volver\u00e1 al calendario por dos a\u00f1os. Ocupar\u00e1 el lugar que dejar\u00e1 Zandvoort La F\u00f3rmula 1\",\"breadcrumb\":{\"@id\":\"https:\/\/radioinfinitagoya.com.ar\/v1\/2025\/12\/16\/la-f1-anuncio-el-regreso-de-un-historico-gp-para-las-temporadas-2027-y-2028\/#breadcrumb\"},\"inLanguage\":\"es-AR\",\"potentialAction\":[{\"@type\":\"ReadAction\",\"target\":[\"https:\/\/radioinfinitagoya.com.ar\/v1\/2025\/12\/16\/la-f1-anuncio-el-regreso-de-un-historico-gp-para-las-temporadas-2027-y-2028\/\"]}]},{\"@type\":\"ImageObject\",\"inLanguage\":\"es-AR\",\"@id\":\"https:\/\/radioinfinitagoya.com.ar\/v1\/2025\/12\/16\/la-f1-anuncio-el-regreso-de-un-historico-gp-para-las-temporadas-2027-y-2028\/#primaryimage\",\"url\":\"https:\/\/radioinfinitagoya.com.ar\/v1\/wp-content\/uploads\/2025\/12\/JGYXC7DEC5HK3PD2VT3OP5KD2A.avif\",\"contentUrl\":\"https:\/\/radioinfinitagoya.com.ar\/v1\/wp-content\/uploads\/2025\/12\/JGYXC7DEC5HK3PD2VT3OP5KD2A.avif\",\"width\":992,\"height\":558},{\"@type\":\"BreadcrumbList\",\"@id\":\"https:\/\/radioinfinitagoya.com.ar\/v1\/2025\/12\/16\/la-f1-anuncio-el-regreso-de-un-historico-gp-para-las-temporadas-2027-y-2028\/#breadcrumb\",\"itemListElement\":[{\"@type\":\"ListItem\",\"position\":1,\"name\":\"Inicio\",\"item\":\"https:\/\/radioinfinitagoya.com.ar\/v1\/\"},{\"@type\":\"ListItem\",\"position\":2,\"name\":\"La F1 anunci\u00f3 el regreso de un hist\u00f3rico GP para las temporadas 2027 y 2028\"}]},{\"@type\":\"WebSite\",\"@id\":\"https:\/\/radioinfinitagoya.com.ar\/v1\/#website\",\"url\":\"https:\/\/radioinfinitagoya.com.ar\/v1\/\",\"name\":\"radioinfinitagoya.com.ar\",\"description\":\"Radio de noticias\",\"publisher\":{\"@id\":\"https:\/\/radioinfinitagoya.com.ar\/v1\/#organization\"},\"potentialAction\":[{\"@type\":\"SearchAction\",\"target\":{\"@type\":\"EntryPoint\",\"urlTemplate\":\"https:\/\/radioinfinitagoya.com.ar\/v1\/?s={search_term_string}\"},\"query-input\":{\"@type\":\"PropertyValueSpecification\",\"valueRequired\":true,\"valueName\":\"search_term_string\"}}],\"inLanguage\":\"es-AR\"},{\"@type\":\"Organization\",\"@id\":\"https:\/\/radioinfinitagoya.com.ar\/v1\/#organization\",\"name\":\"Radio Infinita Goya\",\"url\":\"https:\/\/radioinfinitagoya.com.ar\/v1\/\",\"logo\":{\"@type\":\"ImageObject\",\"inLanguage\":\"es-AR\",\"@id\":\"https:\/\/radioinfinitagoya.com.ar\/v1\/#\/schema\/logo\/image\/\",\"url\":\"https:\/\/radioinfinitagoya.com.ar\/v1\/wp-content\/uploads\/2019\/11\/logo-pie-web.png\",\"contentUrl\":\"https:\/\/radioinfinitagoya.com.ar\/v1\/wp-content\/uploads\/2019\/11\/logo-pie-web.png\",\"width\":635,\"height\":326,\"caption\":\"Radio Infinita Goya\"},\"image\":{\"@id\":\"https:\/\/radioinfinitagoya.com.ar\/v1\/#\/schema\/logo\/image\/\"},\"sameAs\":[\"https:\/\/www.facebook.com\/p\/Infinita-Goya-100063870918311\/\"]},{\"@type\":\"Person\",\"@id\":\"https:\/\/radioinfinitagoya.com.ar\/v1\/#\/schema\/person\/d4cf9c413d4f6edb24aabdccab49ca4a\",\"name\":\"Jorge Mi\u00f1o\",\"image\":{\"@type\":\"ImageObject\",\"inLanguage\":\"es-AR\",\"@id\":\"https:\/\/secure.gravatar.com\/avatar\/910fcf6728fe95320e07a6643c1581fec1c7fc4bf8ae12e3d8f0d0373dc844be?s=96&d=mm&r=g\",\"url\":\"https:\/\/secure.gravatar.com\/avatar\/910fcf6728fe95320e07a6643c1581fec1c7fc4bf8ae12e3d8f0d0373dc844be?s=96&d=mm&r=g\",\"contentUrl\":\"https:\/\/secure.gravatar.com\/avatar\/910fcf6728fe95320e07a6643c1581fec1c7fc4bf8ae12e3d8f0d0373dc844be?s=96&d=mm&r=g\",\"caption\":\"Jorge Mi\u00f1o\"},\"sameAs\":[\"http:\/\/radioinfinitagoya.com.ar\"]}]}<\/script>\n<!-- \/ Yoast SEO plugin. -->","yoast_head_json":{"title":"La F1 anunci\u00f3 el regreso de un hist\u00f3rico GP para las temporadas 2027 y 2028 - Radio Infinita Goya","description":"La M\u00e1xima comunic\u00f3 que el Aut\u00f3dromo Internacional do Algarve volver\u00e1 al calendario por dos a\u00f1os. Ocupar\u00e1 el lugar que dejar\u00e1 Zandvoort La F\u00f3rmula 1","robots":{"index":"index","follow":"follow","max-snippet":"max-snippet:-1","max-image-preview":"max-image-preview:large","max-video-preview":"max-video-preview:-1"},"canonical":"https:\/\/radioinfinitagoya.com.ar\/v1\/2025\/12\/16\/la-f1-anuncio-el-regreso-de-un-historico-gp-para-las-temporadas-2027-y-2028\/","og_locale":"es_ES","og_type":"article","og_title":"La F1 anunci\u00f3 el regreso de un hist\u00f3rico GP para las temporadas 2027 y 2028 - Radio Infinita Goya","og_description":"La M\u00e1xima comunic\u00f3 que el Aut\u00f3dromo Internacional do Algarve volver\u00e1 al calendario por dos a\u00f1os. Ocupar\u00e1 el lugar que dejar\u00e1 Zandvoort La F\u00f3rmula 1","og_url":"https:\/\/radioinfinitagoya.com.ar\/v1\/2025\/12\/16\/la-f1-anuncio-el-regreso-de-un-historico-gp-para-las-temporadas-2027-y-2028\/","og_site_name":"Radio Infinita Goya","article_publisher":"https:\/\/www.facebook.com\/p\/Infinita-Goya-100063870918311\/","article_published_time":"2025-12-16T19:18:15+00:00","author":"Jorge Mi\u00f1o","twitter_card":"summary_large_image","twitter_misc":{"Escrito por":"Jorge Mi\u00f1o","Tiempo de lectura":"4 minutos"},"schema":{"@context":"https:\/\/schema.org","@graph":[{"@type":"Article","@id":"https:\/\/radioinfinitagoya.com.ar\/v1\/2025\/12\/16\/la-f1-anuncio-el-regreso-de-un-historico-gp-para-las-temporadas-2027-y-2028\/#article","isPartOf":{"@id":"https:\/\/radioinfinitagoya.com.ar\/v1\/2025\/12\/16\/la-f1-anuncio-el-regreso-de-un-historico-gp-para-las-temporadas-2027-y-2028\/"},"author":{"name":"Jorge Mi\u00f1o","@id":"https:\/\/radioinfinitagoya.com.ar\/v1\/#\/schema\/person\/d4cf9c413d4f6edb24aabdccab49ca4a"},"headline":"La F1 anunci\u00f3 el regreso de un hist\u00f3rico GP para las temporadas 2027 y 2028","datePublished":"2025-12-16T19:18:15+00:00","mainEntityOfPage":{"@id":"https:\/\/radioinfinitagoya.com.ar\/v1\/2025\/12\/16\/la-f1-anuncio-el-regreso-de-un-historico-gp-para-las-temporadas-2027-y-2028\/"},"wordCount":798,"commentCount":0,"publisher":{"@id":"https:\/\/radioinfinitagoya.com.ar\/v1\/#organization"},"image":{"@id":"https:\/\/radioinfinitagoya.com.ar\/v1\/2025\/12\/16\/la-f1-anuncio-el-regreso-de-un-historico-gp-para-las-temporadas-2027-y-2028\/#primaryimage"},"thumbnailUrl":"https:\/\/radioinfinitagoya.com.ar\/v1\/wp-content\/uploads\/2025\/12\/JGYXC7DEC5HK3PD2VT3OP5KD2A.avif","articleSection":["DEPORTES"],"inLanguage":"es-AR","potentialAction":[{"@type":"CommentAction","name":"Comment","target":["https:\/\/radioinfinitagoya.com.ar\/v1\/2025\/12\/16\/la-f1-anuncio-el-regreso-de-un-historico-gp-para-las-temporadas-2027-y-2028\/#respond"]}]},{"@type":"WebPage","@id":"https:\/\/radioinfinitagoya.com.ar\/v1\/2025\/12\/16\/la-f1-anuncio-el-regreso-de-un-historico-gp-para-las-temporadas-2027-y-2028\/","url":"https:\/\/radioinfinitagoya.com.ar\/v1\/2025\/12\/16\/la-f1-anuncio-el-regreso-de-un-historico-gp-para-las-temporadas-2027-y-2028\/","name":"La F1 anunci\u00f3 el regreso de un hist\u00f3rico GP para las temporadas 2027 y 2028 - Radio Infinita Goya","isPartOf":{"@id":"https:\/\/radioinfinitagoya.com.ar\/v1\/#website"},"primaryImageOfPage":{"@id":"https:\/\/radioinfinitagoya.com.ar\/v1\/2025\/12\/16\/la-f1-anuncio-el-regreso-de-un-historico-gp-para-las-temporadas-2027-y-2028\/#primaryimage"},"image":{"@id":"https:\/\/radioinfinitagoya.com.ar\/v1\/2025\/12\/16\/la-f1-anuncio-el-regreso-de-un-historico-gp-para-las-temporadas-2027-y-2028\/#primaryimage"},"thumbnailUrl":"https:\/\/radioinfinitagoya.com.ar\/v1\/wp-content\/uploads\/2025\/12\/JGYXC7DEC5HK3PD2VT3OP5KD2A.avif","datePublished":"2025-12-16T19:18:15+00:00","description":"La M\u00e1xima comunic\u00f3 que el Aut\u00f3dromo Internacional do Algarve volver\u00e1 al calendario por dos a\u00f1os. Ocupar\u00e1 el lugar que dejar\u00e1 Zandvoort La F\u00f3rmula 1","breadcrumb":{"@id":"https:\/\/radioinfinitagoya.com.ar\/v1\/2025\/12\/16\/la-f1-anuncio-el-regreso-de-un-historico-gp-para-las-temporadas-2027-y-2028\/#breadcrumb"},"inLanguage":"es-AR","potentialAction":[{"@type":"ReadAction","target":["https:\/\/radioinfinitagoya.com.ar\/v1\/2025\/12\/16\/la-f1-anuncio-el-regreso-de-un-historico-gp-para-las-temporadas-2027-y-2028\/"]}]},{"@type":"ImageObject","inLanguage":"es-AR","@id":"https:\/\/radioinfinitagoya.com.ar\/v1\/2025\/12\/16\/la-f1-anuncio-el-regreso-de-un-historico-gp-para-las-temporadas-2027-y-2028\/#primaryimage","url":"https:\/\/radioinfinitagoya.com.ar\/v1\/wp-content\/uploads\/2025\/12\/JGYXC7DEC5HK3PD2VT3OP5KD2A.avif","contentUrl":"https:\/\/radioinfinitagoya.com.ar\/v1\/wp-content\/uploads\/2025\/12\/JGYXC7DEC5HK3PD2VT3OP5KD2A.avif","width":992,"height":558},{"@type":"BreadcrumbList","@id":"https:\/\/radioinfinitagoya.com.ar\/v1\/2025\/12\/16\/la-f1-anuncio-el-regreso-de-un-historico-gp-para-las-temporadas-2027-y-2028\/#breadcrumb","itemListElement":[{"@type":"ListItem","position":1,"name":"Inicio","item":"https:\/\/radioinfinitagoya.com.ar\/v1\/"},{"@type":"ListItem","position":2,"name":"La F1 anunci\u00f3 el regreso de un hist\u00f3rico GP para las temporadas 2027 y 2028"}]},{"@type":"WebSite","@id":"https:\/\/radioinfinitagoya.com.ar\/v1\/#website","url":"https:\/\/radioinfinitagoya.com.ar\/v1\/","name":"radioinfinitagoya.com.ar","description":"Radio de noticias","publisher":{"@id":"https:\/\/radioinfinitagoya.com.ar\/v1\/#organization"},"potentialAction":[{"@type":"SearchAction","target":{"@type":"EntryPoint","urlTemplate":"https:\/\/radioinfinitagoya.com.ar\/v1\/?s={search_term_string}"},"query-input":{"@type":"PropertyValueSpecification","valueRequired":true,"valueName":"search_term_string"}}],"inLanguage":"es-AR"},{"@type":"Organization","@id":"https:\/\/radioinfinitagoya.com.ar\/v1\/#organization","name":"Radio Infinita Goya","url":"https:\/\/radioinfinitagoya.com.ar\/v1\/","logo":{"@type":"ImageObject","inLanguage":"es-AR","@id":"https:\/\/radioinfinitagoya.com.ar\/v1\/#\/schema\/logo\/image\/","url":"https:\/\/radioinfinitagoya.com.ar\/v1\/wp-content\/uploads\/2019\/11\/logo-pie-web.png","contentUrl":"https:\/\/radioinfinitagoya.com.ar\/v1\/wp-content\/uploads\/2019\/11\/logo-pie-web.png","width":635,"height":326,"caption":"Radio Infinita Goya"},"image":{"@id":"https:\/\/radioinfinitagoya.com.ar\/v1\/#\/schema\/logo\/image\/"},"sameAs":["https:\/\/www.facebook.com\/p\/Infinita-Goya-100063870918311\/"]},{"@type":"Person","@id":"https:\/\/radioinfinitagoya.com.ar\/v1\/#\/schema\/person\/d4cf9c413d4f6edb24aabdccab49ca4a","name":"Jorge Mi\u00f1o","image":{"@type":"ImageObject","inLanguage":"es-AR","@id":"https:\/\/secure.gravatar.com\/avatar\/910fcf6728fe95320e07a6643c1581fec1c7fc4bf8ae12e3d8f0d0373dc844be?s=96&d=mm&r=g","url":"https:\/\/secure.gravatar.com\/avatar\/910fcf6728fe95320e07a6643c1581fec1c7fc4bf8ae12e3d8f0d0373dc844be?s=96&d=mm&r=g","contentUrl":"https:\/\/secure.gravatar.com\/avatar\/910fcf6728fe95320e07a6643c1581fec1c7fc4bf8ae12e3d8f0d0373dc844be?s=96&d=mm&r=g","caption":"Jorge Mi\u00f1o"},"sameAs":["http:\/\/radioinfinitagoya.com.ar"]}]}},"_links":{"self":[{"href":"https:\/\/radioinfinitagoya.com.ar\/v1\/wp-json\/wp\/v2\/posts\/201385","targetHints":{"allow":["GET"]}}],"collection":[{"href":"https:\/\/radioinfinitagoya.com.ar\/v1\/wp-json\/wp\/v2\/posts"}],"about":[{"href":"https:\/\/radioinfinitagoya.com.ar\/v1\/wp-json\/wp\/v2\/types\/post"}],"author":[{"embeddable":true,"href":"https:\/\/radioinfinitagoya.com.ar\/v1\/wp-json\/wp\/v2\/users\/4"}],"replies":[{"embeddable":true,"href":"https:\/\/radioinfinitagoya.com.ar\/v1\/wp-json\/wp\/v2\/comments?post=201385"}],"version-history":[{"count":0,"href":"https:\/\/radioinfinitagoya.com.ar\/v1\/wp-json\/wp\/v2\/posts\/201385\/revisions"}],"wp:featuredmedia":[{"embeddable":true,"href":"https:\/\/radioinfinitagoya.com.ar\/v1\/wp-json\/wp\/v2\/media\/201386"}],"wp:attachment":[{"href":"https:\/\/radioinfinitagoya.com.ar\/v1\/wp-json\/wp\/v2\/media?parent=201385"}],"wp:term":[{"taxonomy":"category","embeddable":true,"href":"https:\/\/radioinfinitagoya.com.ar\/v1\/wp-json\/wp\/v2\/categories?post=201385"},{"taxonomy":"post_tag","embeddable":true,"href":"https:\/\/radioinfinitagoya.com.ar\/v1\/wp-json\/wp\/v2\/tags?post=201385"}],"curies":[{"name":"wp","href":"https:\/\/api.w.org\/{rel}","templated":true}]}}