{"id":201400,"date":"2025-12-16T16:29:25","date_gmt":"2025-12-16T19:29:25","guid":{"rendered":"https:\/\/radioinfinitagoya.com.ar\/v1\/?p=201400"},"modified":"2025-12-16T16:29:25","modified_gmt":"2025-12-16T19:29:25","slug":"pintando-la-navidad-en-familia-4","status":"publish","type":"post","link":"https:\/\/radioinfinitagoya.com.ar\/v1\/2025\/12\/16\/pintando-la-navidad-en-familia-4\/","title":{"rendered":"Pintando la Navidad en Familia"},"content":{"rendered":"<p>Hasta el 18 de diciembre, instituciones, familias y vecinos en general pueden enviar sus dibujos alusivos a la Navidad a la Direcci\u00f3n de Fortalecimiento Familiar, San Mart\u00edn 555.<\/p>\n<p>&#8220;Pintando la Navidad en Familia\u201d es una propuesta que celebra el esp\u00edritu de las fiestas compartiendo arte, creatividad y mensajes llenos de emoci\u00f3n traducidos en tarjetas navide\u00f1as y creaciones art\u00edsticas visuales alusivas a la natividad de Cristo y el esp\u00edritu que este acontecimiento rodea.<\/p>\n<p>Al entregar sus dibujos alusivos a la Navidad, es importante dejar registrado los datos personales.<\/p>\n<p>El jueves 18 de diciembre a las 18 horas se realizar\u00e1 un sorteo por medio de las redes oficiales de la municipalidad.<\/p>\n<p>Los premios consisten en combos navide\u00f1os y pases para el ingreso al Parque Acu\u00e1tico Goya. Adem\u00e1s, gracias al aporte de la Direcci\u00f3n de Promoci\u00f3n Social este a\u00f1o habr\u00e1 obsequio a la menci\u00f3n especial.<\/p>\n<p>\u201cNAVIDAD, HISTORIA DE MILAGROS\u201d<\/p>\n<p>La tarjeta navide\u00f1a titulada \u201cNavidad, historia de milagros\u201d lleva en s\u00ed misma un mensaje centrado en la vida, cuyo autor as\u00ed lo explica:<\/p>\n<p>\u201cNavidad significa nacimiento, dar a luz. Por tanto, es sin\u00f3nimo de vida.<\/p>\n<p>\u201cNavidad, historia de milagros\u201d es un homenaje a la vida. En esta expresi\u00f3n visual conceptual, la vida como idea central est\u00e1 expl\u00edcita desde lo textual, pero tambi\u00e9n desde lo visual a trav\u00e9s de un impacto lum\u00ednico que insin\u00faa el instante en que se origina la vida humana.<\/p>\n<p>El fondo se caracteriza por su circularidad y tonalidades azules que sugieren alg\u00fan lugar del universo. La sensaci\u00f3n visual espiralada nos lleva a descubrir en la zona desde donde emerge m\u00e1s luz, muy sutilmente, un ojo que parece estar dirigido al observador. Es la representaci\u00f3n del ojo que todo lo ve, de Dios, el creador del hombre y el universo.<\/p>\n<p>Mundo y hombre son milagros que rescato visualmente en esta Navidad.<\/p>\n<p>El nacimiento de Jes\u00fas, hijo de Dios hecho hombre, se alude a trav\u00e9s de un di\u00e1logo textual que, en este contexto, imaginariamente, se genera entre Dios y Jos\u00e9, esposo de Mar\u00eda.<\/p>\n<p>El concepto vida surge y vislumbra et\u00e9reo en esta tarjeta navide\u00f1a, y guarda el deseo profundo de que podamos encontrar en \u201cel ni\u00f1o que nace\u201d el sentido de nuestra vida, nuestro lugar en el universo\u201d.<\/p>\n<p>Direcci\u00f3n de Prensa-Municipalidad de Goya<\/p>\n<p>&nbsp;<\/p>\n","protected":false},"excerpt":{"rendered":"<p>Hasta el 18 de diciembre, instituciones, familias y vecinos en general pueden enviar sus dibujos alusivos a la Navidad a la Direcci\u00f3n de Fortalecimiento Familiar, San Mart\u00edn 555. &#8220;Pintando la Navidad en Familia\u201d es una propuesta que celebra el esp\u00edritu de las fiestas compartiendo arte, creatividad y mensajes llenos de emoci\u00f3n traducidos en tarjetas navide\u00f1as [&hellip;]<\/p>\n","protected":false},"author":4,"featured_media":201401,"comment_status":"open","ping_status":"open","sticky":false,"template":"","format":"standard","meta":{"_joinchat":[],"footnotes":""},"categories":[27],"tags":[],"class_list":{"0":"post-201400","1":"post","2":"type-post","3":"status-publish","4":"format-standard","5":"has-post-thumbnail","7":"category-locales"},"yoast_head":"<!-- This site is optimized with the Yoast SEO plugin v27.2 - https:\/\/yoast.com\/product\/yoast-seo-wordpress\/ -->\n<title>Pintando la Navidad en Familia - Radio Infinita Goya<\/title>\n<meta name=\"description\" content=\"Hasta el 18 de diciembre, instituciones, familias y vecinos en general pueden enviar sus dibujos alusivos a la Navidad a la Direcci\u00f3n de Fortalecimiento\" \/>\n<meta name=\"robots\" content=\"index, follow, max-snippet:-1, max-image-preview:large, max-video-preview:-1\" \/>\n<link rel=\"canonical\" href=\"https:\/\/radioinfinitagoya.com.ar\/v1\/2025\/12\/16\/pintando-la-navidad-en-familia-4\/\" \/>\n<meta property=\"og:locale\" content=\"es_ES\" \/>\n<meta property=\"og:type\" content=\"article\" \/>\n<meta property=\"og:title\" content=\"Pintando la Navidad en Familia - Radio Infinita Goya\" \/>\n<meta property=\"og:description\" content=\"Hasta el 18 de diciembre, instituciones, familias y vecinos en general pueden enviar sus dibujos alusivos a la Navidad a la Direcci\u00f3n de Fortalecimiento\" \/>\n<meta property=\"og:url\" content=\"https:\/\/radioinfinitagoya.com.ar\/v1\/2025\/12\/16\/pintando-la-navidad-en-familia-4\/\" \/>\n<meta property=\"og:site_name\" content=\"Radio Infinita Goya\" \/>\n<meta property=\"article:publisher\" content=\"https:\/\/www.facebook.com\/p\/Infinita-Goya-100063870918311\/\" \/>\n<meta property=\"article:published_time\" content=\"2025-12-16T19:29:25+00:00\" \/>\n<meta property=\"og:image\" content=\"https:\/\/radioinfinitagoya.com.ar\/v1\/wp-content\/uploads\/2025\/12\/navidad_historia_de_milagro.jpg\" \/>\n\t<meta property=\"og:image:width\" content=\"848\" \/>\n\t<meta property=\"og:image:height\" content=\"477\" \/>\n\t<meta property=\"og:image:type\" content=\"image\/jpeg\" \/>\n<meta name=\"author\" content=\"Jorge Mi\u00f1o\" \/>\n<meta name=\"twitter:card\" content=\"summary_large_image\" \/>\n<meta name=\"twitter:label1\" content=\"Escrito por\" \/>\n\t<meta name=\"twitter:data1\" content=\"Jorge Mi\u00f1o\" \/>\n\t<meta name=\"twitter:label2\" content=\"Tiempo de lectura\" \/>\n\t<meta name=\"twitter:data2\" content=\"2 minutos\" \/>\n<script type=\"application\/ld+json\" class=\"yoast-schema-graph\">{\"@context\":\"https:\/\/schema.org\",\"@graph\":[{\"@type\":\"Article\",\"@id\":\"https:\/\/radioinfinitagoya.com.ar\/v1\/2025\/12\/16\/pintando-la-navidad-en-familia-4\/#article\",\"isPartOf\":{\"@id\":\"https:\/\/radioinfinitagoya.com.ar\/v1\/2025\/12\/16\/pintando-la-navidad-en-familia-4\/\"},\"author\":{\"name\":\"Jorge Mi\u00f1o\",\"@id\":\"https:\/\/radioinfinitagoya.com.ar\/v1\/#\/schema\/person\/d4cf9c413d4f6edb24aabdccab49ca4a\"},\"headline\":\"Pintando la Navidad en Familia\",\"datePublished\":\"2025-12-16T19:29:25+00:00\",\"mainEntityOfPage\":{\"@id\":\"https:\/\/radioinfinitagoya.com.ar\/v1\/2025\/12\/16\/pintando-la-navidad-en-familia-4\/\"},\"wordCount\":406,\"commentCount\":0,\"publisher\":{\"@id\":\"https:\/\/radioinfinitagoya.com.ar\/v1\/#organization\"},\"image\":{\"@id\":\"https:\/\/radioinfinitagoya.com.ar\/v1\/2025\/12\/16\/pintando-la-navidad-en-familia-4\/#primaryimage\"},\"thumbnailUrl\":\"https:\/\/radioinfinitagoya.com.ar\/v1\/wp-content\/uploads\/2025\/12\/navidad_historia_de_milagro.jpg\",\"articleSection\":[\"LOCALES\"],\"inLanguage\":\"es-AR\",\"potentialAction\":[{\"@type\":\"CommentAction\",\"name\":\"Comment\",\"target\":[\"https:\/\/radioinfinitagoya.com.ar\/v1\/2025\/12\/16\/pintando-la-navidad-en-familia-4\/#respond\"]}]},{\"@type\":\"WebPage\",\"@id\":\"https:\/\/radioinfinitagoya.com.ar\/v1\/2025\/12\/16\/pintando-la-navidad-en-familia-4\/\",\"url\":\"https:\/\/radioinfinitagoya.com.ar\/v1\/2025\/12\/16\/pintando-la-navidad-en-familia-4\/\",\"name\":\"Pintando la Navidad en Familia - Radio Infinita Goya\",\"isPartOf\":{\"@id\":\"https:\/\/radioinfinitagoya.com.ar\/v1\/#website\"},\"primaryImageOfPage\":{\"@id\":\"https:\/\/radioinfinitagoya.com.ar\/v1\/2025\/12\/16\/pintando-la-navidad-en-familia-4\/#primaryimage\"},\"image\":{\"@id\":\"https:\/\/radioinfinitagoya.com.ar\/v1\/2025\/12\/16\/pintando-la-navidad-en-familia-4\/#primaryimage\"},\"thumbnailUrl\":\"https:\/\/radioinfinitagoya.com.ar\/v1\/wp-content\/uploads\/2025\/12\/navidad_historia_de_milagro.jpg\",\"datePublished\":\"2025-12-16T19:29:25+00:00\",\"description\":\"Hasta el 18 de diciembre, instituciones, familias y vecinos en general pueden enviar sus dibujos alusivos a la Navidad a la Direcci\u00f3n de Fortalecimiento\",\"breadcrumb\":{\"@id\":\"https:\/\/radioinfinitagoya.com.ar\/v1\/2025\/12\/16\/pintando-la-navidad-en-familia-4\/#breadcrumb\"},\"inLanguage\":\"es-AR\",\"potentialAction\":[{\"@type\":\"ReadAction\",\"target\":[\"https:\/\/radioinfinitagoya.com.ar\/v1\/2025\/12\/16\/pintando-la-navidad-en-familia-4\/\"]}]},{\"@type\":\"ImageObject\",\"inLanguage\":\"es-AR\",\"@id\":\"https:\/\/radioinfinitagoya.com.ar\/v1\/2025\/12\/16\/pintando-la-navidad-en-familia-4\/#primaryimage\",\"url\":\"https:\/\/radioinfinitagoya.com.ar\/v1\/wp-content\/uploads\/2025\/12\/navidad_historia_de_milagro.jpg\",\"contentUrl\":\"https:\/\/radioinfinitagoya.com.ar\/v1\/wp-content\/uploads\/2025\/12\/navidad_historia_de_milagro.jpg\",\"width\":848,\"height\":477},{\"@type\":\"BreadcrumbList\",\"@id\":\"https:\/\/radioinfinitagoya.com.ar\/v1\/2025\/12\/16\/pintando-la-navidad-en-familia-4\/#breadcrumb\",\"itemListElement\":[{\"@type\":\"ListItem\",\"position\":1,\"name\":\"Inicio\",\"item\":\"https:\/\/radioinfinitagoya.com.ar\/v1\/\"},{\"@type\":\"ListItem\",\"position\":2,\"name\":\"Pintando la Navidad en Familia\"}]},{\"@type\":\"WebSite\",\"@id\":\"https:\/\/radioinfinitagoya.com.ar\/v1\/#website\",\"url\":\"https:\/\/radioinfinitagoya.com.ar\/v1\/\",\"name\":\"radioinfinitagoya.com.ar\",\"description\":\"Radio de noticias\",\"publisher\":{\"@id\":\"https:\/\/radioinfinitagoya.com.ar\/v1\/#organization\"},\"potentialAction\":[{\"@type\":\"SearchAction\",\"target\":{\"@type\":\"EntryPoint\",\"urlTemplate\":\"https:\/\/radioinfinitagoya.com.ar\/v1\/?s={search_term_string}\"},\"query-input\":{\"@type\":\"PropertyValueSpecification\",\"valueRequired\":true,\"valueName\":\"search_term_string\"}}],\"inLanguage\":\"es-AR\"},{\"@type\":\"Organization\",\"@id\":\"https:\/\/radioinfinitagoya.com.ar\/v1\/#organization\",\"name\":\"Radio Infinita Goya\",\"url\":\"https:\/\/radioinfinitagoya.com.ar\/v1\/\",\"logo\":{\"@type\":\"ImageObject\",\"inLanguage\":\"es-AR\",\"@id\":\"https:\/\/radioinfinitagoya.com.ar\/v1\/#\/schema\/logo\/image\/\",\"url\":\"https:\/\/radioinfinitagoya.com.ar\/v1\/wp-content\/uploads\/2019\/11\/logo-pie-web.png\",\"contentUrl\":\"https:\/\/radioinfinitagoya.com.ar\/v1\/wp-content\/uploads\/2019\/11\/logo-pie-web.png\",\"width\":635,\"height\":326,\"caption\":\"Radio Infinita Goya\"},\"image\":{\"@id\":\"https:\/\/radioinfinitagoya.com.ar\/v1\/#\/schema\/logo\/image\/\"},\"sameAs\":[\"https:\/\/www.facebook.com\/p\/Infinita-Goya-100063870918311\/\"]},{\"@type\":\"Person\",\"@id\":\"https:\/\/radioinfinitagoya.com.ar\/v1\/#\/schema\/person\/d4cf9c413d4f6edb24aabdccab49ca4a\",\"name\":\"Jorge Mi\u00f1o\",\"image\":{\"@type\":\"ImageObject\",\"inLanguage\":\"es-AR\",\"@id\":\"https:\/\/secure.gravatar.com\/avatar\/910fcf6728fe95320e07a6643c1581fec1c7fc4bf8ae12e3d8f0d0373dc844be?s=96&d=mm&r=g\",\"url\":\"https:\/\/secure.gravatar.com\/avatar\/910fcf6728fe95320e07a6643c1581fec1c7fc4bf8ae12e3d8f0d0373dc844be?s=96&d=mm&r=g\",\"contentUrl\":\"https:\/\/secure.gravatar.com\/avatar\/910fcf6728fe95320e07a6643c1581fec1c7fc4bf8ae12e3d8f0d0373dc844be?s=96&d=mm&r=g\",\"caption\":\"Jorge Mi\u00f1o\"},\"sameAs\":[\"http:\/\/radioinfinitagoya.com.ar\"]}]}<\/script>\n<!-- \/ Yoast SEO plugin. -->","yoast_head_json":{"title":"Pintando la Navidad en Familia - Radio Infinita Goya","description":"Hasta el 18 de diciembre, instituciones, familias y vecinos en general pueden enviar sus dibujos alusivos a la Navidad a la Direcci\u00f3n de Fortalecimiento","robots":{"index":"index","follow":"follow","max-snippet":"max-snippet:-1","max-image-preview":"max-image-preview:large","max-video-preview":"max-video-preview:-1"},"canonical":"https:\/\/radioinfinitagoya.com.ar\/v1\/2025\/12\/16\/pintando-la-navidad-en-familia-4\/","og_locale":"es_ES","og_type":"article","og_title":"Pintando la Navidad en Familia - Radio Infinita Goya","og_description":"Hasta el 18 de diciembre, instituciones, familias y vecinos en general pueden enviar sus dibujos alusivos a la Navidad a la Direcci\u00f3n de Fortalecimiento","og_url":"https:\/\/radioinfinitagoya.com.ar\/v1\/2025\/12\/16\/pintando-la-navidad-en-familia-4\/","og_site_name":"Radio Infinita Goya","article_publisher":"https:\/\/www.facebook.com\/p\/Infinita-Goya-100063870918311\/","article_published_time":"2025-12-16T19:29:25+00:00","og_image":[{"width":848,"height":477,"url":"https:\/\/radioinfinitagoya.com.ar\/v1\/wp-content\/uploads\/2025\/12\/navidad_historia_de_milagro.jpg","type":"image\/jpeg"}],"author":"Jorge Mi\u00f1o","twitter_card":"summary_large_image","twitter_misc":{"Escrito por":"Jorge Mi\u00f1o","Tiempo de lectura":"2 minutos"},"schema":{"@context":"https:\/\/schema.org","@graph":[{"@type":"Article","@id":"https:\/\/radioinfinitagoya.com.ar\/v1\/2025\/12\/16\/pintando-la-navidad-en-familia-4\/#article","isPartOf":{"@id":"https:\/\/radioinfinitagoya.com.ar\/v1\/2025\/12\/16\/pintando-la-navidad-en-familia-4\/"},"author":{"name":"Jorge Mi\u00f1o","@id":"https:\/\/radioinfinitagoya.com.ar\/v1\/#\/schema\/person\/d4cf9c413d4f6edb24aabdccab49ca4a"},"headline":"Pintando la Navidad en Familia","datePublished":"2025-12-16T19:29:25+00:00","mainEntityOfPage":{"@id":"https:\/\/radioinfinitagoya.com.ar\/v1\/2025\/12\/16\/pintando-la-navidad-en-familia-4\/"},"wordCount":406,"commentCount":0,"publisher":{"@id":"https:\/\/radioinfinitagoya.com.ar\/v1\/#organization"},"image":{"@id":"https:\/\/radioinfinitagoya.com.ar\/v1\/2025\/12\/16\/pintando-la-navidad-en-familia-4\/#primaryimage"},"thumbnailUrl":"https:\/\/radioinfinitagoya.com.ar\/v1\/wp-content\/uploads\/2025\/12\/navidad_historia_de_milagro.jpg","articleSection":["LOCALES"],"inLanguage":"es-AR","potentialAction":[{"@type":"CommentAction","name":"Comment","target":["https:\/\/radioinfinitagoya.com.ar\/v1\/2025\/12\/16\/pintando-la-navidad-en-familia-4\/#respond"]}]},{"@type":"WebPage","@id":"https:\/\/radioinfinitagoya.com.ar\/v1\/2025\/12\/16\/pintando-la-navidad-en-familia-4\/","url":"https:\/\/radioinfinitagoya.com.ar\/v1\/2025\/12\/16\/pintando-la-navidad-en-familia-4\/","name":"Pintando la Navidad en Familia - Radio Infinita Goya","isPartOf":{"@id":"https:\/\/radioinfinitagoya.com.ar\/v1\/#website"},"primaryImageOfPage":{"@id":"https:\/\/radioinfinitagoya.com.ar\/v1\/2025\/12\/16\/pintando-la-navidad-en-familia-4\/#primaryimage"},"image":{"@id":"https:\/\/radioinfinitagoya.com.ar\/v1\/2025\/12\/16\/pintando-la-navidad-en-familia-4\/#primaryimage"},"thumbnailUrl":"https:\/\/radioinfinitagoya.com.ar\/v1\/wp-content\/uploads\/2025\/12\/navidad_historia_de_milagro.jpg","datePublished":"2025-12-16T19:29:25+00:00","description":"Hasta el 18 de diciembre, instituciones, familias y vecinos en general pueden enviar sus dibujos alusivos a la Navidad a la Direcci\u00f3n de Fortalecimiento","breadcrumb":{"@id":"https:\/\/radioinfinitagoya.com.ar\/v1\/2025\/12\/16\/pintando-la-navidad-en-familia-4\/#breadcrumb"},"inLanguage":"es-AR","potentialAction":[{"@type":"ReadAction","target":["https:\/\/radioinfinitagoya.com.ar\/v1\/2025\/12\/16\/pintando-la-navidad-en-familia-4\/"]}]},{"@type":"ImageObject","inLanguage":"es-AR","@id":"https:\/\/radioinfinitagoya.com.ar\/v1\/2025\/12\/16\/pintando-la-navidad-en-familia-4\/#primaryimage","url":"https:\/\/radioinfinitagoya.com.ar\/v1\/wp-content\/uploads\/2025\/12\/navidad_historia_de_milagro.jpg","contentUrl":"https:\/\/radioinfinitagoya.com.ar\/v1\/wp-content\/uploads\/2025\/12\/navidad_historia_de_milagro.jpg","width":848,"height":477},{"@type":"BreadcrumbList","@id":"https:\/\/radioinfinitagoya.com.ar\/v1\/2025\/12\/16\/pintando-la-navidad-en-familia-4\/#breadcrumb","itemListElement":[{"@type":"ListItem","position":1,"name":"Inicio","item":"https:\/\/radioinfinitagoya.com.ar\/v1\/"},{"@type":"ListItem","position":2,"name":"Pintando la Navidad en Familia"}]},{"@type":"WebSite","@id":"https:\/\/radioinfinitagoya.com.ar\/v1\/#website","url":"https:\/\/radioinfinitagoya.com.ar\/v1\/","name":"radioinfinitagoya.com.ar","description":"Radio de noticias","publisher":{"@id":"https:\/\/radioinfinitagoya.com.ar\/v1\/#organization"},"potentialAction":[{"@type":"SearchAction","target":{"@type":"EntryPoint","urlTemplate":"https:\/\/radioinfinitagoya.com.ar\/v1\/?s={search_term_string}"},"query-input":{"@type":"PropertyValueSpecification","valueRequired":true,"valueName":"search_term_string"}}],"inLanguage":"es-AR"},{"@type":"Organization","@id":"https:\/\/radioinfinitagoya.com.ar\/v1\/#organization","name":"Radio Infinita Goya","url":"https:\/\/radioinfinitagoya.com.ar\/v1\/","logo":{"@type":"ImageObject","inLanguage":"es-AR","@id":"https:\/\/radioinfinitagoya.com.ar\/v1\/#\/schema\/logo\/image\/","url":"https:\/\/radioinfinitagoya.com.ar\/v1\/wp-content\/uploads\/2019\/11\/logo-pie-web.png","contentUrl":"https:\/\/radioinfinitagoya.com.ar\/v1\/wp-content\/uploads\/2019\/11\/logo-pie-web.png","width":635,"height":326,"caption":"Radio Infinita Goya"},"image":{"@id":"https:\/\/radioinfinitagoya.com.ar\/v1\/#\/schema\/logo\/image\/"},"sameAs":["https:\/\/www.facebook.com\/p\/Infinita-Goya-100063870918311\/"]},{"@type":"Person","@id":"https:\/\/radioinfinitagoya.com.ar\/v1\/#\/schema\/person\/d4cf9c413d4f6edb24aabdccab49ca4a","name":"Jorge Mi\u00f1o","image":{"@type":"ImageObject","inLanguage":"es-AR","@id":"https:\/\/secure.gravatar.com\/avatar\/910fcf6728fe95320e07a6643c1581fec1c7fc4bf8ae12e3d8f0d0373dc844be?s=96&d=mm&r=g","url":"https:\/\/secure.gravatar.com\/avatar\/910fcf6728fe95320e07a6643c1581fec1c7fc4bf8ae12e3d8f0d0373dc844be?s=96&d=mm&r=g","contentUrl":"https:\/\/secure.gravatar.com\/avatar\/910fcf6728fe95320e07a6643c1581fec1c7fc4bf8ae12e3d8f0d0373dc844be?s=96&d=mm&r=g","caption":"Jorge Mi\u00f1o"},"sameAs":["http:\/\/radioinfinitagoya.com.ar"]}]}},"_links":{"self":[{"href":"https:\/\/radioinfinitagoya.com.ar\/v1\/wp-json\/wp\/v2\/posts\/201400","targetHints":{"allow":["GET"]}}],"collection":[{"href":"https:\/\/radioinfinitagoya.com.ar\/v1\/wp-json\/wp\/v2\/posts"}],"about":[{"href":"https:\/\/radioinfinitagoya.com.ar\/v1\/wp-json\/wp\/v2\/types\/post"}],"author":[{"embeddable":true,"href":"https:\/\/radioinfinitagoya.com.ar\/v1\/wp-json\/wp\/v2\/users\/4"}],"replies":[{"embeddable":true,"href":"https:\/\/radioinfinitagoya.com.ar\/v1\/wp-json\/wp\/v2\/comments?post=201400"}],"version-history":[{"count":0,"href":"https:\/\/radioinfinitagoya.com.ar\/v1\/wp-json\/wp\/v2\/posts\/201400\/revisions"}],"wp:featuredmedia":[{"embeddable":true,"href":"https:\/\/radioinfinitagoya.com.ar\/v1\/wp-json\/wp\/v2\/media\/201401"}],"wp:attachment":[{"href":"https:\/\/radioinfinitagoya.com.ar\/v1\/wp-json\/wp\/v2\/media?parent=201400"}],"wp:term":[{"taxonomy":"category","embeddable":true,"href":"https:\/\/radioinfinitagoya.com.ar\/v1\/wp-json\/wp\/v2\/categories?post=201400"},{"taxonomy":"post_tag","embeddable":true,"href":"https:\/\/radioinfinitagoya.com.ar\/v1\/wp-json\/wp\/v2\/tags?post=201400"}],"curies":[{"name":"wp","href":"https:\/\/api.w.org\/{rel}","templated":true}]}}