{"id":201406,"date":"2025-12-16T16:36:44","date_gmt":"2025-12-16T19:36:44","guid":{"rendered":"https:\/\/radioinfinitagoya.com.ar\/v1\/?p=201406"},"modified":"2025-12-16T16:36:44","modified_gmt":"2025-12-16T19:36:44","slug":"juan-pablo-valdes-reunio-a-su-gabinete-para-delinear-las-prioridades-de-gestion","status":"publish","type":"post","link":"https:\/\/radioinfinitagoya.com.ar\/v1\/2025\/12\/16\/juan-pablo-valdes-reunio-a-su-gabinete-para-delinear-las-prioridades-de-gestion\/","title":{"rendered":"Juan Pablo Vald\u00e9s reuni\u00f3 a su gabinete para delinear las prioridades de gesti\u00f3n"},"content":{"rendered":"<p>El Gobernador y el vice Pedro Braillard Poccard encabezaron el primer encuentro de trabajo en el Centro Administrativo con ministros y funcionarios. Qu\u00e9 dijo el mandatario de las finanzas provinciales.<\/p>\n<p>El gobernador de Corrientes, Juan Pablo Vald\u00e9s, mantuvo este martes la primera reuni\u00f3n de Gabinete de su gesti\u00f3n en el Centro Administrativo del barrio San Benito. Junto al vicegobernador Pedro Braillard Poccard, ministros y secretarios, se establecieron los ejes prioritarios y los pasos a seguir para el inicio del nuevo gobierno provincial.<\/p>\n<p><img loading=\"lazy\" decoding=\"async\" class=\"alignnone size-full wp-image-201408\" src=\"https:\/\/radioinfinitagoya.com.ar\/v1\/wp-content\/uploads\/2025\/12\/297376.jpg_nota.jpg\" alt=\"\" width=\"900\" height=\"750\" srcset=\"https:\/\/radioinfinitagoya.com.ar\/v1\/wp-content\/uploads\/2025\/12\/297376.jpg_nota.jpg 900w, https:\/\/radioinfinitagoya.com.ar\/v1\/wp-content\/uploads\/2025\/12\/297376.jpg_nota-150x125.jpg 150w, https:\/\/radioinfinitagoya.com.ar\/v1\/wp-content\/uploads\/2025\/12\/297376.jpg_nota-768x640.jpg 768w, https:\/\/radioinfinitagoya.com.ar\/v1\/wp-content\/uploads\/2025\/12\/297376.jpg_nota-504x420.jpg 504w, https:\/\/radioinfinitagoya.com.ar\/v1\/wp-content\/uploads\/2025\/12\/297376.jpg_nota-696x580.jpg 696w\" sizes=\"auto, (max-width: 900px) 100vw, 900px\" \/>&#8220;El futuro de Corrientes se construye con di\u00e1logo, planificaci\u00f3n y trabajo en equipo\u201d, manifest\u00f3 el mandatario a trav\u00e9s de sus redes sociales tras el encuentro, subrayando la impronta de previsibilidad que busca imprimir a su administraci\u00f3n.<\/p>\n<p>Estructura de Gobierno y designaciones<br \/>\nDurante la primera semana de gesti\u00f3n, el Ejecutivo provincial avanz\u00f3 en la conformaci\u00f3n de los 14 ministerios, adem\u00e1s de \u00e1reas clave como el Instituto de Cultura, la Direcci\u00f3n General de Catastro y la Direcci\u00f3n Provincial de Energ\u00eda de Corrientes (Dpec).<\/p>\n<p>No obstante, Vald\u00e9s adelant\u00f3 que en los pr\u00f3ximos d\u00edas se completar\u00e1n las designaciones restantes en diversas \u00e1reas para cerrar definitivamente la estructura del Poder Ejecutivo.<\/p>\n<p>Finanzas ordenadas<br \/>\nRespecto al cierre del a\u00f1o, el gobernador fue enf\u00e1tico al afirmar que la provincia termina el 2025 de manera \u201cordenada y equilibrada\u201d. Este escenario financiero permite, seg\u00fan el mandatario, encarar los objetivos de gesti\u00f3n sin comprometer las arcas p\u00fablicas, apostando a un crecimiento sostenido de cara al ciclo 2026.<\/p>\n","protected":false},"excerpt":{"rendered":"<p>El Gobernador y el vice Pedro Braillard Poccard encabezaron el primer encuentro de trabajo en el Centro Administrativo con ministros y funcionarios. Qu\u00e9 dijo el mandatario de las finanzas provinciales. El gobernador de Corrientes, Juan Pablo Vald\u00e9s, mantuvo este martes la primera reuni\u00f3n de Gabinete de su gesti\u00f3n en el Centro Administrativo del barrio San [&hellip;]<\/p>\n","protected":false},"author":4,"featured_media":201407,"comment_status":"open","ping_status":"open","sticky":false,"template":"","format":"standard","meta":{"_joinchat":[],"footnotes":""},"categories":[34],"tags":[],"class_list":{"0":"post-201406","1":"post","2":"type-post","3":"status-publish","4":"format-standard","5":"has-post-thumbnail","7":"category-principal"},"yoast_head":"<!-- This site is optimized with the Yoast SEO plugin v27.2 - https:\/\/yoast.com\/product\/yoast-seo-wordpress\/ -->\n<title>Juan Pablo Vald\u00e9s reuni\u00f3 a su gabinete para delinear las prioridades de gesti\u00f3n - Radio Infinita Goya<\/title>\n<meta name=\"description\" content=\"El Gobernador y el vice Pedro Braillard Poccard encabezaron el primer encuentro de trabajo en el Centro Administrativo con ministros y funcionarios. Qu\u00e9\" \/>\n<meta name=\"robots\" content=\"index, follow, max-snippet:-1, max-image-preview:large, max-video-preview:-1\" \/>\n<link rel=\"canonical\" href=\"https:\/\/radioinfinitagoya.com.ar\/v1\/2025\/12\/16\/juan-pablo-valdes-reunio-a-su-gabinete-para-delinear-las-prioridades-de-gestion\/\" \/>\n<meta property=\"og:locale\" content=\"es_ES\" \/>\n<meta property=\"og:type\" content=\"article\" \/>\n<meta property=\"og:title\" content=\"Juan Pablo Vald\u00e9s reuni\u00f3 a su gabinete para delinear las prioridades de gesti\u00f3n - Radio Infinita Goya\" \/>\n<meta property=\"og:description\" content=\"El Gobernador y el vice Pedro Braillard Poccard encabezaron el primer encuentro de trabajo en el Centro Administrativo con ministros y funcionarios. Qu\u00e9\" \/>\n<meta property=\"og:url\" content=\"https:\/\/radioinfinitagoya.com.ar\/v1\/2025\/12\/16\/juan-pablo-valdes-reunio-a-su-gabinete-para-delinear-las-prioridades-de-gestion\/\" \/>\n<meta property=\"og:site_name\" content=\"Radio Infinita Goya\" \/>\n<meta property=\"article:publisher\" content=\"https:\/\/www.facebook.com\/p\/Infinita-Goya-100063870918311\/\" \/>\n<meta property=\"article:published_time\" content=\"2025-12-16T19:36:44+00:00\" \/>\n<meta property=\"og:image\" content=\"https:\/\/radioinfinitagoya.com.ar\/v1\/wp-content\/uploads\/2025\/12\/298841.jpg_nota.jpg\" \/>\n\t<meta property=\"og:image:width\" content=\"900\" \/>\n\t<meta property=\"og:image:height\" content=\"749\" \/>\n\t<meta property=\"og:image:type\" content=\"image\/jpeg\" \/>\n<meta name=\"author\" content=\"Jorge Mi\u00f1o\" \/>\n<meta name=\"twitter:card\" content=\"summary_large_image\" \/>\n<meta name=\"twitter:label1\" content=\"Escrito por\" \/>\n\t<meta name=\"twitter:data1\" content=\"Jorge Mi\u00f1o\" \/>\n\t<meta name=\"twitter:label2\" content=\"Tiempo de lectura\" \/>\n\t<meta name=\"twitter:data2\" content=\"1 minuto\" \/>\n<script type=\"application\/ld+json\" class=\"yoast-schema-graph\">{\"@context\":\"https:\/\/schema.org\",\"@graph\":[{\"@type\":\"Article\",\"@id\":\"https:\/\/radioinfinitagoya.com.ar\/v1\/2025\/12\/16\/juan-pablo-valdes-reunio-a-su-gabinete-para-delinear-las-prioridades-de-gestion\/#article\",\"isPartOf\":{\"@id\":\"https:\/\/radioinfinitagoya.com.ar\/v1\/2025\/12\/16\/juan-pablo-valdes-reunio-a-su-gabinete-para-delinear-las-prioridades-de-gestion\/\"},\"author\":{\"name\":\"Jorge Mi\u00f1o\",\"@id\":\"https:\/\/radioinfinitagoya.com.ar\/v1\/#\/schema\/person\/d4cf9c413d4f6edb24aabdccab49ca4a\"},\"headline\":\"Juan Pablo Vald\u00e9s reuni\u00f3 a su gabinete para delinear las prioridades de gesti\u00f3n\",\"datePublished\":\"2025-12-16T19:36:44+00:00\",\"mainEntityOfPage\":{\"@id\":\"https:\/\/radioinfinitagoya.com.ar\/v1\/2025\/12\/16\/juan-pablo-valdes-reunio-a-su-gabinete-para-delinear-las-prioridades-de-gestion\/\"},\"wordCount\":273,\"commentCount\":0,\"publisher\":{\"@id\":\"https:\/\/radioinfinitagoya.com.ar\/v1\/#organization\"},\"image\":{\"@id\":\"https:\/\/radioinfinitagoya.com.ar\/v1\/2025\/12\/16\/juan-pablo-valdes-reunio-a-su-gabinete-para-delinear-las-prioridades-de-gestion\/#primaryimage\"},\"thumbnailUrl\":\"https:\/\/radioinfinitagoya.com.ar\/v1\/wp-content\/uploads\/2025\/12\/298841.jpg_nota.jpg\",\"articleSection\":[\"PRINCIPAL\"],\"inLanguage\":\"es-AR\",\"potentialAction\":[{\"@type\":\"CommentAction\",\"name\":\"Comment\",\"target\":[\"https:\/\/radioinfinitagoya.com.ar\/v1\/2025\/12\/16\/juan-pablo-valdes-reunio-a-su-gabinete-para-delinear-las-prioridades-de-gestion\/#respond\"]}]},{\"@type\":\"WebPage\",\"@id\":\"https:\/\/radioinfinitagoya.com.ar\/v1\/2025\/12\/16\/juan-pablo-valdes-reunio-a-su-gabinete-para-delinear-las-prioridades-de-gestion\/\",\"url\":\"https:\/\/radioinfinitagoya.com.ar\/v1\/2025\/12\/16\/juan-pablo-valdes-reunio-a-su-gabinete-para-delinear-las-prioridades-de-gestion\/\",\"name\":\"Juan Pablo Vald\u00e9s reuni\u00f3 a su gabinete para delinear las prioridades de gesti\u00f3n - Radio Infinita Goya\",\"isPartOf\":{\"@id\":\"https:\/\/radioinfinitagoya.com.ar\/v1\/#website\"},\"primaryImageOfPage\":{\"@id\":\"https:\/\/radioinfinitagoya.com.ar\/v1\/2025\/12\/16\/juan-pablo-valdes-reunio-a-su-gabinete-para-delinear-las-prioridades-de-gestion\/#primaryimage\"},\"image\":{\"@id\":\"https:\/\/radioinfinitagoya.com.ar\/v1\/2025\/12\/16\/juan-pablo-valdes-reunio-a-su-gabinete-para-delinear-las-prioridades-de-gestion\/#primaryimage\"},\"thumbnailUrl\":\"https:\/\/radioinfinitagoya.com.ar\/v1\/wp-content\/uploads\/2025\/12\/298841.jpg_nota.jpg\",\"datePublished\":\"2025-12-16T19:36:44+00:00\",\"description\":\"El Gobernador y el vice Pedro Braillard Poccard encabezaron el primer encuentro de trabajo en el Centro Administrativo con ministros y funcionarios. Qu\u00e9\",\"breadcrumb\":{\"@id\":\"https:\/\/radioinfinitagoya.com.ar\/v1\/2025\/12\/16\/juan-pablo-valdes-reunio-a-su-gabinete-para-delinear-las-prioridades-de-gestion\/#breadcrumb\"},\"inLanguage\":\"es-AR\",\"potentialAction\":[{\"@type\":\"ReadAction\",\"target\":[\"https:\/\/radioinfinitagoya.com.ar\/v1\/2025\/12\/16\/juan-pablo-valdes-reunio-a-su-gabinete-para-delinear-las-prioridades-de-gestion\/\"]}]},{\"@type\":\"ImageObject\",\"inLanguage\":\"es-AR\",\"@id\":\"https:\/\/radioinfinitagoya.com.ar\/v1\/2025\/12\/16\/juan-pablo-valdes-reunio-a-su-gabinete-para-delinear-las-prioridades-de-gestion\/#primaryimage\",\"url\":\"https:\/\/radioinfinitagoya.com.ar\/v1\/wp-content\/uploads\/2025\/12\/298841.jpg_nota.jpg\",\"contentUrl\":\"https:\/\/radioinfinitagoya.com.ar\/v1\/wp-content\/uploads\/2025\/12\/298841.jpg_nota.jpg\",\"width\":900,\"height\":749},{\"@type\":\"BreadcrumbList\",\"@id\":\"https:\/\/radioinfinitagoya.com.ar\/v1\/2025\/12\/16\/juan-pablo-valdes-reunio-a-su-gabinete-para-delinear-las-prioridades-de-gestion\/#breadcrumb\",\"itemListElement\":[{\"@type\":\"ListItem\",\"position\":1,\"name\":\"Inicio\",\"item\":\"https:\/\/radioinfinitagoya.com.ar\/v1\/\"},{\"@type\":\"ListItem\",\"position\":2,\"name\":\"Juan Pablo Vald\u00e9s reuni\u00f3 a su gabinete para delinear las prioridades de gesti\u00f3n\"}]},{\"@type\":\"WebSite\",\"@id\":\"https:\/\/radioinfinitagoya.com.ar\/v1\/#website\",\"url\":\"https:\/\/radioinfinitagoya.com.ar\/v1\/\",\"name\":\"radioinfinitagoya.com.ar\",\"description\":\"Radio de noticias\",\"publisher\":{\"@id\":\"https:\/\/radioinfinitagoya.com.ar\/v1\/#organization\"},\"potentialAction\":[{\"@type\":\"SearchAction\",\"target\":{\"@type\":\"EntryPoint\",\"urlTemplate\":\"https:\/\/radioinfinitagoya.com.ar\/v1\/?s={search_term_string}\"},\"query-input\":{\"@type\":\"PropertyValueSpecification\",\"valueRequired\":true,\"valueName\":\"search_term_string\"}}],\"inLanguage\":\"es-AR\"},{\"@type\":\"Organization\",\"@id\":\"https:\/\/radioinfinitagoya.com.ar\/v1\/#organization\",\"name\":\"Radio Infinita Goya\",\"url\":\"https:\/\/radioinfinitagoya.com.ar\/v1\/\",\"logo\":{\"@type\":\"ImageObject\",\"inLanguage\":\"es-AR\",\"@id\":\"https:\/\/radioinfinitagoya.com.ar\/v1\/#\/schema\/logo\/image\/\",\"url\":\"https:\/\/radioinfinitagoya.com.ar\/v1\/wp-content\/uploads\/2019\/11\/logo-pie-web.png\",\"contentUrl\":\"https:\/\/radioinfinitagoya.com.ar\/v1\/wp-content\/uploads\/2019\/11\/logo-pie-web.png\",\"width\":635,\"height\":326,\"caption\":\"Radio Infinita Goya\"},\"image\":{\"@id\":\"https:\/\/radioinfinitagoya.com.ar\/v1\/#\/schema\/logo\/image\/\"},\"sameAs\":[\"https:\/\/www.facebook.com\/p\/Infinita-Goya-100063870918311\/\"]},{\"@type\":\"Person\",\"@id\":\"https:\/\/radioinfinitagoya.com.ar\/v1\/#\/schema\/person\/d4cf9c413d4f6edb24aabdccab49ca4a\",\"name\":\"Jorge Mi\u00f1o\",\"image\":{\"@type\":\"ImageObject\",\"inLanguage\":\"es-AR\",\"@id\":\"https:\/\/secure.gravatar.com\/avatar\/910fcf6728fe95320e07a6643c1581fec1c7fc4bf8ae12e3d8f0d0373dc844be?s=96&d=mm&r=g\",\"url\":\"https:\/\/secure.gravatar.com\/avatar\/910fcf6728fe95320e07a6643c1581fec1c7fc4bf8ae12e3d8f0d0373dc844be?s=96&d=mm&r=g\",\"contentUrl\":\"https:\/\/secure.gravatar.com\/avatar\/910fcf6728fe95320e07a6643c1581fec1c7fc4bf8ae12e3d8f0d0373dc844be?s=96&d=mm&r=g\",\"caption\":\"Jorge Mi\u00f1o\"},\"sameAs\":[\"http:\/\/radioinfinitagoya.com.ar\"]}]}<\/script>\n<!-- \/ Yoast SEO plugin. -->","yoast_head_json":{"title":"Juan Pablo Vald\u00e9s reuni\u00f3 a su gabinete para delinear las prioridades de gesti\u00f3n - Radio Infinita Goya","description":"El Gobernador y el vice Pedro Braillard Poccard encabezaron el primer encuentro de trabajo en el Centro Administrativo con ministros y funcionarios. Qu\u00e9","robots":{"index":"index","follow":"follow","max-snippet":"max-snippet:-1","max-image-preview":"max-image-preview:large","max-video-preview":"max-video-preview:-1"},"canonical":"https:\/\/radioinfinitagoya.com.ar\/v1\/2025\/12\/16\/juan-pablo-valdes-reunio-a-su-gabinete-para-delinear-las-prioridades-de-gestion\/","og_locale":"es_ES","og_type":"article","og_title":"Juan Pablo Vald\u00e9s reuni\u00f3 a su gabinete para delinear las prioridades de gesti\u00f3n - Radio Infinita Goya","og_description":"El Gobernador y el vice Pedro Braillard Poccard encabezaron el primer encuentro de trabajo en el Centro Administrativo con ministros y funcionarios. Qu\u00e9","og_url":"https:\/\/radioinfinitagoya.com.ar\/v1\/2025\/12\/16\/juan-pablo-valdes-reunio-a-su-gabinete-para-delinear-las-prioridades-de-gestion\/","og_site_name":"Radio Infinita Goya","article_publisher":"https:\/\/www.facebook.com\/p\/Infinita-Goya-100063870918311\/","article_published_time":"2025-12-16T19:36:44+00:00","og_image":[{"width":900,"height":749,"url":"https:\/\/radioinfinitagoya.com.ar\/v1\/wp-content\/uploads\/2025\/12\/298841.jpg_nota.jpg","type":"image\/jpeg"}],"author":"Jorge Mi\u00f1o","twitter_card":"summary_large_image","twitter_misc":{"Escrito por":"Jorge Mi\u00f1o","Tiempo de lectura":"1 minuto"},"schema":{"@context":"https:\/\/schema.org","@graph":[{"@type":"Article","@id":"https:\/\/radioinfinitagoya.com.ar\/v1\/2025\/12\/16\/juan-pablo-valdes-reunio-a-su-gabinete-para-delinear-las-prioridades-de-gestion\/#article","isPartOf":{"@id":"https:\/\/radioinfinitagoya.com.ar\/v1\/2025\/12\/16\/juan-pablo-valdes-reunio-a-su-gabinete-para-delinear-las-prioridades-de-gestion\/"},"author":{"name":"Jorge Mi\u00f1o","@id":"https:\/\/radioinfinitagoya.com.ar\/v1\/#\/schema\/person\/d4cf9c413d4f6edb24aabdccab49ca4a"},"headline":"Juan Pablo Vald\u00e9s reuni\u00f3 a su gabinete para delinear las prioridades de gesti\u00f3n","datePublished":"2025-12-16T19:36:44+00:00","mainEntityOfPage":{"@id":"https:\/\/radioinfinitagoya.com.ar\/v1\/2025\/12\/16\/juan-pablo-valdes-reunio-a-su-gabinete-para-delinear-las-prioridades-de-gestion\/"},"wordCount":273,"commentCount":0,"publisher":{"@id":"https:\/\/radioinfinitagoya.com.ar\/v1\/#organization"},"image":{"@id":"https:\/\/radioinfinitagoya.com.ar\/v1\/2025\/12\/16\/juan-pablo-valdes-reunio-a-su-gabinete-para-delinear-las-prioridades-de-gestion\/#primaryimage"},"thumbnailUrl":"https:\/\/radioinfinitagoya.com.ar\/v1\/wp-content\/uploads\/2025\/12\/298841.jpg_nota.jpg","articleSection":["PRINCIPAL"],"inLanguage":"es-AR","potentialAction":[{"@type":"CommentAction","name":"Comment","target":["https:\/\/radioinfinitagoya.com.ar\/v1\/2025\/12\/16\/juan-pablo-valdes-reunio-a-su-gabinete-para-delinear-las-prioridades-de-gestion\/#respond"]}]},{"@type":"WebPage","@id":"https:\/\/radioinfinitagoya.com.ar\/v1\/2025\/12\/16\/juan-pablo-valdes-reunio-a-su-gabinete-para-delinear-las-prioridades-de-gestion\/","url":"https:\/\/radioinfinitagoya.com.ar\/v1\/2025\/12\/16\/juan-pablo-valdes-reunio-a-su-gabinete-para-delinear-las-prioridades-de-gestion\/","name":"Juan Pablo Vald\u00e9s reuni\u00f3 a su gabinete para delinear las prioridades de gesti\u00f3n - Radio Infinita Goya","isPartOf":{"@id":"https:\/\/radioinfinitagoya.com.ar\/v1\/#website"},"primaryImageOfPage":{"@id":"https:\/\/radioinfinitagoya.com.ar\/v1\/2025\/12\/16\/juan-pablo-valdes-reunio-a-su-gabinete-para-delinear-las-prioridades-de-gestion\/#primaryimage"},"image":{"@id":"https:\/\/radioinfinitagoya.com.ar\/v1\/2025\/12\/16\/juan-pablo-valdes-reunio-a-su-gabinete-para-delinear-las-prioridades-de-gestion\/#primaryimage"},"thumbnailUrl":"https:\/\/radioinfinitagoya.com.ar\/v1\/wp-content\/uploads\/2025\/12\/298841.jpg_nota.jpg","datePublished":"2025-12-16T19:36:44+00:00","description":"El Gobernador y el vice Pedro Braillard Poccard encabezaron el primer encuentro de trabajo en el Centro Administrativo con ministros y funcionarios. Qu\u00e9","breadcrumb":{"@id":"https:\/\/radioinfinitagoya.com.ar\/v1\/2025\/12\/16\/juan-pablo-valdes-reunio-a-su-gabinete-para-delinear-las-prioridades-de-gestion\/#breadcrumb"},"inLanguage":"es-AR","potentialAction":[{"@type":"ReadAction","target":["https:\/\/radioinfinitagoya.com.ar\/v1\/2025\/12\/16\/juan-pablo-valdes-reunio-a-su-gabinete-para-delinear-las-prioridades-de-gestion\/"]}]},{"@type":"ImageObject","inLanguage":"es-AR","@id":"https:\/\/radioinfinitagoya.com.ar\/v1\/2025\/12\/16\/juan-pablo-valdes-reunio-a-su-gabinete-para-delinear-las-prioridades-de-gestion\/#primaryimage","url":"https:\/\/radioinfinitagoya.com.ar\/v1\/wp-content\/uploads\/2025\/12\/298841.jpg_nota.jpg","contentUrl":"https:\/\/radioinfinitagoya.com.ar\/v1\/wp-content\/uploads\/2025\/12\/298841.jpg_nota.jpg","width":900,"height":749},{"@type":"BreadcrumbList","@id":"https:\/\/radioinfinitagoya.com.ar\/v1\/2025\/12\/16\/juan-pablo-valdes-reunio-a-su-gabinete-para-delinear-las-prioridades-de-gestion\/#breadcrumb","itemListElement":[{"@type":"ListItem","position":1,"name":"Inicio","item":"https:\/\/radioinfinitagoya.com.ar\/v1\/"},{"@type":"ListItem","position":2,"name":"Juan Pablo Vald\u00e9s reuni\u00f3 a su gabinete para delinear las prioridades de gesti\u00f3n"}]},{"@type":"WebSite","@id":"https:\/\/radioinfinitagoya.com.ar\/v1\/#website","url":"https:\/\/radioinfinitagoya.com.ar\/v1\/","name":"radioinfinitagoya.com.ar","description":"Radio de noticias","publisher":{"@id":"https:\/\/radioinfinitagoya.com.ar\/v1\/#organization"},"potentialAction":[{"@type":"SearchAction","target":{"@type":"EntryPoint","urlTemplate":"https:\/\/radioinfinitagoya.com.ar\/v1\/?s={search_term_string}"},"query-input":{"@type":"PropertyValueSpecification","valueRequired":true,"valueName":"search_term_string"}}],"inLanguage":"es-AR"},{"@type":"Organization","@id":"https:\/\/radioinfinitagoya.com.ar\/v1\/#organization","name":"Radio Infinita Goya","url":"https:\/\/radioinfinitagoya.com.ar\/v1\/","logo":{"@type":"ImageObject","inLanguage":"es-AR","@id":"https:\/\/radioinfinitagoya.com.ar\/v1\/#\/schema\/logo\/image\/","url":"https:\/\/radioinfinitagoya.com.ar\/v1\/wp-content\/uploads\/2019\/11\/logo-pie-web.png","contentUrl":"https:\/\/radioinfinitagoya.com.ar\/v1\/wp-content\/uploads\/2019\/11\/logo-pie-web.png","width":635,"height":326,"caption":"Radio Infinita Goya"},"image":{"@id":"https:\/\/radioinfinitagoya.com.ar\/v1\/#\/schema\/logo\/image\/"},"sameAs":["https:\/\/www.facebook.com\/p\/Infinita-Goya-100063870918311\/"]},{"@type":"Person","@id":"https:\/\/radioinfinitagoya.com.ar\/v1\/#\/schema\/person\/d4cf9c413d4f6edb24aabdccab49ca4a","name":"Jorge Mi\u00f1o","image":{"@type":"ImageObject","inLanguage":"es-AR","@id":"https:\/\/secure.gravatar.com\/avatar\/910fcf6728fe95320e07a6643c1581fec1c7fc4bf8ae12e3d8f0d0373dc844be?s=96&d=mm&r=g","url":"https:\/\/secure.gravatar.com\/avatar\/910fcf6728fe95320e07a6643c1581fec1c7fc4bf8ae12e3d8f0d0373dc844be?s=96&d=mm&r=g","contentUrl":"https:\/\/secure.gravatar.com\/avatar\/910fcf6728fe95320e07a6643c1581fec1c7fc4bf8ae12e3d8f0d0373dc844be?s=96&d=mm&r=g","caption":"Jorge Mi\u00f1o"},"sameAs":["http:\/\/radioinfinitagoya.com.ar"]}]}},"_links":{"self":[{"href":"https:\/\/radioinfinitagoya.com.ar\/v1\/wp-json\/wp\/v2\/posts\/201406","targetHints":{"allow":["GET"]}}],"collection":[{"href":"https:\/\/radioinfinitagoya.com.ar\/v1\/wp-json\/wp\/v2\/posts"}],"about":[{"href":"https:\/\/radioinfinitagoya.com.ar\/v1\/wp-json\/wp\/v2\/types\/post"}],"author":[{"embeddable":true,"href":"https:\/\/radioinfinitagoya.com.ar\/v1\/wp-json\/wp\/v2\/users\/4"}],"replies":[{"embeddable":true,"href":"https:\/\/radioinfinitagoya.com.ar\/v1\/wp-json\/wp\/v2\/comments?post=201406"}],"version-history":[{"count":0,"href":"https:\/\/radioinfinitagoya.com.ar\/v1\/wp-json\/wp\/v2\/posts\/201406\/revisions"}],"wp:featuredmedia":[{"embeddable":true,"href":"https:\/\/radioinfinitagoya.com.ar\/v1\/wp-json\/wp\/v2\/media\/201407"}],"wp:attachment":[{"href":"https:\/\/radioinfinitagoya.com.ar\/v1\/wp-json\/wp\/v2\/media?parent=201406"}],"wp:term":[{"taxonomy":"category","embeddable":true,"href":"https:\/\/radioinfinitagoya.com.ar\/v1\/wp-json\/wp\/v2\/categories?post=201406"},{"taxonomy":"post_tag","embeddable":true,"href":"https:\/\/radioinfinitagoya.com.ar\/v1\/wp-json\/wp\/v2\/tags?post=201406"}],"curies":[{"name":"wp","href":"https:\/\/api.w.org\/{rel}","templated":true}]}}