{"id":201410,"date":"2025-12-16T16:42:22","date_gmt":"2025-12-16T19:42:22","guid":{"rendered":"https:\/\/radioinfinitagoya.com.ar\/v1\/?p=201410"},"modified":"2025-12-16T16:42:22","modified_gmt":"2025-12-16T19:42:22","slug":"el-gobierno-volvio-a-tener-superavit-fiscal-en-noviembre","status":"publish","type":"post","link":"https:\/\/radioinfinitagoya.com.ar\/v1\/2025\/12\/16\/el-gobierno-volvio-a-tener-superavit-fiscal-en-noviembre\/","title":{"rendered":"El Gobierno volvi\u00f3 a tener super\u00e1vit fiscal en noviembre"},"content":{"rendered":"<p>Y acumula un 1,7% del PBI en lo que va del a\u00f1o<\/p>\n<p>Las cuentas p\u00fablicas del sector p\u00fablico nacional volvieron a tener un resultado positivo el mes pasado. Cu\u00e1l es la meta fiscal acordada con el organismo multilateral para todo el 2025<\/p>\n<p>A pesar de la ca\u00edda de la recaudaci\u00f3n por el nivel de actividad y las medidas de alivio para el campo en la previa de las elecciones, el ministro de Econom\u00eda, Luis Caputo, consigui\u00f3 tener super\u00e1vit fiscal y financiero en noviembre y, a un mes de que termine el a\u00f1o, ya cumpli\u00f3 con la meta acordada con el Fondo Monetario Internacional (FMI) que era del 1,6% del Producto Bruto Interno (PBI). De todos modos, resta conocer la cifra de diciembre, un mes que suele ser deficitario.<\/p>\n<p>\u201cEn noviembre de 2025 el Sector P\u00fablico Nacional (SPN) registr\u00f3 un super\u00e1vit primario de $2.128.009 millones y un super\u00e1vit financiero de $599.954 millones\u201d, escribi\u00f3 en la red social X. As\u00ed, en los primeros once meses del a\u00f1o se registr\u00f3 un super\u00e1vit primario de aproximadamente 1,7% del PIB y un super\u00e1vit financiero de aproximadamente 0,6% del PIB.<\/p>\n<p>Un resultado al que se lleg\u00f3 con una reducci\u00f3n del gasto primario en un 14,2% en t\u00e9rminos reales frente a noviembre de 2024. Mientras que a nivel desagregado, las jubilaciones y pensiones contributivas crecieron 5,5% i.a. y la Asignaci\u00f3n Universal para Protecci\u00f3n Social 7,4% i.a.<\/p>\n<p>\u201cAdem\u00e1s de los impuestos que se fueron eliminando o reduciendo en el per\u00edodo, el crecimiento interanual en los recursos estuvo afectado por ingresos extraordinarios que elevaron la base de comparaci\u00f3n\u201d, afirm\u00f3 Caputo entre los que se destacan el corrimiento de vencimientos de anticipos de Ganancias y Bienes Personales de personas humanas correspondientes a 2024, el Impuesto de Regularizaci\u00f3n de Activos y el R\u00e9gimen Especial de Ingreso del Impuesto sobre los Bienes Personales.<\/p>\n<p>En termino de los ingresos, el mes alcanzaron los $11.402.650 millones (+18,7% i.a.). En lo que respecta a los recursos tributarios, los mismos presentaron un crecimiento de +16,3% i.a. explicado principalmente por la variaci\u00f3n de los ingresos correspondientes a los Derechos de Importaci\u00f3n (+41,9% i.a.), los Aportes y Contribuciones a la Seguridad Social (+30,6% i.a.), el IVA neto de reintegros (+26,5% i.a.), los D\u00e9bitos y Cr\u00e9ditos (+22,6% i.a.) y Ganancias (+21,3% i.a.).<\/p>\n<p><img loading=\"lazy\" decoding=\"async\" class=\"alignnone size-full wp-image-201412\" src=\"https:\/\/radioinfinitagoya.com.ar\/v1\/wp-content\/uploads\/2025\/12\/VDLYKRHZTNFHDLCK64KIQ4QV7U-2.avif\" alt=\"\" width=\"992\" height=\"661\" srcset=\"https:\/\/radioinfinitagoya.com.ar\/v1\/wp-content\/uploads\/2025\/12\/VDLYKRHZTNFHDLCK64KIQ4QV7U-2.avif 992w, https:\/\/radioinfinitagoya.com.ar\/v1\/wp-content\/uploads\/2025\/12\/VDLYKRHZTNFHDLCK64KIQ4QV7U-2-150x100.jpg 150w, https:\/\/radioinfinitagoya.com.ar\/v1\/wp-content\/uploads\/2025\/12\/VDLYKRHZTNFHDLCK64KIQ4QV7U-2-768x512.jpg 768w, https:\/\/radioinfinitagoya.com.ar\/v1\/wp-content\/uploads\/2025\/12\/VDLYKRHZTNFHDLCK64KIQ4QV7U-2-630x420.jpg 630w, https:\/\/radioinfinitagoya.com.ar\/v1\/wp-content\/uploads\/2025\/12\/VDLYKRHZTNFHDLCK64KIQ4QV7U-2-696x464.jpg 696w\" sizes=\"auto, (max-width: 992px) 100vw, 992px\" \/>Mientras que los gastos alcanzaron los $9.274.641 millones (+12,7% i.a.), en lo que refiere a las prestaciones sociales, las mismas ascendieron a $6.497.181 millones (+17,5% i.a.) y las remuneraciones alcanzaron los $1.247.830 millones (+10,1% i.a.).<\/p>\n<p>En cuanto al financiero, el equipo econ\u00f3mico, decidi\u00f3 compararlo con lo que suced\u00eda en noviembre de 2023, cuando Sergio Massa era ministro de Econom\u00eda y candidato a presidente. En ese momento se hab\u00eda registrado un d\u00e9ficit de $754.956 millones, equivalente a casi $2.650.000 millones ajustados por inflaci\u00f3n.<\/p>\n<p>\u201cEl ancla fiscal, pilar fundamental del programa econ\u00f3mico, es un compromiso asumido al inicio de la gesti\u00f3n que se mantendr\u00e1 en el tiempo. El orden macroecon\u00f3mico ha permitido proteger a los argentinos de los efectos del colapso en la demanda de dinero generado por la volatilidad pol\u00edtica. Esto se observ\u00f3, por ejemplo, en el crecimiento de 1,4% que registr\u00f3 el Estimador Mensual de Actividad Econ\u00f3mica entre julio y septiembre\u201d, coment\u00f3 el ministro.<\/p>\n<p>El dato fue festeja por integrantes del equipo econ\u00f3mico como el director del Banco de Inversi\u00f3n y Comercio Exterior (BICE), Mart\u00edn Vauthier, quien remarc\u00f3 que el gasto primario se redujo un 14,2% en t\u00e9rminos reales en el ante\u00faltimo mes del a\u00f1o. Lo que habla de que el orden macroecon\u00f3mico es un compromiso absoluto que logro proteger a la poblaci\u00f3n del efecto del colapso de la demanda de dinero en los meses previos a las elecciones. Tambi\u00e9n por su par, Felipe N\u00fa\u00f1ez, quien marc\u00f3 que estamos el Gobierno acumula 22 de 23 meses de super\u00e1vit fiscal.<\/p>\n<p>El desaf\u00edo de diciembre<br \/>\nEn la \u00faltima revisi\u00f3n con el FMI, Caputo se comprometi\u00f3 a acumular un super\u00e1vit fiscal primario del 1,6% del PBI durante el 2025. Pero en el \u00faltimo bimestre del a\u00f1o, el equipo econ\u00f3mico enfrenta mayores gastos. Uno de ellos es el pago de los aguinaldos en diciembre-enero, una variable que en el pasado le ha hecho tener d\u00e9ficit.<\/p>\n<p>El director de la consultora Analytica, Claudio Caprarulo, defini\u00f3 a diciembre como el mes complicado por el pago de los aguinaldos tanto a empleados como jubilados. Que se sumar\u00e1 a la tensi\u00f3n por la quita de retenciones de septiembre, que tuvo un costo fiscal de 0,19% del PBI. Aunque del el gasto habr\u00e1 factores que juegan a favor como la actualizaci\u00f3n de tarifas que reduce el gasto en subsidios<\/p>\n<p>&nbsp;<\/p>\n","protected":false},"excerpt":{"rendered":"<p>Y acumula un 1,7% del PBI en lo que va del a\u00f1o Las cuentas p\u00fablicas del sector p\u00fablico nacional volvieron a tener un resultado positivo el mes pasado. Cu\u00e1l es la meta fiscal acordada con el organismo multilateral para todo el 2025 A pesar de la ca\u00edda de la recaudaci\u00f3n por el nivel de actividad [&hellip;]<\/p>\n","protected":false},"author":4,"featured_media":201411,"comment_status":"open","ping_status":"open","sticky":false,"template":"","format":"standard","meta":{"_joinchat":[],"footnotes":""},"categories":[25],"tags":[],"class_list":{"0":"post-201410","1":"post","2":"type-post","3":"status-publish","4":"format-standard","5":"has-post-thumbnail","7":"category-destacados"},"yoast_head":"<!-- This site is optimized with the Yoast SEO plugin v27.2 - https:\/\/yoast.com\/product\/yoast-seo-wordpress\/ -->\n<title>El Gobierno volvi\u00f3 a tener super\u00e1vit fiscal en noviembre - Radio Infinita Goya<\/title>\n<meta name=\"description\" content=\"Y acumula un 1,7% del PBI en lo que va del a\u00f1o Las cuentas p\u00fablicas del sector p\u00fablico nacional volvieron a tener un resultado positivo el mes pasado.\" \/>\n<meta name=\"robots\" content=\"index, follow, max-snippet:-1, max-image-preview:large, max-video-preview:-1\" \/>\n<link rel=\"canonical\" href=\"https:\/\/radioinfinitagoya.com.ar\/v1\/2025\/12\/16\/el-gobierno-volvio-a-tener-superavit-fiscal-en-noviembre\/\" \/>\n<meta property=\"og:locale\" content=\"es_ES\" \/>\n<meta property=\"og:type\" content=\"article\" \/>\n<meta property=\"og:title\" content=\"El Gobierno volvi\u00f3 a tener super\u00e1vit fiscal en noviembre - Radio Infinita Goya\" \/>\n<meta property=\"og:description\" content=\"Y acumula un 1,7% del PBI en lo que va del a\u00f1o Las cuentas p\u00fablicas del sector p\u00fablico nacional volvieron a tener un resultado positivo el mes pasado.\" \/>\n<meta property=\"og:url\" content=\"https:\/\/radioinfinitagoya.com.ar\/v1\/2025\/12\/16\/el-gobierno-volvio-a-tener-superavit-fiscal-en-noviembre\/\" \/>\n<meta property=\"og:site_name\" content=\"Radio Infinita Goya\" \/>\n<meta property=\"article:publisher\" content=\"https:\/\/www.facebook.com\/p\/Infinita-Goya-100063870918311\/\" \/>\n<meta property=\"article:published_time\" content=\"2025-12-16T19:42:22+00:00\" \/>\n<meta property=\"og:image\" content=\"https:\/\/radioinfinitagoya.com.ar\/v1\/wp-content\/uploads\/2025\/12\/G8S0IvRX0AoqecR.jpg\" \/>\n\t<meta property=\"og:image:width\" content=\"680\" \/>\n\t<meta property=\"og:image:height\" content=\"453\" \/>\n\t<meta property=\"og:image:type\" content=\"image\/jpeg\" \/>\n<meta name=\"author\" content=\"Jorge Mi\u00f1o\" \/>\n<meta name=\"twitter:card\" content=\"summary_large_image\" \/>\n<meta name=\"twitter:label1\" content=\"Escrito por\" \/>\n\t<meta name=\"twitter:data1\" content=\"Jorge Mi\u00f1o\" \/>\n\t<meta name=\"twitter:label2\" content=\"Tiempo de lectura\" \/>\n\t<meta name=\"twitter:data2\" content=\"4 minutos\" \/>\n<script type=\"application\/ld+json\" class=\"yoast-schema-graph\">{\"@context\":\"https:\/\/schema.org\",\"@graph\":[{\"@type\":\"Article\",\"@id\":\"https:\/\/radioinfinitagoya.com.ar\/v1\/2025\/12\/16\/el-gobierno-volvio-a-tener-superavit-fiscal-en-noviembre\/#article\",\"isPartOf\":{\"@id\":\"https:\/\/radioinfinitagoya.com.ar\/v1\/2025\/12\/16\/el-gobierno-volvio-a-tener-superavit-fiscal-en-noviembre\/\"},\"author\":{\"name\":\"Jorge Mi\u00f1o\",\"@id\":\"https:\/\/radioinfinitagoya.com.ar\/v1\/#\/schema\/person\/d4cf9c413d4f6edb24aabdccab49ca4a\"},\"headline\":\"El Gobierno volvi\u00f3 a tener super\u00e1vit fiscal en noviembre\",\"datePublished\":\"2025-12-16T19:42:22+00:00\",\"mainEntityOfPage\":{\"@id\":\"https:\/\/radioinfinitagoya.com.ar\/v1\/2025\/12\/16\/el-gobierno-volvio-a-tener-superavit-fiscal-en-noviembre\/\"},\"wordCount\":797,\"commentCount\":0,\"publisher\":{\"@id\":\"https:\/\/radioinfinitagoya.com.ar\/v1\/#organization\"},\"image\":{\"@id\":\"https:\/\/radioinfinitagoya.com.ar\/v1\/2025\/12\/16\/el-gobierno-volvio-a-tener-superavit-fiscal-en-noviembre\/#primaryimage\"},\"thumbnailUrl\":\"https:\/\/radioinfinitagoya.com.ar\/v1\/wp-content\/uploads\/2025\/12\/G8S0IvRX0AoqecR.jpg\",\"articleSection\":[\"DESTACADOS\"],\"inLanguage\":\"es-AR\",\"potentialAction\":[{\"@type\":\"CommentAction\",\"name\":\"Comment\",\"target\":[\"https:\/\/radioinfinitagoya.com.ar\/v1\/2025\/12\/16\/el-gobierno-volvio-a-tener-superavit-fiscal-en-noviembre\/#respond\"]}]},{\"@type\":\"WebPage\",\"@id\":\"https:\/\/radioinfinitagoya.com.ar\/v1\/2025\/12\/16\/el-gobierno-volvio-a-tener-superavit-fiscal-en-noviembre\/\",\"url\":\"https:\/\/radioinfinitagoya.com.ar\/v1\/2025\/12\/16\/el-gobierno-volvio-a-tener-superavit-fiscal-en-noviembre\/\",\"name\":\"El Gobierno volvi\u00f3 a tener super\u00e1vit fiscal en noviembre - Radio Infinita Goya\",\"isPartOf\":{\"@id\":\"https:\/\/radioinfinitagoya.com.ar\/v1\/#website\"},\"primaryImageOfPage\":{\"@id\":\"https:\/\/radioinfinitagoya.com.ar\/v1\/2025\/12\/16\/el-gobierno-volvio-a-tener-superavit-fiscal-en-noviembre\/#primaryimage\"},\"image\":{\"@id\":\"https:\/\/radioinfinitagoya.com.ar\/v1\/2025\/12\/16\/el-gobierno-volvio-a-tener-superavit-fiscal-en-noviembre\/#primaryimage\"},\"thumbnailUrl\":\"https:\/\/radioinfinitagoya.com.ar\/v1\/wp-content\/uploads\/2025\/12\/G8S0IvRX0AoqecR.jpg\",\"datePublished\":\"2025-12-16T19:42:22+00:00\",\"description\":\"Y acumula un 1,7% del PBI en lo que va del a\u00f1o Las cuentas p\u00fablicas del sector p\u00fablico nacional volvieron a tener un resultado positivo el mes pasado.\",\"breadcrumb\":{\"@id\":\"https:\/\/radioinfinitagoya.com.ar\/v1\/2025\/12\/16\/el-gobierno-volvio-a-tener-superavit-fiscal-en-noviembre\/#breadcrumb\"},\"inLanguage\":\"es-AR\",\"potentialAction\":[{\"@type\":\"ReadAction\",\"target\":[\"https:\/\/radioinfinitagoya.com.ar\/v1\/2025\/12\/16\/el-gobierno-volvio-a-tener-superavit-fiscal-en-noviembre\/\"]}]},{\"@type\":\"ImageObject\",\"inLanguage\":\"es-AR\",\"@id\":\"https:\/\/radioinfinitagoya.com.ar\/v1\/2025\/12\/16\/el-gobierno-volvio-a-tener-superavit-fiscal-en-noviembre\/#primaryimage\",\"url\":\"https:\/\/radioinfinitagoya.com.ar\/v1\/wp-content\/uploads\/2025\/12\/G8S0IvRX0AoqecR.jpg\",\"contentUrl\":\"https:\/\/radioinfinitagoya.com.ar\/v1\/wp-content\/uploads\/2025\/12\/G8S0IvRX0AoqecR.jpg\",\"width\":680,\"height\":453},{\"@type\":\"BreadcrumbList\",\"@id\":\"https:\/\/radioinfinitagoya.com.ar\/v1\/2025\/12\/16\/el-gobierno-volvio-a-tener-superavit-fiscal-en-noviembre\/#breadcrumb\",\"itemListElement\":[{\"@type\":\"ListItem\",\"position\":1,\"name\":\"Inicio\",\"item\":\"https:\/\/radioinfinitagoya.com.ar\/v1\/\"},{\"@type\":\"ListItem\",\"position\":2,\"name\":\"El Gobierno volvi\u00f3 a tener super\u00e1vit fiscal en noviembre\"}]},{\"@type\":\"WebSite\",\"@id\":\"https:\/\/radioinfinitagoya.com.ar\/v1\/#website\",\"url\":\"https:\/\/radioinfinitagoya.com.ar\/v1\/\",\"name\":\"radioinfinitagoya.com.ar\",\"description\":\"Radio de noticias\",\"publisher\":{\"@id\":\"https:\/\/radioinfinitagoya.com.ar\/v1\/#organization\"},\"potentialAction\":[{\"@type\":\"SearchAction\",\"target\":{\"@type\":\"EntryPoint\",\"urlTemplate\":\"https:\/\/radioinfinitagoya.com.ar\/v1\/?s={search_term_string}\"},\"query-input\":{\"@type\":\"PropertyValueSpecification\",\"valueRequired\":true,\"valueName\":\"search_term_string\"}}],\"inLanguage\":\"es-AR\"},{\"@type\":\"Organization\",\"@id\":\"https:\/\/radioinfinitagoya.com.ar\/v1\/#organization\",\"name\":\"Radio Infinita Goya\",\"url\":\"https:\/\/radioinfinitagoya.com.ar\/v1\/\",\"logo\":{\"@type\":\"ImageObject\",\"inLanguage\":\"es-AR\",\"@id\":\"https:\/\/radioinfinitagoya.com.ar\/v1\/#\/schema\/logo\/image\/\",\"url\":\"https:\/\/radioinfinitagoya.com.ar\/v1\/wp-content\/uploads\/2019\/11\/logo-pie-web.png\",\"contentUrl\":\"https:\/\/radioinfinitagoya.com.ar\/v1\/wp-content\/uploads\/2019\/11\/logo-pie-web.png\",\"width\":635,\"height\":326,\"caption\":\"Radio Infinita Goya\"},\"image\":{\"@id\":\"https:\/\/radioinfinitagoya.com.ar\/v1\/#\/schema\/logo\/image\/\"},\"sameAs\":[\"https:\/\/www.facebook.com\/p\/Infinita-Goya-100063870918311\/\"]},{\"@type\":\"Person\",\"@id\":\"https:\/\/radioinfinitagoya.com.ar\/v1\/#\/schema\/person\/d4cf9c413d4f6edb24aabdccab49ca4a\",\"name\":\"Jorge Mi\u00f1o\",\"image\":{\"@type\":\"ImageObject\",\"inLanguage\":\"es-AR\",\"@id\":\"https:\/\/secure.gravatar.com\/avatar\/910fcf6728fe95320e07a6643c1581fec1c7fc4bf8ae12e3d8f0d0373dc844be?s=96&d=mm&r=g\",\"url\":\"https:\/\/secure.gravatar.com\/avatar\/910fcf6728fe95320e07a6643c1581fec1c7fc4bf8ae12e3d8f0d0373dc844be?s=96&d=mm&r=g\",\"contentUrl\":\"https:\/\/secure.gravatar.com\/avatar\/910fcf6728fe95320e07a6643c1581fec1c7fc4bf8ae12e3d8f0d0373dc844be?s=96&d=mm&r=g\",\"caption\":\"Jorge Mi\u00f1o\"},\"sameAs\":[\"http:\/\/radioinfinitagoya.com.ar\"]}]}<\/script>\n<!-- \/ Yoast SEO plugin. -->","yoast_head_json":{"title":"El Gobierno volvi\u00f3 a tener super\u00e1vit fiscal en noviembre - Radio Infinita Goya","description":"Y acumula un 1,7% del PBI en lo que va del a\u00f1o Las cuentas p\u00fablicas del sector p\u00fablico nacional volvieron a tener un resultado positivo el mes pasado.","robots":{"index":"index","follow":"follow","max-snippet":"max-snippet:-1","max-image-preview":"max-image-preview:large","max-video-preview":"max-video-preview:-1"},"canonical":"https:\/\/radioinfinitagoya.com.ar\/v1\/2025\/12\/16\/el-gobierno-volvio-a-tener-superavit-fiscal-en-noviembre\/","og_locale":"es_ES","og_type":"article","og_title":"El Gobierno volvi\u00f3 a tener super\u00e1vit fiscal en noviembre - Radio Infinita Goya","og_description":"Y acumula un 1,7% del PBI en lo que va del a\u00f1o Las cuentas p\u00fablicas del sector p\u00fablico nacional volvieron a tener un resultado positivo el mes pasado.","og_url":"https:\/\/radioinfinitagoya.com.ar\/v1\/2025\/12\/16\/el-gobierno-volvio-a-tener-superavit-fiscal-en-noviembre\/","og_site_name":"Radio Infinita Goya","article_publisher":"https:\/\/www.facebook.com\/p\/Infinita-Goya-100063870918311\/","article_published_time":"2025-12-16T19:42:22+00:00","og_image":[{"width":680,"height":453,"url":"https:\/\/radioinfinitagoya.com.ar\/v1\/wp-content\/uploads\/2025\/12\/G8S0IvRX0AoqecR.jpg","type":"image\/jpeg"}],"author":"Jorge Mi\u00f1o","twitter_card":"summary_large_image","twitter_misc":{"Escrito por":"Jorge Mi\u00f1o","Tiempo de lectura":"4 minutos"},"schema":{"@context":"https:\/\/schema.org","@graph":[{"@type":"Article","@id":"https:\/\/radioinfinitagoya.com.ar\/v1\/2025\/12\/16\/el-gobierno-volvio-a-tener-superavit-fiscal-en-noviembre\/#article","isPartOf":{"@id":"https:\/\/radioinfinitagoya.com.ar\/v1\/2025\/12\/16\/el-gobierno-volvio-a-tener-superavit-fiscal-en-noviembre\/"},"author":{"name":"Jorge Mi\u00f1o","@id":"https:\/\/radioinfinitagoya.com.ar\/v1\/#\/schema\/person\/d4cf9c413d4f6edb24aabdccab49ca4a"},"headline":"El Gobierno volvi\u00f3 a tener super\u00e1vit fiscal en noviembre","datePublished":"2025-12-16T19:42:22+00:00","mainEntityOfPage":{"@id":"https:\/\/radioinfinitagoya.com.ar\/v1\/2025\/12\/16\/el-gobierno-volvio-a-tener-superavit-fiscal-en-noviembre\/"},"wordCount":797,"commentCount":0,"publisher":{"@id":"https:\/\/radioinfinitagoya.com.ar\/v1\/#organization"},"image":{"@id":"https:\/\/radioinfinitagoya.com.ar\/v1\/2025\/12\/16\/el-gobierno-volvio-a-tener-superavit-fiscal-en-noviembre\/#primaryimage"},"thumbnailUrl":"https:\/\/radioinfinitagoya.com.ar\/v1\/wp-content\/uploads\/2025\/12\/G8S0IvRX0AoqecR.jpg","articleSection":["DESTACADOS"],"inLanguage":"es-AR","potentialAction":[{"@type":"CommentAction","name":"Comment","target":["https:\/\/radioinfinitagoya.com.ar\/v1\/2025\/12\/16\/el-gobierno-volvio-a-tener-superavit-fiscal-en-noviembre\/#respond"]}]},{"@type":"WebPage","@id":"https:\/\/radioinfinitagoya.com.ar\/v1\/2025\/12\/16\/el-gobierno-volvio-a-tener-superavit-fiscal-en-noviembre\/","url":"https:\/\/radioinfinitagoya.com.ar\/v1\/2025\/12\/16\/el-gobierno-volvio-a-tener-superavit-fiscal-en-noviembre\/","name":"El Gobierno volvi\u00f3 a tener super\u00e1vit fiscal en noviembre - Radio Infinita Goya","isPartOf":{"@id":"https:\/\/radioinfinitagoya.com.ar\/v1\/#website"},"primaryImageOfPage":{"@id":"https:\/\/radioinfinitagoya.com.ar\/v1\/2025\/12\/16\/el-gobierno-volvio-a-tener-superavit-fiscal-en-noviembre\/#primaryimage"},"image":{"@id":"https:\/\/radioinfinitagoya.com.ar\/v1\/2025\/12\/16\/el-gobierno-volvio-a-tener-superavit-fiscal-en-noviembre\/#primaryimage"},"thumbnailUrl":"https:\/\/radioinfinitagoya.com.ar\/v1\/wp-content\/uploads\/2025\/12\/G8S0IvRX0AoqecR.jpg","datePublished":"2025-12-16T19:42:22+00:00","description":"Y acumula un 1,7% del PBI en lo que va del a\u00f1o Las cuentas p\u00fablicas del sector p\u00fablico nacional volvieron a tener un resultado positivo el mes pasado.","breadcrumb":{"@id":"https:\/\/radioinfinitagoya.com.ar\/v1\/2025\/12\/16\/el-gobierno-volvio-a-tener-superavit-fiscal-en-noviembre\/#breadcrumb"},"inLanguage":"es-AR","potentialAction":[{"@type":"ReadAction","target":["https:\/\/radioinfinitagoya.com.ar\/v1\/2025\/12\/16\/el-gobierno-volvio-a-tener-superavit-fiscal-en-noviembre\/"]}]},{"@type":"ImageObject","inLanguage":"es-AR","@id":"https:\/\/radioinfinitagoya.com.ar\/v1\/2025\/12\/16\/el-gobierno-volvio-a-tener-superavit-fiscal-en-noviembre\/#primaryimage","url":"https:\/\/radioinfinitagoya.com.ar\/v1\/wp-content\/uploads\/2025\/12\/G8S0IvRX0AoqecR.jpg","contentUrl":"https:\/\/radioinfinitagoya.com.ar\/v1\/wp-content\/uploads\/2025\/12\/G8S0IvRX0AoqecR.jpg","width":680,"height":453},{"@type":"BreadcrumbList","@id":"https:\/\/radioinfinitagoya.com.ar\/v1\/2025\/12\/16\/el-gobierno-volvio-a-tener-superavit-fiscal-en-noviembre\/#breadcrumb","itemListElement":[{"@type":"ListItem","position":1,"name":"Inicio","item":"https:\/\/radioinfinitagoya.com.ar\/v1\/"},{"@type":"ListItem","position":2,"name":"El Gobierno volvi\u00f3 a tener super\u00e1vit fiscal en noviembre"}]},{"@type":"WebSite","@id":"https:\/\/radioinfinitagoya.com.ar\/v1\/#website","url":"https:\/\/radioinfinitagoya.com.ar\/v1\/","name":"radioinfinitagoya.com.ar","description":"Radio de noticias","publisher":{"@id":"https:\/\/radioinfinitagoya.com.ar\/v1\/#organization"},"potentialAction":[{"@type":"SearchAction","target":{"@type":"EntryPoint","urlTemplate":"https:\/\/radioinfinitagoya.com.ar\/v1\/?s={search_term_string}"},"query-input":{"@type":"PropertyValueSpecification","valueRequired":true,"valueName":"search_term_string"}}],"inLanguage":"es-AR"},{"@type":"Organization","@id":"https:\/\/radioinfinitagoya.com.ar\/v1\/#organization","name":"Radio Infinita Goya","url":"https:\/\/radioinfinitagoya.com.ar\/v1\/","logo":{"@type":"ImageObject","inLanguage":"es-AR","@id":"https:\/\/radioinfinitagoya.com.ar\/v1\/#\/schema\/logo\/image\/","url":"https:\/\/radioinfinitagoya.com.ar\/v1\/wp-content\/uploads\/2019\/11\/logo-pie-web.png","contentUrl":"https:\/\/radioinfinitagoya.com.ar\/v1\/wp-content\/uploads\/2019\/11\/logo-pie-web.png","width":635,"height":326,"caption":"Radio Infinita Goya"},"image":{"@id":"https:\/\/radioinfinitagoya.com.ar\/v1\/#\/schema\/logo\/image\/"},"sameAs":["https:\/\/www.facebook.com\/p\/Infinita-Goya-100063870918311\/"]},{"@type":"Person","@id":"https:\/\/radioinfinitagoya.com.ar\/v1\/#\/schema\/person\/d4cf9c413d4f6edb24aabdccab49ca4a","name":"Jorge Mi\u00f1o","image":{"@type":"ImageObject","inLanguage":"es-AR","@id":"https:\/\/secure.gravatar.com\/avatar\/910fcf6728fe95320e07a6643c1581fec1c7fc4bf8ae12e3d8f0d0373dc844be?s=96&d=mm&r=g","url":"https:\/\/secure.gravatar.com\/avatar\/910fcf6728fe95320e07a6643c1581fec1c7fc4bf8ae12e3d8f0d0373dc844be?s=96&d=mm&r=g","contentUrl":"https:\/\/secure.gravatar.com\/avatar\/910fcf6728fe95320e07a6643c1581fec1c7fc4bf8ae12e3d8f0d0373dc844be?s=96&d=mm&r=g","caption":"Jorge Mi\u00f1o"},"sameAs":["http:\/\/radioinfinitagoya.com.ar"]}]}},"_links":{"self":[{"href":"https:\/\/radioinfinitagoya.com.ar\/v1\/wp-json\/wp\/v2\/posts\/201410","targetHints":{"allow":["GET"]}}],"collection":[{"href":"https:\/\/radioinfinitagoya.com.ar\/v1\/wp-json\/wp\/v2\/posts"}],"about":[{"href":"https:\/\/radioinfinitagoya.com.ar\/v1\/wp-json\/wp\/v2\/types\/post"}],"author":[{"embeddable":true,"href":"https:\/\/radioinfinitagoya.com.ar\/v1\/wp-json\/wp\/v2\/users\/4"}],"replies":[{"embeddable":true,"href":"https:\/\/radioinfinitagoya.com.ar\/v1\/wp-json\/wp\/v2\/comments?post=201410"}],"version-history":[{"count":0,"href":"https:\/\/radioinfinitagoya.com.ar\/v1\/wp-json\/wp\/v2\/posts\/201410\/revisions"}],"wp:featuredmedia":[{"embeddable":true,"href":"https:\/\/radioinfinitagoya.com.ar\/v1\/wp-json\/wp\/v2\/media\/201411"}],"wp:attachment":[{"href":"https:\/\/radioinfinitagoya.com.ar\/v1\/wp-json\/wp\/v2\/media?parent=201410"}],"wp:term":[{"taxonomy":"category","embeddable":true,"href":"https:\/\/radioinfinitagoya.com.ar\/v1\/wp-json\/wp\/v2\/categories?post=201410"},{"taxonomy":"post_tag","embeddable":true,"href":"https:\/\/radioinfinitagoya.com.ar\/v1\/wp-json\/wp\/v2\/tags?post=201410"}],"curies":[{"name":"wp","href":"https:\/\/api.w.org\/{rel}","templated":true}]}}