{"id":201453,"date":"2025-12-17T16:18:50","date_gmt":"2025-12-17T19:18:50","guid":{"rendered":"https:\/\/radioinfinitagoya.com.ar\/v1\/?p=201453"},"modified":"2025-12-17T16:18:50","modified_gmt":"2025-12-17T19:18:50","slug":"veron-hablo-tras-el-titulo-de-estudiantes-y-la-polemica-con-rosario-central","status":"publish","type":"post","link":"https:\/\/radioinfinitagoya.com.ar\/v1\/2025\/12\/17\/veron-hablo-tras-el-titulo-de-estudiantes-y-la-polemica-con-rosario-central\/","title":{"rendered":"Ver\u00f3n habl\u00f3 tras el t\u00edtulo de Estudiantes y la pol\u00e9mica con Rosario Central"},"content":{"rendered":"<p>\u201cNo da lo mismo ganar una estrella a que te la den\u201d<\/p>\n<p>El presidente del Pincha, que est\u00e1 suspendido por seis meses, habl\u00f3 tras la controversia que se gener\u00f3: \u201cMe parece b\u00e1rbaro un reconocimiento, pero no es un t\u00edtulo\u201d<\/p>\n<p>El t\u00edtulo de campe\u00f3n del Torneo Clausura que consigui\u00f3 Estudiantes de La Plata el fin de semana ante Racing tuvo un sabor especial para Juan Sebasti\u00e1n Ver\u00f3n. El presidente est\u00e1 suspendido por seis meses tras el \u201cpasillo de espaldas\u201d de los jugadores a Rosario Central y sigui\u00f3 el partido definitorio en Santiago del Estero desde la tribuna en medio de los hinchas.<\/p>\n<p>En ese contexto, y tras haber recibido el trofeo en la popular del Estadio \u00danico Madres de Ciudades en un gesto de los jugadores, la Brujita dio una entrevista a F90 de ESPN para tocar los diversos temas.<\/p>\n<p>El mandatario suspendido asegur\u00f3 que se les \u201ccomunic\u00f3\u201d a los jugadores de Central el gesto de repudio que iban a realizar en el duelo de octavos de final y afirm\u00f3: \u201cNo se puede dar un t\u00edtulo, no se puede modificar algo que est\u00e1 escrito. No se puede dar un t\u00edtulo porque se te ocurre. No s\u00e9 realmente qui\u00e9n fue y tampoco me voy a poner a echar culpas. En esto de no da lo mismo, no da lo mismo ganar una estrella a que te la den porque se le ocurre a alguien. \u00bfC\u00f3mo vamos a ser parte nosotros de eso? Esa fue mi respuesta cuando me contaron lo que pas\u00f3\u201c.<\/p>\n<p>\u201cEscuch\u00e9 en el programa de ustedes del reconocimiento, c\u00f3mo no se le va a hacer un reconocimiento a Di Mar\u00eda o al que sea. Me parece b\u00e1rbaro. Un reconocimiento. Pero no es un t\u00edtulo. Eso tiene otro significado. No da lo mismo entonces, no tiene que dar lo mismo. Sino as\u00ed como as\u00ed empezamos a trastocar las cosas y lo llevamos para el lado que a mi me conviene. Si alguien quiere darle un t\u00edtulo, que tome la decisi\u00f3n y se haga responsable. Porque si no es f\u00e1cil hacer parte a otros de algo que vos queres hacer\u201d, plante\u00f3.<\/p>\n<p>En el contexto de la entrevista, Ver\u00f3n tuvo un contrapunto con Oscar Ruggeri. El Cabez\u00f3n, panelista del programa, le record\u00f3 a la Bruja que no estuvo de acuerdo con el gesto del repudio del Pincha contra Central porque era una \u201cfalta de respeto\u201d entre los futbolistas.<\/p>\n<p>Te puede interesar:<br \/>\nEvangelina Anderson impact\u00f3 con una microbikini blanca: el intercambio con Ian Lucas entre rumores de romance<br \/>\n\u201cNo coincido, si hablamos de faltar el respeto, se le falta el respeto al torneo y a lo que significa el f\u00fatbol, recibiendo un torneo que no lo es. Ya empieza desde m\u00e1s arriba, hay que pensar antes las cosas. Est\u00e1s exponiendo a tus jugadores recibiendo algo que no te corresponde y no estaba porque se le ocurre a alguien. Ah\u00ed ya hay una falta de respeto hacia todos los que estamos luchando para ganar una estrella. Despu\u00e9s, los jugadores le advirtieron lo que iba a pasar. Lo que se hizo no iba \u2018en contra de\u2019. Ah\u00ed hay otra cosa, hay una amenaza y queriendo obligar a hacer algo. Nunca fue por obligaci\u00f3n o reglamentaci\u00f3n hacer el pasillo a alguien. Detr\u00e1s del pasillo hay un significado tambi\u00e9n de respeto, de honorabilidad, de representaci\u00f3n, pero sobre algo que est\u00e1 falseado en definitiva. No me parece. Si queremos hacer homenajes y reconocimientos, de hecho, es lo que se vot\u00f3 ese d\u00eda: un reconocimiento. Pero cuando destaparon la copa hab\u00eda una estrella. Estamos locos, \u00bfde d\u00f3nde sali\u00f3 eso?\u201c, insisti\u00f3.<\/p>\n<p>Ruggeri le remarc\u00f3 que deber\u00edan estar \u201ctodos los capitanes\u201d peleando, pero Ver\u00f3n le respondi\u00f3 que eso \u201cnunca pas\u00f3\u201d. \u201cNo pas\u00f3 cuando sancionaron a los chicos y pas\u00f3 todo esto. Imaginate que hasta Agremiados sac\u00f3 un comunicado en contra de sus jugadores. Cuando necesitan, te llaman y te juntan. Ac\u00e1 no lo hicieron. No puedo tomar las decisiones por los dem\u00e1s (capitanes). El reclamo va a otro lado. En realidad, el plantel es perjudicado y amenazado porque hubo una amenaza de por medio y nadie se solidariz\u00f3 con los muchachos. Me parece muy sesgado a veces el an\u00e1lisis en estas cosas\u201d, dijo el mandatario suspendido<\/p>\n<p>\u201cTe repito: no fue en contra de Central esto y si lo tomaron as\u00ed les pedimos disculpas. El mensaje era otra cosa, no contra Central. Por m\u00e1s que yo crea y piense que no estuvo bien. Hasta el torneo, yo creo que el torneo no est\u00e1 bien. Vamos a jugar una final contra Platense que est\u00e1 hace un mes parado, sin jugar y cambi\u00f3 a casi todo el equipo. Se le fue el cuerpo t\u00e9cnico\u201d, agreg\u00f3.<\/p>\n<p>Ver\u00f3n reconoci\u00f3 que no tuvo di\u00e1logo con \u00c1ngel Di Mar\u00eda tras la controversia que se desat\u00f3 por el t\u00edtulo que obtuvo Central: \u201cNo habl\u00e9 con \u00e9l. No tengo que hablar con \u00e9l. Me tengo que preocupar de otras cosas, m\u00e1s all\u00e1 de atender a los m\u00edos. Pero con \u00c1ngel est\u00e1 todo bien\u201d.<\/p>\n<p>En cuanto a su presencia en las reuniones de Comit\u00e9 Ejecutivo de la Liga Profesional, asegur\u00f3 que hace \u201cm\u00e1s de cinco a\u00f1os\u201d que no participa de esos c\u00f3nclaves. \u201c\u00bfQu\u00e9 mejoras hubo en ese tiempo? Estamos hablando que en un a\u00f1o de torneo hay pr\u00e1cticamente nueve copas, nadie sabe c\u00f3mo son los cruces, qu\u00e9 jugas&#8230; Hay m\u00e1s equipos. Los torneos realmente est\u00e1n mal organizados, pero porque penalizan, no porque te ayudan. Hay equipos que hace un mes y medio o dos que est\u00e1n parados. Nosotros vamos a empezar una pretemporada diez d\u00edas despu\u00e9s de jugar una final. \u00bfPara qu\u00e9 voy a participar de algo que no se habla? Si no se mejora. No hay mejoras econ\u00f3micas, no sabemos lo que paga un sponsor&#8221;, argument\u00f3 sobre sus ausencias.<\/p>\n<p>Ver\u00f3n dijo que quiere \u201ccreer\u201d que hay aliados a su idea sobre lo que sucede en el f\u00fatbol argentino: \u201cCuando ves que los clubes no pueden pagarle a sus jugadores, que tienen problemas y dem\u00e1s. Estamos en 2025 con las herramientas financieras que hay alrededor del f\u00fatbol. Cuando ves en otros lados la cantidad de plata que mueve la industria. No somos ajenos a eso: \u00bfPor qu\u00e9 no podemos ser parte de eso? Imagino que otros posiblemente est\u00e9n contentos con esto. Yo no y no es en contra de nadie. Puedo hablar de esto porque no le debo nada a nadie ni tengo nada que esconder. Quiero que el f\u00fatbol mejore, pero tiene que haber espacio para hacerlo y no lo hay. Cuando Russo de Lan\u00fas dice: \u2018Ver\u00f3n no viene&#8230;\u2019. Decime qu\u00e9 mejor\u00f3 en el f\u00fatbol. No mejor\u00f3 nada, empeor\u00f3\u201c.<\/p>\n<p><img loading=\"lazy\" decoding=\"async\" class=\"alignnone size-full wp-image-201455\" src=\"https:\/\/radioinfinitagoya.com.ar\/v1\/wp-content\/uploads\/2025\/12\/Hu_251217_Deporte_Futbol_News_F90_Veron_Estudiantes_Rosario_Central_Pasillo.jpg\" alt=\"\" width=\"576\" height=\"324\" srcset=\"https:\/\/radioinfinitagoya.com.ar\/v1\/wp-content\/uploads\/2025\/12\/Hu_251217_Deporte_Futbol_News_F90_Veron_Estudiantes_Rosario_Central_Pasillo.jpg 576w, https:\/\/radioinfinitagoya.com.ar\/v1\/wp-content\/uploads\/2025\/12\/Hu_251217_Deporte_Futbol_News_F90_Veron_Estudiantes_Rosario_Central_Pasillo-150x84.jpg 150w\" sizes=\"auto, (max-width: 576px) 100vw, 576px\" \/><\/p>\n<p>Ruggeri le dijo que tiene \u201cpoder y \u201dse puede defender&#8221;, pero ah\u00ed Ver\u00f3n lo cort\u00f3 y asegur\u00f3: \u201cNo es que tengo poder, yo puedo andar tranquilo por la calle. No tengo nada que esconder, no le debo nada a nadie. Me pueden putear con tranquilidad, pero puedo andar tranquilo porque tengo la conciencia tranquila. Nosotros sufrimos una amenaza, tendremos que estar muy atentos para el a\u00f1o que viene. La amenaza fue p\u00fablica\u201d.<\/p>\n<p>Sobre la sanci\u00f3n que pesa sobre \u00e9l y los jugadores, subray\u00f3 que est\u00e1 \u201cbien\u201d y remarc\u00f3 que \u201ctuvo un efecto importante puertas adentro tambi\u00e9n\u201d. \u201cCreo que a veces te aferr\u00e1s a cosas para crear un est\u00edmulo y esto, lejos de achicarse y de tirarnos abajo, lo que hizo fue darnos un motivo. El club se uni\u00f3 y se encolumn\u00f3 detr\u00e1s de un objetivo. Y sobre todo detr\u00e1s del plantel que dio el mensaje por todos. Termin\u00f3 siendo un motivo realmente importante para poder llegar a este t\u00edtulo\u201d.<\/p>\n<p>En relaci\u00f3n a los otros ex jugadores que hoy presiden sus clubes, matiz\u00f3: \u201cCon Diego Milito tengo m\u00e1s relaci\u00f3n que con Rom\u00e1n (Riquelme), pero no porque est\u00e9 distanciado. Con Diego hablo bastante, no habl\u00e9 de este hecho puntual, pero s\u00ed habl\u00e9 despu\u00e9s. Mucho antes de que fuera dirigente, me preguntaba y hablamos de los clubes, de la gesti\u00f3n, que \u00e9l ten\u00eda ganas. Coincidimos mucho, nada m\u00e1s que eso\u201d.<\/p>\n<p>La m\u00e1xima autoridad del club de La Plata asegur\u00f3 que su torneo ideal deber\u00eda \u201ctener todo lo que no tiene este campeonato\u201d y enumer\u00f3: \u201cMenos equipos, campeonatos m\u00e1s l\u00f3gicos, mejora en la parte arbitral, mejor infraestructura, mejores estadios, que la gente se pueda movilizar e ir a ver con tranquilidad a su equipo, reglas m\u00e1s claras, menos t\u00edtulos\u201d.<\/p>\n<p>\u201c\u00bfPor qu\u00e9 pensamos que teniendo m\u00e1s equipos vamos a tener mejores jugadores? \u00bfQui\u00e9n pens\u00f3 eso? Esto sin querer marcar a equipos que est\u00e1n. Hay algo l\u00f3gico que habla de la competitividad y tener mejor infraestructura, de poder administrar mejor los recursos. Hay un mont\u00f3n de cosas. En definitiva, hay que adaptarse a esto que tenemos. No porque sea en contra de alguien, sino porque realmente es necesario poder tener campeonatos l\u00f3gicos, un calendario l\u00f3gico\u201c, reflexion\u00f3.<\/p>\n<p>OTRAS FRASES DE JUAN SEBASTI\u00c1N VER\u00d3N<\/p>\n<p>\u2022 La fallida relaci\u00f3n con Foster Gillett: \u201cLo veo como una experiencia, a nosotros nos sirvi\u00f3 para saber y ver c\u00f3mo puede cuadrar dentro del f\u00fatbol argentino porque ac\u00e1 no hay reglas ni normas. C\u00f3mo puede aterrizar un inversor. No lo pudimos hacer. Fue fallida en nuestro pensamiento a d\u00f3nde la quer\u00edamos llevar. Por ah\u00ed algo bastante grande en nuestro pensamiento. Termin\u00f3 siendo un acuerdo m\u00ednimo a lo que nosotros quer\u00edamos. Para el club termin\u00f3 siendo bueno lo que cerramos y acordamos, llegamos hasta d\u00f3nde pod\u00edamos en lo legal\u201d.<\/p>\n<p>\u2022 La opini\u00f3n sobre las inversiones externas en los clubes y las SAD: \u201cEs otra de las cosas a trabajar en el f\u00fatbol argentino: que haya algo, una herramienta legal, que se pueda ver. Para poder traer inversi\u00f3n, los clubes necesitan inversi\u00f3n y esto no tiene que ver con Sociedades An\u00f3nimas, porque el sistema puede ser propio tambi\u00e9n. Tiene que estar enmarcado en un cuadro legal porque el que viene a invertir quiere tener un retorno y tiene que ser claro porque si no vas viendo alrededor c\u00f3mo se mueven algunos y dec\u00eds c\u00f3mo hacen. Que sea para todos parejos, no para unos pocos, porque ah\u00ed s\u00ed me da que pensar mal. Hay que hacer auditor\u00edas, la plata sale de ac\u00e1, viene de all\u00e1, qui\u00e9n la trae. Antes de pensar en Foster, hay que pensar en lo otro tambi\u00e9n, porque est\u00e1 y es m\u00e1s oscuro eso de lo que hicimos nosotros, porque lo hicimos a la vista de todos\u201d.<\/p>\n<p>\u2022 El futuro de Cristian Medina: \u201cLleg\u00f3 con el pase libre, m\u00e1s all\u00e1 de su acuerdo que no s\u00e9 c\u00f3mo fue (con Foster). Hoy estamos hablando con la representaci\u00f3n porque tiene ofertas y posiblemente se vaya\u201d.<\/p>\n<p><img loading=\"lazy\" decoding=\"async\" class=\"alignnone size-full wp-image-201456\" src=\"https:\/\/radioinfinitagoya.com.ar\/v1\/wp-content\/uploads\/2025\/12\/Hu_251217_Deportes_News_Futbol_Estudiantes_Medina_Veron_Argentina.jpg\" alt=\"\" width=\"576\" height=\"324\" srcset=\"https:\/\/radioinfinitagoya.com.ar\/v1\/wp-content\/uploads\/2025\/12\/Hu_251217_Deportes_News_Futbol_Estudiantes_Medina_Veron_Argentina.jpg 576w, https:\/\/radioinfinitagoya.com.ar\/v1\/wp-content\/uploads\/2025\/12\/Hu_251217_Deportes_News_Futbol_Estudiantes_Medina_Veron_Argentina-150x84.jpg 150w\" sizes=\"auto, (max-width: 576px) 100vw, 576px\" \/><\/p>\n<p>\u2022 \u00bfQuiere ser presidente de AFA?: \u201cYo no tengo ambiciones ni pretensiones. Mis negocios van por otro lado, no est\u00e1n en el f\u00fatbol argentino. No hago negocios con el f\u00fatbol, con mi club, hago negocios en otro lado. S\u00ed, obvio, me fue bien. Quiero un f\u00fatbol mejor, l\u00f3gico, normal, que no tenga que estar mirando la cuenta del banco todo el tiempo porque estoy corriendo atr\u00e1s de las cuentas\u201c.<\/p>\n<p>\u2022 El torneo argentino en relaci\u00f3n a las otras ligas: \u201cEl f\u00fatbol argentino tendr\u00eda que estar entre los mejores 5 campeonatos del mundo, si tenemos los mejores jugadores. Eligen Brasil, pero \u00bfen Brasil se vive mejor que en Argentina? Lo dudo. No me saca nadie de la cabeza que te digan en Argentina no se puede, te cansa de escuchar. Creo que se puede trabajar por algo mucho mejor. Que en el medio hay negocios, s\u00ed hay negocios, es f\u00fatbol, el amateurismo termin\u00f3 hace un mont\u00f3n. Pero que sea para todos iguales. Hace tres a\u00f1os que no jugamos contra todos los equipos&#8221;.<\/p>\n<p>\u2022 La competitividad del f\u00fatbol argentino: \u201cCuando volv\u00ed en el 2006, eran Apertura y Clausura. Jugabas contra todos los equipos y eran campeonatos buenos. Y sali\u00f3 campe\u00f3n Lan\u00fas, Banfield, Argentinos Juniors, Estudiantes&#8230; No entran tantos equipos en el calendario. No me entra en la cabeza que aceptemos algo as\u00ed. Hagamos un Apertura y Clausura como se hace hoy,pero con 19 o 20 equipos\u201d.<\/p>\n<p>\u2022 El futuro de Santiago Ascacibar: \u201cAl Ruso lo queremos retener pero nos da el cuero hasta un punto y no podemos hacer locuras. No nos da, tampoco. Hay una cuesti\u00f3n econ\u00f3mica que va a llegar un punto en que no vamos a poder competir. Ah\u00ed va a decidir \u00e9l y lo vamos a acompa\u00f1ar porque hizo un esfuerzo al volver. No somos de cortarle la carrera a alguien o decir el Ruso no se va a volver. Vamos a hacer el m\u00e1ximo esfuerzo y si no se puede, lo vamos a acompa\u00f1ar\u201d.<\/p>\n<p>\u2022 El gesto del trofeo en la tribuna tras el t\u00edtulo del Clausura: \u201cSent\u00ed el respeto, porque los tuve de compa\u00f1eros tambi\u00e9n. Al Ruso (Ascacibar) lo conozco porque lo acompa\u00f1\u00e9 en su formaci\u00f3n, a Guido (Carrillo) menos, a Jos\u00e9 (Sosa) s\u00ed de compa\u00f1eros. No era algo que necesitaba, pero me gust\u00f3 que me hayan hecho parte&#8221;.<\/p>\n<p>\u2022 La continuidad de Eduardo Dom\u00ednguez: \u201cNo tuvimos continuidad en el tiempo, tuvo lapsos muy buenos como la serie con el Flamengo, como puede ser esta parte del mano a mano. Nos cost\u00f3 tener continuidad. Hicimos una muy buena primera parte que nos deposita en esta instancia. Lo que rescato es que entendieron el mensaje. El equipo encontr\u00f3 solidez, fue un equipo serio. Nos sentaremos a hablar (con Dom\u00ednguez). Tuvimos una avanzada con Eduardo, \u00e9l quiere enfocarse en esta semana con los jugadores y despu\u00e9s del s\u00e1bado nos sentaremos a ver c\u00f3mo se puede continuar porque hay desaf\u00edos importantes. Eso requiere una carga de horas y planificaci\u00f3n importantes. El club quiere que siga. Nos vamos a sentar a hablar con \u00e9l\u201d.<\/p>\n<p>&nbsp;<\/p>\n<p>&nbsp;<\/p>\n","protected":false},"excerpt":{"rendered":"<p>\u201cNo da lo mismo ganar una estrella a que te la den\u201d El presidente del Pincha, que est\u00e1 suspendido por seis meses, habl\u00f3 tras la controversia que se gener\u00f3: \u201cMe parece b\u00e1rbaro un reconocimiento, pero no es un t\u00edtulo\u201d El t\u00edtulo de campe\u00f3n del Torneo Clausura que consigui\u00f3 Estudiantes de La Plata el fin de [&hellip;]<\/p>\n","protected":false},"author":4,"featured_media":201454,"comment_status":"open","ping_status":"open","sticky":false,"template":"","format":"standard","meta":{"_joinchat":[],"footnotes":""},"categories":[28],"tags":[],"class_list":{"0":"post-201453","1":"post","2":"type-post","3":"status-publish","4":"format-standard","5":"has-post-thumbnail","7":"category-deportes"},"yoast_head":"<!-- This site is optimized with the Yoast SEO plugin v27.2 - https:\/\/yoast.com\/product\/yoast-seo-wordpress\/ -->\n<title>Ver\u00f3n habl\u00f3 tras el t\u00edtulo de Estudiantes y la pol\u00e9mica con Rosario Central - Radio Infinita Goya<\/title>\n<meta name=\"description\" content=\"\u201cNo da lo mismo ganar una estrella a que te la den\u201d El presidente del Pincha, que est\u00e1 suspendido por seis meses, habl\u00f3 tras la controversia que se\" \/>\n<meta name=\"robots\" content=\"index, follow, max-snippet:-1, max-image-preview:large, max-video-preview:-1\" \/>\n<link rel=\"canonical\" href=\"https:\/\/radioinfinitagoya.com.ar\/v1\/2025\/12\/17\/veron-hablo-tras-el-titulo-de-estudiantes-y-la-polemica-con-rosario-central\/\" \/>\n<meta property=\"og:locale\" content=\"es_ES\" \/>\n<meta property=\"og:type\" content=\"article\" \/>\n<meta property=\"og:title\" content=\"Ver\u00f3n habl\u00f3 tras el t\u00edtulo de Estudiantes y la pol\u00e9mica con Rosario Central - Radio Infinita Goya\" \/>\n<meta property=\"og:description\" content=\"\u201cNo da lo mismo ganar una estrella a que te la den\u201d El presidente del Pincha, que est\u00e1 suspendido por seis meses, habl\u00f3 tras la controversia que se\" \/>\n<meta property=\"og:url\" content=\"https:\/\/radioinfinitagoya.com.ar\/v1\/2025\/12\/17\/veron-hablo-tras-el-titulo-de-estudiantes-y-la-polemica-con-rosario-central\/\" \/>\n<meta property=\"og:site_name\" content=\"Radio Infinita Goya\" \/>\n<meta property=\"article:publisher\" content=\"https:\/\/www.facebook.com\/p\/Infinita-Goya-100063870918311\/\" \/>\n<meta property=\"article:published_time\" content=\"2025-12-17T19:18:50+00:00\" \/>\n<meta name=\"author\" content=\"Jorge Mi\u00f1o\" \/>\n<meta name=\"twitter:card\" content=\"summary_large_image\" \/>\n<meta name=\"twitter:label1\" content=\"Escrito por\" \/>\n\t<meta name=\"twitter:data1\" content=\"Jorge Mi\u00f1o\" \/>\n\t<meta name=\"twitter:label2\" content=\"Tiempo de lectura\" \/>\n\t<meta name=\"twitter:data2\" content=\"12 minutos\" \/>\n<script type=\"application\/ld+json\" class=\"yoast-schema-graph\">{\"@context\":\"https:\/\/schema.org\",\"@graph\":[{\"@type\":\"Article\",\"@id\":\"https:\/\/radioinfinitagoya.com.ar\/v1\/2025\/12\/17\/veron-hablo-tras-el-titulo-de-estudiantes-y-la-polemica-con-rosario-central\/#article\",\"isPartOf\":{\"@id\":\"https:\/\/radioinfinitagoya.com.ar\/v1\/2025\/12\/17\/veron-hablo-tras-el-titulo-de-estudiantes-y-la-polemica-con-rosario-central\/\"},\"author\":{\"name\":\"Jorge Mi\u00f1o\",\"@id\":\"https:\/\/radioinfinitagoya.com.ar\/v1\/#\/schema\/person\/d4cf9c413d4f6edb24aabdccab49ca4a\"},\"headline\":\"Ver\u00f3n habl\u00f3 tras el t\u00edtulo de Estudiantes y la pol\u00e9mica con Rosario Central\",\"datePublished\":\"2025-12-17T19:18:50+00:00\",\"mainEntityOfPage\":{\"@id\":\"https:\/\/radioinfinitagoya.com.ar\/v1\/2025\/12\/17\/veron-hablo-tras-el-titulo-de-estudiantes-y-la-polemica-con-rosario-central\/\"},\"wordCount\":2402,\"commentCount\":0,\"publisher\":{\"@id\":\"https:\/\/radioinfinitagoya.com.ar\/v1\/#organization\"},\"image\":{\"@id\":\"https:\/\/radioinfinitagoya.com.ar\/v1\/2025\/12\/17\/veron-hablo-tras-el-titulo-de-estudiantes-y-la-polemica-con-rosario-central\/#primaryimage\"},\"thumbnailUrl\":\"https:\/\/radioinfinitagoya.com.ar\/v1\/wp-content\/uploads\/2025\/12\/XI7FEI33N5FPHJA665WJNPRDVA.avif\",\"articleSection\":[\"DEPORTES\"],\"inLanguage\":\"es-AR\",\"potentialAction\":[{\"@type\":\"CommentAction\",\"name\":\"Comment\",\"target\":[\"https:\/\/radioinfinitagoya.com.ar\/v1\/2025\/12\/17\/veron-hablo-tras-el-titulo-de-estudiantes-y-la-polemica-con-rosario-central\/#respond\"]}]},{\"@type\":\"WebPage\",\"@id\":\"https:\/\/radioinfinitagoya.com.ar\/v1\/2025\/12\/17\/veron-hablo-tras-el-titulo-de-estudiantes-y-la-polemica-con-rosario-central\/\",\"url\":\"https:\/\/radioinfinitagoya.com.ar\/v1\/2025\/12\/17\/veron-hablo-tras-el-titulo-de-estudiantes-y-la-polemica-con-rosario-central\/\",\"name\":\"Ver\u00f3n habl\u00f3 tras el t\u00edtulo de Estudiantes y la pol\u00e9mica con Rosario Central - Radio Infinita Goya\",\"isPartOf\":{\"@id\":\"https:\/\/radioinfinitagoya.com.ar\/v1\/#website\"},\"primaryImageOfPage\":{\"@id\":\"https:\/\/radioinfinitagoya.com.ar\/v1\/2025\/12\/17\/veron-hablo-tras-el-titulo-de-estudiantes-y-la-polemica-con-rosario-central\/#primaryimage\"},\"image\":{\"@id\":\"https:\/\/radioinfinitagoya.com.ar\/v1\/2025\/12\/17\/veron-hablo-tras-el-titulo-de-estudiantes-y-la-polemica-con-rosario-central\/#primaryimage\"},\"thumbnailUrl\":\"https:\/\/radioinfinitagoya.com.ar\/v1\/wp-content\/uploads\/2025\/12\/XI7FEI33N5FPHJA665WJNPRDVA.avif\",\"datePublished\":\"2025-12-17T19:18:50+00:00\",\"description\":\"\u201cNo da lo mismo ganar una estrella a que te la den\u201d El presidente del Pincha, que est\u00e1 suspendido por seis meses, habl\u00f3 tras la controversia que se\",\"breadcrumb\":{\"@id\":\"https:\/\/radioinfinitagoya.com.ar\/v1\/2025\/12\/17\/veron-hablo-tras-el-titulo-de-estudiantes-y-la-polemica-con-rosario-central\/#breadcrumb\"},\"inLanguage\":\"es-AR\",\"potentialAction\":[{\"@type\":\"ReadAction\",\"target\":[\"https:\/\/radioinfinitagoya.com.ar\/v1\/2025\/12\/17\/veron-hablo-tras-el-titulo-de-estudiantes-y-la-polemica-con-rosario-central\/\"]}]},{\"@type\":\"ImageObject\",\"inLanguage\":\"es-AR\",\"@id\":\"https:\/\/radioinfinitagoya.com.ar\/v1\/2025\/12\/17\/veron-hablo-tras-el-titulo-de-estudiantes-y-la-polemica-con-rosario-central\/#primaryimage\",\"url\":\"https:\/\/radioinfinitagoya.com.ar\/v1\/wp-content\/uploads\/2025\/12\/XI7FEI33N5FPHJA665WJNPRDVA.avif\",\"contentUrl\":\"https:\/\/radioinfinitagoya.com.ar\/v1\/wp-content\/uploads\/2025\/12\/XI7FEI33N5FPHJA665WJNPRDVA.avif\",\"width\":992,\"height\":662},{\"@type\":\"BreadcrumbList\",\"@id\":\"https:\/\/radioinfinitagoya.com.ar\/v1\/2025\/12\/17\/veron-hablo-tras-el-titulo-de-estudiantes-y-la-polemica-con-rosario-central\/#breadcrumb\",\"itemListElement\":[{\"@type\":\"ListItem\",\"position\":1,\"name\":\"Inicio\",\"item\":\"https:\/\/radioinfinitagoya.com.ar\/v1\/\"},{\"@type\":\"ListItem\",\"position\":2,\"name\":\"Ver\u00f3n habl\u00f3 tras el t\u00edtulo de Estudiantes y la pol\u00e9mica con Rosario Central\"}]},{\"@type\":\"WebSite\",\"@id\":\"https:\/\/radioinfinitagoya.com.ar\/v1\/#website\",\"url\":\"https:\/\/radioinfinitagoya.com.ar\/v1\/\",\"name\":\"radioinfinitagoya.com.ar\",\"description\":\"Radio de noticias\",\"publisher\":{\"@id\":\"https:\/\/radioinfinitagoya.com.ar\/v1\/#organization\"},\"potentialAction\":[{\"@type\":\"SearchAction\",\"target\":{\"@type\":\"EntryPoint\",\"urlTemplate\":\"https:\/\/radioinfinitagoya.com.ar\/v1\/?s={search_term_string}\"},\"query-input\":{\"@type\":\"PropertyValueSpecification\",\"valueRequired\":true,\"valueName\":\"search_term_string\"}}],\"inLanguage\":\"es-AR\"},{\"@type\":\"Organization\",\"@id\":\"https:\/\/radioinfinitagoya.com.ar\/v1\/#organization\",\"name\":\"Radio Infinita Goya\",\"url\":\"https:\/\/radioinfinitagoya.com.ar\/v1\/\",\"logo\":{\"@type\":\"ImageObject\",\"inLanguage\":\"es-AR\",\"@id\":\"https:\/\/radioinfinitagoya.com.ar\/v1\/#\/schema\/logo\/image\/\",\"url\":\"https:\/\/radioinfinitagoya.com.ar\/v1\/wp-content\/uploads\/2019\/11\/logo-pie-web.png\",\"contentUrl\":\"https:\/\/radioinfinitagoya.com.ar\/v1\/wp-content\/uploads\/2019\/11\/logo-pie-web.png\",\"width\":635,\"height\":326,\"caption\":\"Radio Infinita Goya\"},\"image\":{\"@id\":\"https:\/\/radioinfinitagoya.com.ar\/v1\/#\/schema\/logo\/image\/\"},\"sameAs\":[\"https:\/\/www.facebook.com\/p\/Infinita-Goya-100063870918311\/\"]},{\"@type\":\"Person\",\"@id\":\"https:\/\/radioinfinitagoya.com.ar\/v1\/#\/schema\/person\/d4cf9c413d4f6edb24aabdccab49ca4a\",\"name\":\"Jorge Mi\u00f1o\",\"image\":{\"@type\":\"ImageObject\",\"inLanguage\":\"es-AR\",\"@id\":\"https:\/\/secure.gravatar.com\/avatar\/910fcf6728fe95320e07a6643c1581fec1c7fc4bf8ae12e3d8f0d0373dc844be?s=96&d=mm&r=g\",\"url\":\"https:\/\/secure.gravatar.com\/avatar\/910fcf6728fe95320e07a6643c1581fec1c7fc4bf8ae12e3d8f0d0373dc844be?s=96&d=mm&r=g\",\"contentUrl\":\"https:\/\/secure.gravatar.com\/avatar\/910fcf6728fe95320e07a6643c1581fec1c7fc4bf8ae12e3d8f0d0373dc844be?s=96&d=mm&r=g\",\"caption\":\"Jorge Mi\u00f1o\"},\"sameAs\":[\"http:\/\/radioinfinitagoya.com.ar\"]}]}<\/script>\n<!-- \/ Yoast SEO plugin. -->","yoast_head_json":{"title":"Ver\u00f3n habl\u00f3 tras el t\u00edtulo de Estudiantes y la pol\u00e9mica con Rosario Central - Radio Infinita Goya","description":"\u201cNo da lo mismo ganar una estrella a que te la den\u201d El presidente del Pincha, que est\u00e1 suspendido por seis meses, habl\u00f3 tras la controversia que se","robots":{"index":"index","follow":"follow","max-snippet":"max-snippet:-1","max-image-preview":"max-image-preview:large","max-video-preview":"max-video-preview:-1"},"canonical":"https:\/\/radioinfinitagoya.com.ar\/v1\/2025\/12\/17\/veron-hablo-tras-el-titulo-de-estudiantes-y-la-polemica-con-rosario-central\/","og_locale":"es_ES","og_type":"article","og_title":"Ver\u00f3n habl\u00f3 tras el t\u00edtulo de Estudiantes y la pol\u00e9mica con Rosario Central - Radio Infinita Goya","og_description":"\u201cNo da lo mismo ganar una estrella a que te la den\u201d El presidente del Pincha, que est\u00e1 suspendido por seis meses, habl\u00f3 tras la controversia que se","og_url":"https:\/\/radioinfinitagoya.com.ar\/v1\/2025\/12\/17\/veron-hablo-tras-el-titulo-de-estudiantes-y-la-polemica-con-rosario-central\/","og_site_name":"Radio Infinita Goya","article_publisher":"https:\/\/www.facebook.com\/p\/Infinita-Goya-100063870918311\/","article_published_time":"2025-12-17T19:18:50+00:00","author":"Jorge Mi\u00f1o","twitter_card":"summary_large_image","twitter_misc":{"Escrito por":"Jorge Mi\u00f1o","Tiempo de lectura":"12 minutos"},"schema":{"@context":"https:\/\/schema.org","@graph":[{"@type":"Article","@id":"https:\/\/radioinfinitagoya.com.ar\/v1\/2025\/12\/17\/veron-hablo-tras-el-titulo-de-estudiantes-y-la-polemica-con-rosario-central\/#article","isPartOf":{"@id":"https:\/\/radioinfinitagoya.com.ar\/v1\/2025\/12\/17\/veron-hablo-tras-el-titulo-de-estudiantes-y-la-polemica-con-rosario-central\/"},"author":{"name":"Jorge Mi\u00f1o","@id":"https:\/\/radioinfinitagoya.com.ar\/v1\/#\/schema\/person\/d4cf9c413d4f6edb24aabdccab49ca4a"},"headline":"Ver\u00f3n habl\u00f3 tras el t\u00edtulo de Estudiantes y la pol\u00e9mica con Rosario Central","datePublished":"2025-12-17T19:18:50+00:00","mainEntityOfPage":{"@id":"https:\/\/radioinfinitagoya.com.ar\/v1\/2025\/12\/17\/veron-hablo-tras-el-titulo-de-estudiantes-y-la-polemica-con-rosario-central\/"},"wordCount":2402,"commentCount":0,"publisher":{"@id":"https:\/\/radioinfinitagoya.com.ar\/v1\/#organization"},"image":{"@id":"https:\/\/radioinfinitagoya.com.ar\/v1\/2025\/12\/17\/veron-hablo-tras-el-titulo-de-estudiantes-y-la-polemica-con-rosario-central\/#primaryimage"},"thumbnailUrl":"https:\/\/radioinfinitagoya.com.ar\/v1\/wp-content\/uploads\/2025\/12\/XI7FEI33N5FPHJA665WJNPRDVA.avif","articleSection":["DEPORTES"],"inLanguage":"es-AR","potentialAction":[{"@type":"CommentAction","name":"Comment","target":["https:\/\/radioinfinitagoya.com.ar\/v1\/2025\/12\/17\/veron-hablo-tras-el-titulo-de-estudiantes-y-la-polemica-con-rosario-central\/#respond"]}]},{"@type":"WebPage","@id":"https:\/\/radioinfinitagoya.com.ar\/v1\/2025\/12\/17\/veron-hablo-tras-el-titulo-de-estudiantes-y-la-polemica-con-rosario-central\/","url":"https:\/\/radioinfinitagoya.com.ar\/v1\/2025\/12\/17\/veron-hablo-tras-el-titulo-de-estudiantes-y-la-polemica-con-rosario-central\/","name":"Ver\u00f3n habl\u00f3 tras el t\u00edtulo de Estudiantes y la pol\u00e9mica con Rosario Central - Radio Infinita Goya","isPartOf":{"@id":"https:\/\/radioinfinitagoya.com.ar\/v1\/#website"},"primaryImageOfPage":{"@id":"https:\/\/radioinfinitagoya.com.ar\/v1\/2025\/12\/17\/veron-hablo-tras-el-titulo-de-estudiantes-y-la-polemica-con-rosario-central\/#primaryimage"},"image":{"@id":"https:\/\/radioinfinitagoya.com.ar\/v1\/2025\/12\/17\/veron-hablo-tras-el-titulo-de-estudiantes-y-la-polemica-con-rosario-central\/#primaryimage"},"thumbnailUrl":"https:\/\/radioinfinitagoya.com.ar\/v1\/wp-content\/uploads\/2025\/12\/XI7FEI33N5FPHJA665WJNPRDVA.avif","datePublished":"2025-12-17T19:18:50+00:00","description":"\u201cNo da lo mismo ganar una estrella a que te la den\u201d El presidente del Pincha, que est\u00e1 suspendido por seis meses, habl\u00f3 tras la controversia que se","breadcrumb":{"@id":"https:\/\/radioinfinitagoya.com.ar\/v1\/2025\/12\/17\/veron-hablo-tras-el-titulo-de-estudiantes-y-la-polemica-con-rosario-central\/#breadcrumb"},"inLanguage":"es-AR","potentialAction":[{"@type":"ReadAction","target":["https:\/\/radioinfinitagoya.com.ar\/v1\/2025\/12\/17\/veron-hablo-tras-el-titulo-de-estudiantes-y-la-polemica-con-rosario-central\/"]}]},{"@type":"ImageObject","inLanguage":"es-AR","@id":"https:\/\/radioinfinitagoya.com.ar\/v1\/2025\/12\/17\/veron-hablo-tras-el-titulo-de-estudiantes-y-la-polemica-con-rosario-central\/#primaryimage","url":"https:\/\/radioinfinitagoya.com.ar\/v1\/wp-content\/uploads\/2025\/12\/XI7FEI33N5FPHJA665WJNPRDVA.avif","contentUrl":"https:\/\/radioinfinitagoya.com.ar\/v1\/wp-content\/uploads\/2025\/12\/XI7FEI33N5FPHJA665WJNPRDVA.avif","width":992,"height":662},{"@type":"BreadcrumbList","@id":"https:\/\/radioinfinitagoya.com.ar\/v1\/2025\/12\/17\/veron-hablo-tras-el-titulo-de-estudiantes-y-la-polemica-con-rosario-central\/#breadcrumb","itemListElement":[{"@type":"ListItem","position":1,"name":"Inicio","item":"https:\/\/radioinfinitagoya.com.ar\/v1\/"},{"@type":"ListItem","position":2,"name":"Ver\u00f3n habl\u00f3 tras el t\u00edtulo de Estudiantes y la pol\u00e9mica con Rosario Central"}]},{"@type":"WebSite","@id":"https:\/\/radioinfinitagoya.com.ar\/v1\/#website","url":"https:\/\/radioinfinitagoya.com.ar\/v1\/","name":"radioinfinitagoya.com.ar","description":"Radio de noticias","publisher":{"@id":"https:\/\/radioinfinitagoya.com.ar\/v1\/#organization"},"potentialAction":[{"@type":"SearchAction","target":{"@type":"EntryPoint","urlTemplate":"https:\/\/radioinfinitagoya.com.ar\/v1\/?s={search_term_string}"},"query-input":{"@type":"PropertyValueSpecification","valueRequired":true,"valueName":"search_term_string"}}],"inLanguage":"es-AR"},{"@type":"Organization","@id":"https:\/\/radioinfinitagoya.com.ar\/v1\/#organization","name":"Radio Infinita Goya","url":"https:\/\/radioinfinitagoya.com.ar\/v1\/","logo":{"@type":"ImageObject","inLanguage":"es-AR","@id":"https:\/\/radioinfinitagoya.com.ar\/v1\/#\/schema\/logo\/image\/","url":"https:\/\/radioinfinitagoya.com.ar\/v1\/wp-content\/uploads\/2019\/11\/logo-pie-web.png","contentUrl":"https:\/\/radioinfinitagoya.com.ar\/v1\/wp-content\/uploads\/2019\/11\/logo-pie-web.png","width":635,"height":326,"caption":"Radio Infinita Goya"},"image":{"@id":"https:\/\/radioinfinitagoya.com.ar\/v1\/#\/schema\/logo\/image\/"},"sameAs":["https:\/\/www.facebook.com\/p\/Infinita-Goya-100063870918311\/"]},{"@type":"Person","@id":"https:\/\/radioinfinitagoya.com.ar\/v1\/#\/schema\/person\/d4cf9c413d4f6edb24aabdccab49ca4a","name":"Jorge Mi\u00f1o","image":{"@type":"ImageObject","inLanguage":"es-AR","@id":"https:\/\/secure.gravatar.com\/avatar\/910fcf6728fe95320e07a6643c1581fec1c7fc4bf8ae12e3d8f0d0373dc844be?s=96&d=mm&r=g","url":"https:\/\/secure.gravatar.com\/avatar\/910fcf6728fe95320e07a6643c1581fec1c7fc4bf8ae12e3d8f0d0373dc844be?s=96&d=mm&r=g","contentUrl":"https:\/\/secure.gravatar.com\/avatar\/910fcf6728fe95320e07a6643c1581fec1c7fc4bf8ae12e3d8f0d0373dc844be?s=96&d=mm&r=g","caption":"Jorge Mi\u00f1o"},"sameAs":["http:\/\/radioinfinitagoya.com.ar"]}]}},"_links":{"self":[{"href":"https:\/\/radioinfinitagoya.com.ar\/v1\/wp-json\/wp\/v2\/posts\/201453","targetHints":{"allow":["GET"]}}],"collection":[{"href":"https:\/\/radioinfinitagoya.com.ar\/v1\/wp-json\/wp\/v2\/posts"}],"about":[{"href":"https:\/\/radioinfinitagoya.com.ar\/v1\/wp-json\/wp\/v2\/types\/post"}],"author":[{"embeddable":true,"href":"https:\/\/radioinfinitagoya.com.ar\/v1\/wp-json\/wp\/v2\/users\/4"}],"replies":[{"embeddable":true,"href":"https:\/\/radioinfinitagoya.com.ar\/v1\/wp-json\/wp\/v2\/comments?post=201453"}],"version-history":[{"count":0,"href":"https:\/\/radioinfinitagoya.com.ar\/v1\/wp-json\/wp\/v2\/posts\/201453\/revisions"}],"wp:featuredmedia":[{"embeddable":true,"href":"https:\/\/radioinfinitagoya.com.ar\/v1\/wp-json\/wp\/v2\/media\/201454"}],"wp:attachment":[{"href":"https:\/\/radioinfinitagoya.com.ar\/v1\/wp-json\/wp\/v2\/media?parent=201453"}],"wp:term":[{"taxonomy":"category","embeddable":true,"href":"https:\/\/radioinfinitagoya.com.ar\/v1\/wp-json\/wp\/v2\/categories?post=201453"},{"taxonomy":"post_tag","embeddable":true,"href":"https:\/\/radioinfinitagoya.com.ar\/v1\/wp-json\/wp\/v2\/tags?post=201453"}],"curies":[{"name":"wp","href":"https:\/\/api.w.org\/{rel}","templated":true}]}}