{"id":201458,"date":"2025-12-17T16:22:28","date_gmt":"2025-12-17T19:22:28","guid":{"rendered":"https:\/\/radioinfinitagoya.com.ar\/v1\/?p=201458"},"modified":"2025-12-17T16:22:28","modified_gmt":"2025-12-17T19:22:28","slug":"inter-miami-hizo-oficial-la-renovacion-de-contrato-de-luis-suarez","status":"publish","type":"post","link":"https:\/\/radioinfinitagoya.com.ar\/v1\/2025\/12\/17\/inter-miami-hizo-oficial-la-renovacion-de-contrato-de-luis-suarez\/","title":{"rendered":"Inter Miami hizo oficial la renovaci\u00f3n de contrato de Luis Su\u00e1rez"},"content":{"rendered":"<p>El delantero uruguayo extendi\u00f3 su v\u00ednculo con el club estadounidense por un a\u00f1o m\u00e1s<\/p>\n<p>El delantero uruguayo Luis Su\u00e1rez ha sellado un nuevo contrato que lo mantendr\u00e1 en Inter Miami CF hasta el final de la temporada 2026 de la Major League Soccer (MLS). Seg\u00fan inform\u00f3 el club estadounidense a trav\u00e9s de un comunicado oficial, el acuerdo se produce tras la conclusi\u00f3n de una campa\u00f1a 2025 considerada hist\u00f3rica por la propia organizaci\u00f3n, marcada por la obtenci\u00f3n de varios t\u00edtulos regionales y una destacada actuaci\u00f3n internacional.<\/p>\n<p>Inter Miami CF, con sede en el sur de Florida, precis\u00f3 que la extensi\u00f3n contractual representa la continuidad de una figura clave en su proyecto deportivo. Su\u00e1rez acumula dos temporadas en el equipo rosado, periodo en el cual su aporte result\u00f3 determinante para la obtenci\u00f3n del campeonato de la Conferencia Este y la conquista de la MLS Cup presentada por Audi, ambos logros obtenidos en el ciclo 2025. Seg\u00fan el comunicado del club, \u201cla vasta experiencia y liderazgo del delantero fueron cruciales para que Inter Miami obtuviera su tercer y cuarto t\u00edtulo\u201d.<\/p>\n<p>Adem\u00e1s, el propio club destac\u00f3 que el delantero tuvo \u201cuna hist\u00f3rica clasificaci\u00f3n a octavos de final en el renovado Mundial de Clubes de la FIFA 2025 y alcanz\u00f3 las semifinales de la Copa de Campeones de la Concacaf 2025\u201d, enfrentando a rivales de distintos pa\u00edses. Durante la temporada pasada, Su\u00e1rez jug\u00f3 50 partidos en todas las competencias, anot\u00f3 17 goles y ofreci\u00f3 17 asistencias, alcanzando un registro total de 34 contribuciones de gol en 2025.<\/p>\n<p><img loading=\"lazy\" decoding=\"async\" class=\"alignnone size-full wp-image-201459\" src=\"https:\/\/radioinfinitagoya.com.ar\/v1\/wp-content\/uploads\/2025\/12\/UPTSXFZO7FFDPGHSA5JP3CUXBM.avif\" alt=\"\" width=\"992\" height=\"558\" srcset=\"https:\/\/radioinfinitagoya.com.ar\/v1\/wp-content\/uploads\/2025\/12\/UPTSXFZO7FFDPGHSA5JP3CUXBM.avif 992w, https:\/\/radioinfinitagoya.com.ar\/v1\/wp-content\/uploads\/2025\/12\/UPTSXFZO7FFDPGHSA5JP3CUXBM-150x84.jpg 150w, https:\/\/radioinfinitagoya.com.ar\/v1\/wp-content\/uploads\/2025\/12\/UPTSXFZO7FFDPGHSA5JP3CUXBM-768x432.jpg 768w, https:\/\/radioinfinitagoya.com.ar\/v1\/wp-content\/uploads\/2025\/12\/UPTSXFZO7FFDPGHSA5JP3CUXBM-747x420.jpg 747w, https:\/\/radioinfinitagoya.com.ar\/v1\/wp-content\/uploads\/2025\/12\/UPTSXFZO7FFDPGHSA5JP3CUXBM-696x392.jpg 696w\" sizes=\"auto, (max-width: 992px) 100vw, 992px\" \/>Desde su llegada a Inter Miami en 2024, el uruguayo dej\u00f3 constancia de su capacidad ofensiva al transformar al club en el equipo con mayor puntuaci\u00f3n de la campa\u00f1a y liderarlo hasta su primer Supporters\u2019 Shield, superando el r\u00e9cord de puntos obtenidos en una temporada regular de la MLS. \u201cSus contribuciones fueron cruciales durante la campa\u00f1a, ya que lider\u00f3 al equipo en goles con 25 en todas las competiciones\u201d, inform\u00f3 Inter Miami en su comunicado. En la temporada regular, Su\u00e1rez marc\u00f3 20 goles, igualando a su compa\u00f1ero Lionel Messi como el segundo m\u00e1ximo goleador del campeonato 2024 y reparti\u00f3 nueve asistencias en esa fase, adem\u00e1s de sumar un tanto y un pase de gol en los playoffs. El atacante figur\u00f3 en 37 encuentros durante su primer a\u00f1o, 27 de ellos en el torneo regular.<\/p>\n<p>En el balance de sus dos a\u00f1os con la franquicia estadounidense, Luis Su\u00e1rez suma 42 goles y 30 asistencias en 87 apariciones oficiales, solo superado en el ranking hist\u00f3rico del club por su excompa\u00f1ero y capit\u00e1n. El club, en su documento oficial, subray\u00f3 que el uruguayo es \u201cla segunda mayor cantidad en la historia del Club\u201d, en referencia a su cosecha goleadora.<\/p>\n<p><img loading=\"lazy\" decoding=\"async\" class=\"alignnone size-full wp-image-201460\" src=\"https:\/\/radioinfinitagoya.com.ar\/v1\/wp-content\/uploads\/2025\/12\/NGNZTYPHXVCWHEZKP3ROSGTHEQ.avif\" alt=\"\" width=\"992\" height=\"1240\" srcset=\"https:\/\/radioinfinitagoya.com.ar\/v1\/wp-content\/uploads\/2025\/12\/NGNZTYPHXVCWHEZKP3ROSGTHEQ.avif 992w, https:\/\/radioinfinitagoya.com.ar\/v1\/wp-content\/uploads\/2025\/12\/NGNZTYPHXVCWHEZKP3ROSGTHEQ-120x150.jpg 120w, https:\/\/radioinfinitagoya.com.ar\/v1\/wp-content\/uploads\/2025\/12\/NGNZTYPHXVCWHEZKP3ROSGTHEQ-768x960.jpg 768w, https:\/\/radioinfinitagoya.com.ar\/v1\/wp-content\/uploads\/2025\/12\/NGNZTYPHXVCWHEZKP3ROSGTHEQ-336x420.jpg 336w, https:\/\/radioinfinitagoya.com.ar\/v1\/wp-content\/uploads\/2025\/12\/NGNZTYPHXVCWHEZKP3ROSGTHEQ-696x870.jpg 696w\" sizes=\"auto, (max-width: 992px) 100vw, 992px\" \/>Antes de su llegada a la MLS, el oriundo de Salto, Uruguay, construy\u00f3 un extenso palmar\u00e9s en el f\u00fatbol europeo y sudamericano. Gan\u00f3 el t\u00edtulo de la Liga de Campeones de la UEFA, la Copa Mundial de Clubes FIFA, cinco campeonatos de La Liga, una Eredivisie, cuatro Copas del Rey, una Copa EFL y una Copa KNVB, dos campeonatos de la Primera Divisi\u00f3n uruguaya, un Campeonato Ga\u00facho, una Supercopa de la UEFA y dos Supercopas de Espa\u00f1a. Como capit\u00e1n de la selecci\u00f3n de Uruguay, conquist\u00f3 la Copa Am\u00e9rica de 2011 y se retir\u00f3 como el m\u00e1ximo goleador hist\u00f3rico celeste, con 69 goles, y el segundo futbolista con m\u00e1s partidos internacionales (161).<\/p>\n<p>En el plano individual, el club subray\u00f3 los m\u00faltiples reconocimientos obtenidos por Su\u00e1rez: ha sido m\u00e1ximo goleador de siete torneos distintos, entre ellos la KNVB Cup, la Eredivisie, las eliminatorias sudamericanas para la Copa Mundial, la Premier League inglesa, el Mundial de Clubes, la Copa del Rey y LaLiga. \u201cSus marcas goleadoras en liga en las temporadas 2013-14 y 2015-16 le valieron para ser el ganador de la Bota de Oro de Europa en dos ocasiones\u201d, puntualiz\u00f3 el comunicado.<\/p>\n<p>Este nuevo v\u00ednculo profesional con Inter Miami CF posiciona a Su\u00e1rez como referente ofensivo del equipo hasta 2026, en medio de expectativas renovadas por parte del club y sus seguidores en la MLS.<\/p>\n","protected":false},"excerpt":{"rendered":"<p>El delantero uruguayo extendi\u00f3 su v\u00ednculo con el club estadounidense por un a\u00f1o m\u00e1s El delantero uruguayo Luis Su\u00e1rez ha sellado un nuevo contrato que lo mantendr\u00e1 en Inter Miami CF hasta el final de la temporada 2026 de la Major League Soccer (MLS). Seg\u00fan inform\u00f3 el club estadounidense a trav\u00e9s de un comunicado oficial, [&hellip;]<\/p>\n","protected":false},"author":4,"featured_media":201461,"comment_status":"open","ping_status":"open","sticky":false,"template":"","format":"standard","meta":{"_joinchat":[],"footnotes":""},"categories":[28],"tags":[],"class_list":{"0":"post-201458","1":"post","2":"type-post","3":"status-publish","4":"format-standard","5":"has-post-thumbnail","7":"category-deportes"},"yoast_head":"<!-- This site is optimized with the Yoast SEO plugin v27.2 - https:\/\/yoast.com\/product\/yoast-seo-wordpress\/ -->\n<title>Inter Miami hizo oficial la renovaci\u00f3n de contrato de Luis Su\u00e1rez - Radio Infinita Goya<\/title>\n<meta name=\"description\" content=\"El delantero uruguayo extendi\u00f3 su v\u00ednculo con el club estadounidense por un a\u00f1o m\u00e1s El delantero uruguayo Luis Su\u00e1rez ha sellado un nuevo contrato que lo\" \/>\n<meta name=\"robots\" content=\"index, follow, max-snippet:-1, max-image-preview:large, max-video-preview:-1\" \/>\n<link rel=\"canonical\" href=\"https:\/\/radioinfinitagoya.com.ar\/v1\/2025\/12\/17\/inter-miami-hizo-oficial-la-renovacion-de-contrato-de-luis-suarez\/\" \/>\n<meta property=\"og:locale\" content=\"es_ES\" \/>\n<meta property=\"og:type\" content=\"article\" \/>\n<meta property=\"og:title\" content=\"Inter Miami hizo oficial la renovaci\u00f3n de contrato de Luis Su\u00e1rez - Radio Infinita Goya\" \/>\n<meta property=\"og:description\" content=\"El delantero uruguayo extendi\u00f3 su v\u00ednculo con el club estadounidense por un a\u00f1o m\u00e1s El delantero uruguayo Luis Su\u00e1rez ha sellado un nuevo contrato que lo\" \/>\n<meta property=\"og:url\" content=\"https:\/\/radioinfinitagoya.com.ar\/v1\/2025\/12\/17\/inter-miami-hizo-oficial-la-renovacion-de-contrato-de-luis-suarez\/\" \/>\n<meta property=\"og:site_name\" content=\"Radio Infinita Goya\" \/>\n<meta property=\"article:publisher\" content=\"https:\/\/www.facebook.com\/p\/Infinita-Goya-100063870918311\/\" \/>\n<meta property=\"article:published_time\" content=\"2025-12-17T19:22:28+00:00\" \/>\n<meta name=\"author\" content=\"Jorge Mi\u00f1o\" \/>\n<meta name=\"twitter:card\" content=\"summary_large_image\" \/>\n<meta name=\"twitter:label1\" content=\"Escrito por\" \/>\n\t<meta name=\"twitter:data1\" content=\"Jorge Mi\u00f1o\" \/>\n\t<meta name=\"twitter:label2\" content=\"Tiempo de lectura\" \/>\n\t<meta name=\"twitter:data2\" content=\"4 minutos\" \/>\n<script type=\"application\/ld+json\" class=\"yoast-schema-graph\">{\"@context\":\"https:\/\/schema.org\",\"@graph\":[{\"@type\":\"Article\",\"@id\":\"https:\/\/radioinfinitagoya.com.ar\/v1\/2025\/12\/17\/inter-miami-hizo-oficial-la-renovacion-de-contrato-de-luis-suarez\/#article\",\"isPartOf\":{\"@id\":\"https:\/\/radioinfinitagoya.com.ar\/v1\/2025\/12\/17\/inter-miami-hizo-oficial-la-renovacion-de-contrato-de-luis-suarez\/\"},\"author\":{\"name\":\"Jorge Mi\u00f1o\",\"@id\":\"https:\/\/radioinfinitagoya.com.ar\/v1\/#\/schema\/person\/d4cf9c413d4f6edb24aabdccab49ca4a\"},\"headline\":\"Inter Miami hizo oficial la renovaci\u00f3n de contrato de Luis Su\u00e1rez\",\"datePublished\":\"2025-12-17T19:22:28+00:00\",\"mainEntityOfPage\":{\"@id\":\"https:\/\/radioinfinitagoya.com.ar\/v1\/2025\/12\/17\/inter-miami-hizo-oficial-la-renovacion-de-contrato-de-luis-suarez\/\"},\"wordCount\":715,\"commentCount\":0,\"publisher\":{\"@id\":\"https:\/\/radioinfinitagoya.com.ar\/v1\/#organization\"},\"image\":{\"@id\":\"https:\/\/radioinfinitagoya.com.ar\/v1\/2025\/12\/17\/inter-miami-hizo-oficial-la-renovacion-de-contrato-de-luis-suarez\/#primaryimage\"},\"thumbnailUrl\":\"https:\/\/radioinfinitagoya.com.ar\/v1\/wp-content\/uploads\/2025\/12\/UPTSXFZO7FFDPGHSA5JP3CUXBM-1.avif\",\"articleSection\":[\"DEPORTES\"],\"inLanguage\":\"es-AR\",\"potentialAction\":[{\"@type\":\"CommentAction\",\"name\":\"Comment\",\"target\":[\"https:\/\/radioinfinitagoya.com.ar\/v1\/2025\/12\/17\/inter-miami-hizo-oficial-la-renovacion-de-contrato-de-luis-suarez\/#respond\"]}]},{\"@type\":\"WebPage\",\"@id\":\"https:\/\/radioinfinitagoya.com.ar\/v1\/2025\/12\/17\/inter-miami-hizo-oficial-la-renovacion-de-contrato-de-luis-suarez\/\",\"url\":\"https:\/\/radioinfinitagoya.com.ar\/v1\/2025\/12\/17\/inter-miami-hizo-oficial-la-renovacion-de-contrato-de-luis-suarez\/\",\"name\":\"Inter Miami hizo oficial la renovaci\u00f3n de contrato de Luis Su\u00e1rez - Radio Infinita Goya\",\"isPartOf\":{\"@id\":\"https:\/\/radioinfinitagoya.com.ar\/v1\/#website\"},\"primaryImageOfPage\":{\"@id\":\"https:\/\/radioinfinitagoya.com.ar\/v1\/2025\/12\/17\/inter-miami-hizo-oficial-la-renovacion-de-contrato-de-luis-suarez\/#primaryimage\"},\"image\":{\"@id\":\"https:\/\/radioinfinitagoya.com.ar\/v1\/2025\/12\/17\/inter-miami-hizo-oficial-la-renovacion-de-contrato-de-luis-suarez\/#primaryimage\"},\"thumbnailUrl\":\"https:\/\/radioinfinitagoya.com.ar\/v1\/wp-content\/uploads\/2025\/12\/UPTSXFZO7FFDPGHSA5JP3CUXBM-1.avif\",\"datePublished\":\"2025-12-17T19:22:28+00:00\",\"description\":\"El delantero uruguayo extendi\u00f3 su v\u00ednculo con el club estadounidense por un a\u00f1o m\u00e1s El delantero uruguayo Luis Su\u00e1rez ha sellado un nuevo contrato que lo\",\"breadcrumb\":{\"@id\":\"https:\/\/radioinfinitagoya.com.ar\/v1\/2025\/12\/17\/inter-miami-hizo-oficial-la-renovacion-de-contrato-de-luis-suarez\/#breadcrumb\"},\"inLanguage\":\"es-AR\",\"potentialAction\":[{\"@type\":\"ReadAction\",\"target\":[\"https:\/\/radioinfinitagoya.com.ar\/v1\/2025\/12\/17\/inter-miami-hizo-oficial-la-renovacion-de-contrato-de-luis-suarez\/\"]}]},{\"@type\":\"ImageObject\",\"inLanguage\":\"es-AR\",\"@id\":\"https:\/\/radioinfinitagoya.com.ar\/v1\/2025\/12\/17\/inter-miami-hizo-oficial-la-renovacion-de-contrato-de-luis-suarez\/#primaryimage\",\"url\":\"https:\/\/radioinfinitagoya.com.ar\/v1\/wp-content\/uploads\/2025\/12\/UPTSXFZO7FFDPGHSA5JP3CUXBM-1.avif\",\"contentUrl\":\"https:\/\/radioinfinitagoya.com.ar\/v1\/wp-content\/uploads\/2025\/12\/UPTSXFZO7FFDPGHSA5JP3CUXBM-1.avif\",\"width\":992,\"height\":558},{\"@type\":\"BreadcrumbList\",\"@id\":\"https:\/\/radioinfinitagoya.com.ar\/v1\/2025\/12\/17\/inter-miami-hizo-oficial-la-renovacion-de-contrato-de-luis-suarez\/#breadcrumb\",\"itemListElement\":[{\"@type\":\"ListItem\",\"position\":1,\"name\":\"Inicio\",\"item\":\"https:\/\/radioinfinitagoya.com.ar\/v1\/\"},{\"@type\":\"ListItem\",\"position\":2,\"name\":\"Inter Miami hizo oficial la renovaci\u00f3n de contrato de Luis Su\u00e1rez\"}]},{\"@type\":\"WebSite\",\"@id\":\"https:\/\/radioinfinitagoya.com.ar\/v1\/#website\",\"url\":\"https:\/\/radioinfinitagoya.com.ar\/v1\/\",\"name\":\"radioinfinitagoya.com.ar\",\"description\":\"Radio de noticias\",\"publisher\":{\"@id\":\"https:\/\/radioinfinitagoya.com.ar\/v1\/#organization\"},\"potentialAction\":[{\"@type\":\"SearchAction\",\"target\":{\"@type\":\"EntryPoint\",\"urlTemplate\":\"https:\/\/radioinfinitagoya.com.ar\/v1\/?s={search_term_string}\"},\"query-input\":{\"@type\":\"PropertyValueSpecification\",\"valueRequired\":true,\"valueName\":\"search_term_string\"}}],\"inLanguage\":\"es-AR\"},{\"@type\":\"Organization\",\"@id\":\"https:\/\/radioinfinitagoya.com.ar\/v1\/#organization\",\"name\":\"Radio Infinita Goya\",\"url\":\"https:\/\/radioinfinitagoya.com.ar\/v1\/\",\"logo\":{\"@type\":\"ImageObject\",\"inLanguage\":\"es-AR\",\"@id\":\"https:\/\/radioinfinitagoya.com.ar\/v1\/#\/schema\/logo\/image\/\",\"url\":\"https:\/\/radioinfinitagoya.com.ar\/v1\/wp-content\/uploads\/2019\/11\/logo-pie-web.png\",\"contentUrl\":\"https:\/\/radioinfinitagoya.com.ar\/v1\/wp-content\/uploads\/2019\/11\/logo-pie-web.png\",\"width\":635,\"height\":326,\"caption\":\"Radio Infinita Goya\"},\"image\":{\"@id\":\"https:\/\/radioinfinitagoya.com.ar\/v1\/#\/schema\/logo\/image\/\"},\"sameAs\":[\"https:\/\/www.facebook.com\/p\/Infinita-Goya-100063870918311\/\"]},{\"@type\":\"Person\",\"@id\":\"https:\/\/radioinfinitagoya.com.ar\/v1\/#\/schema\/person\/d4cf9c413d4f6edb24aabdccab49ca4a\",\"name\":\"Jorge Mi\u00f1o\",\"image\":{\"@type\":\"ImageObject\",\"inLanguage\":\"es-AR\",\"@id\":\"https:\/\/secure.gravatar.com\/avatar\/910fcf6728fe95320e07a6643c1581fec1c7fc4bf8ae12e3d8f0d0373dc844be?s=96&d=mm&r=g\",\"url\":\"https:\/\/secure.gravatar.com\/avatar\/910fcf6728fe95320e07a6643c1581fec1c7fc4bf8ae12e3d8f0d0373dc844be?s=96&d=mm&r=g\",\"contentUrl\":\"https:\/\/secure.gravatar.com\/avatar\/910fcf6728fe95320e07a6643c1581fec1c7fc4bf8ae12e3d8f0d0373dc844be?s=96&d=mm&r=g\",\"caption\":\"Jorge Mi\u00f1o\"},\"sameAs\":[\"http:\/\/radioinfinitagoya.com.ar\"]}]}<\/script>\n<!-- \/ Yoast SEO plugin. -->","yoast_head_json":{"title":"Inter Miami hizo oficial la renovaci\u00f3n de contrato de Luis Su\u00e1rez - Radio Infinita Goya","description":"El delantero uruguayo extendi\u00f3 su v\u00ednculo con el club estadounidense por un a\u00f1o m\u00e1s El delantero uruguayo Luis Su\u00e1rez ha sellado un nuevo contrato que lo","robots":{"index":"index","follow":"follow","max-snippet":"max-snippet:-1","max-image-preview":"max-image-preview:large","max-video-preview":"max-video-preview:-1"},"canonical":"https:\/\/radioinfinitagoya.com.ar\/v1\/2025\/12\/17\/inter-miami-hizo-oficial-la-renovacion-de-contrato-de-luis-suarez\/","og_locale":"es_ES","og_type":"article","og_title":"Inter Miami hizo oficial la renovaci\u00f3n de contrato de Luis Su\u00e1rez - Radio Infinita Goya","og_description":"El delantero uruguayo extendi\u00f3 su v\u00ednculo con el club estadounidense por un a\u00f1o m\u00e1s El delantero uruguayo Luis Su\u00e1rez ha sellado un nuevo contrato que lo","og_url":"https:\/\/radioinfinitagoya.com.ar\/v1\/2025\/12\/17\/inter-miami-hizo-oficial-la-renovacion-de-contrato-de-luis-suarez\/","og_site_name":"Radio Infinita Goya","article_publisher":"https:\/\/www.facebook.com\/p\/Infinita-Goya-100063870918311\/","article_published_time":"2025-12-17T19:22:28+00:00","author":"Jorge Mi\u00f1o","twitter_card":"summary_large_image","twitter_misc":{"Escrito por":"Jorge Mi\u00f1o","Tiempo de lectura":"4 minutos"},"schema":{"@context":"https:\/\/schema.org","@graph":[{"@type":"Article","@id":"https:\/\/radioinfinitagoya.com.ar\/v1\/2025\/12\/17\/inter-miami-hizo-oficial-la-renovacion-de-contrato-de-luis-suarez\/#article","isPartOf":{"@id":"https:\/\/radioinfinitagoya.com.ar\/v1\/2025\/12\/17\/inter-miami-hizo-oficial-la-renovacion-de-contrato-de-luis-suarez\/"},"author":{"name":"Jorge Mi\u00f1o","@id":"https:\/\/radioinfinitagoya.com.ar\/v1\/#\/schema\/person\/d4cf9c413d4f6edb24aabdccab49ca4a"},"headline":"Inter Miami hizo oficial la renovaci\u00f3n de contrato de Luis Su\u00e1rez","datePublished":"2025-12-17T19:22:28+00:00","mainEntityOfPage":{"@id":"https:\/\/radioinfinitagoya.com.ar\/v1\/2025\/12\/17\/inter-miami-hizo-oficial-la-renovacion-de-contrato-de-luis-suarez\/"},"wordCount":715,"commentCount":0,"publisher":{"@id":"https:\/\/radioinfinitagoya.com.ar\/v1\/#organization"},"image":{"@id":"https:\/\/radioinfinitagoya.com.ar\/v1\/2025\/12\/17\/inter-miami-hizo-oficial-la-renovacion-de-contrato-de-luis-suarez\/#primaryimage"},"thumbnailUrl":"https:\/\/radioinfinitagoya.com.ar\/v1\/wp-content\/uploads\/2025\/12\/UPTSXFZO7FFDPGHSA5JP3CUXBM-1.avif","articleSection":["DEPORTES"],"inLanguage":"es-AR","potentialAction":[{"@type":"CommentAction","name":"Comment","target":["https:\/\/radioinfinitagoya.com.ar\/v1\/2025\/12\/17\/inter-miami-hizo-oficial-la-renovacion-de-contrato-de-luis-suarez\/#respond"]}]},{"@type":"WebPage","@id":"https:\/\/radioinfinitagoya.com.ar\/v1\/2025\/12\/17\/inter-miami-hizo-oficial-la-renovacion-de-contrato-de-luis-suarez\/","url":"https:\/\/radioinfinitagoya.com.ar\/v1\/2025\/12\/17\/inter-miami-hizo-oficial-la-renovacion-de-contrato-de-luis-suarez\/","name":"Inter Miami hizo oficial la renovaci\u00f3n de contrato de Luis Su\u00e1rez - Radio Infinita Goya","isPartOf":{"@id":"https:\/\/radioinfinitagoya.com.ar\/v1\/#website"},"primaryImageOfPage":{"@id":"https:\/\/radioinfinitagoya.com.ar\/v1\/2025\/12\/17\/inter-miami-hizo-oficial-la-renovacion-de-contrato-de-luis-suarez\/#primaryimage"},"image":{"@id":"https:\/\/radioinfinitagoya.com.ar\/v1\/2025\/12\/17\/inter-miami-hizo-oficial-la-renovacion-de-contrato-de-luis-suarez\/#primaryimage"},"thumbnailUrl":"https:\/\/radioinfinitagoya.com.ar\/v1\/wp-content\/uploads\/2025\/12\/UPTSXFZO7FFDPGHSA5JP3CUXBM-1.avif","datePublished":"2025-12-17T19:22:28+00:00","description":"El delantero uruguayo extendi\u00f3 su v\u00ednculo con el club estadounidense por un a\u00f1o m\u00e1s El delantero uruguayo Luis Su\u00e1rez ha sellado un nuevo contrato que lo","breadcrumb":{"@id":"https:\/\/radioinfinitagoya.com.ar\/v1\/2025\/12\/17\/inter-miami-hizo-oficial-la-renovacion-de-contrato-de-luis-suarez\/#breadcrumb"},"inLanguage":"es-AR","potentialAction":[{"@type":"ReadAction","target":["https:\/\/radioinfinitagoya.com.ar\/v1\/2025\/12\/17\/inter-miami-hizo-oficial-la-renovacion-de-contrato-de-luis-suarez\/"]}]},{"@type":"ImageObject","inLanguage":"es-AR","@id":"https:\/\/radioinfinitagoya.com.ar\/v1\/2025\/12\/17\/inter-miami-hizo-oficial-la-renovacion-de-contrato-de-luis-suarez\/#primaryimage","url":"https:\/\/radioinfinitagoya.com.ar\/v1\/wp-content\/uploads\/2025\/12\/UPTSXFZO7FFDPGHSA5JP3CUXBM-1.avif","contentUrl":"https:\/\/radioinfinitagoya.com.ar\/v1\/wp-content\/uploads\/2025\/12\/UPTSXFZO7FFDPGHSA5JP3CUXBM-1.avif","width":992,"height":558},{"@type":"BreadcrumbList","@id":"https:\/\/radioinfinitagoya.com.ar\/v1\/2025\/12\/17\/inter-miami-hizo-oficial-la-renovacion-de-contrato-de-luis-suarez\/#breadcrumb","itemListElement":[{"@type":"ListItem","position":1,"name":"Inicio","item":"https:\/\/radioinfinitagoya.com.ar\/v1\/"},{"@type":"ListItem","position":2,"name":"Inter Miami hizo oficial la renovaci\u00f3n de contrato de Luis Su\u00e1rez"}]},{"@type":"WebSite","@id":"https:\/\/radioinfinitagoya.com.ar\/v1\/#website","url":"https:\/\/radioinfinitagoya.com.ar\/v1\/","name":"radioinfinitagoya.com.ar","description":"Radio de noticias","publisher":{"@id":"https:\/\/radioinfinitagoya.com.ar\/v1\/#organization"},"potentialAction":[{"@type":"SearchAction","target":{"@type":"EntryPoint","urlTemplate":"https:\/\/radioinfinitagoya.com.ar\/v1\/?s={search_term_string}"},"query-input":{"@type":"PropertyValueSpecification","valueRequired":true,"valueName":"search_term_string"}}],"inLanguage":"es-AR"},{"@type":"Organization","@id":"https:\/\/radioinfinitagoya.com.ar\/v1\/#organization","name":"Radio Infinita Goya","url":"https:\/\/radioinfinitagoya.com.ar\/v1\/","logo":{"@type":"ImageObject","inLanguage":"es-AR","@id":"https:\/\/radioinfinitagoya.com.ar\/v1\/#\/schema\/logo\/image\/","url":"https:\/\/radioinfinitagoya.com.ar\/v1\/wp-content\/uploads\/2019\/11\/logo-pie-web.png","contentUrl":"https:\/\/radioinfinitagoya.com.ar\/v1\/wp-content\/uploads\/2019\/11\/logo-pie-web.png","width":635,"height":326,"caption":"Radio Infinita Goya"},"image":{"@id":"https:\/\/radioinfinitagoya.com.ar\/v1\/#\/schema\/logo\/image\/"},"sameAs":["https:\/\/www.facebook.com\/p\/Infinita-Goya-100063870918311\/"]},{"@type":"Person","@id":"https:\/\/radioinfinitagoya.com.ar\/v1\/#\/schema\/person\/d4cf9c413d4f6edb24aabdccab49ca4a","name":"Jorge Mi\u00f1o","image":{"@type":"ImageObject","inLanguage":"es-AR","@id":"https:\/\/secure.gravatar.com\/avatar\/910fcf6728fe95320e07a6643c1581fec1c7fc4bf8ae12e3d8f0d0373dc844be?s=96&d=mm&r=g","url":"https:\/\/secure.gravatar.com\/avatar\/910fcf6728fe95320e07a6643c1581fec1c7fc4bf8ae12e3d8f0d0373dc844be?s=96&d=mm&r=g","contentUrl":"https:\/\/secure.gravatar.com\/avatar\/910fcf6728fe95320e07a6643c1581fec1c7fc4bf8ae12e3d8f0d0373dc844be?s=96&d=mm&r=g","caption":"Jorge Mi\u00f1o"},"sameAs":["http:\/\/radioinfinitagoya.com.ar"]}]}},"_links":{"self":[{"href":"https:\/\/radioinfinitagoya.com.ar\/v1\/wp-json\/wp\/v2\/posts\/201458","targetHints":{"allow":["GET"]}}],"collection":[{"href":"https:\/\/radioinfinitagoya.com.ar\/v1\/wp-json\/wp\/v2\/posts"}],"about":[{"href":"https:\/\/radioinfinitagoya.com.ar\/v1\/wp-json\/wp\/v2\/types\/post"}],"author":[{"embeddable":true,"href":"https:\/\/radioinfinitagoya.com.ar\/v1\/wp-json\/wp\/v2\/users\/4"}],"replies":[{"embeddable":true,"href":"https:\/\/radioinfinitagoya.com.ar\/v1\/wp-json\/wp\/v2\/comments?post=201458"}],"version-history":[{"count":0,"href":"https:\/\/radioinfinitagoya.com.ar\/v1\/wp-json\/wp\/v2\/posts\/201458\/revisions"}],"wp:featuredmedia":[{"embeddable":true,"href":"https:\/\/radioinfinitagoya.com.ar\/v1\/wp-json\/wp\/v2\/media\/201461"}],"wp:attachment":[{"href":"https:\/\/radioinfinitagoya.com.ar\/v1\/wp-json\/wp\/v2\/media?parent=201458"}],"wp:term":[{"taxonomy":"category","embeddable":true,"href":"https:\/\/radioinfinitagoya.com.ar\/v1\/wp-json\/wp\/v2\/categories?post=201458"},{"taxonomy":"post_tag","embeddable":true,"href":"https:\/\/radioinfinitagoya.com.ar\/v1\/wp-json\/wp\/v2\/tags?post=201458"}],"curies":[{"name":"wp","href":"https:\/\/api.w.org\/{rel}","templated":true}]}}