{"id":201466,"date":"2025-12-17T16:28:14","date_gmt":"2025-12-17T19:28:14","guid":{"rendered":"https:\/\/radioinfinitagoya.com.ar\/v1\/?p=201466"},"modified":"2025-12-17T16:28:14","modified_gmt":"2025-12-17T19:28:14","slug":"con-una-gran-participacion-se-realizo-la-despedida-de-ano-del-programa-goya-baila","status":"publish","type":"post","link":"https:\/\/radioinfinitagoya.com.ar\/v1\/2025\/12\/17\/con-una-gran-participacion-se-realizo-la-despedida-de-ano-del-programa-goya-baila\/","title":{"rendered":"Con una gran participaci\u00f3n se realiz\u00f3 la despedida de a\u00f1o del Programa &#8220;Goya Baila&#8221;"},"content":{"rendered":"<p>El programa municipal \u201cGoya Baila\u201d cerr\u00f3 su ciclo anual con una emotiva y festiva despedida de a\u00f1o, desarrollada en el play\u00f3n del Instituto San Mart\u00edn, donde estuvieron presentes alumnos que asisten regularmente a las clases, compartiendo una jornada marcada por la m\u00fasica, el movimiento y la integraci\u00f3n. Este programa asisten regularmente entre 150\/170 personas.<\/p>\n<p>El encuentro cont\u00f3 con la presencia de la concejal Gabriela Refojos, la coordinadora del programa, Gladis L\u00f3pez Beltr\u00e1n, y el equipo de profesores integrado por M\u00e1ximo Ojeda, Rub\u00e9n Acu\u00f1a, Sergio Bartlet y Valeria Bogado, quienes acompa\u00f1aron a los participantes en este cierre, destacando el compromiso, la constancia y el entusiasmo demostrado a lo largo del a\u00f1o.<\/p>\n<p>Cabe se\u00f1alar que las actividades del programa \u201cGoya Baila\u201d se desarrollaron durante este 2025 en distintos espacios de la ciudad, como el Ex Ferrocarril, Barrio Pando Sede, Play\u00f3n Eucaliptos, La Rotonda Acceso, Costanera Norte \u2013 Playa El Inga y la Plaza San Mart\u00edn, permitiendo as\u00ed un alcance territorial amplio y una participaci\u00f3n sostenida en diversos puntos de Goya.<\/p>\n<p>&nbsp;<\/p>\n","protected":false},"excerpt":{"rendered":"<p>El programa municipal \u201cGoya Baila\u201d cerr\u00f3 su ciclo anual con una emotiva y festiva despedida de a\u00f1o, desarrollada en el play\u00f3n del Instituto San Mart\u00edn, donde estuvieron presentes alumnos que asisten regularmente a las clases, compartiendo una jornada marcada por la m\u00fasica, el movimiento y la integraci\u00f3n. Este programa asisten regularmente entre 150\/170 personas. El [&hellip;]<\/p>\n","protected":false},"author":4,"featured_media":201467,"comment_status":"open","ping_status":"open","sticky":false,"template":"","format":"standard","meta":{"_joinchat":[],"footnotes":""},"categories":[27],"tags":[],"class_list":{"0":"post-201466","1":"post","2":"type-post","3":"status-publish","4":"format-standard","5":"has-post-thumbnail","7":"category-locales"},"yoast_head":"<!-- This site is optimized with the Yoast SEO plugin v27.2 - https:\/\/yoast.com\/product\/yoast-seo-wordpress\/ -->\n<title>Con una gran participaci\u00f3n se realiz\u00f3 la despedida de a\u00f1o del Programa &quot;Goya Baila&quot; - Radio Infinita Goya<\/title>\n<meta name=\"description\" content=\"El programa municipal \u201cGoya Baila\u201d cerr\u00f3 su ciclo anual con una emotiva y festiva despedida de a\u00f1o, desarrollada en el play\u00f3n del Instituto San Mart\u00edn,\" \/>\n<meta name=\"robots\" content=\"index, follow, max-snippet:-1, max-image-preview:large, max-video-preview:-1\" \/>\n<link rel=\"canonical\" href=\"https:\/\/radioinfinitagoya.com.ar\/v1\/2025\/12\/17\/con-una-gran-participacion-se-realizo-la-despedida-de-ano-del-programa-goya-baila\/\" \/>\n<meta property=\"og:locale\" content=\"es_ES\" \/>\n<meta property=\"og:type\" content=\"article\" \/>\n<meta property=\"og:title\" content=\"Con una gran participaci\u00f3n se realiz\u00f3 la despedida de a\u00f1o del Programa &quot;Goya Baila&quot; - Radio Infinita Goya\" \/>\n<meta property=\"og:description\" content=\"El programa municipal \u201cGoya Baila\u201d cerr\u00f3 su ciclo anual con una emotiva y festiva despedida de a\u00f1o, desarrollada en el play\u00f3n del Instituto San Mart\u00edn,\" \/>\n<meta property=\"og:url\" content=\"https:\/\/radioinfinitagoya.com.ar\/v1\/2025\/12\/17\/con-una-gran-participacion-se-realizo-la-despedida-de-ano-del-programa-goya-baila\/\" \/>\n<meta property=\"og:site_name\" content=\"Radio Infinita Goya\" \/>\n<meta property=\"article:publisher\" content=\"https:\/\/www.facebook.com\/p\/Infinita-Goya-100063870918311\/\" \/>\n<meta property=\"article:published_time\" content=\"2025-12-17T19:28:14+00:00\" \/>\n<meta property=\"og:image\" content=\"https:\/\/radioinfinitagoya.com.ar\/v1\/wp-content\/uploads\/2025\/12\/8d30ee9f-4d6f-440f-967a-ba7e4e4516bc.jpg\" \/>\n\t<meta property=\"og:image:width\" content=\"718\" \/>\n\t<meta property=\"og:image:height\" content=\"385\" \/>\n\t<meta property=\"og:image:type\" content=\"image\/jpeg\" \/>\n<meta name=\"author\" content=\"Jorge Mi\u00f1o\" \/>\n<meta name=\"twitter:card\" content=\"summary_large_image\" \/>\n<meta name=\"twitter:label1\" content=\"Escrito por\" \/>\n\t<meta name=\"twitter:data1\" content=\"Jorge Mi\u00f1o\" \/>\n\t<meta name=\"twitter:label2\" content=\"Tiempo de lectura\" \/>\n\t<meta name=\"twitter:data2\" content=\"1 minuto\" \/>\n<script type=\"application\/ld+json\" class=\"yoast-schema-graph\">{\"@context\":\"https:\/\/schema.org\",\"@graph\":[{\"@type\":\"Article\",\"@id\":\"https:\/\/radioinfinitagoya.com.ar\/v1\/2025\/12\/17\/con-una-gran-participacion-se-realizo-la-despedida-de-ano-del-programa-goya-baila\/#article\",\"isPartOf\":{\"@id\":\"https:\/\/radioinfinitagoya.com.ar\/v1\/2025\/12\/17\/con-una-gran-participacion-se-realizo-la-despedida-de-ano-del-programa-goya-baila\/\"},\"author\":{\"name\":\"Jorge Mi\u00f1o\",\"@id\":\"https:\/\/radioinfinitagoya.com.ar\/v1\/#\/schema\/person\/d4cf9c413d4f6edb24aabdccab49ca4a\"},\"headline\":\"Con una gran participaci\u00f3n se realiz\u00f3 la despedida de a\u00f1o del Programa &#8220;Goya Baila&#8221;\",\"datePublished\":\"2025-12-17T19:28:14+00:00\",\"mainEntityOfPage\":{\"@id\":\"https:\/\/radioinfinitagoya.com.ar\/v1\/2025\/12\/17\/con-una-gran-participacion-se-realizo-la-despedida-de-ano-del-programa-goya-baila\/\"},\"wordCount\":198,\"commentCount\":0,\"publisher\":{\"@id\":\"https:\/\/radioinfinitagoya.com.ar\/v1\/#organization\"},\"image\":{\"@id\":\"https:\/\/radioinfinitagoya.com.ar\/v1\/2025\/12\/17\/con-una-gran-participacion-se-realizo-la-despedida-de-ano-del-programa-goya-baila\/#primaryimage\"},\"thumbnailUrl\":\"https:\/\/radioinfinitagoya.com.ar\/v1\/wp-content\/uploads\/2025\/12\/8d30ee9f-4d6f-440f-967a-ba7e4e4516bc.jpg\",\"articleSection\":[\"LOCALES\"],\"inLanguage\":\"es-AR\",\"potentialAction\":[{\"@type\":\"CommentAction\",\"name\":\"Comment\",\"target\":[\"https:\/\/radioinfinitagoya.com.ar\/v1\/2025\/12\/17\/con-una-gran-participacion-se-realizo-la-despedida-de-ano-del-programa-goya-baila\/#respond\"]}]},{\"@type\":\"WebPage\",\"@id\":\"https:\/\/radioinfinitagoya.com.ar\/v1\/2025\/12\/17\/con-una-gran-participacion-se-realizo-la-despedida-de-ano-del-programa-goya-baila\/\",\"url\":\"https:\/\/radioinfinitagoya.com.ar\/v1\/2025\/12\/17\/con-una-gran-participacion-se-realizo-la-despedida-de-ano-del-programa-goya-baila\/\",\"name\":\"Con una gran participaci\u00f3n se realiz\u00f3 la despedida de a\u00f1o del Programa \\\"Goya Baila\\\" - Radio Infinita Goya\",\"isPartOf\":{\"@id\":\"https:\/\/radioinfinitagoya.com.ar\/v1\/#website\"},\"primaryImageOfPage\":{\"@id\":\"https:\/\/radioinfinitagoya.com.ar\/v1\/2025\/12\/17\/con-una-gran-participacion-se-realizo-la-despedida-de-ano-del-programa-goya-baila\/#primaryimage\"},\"image\":{\"@id\":\"https:\/\/radioinfinitagoya.com.ar\/v1\/2025\/12\/17\/con-una-gran-participacion-se-realizo-la-despedida-de-ano-del-programa-goya-baila\/#primaryimage\"},\"thumbnailUrl\":\"https:\/\/radioinfinitagoya.com.ar\/v1\/wp-content\/uploads\/2025\/12\/8d30ee9f-4d6f-440f-967a-ba7e4e4516bc.jpg\",\"datePublished\":\"2025-12-17T19:28:14+00:00\",\"description\":\"El programa municipal \u201cGoya Baila\u201d cerr\u00f3 su ciclo anual con una emotiva y festiva despedida de a\u00f1o, desarrollada en el play\u00f3n del Instituto San Mart\u00edn,\",\"breadcrumb\":{\"@id\":\"https:\/\/radioinfinitagoya.com.ar\/v1\/2025\/12\/17\/con-una-gran-participacion-se-realizo-la-despedida-de-ano-del-programa-goya-baila\/#breadcrumb\"},\"inLanguage\":\"es-AR\",\"potentialAction\":[{\"@type\":\"ReadAction\",\"target\":[\"https:\/\/radioinfinitagoya.com.ar\/v1\/2025\/12\/17\/con-una-gran-participacion-se-realizo-la-despedida-de-ano-del-programa-goya-baila\/\"]}]},{\"@type\":\"ImageObject\",\"inLanguage\":\"es-AR\",\"@id\":\"https:\/\/radioinfinitagoya.com.ar\/v1\/2025\/12\/17\/con-una-gran-participacion-se-realizo-la-despedida-de-ano-del-programa-goya-baila\/#primaryimage\",\"url\":\"https:\/\/radioinfinitagoya.com.ar\/v1\/wp-content\/uploads\/2025\/12\/8d30ee9f-4d6f-440f-967a-ba7e4e4516bc.jpg\",\"contentUrl\":\"https:\/\/radioinfinitagoya.com.ar\/v1\/wp-content\/uploads\/2025\/12\/8d30ee9f-4d6f-440f-967a-ba7e4e4516bc.jpg\",\"width\":718,\"height\":385},{\"@type\":\"BreadcrumbList\",\"@id\":\"https:\/\/radioinfinitagoya.com.ar\/v1\/2025\/12\/17\/con-una-gran-participacion-se-realizo-la-despedida-de-ano-del-programa-goya-baila\/#breadcrumb\",\"itemListElement\":[{\"@type\":\"ListItem\",\"position\":1,\"name\":\"Inicio\",\"item\":\"https:\/\/radioinfinitagoya.com.ar\/v1\/\"},{\"@type\":\"ListItem\",\"position\":2,\"name\":\"Con una gran participaci\u00f3n se realiz\u00f3 la despedida de a\u00f1o del Programa &#8220;Goya Baila&#8221;\"}]},{\"@type\":\"WebSite\",\"@id\":\"https:\/\/radioinfinitagoya.com.ar\/v1\/#website\",\"url\":\"https:\/\/radioinfinitagoya.com.ar\/v1\/\",\"name\":\"radioinfinitagoya.com.ar\",\"description\":\"Radio de noticias\",\"publisher\":{\"@id\":\"https:\/\/radioinfinitagoya.com.ar\/v1\/#organization\"},\"potentialAction\":[{\"@type\":\"SearchAction\",\"target\":{\"@type\":\"EntryPoint\",\"urlTemplate\":\"https:\/\/radioinfinitagoya.com.ar\/v1\/?s={search_term_string}\"},\"query-input\":{\"@type\":\"PropertyValueSpecification\",\"valueRequired\":true,\"valueName\":\"search_term_string\"}}],\"inLanguage\":\"es-AR\"},{\"@type\":\"Organization\",\"@id\":\"https:\/\/radioinfinitagoya.com.ar\/v1\/#organization\",\"name\":\"Radio Infinita Goya\",\"url\":\"https:\/\/radioinfinitagoya.com.ar\/v1\/\",\"logo\":{\"@type\":\"ImageObject\",\"inLanguage\":\"es-AR\",\"@id\":\"https:\/\/radioinfinitagoya.com.ar\/v1\/#\/schema\/logo\/image\/\",\"url\":\"https:\/\/radioinfinitagoya.com.ar\/v1\/wp-content\/uploads\/2019\/11\/logo-pie-web.png\",\"contentUrl\":\"https:\/\/radioinfinitagoya.com.ar\/v1\/wp-content\/uploads\/2019\/11\/logo-pie-web.png\",\"width\":635,\"height\":326,\"caption\":\"Radio Infinita Goya\"},\"image\":{\"@id\":\"https:\/\/radioinfinitagoya.com.ar\/v1\/#\/schema\/logo\/image\/\"},\"sameAs\":[\"https:\/\/www.facebook.com\/p\/Infinita-Goya-100063870918311\/\"]},{\"@type\":\"Person\",\"@id\":\"https:\/\/radioinfinitagoya.com.ar\/v1\/#\/schema\/person\/d4cf9c413d4f6edb24aabdccab49ca4a\",\"name\":\"Jorge Mi\u00f1o\",\"image\":{\"@type\":\"ImageObject\",\"inLanguage\":\"es-AR\",\"@id\":\"https:\/\/secure.gravatar.com\/avatar\/910fcf6728fe95320e07a6643c1581fec1c7fc4bf8ae12e3d8f0d0373dc844be?s=96&d=mm&r=g\",\"url\":\"https:\/\/secure.gravatar.com\/avatar\/910fcf6728fe95320e07a6643c1581fec1c7fc4bf8ae12e3d8f0d0373dc844be?s=96&d=mm&r=g\",\"contentUrl\":\"https:\/\/secure.gravatar.com\/avatar\/910fcf6728fe95320e07a6643c1581fec1c7fc4bf8ae12e3d8f0d0373dc844be?s=96&d=mm&r=g\",\"caption\":\"Jorge Mi\u00f1o\"},\"sameAs\":[\"http:\/\/radioinfinitagoya.com.ar\"]}]}<\/script>\n<!-- \/ Yoast SEO plugin. -->","yoast_head_json":{"title":"Con una gran participaci\u00f3n se realiz\u00f3 la despedida de a\u00f1o del Programa \"Goya Baila\" - Radio Infinita Goya","description":"El programa municipal \u201cGoya Baila\u201d cerr\u00f3 su ciclo anual con una emotiva y festiva despedida de a\u00f1o, desarrollada en el play\u00f3n del Instituto San Mart\u00edn,","robots":{"index":"index","follow":"follow","max-snippet":"max-snippet:-1","max-image-preview":"max-image-preview:large","max-video-preview":"max-video-preview:-1"},"canonical":"https:\/\/radioinfinitagoya.com.ar\/v1\/2025\/12\/17\/con-una-gran-participacion-se-realizo-la-despedida-de-ano-del-programa-goya-baila\/","og_locale":"es_ES","og_type":"article","og_title":"Con una gran participaci\u00f3n se realiz\u00f3 la despedida de a\u00f1o del Programa \"Goya Baila\" - Radio Infinita Goya","og_description":"El programa municipal \u201cGoya Baila\u201d cerr\u00f3 su ciclo anual con una emotiva y festiva despedida de a\u00f1o, desarrollada en el play\u00f3n del Instituto San Mart\u00edn,","og_url":"https:\/\/radioinfinitagoya.com.ar\/v1\/2025\/12\/17\/con-una-gran-participacion-se-realizo-la-despedida-de-ano-del-programa-goya-baila\/","og_site_name":"Radio Infinita Goya","article_publisher":"https:\/\/www.facebook.com\/p\/Infinita-Goya-100063870918311\/","article_published_time":"2025-12-17T19:28:14+00:00","og_image":[{"width":718,"height":385,"url":"https:\/\/radioinfinitagoya.com.ar\/v1\/wp-content\/uploads\/2025\/12\/8d30ee9f-4d6f-440f-967a-ba7e4e4516bc.jpg","type":"image\/jpeg"}],"author":"Jorge Mi\u00f1o","twitter_card":"summary_large_image","twitter_misc":{"Escrito por":"Jorge Mi\u00f1o","Tiempo de lectura":"1 minuto"},"schema":{"@context":"https:\/\/schema.org","@graph":[{"@type":"Article","@id":"https:\/\/radioinfinitagoya.com.ar\/v1\/2025\/12\/17\/con-una-gran-participacion-se-realizo-la-despedida-de-ano-del-programa-goya-baila\/#article","isPartOf":{"@id":"https:\/\/radioinfinitagoya.com.ar\/v1\/2025\/12\/17\/con-una-gran-participacion-se-realizo-la-despedida-de-ano-del-programa-goya-baila\/"},"author":{"name":"Jorge Mi\u00f1o","@id":"https:\/\/radioinfinitagoya.com.ar\/v1\/#\/schema\/person\/d4cf9c413d4f6edb24aabdccab49ca4a"},"headline":"Con una gran participaci\u00f3n se realiz\u00f3 la despedida de a\u00f1o del Programa &#8220;Goya Baila&#8221;","datePublished":"2025-12-17T19:28:14+00:00","mainEntityOfPage":{"@id":"https:\/\/radioinfinitagoya.com.ar\/v1\/2025\/12\/17\/con-una-gran-participacion-se-realizo-la-despedida-de-ano-del-programa-goya-baila\/"},"wordCount":198,"commentCount":0,"publisher":{"@id":"https:\/\/radioinfinitagoya.com.ar\/v1\/#organization"},"image":{"@id":"https:\/\/radioinfinitagoya.com.ar\/v1\/2025\/12\/17\/con-una-gran-participacion-se-realizo-la-despedida-de-ano-del-programa-goya-baila\/#primaryimage"},"thumbnailUrl":"https:\/\/radioinfinitagoya.com.ar\/v1\/wp-content\/uploads\/2025\/12\/8d30ee9f-4d6f-440f-967a-ba7e4e4516bc.jpg","articleSection":["LOCALES"],"inLanguage":"es-AR","potentialAction":[{"@type":"CommentAction","name":"Comment","target":["https:\/\/radioinfinitagoya.com.ar\/v1\/2025\/12\/17\/con-una-gran-participacion-se-realizo-la-despedida-de-ano-del-programa-goya-baila\/#respond"]}]},{"@type":"WebPage","@id":"https:\/\/radioinfinitagoya.com.ar\/v1\/2025\/12\/17\/con-una-gran-participacion-se-realizo-la-despedida-de-ano-del-programa-goya-baila\/","url":"https:\/\/radioinfinitagoya.com.ar\/v1\/2025\/12\/17\/con-una-gran-participacion-se-realizo-la-despedida-de-ano-del-programa-goya-baila\/","name":"Con una gran participaci\u00f3n se realiz\u00f3 la despedida de a\u00f1o del Programa \"Goya Baila\" - Radio Infinita Goya","isPartOf":{"@id":"https:\/\/radioinfinitagoya.com.ar\/v1\/#website"},"primaryImageOfPage":{"@id":"https:\/\/radioinfinitagoya.com.ar\/v1\/2025\/12\/17\/con-una-gran-participacion-se-realizo-la-despedida-de-ano-del-programa-goya-baila\/#primaryimage"},"image":{"@id":"https:\/\/radioinfinitagoya.com.ar\/v1\/2025\/12\/17\/con-una-gran-participacion-se-realizo-la-despedida-de-ano-del-programa-goya-baila\/#primaryimage"},"thumbnailUrl":"https:\/\/radioinfinitagoya.com.ar\/v1\/wp-content\/uploads\/2025\/12\/8d30ee9f-4d6f-440f-967a-ba7e4e4516bc.jpg","datePublished":"2025-12-17T19:28:14+00:00","description":"El programa municipal \u201cGoya Baila\u201d cerr\u00f3 su ciclo anual con una emotiva y festiva despedida de a\u00f1o, desarrollada en el play\u00f3n del Instituto San Mart\u00edn,","breadcrumb":{"@id":"https:\/\/radioinfinitagoya.com.ar\/v1\/2025\/12\/17\/con-una-gran-participacion-se-realizo-la-despedida-de-ano-del-programa-goya-baila\/#breadcrumb"},"inLanguage":"es-AR","potentialAction":[{"@type":"ReadAction","target":["https:\/\/radioinfinitagoya.com.ar\/v1\/2025\/12\/17\/con-una-gran-participacion-se-realizo-la-despedida-de-ano-del-programa-goya-baila\/"]}]},{"@type":"ImageObject","inLanguage":"es-AR","@id":"https:\/\/radioinfinitagoya.com.ar\/v1\/2025\/12\/17\/con-una-gran-participacion-se-realizo-la-despedida-de-ano-del-programa-goya-baila\/#primaryimage","url":"https:\/\/radioinfinitagoya.com.ar\/v1\/wp-content\/uploads\/2025\/12\/8d30ee9f-4d6f-440f-967a-ba7e4e4516bc.jpg","contentUrl":"https:\/\/radioinfinitagoya.com.ar\/v1\/wp-content\/uploads\/2025\/12\/8d30ee9f-4d6f-440f-967a-ba7e4e4516bc.jpg","width":718,"height":385},{"@type":"BreadcrumbList","@id":"https:\/\/radioinfinitagoya.com.ar\/v1\/2025\/12\/17\/con-una-gran-participacion-se-realizo-la-despedida-de-ano-del-programa-goya-baila\/#breadcrumb","itemListElement":[{"@type":"ListItem","position":1,"name":"Inicio","item":"https:\/\/radioinfinitagoya.com.ar\/v1\/"},{"@type":"ListItem","position":2,"name":"Con una gran participaci\u00f3n se realiz\u00f3 la despedida de a\u00f1o del Programa &#8220;Goya Baila&#8221;"}]},{"@type":"WebSite","@id":"https:\/\/radioinfinitagoya.com.ar\/v1\/#website","url":"https:\/\/radioinfinitagoya.com.ar\/v1\/","name":"radioinfinitagoya.com.ar","description":"Radio de noticias","publisher":{"@id":"https:\/\/radioinfinitagoya.com.ar\/v1\/#organization"},"potentialAction":[{"@type":"SearchAction","target":{"@type":"EntryPoint","urlTemplate":"https:\/\/radioinfinitagoya.com.ar\/v1\/?s={search_term_string}"},"query-input":{"@type":"PropertyValueSpecification","valueRequired":true,"valueName":"search_term_string"}}],"inLanguage":"es-AR"},{"@type":"Organization","@id":"https:\/\/radioinfinitagoya.com.ar\/v1\/#organization","name":"Radio Infinita Goya","url":"https:\/\/radioinfinitagoya.com.ar\/v1\/","logo":{"@type":"ImageObject","inLanguage":"es-AR","@id":"https:\/\/radioinfinitagoya.com.ar\/v1\/#\/schema\/logo\/image\/","url":"https:\/\/radioinfinitagoya.com.ar\/v1\/wp-content\/uploads\/2019\/11\/logo-pie-web.png","contentUrl":"https:\/\/radioinfinitagoya.com.ar\/v1\/wp-content\/uploads\/2019\/11\/logo-pie-web.png","width":635,"height":326,"caption":"Radio Infinita Goya"},"image":{"@id":"https:\/\/radioinfinitagoya.com.ar\/v1\/#\/schema\/logo\/image\/"},"sameAs":["https:\/\/www.facebook.com\/p\/Infinita-Goya-100063870918311\/"]},{"@type":"Person","@id":"https:\/\/radioinfinitagoya.com.ar\/v1\/#\/schema\/person\/d4cf9c413d4f6edb24aabdccab49ca4a","name":"Jorge Mi\u00f1o","image":{"@type":"ImageObject","inLanguage":"es-AR","@id":"https:\/\/secure.gravatar.com\/avatar\/910fcf6728fe95320e07a6643c1581fec1c7fc4bf8ae12e3d8f0d0373dc844be?s=96&d=mm&r=g","url":"https:\/\/secure.gravatar.com\/avatar\/910fcf6728fe95320e07a6643c1581fec1c7fc4bf8ae12e3d8f0d0373dc844be?s=96&d=mm&r=g","contentUrl":"https:\/\/secure.gravatar.com\/avatar\/910fcf6728fe95320e07a6643c1581fec1c7fc4bf8ae12e3d8f0d0373dc844be?s=96&d=mm&r=g","caption":"Jorge Mi\u00f1o"},"sameAs":["http:\/\/radioinfinitagoya.com.ar"]}]}},"_links":{"self":[{"href":"https:\/\/radioinfinitagoya.com.ar\/v1\/wp-json\/wp\/v2\/posts\/201466","targetHints":{"allow":["GET"]}}],"collection":[{"href":"https:\/\/radioinfinitagoya.com.ar\/v1\/wp-json\/wp\/v2\/posts"}],"about":[{"href":"https:\/\/radioinfinitagoya.com.ar\/v1\/wp-json\/wp\/v2\/types\/post"}],"author":[{"embeddable":true,"href":"https:\/\/radioinfinitagoya.com.ar\/v1\/wp-json\/wp\/v2\/users\/4"}],"replies":[{"embeddable":true,"href":"https:\/\/radioinfinitagoya.com.ar\/v1\/wp-json\/wp\/v2\/comments?post=201466"}],"version-history":[{"count":0,"href":"https:\/\/radioinfinitagoya.com.ar\/v1\/wp-json\/wp\/v2\/posts\/201466\/revisions"}],"wp:featuredmedia":[{"embeddable":true,"href":"https:\/\/radioinfinitagoya.com.ar\/v1\/wp-json\/wp\/v2\/media\/201467"}],"wp:attachment":[{"href":"https:\/\/radioinfinitagoya.com.ar\/v1\/wp-json\/wp\/v2\/media?parent=201466"}],"wp:term":[{"taxonomy":"category","embeddable":true,"href":"https:\/\/radioinfinitagoya.com.ar\/v1\/wp-json\/wp\/v2\/categories?post=201466"},{"taxonomy":"post_tag","embeddable":true,"href":"https:\/\/radioinfinitagoya.com.ar\/v1\/wp-json\/wp\/v2\/tags?post=201466"}],"curies":[{"name":"wp","href":"https:\/\/api.w.org\/{rel}","templated":true}]}}