{"id":203693,"date":"2026-01-24T17:29:52","date_gmt":"2026-01-24T20:29:52","guid":{"rendered":"https:\/\/radioinfinitagoya.com.ar\/v1\/?p=203693"},"modified":"2026-01-24T17:29:52","modified_gmt":"2026-01-24T20:29:52","slug":"argentina-entre-acuerdos-clave-y-disputas-globales","status":"publish","type":"post","link":"https:\/\/radioinfinitagoya.com.ar\/v1\/2026\/01\/24\/argentina-entre-acuerdos-clave-y-disputas-globales\/","title":{"rendered":"Argentina entre acuerdos clave y disputas globales"},"content":{"rendered":"<p>Qu\u00e9 esperar de las exportaciones en 2026<\/p>\n<p>Nuevas alianzas, negociaciones pendientes y la volatilidad del escenario internacional definir\u00e1n el comportamiento de las ventas al exterior. Especialistas y entidades anticipan oportunidades y riesgos para los principales sectores<\/p>\n<p><img loading=\"lazy\" decoding=\"async\" class=\"alignnone size-full wp-image-203694\" src=\"https:\/\/radioinfinitagoya.com.ar\/v1\/wp-content\/uploads\/2026\/01\/d3bcd9e9-38ba-4a55-8240-c479d1767c26.jpg\" alt=\"\" width=\"906\" height=\"523\" srcset=\"https:\/\/radioinfinitagoya.com.ar\/v1\/wp-content\/uploads\/2026\/01\/d3bcd9e9-38ba-4a55-8240-c479d1767c26.jpg 906w, https:\/\/radioinfinitagoya.com.ar\/v1\/wp-content\/uploads\/2026\/01\/d3bcd9e9-38ba-4a55-8240-c479d1767c26-150x87.jpg 150w, https:\/\/radioinfinitagoya.com.ar\/v1\/wp-content\/uploads\/2026\/01\/d3bcd9e9-38ba-4a55-8240-c479d1767c26-768x443.jpg 768w, https:\/\/radioinfinitagoya.com.ar\/v1\/wp-content\/uploads\/2026\/01\/d3bcd9e9-38ba-4a55-8240-c479d1767c26-728x420.jpg 728w, https:\/\/radioinfinitagoya.com.ar\/v1\/wp-content\/uploads\/2026\/01\/d3bcd9e9-38ba-4a55-8240-c479d1767c26-696x402.jpg 696w\" sizes=\"auto, (max-width: 906px) 100vw, 906px\" \/>El 2025 fue un a\u00f1o en el que se sentaron nuevas bases para el comercio exterior argentino, con la energ\u00eda consolid\u00e1ndose como un nuevo motor. Aunque el super\u00e1vit se redujo un 40% respecto a 2024, hasta totalizar USD 11.286 millones, debido fundamentalmente a que las importaciones crecieron 2,7 veces m\u00e1s que las exportaciones; se avanz\u00f3 en varios acuerdos clave que tienen el potencial para dinamizar fuertemente al sector en el mediano y largo plazo.<\/p>\n<p>No es menor el contexto de tensiones en el que ello ocurri\u00f3, sobre todo por los desv\u00edos derivados de la imposici\u00f3n de aranceles por parte de EEUU: decenas de pa\u00edses se vieron obligados a buscar nuevos mercados en los que colocar sus productos.<\/p>\n<p>El primer \u201clogro\u201d fue la firma del tratado de libre comercio entre el Mercosur y la Asociaci\u00f3n Europea de Libre Comercio (EFTA, por sus siglas en ingl\u00e9s) en septiembre pasado, bloque conformado por Islandia, el Principado de Liechtenstein, el Reino de Noruega y la Confederaci\u00f3n Suiza. El acuerdo, cuyas negociaciones llevaron 8 a\u00f1os, crea un mercado de casi 300 millones de personas, con un PBI combinado de m\u00e1s de USD 4,3 billones.<\/p>\n<p>Luego, se anunci\u00f3 un Acuerdo Marco de Comercio Rec\u00edproco e Inversi\u00f3n con EEUU, que incluye la reducci\u00f3n de aranceles para industrias claves, eliminaci\u00f3n de tr\u00e1mites burocr\u00e1ticos, compromisos en trabajo y medio ambiente, alineamiento de est\u00e1ndares y fortalecimiento de la protecci\u00f3n a la propiedad intelectual. Todav\u00eda falta la letra chica pero, en general, fue bien recibido por los exportadores.<\/p>\n<p>Por \u00faltimo, tras m\u00e1s de 25 a\u00f1os de negociaciones, se rubric\u00f3 el acuerdo de libre comercio entre la UE y el Mercosur, constituyendo un mercado de m\u00e1s de 700 millones de personas, con amplios beneficios para el agro. Al mismo tiempo, los menores aranceles en maquinaria y bienes de capital reducir\u00edan costos en la industria.<\/p>\n<p>Sin embargo, a 4 d\u00edas de la firma, el Parlamento Europeo paraliz\u00f3 el proceso de ratificaci\u00f3n del pacto, dado que lo remiti\u00f3 al Tribunal de Justicia de la Uni\u00f3n Europea para que revise su compatibilidad con los tratados comunitarios. Este tipo de dict\u00e1menes suelen demorarse entre 18 y 24 meses, lo cual vuelve a retrasar su implementaci\u00f3n.<\/p>\n<p>Desde la C\u00e1mara de Exportadores (CERA), dirigida por Fernando Landa, expusieron otra alternativa: \u201cAlgunos analistas sostienen que la Comisi\u00f3n Europea podr\u00eda definir que la parte comercial empiece a regir, ya que obtuvo la aprobaci\u00f3n del Consejo (los pa\u00edses miembros). La contracara es que esto tensar\u00eda los v\u00ednculos entre el Ejecutivo y el Legislativo europeo, llevando a una posici\u00f3n inc\u00f3moda a los parlamentarios m\u00e1s moderados\u201d.<\/p>\n<p>De todos modos, Jorge Berciano, especialista en comercio exterior y director de Unexar, contextualiz\u00f3: \u201cEn 2025, Argentina registr\u00f3 un d\u00e9ficit comercial de casi USD 2.000 millones con la UE. En t\u00e9rminos interanuales, las exportaciones al bloque aumentaron 2,6%, mientras que las importaciones crecieron casi 14%; por lo tanto, la tendencia no es auspiciosa\u201d.<\/p>\n<p>\u201cAlrededor del 80% de los env\u00edos a la UE son productos agropecuarios. Y esta semana, se reserv\u00f3 la potestad unilateral de suspender los beneficios arancelarios para los productores ganaderos del Mercosur (v\u00eda Cl\u00e1usulas de Salvaguarda) en caso de que los grandes vol\u00famenes importados o los bajos precios pusieran en riesgo a sus productores, especialmente por Italia y Francia\u201d, apunt\u00f3.<\/p>\n<p>Alrededor del 80% de los env\u00edos a la UE son productos agropecuarios. Y esta semana, se reserv\u00f3 la potestad unilateral de suspender los beneficios arancelarios para los productores ganaderos del Mercosur (Berciano)<\/p>\n<p>\u201cPor \u00faltimo, pero no menor, el tratado a\u00fan debe ser aprobado por los Parlamentos \u2013 Congresos de todos los pa\u00edses (en el caso Argentina, podr\u00eda tratarse durante febrero). A corto y mediano plazo, lamentablemente estimo que las exportaciones hacia la UE no se incrementar\u00e1n\u201d, proyect\u00f3 Berciano.<\/p>\n<p>En este escenario, Marisa Bircher, ex secretaria de Comercio y directora de Biglobal, sintetiz\u00f3: \u201cUn desaf\u00edo clave para la canasta exportadora en 2026 ser\u00e1 la implementaci\u00f3n efectiva de los acuerdos comerciales, un proceso condicionado por los tiempos institucionales y pol\u00edticos\u201d.<\/p>\n<p>\u201cPor ejemplo, el acuerdo Mercosur\u2013UE enfrenta una elevada incertidumbre respecto a su aprobaci\u00f3n en Europa, mientras que el Mercosur\u2013EFTA, firmado en R\u00edo de Janeiro, a\u00fan debe completar los procedimientos internos necesarios para entrar en vigor y ser implementado&#8221;, a\u00f1adi\u00f3.<\/p>\n<p>En cuanto al acuerdo con EEUU, la expectativa es que se cierre una vez concluidos los procesos administrativos, de acuerdo con fuentes al tanto de las negociaciones.<\/p>\n<p>El acuerdo Mercosur\u2013UE enfrenta una elevada incertidumbre respecto a su aprobaci\u00f3n en Europa, mientras que el Mercosur\u2013EFTA, firmado en R\u00edo de Janeiro, a\u00fan debe completar los procedimientos internos (Bircher)<\/p>\n<p>Es decir, el impacto de todo ellos en la balanza comercial reci\u00e9n se verificar\u00eda entre el segundo semestre del a\u00f1o y 2027.<\/p>\n<p>Proyecciones para el a\u00f1o<br \/>\nEn 2025, las exportaciones ascendieron a USD 87.077 millones y las importaciones a USD 75.791 millones. Ambas registraron aumentos interanuales: en el primer caso, de 9,3%, y en el segundo, de 24,7%. As\u00ed, el intercambio totaliz\u00f3 USD 162.868 millones.<\/p>\n<p>La consultora Abeceb espera que las ventas externas sigan traccionando en 2026 pero a un ritmo ligeramente menor que el a\u00f1o pasado, de la mano de un sector energ\u00e9tico que profundiza su rol como nuevo motor estructural, junto con el ya consolidado complejo agroindustrial, y bajo un escenario clim\u00e1tico neutral. Prev\u00e9 una balanza comercial con un super\u00e1vit cercano a USD 10.000 millones.<\/p>\n<p>M\u00e1s precisamente, en CERA estiman que las exportaciones sumar\u00e1n USD 89.974 millones, impulsadas por el desempe\u00f1o del sector energ\u00e9tico (USD 12.000 millones), el agro (USD 34.000 millones &#8211; donde el ma\u00edz tendr\u00e1 una campa\u00f1a hist\u00f3rica) y la miner\u00eda, actividad que alcanz\u00f3 un r\u00e9cord en t\u00e9rminos de comercio en 2025.<\/p>\n<p>La entidad aclar\u00f3 que dichas proyecciones est\u00e1n sujetas el contexto internacional. En 2025 las tensiones entre EEUU y China dinamizaron las ventas de soja e impulsaron los precios. \u201cHabr\u00e1 que monitorear de cerca la relaci\u00f3n entre ambas potencias y el tablero internacional\u201d, enfatiz\u00f3 la entidad.<\/p>\n<p>En 2025 las tensiones entre EEUU y China dinamizaron las ventas de soja e impulsaron los precios (CERA)<\/p>\n<p>En tanto, LCG destaca que mayor fluidez en los mecanismos de importaci\u00f3n, junto con el crecimiento de la actividad, se traducir\u00eda en un aumento de las compras al exterior del 9,5%, hasta rondar los USD 83.000 millones. Ese incremento ser\u00eda superior al de las exportaciones, que crecer\u00edan un 2,4% y se ubicar\u00edan alrededor de los USD 89.000 millones.<\/p>\n<p>\u201cEsperamos que el super\u00e1vit comercial alcance los USD 6.000 millones, aproximadamente la mitad del registrado en 2025 y un tercio del observado en 2024\u2033, agreg\u00f3 la consultora de marras.<\/p>\n<p>Tipo de cambio y competitividad<br \/>\nOtro punto relevante en lo que respecta al comercio exterior es el tipo de cambio real. Para CERA, el nivel actual parece razonable. \u201cEl ajuste de las bandas cambiarias en funci\u00f3n de la evoluci\u00f3n de la inflaci\u00f3n implica que hay menor riesgo de un atraso en esta variable\u201d.<\/p>\n<p>M\u00e1s all\u00e1 de la referencia general, en la C\u00e1mara de Exportadores contaron que hay sectores donde la evoluci\u00f3n de costos est\u00e1 por encima de la media, lo cual penaliza la ecuaci\u00f3n al momento de exportar.<\/p>\n<p>A su vez, subrayaron que los retrasos en la devoluci\u00f3n del IVA y de los reintegros imponen una carga financiera que, en muchos casos, termina derivando en p\u00e9rdidas econ\u00f3micas, en un contexto de tensiones globales que estrechan los m\u00e1rgenes y agudizan la competencia. Los precios internacionales tampoco son ajenos a esa incertidumbre.<\/p>\n<p>Retrasos en la devoluci\u00f3n del IVA y de los reintegros imponen una carga financiera que, en muchos casos, termina derivando en p\u00e9rdidas econ\u00f3micas (CERA)<\/p>\n<p>\u201cCreemos que hay que trabajar en la competitividad sist\u00e9mica, desde los impuestos hasta la log\u00edstica y el financiamiento, entre otros\u201d, remarcaron en CERA.<\/p>\n<p>En la misma l\u00ednea, Bircher consider\u00f3: \u201cEl tipo de cambio es una condici\u00f3n necesaria, pero no suficiente para impulsar exportaciones. La competitividad externa depende tambi\u00e9n de los costos dom\u00e9sticos medidos en d\u00f3lares, la productividad, la disponibilidad de financiamiento y la capacidad de oferta exportable.<\/p>\n<p>Asimismo, el desempe\u00f1o exportador est\u00e1 condicionado por el contexto de demanda global y por el acceso efectivo a mercados (aranceles, barreras no arancelarias, preferencias comerciales) y la posici\u00f3n relativa frente a competidores.<\/p>\n<p>&nbsp;<\/p>\n<p>&nbsp;<\/p>\n<p>&nbsp;<\/p>\n<p>&nbsp;<\/p>\n<p>&nbsp;<\/p>\n","protected":false},"excerpt":{"rendered":"<p>Qu\u00e9 esperar de las exportaciones en 2026 Nuevas alianzas, negociaciones pendientes y la volatilidad del escenario internacional definir\u00e1n el comportamiento de las ventas al exterior. Especialistas y entidades anticipan oportunidades y riesgos para los principales sectores El 2025 fue un a\u00f1o en el que se sentaron nuevas bases para el comercio exterior argentino, con la [&hellip;]<\/p>\n","protected":false},"author":4,"featured_media":203695,"comment_status":"open","ping_status":"open","sticky":false,"template":"","format":"standard","meta":{"_joinchat":[],"footnotes":""},"categories":[25],"tags":[],"class_list":{"0":"post-203693","1":"post","2":"type-post","3":"status-publish","4":"format-standard","5":"has-post-thumbnail","7":"category-destacados"},"yoast_head":"<!-- This site is optimized with the Yoast SEO plugin v27.2 - https:\/\/yoast.com\/product\/yoast-seo-wordpress\/ -->\n<title>Argentina entre acuerdos clave y disputas globales - Radio Infinita Goya<\/title>\n<meta name=\"description\" content=\"Qu\u00e9 esperar de las exportaciones en 2026 Nuevas alianzas, negociaciones pendientes y la volatilidad del escenario internacional definir\u00e1n el\" \/>\n<meta name=\"robots\" content=\"index, follow, max-snippet:-1, max-image-preview:large, max-video-preview:-1\" \/>\n<link rel=\"canonical\" href=\"https:\/\/radioinfinitagoya.com.ar\/v1\/2026\/01\/24\/argentina-entre-acuerdos-clave-y-disputas-globales\/\" \/>\n<meta property=\"og:locale\" content=\"es_ES\" \/>\n<meta property=\"og:type\" content=\"article\" \/>\n<meta property=\"og:title\" content=\"Argentina entre acuerdos clave y disputas globales - Radio Infinita Goya\" \/>\n<meta property=\"og:description\" content=\"Qu\u00e9 esperar de las exportaciones en 2026 Nuevas alianzas, negociaciones pendientes y la volatilidad del escenario internacional definir\u00e1n el\" \/>\n<meta property=\"og:url\" content=\"https:\/\/radioinfinitagoya.com.ar\/v1\/2026\/01\/24\/argentina-entre-acuerdos-clave-y-disputas-globales\/\" \/>\n<meta property=\"og:site_name\" content=\"Radio Infinita Goya\" \/>\n<meta property=\"article:publisher\" content=\"https:\/\/www.facebook.com\/p\/Infinita-Goya-100063870918311\/\" \/>\n<meta property=\"article:published_time\" content=\"2026-01-24T20:29:52+00:00\" \/>\n<meta property=\"og:image\" content=\"https:\/\/radioinfinitagoya.com.ar\/v1\/wp-content\/uploads\/2026\/01\/8ae716b1-f91d-4f3b-b139-55761edab31d.jpg\" \/>\n\t<meta property=\"og:image:width\" content=\"1080\" \/>\n\t<meta property=\"og:image:height\" content=\"625\" \/>\n\t<meta property=\"og:image:type\" content=\"image\/jpeg\" \/>\n<meta name=\"author\" content=\"Jorge Mi\u00f1o\" \/>\n<meta name=\"twitter:card\" content=\"summary_large_image\" \/>\n<meta name=\"twitter:label1\" content=\"Escrito por\" \/>\n\t<meta name=\"twitter:data1\" content=\"Jorge Mi\u00f1o\" \/>\n\t<meta name=\"twitter:label2\" content=\"Tiempo de lectura\" \/>\n\t<meta name=\"twitter:data2\" content=\"7 minutos\" \/>\n<script type=\"application\/ld+json\" class=\"yoast-schema-graph\">{\"@context\":\"https:\/\/schema.org\",\"@graph\":[{\"@type\":\"Article\",\"@id\":\"https:\/\/radioinfinitagoya.com.ar\/v1\/2026\/01\/24\/argentina-entre-acuerdos-clave-y-disputas-globales\/#article\",\"isPartOf\":{\"@id\":\"https:\/\/radioinfinitagoya.com.ar\/v1\/2026\/01\/24\/argentina-entre-acuerdos-clave-y-disputas-globales\/\"},\"author\":{\"name\":\"Jorge Mi\u00f1o\",\"@id\":\"https:\/\/radioinfinitagoya.com.ar\/v1\/#\/schema\/person\/d4cf9c413d4f6edb24aabdccab49ca4a\"},\"headline\":\"Argentina entre acuerdos clave y disputas globales\",\"datePublished\":\"2026-01-24T20:29:52+00:00\",\"mainEntityOfPage\":{\"@id\":\"https:\/\/radioinfinitagoya.com.ar\/v1\/2026\/01\/24\/argentina-entre-acuerdos-clave-y-disputas-globales\/\"},\"wordCount\":1457,\"commentCount\":0,\"publisher\":{\"@id\":\"https:\/\/radioinfinitagoya.com.ar\/v1\/#organization\"},\"image\":{\"@id\":\"https:\/\/radioinfinitagoya.com.ar\/v1\/2026\/01\/24\/argentina-entre-acuerdos-clave-y-disputas-globales\/#primaryimage\"},\"thumbnailUrl\":\"https:\/\/radioinfinitagoya.com.ar\/v1\/wp-content\/uploads\/2026\/01\/8ae716b1-f91d-4f3b-b139-55761edab31d.jpg\",\"articleSection\":[\"DESTACADOS\"],\"inLanguage\":\"es-AR\",\"potentialAction\":[{\"@type\":\"CommentAction\",\"name\":\"Comment\",\"target\":[\"https:\/\/radioinfinitagoya.com.ar\/v1\/2026\/01\/24\/argentina-entre-acuerdos-clave-y-disputas-globales\/#respond\"]}]},{\"@type\":\"WebPage\",\"@id\":\"https:\/\/radioinfinitagoya.com.ar\/v1\/2026\/01\/24\/argentina-entre-acuerdos-clave-y-disputas-globales\/\",\"url\":\"https:\/\/radioinfinitagoya.com.ar\/v1\/2026\/01\/24\/argentina-entre-acuerdos-clave-y-disputas-globales\/\",\"name\":\"Argentina entre acuerdos clave y disputas globales - Radio Infinita Goya\",\"isPartOf\":{\"@id\":\"https:\/\/radioinfinitagoya.com.ar\/v1\/#website\"},\"primaryImageOfPage\":{\"@id\":\"https:\/\/radioinfinitagoya.com.ar\/v1\/2026\/01\/24\/argentina-entre-acuerdos-clave-y-disputas-globales\/#primaryimage\"},\"image\":{\"@id\":\"https:\/\/radioinfinitagoya.com.ar\/v1\/2026\/01\/24\/argentina-entre-acuerdos-clave-y-disputas-globales\/#primaryimage\"},\"thumbnailUrl\":\"https:\/\/radioinfinitagoya.com.ar\/v1\/wp-content\/uploads\/2026\/01\/8ae716b1-f91d-4f3b-b139-55761edab31d.jpg\",\"datePublished\":\"2026-01-24T20:29:52+00:00\",\"description\":\"Qu\u00e9 esperar de las exportaciones en 2026 Nuevas alianzas, negociaciones pendientes y la volatilidad del escenario internacional definir\u00e1n el\",\"breadcrumb\":{\"@id\":\"https:\/\/radioinfinitagoya.com.ar\/v1\/2026\/01\/24\/argentina-entre-acuerdos-clave-y-disputas-globales\/#breadcrumb\"},\"inLanguage\":\"es-AR\",\"potentialAction\":[{\"@type\":\"ReadAction\",\"target\":[\"https:\/\/radioinfinitagoya.com.ar\/v1\/2026\/01\/24\/argentina-entre-acuerdos-clave-y-disputas-globales\/\"]}]},{\"@type\":\"ImageObject\",\"inLanguage\":\"es-AR\",\"@id\":\"https:\/\/radioinfinitagoya.com.ar\/v1\/2026\/01\/24\/argentina-entre-acuerdos-clave-y-disputas-globales\/#primaryimage\",\"url\":\"https:\/\/radioinfinitagoya.com.ar\/v1\/wp-content\/uploads\/2026\/01\/8ae716b1-f91d-4f3b-b139-55761edab31d.jpg\",\"contentUrl\":\"https:\/\/radioinfinitagoya.com.ar\/v1\/wp-content\/uploads\/2026\/01\/8ae716b1-f91d-4f3b-b139-55761edab31d.jpg\",\"width\":1080,\"height\":625},{\"@type\":\"BreadcrumbList\",\"@id\":\"https:\/\/radioinfinitagoya.com.ar\/v1\/2026\/01\/24\/argentina-entre-acuerdos-clave-y-disputas-globales\/#breadcrumb\",\"itemListElement\":[{\"@type\":\"ListItem\",\"position\":1,\"name\":\"Inicio\",\"item\":\"https:\/\/radioinfinitagoya.com.ar\/v1\/\"},{\"@type\":\"ListItem\",\"position\":2,\"name\":\"Argentina entre acuerdos clave y disputas globales\"}]},{\"@type\":\"WebSite\",\"@id\":\"https:\/\/radioinfinitagoya.com.ar\/v1\/#website\",\"url\":\"https:\/\/radioinfinitagoya.com.ar\/v1\/\",\"name\":\"radioinfinitagoya.com.ar\",\"description\":\"Radio de noticias\",\"publisher\":{\"@id\":\"https:\/\/radioinfinitagoya.com.ar\/v1\/#organization\"},\"potentialAction\":[{\"@type\":\"SearchAction\",\"target\":{\"@type\":\"EntryPoint\",\"urlTemplate\":\"https:\/\/radioinfinitagoya.com.ar\/v1\/?s={search_term_string}\"},\"query-input\":{\"@type\":\"PropertyValueSpecification\",\"valueRequired\":true,\"valueName\":\"search_term_string\"}}],\"inLanguage\":\"es-AR\"},{\"@type\":\"Organization\",\"@id\":\"https:\/\/radioinfinitagoya.com.ar\/v1\/#organization\",\"name\":\"Radio Infinita Goya\",\"url\":\"https:\/\/radioinfinitagoya.com.ar\/v1\/\",\"logo\":{\"@type\":\"ImageObject\",\"inLanguage\":\"es-AR\",\"@id\":\"https:\/\/radioinfinitagoya.com.ar\/v1\/#\/schema\/logo\/image\/\",\"url\":\"https:\/\/radioinfinitagoya.com.ar\/v1\/wp-content\/uploads\/2019\/11\/logo-pie-web.png\",\"contentUrl\":\"https:\/\/radioinfinitagoya.com.ar\/v1\/wp-content\/uploads\/2019\/11\/logo-pie-web.png\",\"width\":635,\"height\":326,\"caption\":\"Radio Infinita Goya\"},\"image\":{\"@id\":\"https:\/\/radioinfinitagoya.com.ar\/v1\/#\/schema\/logo\/image\/\"},\"sameAs\":[\"https:\/\/www.facebook.com\/p\/Infinita-Goya-100063870918311\/\"]},{\"@type\":\"Person\",\"@id\":\"https:\/\/radioinfinitagoya.com.ar\/v1\/#\/schema\/person\/d4cf9c413d4f6edb24aabdccab49ca4a\",\"name\":\"Jorge Mi\u00f1o\",\"image\":{\"@type\":\"ImageObject\",\"inLanguage\":\"es-AR\",\"@id\":\"https:\/\/secure.gravatar.com\/avatar\/910fcf6728fe95320e07a6643c1581fec1c7fc4bf8ae12e3d8f0d0373dc844be?s=96&d=mm&r=g\",\"url\":\"https:\/\/secure.gravatar.com\/avatar\/910fcf6728fe95320e07a6643c1581fec1c7fc4bf8ae12e3d8f0d0373dc844be?s=96&d=mm&r=g\",\"contentUrl\":\"https:\/\/secure.gravatar.com\/avatar\/910fcf6728fe95320e07a6643c1581fec1c7fc4bf8ae12e3d8f0d0373dc844be?s=96&d=mm&r=g\",\"caption\":\"Jorge Mi\u00f1o\"},\"sameAs\":[\"http:\/\/radioinfinitagoya.com.ar\"]}]}<\/script>\n<!-- \/ Yoast SEO plugin. -->","yoast_head_json":{"title":"Argentina entre acuerdos clave y disputas globales - Radio Infinita Goya","description":"Qu\u00e9 esperar de las exportaciones en 2026 Nuevas alianzas, negociaciones pendientes y la volatilidad del escenario internacional definir\u00e1n el","robots":{"index":"index","follow":"follow","max-snippet":"max-snippet:-1","max-image-preview":"max-image-preview:large","max-video-preview":"max-video-preview:-1"},"canonical":"https:\/\/radioinfinitagoya.com.ar\/v1\/2026\/01\/24\/argentina-entre-acuerdos-clave-y-disputas-globales\/","og_locale":"es_ES","og_type":"article","og_title":"Argentina entre acuerdos clave y disputas globales - Radio Infinita Goya","og_description":"Qu\u00e9 esperar de las exportaciones en 2026 Nuevas alianzas, negociaciones pendientes y la volatilidad del escenario internacional definir\u00e1n el","og_url":"https:\/\/radioinfinitagoya.com.ar\/v1\/2026\/01\/24\/argentina-entre-acuerdos-clave-y-disputas-globales\/","og_site_name":"Radio Infinita Goya","article_publisher":"https:\/\/www.facebook.com\/p\/Infinita-Goya-100063870918311\/","article_published_time":"2026-01-24T20:29:52+00:00","og_image":[{"width":1080,"height":625,"url":"https:\/\/radioinfinitagoya.com.ar\/v1\/wp-content\/uploads\/2026\/01\/8ae716b1-f91d-4f3b-b139-55761edab31d.jpg","type":"image\/jpeg"}],"author":"Jorge Mi\u00f1o","twitter_card":"summary_large_image","twitter_misc":{"Escrito por":"Jorge Mi\u00f1o","Tiempo de lectura":"7 minutos"},"schema":{"@context":"https:\/\/schema.org","@graph":[{"@type":"Article","@id":"https:\/\/radioinfinitagoya.com.ar\/v1\/2026\/01\/24\/argentina-entre-acuerdos-clave-y-disputas-globales\/#article","isPartOf":{"@id":"https:\/\/radioinfinitagoya.com.ar\/v1\/2026\/01\/24\/argentina-entre-acuerdos-clave-y-disputas-globales\/"},"author":{"name":"Jorge Mi\u00f1o","@id":"https:\/\/radioinfinitagoya.com.ar\/v1\/#\/schema\/person\/d4cf9c413d4f6edb24aabdccab49ca4a"},"headline":"Argentina entre acuerdos clave y disputas globales","datePublished":"2026-01-24T20:29:52+00:00","mainEntityOfPage":{"@id":"https:\/\/radioinfinitagoya.com.ar\/v1\/2026\/01\/24\/argentina-entre-acuerdos-clave-y-disputas-globales\/"},"wordCount":1457,"commentCount":0,"publisher":{"@id":"https:\/\/radioinfinitagoya.com.ar\/v1\/#organization"},"image":{"@id":"https:\/\/radioinfinitagoya.com.ar\/v1\/2026\/01\/24\/argentina-entre-acuerdos-clave-y-disputas-globales\/#primaryimage"},"thumbnailUrl":"https:\/\/radioinfinitagoya.com.ar\/v1\/wp-content\/uploads\/2026\/01\/8ae716b1-f91d-4f3b-b139-55761edab31d.jpg","articleSection":["DESTACADOS"],"inLanguage":"es-AR","potentialAction":[{"@type":"CommentAction","name":"Comment","target":["https:\/\/radioinfinitagoya.com.ar\/v1\/2026\/01\/24\/argentina-entre-acuerdos-clave-y-disputas-globales\/#respond"]}]},{"@type":"WebPage","@id":"https:\/\/radioinfinitagoya.com.ar\/v1\/2026\/01\/24\/argentina-entre-acuerdos-clave-y-disputas-globales\/","url":"https:\/\/radioinfinitagoya.com.ar\/v1\/2026\/01\/24\/argentina-entre-acuerdos-clave-y-disputas-globales\/","name":"Argentina entre acuerdos clave y disputas globales - Radio Infinita Goya","isPartOf":{"@id":"https:\/\/radioinfinitagoya.com.ar\/v1\/#website"},"primaryImageOfPage":{"@id":"https:\/\/radioinfinitagoya.com.ar\/v1\/2026\/01\/24\/argentina-entre-acuerdos-clave-y-disputas-globales\/#primaryimage"},"image":{"@id":"https:\/\/radioinfinitagoya.com.ar\/v1\/2026\/01\/24\/argentina-entre-acuerdos-clave-y-disputas-globales\/#primaryimage"},"thumbnailUrl":"https:\/\/radioinfinitagoya.com.ar\/v1\/wp-content\/uploads\/2026\/01\/8ae716b1-f91d-4f3b-b139-55761edab31d.jpg","datePublished":"2026-01-24T20:29:52+00:00","description":"Qu\u00e9 esperar de las exportaciones en 2026 Nuevas alianzas, negociaciones pendientes y la volatilidad del escenario internacional definir\u00e1n el","breadcrumb":{"@id":"https:\/\/radioinfinitagoya.com.ar\/v1\/2026\/01\/24\/argentina-entre-acuerdos-clave-y-disputas-globales\/#breadcrumb"},"inLanguage":"es-AR","potentialAction":[{"@type":"ReadAction","target":["https:\/\/radioinfinitagoya.com.ar\/v1\/2026\/01\/24\/argentina-entre-acuerdos-clave-y-disputas-globales\/"]}]},{"@type":"ImageObject","inLanguage":"es-AR","@id":"https:\/\/radioinfinitagoya.com.ar\/v1\/2026\/01\/24\/argentina-entre-acuerdos-clave-y-disputas-globales\/#primaryimage","url":"https:\/\/radioinfinitagoya.com.ar\/v1\/wp-content\/uploads\/2026\/01\/8ae716b1-f91d-4f3b-b139-55761edab31d.jpg","contentUrl":"https:\/\/radioinfinitagoya.com.ar\/v1\/wp-content\/uploads\/2026\/01\/8ae716b1-f91d-4f3b-b139-55761edab31d.jpg","width":1080,"height":625},{"@type":"BreadcrumbList","@id":"https:\/\/radioinfinitagoya.com.ar\/v1\/2026\/01\/24\/argentina-entre-acuerdos-clave-y-disputas-globales\/#breadcrumb","itemListElement":[{"@type":"ListItem","position":1,"name":"Inicio","item":"https:\/\/radioinfinitagoya.com.ar\/v1\/"},{"@type":"ListItem","position":2,"name":"Argentina entre acuerdos clave y disputas globales"}]},{"@type":"WebSite","@id":"https:\/\/radioinfinitagoya.com.ar\/v1\/#website","url":"https:\/\/radioinfinitagoya.com.ar\/v1\/","name":"radioinfinitagoya.com.ar","description":"Radio de noticias","publisher":{"@id":"https:\/\/radioinfinitagoya.com.ar\/v1\/#organization"},"potentialAction":[{"@type":"SearchAction","target":{"@type":"EntryPoint","urlTemplate":"https:\/\/radioinfinitagoya.com.ar\/v1\/?s={search_term_string}"},"query-input":{"@type":"PropertyValueSpecification","valueRequired":true,"valueName":"search_term_string"}}],"inLanguage":"es-AR"},{"@type":"Organization","@id":"https:\/\/radioinfinitagoya.com.ar\/v1\/#organization","name":"Radio Infinita Goya","url":"https:\/\/radioinfinitagoya.com.ar\/v1\/","logo":{"@type":"ImageObject","inLanguage":"es-AR","@id":"https:\/\/radioinfinitagoya.com.ar\/v1\/#\/schema\/logo\/image\/","url":"https:\/\/radioinfinitagoya.com.ar\/v1\/wp-content\/uploads\/2019\/11\/logo-pie-web.png","contentUrl":"https:\/\/radioinfinitagoya.com.ar\/v1\/wp-content\/uploads\/2019\/11\/logo-pie-web.png","width":635,"height":326,"caption":"Radio Infinita Goya"},"image":{"@id":"https:\/\/radioinfinitagoya.com.ar\/v1\/#\/schema\/logo\/image\/"},"sameAs":["https:\/\/www.facebook.com\/p\/Infinita-Goya-100063870918311\/"]},{"@type":"Person","@id":"https:\/\/radioinfinitagoya.com.ar\/v1\/#\/schema\/person\/d4cf9c413d4f6edb24aabdccab49ca4a","name":"Jorge Mi\u00f1o","image":{"@type":"ImageObject","inLanguage":"es-AR","@id":"https:\/\/secure.gravatar.com\/avatar\/910fcf6728fe95320e07a6643c1581fec1c7fc4bf8ae12e3d8f0d0373dc844be?s=96&d=mm&r=g","url":"https:\/\/secure.gravatar.com\/avatar\/910fcf6728fe95320e07a6643c1581fec1c7fc4bf8ae12e3d8f0d0373dc844be?s=96&d=mm&r=g","contentUrl":"https:\/\/secure.gravatar.com\/avatar\/910fcf6728fe95320e07a6643c1581fec1c7fc4bf8ae12e3d8f0d0373dc844be?s=96&d=mm&r=g","caption":"Jorge Mi\u00f1o"},"sameAs":["http:\/\/radioinfinitagoya.com.ar"]}]}},"_links":{"self":[{"href":"https:\/\/radioinfinitagoya.com.ar\/v1\/wp-json\/wp\/v2\/posts\/203693","targetHints":{"allow":["GET"]}}],"collection":[{"href":"https:\/\/radioinfinitagoya.com.ar\/v1\/wp-json\/wp\/v2\/posts"}],"about":[{"href":"https:\/\/radioinfinitagoya.com.ar\/v1\/wp-json\/wp\/v2\/types\/post"}],"author":[{"embeddable":true,"href":"https:\/\/radioinfinitagoya.com.ar\/v1\/wp-json\/wp\/v2\/users\/4"}],"replies":[{"embeddable":true,"href":"https:\/\/radioinfinitagoya.com.ar\/v1\/wp-json\/wp\/v2\/comments?post=203693"}],"version-history":[{"count":0,"href":"https:\/\/radioinfinitagoya.com.ar\/v1\/wp-json\/wp\/v2\/posts\/203693\/revisions"}],"wp:featuredmedia":[{"embeddable":true,"href":"https:\/\/radioinfinitagoya.com.ar\/v1\/wp-json\/wp\/v2\/media\/203695"}],"wp:attachment":[{"href":"https:\/\/radioinfinitagoya.com.ar\/v1\/wp-json\/wp\/v2\/media?parent=203693"}],"wp:term":[{"taxonomy":"category","embeddable":true,"href":"https:\/\/radioinfinitagoya.com.ar\/v1\/wp-json\/wp\/v2\/categories?post=203693"},{"taxonomy":"post_tag","embeddable":true,"href":"https:\/\/radioinfinitagoya.com.ar\/v1\/wp-json\/wp\/v2\/tags?post=203693"}],"curies":[{"name":"wp","href":"https:\/\/api.w.org\/{rel}","templated":true}]}}