{"id":203698,"date":"2026-01-25T15:55:58","date_gmt":"2026-01-25T18:55:58","guid":{"rendered":"https:\/\/radioinfinitagoya.com.ar\/v1\/?p=203698"},"modified":"2026-01-25T15:55:58","modified_gmt":"2026-01-25T18:55:58","slug":"deslumbrante-primera-luna-carnavalera","status":"publish","type":"post","link":"https:\/\/radioinfinitagoya.com.ar\/v1\/2026\/01\/25\/deslumbrante-primera-luna-carnavalera\/","title":{"rendered":"Deslumbrante primera luna carnavalera"},"content":{"rendered":"<p>El Intendente Mariano Hormaechea dej\u00f3 inagurada la primera de las noches de corsos oficiales<\/p>\n<p>El Ministro de Turismo de la Provincia de Corrientes Juan Enrique Braillard Poccard acompa\u00f1\u00f3 y particip\u00f3 de las aperturas de los carnavales goyanos<\/p>\n<p><img loading=\"lazy\" decoding=\"async\" class=\"alignnone size-full wp-image-203700\" src=\"https:\/\/radioinfinitagoya.com.ar\/v1\/wp-content\/uploads\/2026\/01\/2.jpg\" alt=\"\" width=\"1066\" height=\"1600\" srcset=\"https:\/\/radioinfinitagoya.com.ar\/v1\/wp-content\/uploads\/2026\/01\/2.jpg 1066w, https:\/\/radioinfinitagoya.com.ar\/v1\/wp-content\/uploads\/2026\/01\/2-100x150.jpg 100w, https:\/\/radioinfinitagoya.com.ar\/v1\/wp-content\/uploads\/2026\/01\/2-768x1153.jpg 768w, https:\/\/radioinfinitagoya.com.ar\/v1\/wp-content\/uploads\/2026\/01\/2-1023x1536.jpg 1023w, https:\/\/radioinfinitagoya.com.ar\/v1\/wp-content\/uploads\/2026\/01\/2-280x420.jpg 280w, https:\/\/radioinfinitagoya.com.ar\/v1\/wp-content\/uploads\/2026\/01\/2-696x1045.jpg 696w\" sizes=\"auto, (max-width: 1066px) 100vw, 1066px\" \/>El Intendente Mariano Hormaechea y el Ministro de Turismo de la Provincia Juan Enrique Braillard Poccard coincidieron en invitar a todos a trabajar \u201cJuntos para promover el carnaval, el turismo y el desarrollo y crecimiento econ\u00f3mico de la ciudad.\u201d<\/p>\n<p>Una deslumbrante primera luna carnavalera vivi\u00f3 Goya en la apertura de sus corsos oficiales, con la presencia de Funcionarios provinciales, municipales, concejales, presidentes y representantes de las comparsas animadoras de la Fiesta de Momo y el p\u00fablico que se instal\u00f3 en los espacios destinados para disfrutar del espect\u00e1culo.<\/p>\n<p>El Intendente tras rese\u00f1ar lo realizado con el prop\u00f3sito de \u201cposicionar y revalorizar a los carnavales, destac\u00f3 el aporte del equipo municipal, el acompa\u00f1amiento del Gobierno Provincial, la articulaci\u00f3n junto a las comparsas goyanas, instando a seguir trabajando juntos, para el crecimiento de este producto.\u201d<\/p>\n<p>El Ministro de Turismo tras dejar los saludos del Gobernador Juan Pablo Valides, felicito a \u201cLa Municipalidad de Goya por el apoyo a los carnavales, es magn\u00edfico ver que la ciudad m\u00e1s importante del interior cuente con esta fiesta que potencia nuestro turismo y permite ofrecer los encantadores lugares de nuestra provincia.<\/p>\n<p>Una deslumbrante primera luna carnavalera, se vivi\u00f3 en el Cors\u00f3dromo de Costa Surub\u00ed, donde las protagonistas, las comparsas participantes, dieron lo mejor para que brille el show del carnaval.<\/p>\n<p><img loading=\"lazy\" decoding=\"async\" class=\"alignnone size-full wp-image-203701\" src=\"https:\/\/radioinfinitagoya.com.ar\/v1\/wp-content\/uploads\/2026\/01\/3-1.jpg\" alt=\"\" width=\"1116\" height=\"1600\" srcset=\"https:\/\/radioinfinitagoya.com.ar\/v1\/wp-content\/uploads\/2026\/01\/3-1.jpg 1116w, https:\/\/radioinfinitagoya.com.ar\/v1\/wp-content\/uploads\/2026\/01\/3-1-105x150.jpg 105w, https:\/\/radioinfinitagoya.com.ar\/v1\/wp-content\/uploads\/2026\/01\/3-1-768x1101.jpg 768w, https:\/\/radioinfinitagoya.com.ar\/v1\/wp-content\/uploads\/2026\/01\/3-1-1071x1536.jpg 1071w, https:\/\/radioinfinitagoya.com.ar\/v1\/wp-content\/uploads\/2026\/01\/3-1-293x420.jpg 293w, https:\/\/radioinfinitagoya.com.ar\/v1\/wp-content\/uploads\/2026\/01\/3-1-696x998.jpg 696w, https:\/\/radioinfinitagoya.com.ar\/v1\/wp-content\/uploads\/2026\/01\/3-1-1068x1531.jpg 1068w\" sizes=\"auto, (max-width: 1116px) 100vw, 1116px\" \/>MARIANO HORMAECHEA<\/p>\n<p>Para la apertura oficial de los carnavales goyanos, el Intendente Mariano Hormaechea rese\u00f1o lo realizado asumiendo siempre el compromiso de poner en valor al Carnaval como un producto m\u00e1s de la ciudad, para posteriormente se\u00f1alar:\u201d Este evento es importante para los goyanos, pero para toda la provincia entendimos que deb\u00edamos trabajar para poner en valor a nuestros carnavales, lleg\u00f3 el gran d\u00eda, agradezco a cada presidente de comparsas, ayud\u00e1ndonos a crecer, estamos aprendiendo de cada edici\u00f3n, este es el resultado del trabajo de todos juntos debemos seguir trabajando juntos para que los carnavales siga creciendo, el objetivo a ponernos es ser los mejores, seguiremos convocando para dar estos pasos que son fundamentales, nosotros desde Goya, desde la Municipalidad, con el acompa\u00f1amiento del Gobierno de la Provincia, agradecemos hoy la presencia del Ministro de Turismo Juan Enrique; (Braillard Poccard),a seguir trabajando juntos y a disfrutar de la edici\u00f3n 2026 de los carnavales goyanos.\u201d Dejando de esa manera inaugurada la Fiesta de Momo<\/p>\n<p>JUAN ENRIQUE BRAILLARD POCCARD<\/p>\n<p>El Ministro de Turismo de la Provincia tras el saludo, reconocimiento a la Municipalidad de Goya, a los comparseros, fuerzas de seguridad, a la prensa, a los vecinos, expres\u00f3: \u201cTraigo el saludo de nuestro Gobernador Juan Pablo Vald\u00e9s, el Gobierno de la Provincia, los mejores augurios para el inicio de esta fiesta tan importante para la regi\u00f3n, para la ciudad, quiero felicitarte a vos Intendente, por la firme decisi\u00f3n estrat\u00e9gica de hacer crecer el carnaval de Goya, uno de los m\u00e1s antiguos de la provincia, seguramente con este empuje, esta fuerza volver\u00e1 a tener el lugar que se merece, que nunca tuvo que haber dejado.<\/p>\n<p>Estos eventos son importantes para el desarrollo econ\u00f3mico y tur\u00edstico de la ciudad, Goya tiene el evento m\u00e1s atractivo para el pa\u00eds como es su Fiesta Nacional del Surub\u00ed, debemos trabajar fuerte, juntos para revalorizar estas fiestas, tan cara a los sentimientos de los correntinos, como son nuestros carnavales locales, sigamos promoviendo nuestra cultura, nuestro desarrollo, exhibiendo los atractivos de nuestra provincia, porque sin dudas impactar\u00e1 positivamente en nuestras ciudades, gracias y \u00e9xitos en los carnavales goyanos.\u201d<\/p>\n<p>CORTE DE CINTAS<\/p>\n<p>Para habilitar el tr\u00e1nsito por la Alfombra Blanca del Cors\u00f3dromo Costa Surub\u00ed, el Intendente, Viceintendente; Ministro, funcionarios provinciales, municipales, concejales los soberanos del carnaval Marco Mart\u00ednez y Juanita Aguirre, presidentes y referentes de las comparsas, procedieron al corte de cintas dejando as\u00ed habilitado el circuito que durante cuatro lunas carnavaleras, albergar\u00e1 la alegr\u00eda de las protagonistas seis comparsas de Goya.<\/p>\n<p>Luego de la recorrida por el Cors\u00f3dromo por parte de las autoridades, presidentes de comparsas, embajadores del carnaval goyanos, se desat\u00f3 la alegr\u00eda con la presentaci\u00f3n de cada una de las comparsas de acuerdo al orden establecido.<\/p>\n<p>Una Primera Luna Carnavalera que deslumbr\u00f3 con el brillo y colorido de las comparsas y sus propuestas para esta edici\u00f3n, se podr\u00eda sintetizar como emociones de la primera noche, el brillo y ritmo pop en la apertura, a cargo de la debutante Oh Bah\u00eda; para invitar a sentir los latidos del carnaval, junto a Arami; haciendo estremecer el circuito con m\u00fasica, color, show, de Aymara; haciendo brillar la noche con las civilizaciones de todos los tiempos, con Ita Vera; para proseguir el itinerario carnavalero con la ciencia, la tecnolog\u00eda propuesta de Poramba y cerrar la primera convocatoria con una historia de carnaval de medio siglo de vigencia, con Tropical.<\/p>\n<p>La expectativa crece para la segunda presentaci\u00f3n de las comparsas que van escribiendo sus historias de carnaval, este s\u00e1bado 24 desde las 22 horas, en la Alfombra Blanca del Cors\u00f3dromo Costa Surub\u00ed.<\/p>\n<p>Direcci\u00f3n de Prensa-Municipalidad de Goya<\/p>\n<p>&nbsp;<\/p>\n","protected":false},"excerpt":{"rendered":"<p>El Intendente Mariano Hormaechea dej\u00f3 inagurada la primera de las noches de corsos oficiales El Ministro de Turismo de la Provincia de Corrientes Juan Enrique Braillard Poccard acompa\u00f1\u00f3 y particip\u00f3 de las aperturas de los carnavales goyanos El Intendente Mariano Hormaechea y el Ministro de Turismo de la Provincia Juan Enrique Braillard Poccard coincidieron en [&hellip;]<\/p>\n","protected":false},"author":4,"featured_media":203699,"comment_status":"open","ping_status":"open","sticky":false,"template":"","format":"standard","meta":{"_joinchat":[],"footnotes":""},"categories":[27],"tags":[],"class_list":{"0":"post-203698","1":"post","2":"type-post","3":"status-publish","4":"format-standard","5":"has-post-thumbnail","7":"category-locales"},"yoast_head":"<!-- This site is optimized with the Yoast SEO plugin v27.2 - https:\/\/yoast.com\/product\/yoast-seo-wordpress\/ -->\n<title>Deslumbrante primera luna carnavalera - Radio Infinita Goya<\/title>\n<meta name=\"description\" content=\"El Intendente Mariano Hormaechea dej\u00f3 inagurada la primera de las noches de corsos oficiales El Ministro de Turismo de la Provincia de Corrientes Juan\" \/>\n<meta name=\"robots\" content=\"index, follow, max-snippet:-1, max-image-preview:large, max-video-preview:-1\" \/>\n<link rel=\"canonical\" href=\"https:\/\/radioinfinitagoya.com.ar\/v1\/2026\/01\/25\/deslumbrante-primera-luna-carnavalera\/\" \/>\n<meta property=\"og:locale\" content=\"es_ES\" \/>\n<meta property=\"og:type\" content=\"article\" \/>\n<meta property=\"og:title\" content=\"Deslumbrante primera luna carnavalera - Radio Infinita Goya\" \/>\n<meta property=\"og:description\" content=\"El Intendente Mariano Hormaechea dej\u00f3 inagurada la primera de las noches de corsos oficiales El Ministro de Turismo de la Provincia de Corrientes Juan\" \/>\n<meta property=\"og:url\" content=\"https:\/\/radioinfinitagoya.com.ar\/v1\/2026\/01\/25\/deslumbrante-primera-luna-carnavalera\/\" \/>\n<meta property=\"og:site_name\" content=\"Radio Infinita Goya\" \/>\n<meta property=\"article:publisher\" content=\"https:\/\/www.facebook.com\/p\/Infinita-Goya-100063870918311\/\" \/>\n<meta property=\"article:published_time\" content=\"2026-01-25T18:55:58+00:00\" \/>\n<meta property=\"og:image\" content=\"https:\/\/radioinfinitagoya.com.ar\/v1\/wp-content\/uploads\/2026\/01\/1.jpg\" \/>\n\t<meta property=\"og:image:width\" content=\"848\" \/>\n\t<meta property=\"og:image:height\" content=\"477\" \/>\n\t<meta property=\"og:image:type\" content=\"image\/jpeg\" \/>\n<meta name=\"author\" content=\"Jorge Mi\u00f1o\" \/>\n<meta name=\"twitter:card\" content=\"summary_large_image\" \/>\n<meta name=\"twitter:label1\" content=\"Escrito por\" \/>\n\t<meta name=\"twitter:data1\" content=\"Jorge Mi\u00f1o\" \/>\n\t<meta name=\"twitter:label2\" content=\"Tiempo de lectura\" \/>\n\t<meta name=\"twitter:data2\" content=\"4 minutos\" \/>\n<script type=\"application\/ld+json\" class=\"yoast-schema-graph\">{\"@context\":\"https:\/\/schema.org\",\"@graph\":[{\"@type\":\"Article\",\"@id\":\"https:\/\/radioinfinitagoya.com.ar\/v1\/2026\/01\/25\/deslumbrante-primera-luna-carnavalera\/#article\",\"isPartOf\":{\"@id\":\"https:\/\/radioinfinitagoya.com.ar\/v1\/2026\/01\/25\/deslumbrante-primera-luna-carnavalera\/\"},\"author\":{\"name\":\"Jorge Mi\u00f1o\",\"@id\":\"https:\/\/radioinfinitagoya.com.ar\/v1\/#\/schema\/person\/d4cf9c413d4f6edb24aabdccab49ca4a\"},\"headline\":\"Deslumbrante primera luna carnavalera\",\"datePublished\":\"2026-01-25T18:55:58+00:00\",\"mainEntityOfPage\":{\"@id\":\"https:\/\/radioinfinitagoya.com.ar\/v1\/2026\/01\/25\/deslumbrante-primera-luna-carnavalera\/\"},\"wordCount\":892,\"commentCount\":0,\"publisher\":{\"@id\":\"https:\/\/radioinfinitagoya.com.ar\/v1\/#organization\"},\"image\":{\"@id\":\"https:\/\/radioinfinitagoya.com.ar\/v1\/2026\/01\/25\/deslumbrante-primera-luna-carnavalera\/#primaryimage\"},\"thumbnailUrl\":\"https:\/\/radioinfinitagoya.com.ar\/v1\/wp-content\/uploads\/2026\/01\/1.jpg\",\"articleSection\":[\"LOCALES\"],\"inLanguage\":\"es-AR\",\"potentialAction\":[{\"@type\":\"CommentAction\",\"name\":\"Comment\",\"target\":[\"https:\/\/radioinfinitagoya.com.ar\/v1\/2026\/01\/25\/deslumbrante-primera-luna-carnavalera\/#respond\"]}]},{\"@type\":\"WebPage\",\"@id\":\"https:\/\/radioinfinitagoya.com.ar\/v1\/2026\/01\/25\/deslumbrante-primera-luna-carnavalera\/\",\"url\":\"https:\/\/radioinfinitagoya.com.ar\/v1\/2026\/01\/25\/deslumbrante-primera-luna-carnavalera\/\",\"name\":\"Deslumbrante primera luna carnavalera - Radio Infinita Goya\",\"isPartOf\":{\"@id\":\"https:\/\/radioinfinitagoya.com.ar\/v1\/#website\"},\"primaryImageOfPage\":{\"@id\":\"https:\/\/radioinfinitagoya.com.ar\/v1\/2026\/01\/25\/deslumbrante-primera-luna-carnavalera\/#primaryimage\"},\"image\":{\"@id\":\"https:\/\/radioinfinitagoya.com.ar\/v1\/2026\/01\/25\/deslumbrante-primera-luna-carnavalera\/#primaryimage\"},\"thumbnailUrl\":\"https:\/\/radioinfinitagoya.com.ar\/v1\/wp-content\/uploads\/2026\/01\/1.jpg\",\"datePublished\":\"2026-01-25T18:55:58+00:00\",\"description\":\"El Intendente Mariano Hormaechea dej\u00f3 inagurada la primera de las noches de corsos oficiales El Ministro de Turismo de la Provincia de Corrientes Juan\",\"breadcrumb\":{\"@id\":\"https:\/\/radioinfinitagoya.com.ar\/v1\/2026\/01\/25\/deslumbrante-primera-luna-carnavalera\/#breadcrumb\"},\"inLanguage\":\"es-AR\",\"potentialAction\":[{\"@type\":\"ReadAction\",\"target\":[\"https:\/\/radioinfinitagoya.com.ar\/v1\/2026\/01\/25\/deslumbrante-primera-luna-carnavalera\/\"]}]},{\"@type\":\"ImageObject\",\"inLanguage\":\"es-AR\",\"@id\":\"https:\/\/radioinfinitagoya.com.ar\/v1\/2026\/01\/25\/deslumbrante-primera-luna-carnavalera\/#primaryimage\",\"url\":\"https:\/\/radioinfinitagoya.com.ar\/v1\/wp-content\/uploads\/2026\/01\/1.jpg\",\"contentUrl\":\"https:\/\/radioinfinitagoya.com.ar\/v1\/wp-content\/uploads\/2026\/01\/1.jpg\",\"width\":848,\"height\":477},{\"@type\":\"BreadcrumbList\",\"@id\":\"https:\/\/radioinfinitagoya.com.ar\/v1\/2026\/01\/25\/deslumbrante-primera-luna-carnavalera\/#breadcrumb\",\"itemListElement\":[{\"@type\":\"ListItem\",\"position\":1,\"name\":\"Inicio\",\"item\":\"https:\/\/radioinfinitagoya.com.ar\/v1\/\"},{\"@type\":\"ListItem\",\"position\":2,\"name\":\"Deslumbrante primera luna carnavalera\"}]},{\"@type\":\"WebSite\",\"@id\":\"https:\/\/radioinfinitagoya.com.ar\/v1\/#website\",\"url\":\"https:\/\/radioinfinitagoya.com.ar\/v1\/\",\"name\":\"radioinfinitagoya.com.ar\",\"description\":\"Radio de noticias\",\"publisher\":{\"@id\":\"https:\/\/radioinfinitagoya.com.ar\/v1\/#organization\"},\"potentialAction\":[{\"@type\":\"SearchAction\",\"target\":{\"@type\":\"EntryPoint\",\"urlTemplate\":\"https:\/\/radioinfinitagoya.com.ar\/v1\/?s={search_term_string}\"},\"query-input\":{\"@type\":\"PropertyValueSpecification\",\"valueRequired\":true,\"valueName\":\"search_term_string\"}}],\"inLanguage\":\"es-AR\"},{\"@type\":\"Organization\",\"@id\":\"https:\/\/radioinfinitagoya.com.ar\/v1\/#organization\",\"name\":\"Radio Infinita Goya\",\"url\":\"https:\/\/radioinfinitagoya.com.ar\/v1\/\",\"logo\":{\"@type\":\"ImageObject\",\"inLanguage\":\"es-AR\",\"@id\":\"https:\/\/radioinfinitagoya.com.ar\/v1\/#\/schema\/logo\/image\/\",\"url\":\"https:\/\/radioinfinitagoya.com.ar\/v1\/wp-content\/uploads\/2019\/11\/logo-pie-web.png\",\"contentUrl\":\"https:\/\/radioinfinitagoya.com.ar\/v1\/wp-content\/uploads\/2019\/11\/logo-pie-web.png\",\"width\":635,\"height\":326,\"caption\":\"Radio Infinita Goya\"},\"image\":{\"@id\":\"https:\/\/radioinfinitagoya.com.ar\/v1\/#\/schema\/logo\/image\/\"},\"sameAs\":[\"https:\/\/www.facebook.com\/p\/Infinita-Goya-100063870918311\/\"]},{\"@type\":\"Person\",\"@id\":\"https:\/\/radioinfinitagoya.com.ar\/v1\/#\/schema\/person\/d4cf9c413d4f6edb24aabdccab49ca4a\",\"name\":\"Jorge Mi\u00f1o\",\"image\":{\"@type\":\"ImageObject\",\"inLanguage\":\"es-AR\",\"@id\":\"https:\/\/secure.gravatar.com\/avatar\/910fcf6728fe95320e07a6643c1581fec1c7fc4bf8ae12e3d8f0d0373dc844be?s=96&d=mm&r=g\",\"url\":\"https:\/\/secure.gravatar.com\/avatar\/910fcf6728fe95320e07a6643c1581fec1c7fc4bf8ae12e3d8f0d0373dc844be?s=96&d=mm&r=g\",\"contentUrl\":\"https:\/\/secure.gravatar.com\/avatar\/910fcf6728fe95320e07a6643c1581fec1c7fc4bf8ae12e3d8f0d0373dc844be?s=96&d=mm&r=g\",\"caption\":\"Jorge Mi\u00f1o\"},\"sameAs\":[\"http:\/\/radioinfinitagoya.com.ar\"]}]}<\/script>\n<!-- \/ Yoast SEO plugin. -->","yoast_head_json":{"title":"Deslumbrante primera luna carnavalera - Radio Infinita Goya","description":"El Intendente Mariano Hormaechea dej\u00f3 inagurada la primera de las noches de corsos oficiales El Ministro de Turismo de la Provincia de Corrientes Juan","robots":{"index":"index","follow":"follow","max-snippet":"max-snippet:-1","max-image-preview":"max-image-preview:large","max-video-preview":"max-video-preview:-1"},"canonical":"https:\/\/radioinfinitagoya.com.ar\/v1\/2026\/01\/25\/deslumbrante-primera-luna-carnavalera\/","og_locale":"es_ES","og_type":"article","og_title":"Deslumbrante primera luna carnavalera - Radio Infinita Goya","og_description":"El Intendente Mariano Hormaechea dej\u00f3 inagurada la primera de las noches de corsos oficiales El Ministro de Turismo de la Provincia de Corrientes Juan","og_url":"https:\/\/radioinfinitagoya.com.ar\/v1\/2026\/01\/25\/deslumbrante-primera-luna-carnavalera\/","og_site_name":"Radio Infinita Goya","article_publisher":"https:\/\/www.facebook.com\/p\/Infinita-Goya-100063870918311\/","article_published_time":"2026-01-25T18:55:58+00:00","og_image":[{"width":848,"height":477,"url":"https:\/\/radioinfinitagoya.com.ar\/v1\/wp-content\/uploads\/2026\/01\/1.jpg","type":"image\/jpeg"}],"author":"Jorge Mi\u00f1o","twitter_card":"summary_large_image","twitter_misc":{"Escrito por":"Jorge Mi\u00f1o","Tiempo de lectura":"4 minutos"},"schema":{"@context":"https:\/\/schema.org","@graph":[{"@type":"Article","@id":"https:\/\/radioinfinitagoya.com.ar\/v1\/2026\/01\/25\/deslumbrante-primera-luna-carnavalera\/#article","isPartOf":{"@id":"https:\/\/radioinfinitagoya.com.ar\/v1\/2026\/01\/25\/deslumbrante-primera-luna-carnavalera\/"},"author":{"name":"Jorge Mi\u00f1o","@id":"https:\/\/radioinfinitagoya.com.ar\/v1\/#\/schema\/person\/d4cf9c413d4f6edb24aabdccab49ca4a"},"headline":"Deslumbrante primera luna carnavalera","datePublished":"2026-01-25T18:55:58+00:00","mainEntityOfPage":{"@id":"https:\/\/radioinfinitagoya.com.ar\/v1\/2026\/01\/25\/deslumbrante-primera-luna-carnavalera\/"},"wordCount":892,"commentCount":0,"publisher":{"@id":"https:\/\/radioinfinitagoya.com.ar\/v1\/#organization"},"image":{"@id":"https:\/\/radioinfinitagoya.com.ar\/v1\/2026\/01\/25\/deslumbrante-primera-luna-carnavalera\/#primaryimage"},"thumbnailUrl":"https:\/\/radioinfinitagoya.com.ar\/v1\/wp-content\/uploads\/2026\/01\/1.jpg","articleSection":["LOCALES"],"inLanguage":"es-AR","potentialAction":[{"@type":"CommentAction","name":"Comment","target":["https:\/\/radioinfinitagoya.com.ar\/v1\/2026\/01\/25\/deslumbrante-primera-luna-carnavalera\/#respond"]}]},{"@type":"WebPage","@id":"https:\/\/radioinfinitagoya.com.ar\/v1\/2026\/01\/25\/deslumbrante-primera-luna-carnavalera\/","url":"https:\/\/radioinfinitagoya.com.ar\/v1\/2026\/01\/25\/deslumbrante-primera-luna-carnavalera\/","name":"Deslumbrante primera luna carnavalera - Radio Infinita Goya","isPartOf":{"@id":"https:\/\/radioinfinitagoya.com.ar\/v1\/#website"},"primaryImageOfPage":{"@id":"https:\/\/radioinfinitagoya.com.ar\/v1\/2026\/01\/25\/deslumbrante-primera-luna-carnavalera\/#primaryimage"},"image":{"@id":"https:\/\/radioinfinitagoya.com.ar\/v1\/2026\/01\/25\/deslumbrante-primera-luna-carnavalera\/#primaryimage"},"thumbnailUrl":"https:\/\/radioinfinitagoya.com.ar\/v1\/wp-content\/uploads\/2026\/01\/1.jpg","datePublished":"2026-01-25T18:55:58+00:00","description":"El Intendente Mariano Hormaechea dej\u00f3 inagurada la primera de las noches de corsos oficiales El Ministro de Turismo de la Provincia de Corrientes Juan","breadcrumb":{"@id":"https:\/\/radioinfinitagoya.com.ar\/v1\/2026\/01\/25\/deslumbrante-primera-luna-carnavalera\/#breadcrumb"},"inLanguage":"es-AR","potentialAction":[{"@type":"ReadAction","target":["https:\/\/radioinfinitagoya.com.ar\/v1\/2026\/01\/25\/deslumbrante-primera-luna-carnavalera\/"]}]},{"@type":"ImageObject","inLanguage":"es-AR","@id":"https:\/\/radioinfinitagoya.com.ar\/v1\/2026\/01\/25\/deslumbrante-primera-luna-carnavalera\/#primaryimage","url":"https:\/\/radioinfinitagoya.com.ar\/v1\/wp-content\/uploads\/2026\/01\/1.jpg","contentUrl":"https:\/\/radioinfinitagoya.com.ar\/v1\/wp-content\/uploads\/2026\/01\/1.jpg","width":848,"height":477},{"@type":"BreadcrumbList","@id":"https:\/\/radioinfinitagoya.com.ar\/v1\/2026\/01\/25\/deslumbrante-primera-luna-carnavalera\/#breadcrumb","itemListElement":[{"@type":"ListItem","position":1,"name":"Inicio","item":"https:\/\/radioinfinitagoya.com.ar\/v1\/"},{"@type":"ListItem","position":2,"name":"Deslumbrante primera luna carnavalera"}]},{"@type":"WebSite","@id":"https:\/\/radioinfinitagoya.com.ar\/v1\/#website","url":"https:\/\/radioinfinitagoya.com.ar\/v1\/","name":"radioinfinitagoya.com.ar","description":"Radio de noticias","publisher":{"@id":"https:\/\/radioinfinitagoya.com.ar\/v1\/#organization"},"potentialAction":[{"@type":"SearchAction","target":{"@type":"EntryPoint","urlTemplate":"https:\/\/radioinfinitagoya.com.ar\/v1\/?s={search_term_string}"},"query-input":{"@type":"PropertyValueSpecification","valueRequired":true,"valueName":"search_term_string"}}],"inLanguage":"es-AR"},{"@type":"Organization","@id":"https:\/\/radioinfinitagoya.com.ar\/v1\/#organization","name":"Radio Infinita Goya","url":"https:\/\/radioinfinitagoya.com.ar\/v1\/","logo":{"@type":"ImageObject","inLanguage":"es-AR","@id":"https:\/\/radioinfinitagoya.com.ar\/v1\/#\/schema\/logo\/image\/","url":"https:\/\/radioinfinitagoya.com.ar\/v1\/wp-content\/uploads\/2019\/11\/logo-pie-web.png","contentUrl":"https:\/\/radioinfinitagoya.com.ar\/v1\/wp-content\/uploads\/2019\/11\/logo-pie-web.png","width":635,"height":326,"caption":"Radio Infinita Goya"},"image":{"@id":"https:\/\/radioinfinitagoya.com.ar\/v1\/#\/schema\/logo\/image\/"},"sameAs":["https:\/\/www.facebook.com\/p\/Infinita-Goya-100063870918311\/"]},{"@type":"Person","@id":"https:\/\/radioinfinitagoya.com.ar\/v1\/#\/schema\/person\/d4cf9c413d4f6edb24aabdccab49ca4a","name":"Jorge Mi\u00f1o","image":{"@type":"ImageObject","inLanguage":"es-AR","@id":"https:\/\/secure.gravatar.com\/avatar\/910fcf6728fe95320e07a6643c1581fec1c7fc4bf8ae12e3d8f0d0373dc844be?s=96&d=mm&r=g","url":"https:\/\/secure.gravatar.com\/avatar\/910fcf6728fe95320e07a6643c1581fec1c7fc4bf8ae12e3d8f0d0373dc844be?s=96&d=mm&r=g","contentUrl":"https:\/\/secure.gravatar.com\/avatar\/910fcf6728fe95320e07a6643c1581fec1c7fc4bf8ae12e3d8f0d0373dc844be?s=96&d=mm&r=g","caption":"Jorge Mi\u00f1o"},"sameAs":["http:\/\/radioinfinitagoya.com.ar"]}]}},"_links":{"self":[{"href":"https:\/\/radioinfinitagoya.com.ar\/v1\/wp-json\/wp\/v2\/posts\/203698","targetHints":{"allow":["GET"]}}],"collection":[{"href":"https:\/\/radioinfinitagoya.com.ar\/v1\/wp-json\/wp\/v2\/posts"}],"about":[{"href":"https:\/\/radioinfinitagoya.com.ar\/v1\/wp-json\/wp\/v2\/types\/post"}],"author":[{"embeddable":true,"href":"https:\/\/radioinfinitagoya.com.ar\/v1\/wp-json\/wp\/v2\/users\/4"}],"replies":[{"embeddable":true,"href":"https:\/\/radioinfinitagoya.com.ar\/v1\/wp-json\/wp\/v2\/comments?post=203698"}],"version-history":[{"count":0,"href":"https:\/\/radioinfinitagoya.com.ar\/v1\/wp-json\/wp\/v2\/posts\/203698\/revisions"}],"wp:featuredmedia":[{"embeddable":true,"href":"https:\/\/radioinfinitagoya.com.ar\/v1\/wp-json\/wp\/v2\/media\/203699"}],"wp:attachment":[{"href":"https:\/\/radioinfinitagoya.com.ar\/v1\/wp-json\/wp\/v2\/media?parent=203698"}],"wp:term":[{"taxonomy":"category","embeddable":true,"href":"https:\/\/radioinfinitagoya.com.ar\/v1\/wp-json\/wp\/v2\/categories?post=203698"},{"taxonomy":"post_tag","embeddable":true,"href":"https:\/\/radioinfinitagoya.com.ar\/v1\/wp-json\/wp\/v2\/tags?post=203698"}],"curies":[{"name":"wp","href":"https:\/\/api.w.org\/{rel}","templated":true}]}}