{"id":203703,"date":"2026-01-25T15:59:09","date_gmt":"2026-01-25T18:59:09","guid":{"rendered":"https:\/\/radioinfinitagoya.com.ar\/v1\/?p=203703"},"modified":"2026-01-25T15:59:09","modified_gmt":"2026-01-25T18:59:09","slug":"carnavales-2026-ministro-de-turismo-de-la-provincia-de-corrientes","status":"publish","type":"post","link":"https:\/\/radioinfinitagoya.com.ar\/v1\/2026\/01\/25\/carnavales-2026-ministro-de-turismo-de-la-provincia-de-corrientes\/","title":{"rendered":"Carnavales 2026: Ministro de Turismo de la Provincia de Corrientes"},"content":{"rendered":"<p>El titular de la cartera tur\u00edstica de la provincia Juan Enrique Braillard Poccard en la primera noche de los corsos oficiales de la ciudad, ante la consulta del equipo de transmisi\u00f3n, dej\u00f3 sus consideraciones en relaci\u00f3n a esta fiesta en Goya.<\/p>\n<p>\u201cNuestro objetivo es trabajar con los Municipios para poner en valor cada uno de sus productos\u201d Afirm\u00f3 el Ministro de Turismo<\/p>\n<p>EMOCI\u00d3N FAMILIAR Y OBJETIVOS CLAROS<\/p>\n<p>En la entrevista mantenida durante la primera noche de los corsos, Juan Enrique Braillard Poccard, destac\u00f3: \u201cGracias a Goya por recibirnos, es algo especial estar en esta ciudad, mi familia materna es originaria de la ciudad, es algo emocionante venir, desde el primer d\u00eda de gesti\u00f3n nos propusimos trabajar con cada municipio para revalorizar sus respectivos productos, la idea es trabajar en conjunto para poner en valor este carnaval, que recobre ese posicionamiento que supo tener, favoreciendo al desarrollo econ\u00f3mico y de promoci\u00f3n sus atractivos. \u201c<\/p>\n<p>VISI\u00d3N ESTRAT\u00c9GICA<\/p>\n<p>Consultado sobre el apoyo del Gobierno a las actividades de verano, cultural, social, se\u00f1al\u00f3: \u201cEn la presentaci\u00f3n de los carnavales provinciales, el Gobernador Gustavo Vald\u00e9s tuvo la visi\u00f3n estrat\u00e9gica de poner el valor de esa fiesta, el actual Gobernador de la Provincia Juan Pablo Vald\u00e9s, en la continuidad pone en valor todas nuestras fiestas culturales, populares, reflejados en todos los carnavales de las ciudades de la provincia, se puede generar esos ingresos genuinos para el turismo.\u201d<\/p>\n<p>COMPARSAS DEL INTERIOR EN LA CAPITAL CORRENTINA<\/p>\n<p>Finalmente, el Ministro de Turismo, anticip\u00f3: \u201cLos eventos se ir\u00e1n dando paulatinamente hasta mediado de febrero, donde tendremos a las ganadoras de los carnavales del interior para obtener la distinci\u00f3n a nivel provincial, la promoci\u00f3n de las actividades en las playas, el prop\u00f3sito es mostrar todos los atractivos que tenemos en nuestra provincia.&#8221;<\/p>\n<p>Direcci\u00f3n de Prensa-Municipalidad de Goya<\/p>\n<p>&nbsp;<\/p>\n","protected":false},"excerpt":{"rendered":"<p>El titular de la cartera tur\u00edstica de la provincia Juan Enrique Braillard Poccard en la primera noche de los corsos oficiales de la ciudad, ante la consulta del equipo de transmisi\u00f3n, dej\u00f3 sus consideraciones en relaci\u00f3n a esta fiesta en Goya. \u201cNuestro objetivo es trabajar con los Municipios para poner en valor cada uno de [&hellip;]<\/p>\n","protected":false},"author":4,"featured_media":203704,"comment_status":"open","ping_status":"open","sticky":false,"template":"","format":"standard","meta":{"_joinchat":[],"footnotes":""},"categories":[27],"tags":[],"class_list":{"0":"post-203703","1":"post","2":"type-post","3":"status-publish","4":"format-standard","5":"has-post-thumbnail","7":"category-locales"},"yoast_head":"<!-- This site is optimized with the Yoast SEO plugin v27.2 - https:\/\/yoast.com\/product\/yoast-seo-wordpress\/ -->\n<title>Carnavales 2026: Ministro de Turismo de la Provincia de Corrientes - Radio Infinita Goya<\/title>\n<meta name=\"description\" content=\"El titular de la cartera tur\u00edstica de la provincia Juan Enrique Braillard Poccard en la primera noche de los corsos oficiales de la ciudad, ante la\" \/>\n<meta name=\"robots\" content=\"index, follow, max-snippet:-1, max-image-preview:large, max-video-preview:-1\" \/>\n<link rel=\"canonical\" href=\"https:\/\/radioinfinitagoya.com.ar\/v1\/2026\/01\/25\/carnavales-2026-ministro-de-turismo-de-la-provincia-de-corrientes\/\" \/>\n<meta property=\"og:locale\" content=\"es_ES\" \/>\n<meta property=\"og:type\" content=\"article\" \/>\n<meta property=\"og:title\" content=\"Carnavales 2026: Ministro de Turismo de la Provincia de Corrientes - Radio Infinita Goya\" \/>\n<meta property=\"og:description\" content=\"El titular de la cartera tur\u00edstica de la provincia Juan Enrique Braillard Poccard en la primera noche de los corsos oficiales de la ciudad, ante la\" \/>\n<meta property=\"og:url\" content=\"https:\/\/radioinfinitagoya.com.ar\/v1\/2026\/01\/25\/carnavales-2026-ministro-de-turismo-de-la-provincia-de-corrientes\/\" \/>\n<meta property=\"og:site_name\" content=\"Radio Infinita Goya\" \/>\n<meta property=\"article:publisher\" content=\"https:\/\/www.facebook.com\/p\/Infinita-Goya-100063870918311\/\" \/>\n<meta property=\"article:published_time\" content=\"2026-01-25T18:59:09+00:00\" \/>\n<meta property=\"og:image\" content=\"https:\/\/radioinfinitagoya.com.ar\/v1\/wp-content\/uploads\/2026\/01\/ministro_de_turismo_de_la_provincia_2_ilustracion_entrevista_transmision_carna.jpg\" \/>\n\t<meta property=\"og:image:width\" content=\"848\" \/>\n\t<meta property=\"og:image:height\" content=\"477\" \/>\n\t<meta property=\"og:image:type\" content=\"image\/jpeg\" \/>\n<meta name=\"author\" content=\"Jorge Mi\u00f1o\" \/>\n<meta name=\"twitter:card\" content=\"summary_large_image\" \/>\n<meta name=\"twitter:label1\" content=\"Escrito por\" \/>\n\t<meta name=\"twitter:data1\" content=\"Jorge Mi\u00f1o\" \/>\n\t<meta name=\"twitter:label2\" content=\"Tiempo de lectura\" \/>\n\t<meta name=\"twitter:data2\" content=\"2 minutos\" \/>\n<script type=\"application\/ld+json\" class=\"yoast-schema-graph\">{\"@context\":\"https:\/\/schema.org\",\"@graph\":[{\"@type\":\"Article\",\"@id\":\"https:\/\/radioinfinitagoya.com.ar\/v1\/2026\/01\/25\/carnavales-2026-ministro-de-turismo-de-la-provincia-de-corrientes\/#article\",\"isPartOf\":{\"@id\":\"https:\/\/radioinfinitagoya.com.ar\/v1\/2026\/01\/25\/carnavales-2026-ministro-de-turismo-de-la-provincia-de-corrientes\/\"},\"author\":{\"name\":\"Jorge Mi\u00f1o\",\"@id\":\"https:\/\/radioinfinitagoya.com.ar\/v1\/#\/schema\/person\/d4cf9c413d4f6edb24aabdccab49ca4a\"},\"headline\":\"Carnavales 2026: Ministro de Turismo de la Provincia de Corrientes\",\"datePublished\":\"2026-01-25T18:59:09+00:00\",\"mainEntityOfPage\":{\"@id\":\"https:\/\/radioinfinitagoya.com.ar\/v1\/2026\/01\/25\/carnavales-2026-ministro-de-turismo-de-la-provincia-de-corrientes\/\"},\"wordCount\":326,\"commentCount\":0,\"publisher\":{\"@id\":\"https:\/\/radioinfinitagoya.com.ar\/v1\/#organization\"},\"image\":{\"@id\":\"https:\/\/radioinfinitagoya.com.ar\/v1\/2026\/01\/25\/carnavales-2026-ministro-de-turismo-de-la-provincia-de-corrientes\/#primaryimage\"},\"thumbnailUrl\":\"https:\/\/radioinfinitagoya.com.ar\/v1\/wp-content\/uploads\/2026\/01\/ministro_de_turismo_de_la_provincia_2_ilustracion_entrevista_transmision_carna.jpg\",\"articleSection\":[\"LOCALES\"],\"inLanguage\":\"es-AR\",\"potentialAction\":[{\"@type\":\"CommentAction\",\"name\":\"Comment\",\"target\":[\"https:\/\/radioinfinitagoya.com.ar\/v1\/2026\/01\/25\/carnavales-2026-ministro-de-turismo-de-la-provincia-de-corrientes\/#respond\"]}]},{\"@type\":\"WebPage\",\"@id\":\"https:\/\/radioinfinitagoya.com.ar\/v1\/2026\/01\/25\/carnavales-2026-ministro-de-turismo-de-la-provincia-de-corrientes\/\",\"url\":\"https:\/\/radioinfinitagoya.com.ar\/v1\/2026\/01\/25\/carnavales-2026-ministro-de-turismo-de-la-provincia-de-corrientes\/\",\"name\":\"Carnavales 2026: Ministro de Turismo de la Provincia de Corrientes - Radio Infinita Goya\",\"isPartOf\":{\"@id\":\"https:\/\/radioinfinitagoya.com.ar\/v1\/#website\"},\"primaryImageOfPage\":{\"@id\":\"https:\/\/radioinfinitagoya.com.ar\/v1\/2026\/01\/25\/carnavales-2026-ministro-de-turismo-de-la-provincia-de-corrientes\/#primaryimage\"},\"image\":{\"@id\":\"https:\/\/radioinfinitagoya.com.ar\/v1\/2026\/01\/25\/carnavales-2026-ministro-de-turismo-de-la-provincia-de-corrientes\/#primaryimage\"},\"thumbnailUrl\":\"https:\/\/radioinfinitagoya.com.ar\/v1\/wp-content\/uploads\/2026\/01\/ministro_de_turismo_de_la_provincia_2_ilustracion_entrevista_transmision_carna.jpg\",\"datePublished\":\"2026-01-25T18:59:09+00:00\",\"description\":\"El titular de la cartera tur\u00edstica de la provincia Juan Enrique Braillard Poccard en la primera noche de los corsos oficiales de la ciudad, ante la\",\"breadcrumb\":{\"@id\":\"https:\/\/radioinfinitagoya.com.ar\/v1\/2026\/01\/25\/carnavales-2026-ministro-de-turismo-de-la-provincia-de-corrientes\/#breadcrumb\"},\"inLanguage\":\"es-AR\",\"potentialAction\":[{\"@type\":\"ReadAction\",\"target\":[\"https:\/\/radioinfinitagoya.com.ar\/v1\/2026\/01\/25\/carnavales-2026-ministro-de-turismo-de-la-provincia-de-corrientes\/\"]}]},{\"@type\":\"ImageObject\",\"inLanguage\":\"es-AR\",\"@id\":\"https:\/\/radioinfinitagoya.com.ar\/v1\/2026\/01\/25\/carnavales-2026-ministro-de-turismo-de-la-provincia-de-corrientes\/#primaryimage\",\"url\":\"https:\/\/radioinfinitagoya.com.ar\/v1\/wp-content\/uploads\/2026\/01\/ministro_de_turismo_de_la_provincia_2_ilustracion_entrevista_transmision_carna.jpg\",\"contentUrl\":\"https:\/\/radioinfinitagoya.com.ar\/v1\/wp-content\/uploads\/2026\/01\/ministro_de_turismo_de_la_provincia_2_ilustracion_entrevista_transmision_carna.jpg\",\"width\":848,\"height\":477},{\"@type\":\"BreadcrumbList\",\"@id\":\"https:\/\/radioinfinitagoya.com.ar\/v1\/2026\/01\/25\/carnavales-2026-ministro-de-turismo-de-la-provincia-de-corrientes\/#breadcrumb\",\"itemListElement\":[{\"@type\":\"ListItem\",\"position\":1,\"name\":\"Inicio\",\"item\":\"https:\/\/radioinfinitagoya.com.ar\/v1\/\"},{\"@type\":\"ListItem\",\"position\":2,\"name\":\"Carnavales 2026: Ministro de Turismo de la Provincia de Corrientes\"}]},{\"@type\":\"WebSite\",\"@id\":\"https:\/\/radioinfinitagoya.com.ar\/v1\/#website\",\"url\":\"https:\/\/radioinfinitagoya.com.ar\/v1\/\",\"name\":\"radioinfinitagoya.com.ar\",\"description\":\"Radio de noticias\",\"publisher\":{\"@id\":\"https:\/\/radioinfinitagoya.com.ar\/v1\/#organization\"},\"potentialAction\":[{\"@type\":\"SearchAction\",\"target\":{\"@type\":\"EntryPoint\",\"urlTemplate\":\"https:\/\/radioinfinitagoya.com.ar\/v1\/?s={search_term_string}\"},\"query-input\":{\"@type\":\"PropertyValueSpecification\",\"valueRequired\":true,\"valueName\":\"search_term_string\"}}],\"inLanguage\":\"es-AR\"},{\"@type\":\"Organization\",\"@id\":\"https:\/\/radioinfinitagoya.com.ar\/v1\/#organization\",\"name\":\"Radio Infinita Goya\",\"url\":\"https:\/\/radioinfinitagoya.com.ar\/v1\/\",\"logo\":{\"@type\":\"ImageObject\",\"inLanguage\":\"es-AR\",\"@id\":\"https:\/\/radioinfinitagoya.com.ar\/v1\/#\/schema\/logo\/image\/\",\"url\":\"https:\/\/radioinfinitagoya.com.ar\/v1\/wp-content\/uploads\/2019\/11\/logo-pie-web.png\",\"contentUrl\":\"https:\/\/radioinfinitagoya.com.ar\/v1\/wp-content\/uploads\/2019\/11\/logo-pie-web.png\",\"width\":635,\"height\":326,\"caption\":\"Radio Infinita Goya\"},\"image\":{\"@id\":\"https:\/\/radioinfinitagoya.com.ar\/v1\/#\/schema\/logo\/image\/\"},\"sameAs\":[\"https:\/\/www.facebook.com\/p\/Infinita-Goya-100063870918311\/\"]},{\"@type\":\"Person\",\"@id\":\"https:\/\/radioinfinitagoya.com.ar\/v1\/#\/schema\/person\/d4cf9c413d4f6edb24aabdccab49ca4a\",\"name\":\"Jorge Mi\u00f1o\",\"image\":{\"@type\":\"ImageObject\",\"inLanguage\":\"es-AR\",\"@id\":\"https:\/\/secure.gravatar.com\/avatar\/910fcf6728fe95320e07a6643c1581fec1c7fc4bf8ae12e3d8f0d0373dc844be?s=96&d=mm&r=g\",\"url\":\"https:\/\/secure.gravatar.com\/avatar\/910fcf6728fe95320e07a6643c1581fec1c7fc4bf8ae12e3d8f0d0373dc844be?s=96&d=mm&r=g\",\"contentUrl\":\"https:\/\/secure.gravatar.com\/avatar\/910fcf6728fe95320e07a6643c1581fec1c7fc4bf8ae12e3d8f0d0373dc844be?s=96&d=mm&r=g\",\"caption\":\"Jorge Mi\u00f1o\"},\"sameAs\":[\"http:\/\/radioinfinitagoya.com.ar\"]}]}<\/script>\n<!-- \/ Yoast SEO plugin. -->","yoast_head_json":{"title":"Carnavales 2026: Ministro de Turismo de la Provincia de Corrientes - Radio Infinita Goya","description":"El titular de la cartera tur\u00edstica de la provincia Juan Enrique Braillard Poccard en la primera noche de los corsos oficiales de la ciudad, ante la","robots":{"index":"index","follow":"follow","max-snippet":"max-snippet:-1","max-image-preview":"max-image-preview:large","max-video-preview":"max-video-preview:-1"},"canonical":"https:\/\/radioinfinitagoya.com.ar\/v1\/2026\/01\/25\/carnavales-2026-ministro-de-turismo-de-la-provincia-de-corrientes\/","og_locale":"es_ES","og_type":"article","og_title":"Carnavales 2026: Ministro de Turismo de la Provincia de Corrientes - Radio Infinita Goya","og_description":"El titular de la cartera tur\u00edstica de la provincia Juan Enrique Braillard Poccard en la primera noche de los corsos oficiales de la ciudad, ante la","og_url":"https:\/\/radioinfinitagoya.com.ar\/v1\/2026\/01\/25\/carnavales-2026-ministro-de-turismo-de-la-provincia-de-corrientes\/","og_site_name":"Radio Infinita Goya","article_publisher":"https:\/\/www.facebook.com\/p\/Infinita-Goya-100063870918311\/","article_published_time":"2026-01-25T18:59:09+00:00","og_image":[{"width":848,"height":477,"url":"https:\/\/radioinfinitagoya.com.ar\/v1\/wp-content\/uploads\/2026\/01\/ministro_de_turismo_de_la_provincia_2_ilustracion_entrevista_transmision_carna.jpg","type":"image\/jpeg"}],"author":"Jorge Mi\u00f1o","twitter_card":"summary_large_image","twitter_misc":{"Escrito por":"Jorge Mi\u00f1o","Tiempo de lectura":"2 minutos"},"schema":{"@context":"https:\/\/schema.org","@graph":[{"@type":"Article","@id":"https:\/\/radioinfinitagoya.com.ar\/v1\/2026\/01\/25\/carnavales-2026-ministro-de-turismo-de-la-provincia-de-corrientes\/#article","isPartOf":{"@id":"https:\/\/radioinfinitagoya.com.ar\/v1\/2026\/01\/25\/carnavales-2026-ministro-de-turismo-de-la-provincia-de-corrientes\/"},"author":{"name":"Jorge Mi\u00f1o","@id":"https:\/\/radioinfinitagoya.com.ar\/v1\/#\/schema\/person\/d4cf9c413d4f6edb24aabdccab49ca4a"},"headline":"Carnavales 2026: Ministro de Turismo de la Provincia de Corrientes","datePublished":"2026-01-25T18:59:09+00:00","mainEntityOfPage":{"@id":"https:\/\/radioinfinitagoya.com.ar\/v1\/2026\/01\/25\/carnavales-2026-ministro-de-turismo-de-la-provincia-de-corrientes\/"},"wordCount":326,"commentCount":0,"publisher":{"@id":"https:\/\/radioinfinitagoya.com.ar\/v1\/#organization"},"image":{"@id":"https:\/\/radioinfinitagoya.com.ar\/v1\/2026\/01\/25\/carnavales-2026-ministro-de-turismo-de-la-provincia-de-corrientes\/#primaryimage"},"thumbnailUrl":"https:\/\/radioinfinitagoya.com.ar\/v1\/wp-content\/uploads\/2026\/01\/ministro_de_turismo_de_la_provincia_2_ilustracion_entrevista_transmision_carna.jpg","articleSection":["LOCALES"],"inLanguage":"es-AR","potentialAction":[{"@type":"CommentAction","name":"Comment","target":["https:\/\/radioinfinitagoya.com.ar\/v1\/2026\/01\/25\/carnavales-2026-ministro-de-turismo-de-la-provincia-de-corrientes\/#respond"]}]},{"@type":"WebPage","@id":"https:\/\/radioinfinitagoya.com.ar\/v1\/2026\/01\/25\/carnavales-2026-ministro-de-turismo-de-la-provincia-de-corrientes\/","url":"https:\/\/radioinfinitagoya.com.ar\/v1\/2026\/01\/25\/carnavales-2026-ministro-de-turismo-de-la-provincia-de-corrientes\/","name":"Carnavales 2026: Ministro de Turismo de la Provincia de Corrientes - Radio Infinita Goya","isPartOf":{"@id":"https:\/\/radioinfinitagoya.com.ar\/v1\/#website"},"primaryImageOfPage":{"@id":"https:\/\/radioinfinitagoya.com.ar\/v1\/2026\/01\/25\/carnavales-2026-ministro-de-turismo-de-la-provincia-de-corrientes\/#primaryimage"},"image":{"@id":"https:\/\/radioinfinitagoya.com.ar\/v1\/2026\/01\/25\/carnavales-2026-ministro-de-turismo-de-la-provincia-de-corrientes\/#primaryimage"},"thumbnailUrl":"https:\/\/radioinfinitagoya.com.ar\/v1\/wp-content\/uploads\/2026\/01\/ministro_de_turismo_de_la_provincia_2_ilustracion_entrevista_transmision_carna.jpg","datePublished":"2026-01-25T18:59:09+00:00","description":"El titular de la cartera tur\u00edstica de la provincia Juan Enrique Braillard Poccard en la primera noche de los corsos oficiales de la ciudad, ante la","breadcrumb":{"@id":"https:\/\/radioinfinitagoya.com.ar\/v1\/2026\/01\/25\/carnavales-2026-ministro-de-turismo-de-la-provincia-de-corrientes\/#breadcrumb"},"inLanguage":"es-AR","potentialAction":[{"@type":"ReadAction","target":["https:\/\/radioinfinitagoya.com.ar\/v1\/2026\/01\/25\/carnavales-2026-ministro-de-turismo-de-la-provincia-de-corrientes\/"]}]},{"@type":"ImageObject","inLanguage":"es-AR","@id":"https:\/\/radioinfinitagoya.com.ar\/v1\/2026\/01\/25\/carnavales-2026-ministro-de-turismo-de-la-provincia-de-corrientes\/#primaryimage","url":"https:\/\/radioinfinitagoya.com.ar\/v1\/wp-content\/uploads\/2026\/01\/ministro_de_turismo_de_la_provincia_2_ilustracion_entrevista_transmision_carna.jpg","contentUrl":"https:\/\/radioinfinitagoya.com.ar\/v1\/wp-content\/uploads\/2026\/01\/ministro_de_turismo_de_la_provincia_2_ilustracion_entrevista_transmision_carna.jpg","width":848,"height":477},{"@type":"BreadcrumbList","@id":"https:\/\/radioinfinitagoya.com.ar\/v1\/2026\/01\/25\/carnavales-2026-ministro-de-turismo-de-la-provincia-de-corrientes\/#breadcrumb","itemListElement":[{"@type":"ListItem","position":1,"name":"Inicio","item":"https:\/\/radioinfinitagoya.com.ar\/v1\/"},{"@type":"ListItem","position":2,"name":"Carnavales 2026: Ministro de Turismo de la Provincia de Corrientes"}]},{"@type":"WebSite","@id":"https:\/\/radioinfinitagoya.com.ar\/v1\/#website","url":"https:\/\/radioinfinitagoya.com.ar\/v1\/","name":"radioinfinitagoya.com.ar","description":"Radio de noticias","publisher":{"@id":"https:\/\/radioinfinitagoya.com.ar\/v1\/#organization"},"potentialAction":[{"@type":"SearchAction","target":{"@type":"EntryPoint","urlTemplate":"https:\/\/radioinfinitagoya.com.ar\/v1\/?s={search_term_string}"},"query-input":{"@type":"PropertyValueSpecification","valueRequired":true,"valueName":"search_term_string"}}],"inLanguage":"es-AR"},{"@type":"Organization","@id":"https:\/\/radioinfinitagoya.com.ar\/v1\/#organization","name":"Radio Infinita Goya","url":"https:\/\/radioinfinitagoya.com.ar\/v1\/","logo":{"@type":"ImageObject","inLanguage":"es-AR","@id":"https:\/\/radioinfinitagoya.com.ar\/v1\/#\/schema\/logo\/image\/","url":"https:\/\/radioinfinitagoya.com.ar\/v1\/wp-content\/uploads\/2019\/11\/logo-pie-web.png","contentUrl":"https:\/\/radioinfinitagoya.com.ar\/v1\/wp-content\/uploads\/2019\/11\/logo-pie-web.png","width":635,"height":326,"caption":"Radio Infinita Goya"},"image":{"@id":"https:\/\/radioinfinitagoya.com.ar\/v1\/#\/schema\/logo\/image\/"},"sameAs":["https:\/\/www.facebook.com\/p\/Infinita-Goya-100063870918311\/"]},{"@type":"Person","@id":"https:\/\/radioinfinitagoya.com.ar\/v1\/#\/schema\/person\/d4cf9c413d4f6edb24aabdccab49ca4a","name":"Jorge Mi\u00f1o","image":{"@type":"ImageObject","inLanguage":"es-AR","@id":"https:\/\/secure.gravatar.com\/avatar\/910fcf6728fe95320e07a6643c1581fec1c7fc4bf8ae12e3d8f0d0373dc844be?s=96&d=mm&r=g","url":"https:\/\/secure.gravatar.com\/avatar\/910fcf6728fe95320e07a6643c1581fec1c7fc4bf8ae12e3d8f0d0373dc844be?s=96&d=mm&r=g","contentUrl":"https:\/\/secure.gravatar.com\/avatar\/910fcf6728fe95320e07a6643c1581fec1c7fc4bf8ae12e3d8f0d0373dc844be?s=96&d=mm&r=g","caption":"Jorge Mi\u00f1o"},"sameAs":["http:\/\/radioinfinitagoya.com.ar"]}]}},"_links":{"self":[{"href":"https:\/\/radioinfinitagoya.com.ar\/v1\/wp-json\/wp\/v2\/posts\/203703","targetHints":{"allow":["GET"]}}],"collection":[{"href":"https:\/\/radioinfinitagoya.com.ar\/v1\/wp-json\/wp\/v2\/posts"}],"about":[{"href":"https:\/\/radioinfinitagoya.com.ar\/v1\/wp-json\/wp\/v2\/types\/post"}],"author":[{"embeddable":true,"href":"https:\/\/radioinfinitagoya.com.ar\/v1\/wp-json\/wp\/v2\/users\/4"}],"replies":[{"embeddable":true,"href":"https:\/\/radioinfinitagoya.com.ar\/v1\/wp-json\/wp\/v2\/comments?post=203703"}],"version-history":[{"count":0,"href":"https:\/\/radioinfinitagoya.com.ar\/v1\/wp-json\/wp\/v2\/posts\/203703\/revisions"}],"wp:featuredmedia":[{"embeddable":true,"href":"https:\/\/radioinfinitagoya.com.ar\/v1\/wp-json\/wp\/v2\/media\/203704"}],"wp:attachment":[{"href":"https:\/\/radioinfinitagoya.com.ar\/v1\/wp-json\/wp\/v2\/media?parent=203703"}],"wp:term":[{"taxonomy":"category","embeddable":true,"href":"https:\/\/radioinfinitagoya.com.ar\/v1\/wp-json\/wp\/v2\/categories?post=203703"},{"taxonomy":"post_tag","embeddable":true,"href":"https:\/\/radioinfinitagoya.com.ar\/v1\/wp-json\/wp\/v2\/tags?post=203703"}],"curies":[{"name":"wp","href":"https:\/\/api.w.org\/{rel}","templated":true}]}}