{"id":203706,"date":"2026-01-25T16:09:29","date_gmt":"2026-01-25T19:09:29","guid":{"rendered":"https:\/\/radioinfinitagoya.com.ar\/v1\/?p=203706"},"modified":"2026-01-25T16:09:29","modified_gmt":"2026-01-25T19:09:29","slug":"un-adolescente-murio-luego-de-lanzarse-a-las-aguas-de-una-laguna","status":"publish","type":"post","link":"https:\/\/radioinfinitagoya.com.ar\/v1\/2026\/01\/25\/un-adolescente-murio-luego-de-lanzarse-a-las-aguas-de-una-laguna\/","title":{"rendered":"Un adolescente muri\u00f3 luego de lanzarse a las aguas de una laguna"},"content":{"rendered":"<p>Ocurri\u00f3 en el balneario Don Centuri\u00f3n, ubicado en la localidad de Palmar Grande. La zona no estaba habilitada debido a la presencia de una espesa vegetaci\u00f3n acu\u00e1tica.<\/p>\n<p>Un tr\u00e1gico hecho ocurri\u00f3 el s\u00e1bado en la localidad de Palmar Grande donde un adolescente muri\u00f3 luego de arrojarse a las aguas de una laguna que no estaba habilitada.<\/p>\n<p>Para ser m\u00e1s precisos en el Balneario Don Centuri\u00f3n un grupo de j\u00f3venes se encontraba en el lugar con intenci\u00f3n de ba\u00f1arse en las aguas. En esta ocasi\u00f3n algunos chicos se sub\u00edan al muelle y se arrojaban desde all\u00ed.<\/p>\n<p>Uno de ellos salt\u00f3 al espejo de agua pero no regres\u00f3 a la superficie. Se trataba de Tob\u00edas de 16 a\u00f1os cuya b\u00fasqueda inici\u00f3 de inmediato por parte de sus hermanos y madre con quienes hab\u00eda asistido al lugar, quienes tambi\u00e9n dieron aviso a las autoridades.<\/p>\n<p>Finalmente todo termin\u00f3 cuando se encontr\u00f3 al adolescente sin vida debajo de la espesa vegetaci\u00f3n acu\u00e1tica.<\/p>\n<p>Desde el municipio de la localidad hab\u00edan informado que las aguas de la zona no estaban habilitadas por la presencia de embalsado y que se estaban realizando tareas para reacondicionar el predio de acampe.<\/p>\n<p>En el caso intervino la Fiscal\u00eda de turno mientras que las autoridades que se presentaron en el lugar realizaron las diligencias del caso.<\/p>\n","protected":false},"excerpt":{"rendered":"<p>Ocurri\u00f3 en el balneario Don Centuri\u00f3n, ubicado en la localidad de Palmar Grande. La zona no estaba habilitada debido a la presencia de una espesa vegetaci\u00f3n acu\u00e1tica. Un tr\u00e1gico hecho ocurri\u00f3 el s\u00e1bado en la localidad de Palmar Grande donde un adolescente muri\u00f3 luego de arrojarse a las aguas de una laguna que no estaba [&hellip;]<\/p>\n","protected":false},"author":4,"featured_media":203707,"comment_status":"open","ping_status":"open","sticky":false,"template":"","format":"standard","meta":{"_joinchat":[],"footnotes":""},"categories":[26],"tags":[],"class_list":{"0":"post-203706","1":"post","2":"type-post","3":"status-publish","4":"format-standard","5":"has-post-thumbnail","7":"category-provinciales"},"yoast_head":"<!-- This site is optimized with the Yoast SEO plugin v27.2 - https:\/\/yoast.com\/product\/yoast-seo-wordpress\/ -->\n<title>Un adolescente muri\u00f3 luego de lanzarse a las aguas de una laguna - Radio Infinita Goya<\/title>\n<meta name=\"description\" content=\"Ocurri\u00f3 en el balneario Don Centuri\u00f3n, ubicado en la localidad de Palmar Grande. La zona no estaba habilitada debido a la presencia de una espesa\" \/>\n<meta name=\"robots\" content=\"index, follow, max-snippet:-1, max-image-preview:large, max-video-preview:-1\" \/>\n<link rel=\"canonical\" href=\"https:\/\/radioinfinitagoya.com.ar\/v1\/2026\/01\/25\/un-adolescente-murio-luego-de-lanzarse-a-las-aguas-de-una-laguna\/\" \/>\n<meta property=\"og:locale\" content=\"es_ES\" \/>\n<meta property=\"og:type\" content=\"article\" \/>\n<meta property=\"og:title\" content=\"Un adolescente muri\u00f3 luego de lanzarse a las aguas de una laguna - Radio Infinita Goya\" \/>\n<meta property=\"og:description\" content=\"Ocurri\u00f3 en el balneario Don Centuri\u00f3n, ubicado en la localidad de Palmar Grande. La zona no estaba habilitada debido a la presencia de una espesa\" \/>\n<meta property=\"og:url\" content=\"https:\/\/radioinfinitagoya.com.ar\/v1\/2026\/01\/25\/un-adolescente-murio-luego-de-lanzarse-a-las-aguas-de-una-laguna\/\" \/>\n<meta property=\"og:site_name\" content=\"Radio Infinita Goya\" \/>\n<meta property=\"article:publisher\" content=\"https:\/\/www.facebook.com\/p\/Infinita-Goya-100063870918311\/\" \/>\n<meta property=\"article:published_time\" content=\"2026-01-25T19:09:29+00:00\" \/>\n<meta property=\"og:image\" content=\"https:\/\/radioinfinitagoya.com.ar\/v1\/wp-content\/uploads\/2026\/01\/4-1.jpg\" \/>\n\t<meta property=\"og:image:width\" content=\"926\" \/>\n\t<meta property=\"og:image:height\" content=\"523\" \/>\n\t<meta property=\"og:image:type\" content=\"image\/jpeg\" \/>\n<meta name=\"author\" content=\"Jorge Mi\u00f1o\" \/>\n<meta name=\"twitter:card\" content=\"summary_large_image\" \/>\n<meta name=\"twitter:label1\" content=\"Escrito por\" \/>\n\t<meta name=\"twitter:data1\" content=\"Jorge Mi\u00f1o\" \/>\n\t<meta name=\"twitter:label2\" content=\"Tiempo de lectura\" \/>\n\t<meta name=\"twitter:data2\" content=\"1 minuto\" \/>\n<script type=\"application\/ld+json\" class=\"yoast-schema-graph\">{\"@context\":\"https:\/\/schema.org\",\"@graph\":[{\"@type\":\"Article\",\"@id\":\"https:\/\/radioinfinitagoya.com.ar\/v1\/2026\/01\/25\/un-adolescente-murio-luego-de-lanzarse-a-las-aguas-de-una-laguna\/#article\",\"isPartOf\":{\"@id\":\"https:\/\/radioinfinitagoya.com.ar\/v1\/2026\/01\/25\/un-adolescente-murio-luego-de-lanzarse-a-las-aguas-de-una-laguna\/\"},\"author\":{\"name\":\"Jorge Mi\u00f1o\",\"@id\":\"https:\/\/radioinfinitagoya.com.ar\/v1\/#\/schema\/person\/d4cf9c413d4f6edb24aabdccab49ca4a\"},\"headline\":\"Un adolescente muri\u00f3 luego de lanzarse a las aguas de una laguna\",\"datePublished\":\"2026-01-25T19:09:29+00:00\",\"mainEntityOfPage\":{\"@id\":\"https:\/\/radioinfinitagoya.com.ar\/v1\/2026\/01\/25\/un-adolescente-murio-luego-de-lanzarse-a-las-aguas-de-una-laguna\/\"},\"wordCount\":246,\"commentCount\":0,\"publisher\":{\"@id\":\"https:\/\/radioinfinitagoya.com.ar\/v1\/#organization\"},\"image\":{\"@id\":\"https:\/\/radioinfinitagoya.com.ar\/v1\/2026\/01\/25\/un-adolescente-murio-luego-de-lanzarse-a-las-aguas-de-una-laguna\/#primaryimage\"},\"thumbnailUrl\":\"https:\/\/radioinfinitagoya.com.ar\/v1\/wp-content\/uploads\/2026\/01\/4-1.jpg\",\"articleSection\":[\"PROVINCIALES\"],\"inLanguage\":\"es-AR\",\"potentialAction\":[{\"@type\":\"CommentAction\",\"name\":\"Comment\",\"target\":[\"https:\/\/radioinfinitagoya.com.ar\/v1\/2026\/01\/25\/un-adolescente-murio-luego-de-lanzarse-a-las-aguas-de-una-laguna\/#respond\"]}]},{\"@type\":\"WebPage\",\"@id\":\"https:\/\/radioinfinitagoya.com.ar\/v1\/2026\/01\/25\/un-adolescente-murio-luego-de-lanzarse-a-las-aguas-de-una-laguna\/\",\"url\":\"https:\/\/radioinfinitagoya.com.ar\/v1\/2026\/01\/25\/un-adolescente-murio-luego-de-lanzarse-a-las-aguas-de-una-laguna\/\",\"name\":\"Un adolescente muri\u00f3 luego de lanzarse a las aguas de una laguna - Radio Infinita Goya\",\"isPartOf\":{\"@id\":\"https:\/\/radioinfinitagoya.com.ar\/v1\/#website\"},\"primaryImageOfPage\":{\"@id\":\"https:\/\/radioinfinitagoya.com.ar\/v1\/2026\/01\/25\/un-adolescente-murio-luego-de-lanzarse-a-las-aguas-de-una-laguna\/#primaryimage\"},\"image\":{\"@id\":\"https:\/\/radioinfinitagoya.com.ar\/v1\/2026\/01\/25\/un-adolescente-murio-luego-de-lanzarse-a-las-aguas-de-una-laguna\/#primaryimage\"},\"thumbnailUrl\":\"https:\/\/radioinfinitagoya.com.ar\/v1\/wp-content\/uploads\/2026\/01\/4-1.jpg\",\"datePublished\":\"2026-01-25T19:09:29+00:00\",\"description\":\"Ocurri\u00f3 en el balneario Don Centuri\u00f3n, ubicado en la localidad de Palmar Grande. La zona no estaba habilitada debido a la presencia de una espesa\",\"breadcrumb\":{\"@id\":\"https:\/\/radioinfinitagoya.com.ar\/v1\/2026\/01\/25\/un-adolescente-murio-luego-de-lanzarse-a-las-aguas-de-una-laguna\/#breadcrumb\"},\"inLanguage\":\"es-AR\",\"potentialAction\":[{\"@type\":\"ReadAction\",\"target\":[\"https:\/\/radioinfinitagoya.com.ar\/v1\/2026\/01\/25\/un-adolescente-murio-luego-de-lanzarse-a-las-aguas-de-una-laguna\/\"]}]},{\"@type\":\"ImageObject\",\"inLanguage\":\"es-AR\",\"@id\":\"https:\/\/radioinfinitagoya.com.ar\/v1\/2026\/01\/25\/un-adolescente-murio-luego-de-lanzarse-a-las-aguas-de-una-laguna\/#primaryimage\",\"url\":\"https:\/\/radioinfinitagoya.com.ar\/v1\/wp-content\/uploads\/2026\/01\/4-1.jpg\",\"contentUrl\":\"https:\/\/radioinfinitagoya.com.ar\/v1\/wp-content\/uploads\/2026\/01\/4-1.jpg\",\"width\":926,\"height\":523},{\"@type\":\"BreadcrumbList\",\"@id\":\"https:\/\/radioinfinitagoya.com.ar\/v1\/2026\/01\/25\/un-adolescente-murio-luego-de-lanzarse-a-las-aguas-de-una-laguna\/#breadcrumb\",\"itemListElement\":[{\"@type\":\"ListItem\",\"position\":1,\"name\":\"Inicio\",\"item\":\"https:\/\/radioinfinitagoya.com.ar\/v1\/\"},{\"@type\":\"ListItem\",\"position\":2,\"name\":\"Un adolescente muri\u00f3 luego de lanzarse a las aguas de una laguna\"}]},{\"@type\":\"WebSite\",\"@id\":\"https:\/\/radioinfinitagoya.com.ar\/v1\/#website\",\"url\":\"https:\/\/radioinfinitagoya.com.ar\/v1\/\",\"name\":\"radioinfinitagoya.com.ar\",\"description\":\"Radio de noticias\",\"publisher\":{\"@id\":\"https:\/\/radioinfinitagoya.com.ar\/v1\/#organization\"},\"potentialAction\":[{\"@type\":\"SearchAction\",\"target\":{\"@type\":\"EntryPoint\",\"urlTemplate\":\"https:\/\/radioinfinitagoya.com.ar\/v1\/?s={search_term_string}\"},\"query-input\":{\"@type\":\"PropertyValueSpecification\",\"valueRequired\":true,\"valueName\":\"search_term_string\"}}],\"inLanguage\":\"es-AR\"},{\"@type\":\"Organization\",\"@id\":\"https:\/\/radioinfinitagoya.com.ar\/v1\/#organization\",\"name\":\"Radio Infinita Goya\",\"url\":\"https:\/\/radioinfinitagoya.com.ar\/v1\/\",\"logo\":{\"@type\":\"ImageObject\",\"inLanguage\":\"es-AR\",\"@id\":\"https:\/\/radioinfinitagoya.com.ar\/v1\/#\/schema\/logo\/image\/\",\"url\":\"https:\/\/radioinfinitagoya.com.ar\/v1\/wp-content\/uploads\/2019\/11\/logo-pie-web.png\",\"contentUrl\":\"https:\/\/radioinfinitagoya.com.ar\/v1\/wp-content\/uploads\/2019\/11\/logo-pie-web.png\",\"width\":635,\"height\":326,\"caption\":\"Radio Infinita Goya\"},\"image\":{\"@id\":\"https:\/\/radioinfinitagoya.com.ar\/v1\/#\/schema\/logo\/image\/\"},\"sameAs\":[\"https:\/\/www.facebook.com\/p\/Infinita-Goya-100063870918311\/\"]},{\"@type\":\"Person\",\"@id\":\"https:\/\/radioinfinitagoya.com.ar\/v1\/#\/schema\/person\/d4cf9c413d4f6edb24aabdccab49ca4a\",\"name\":\"Jorge Mi\u00f1o\",\"image\":{\"@type\":\"ImageObject\",\"inLanguage\":\"es-AR\",\"@id\":\"https:\/\/secure.gravatar.com\/avatar\/910fcf6728fe95320e07a6643c1581fec1c7fc4bf8ae12e3d8f0d0373dc844be?s=96&d=mm&r=g\",\"url\":\"https:\/\/secure.gravatar.com\/avatar\/910fcf6728fe95320e07a6643c1581fec1c7fc4bf8ae12e3d8f0d0373dc844be?s=96&d=mm&r=g\",\"contentUrl\":\"https:\/\/secure.gravatar.com\/avatar\/910fcf6728fe95320e07a6643c1581fec1c7fc4bf8ae12e3d8f0d0373dc844be?s=96&d=mm&r=g\",\"caption\":\"Jorge Mi\u00f1o\"},\"sameAs\":[\"http:\/\/radioinfinitagoya.com.ar\"]}]}<\/script>\n<!-- \/ Yoast SEO plugin. -->","yoast_head_json":{"title":"Un adolescente muri\u00f3 luego de lanzarse a las aguas de una laguna - Radio Infinita Goya","description":"Ocurri\u00f3 en el balneario Don Centuri\u00f3n, ubicado en la localidad de Palmar Grande. La zona no estaba habilitada debido a la presencia de una espesa","robots":{"index":"index","follow":"follow","max-snippet":"max-snippet:-1","max-image-preview":"max-image-preview:large","max-video-preview":"max-video-preview:-1"},"canonical":"https:\/\/radioinfinitagoya.com.ar\/v1\/2026\/01\/25\/un-adolescente-murio-luego-de-lanzarse-a-las-aguas-de-una-laguna\/","og_locale":"es_ES","og_type":"article","og_title":"Un adolescente muri\u00f3 luego de lanzarse a las aguas de una laguna - Radio Infinita Goya","og_description":"Ocurri\u00f3 en el balneario Don Centuri\u00f3n, ubicado en la localidad de Palmar Grande. La zona no estaba habilitada debido a la presencia de una espesa","og_url":"https:\/\/radioinfinitagoya.com.ar\/v1\/2026\/01\/25\/un-adolescente-murio-luego-de-lanzarse-a-las-aguas-de-una-laguna\/","og_site_name":"Radio Infinita Goya","article_publisher":"https:\/\/www.facebook.com\/p\/Infinita-Goya-100063870918311\/","article_published_time":"2026-01-25T19:09:29+00:00","og_image":[{"width":926,"height":523,"url":"https:\/\/radioinfinitagoya.com.ar\/v1\/wp-content\/uploads\/2026\/01\/4-1.jpg","type":"image\/jpeg"}],"author":"Jorge Mi\u00f1o","twitter_card":"summary_large_image","twitter_misc":{"Escrito por":"Jorge Mi\u00f1o","Tiempo de lectura":"1 minuto"},"schema":{"@context":"https:\/\/schema.org","@graph":[{"@type":"Article","@id":"https:\/\/radioinfinitagoya.com.ar\/v1\/2026\/01\/25\/un-adolescente-murio-luego-de-lanzarse-a-las-aguas-de-una-laguna\/#article","isPartOf":{"@id":"https:\/\/radioinfinitagoya.com.ar\/v1\/2026\/01\/25\/un-adolescente-murio-luego-de-lanzarse-a-las-aguas-de-una-laguna\/"},"author":{"name":"Jorge Mi\u00f1o","@id":"https:\/\/radioinfinitagoya.com.ar\/v1\/#\/schema\/person\/d4cf9c413d4f6edb24aabdccab49ca4a"},"headline":"Un adolescente muri\u00f3 luego de lanzarse a las aguas de una laguna","datePublished":"2026-01-25T19:09:29+00:00","mainEntityOfPage":{"@id":"https:\/\/radioinfinitagoya.com.ar\/v1\/2026\/01\/25\/un-adolescente-murio-luego-de-lanzarse-a-las-aguas-de-una-laguna\/"},"wordCount":246,"commentCount":0,"publisher":{"@id":"https:\/\/radioinfinitagoya.com.ar\/v1\/#organization"},"image":{"@id":"https:\/\/radioinfinitagoya.com.ar\/v1\/2026\/01\/25\/un-adolescente-murio-luego-de-lanzarse-a-las-aguas-de-una-laguna\/#primaryimage"},"thumbnailUrl":"https:\/\/radioinfinitagoya.com.ar\/v1\/wp-content\/uploads\/2026\/01\/4-1.jpg","articleSection":["PROVINCIALES"],"inLanguage":"es-AR","potentialAction":[{"@type":"CommentAction","name":"Comment","target":["https:\/\/radioinfinitagoya.com.ar\/v1\/2026\/01\/25\/un-adolescente-murio-luego-de-lanzarse-a-las-aguas-de-una-laguna\/#respond"]}]},{"@type":"WebPage","@id":"https:\/\/radioinfinitagoya.com.ar\/v1\/2026\/01\/25\/un-adolescente-murio-luego-de-lanzarse-a-las-aguas-de-una-laguna\/","url":"https:\/\/radioinfinitagoya.com.ar\/v1\/2026\/01\/25\/un-adolescente-murio-luego-de-lanzarse-a-las-aguas-de-una-laguna\/","name":"Un adolescente muri\u00f3 luego de lanzarse a las aguas de una laguna - Radio Infinita Goya","isPartOf":{"@id":"https:\/\/radioinfinitagoya.com.ar\/v1\/#website"},"primaryImageOfPage":{"@id":"https:\/\/radioinfinitagoya.com.ar\/v1\/2026\/01\/25\/un-adolescente-murio-luego-de-lanzarse-a-las-aguas-de-una-laguna\/#primaryimage"},"image":{"@id":"https:\/\/radioinfinitagoya.com.ar\/v1\/2026\/01\/25\/un-adolescente-murio-luego-de-lanzarse-a-las-aguas-de-una-laguna\/#primaryimage"},"thumbnailUrl":"https:\/\/radioinfinitagoya.com.ar\/v1\/wp-content\/uploads\/2026\/01\/4-1.jpg","datePublished":"2026-01-25T19:09:29+00:00","description":"Ocurri\u00f3 en el balneario Don Centuri\u00f3n, ubicado en la localidad de Palmar Grande. La zona no estaba habilitada debido a la presencia de una espesa","breadcrumb":{"@id":"https:\/\/radioinfinitagoya.com.ar\/v1\/2026\/01\/25\/un-adolescente-murio-luego-de-lanzarse-a-las-aguas-de-una-laguna\/#breadcrumb"},"inLanguage":"es-AR","potentialAction":[{"@type":"ReadAction","target":["https:\/\/radioinfinitagoya.com.ar\/v1\/2026\/01\/25\/un-adolescente-murio-luego-de-lanzarse-a-las-aguas-de-una-laguna\/"]}]},{"@type":"ImageObject","inLanguage":"es-AR","@id":"https:\/\/radioinfinitagoya.com.ar\/v1\/2026\/01\/25\/un-adolescente-murio-luego-de-lanzarse-a-las-aguas-de-una-laguna\/#primaryimage","url":"https:\/\/radioinfinitagoya.com.ar\/v1\/wp-content\/uploads\/2026\/01\/4-1.jpg","contentUrl":"https:\/\/radioinfinitagoya.com.ar\/v1\/wp-content\/uploads\/2026\/01\/4-1.jpg","width":926,"height":523},{"@type":"BreadcrumbList","@id":"https:\/\/radioinfinitagoya.com.ar\/v1\/2026\/01\/25\/un-adolescente-murio-luego-de-lanzarse-a-las-aguas-de-una-laguna\/#breadcrumb","itemListElement":[{"@type":"ListItem","position":1,"name":"Inicio","item":"https:\/\/radioinfinitagoya.com.ar\/v1\/"},{"@type":"ListItem","position":2,"name":"Un adolescente muri\u00f3 luego de lanzarse a las aguas de una laguna"}]},{"@type":"WebSite","@id":"https:\/\/radioinfinitagoya.com.ar\/v1\/#website","url":"https:\/\/radioinfinitagoya.com.ar\/v1\/","name":"radioinfinitagoya.com.ar","description":"Radio de noticias","publisher":{"@id":"https:\/\/radioinfinitagoya.com.ar\/v1\/#organization"},"potentialAction":[{"@type":"SearchAction","target":{"@type":"EntryPoint","urlTemplate":"https:\/\/radioinfinitagoya.com.ar\/v1\/?s={search_term_string}"},"query-input":{"@type":"PropertyValueSpecification","valueRequired":true,"valueName":"search_term_string"}}],"inLanguage":"es-AR"},{"@type":"Organization","@id":"https:\/\/radioinfinitagoya.com.ar\/v1\/#organization","name":"Radio Infinita Goya","url":"https:\/\/radioinfinitagoya.com.ar\/v1\/","logo":{"@type":"ImageObject","inLanguage":"es-AR","@id":"https:\/\/radioinfinitagoya.com.ar\/v1\/#\/schema\/logo\/image\/","url":"https:\/\/radioinfinitagoya.com.ar\/v1\/wp-content\/uploads\/2019\/11\/logo-pie-web.png","contentUrl":"https:\/\/radioinfinitagoya.com.ar\/v1\/wp-content\/uploads\/2019\/11\/logo-pie-web.png","width":635,"height":326,"caption":"Radio Infinita Goya"},"image":{"@id":"https:\/\/radioinfinitagoya.com.ar\/v1\/#\/schema\/logo\/image\/"},"sameAs":["https:\/\/www.facebook.com\/p\/Infinita-Goya-100063870918311\/"]},{"@type":"Person","@id":"https:\/\/radioinfinitagoya.com.ar\/v1\/#\/schema\/person\/d4cf9c413d4f6edb24aabdccab49ca4a","name":"Jorge Mi\u00f1o","image":{"@type":"ImageObject","inLanguage":"es-AR","@id":"https:\/\/secure.gravatar.com\/avatar\/910fcf6728fe95320e07a6643c1581fec1c7fc4bf8ae12e3d8f0d0373dc844be?s=96&d=mm&r=g","url":"https:\/\/secure.gravatar.com\/avatar\/910fcf6728fe95320e07a6643c1581fec1c7fc4bf8ae12e3d8f0d0373dc844be?s=96&d=mm&r=g","contentUrl":"https:\/\/secure.gravatar.com\/avatar\/910fcf6728fe95320e07a6643c1581fec1c7fc4bf8ae12e3d8f0d0373dc844be?s=96&d=mm&r=g","caption":"Jorge Mi\u00f1o"},"sameAs":["http:\/\/radioinfinitagoya.com.ar"]}]}},"_links":{"self":[{"href":"https:\/\/radioinfinitagoya.com.ar\/v1\/wp-json\/wp\/v2\/posts\/203706","targetHints":{"allow":["GET"]}}],"collection":[{"href":"https:\/\/radioinfinitagoya.com.ar\/v1\/wp-json\/wp\/v2\/posts"}],"about":[{"href":"https:\/\/radioinfinitagoya.com.ar\/v1\/wp-json\/wp\/v2\/types\/post"}],"author":[{"embeddable":true,"href":"https:\/\/radioinfinitagoya.com.ar\/v1\/wp-json\/wp\/v2\/users\/4"}],"replies":[{"embeddable":true,"href":"https:\/\/radioinfinitagoya.com.ar\/v1\/wp-json\/wp\/v2\/comments?post=203706"}],"version-history":[{"count":0,"href":"https:\/\/radioinfinitagoya.com.ar\/v1\/wp-json\/wp\/v2\/posts\/203706\/revisions"}],"wp:featuredmedia":[{"embeddable":true,"href":"https:\/\/radioinfinitagoya.com.ar\/v1\/wp-json\/wp\/v2\/media\/203707"}],"wp:attachment":[{"href":"https:\/\/radioinfinitagoya.com.ar\/v1\/wp-json\/wp\/v2\/media?parent=203706"}],"wp:term":[{"taxonomy":"category","embeddable":true,"href":"https:\/\/radioinfinitagoya.com.ar\/v1\/wp-json\/wp\/v2\/categories?post=203706"},{"taxonomy":"post_tag","embeddable":true,"href":"https:\/\/radioinfinitagoya.com.ar\/v1\/wp-json\/wp\/v2\/tags?post=203706"}],"curies":[{"name":"wp","href":"https:\/\/api.w.org\/{rel}","templated":true}]}}