{"id":203709,"date":"2026-01-25T16:24:04","date_gmt":"2026-01-25T19:24:04","guid":{"rendered":"https:\/\/radioinfinitagoya.com.ar\/v1\/?p=203709"},"modified":"2026-01-25T16:24:04","modified_gmt":"2026-01-25T19:24:04","slug":"con-algunos-limites-sobrepasados-la-fiesta-del-chamame-cierra-su-edicion-2026","status":"publish","type":"post","link":"https:\/\/radioinfinitagoya.com.ar\/v1\/2026\/01\/25\/con-algunos-limites-sobrepasados-la-fiesta-del-chamame-cierra-su-edicion-2026\/","title":{"rendered":"Con algunos l\u00edmites sobrepasados, la Fiesta del Chamam\u00e9 cierra su edici\u00f3n 2026"},"content":{"rendered":"<p>El s\u00e1bado en el Cocomarola hubo buena m\u00fasica desde temprano con artistas de la talla de Juan Pedro Sorribes, Ana Paula Romero y un homenaje en canciones al recientemente fallecido Mat\u00edas Galarza, el grupo Tajy y una Orquesta Folcl\u00f3rica de alto vuelo. Entre los favoritos del turno \u201cmadrugada\u201d, estuvieron Ernestito Montiel y Amboe con un sutil pero evidente reclamo por el horario asignado.<\/p>\n<p>El chamam\u00e9 es un g\u00e9nero de ra\u00edz profunda, es sencillo, amable y sobre todo aut\u00e9ntico, cuatro caracter\u00edsticas que no abundan en tiempos donde reina la inmediatez y la superficialidad. Muchas provincias argentinas vieron en los \u00faltimos a\u00f1os, como su folclore fue fagocitado por una industria cultural hambrienta y desalmada pero el chamam\u00e9 no. Y \u00bfPor qu\u00e9 el chamam\u00e9 logr\u00f3 sobrevivir?, quiz\u00e1s sea por el amor y solemne respeto con que su gente lo custodia. El chamamecero est\u00e1 orgulloso de lo suyo y aunque es un ser tranquilo, no duda en mostrar los dientes para marca l\u00edmites al que intenta sobrepasarlos y eso es lo que diferencia, sostiene y hace crecer a la fiesta que esta noche vivir\u00e1 la \u00faltima fecha de su edici\u00f3n 2026.<\/p>\n<p>Fueron 10 lunas en las que hubo mucha m\u00fasica (de calidad y tambi\u00e9n berreta), hubo notables ausencias, hubo modernizaci\u00f3n, llenos totales, hacinamiento, enojos, halagos y grietas. Podr\u00eda decirse que este a\u00f1o, aburrirse no fue una opci\u00f3n. Con una grilla bien regional (as\u00ed como la del viernes), el predio del Anfiteatro Mario del Tr\u00e1nsito Cocomarola volvi\u00f3 a verse sobrepoblado. El buen chamam\u00e9 dijo presente desde temprano con artistas de la talla de Juan Pedro Sorribes (en la apertura) y poco m\u00e1s tarde Ana Paula Romero y un homenaje en canciones al recientemente fallecido Mat\u00edas Galarza. Estuvo el grupo Tajy y tambi\u00e9n una Orquesta Folcl\u00f3rica de alto vuelo. Entrada la madrugada lleg\u00f3 Ernestito Montiel y el Cuarteto Santa Ana y casi al final de la grilla (pero todav\u00eda televisado) Amboe y un sutil pero claro reclamo por el horario asignado.<\/p>\n<p>En las escuelas de periodismo ense\u00f1an que la cabeza de una noticia debe incluir pocas oraciones que resuman el contenido del texto, norma totalmente desobedecida en esta nota cuyo primer p\u00e1rrafo (llamado cabeza) es extremadamente extenso y no responde muy bien a los grandes interrogantes (que, quien, cuando, donde y c\u00f3mo). Frente a esto la pregunta es \u00bfest\u00e1 bien romper las reglas?, a veces s\u00ed est\u00e1 bien romper reglas siempre y cuando se lo haga de un lugar de conciencia y conocimiento, pero no cuando se rompen las reglas desde la ignorancia o la inconsciencia. \u00bfY que tiene que ver esto con la fiesta del chamam\u00e9?, tiene mucho que ver porque en el chamam\u00e9 hay quienes rompen las reglas, de hecho, los grandes del g\u00e9nero son inmensos porque rompieron las reglas, pero lo hicieron desde el talento y el virtuosismo. Romper las reglas a cualquier precio no es v\u00e1lido pues pone en juego ni m\u00e1s ni menos que la calidad, en este caso la calidad de un g\u00e9nero que tiene ra\u00edces ancestrales. La conclusi\u00f3n de esto es que para ser grande hay que romper reglas, pero para romper reglas hay que prepararse y mucho. Al que le quepa el sayo que se lo ponga.<\/p>\n<p>Algo de la noche<\/p>\n<p>El tr\u00edo Tajy es uno de los que subi\u00f3 al escenario el s\u00e1bado en horario central. Integrado por Bel\u00e9n Arriola, Jos\u00e9 V\u00edctor Pi\u00f1eiro y Tato Ram\u00edrez, este grupo rompe reglas y no es cosa de ahora, ellos irrumpieron en escena hace varios a\u00f1os con una propuesta distinta a lo que el p\u00fablico chamamecero estaba acostumbrado, una propuesta arriesgada, pero de una impecabilidad digna de los grandes. Su arte tiene altura y por eso ya consigui\u00f3 sitio en la historia del g\u00e9nero.<\/p>\n<p>La novena luna chamamecera fue atractiva y comenz\u00f3 con Juan Pedro Sorribes, hijo de Quique Sorribes y due\u00f1o de una voz privilegiada. D\u00edas atr\u00e1s Antonio Tarrag\u00f3 Ros, ante la pregunta de esta periodista: \u201c\u00bfQui\u00e9n es el que m\u00e1s queres escuchar en esta fiesta?\u201d respondi\u00f3 \u201cal hijo de Quique Sorribes, que talento tiene ese chico\u201d. Pero mientras uno de los grandes resaltaba su calidad art\u00edstica, la organizaci\u00f3n le asignaba el inicio de la grilla, es decir uno de los horarios menos destacados. Estas cosas suceden cuando los empleados de la fiesta ignoran la historia o el talento de los artistas.<\/p>\n<p>La que s\u00ed tuvo un merecido horario digno fue la Orquesta Folcl\u00f3rica de la Provincia y supo aprovecharlo con un homenaje en vida a Mario Bofill. Ana Paula Romero tambi\u00e9n brillo el s\u00e1bado con un emocionante homenaje musical a Mat\u00edas Galarza quien falleci\u00f3 hace pocos meses. La misionera Mar\u00eda Ofelia fue de las grandes elegidas para cantar en esta fecha en que tambi\u00e9n estuvo Mateo Villalba. El horario central fue para los paraguayos de Tierra Adentro.<\/p>\n<p>Entrada la madrugada lleg\u00f3 el turno del hijo de Ernesto Montiel. Ernestito Montiel con el Cuarteto Santa Ana pisaron el escenario mayor cuando el reloj marcaba casi las 2 de la madrugada y la gente empezaba a irse del Cocomarola.<\/p>\n<p>Ambo\u00e9 fue otro de los relegados al final de la grilla. Eran casi las 3 de madrugada cuando el conjunto goyano apareci\u00f3 en escena y, en un claro gesto de protesta, el cantante Rogelio Chiappe se present\u00f3 cargando un termo y un mate.<\/p>\n<p>Hora de marcar l\u00edmites<\/p>\n<p>Con Teresa Parodi y Los Alonsitos con su invitado el Chaque\u00f1o Palaveccino como n\u00fameros centrales, la Fiesta Nacional del Chamam\u00e9 dar\u00e1 esta noche el \u00faltimo sapucay de su edici\u00f3n 2026, una edici\u00f3n interesante, pero en la que sus organizadores por momentos pusieron en riesgo la identidad que tanto dicen defender. Ahora queda en manos de los artistas y del p\u00fablico marcar el l\u00edmite a los nuevos funcionarios antes de que sea muy tarde.<\/p>\n<p>&nbsp;<\/p>\n<p>&nbsp;<\/p>\n","protected":false},"excerpt":{"rendered":"<p>El s\u00e1bado en el Cocomarola hubo buena m\u00fasica desde temprano con artistas de la talla de Juan Pedro Sorribes, Ana Paula Romero y un homenaje en canciones al recientemente fallecido Mat\u00edas Galarza, el grupo Tajy y una Orquesta Folcl\u00f3rica de alto vuelo. Entre los favoritos del turno \u201cmadrugada\u201d, estuvieron Ernestito Montiel y Amboe con un [&hellip;]<\/p>\n","protected":false},"author":4,"featured_media":203250,"comment_status":"open","ping_status":"open","sticky":false,"template":"","format":"standard","meta":{"_joinchat":[],"footnotes":""},"categories":[26],"tags":[],"class_list":{"0":"post-203709","1":"post","2":"type-post","3":"status-publish","4":"format-standard","5":"has-post-thumbnail","7":"category-provinciales"},"yoast_head":"<!-- This site is optimized with the Yoast SEO plugin v27.2 - https:\/\/yoast.com\/product\/yoast-seo-wordpress\/ -->\n<title>Con algunos l\u00edmites sobrepasados, la Fiesta del Chamam\u00e9 cierra su edici\u00f3n 2026 - Radio Infinita Goya<\/title>\n<meta name=\"description\" content=\"El s\u00e1bado en el Cocomarola hubo buena m\u00fasica desde temprano con artistas de la talla de Juan Pedro Sorribes, Ana Paula Romero y un homenaje en canciones\" \/>\n<meta name=\"robots\" content=\"index, follow, max-snippet:-1, max-image-preview:large, max-video-preview:-1\" \/>\n<link rel=\"canonical\" href=\"https:\/\/radioinfinitagoya.com.ar\/v1\/2026\/01\/25\/con-algunos-limites-sobrepasados-la-fiesta-del-chamame-cierra-su-edicion-2026\/\" \/>\n<meta property=\"og:locale\" content=\"es_ES\" \/>\n<meta property=\"og:type\" content=\"article\" \/>\n<meta property=\"og:title\" content=\"Con algunos l\u00edmites sobrepasados, la Fiesta del Chamam\u00e9 cierra su edici\u00f3n 2026 - Radio Infinita Goya\" \/>\n<meta property=\"og:description\" content=\"El s\u00e1bado en el Cocomarola hubo buena m\u00fasica desde temprano con artistas de la talla de Juan Pedro Sorribes, Ana Paula Romero y un homenaje en canciones\" \/>\n<meta property=\"og:url\" content=\"https:\/\/radioinfinitagoya.com.ar\/v1\/2026\/01\/25\/con-algunos-limites-sobrepasados-la-fiesta-del-chamame-cierra-su-edicion-2026\/\" \/>\n<meta property=\"og:site_name\" content=\"Radio Infinita Goya\" \/>\n<meta property=\"article:publisher\" content=\"https:\/\/www.facebook.com\/p\/Infinita-Goya-100063870918311\/\" \/>\n<meta property=\"article:published_time\" content=\"2026-01-25T19:24:04+00:00\" \/>\n<meta property=\"og:image\" content=\"https:\/\/radioinfinitagoya.com.ar\/v1\/wp-content\/uploads\/2026\/01\/G-4rQ4MWkAALR1c.jpg\" \/>\n\t<meta property=\"og:image:width\" content=\"2048\" \/>\n\t<meta property=\"og:image:height\" content=\"1368\" \/>\n\t<meta property=\"og:image:type\" content=\"image\/jpeg\" \/>\n<meta name=\"author\" content=\"Jorge Mi\u00f1o\" \/>\n<meta name=\"twitter:card\" content=\"summary_large_image\" \/>\n<meta name=\"twitter:label1\" content=\"Escrito por\" \/>\n\t<meta name=\"twitter:data1\" content=\"Jorge Mi\u00f1o\" \/>\n\t<meta name=\"twitter:label2\" content=\"Tiempo de lectura\" \/>\n\t<meta name=\"twitter:data2\" content=\"5 minutos\" \/>\n<script type=\"application\/ld+json\" class=\"yoast-schema-graph\">{\"@context\":\"https:\/\/schema.org\",\"@graph\":[{\"@type\":\"Article\",\"@id\":\"https:\/\/radioinfinitagoya.com.ar\/v1\/2026\/01\/25\/con-algunos-limites-sobrepasados-la-fiesta-del-chamame-cierra-su-edicion-2026\/#article\",\"isPartOf\":{\"@id\":\"https:\/\/radioinfinitagoya.com.ar\/v1\/2026\/01\/25\/con-algunos-limites-sobrepasados-la-fiesta-del-chamame-cierra-su-edicion-2026\/\"},\"author\":{\"name\":\"Jorge Mi\u00f1o\",\"@id\":\"https:\/\/radioinfinitagoya.com.ar\/v1\/#\/schema\/person\/d4cf9c413d4f6edb24aabdccab49ca4a\"},\"headline\":\"Con algunos l\u00edmites sobrepasados, la Fiesta del Chamam\u00e9 cierra su edici\u00f3n 2026\",\"datePublished\":\"2026-01-25T19:24:04+00:00\",\"mainEntityOfPage\":{\"@id\":\"https:\/\/radioinfinitagoya.com.ar\/v1\/2026\/01\/25\/con-algunos-limites-sobrepasados-la-fiesta-del-chamame-cierra-su-edicion-2026\/\"},\"wordCount\":1021,\"commentCount\":0,\"publisher\":{\"@id\":\"https:\/\/radioinfinitagoya.com.ar\/v1\/#organization\"},\"image\":{\"@id\":\"https:\/\/radioinfinitagoya.com.ar\/v1\/2026\/01\/25\/con-algunos-limites-sobrepasados-la-fiesta-del-chamame-cierra-su-edicion-2026\/#primaryimage\"},\"thumbnailUrl\":\"https:\/\/radioinfinitagoya.com.ar\/v1\/wp-content\/uploads\/2026\/01\/G-4rQ4MWkAALR1c.jpg\",\"articleSection\":[\"PROVINCIALES\"],\"inLanguage\":\"es-AR\",\"potentialAction\":[{\"@type\":\"CommentAction\",\"name\":\"Comment\",\"target\":[\"https:\/\/radioinfinitagoya.com.ar\/v1\/2026\/01\/25\/con-algunos-limites-sobrepasados-la-fiesta-del-chamame-cierra-su-edicion-2026\/#respond\"]}]},{\"@type\":\"WebPage\",\"@id\":\"https:\/\/radioinfinitagoya.com.ar\/v1\/2026\/01\/25\/con-algunos-limites-sobrepasados-la-fiesta-del-chamame-cierra-su-edicion-2026\/\",\"url\":\"https:\/\/radioinfinitagoya.com.ar\/v1\/2026\/01\/25\/con-algunos-limites-sobrepasados-la-fiesta-del-chamame-cierra-su-edicion-2026\/\",\"name\":\"Con algunos l\u00edmites sobrepasados, la Fiesta del Chamam\u00e9 cierra su edici\u00f3n 2026 - Radio Infinita Goya\",\"isPartOf\":{\"@id\":\"https:\/\/radioinfinitagoya.com.ar\/v1\/#website\"},\"primaryImageOfPage\":{\"@id\":\"https:\/\/radioinfinitagoya.com.ar\/v1\/2026\/01\/25\/con-algunos-limites-sobrepasados-la-fiesta-del-chamame-cierra-su-edicion-2026\/#primaryimage\"},\"image\":{\"@id\":\"https:\/\/radioinfinitagoya.com.ar\/v1\/2026\/01\/25\/con-algunos-limites-sobrepasados-la-fiesta-del-chamame-cierra-su-edicion-2026\/#primaryimage\"},\"thumbnailUrl\":\"https:\/\/radioinfinitagoya.com.ar\/v1\/wp-content\/uploads\/2026\/01\/G-4rQ4MWkAALR1c.jpg\",\"datePublished\":\"2026-01-25T19:24:04+00:00\",\"description\":\"El s\u00e1bado en el Cocomarola hubo buena m\u00fasica desde temprano con artistas de la talla de Juan Pedro Sorribes, Ana Paula Romero y un homenaje en canciones\",\"breadcrumb\":{\"@id\":\"https:\/\/radioinfinitagoya.com.ar\/v1\/2026\/01\/25\/con-algunos-limites-sobrepasados-la-fiesta-del-chamame-cierra-su-edicion-2026\/#breadcrumb\"},\"inLanguage\":\"es-AR\",\"potentialAction\":[{\"@type\":\"ReadAction\",\"target\":[\"https:\/\/radioinfinitagoya.com.ar\/v1\/2026\/01\/25\/con-algunos-limites-sobrepasados-la-fiesta-del-chamame-cierra-su-edicion-2026\/\"]}]},{\"@type\":\"ImageObject\",\"inLanguage\":\"es-AR\",\"@id\":\"https:\/\/radioinfinitagoya.com.ar\/v1\/2026\/01\/25\/con-algunos-limites-sobrepasados-la-fiesta-del-chamame-cierra-su-edicion-2026\/#primaryimage\",\"url\":\"https:\/\/radioinfinitagoya.com.ar\/v1\/wp-content\/uploads\/2026\/01\/G-4rQ4MWkAALR1c.jpg\",\"contentUrl\":\"https:\/\/radioinfinitagoya.com.ar\/v1\/wp-content\/uploads\/2026\/01\/G-4rQ4MWkAALR1c.jpg\",\"width\":2048,\"height\":1368},{\"@type\":\"BreadcrumbList\",\"@id\":\"https:\/\/radioinfinitagoya.com.ar\/v1\/2026\/01\/25\/con-algunos-limites-sobrepasados-la-fiesta-del-chamame-cierra-su-edicion-2026\/#breadcrumb\",\"itemListElement\":[{\"@type\":\"ListItem\",\"position\":1,\"name\":\"Inicio\",\"item\":\"https:\/\/radioinfinitagoya.com.ar\/v1\/\"},{\"@type\":\"ListItem\",\"position\":2,\"name\":\"Con algunos l\u00edmites sobrepasados, la Fiesta del Chamam\u00e9 cierra su edici\u00f3n 2026\"}]},{\"@type\":\"WebSite\",\"@id\":\"https:\/\/radioinfinitagoya.com.ar\/v1\/#website\",\"url\":\"https:\/\/radioinfinitagoya.com.ar\/v1\/\",\"name\":\"radioinfinitagoya.com.ar\",\"description\":\"Radio de noticias\",\"publisher\":{\"@id\":\"https:\/\/radioinfinitagoya.com.ar\/v1\/#organization\"},\"potentialAction\":[{\"@type\":\"SearchAction\",\"target\":{\"@type\":\"EntryPoint\",\"urlTemplate\":\"https:\/\/radioinfinitagoya.com.ar\/v1\/?s={search_term_string}\"},\"query-input\":{\"@type\":\"PropertyValueSpecification\",\"valueRequired\":true,\"valueName\":\"search_term_string\"}}],\"inLanguage\":\"es-AR\"},{\"@type\":\"Organization\",\"@id\":\"https:\/\/radioinfinitagoya.com.ar\/v1\/#organization\",\"name\":\"Radio Infinita Goya\",\"url\":\"https:\/\/radioinfinitagoya.com.ar\/v1\/\",\"logo\":{\"@type\":\"ImageObject\",\"inLanguage\":\"es-AR\",\"@id\":\"https:\/\/radioinfinitagoya.com.ar\/v1\/#\/schema\/logo\/image\/\",\"url\":\"https:\/\/radioinfinitagoya.com.ar\/v1\/wp-content\/uploads\/2019\/11\/logo-pie-web.png\",\"contentUrl\":\"https:\/\/radioinfinitagoya.com.ar\/v1\/wp-content\/uploads\/2019\/11\/logo-pie-web.png\",\"width\":635,\"height\":326,\"caption\":\"Radio Infinita Goya\"},\"image\":{\"@id\":\"https:\/\/radioinfinitagoya.com.ar\/v1\/#\/schema\/logo\/image\/\"},\"sameAs\":[\"https:\/\/www.facebook.com\/p\/Infinita-Goya-100063870918311\/\"]},{\"@type\":\"Person\",\"@id\":\"https:\/\/radioinfinitagoya.com.ar\/v1\/#\/schema\/person\/d4cf9c413d4f6edb24aabdccab49ca4a\",\"name\":\"Jorge Mi\u00f1o\",\"image\":{\"@type\":\"ImageObject\",\"inLanguage\":\"es-AR\",\"@id\":\"https:\/\/secure.gravatar.com\/avatar\/910fcf6728fe95320e07a6643c1581fec1c7fc4bf8ae12e3d8f0d0373dc844be?s=96&d=mm&r=g\",\"url\":\"https:\/\/secure.gravatar.com\/avatar\/910fcf6728fe95320e07a6643c1581fec1c7fc4bf8ae12e3d8f0d0373dc844be?s=96&d=mm&r=g\",\"contentUrl\":\"https:\/\/secure.gravatar.com\/avatar\/910fcf6728fe95320e07a6643c1581fec1c7fc4bf8ae12e3d8f0d0373dc844be?s=96&d=mm&r=g\",\"caption\":\"Jorge Mi\u00f1o\"},\"sameAs\":[\"http:\/\/radioinfinitagoya.com.ar\"]}]}<\/script>\n<!-- \/ Yoast SEO plugin. -->","yoast_head_json":{"title":"Con algunos l\u00edmites sobrepasados, la Fiesta del Chamam\u00e9 cierra su edici\u00f3n 2026 - Radio Infinita Goya","description":"El s\u00e1bado en el Cocomarola hubo buena m\u00fasica desde temprano con artistas de la talla de Juan Pedro Sorribes, Ana Paula Romero y un homenaje en canciones","robots":{"index":"index","follow":"follow","max-snippet":"max-snippet:-1","max-image-preview":"max-image-preview:large","max-video-preview":"max-video-preview:-1"},"canonical":"https:\/\/radioinfinitagoya.com.ar\/v1\/2026\/01\/25\/con-algunos-limites-sobrepasados-la-fiesta-del-chamame-cierra-su-edicion-2026\/","og_locale":"es_ES","og_type":"article","og_title":"Con algunos l\u00edmites sobrepasados, la Fiesta del Chamam\u00e9 cierra su edici\u00f3n 2026 - Radio Infinita Goya","og_description":"El s\u00e1bado en el Cocomarola hubo buena m\u00fasica desde temprano con artistas de la talla de Juan Pedro Sorribes, Ana Paula Romero y un homenaje en canciones","og_url":"https:\/\/radioinfinitagoya.com.ar\/v1\/2026\/01\/25\/con-algunos-limites-sobrepasados-la-fiesta-del-chamame-cierra-su-edicion-2026\/","og_site_name":"Radio Infinita Goya","article_publisher":"https:\/\/www.facebook.com\/p\/Infinita-Goya-100063870918311\/","article_published_time":"2026-01-25T19:24:04+00:00","og_image":[{"width":2048,"height":1368,"url":"https:\/\/radioinfinitagoya.com.ar\/v1\/wp-content\/uploads\/2026\/01\/G-4rQ4MWkAALR1c.jpg","type":"image\/jpeg"}],"author":"Jorge Mi\u00f1o","twitter_card":"summary_large_image","twitter_misc":{"Escrito por":"Jorge Mi\u00f1o","Tiempo de lectura":"5 minutos"},"schema":{"@context":"https:\/\/schema.org","@graph":[{"@type":"Article","@id":"https:\/\/radioinfinitagoya.com.ar\/v1\/2026\/01\/25\/con-algunos-limites-sobrepasados-la-fiesta-del-chamame-cierra-su-edicion-2026\/#article","isPartOf":{"@id":"https:\/\/radioinfinitagoya.com.ar\/v1\/2026\/01\/25\/con-algunos-limites-sobrepasados-la-fiesta-del-chamame-cierra-su-edicion-2026\/"},"author":{"name":"Jorge Mi\u00f1o","@id":"https:\/\/radioinfinitagoya.com.ar\/v1\/#\/schema\/person\/d4cf9c413d4f6edb24aabdccab49ca4a"},"headline":"Con algunos l\u00edmites sobrepasados, la Fiesta del Chamam\u00e9 cierra su edici\u00f3n 2026","datePublished":"2026-01-25T19:24:04+00:00","mainEntityOfPage":{"@id":"https:\/\/radioinfinitagoya.com.ar\/v1\/2026\/01\/25\/con-algunos-limites-sobrepasados-la-fiesta-del-chamame-cierra-su-edicion-2026\/"},"wordCount":1021,"commentCount":0,"publisher":{"@id":"https:\/\/radioinfinitagoya.com.ar\/v1\/#organization"},"image":{"@id":"https:\/\/radioinfinitagoya.com.ar\/v1\/2026\/01\/25\/con-algunos-limites-sobrepasados-la-fiesta-del-chamame-cierra-su-edicion-2026\/#primaryimage"},"thumbnailUrl":"https:\/\/radioinfinitagoya.com.ar\/v1\/wp-content\/uploads\/2026\/01\/G-4rQ4MWkAALR1c.jpg","articleSection":["PROVINCIALES"],"inLanguage":"es-AR","potentialAction":[{"@type":"CommentAction","name":"Comment","target":["https:\/\/radioinfinitagoya.com.ar\/v1\/2026\/01\/25\/con-algunos-limites-sobrepasados-la-fiesta-del-chamame-cierra-su-edicion-2026\/#respond"]}]},{"@type":"WebPage","@id":"https:\/\/radioinfinitagoya.com.ar\/v1\/2026\/01\/25\/con-algunos-limites-sobrepasados-la-fiesta-del-chamame-cierra-su-edicion-2026\/","url":"https:\/\/radioinfinitagoya.com.ar\/v1\/2026\/01\/25\/con-algunos-limites-sobrepasados-la-fiesta-del-chamame-cierra-su-edicion-2026\/","name":"Con algunos l\u00edmites sobrepasados, la Fiesta del Chamam\u00e9 cierra su edici\u00f3n 2026 - Radio Infinita Goya","isPartOf":{"@id":"https:\/\/radioinfinitagoya.com.ar\/v1\/#website"},"primaryImageOfPage":{"@id":"https:\/\/radioinfinitagoya.com.ar\/v1\/2026\/01\/25\/con-algunos-limites-sobrepasados-la-fiesta-del-chamame-cierra-su-edicion-2026\/#primaryimage"},"image":{"@id":"https:\/\/radioinfinitagoya.com.ar\/v1\/2026\/01\/25\/con-algunos-limites-sobrepasados-la-fiesta-del-chamame-cierra-su-edicion-2026\/#primaryimage"},"thumbnailUrl":"https:\/\/radioinfinitagoya.com.ar\/v1\/wp-content\/uploads\/2026\/01\/G-4rQ4MWkAALR1c.jpg","datePublished":"2026-01-25T19:24:04+00:00","description":"El s\u00e1bado en el Cocomarola hubo buena m\u00fasica desde temprano con artistas de la talla de Juan Pedro Sorribes, Ana Paula Romero y un homenaje en canciones","breadcrumb":{"@id":"https:\/\/radioinfinitagoya.com.ar\/v1\/2026\/01\/25\/con-algunos-limites-sobrepasados-la-fiesta-del-chamame-cierra-su-edicion-2026\/#breadcrumb"},"inLanguage":"es-AR","potentialAction":[{"@type":"ReadAction","target":["https:\/\/radioinfinitagoya.com.ar\/v1\/2026\/01\/25\/con-algunos-limites-sobrepasados-la-fiesta-del-chamame-cierra-su-edicion-2026\/"]}]},{"@type":"ImageObject","inLanguage":"es-AR","@id":"https:\/\/radioinfinitagoya.com.ar\/v1\/2026\/01\/25\/con-algunos-limites-sobrepasados-la-fiesta-del-chamame-cierra-su-edicion-2026\/#primaryimage","url":"https:\/\/radioinfinitagoya.com.ar\/v1\/wp-content\/uploads\/2026\/01\/G-4rQ4MWkAALR1c.jpg","contentUrl":"https:\/\/radioinfinitagoya.com.ar\/v1\/wp-content\/uploads\/2026\/01\/G-4rQ4MWkAALR1c.jpg","width":2048,"height":1368},{"@type":"BreadcrumbList","@id":"https:\/\/radioinfinitagoya.com.ar\/v1\/2026\/01\/25\/con-algunos-limites-sobrepasados-la-fiesta-del-chamame-cierra-su-edicion-2026\/#breadcrumb","itemListElement":[{"@type":"ListItem","position":1,"name":"Inicio","item":"https:\/\/radioinfinitagoya.com.ar\/v1\/"},{"@type":"ListItem","position":2,"name":"Con algunos l\u00edmites sobrepasados, la Fiesta del Chamam\u00e9 cierra su edici\u00f3n 2026"}]},{"@type":"WebSite","@id":"https:\/\/radioinfinitagoya.com.ar\/v1\/#website","url":"https:\/\/radioinfinitagoya.com.ar\/v1\/","name":"radioinfinitagoya.com.ar","description":"Radio de noticias","publisher":{"@id":"https:\/\/radioinfinitagoya.com.ar\/v1\/#organization"},"potentialAction":[{"@type":"SearchAction","target":{"@type":"EntryPoint","urlTemplate":"https:\/\/radioinfinitagoya.com.ar\/v1\/?s={search_term_string}"},"query-input":{"@type":"PropertyValueSpecification","valueRequired":true,"valueName":"search_term_string"}}],"inLanguage":"es-AR"},{"@type":"Organization","@id":"https:\/\/radioinfinitagoya.com.ar\/v1\/#organization","name":"Radio Infinita Goya","url":"https:\/\/radioinfinitagoya.com.ar\/v1\/","logo":{"@type":"ImageObject","inLanguage":"es-AR","@id":"https:\/\/radioinfinitagoya.com.ar\/v1\/#\/schema\/logo\/image\/","url":"https:\/\/radioinfinitagoya.com.ar\/v1\/wp-content\/uploads\/2019\/11\/logo-pie-web.png","contentUrl":"https:\/\/radioinfinitagoya.com.ar\/v1\/wp-content\/uploads\/2019\/11\/logo-pie-web.png","width":635,"height":326,"caption":"Radio Infinita Goya"},"image":{"@id":"https:\/\/radioinfinitagoya.com.ar\/v1\/#\/schema\/logo\/image\/"},"sameAs":["https:\/\/www.facebook.com\/p\/Infinita-Goya-100063870918311\/"]},{"@type":"Person","@id":"https:\/\/radioinfinitagoya.com.ar\/v1\/#\/schema\/person\/d4cf9c413d4f6edb24aabdccab49ca4a","name":"Jorge Mi\u00f1o","image":{"@type":"ImageObject","inLanguage":"es-AR","@id":"https:\/\/secure.gravatar.com\/avatar\/910fcf6728fe95320e07a6643c1581fec1c7fc4bf8ae12e3d8f0d0373dc844be?s=96&d=mm&r=g","url":"https:\/\/secure.gravatar.com\/avatar\/910fcf6728fe95320e07a6643c1581fec1c7fc4bf8ae12e3d8f0d0373dc844be?s=96&d=mm&r=g","contentUrl":"https:\/\/secure.gravatar.com\/avatar\/910fcf6728fe95320e07a6643c1581fec1c7fc4bf8ae12e3d8f0d0373dc844be?s=96&d=mm&r=g","caption":"Jorge Mi\u00f1o"},"sameAs":["http:\/\/radioinfinitagoya.com.ar"]}]}},"_links":{"self":[{"href":"https:\/\/radioinfinitagoya.com.ar\/v1\/wp-json\/wp\/v2\/posts\/203709","targetHints":{"allow":["GET"]}}],"collection":[{"href":"https:\/\/radioinfinitagoya.com.ar\/v1\/wp-json\/wp\/v2\/posts"}],"about":[{"href":"https:\/\/radioinfinitagoya.com.ar\/v1\/wp-json\/wp\/v2\/types\/post"}],"author":[{"embeddable":true,"href":"https:\/\/radioinfinitagoya.com.ar\/v1\/wp-json\/wp\/v2\/users\/4"}],"replies":[{"embeddable":true,"href":"https:\/\/radioinfinitagoya.com.ar\/v1\/wp-json\/wp\/v2\/comments?post=203709"}],"version-history":[{"count":0,"href":"https:\/\/radioinfinitagoya.com.ar\/v1\/wp-json\/wp\/v2\/posts\/203709\/revisions"}],"wp:featuredmedia":[{"embeddable":true,"href":"https:\/\/radioinfinitagoya.com.ar\/v1\/wp-json\/wp\/v2\/media\/203250"}],"wp:attachment":[{"href":"https:\/\/radioinfinitagoya.com.ar\/v1\/wp-json\/wp\/v2\/media?parent=203709"}],"wp:term":[{"taxonomy":"category","embeddable":true,"href":"https:\/\/radioinfinitagoya.com.ar\/v1\/wp-json\/wp\/v2\/categories?post=203709"},{"taxonomy":"post_tag","embeddable":true,"href":"https:\/\/radioinfinitagoya.com.ar\/v1\/wp-json\/wp\/v2\/tags?post=203709"}],"curies":[{"name":"wp","href":"https:\/\/api.w.org\/{rel}","templated":true}]}}