{"id":203713,"date":"2026-01-25T16:35:03","date_gmt":"2026-01-25T19:35:03","guid":{"rendered":"https:\/\/radioinfinitagoya.com.ar\/v1\/?p=203713"},"modified":"2026-01-25T16:35:03","modified_gmt":"2026-01-25T19:35:03","slug":"a-29-anos-del-asesinato-de-jose-luis-cabezas-simbolo-del-fotoperiodismo-argentino","status":"publish","type":"post","link":"https:\/\/radioinfinitagoya.com.ar\/v1\/2026\/01\/25\/a-29-anos-del-asesinato-de-jose-luis-cabezas-simbolo-del-fotoperiodismo-argentino\/","title":{"rendered":"A 29 a\u00f1os del asesinato de Jos\u00e9 Luis Cabezas, s\u00edmbolo del fotoperiodismo argentino"},"content":{"rendered":"<p>Cada 25 de enero se honra la memoria de Cabezas y se reivindica el rol de los reporteros gr\u00e1ficos en el periodismo argentino.<\/p>\n<p>En Argentina, el 25 de enero se conmemora el D\u00eda Nacional del Reportero Gr\u00e1fico en memoria del periodista gr\u00e1fico Jos\u00e9 Luis Cabezas, asesinado mientras ejerc\u00eda su labor profesional en 1997. La fecha fue establecida por la Ley Nacional N.\u00ba 24.876 sancionada y promulgada ese mismo a\u00f1o con el objetivo de rendir homenaje a su trayectoria y a la tarea de los trabajadores gr\u00e1ficos en general.<\/p>\n<p>La consigna que acompa\u00f1a la conmemoraci\u00f3n es \u201cNo se olviden de Cabezas\u201d, un reclamo de justicia y reconocimiento que impulsa la Asociaci\u00f3n de Reporteros Gr\u00e1ficos de la Rep\u00fablica Argentina (Argra).<\/p>\n<p>Qui\u00e9n fue Jos\u00e9 Luis Cabezas<\/p>\n<p>Jos\u00e9 Luis Cabezas naci\u00f3 el 28 de noviembre de 1961 en Wilde (Provincia de Buenos Aires) y se consolid\u00f3 como uno de los reporteros gr\u00e1ficos m\u00e1s prestigiosos del pa\u00eds. Durante su carrera retrat\u00f3 a figuras del deporte, la pol\u00edtica, la cultura y el espect\u00e1culo, y desarroll\u00f3 un estilo period\u00edstico basado en la b\u00fasqueda de la verdad y el registro documental.<\/p>\n<p>En 1996, mientras cubr\u00eda la temporada veraniega en Pinamar, logr\u00f3 una de sus fotograf\u00edas m\u00e1s ic\u00f3nicas: la primera imagen publicada de Alfredo Yabr\u00e1n, un empresario cuyo rostro era un misterio para los medios. Esa imagen se convirti\u00f3 en portada de la Revista Noticias y marc\u00f3 un hito en el periodismo argentino.<\/p>\n<p><img loading=\"lazy\" decoding=\"async\" class=\"alignnone size-full wp-image-203714\" src=\"https:\/\/radioinfinitagoya.com.ar\/v1\/wp-content\/uploads\/2026\/01\/8.jpg\" alt=\"\" width=\"1080\" height=\"741\" srcset=\"https:\/\/radioinfinitagoya.com.ar\/v1\/wp-content\/uploads\/2026\/01\/8.jpg 1080w, https:\/\/radioinfinitagoya.com.ar\/v1\/wp-content\/uploads\/2026\/01\/8-150x103.jpg 150w, https:\/\/radioinfinitagoya.com.ar\/v1\/wp-content\/uploads\/2026\/01\/8-768x527.jpg 768w, https:\/\/radioinfinitagoya.com.ar\/v1\/wp-content\/uploads\/2026\/01\/8-612x420.jpg 612w, https:\/\/radioinfinitagoya.com.ar\/v1\/wp-content\/uploads\/2026\/01\/8-218x150.jpg 218w, https:\/\/radioinfinitagoya.com.ar\/v1\/wp-content\/uploads\/2026\/01\/8-696x478.jpg 696w, https:\/\/radioinfinitagoya.com.ar\/v1\/wp-content\/uploads\/2026\/01\/8-1068x733.jpg 1068w, https:\/\/radioinfinitagoya.com.ar\/v1\/wp-content\/uploads\/2026\/01\/8-100x70.jpg 100w\" sizes=\"auto, (max-width: 1080px) 100vw, 1080px\" \/>El asesinato que marc\u00f3 un antes y un despu\u00e9s<br \/>\nDurante la madrugada del 25 de enero de 1997, luego de cubrir una fiesta organizada por el empresario Oscar Andreani en Pinamar, Cabezas fue interceptado por una banda que lo secuestr\u00f3 y asesin\u00f3. Su cuerpo fue encontrado al d\u00eda siguiente dentro de un autom\u00f3vil alquilado, calcinado y con dos disparos en la cabeza en el paraje Los Manantiales, en General Madariaga.<\/p>\n<p>La investigaci\u00f3n judicial determin\u00f3 que el crimen estaba vinculado al empresario Alfredo Yabr\u00e1n como autor intelectual, lo que gener\u00f3 una enorme conmoci\u00f3n en la sociedad argentina y coloc\u00f3 el caso en la historia de la lucha por la libertad de expresi\u00f3n.<\/p>\n<p>La conmemoraci\u00f3n y su significado<\/p>\n<p>Cada 25 de enero, periodistas, colegas y organizaciones de prensa conmemoran no solo a Cabezas, sino tambi\u00e9n el rol de los reporteros gr\u00e1ficos en la construcci\u00f3n de informaci\u00f3n, su aporte a la transparencia y la defensa de derechos fundamentales.<\/p>\n<p>Para muchos colegas y activistas de derechos humanos, la fecha sirve para reflexionar sobre la protecci\u00f3n del ejercicio period\u00edstico y sobre casos de violencia contra la prensa que siguen vigentes en diferentes contextos.<\/p>\n","protected":false},"excerpt":{"rendered":"<p>Cada 25 de enero se honra la memoria de Cabezas y se reivindica el rol de los reporteros gr\u00e1ficos en el periodismo argentino. En Argentina, el 25 de enero se conmemora el D\u00eda Nacional del Reportero Gr\u00e1fico en memoria del periodista gr\u00e1fico Jos\u00e9 Luis Cabezas, asesinado mientras ejerc\u00eda su labor profesional en 1997. La fecha [&hellip;]<\/p>\n","protected":false},"author":4,"featured_media":203715,"comment_status":"open","ping_status":"open","sticky":false,"template":"","format":"standard","meta":{"_joinchat":[],"footnotes":""},"categories":[29],"tags":[],"class_list":{"0":"post-203713","1":"post","2":"type-post","3":"status-publish","4":"format-standard","5":"has-post-thumbnail","7":"category-nacionales"},"yoast_head":"<!-- This site is optimized with the Yoast SEO plugin v27.2 - https:\/\/yoast.com\/product\/yoast-seo-wordpress\/ -->\n<title>A 29 a\u00f1os del asesinato de Jos\u00e9 Luis Cabezas, s\u00edmbolo del fotoperiodismo argentino - Radio Infinita Goya<\/title>\n<meta name=\"description\" content=\"Cada 25 de enero se honra la memoria de Cabezas y se reivindica el rol de los reporteros gr\u00e1ficos en el periodismo argentino. En Argentina, el 25 de enero\" \/>\n<meta name=\"robots\" content=\"index, follow, max-snippet:-1, max-image-preview:large, max-video-preview:-1\" \/>\n<link rel=\"canonical\" href=\"https:\/\/radioinfinitagoya.com.ar\/v1\/2026\/01\/25\/a-29-anos-del-asesinato-de-jose-luis-cabezas-simbolo-del-fotoperiodismo-argentino\/\" \/>\n<meta property=\"og:locale\" content=\"es_ES\" \/>\n<meta property=\"og:type\" content=\"article\" \/>\n<meta property=\"og:title\" content=\"A 29 a\u00f1os del asesinato de Jos\u00e9 Luis Cabezas, s\u00edmbolo del fotoperiodismo argentino - Radio Infinita Goya\" \/>\n<meta property=\"og:description\" content=\"Cada 25 de enero se honra la memoria de Cabezas y se reivindica el rol de los reporteros gr\u00e1ficos en el periodismo argentino. En Argentina, el 25 de enero\" \/>\n<meta property=\"og:url\" content=\"https:\/\/radioinfinitagoya.com.ar\/v1\/2026\/01\/25\/a-29-anos-del-asesinato-de-jose-luis-cabezas-simbolo-del-fotoperiodismo-argentino\/\" \/>\n<meta property=\"og:site_name\" content=\"Radio Infinita Goya\" \/>\n<meta property=\"article:publisher\" content=\"https:\/\/www.facebook.com\/p\/Infinita-Goya-100063870918311\/\" \/>\n<meta property=\"article:published_time\" content=\"2026-01-25T19:35:03+00:00\" \/>\n<meta property=\"og:image\" content=\"https:\/\/radioinfinitagoya.com.ar\/v1\/wp-content\/uploads\/2026\/01\/7.jpg\" \/>\n\t<meta property=\"og:image:width\" content=\"1080\" \/>\n\t<meta property=\"og:image:height\" content=\"725\" \/>\n\t<meta property=\"og:image:type\" content=\"image\/jpeg\" \/>\n<meta name=\"author\" content=\"Jorge Mi\u00f1o\" \/>\n<meta name=\"twitter:card\" content=\"summary_large_image\" \/>\n<meta name=\"twitter:label1\" content=\"Escrito por\" \/>\n\t<meta name=\"twitter:data1\" content=\"Jorge Mi\u00f1o\" \/>\n\t<meta name=\"twitter:label2\" content=\"Tiempo de lectura\" \/>\n\t<meta name=\"twitter:data2\" content=\"2 minutos\" \/>\n<script type=\"application\/ld+json\" class=\"yoast-schema-graph\">{\"@context\":\"https:\/\/schema.org\",\"@graph\":[{\"@type\":\"Article\",\"@id\":\"https:\/\/radioinfinitagoya.com.ar\/v1\/2026\/01\/25\/a-29-anos-del-asesinato-de-jose-luis-cabezas-simbolo-del-fotoperiodismo-argentino\/#article\",\"isPartOf\":{\"@id\":\"https:\/\/radioinfinitagoya.com.ar\/v1\/2026\/01\/25\/a-29-anos-del-asesinato-de-jose-luis-cabezas-simbolo-del-fotoperiodismo-argentino\/\"},\"author\":{\"name\":\"Jorge Mi\u00f1o\",\"@id\":\"https:\/\/radioinfinitagoya.com.ar\/v1\/#\/schema\/person\/d4cf9c413d4f6edb24aabdccab49ca4a\"},\"headline\":\"A 29 a\u00f1os del asesinato de Jos\u00e9 Luis Cabezas, s\u00edmbolo del fotoperiodismo argentino\",\"datePublished\":\"2026-01-25T19:35:03+00:00\",\"mainEntityOfPage\":{\"@id\":\"https:\/\/radioinfinitagoya.com.ar\/v1\/2026\/01\/25\/a-29-anos-del-asesinato-de-jose-luis-cabezas-simbolo-del-fotoperiodismo-argentino\/\"},\"wordCount\":465,\"commentCount\":0,\"publisher\":{\"@id\":\"https:\/\/radioinfinitagoya.com.ar\/v1\/#organization\"},\"image\":{\"@id\":\"https:\/\/radioinfinitagoya.com.ar\/v1\/2026\/01\/25\/a-29-anos-del-asesinato-de-jose-luis-cabezas-simbolo-del-fotoperiodismo-argentino\/#primaryimage\"},\"thumbnailUrl\":\"https:\/\/radioinfinitagoya.com.ar\/v1\/wp-content\/uploads\/2026\/01\/7.jpg\",\"articleSection\":[\"NACIONALES\"],\"inLanguage\":\"es-AR\",\"potentialAction\":[{\"@type\":\"CommentAction\",\"name\":\"Comment\",\"target\":[\"https:\/\/radioinfinitagoya.com.ar\/v1\/2026\/01\/25\/a-29-anos-del-asesinato-de-jose-luis-cabezas-simbolo-del-fotoperiodismo-argentino\/#respond\"]}]},{\"@type\":\"WebPage\",\"@id\":\"https:\/\/radioinfinitagoya.com.ar\/v1\/2026\/01\/25\/a-29-anos-del-asesinato-de-jose-luis-cabezas-simbolo-del-fotoperiodismo-argentino\/\",\"url\":\"https:\/\/radioinfinitagoya.com.ar\/v1\/2026\/01\/25\/a-29-anos-del-asesinato-de-jose-luis-cabezas-simbolo-del-fotoperiodismo-argentino\/\",\"name\":\"A 29 a\u00f1os del asesinato de Jos\u00e9 Luis Cabezas, s\u00edmbolo del fotoperiodismo argentino - Radio Infinita Goya\",\"isPartOf\":{\"@id\":\"https:\/\/radioinfinitagoya.com.ar\/v1\/#website\"},\"primaryImageOfPage\":{\"@id\":\"https:\/\/radioinfinitagoya.com.ar\/v1\/2026\/01\/25\/a-29-anos-del-asesinato-de-jose-luis-cabezas-simbolo-del-fotoperiodismo-argentino\/#primaryimage\"},\"image\":{\"@id\":\"https:\/\/radioinfinitagoya.com.ar\/v1\/2026\/01\/25\/a-29-anos-del-asesinato-de-jose-luis-cabezas-simbolo-del-fotoperiodismo-argentino\/#primaryimage\"},\"thumbnailUrl\":\"https:\/\/radioinfinitagoya.com.ar\/v1\/wp-content\/uploads\/2026\/01\/7.jpg\",\"datePublished\":\"2026-01-25T19:35:03+00:00\",\"description\":\"Cada 25 de enero se honra la memoria de Cabezas y se reivindica el rol de los reporteros gr\u00e1ficos en el periodismo argentino. En Argentina, el 25 de enero\",\"breadcrumb\":{\"@id\":\"https:\/\/radioinfinitagoya.com.ar\/v1\/2026\/01\/25\/a-29-anos-del-asesinato-de-jose-luis-cabezas-simbolo-del-fotoperiodismo-argentino\/#breadcrumb\"},\"inLanguage\":\"es-AR\",\"potentialAction\":[{\"@type\":\"ReadAction\",\"target\":[\"https:\/\/radioinfinitagoya.com.ar\/v1\/2026\/01\/25\/a-29-anos-del-asesinato-de-jose-luis-cabezas-simbolo-del-fotoperiodismo-argentino\/\"]}]},{\"@type\":\"ImageObject\",\"inLanguage\":\"es-AR\",\"@id\":\"https:\/\/radioinfinitagoya.com.ar\/v1\/2026\/01\/25\/a-29-anos-del-asesinato-de-jose-luis-cabezas-simbolo-del-fotoperiodismo-argentino\/#primaryimage\",\"url\":\"https:\/\/radioinfinitagoya.com.ar\/v1\/wp-content\/uploads\/2026\/01\/7.jpg\",\"contentUrl\":\"https:\/\/radioinfinitagoya.com.ar\/v1\/wp-content\/uploads\/2026\/01\/7.jpg\",\"width\":1080,\"height\":725},{\"@type\":\"BreadcrumbList\",\"@id\":\"https:\/\/radioinfinitagoya.com.ar\/v1\/2026\/01\/25\/a-29-anos-del-asesinato-de-jose-luis-cabezas-simbolo-del-fotoperiodismo-argentino\/#breadcrumb\",\"itemListElement\":[{\"@type\":\"ListItem\",\"position\":1,\"name\":\"Inicio\",\"item\":\"https:\/\/radioinfinitagoya.com.ar\/v1\/\"},{\"@type\":\"ListItem\",\"position\":2,\"name\":\"A 29 a\u00f1os del asesinato de Jos\u00e9 Luis Cabezas, s\u00edmbolo del fotoperiodismo argentino\"}]},{\"@type\":\"WebSite\",\"@id\":\"https:\/\/radioinfinitagoya.com.ar\/v1\/#website\",\"url\":\"https:\/\/radioinfinitagoya.com.ar\/v1\/\",\"name\":\"radioinfinitagoya.com.ar\",\"description\":\"Radio de noticias\",\"publisher\":{\"@id\":\"https:\/\/radioinfinitagoya.com.ar\/v1\/#organization\"},\"potentialAction\":[{\"@type\":\"SearchAction\",\"target\":{\"@type\":\"EntryPoint\",\"urlTemplate\":\"https:\/\/radioinfinitagoya.com.ar\/v1\/?s={search_term_string}\"},\"query-input\":{\"@type\":\"PropertyValueSpecification\",\"valueRequired\":true,\"valueName\":\"search_term_string\"}}],\"inLanguage\":\"es-AR\"},{\"@type\":\"Organization\",\"@id\":\"https:\/\/radioinfinitagoya.com.ar\/v1\/#organization\",\"name\":\"Radio Infinita Goya\",\"url\":\"https:\/\/radioinfinitagoya.com.ar\/v1\/\",\"logo\":{\"@type\":\"ImageObject\",\"inLanguage\":\"es-AR\",\"@id\":\"https:\/\/radioinfinitagoya.com.ar\/v1\/#\/schema\/logo\/image\/\",\"url\":\"https:\/\/radioinfinitagoya.com.ar\/v1\/wp-content\/uploads\/2019\/11\/logo-pie-web.png\",\"contentUrl\":\"https:\/\/radioinfinitagoya.com.ar\/v1\/wp-content\/uploads\/2019\/11\/logo-pie-web.png\",\"width\":635,\"height\":326,\"caption\":\"Radio Infinita Goya\"},\"image\":{\"@id\":\"https:\/\/radioinfinitagoya.com.ar\/v1\/#\/schema\/logo\/image\/\"},\"sameAs\":[\"https:\/\/www.facebook.com\/p\/Infinita-Goya-100063870918311\/\"]},{\"@type\":\"Person\",\"@id\":\"https:\/\/radioinfinitagoya.com.ar\/v1\/#\/schema\/person\/d4cf9c413d4f6edb24aabdccab49ca4a\",\"name\":\"Jorge Mi\u00f1o\",\"image\":{\"@type\":\"ImageObject\",\"inLanguage\":\"es-AR\",\"@id\":\"https:\/\/secure.gravatar.com\/avatar\/910fcf6728fe95320e07a6643c1581fec1c7fc4bf8ae12e3d8f0d0373dc844be?s=96&d=mm&r=g\",\"url\":\"https:\/\/secure.gravatar.com\/avatar\/910fcf6728fe95320e07a6643c1581fec1c7fc4bf8ae12e3d8f0d0373dc844be?s=96&d=mm&r=g\",\"contentUrl\":\"https:\/\/secure.gravatar.com\/avatar\/910fcf6728fe95320e07a6643c1581fec1c7fc4bf8ae12e3d8f0d0373dc844be?s=96&d=mm&r=g\",\"caption\":\"Jorge Mi\u00f1o\"},\"sameAs\":[\"http:\/\/radioinfinitagoya.com.ar\"]}]}<\/script>\n<!-- \/ Yoast SEO plugin. -->","yoast_head_json":{"title":"A 29 a\u00f1os del asesinato de Jos\u00e9 Luis Cabezas, s\u00edmbolo del fotoperiodismo argentino - Radio Infinita Goya","description":"Cada 25 de enero se honra la memoria de Cabezas y se reivindica el rol de los reporteros gr\u00e1ficos en el periodismo argentino. En Argentina, el 25 de enero","robots":{"index":"index","follow":"follow","max-snippet":"max-snippet:-1","max-image-preview":"max-image-preview:large","max-video-preview":"max-video-preview:-1"},"canonical":"https:\/\/radioinfinitagoya.com.ar\/v1\/2026\/01\/25\/a-29-anos-del-asesinato-de-jose-luis-cabezas-simbolo-del-fotoperiodismo-argentino\/","og_locale":"es_ES","og_type":"article","og_title":"A 29 a\u00f1os del asesinato de Jos\u00e9 Luis Cabezas, s\u00edmbolo del fotoperiodismo argentino - Radio Infinita Goya","og_description":"Cada 25 de enero se honra la memoria de Cabezas y se reivindica el rol de los reporteros gr\u00e1ficos en el periodismo argentino. En Argentina, el 25 de enero","og_url":"https:\/\/radioinfinitagoya.com.ar\/v1\/2026\/01\/25\/a-29-anos-del-asesinato-de-jose-luis-cabezas-simbolo-del-fotoperiodismo-argentino\/","og_site_name":"Radio Infinita Goya","article_publisher":"https:\/\/www.facebook.com\/p\/Infinita-Goya-100063870918311\/","article_published_time":"2026-01-25T19:35:03+00:00","og_image":[{"width":1080,"height":725,"url":"https:\/\/radioinfinitagoya.com.ar\/v1\/wp-content\/uploads\/2026\/01\/7.jpg","type":"image\/jpeg"}],"author":"Jorge Mi\u00f1o","twitter_card":"summary_large_image","twitter_misc":{"Escrito por":"Jorge Mi\u00f1o","Tiempo de lectura":"2 minutos"},"schema":{"@context":"https:\/\/schema.org","@graph":[{"@type":"Article","@id":"https:\/\/radioinfinitagoya.com.ar\/v1\/2026\/01\/25\/a-29-anos-del-asesinato-de-jose-luis-cabezas-simbolo-del-fotoperiodismo-argentino\/#article","isPartOf":{"@id":"https:\/\/radioinfinitagoya.com.ar\/v1\/2026\/01\/25\/a-29-anos-del-asesinato-de-jose-luis-cabezas-simbolo-del-fotoperiodismo-argentino\/"},"author":{"name":"Jorge Mi\u00f1o","@id":"https:\/\/radioinfinitagoya.com.ar\/v1\/#\/schema\/person\/d4cf9c413d4f6edb24aabdccab49ca4a"},"headline":"A 29 a\u00f1os del asesinato de Jos\u00e9 Luis Cabezas, s\u00edmbolo del fotoperiodismo argentino","datePublished":"2026-01-25T19:35:03+00:00","mainEntityOfPage":{"@id":"https:\/\/radioinfinitagoya.com.ar\/v1\/2026\/01\/25\/a-29-anos-del-asesinato-de-jose-luis-cabezas-simbolo-del-fotoperiodismo-argentino\/"},"wordCount":465,"commentCount":0,"publisher":{"@id":"https:\/\/radioinfinitagoya.com.ar\/v1\/#organization"},"image":{"@id":"https:\/\/radioinfinitagoya.com.ar\/v1\/2026\/01\/25\/a-29-anos-del-asesinato-de-jose-luis-cabezas-simbolo-del-fotoperiodismo-argentino\/#primaryimage"},"thumbnailUrl":"https:\/\/radioinfinitagoya.com.ar\/v1\/wp-content\/uploads\/2026\/01\/7.jpg","articleSection":["NACIONALES"],"inLanguage":"es-AR","potentialAction":[{"@type":"CommentAction","name":"Comment","target":["https:\/\/radioinfinitagoya.com.ar\/v1\/2026\/01\/25\/a-29-anos-del-asesinato-de-jose-luis-cabezas-simbolo-del-fotoperiodismo-argentino\/#respond"]}]},{"@type":"WebPage","@id":"https:\/\/radioinfinitagoya.com.ar\/v1\/2026\/01\/25\/a-29-anos-del-asesinato-de-jose-luis-cabezas-simbolo-del-fotoperiodismo-argentino\/","url":"https:\/\/radioinfinitagoya.com.ar\/v1\/2026\/01\/25\/a-29-anos-del-asesinato-de-jose-luis-cabezas-simbolo-del-fotoperiodismo-argentino\/","name":"A 29 a\u00f1os del asesinato de Jos\u00e9 Luis Cabezas, s\u00edmbolo del fotoperiodismo argentino - Radio Infinita Goya","isPartOf":{"@id":"https:\/\/radioinfinitagoya.com.ar\/v1\/#website"},"primaryImageOfPage":{"@id":"https:\/\/radioinfinitagoya.com.ar\/v1\/2026\/01\/25\/a-29-anos-del-asesinato-de-jose-luis-cabezas-simbolo-del-fotoperiodismo-argentino\/#primaryimage"},"image":{"@id":"https:\/\/radioinfinitagoya.com.ar\/v1\/2026\/01\/25\/a-29-anos-del-asesinato-de-jose-luis-cabezas-simbolo-del-fotoperiodismo-argentino\/#primaryimage"},"thumbnailUrl":"https:\/\/radioinfinitagoya.com.ar\/v1\/wp-content\/uploads\/2026\/01\/7.jpg","datePublished":"2026-01-25T19:35:03+00:00","description":"Cada 25 de enero se honra la memoria de Cabezas y se reivindica el rol de los reporteros gr\u00e1ficos en el periodismo argentino. En Argentina, el 25 de enero","breadcrumb":{"@id":"https:\/\/radioinfinitagoya.com.ar\/v1\/2026\/01\/25\/a-29-anos-del-asesinato-de-jose-luis-cabezas-simbolo-del-fotoperiodismo-argentino\/#breadcrumb"},"inLanguage":"es-AR","potentialAction":[{"@type":"ReadAction","target":["https:\/\/radioinfinitagoya.com.ar\/v1\/2026\/01\/25\/a-29-anos-del-asesinato-de-jose-luis-cabezas-simbolo-del-fotoperiodismo-argentino\/"]}]},{"@type":"ImageObject","inLanguage":"es-AR","@id":"https:\/\/radioinfinitagoya.com.ar\/v1\/2026\/01\/25\/a-29-anos-del-asesinato-de-jose-luis-cabezas-simbolo-del-fotoperiodismo-argentino\/#primaryimage","url":"https:\/\/radioinfinitagoya.com.ar\/v1\/wp-content\/uploads\/2026\/01\/7.jpg","contentUrl":"https:\/\/radioinfinitagoya.com.ar\/v1\/wp-content\/uploads\/2026\/01\/7.jpg","width":1080,"height":725},{"@type":"BreadcrumbList","@id":"https:\/\/radioinfinitagoya.com.ar\/v1\/2026\/01\/25\/a-29-anos-del-asesinato-de-jose-luis-cabezas-simbolo-del-fotoperiodismo-argentino\/#breadcrumb","itemListElement":[{"@type":"ListItem","position":1,"name":"Inicio","item":"https:\/\/radioinfinitagoya.com.ar\/v1\/"},{"@type":"ListItem","position":2,"name":"A 29 a\u00f1os del asesinato de Jos\u00e9 Luis Cabezas, s\u00edmbolo del fotoperiodismo argentino"}]},{"@type":"WebSite","@id":"https:\/\/radioinfinitagoya.com.ar\/v1\/#website","url":"https:\/\/radioinfinitagoya.com.ar\/v1\/","name":"radioinfinitagoya.com.ar","description":"Radio de noticias","publisher":{"@id":"https:\/\/radioinfinitagoya.com.ar\/v1\/#organization"},"potentialAction":[{"@type":"SearchAction","target":{"@type":"EntryPoint","urlTemplate":"https:\/\/radioinfinitagoya.com.ar\/v1\/?s={search_term_string}"},"query-input":{"@type":"PropertyValueSpecification","valueRequired":true,"valueName":"search_term_string"}}],"inLanguage":"es-AR"},{"@type":"Organization","@id":"https:\/\/radioinfinitagoya.com.ar\/v1\/#organization","name":"Radio Infinita Goya","url":"https:\/\/radioinfinitagoya.com.ar\/v1\/","logo":{"@type":"ImageObject","inLanguage":"es-AR","@id":"https:\/\/radioinfinitagoya.com.ar\/v1\/#\/schema\/logo\/image\/","url":"https:\/\/radioinfinitagoya.com.ar\/v1\/wp-content\/uploads\/2019\/11\/logo-pie-web.png","contentUrl":"https:\/\/radioinfinitagoya.com.ar\/v1\/wp-content\/uploads\/2019\/11\/logo-pie-web.png","width":635,"height":326,"caption":"Radio Infinita Goya"},"image":{"@id":"https:\/\/radioinfinitagoya.com.ar\/v1\/#\/schema\/logo\/image\/"},"sameAs":["https:\/\/www.facebook.com\/p\/Infinita-Goya-100063870918311\/"]},{"@type":"Person","@id":"https:\/\/radioinfinitagoya.com.ar\/v1\/#\/schema\/person\/d4cf9c413d4f6edb24aabdccab49ca4a","name":"Jorge Mi\u00f1o","image":{"@type":"ImageObject","inLanguage":"es-AR","@id":"https:\/\/secure.gravatar.com\/avatar\/910fcf6728fe95320e07a6643c1581fec1c7fc4bf8ae12e3d8f0d0373dc844be?s=96&d=mm&r=g","url":"https:\/\/secure.gravatar.com\/avatar\/910fcf6728fe95320e07a6643c1581fec1c7fc4bf8ae12e3d8f0d0373dc844be?s=96&d=mm&r=g","contentUrl":"https:\/\/secure.gravatar.com\/avatar\/910fcf6728fe95320e07a6643c1581fec1c7fc4bf8ae12e3d8f0d0373dc844be?s=96&d=mm&r=g","caption":"Jorge Mi\u00f1o"},"sameAs":["http:\/\/radioinfinitagoya.com.ar"]}]}},"_links":{"self":[{"href":"https:\/\/radioinfinitagoya.com.ar\/v1\/wp-json\/wp\/v2\/posts\/203713","targetHints":{"allow":["GET"]}}],"collection":[{"href":"https:\/\/radioinfinitagoya.com.ar\/v1\/wp-json\/wp\/v2\/posts"}],"about":[{"href":"https:\/\/radioinfinitagoya.com.ar\/v1\/wp-json\/wp\/v2\/types\/post"}],"author":[{"embeddable":true,"href":"https:\/\/radioinfinitagoya.com.ar\/v1\/wp-json\/wp\/v2\/users\/4"}],"replies":[{"embeddable":true,"href":"https:\/\/radioinfinitagoya.com.ar\/v1\/wp-json\/wp\/v2\/comments?post=203713"}],"version-history":[{"count":0,"href":"https:\/\/radioinfinitagoya.com.ar\/v1\/wp-json\/wp\/v2\/posts\/203713\/revisions"}],"wp:featuredmedia":[{"embeddable":true,"href":"https:\/\/radioinfinitagoya.com.ar\/v1\/wp-json\/wp\/v2\/media\/203715"}],"wp:attachment":[{"href":"https:\/\/radioinfinitagoya.com.ar\/v1\/wp-json\/wp\/v2\/media?parent=203713"}],"wp:term":[{"taxonomy":"category","embeddable":true,"href":"https:\/\/radioinfinitagoya.com.ar\/v1\/wp-json\/wp\/v2\/categories?post=203713"},{"taxonomy":"post_tag","embeddable":true,"href":"https:\/\/radioinfinitagoya.com.ar\/v1\/wp-json\/wp\/v2\/tags?post=203713"}],"curies":[{"name":"wp","href":"https:\/\/api.w.org\/{rel}","templated":true}]}}