{"id":203720,"date":"2026-01-25T16:53:45","date_gmt":"2026-01-25T19:53:45","guid":{"rendered":"https:\/\/radioinfinitagoya.com.ar\/v1\/?p=203720"},"modified":"2026-01-25T16:53:45","modified_gmt":"2026-01-25T19:53:45","slug":"patricia-bullrich-exigio-debatir-la-baja-de-la-edad-de-imputabilidad","status":"publish","type":"post","link":"https:\/\/radioinfinitagoya.com.ar\/v1\/2026\/01\/25\/patricia-bullrich-exigio-debatir-la-baja-de-la-edad-de-imputabilidad\/","title":{"rendered":"Patricia Bullrich exigi\u00f3 debatir la baja de la edad de imputabilidad"},"content":{"rendered":"<p>La jefa del bloque de senadores de La Libertad Avanza cuestion\u00f3 el esquema vigente al considerar que &#8220;protege a los delincuentes y abandona a las v\u00edctimas&#8221;.<\/p>\n<p>La jefa del bloque de senadores de La Libertad Avanza, Patricia Bullrich, volvi\u00f3 a reclamar el inicio del debate parlamentario sobre el R\u00e9gimen Penal Juvenil. La iniciativa propone la baja de la edad de imputabilidad y una modificaci\u00f3n del sistema de responsabilidad para menores.<\/p>\n<p>El planteo fue realizado a trav\u00e9s de un mensaje publicado en la red social X, donde la ex ministra de Seguridad inst\u00f3 al Congreso a tratar el proyecto durante este a\u00f1o. En ese marco, vincul\u00f3 la discusi\u00f3n con el acompa\u00f1amiento a las v\u00edctimas de delitos.<\/p>\n<p>\u201cEste a\u00f1o los espero a todos para tratar la Ley Penal Juvenil en el Congreso\u201d, expres\u00f3 Bullrich, y sostuvo que el debate implica optar entre \u201cacompa\u00f1ar a las v\u00edctimas y a sus familias\u201d o mantener, seg\u00fan su visi\u00f3n, una postura favorable a los delincuentes.<\/p>\n<p>La senadora cuestion\u00f3 el r\u00e9gimen actual al considerar que permite que delitos graves cometidos por menores queden sin una sanci\u00f3n penal efectiva.<\/p>\n<p>\u201cEl menor que delinque, las paga, y el que asesina no vuelve a su casa como si nada\u201d, se\u00f1al\u00f3 Bullrich, al remarcar que el sistema vigente no fija responsabilidades claras ni l\u00edmites efectivos.<\/p>\n<p>Finalmente, calific\u00f3 al actual R\u00e9gimen Penal Juvenil como un esquema que \u201cprotege a los delincuentes y abandona a las v\u00edctimas\u201d. Adem\u00e1s, sostuvo que la reforma busca alinearlo con modelos aplicados en otros pa\u00edses de la regi\u00f3n, con jueces especializados y penas diferenciadas seg\u00fan la edad y la gravedad del delito.<\/p>\n","protected":false},"excerpt":{"rendered":"<p>La jefa del bloque de senadores de La Libertad Avanza cuestion\u00f3 el esquema vigente al considerar que &#8220;protege a los delincuentes y abandona a las v\u00edctimas&#8221;. La jefa del bloque de senadores de La Libertad Avanza, Patricia Bullrich, volvi\u00f3 a reclamar el inicio del debate parlamentario sobre el R\u00e9gimen Penal Juvenil. La iniciativa propone la [&hellip;]<\/p>\n","protected":false},"author":4,"featured_media":203721,"comment_status":"open","ping_status":"open","sticky":false,"template":"","format":"standard","meta":{"_joinchat":[],"footnotes":""},"categories":[29],"tags":[],"class_list":{"0":"post-203720","1":"post","2":"type-post","3":"status-publish","4":"format-standard","5":"has-post-thumbnail","7":"category-nacionales"},"yoast_head":"<!-- This site is optimized with the Yoast SEO plugin v27.2 - https:\/\/yoast.com\/product\/yoast-seo-wordpress\/ -->\n<title>Patricia Bullrich exigi\u00f3 debatir la baja de la edad de imputabilidad - Radio Infinita Goya<\/title>\n<meta name=\"description\" content=\"La jefa del bloque de senadores de La Libertad Avanza cuestion\u00f3 el esquema vigente al considerar que &quot;protege a los delincuentes y abandona a las\" \/>\n<meta name=\"robots\" content=\"index, follow, max-snippet:-1, max-image-preview:large, max-video-preview:-1\" \/>\n<link rel=\"canonical\" href=\"https:\/\/radioinfinitagoya.com.ar\/v1\/2026\/01\/25\/patricia-bullrich-exigio-debatir-la-baja-de-la-edad-de-imputabilidad\/\" \/>\n<meta property=\"og:locale\" content=\"es_ES\" \/>\n<meta property=\"og:type\" content=\"article\" \/>\n<meta property=\"og:title\" content=\"Patricia Bullrich exigi\u00f3 debatir la baja de la edad de imputabilidad - Radio Infinita Goya\" \/>\n<meta property=\"og:description\" content=\"La jefa del bloque de senadores de La Libertad Avanza cuestion\u00f3 el esquema vigente al considerar que &quot;protege a los delincuentes y abandona a las\" \/>\n<meta property=\"og:url\" content=\"https:\/\/radioinfinitagoya.com.ar\/v1\/2026\/01\/25\/patricia-bullrich-exigio-debatir-la-baja-de-la-edad-de-imputabilidad\/\" \/>\n<meta property=\"og:site_name\" content=\"Radio Infinita Goya\" \/>\n<meta property=\"article:publisher\" content=\"https:\/\/www.facebook.com\/p\/Infinita-Goya-100063870918311\/\" \/>\n<meta property=\"article:published_time\" content=\"2026-01-25T19:53:45+00:00\" \/>\n<meta property=\"og:image\" content=\"https:\/\/radioinfinitagoya.com.ar\/v1\/wp-content\/uploads\/2026\/01\/f75018b1-d1b1-4123-a62a-2c001dce6ae5.jpg\" \/>\n\t<meta property=\"og:image:width\" content=\"1080\" \/>\n\t<meta property=\"og:image:height\" content=\"671\" \/>\n\t<meta property=\"og:image:type\" content=\"image\/jpeg\" \/>\n<meta name=\"author\" content=\"Jorge Mi\u00f1o\" \/>\n<meta name=\"twitter:card\" content=\"summary_large_image\" \/>\n<meta name=\"twitter:label1\" content=\"Escrito por\" \/>\n\t<meta name=\"twitter:data1\" content=\"Jorge Mi\u00f1o\" \/>\n\t<meta name=\"twitter:label2\" content=\"Tiempo de lectura\" \/>\n\t<meta name=\"twitter:data2\" content=\"1 minuto\" \/>\n<script type=\"application\/ld+json\" class=\"yoast-schema-graph\">{\"@context\":\"https:\/\/schema.org\",\"@graph\":[{\"@type\":\"Article\",\"@id\":\"https:\/\/radioinfinitagoya.com.ar\/v1\/2026\/01\/25\/patricia-bullrich-exigio-debatir-la-baja-de-la-edad-de-imputabilidad\/#article\",\"isPartOf\":{\"@id\":\"https:\/\/radioinfinitagoya.com.ar\/v1\/2026\/01\/25\/patricia-bullrich-exigio-debatir-la-baja-de-la-edad-de-imputabilidad\/\"},\"author\":{\"name\":\"Jorge Mi\u00f1o\",\"@id\":\"https:\/\/radioinfinitagoya.com.ar\/v1\/#\/schema\/person\/d4cf9c413d4f6edb24aabdccab49ca4a\"},\"headline\":\"Patricia Bullrich exigi\u00f3 debatir la baja de la edad de imputabilidad\",\"datePublished\":\"2026-01-25T19:53:45+00:00\",\"mainEntityOfPage\":{\"@id\":\"https:\/\/radioinfinitagoya.com.ar\/v1\/2026\/01\/25\/patricia-bullrich-exigio-debatir-la-baja-de-la-edad-de-imputabilidad\/\"},\"wordCount\":298,\"commentCount\":0,\"publisher\":{\"@id\":\"https:\/\/radioinfinitagoya.com.ar\/v1\/#organization\"},\"image\":{\"@id\":\"https:\/\/radioinfinitagoya.com.ar\/v1\/2026\/01\/25\/patricia-bullrich-exigio-debatir-la-baja-de-la-edad-de-imputabilidad\/#primaryimage\"},\"thumbnailUrl\":\"https:\/\/radioinfinitagoya.com.ar\/v1\/wp-content\/uploads\/2026\/01\/f75018b1-d1b1-4123-a62a-2c001dce6ae5.jpg\",\"articleSection\":[\"NACIONALES\"],\"inLanguage\":\"es-AR\",\"potentialAction\":[{\"@type\":\"CommentAction\",\"name\":\"Comment\",\"target\":[\"https:\/\/radioinfinitagoya.com.ar\/v1\/2026\/01\/25\/patricia-bullrich-exigio-debatir-la-baja-de-la-edad-de-imputabilidad\/#respond\"]}]},{\"@type\":\"WebPage\",\"@id\":\"https:\/\/radioinfinitagoya.com.ar\/v1\/2026\/01\/25\/patricia-bullrich-exigio-debatir-la-baja-de-la-edad-de-imputabilidad\/\",\"url\":\"https:\/\/radioinfinitagoya.com.ar\/v1\/2026\/01\/25\/patricia-bullrich-exigio-debatir-la-baja-de-la-edad-de-imputabilidad\/\",\"name\":\"Patricia Bullrich exigi\u00f3 debatir la baja de la edad de imputabilidad - Radio Infinita Goya\",\"isPartOf\":{\"@id\":\"https:\/\/radioinfinitagoya.com.ar\/v1\/#website\"},\"primaryImageOfPage\":{\"@id\":\"https:\/\/radioinfinitagoya.com.ar\/v1\/2026\/01\/25\/patricia-bullrich-exigio-debatir-la-baja-de-la-edad-de-imputabilidad\/#primaryimage\"},\"image\":{\"@id\":\"https:\/\/radioinfinitagoya.com.ar\/v1\/2026\/01\/25\/patricia-bullrich-exigio-debatir-la-baja-de-la-edad-de-imputabilidad\/#primaryimage\"},\"thumbnailUrl\":\"https:\/\/radioinfinitagoya.com.ar\/v1\/wp-content\/uploads\/2026\/01\/f75018b1-d1b1-4123-a62a-2c001dce6ae5.jpg\",\"datePublished\":\"2026-01-25T19:53:45+00:00\",\"description\":\"La jefa del bloque de senadores de La Libertad Avanza cuestion\u00f3 el esquema vigente al considerar que \\\"protege a los delincuentes y abandona a las\",\"breadcrumb\":{\"@id\":\"https:\/\/radioinfinitagoya.com.ar\/v1\/2026\/01\/25\/patricia-bullrich-exigio-debatir-la-baja-de-la-edad-de-imputabilidad\/#breadcrumb\"},\"inLanguage\":\"es-AR\",\"potentialAction\":[{\"@type\":\"ReadAction\",\"target\":[\"https:\/\/radioinfinitagoya.com.ar\/v1\/2026\/01\/25\/patricia-bullrich-exigio-debatir-la-baja-de-la-edad-de-imputabilidad\/\"]}]},{\"@type\":\"ImageObject\",\"inLanguage\":\"es-AR\",\"@id\":\"https:\/\/radioinfinitagoya.com.ar\/v1\/2026\/01\/25\/patricia-bullrich-exigio-debatir-la-baja-de-la-edad-de-imputabilidad\/#primaryimage\",\"url\":\"https:\/\/radioinfinitagoya.com.ar\/v1\/wp-content\/uploads\/2026\/01\/f75018b1-d1b1-4123-a62a-2c001dce6ae5.jpg\",\"contentUrl\":\"https:\/\/radioinfinitagoya.com.ar\/v1\/wp-content\/uploads\/2026\/01\/f75018b1-d1b1-4123-a62a-2c001dce6ae5.jpg\",\"width\":1080,\"height\":671},{\"@type\":\"BreadcrumbList\",\"@id\":\"https:\/\/radioinfinitagoya.com.ar\/v1\/2026\/01\/25\/patricia-bullrich-exigio-debatir-la-baja-de-la-edad-de-imputabilidad\/#breadcrumb\",\"itemListElement\":[{\"@type\":\"ListItem\",\"position\":1,\"name\":\"Inicio\",\"item\":\"https:\/\/radioinfinitagoya.com.ar\/v1\/\"},{\"@type\":\"ListItem\",\"position\":2,\"name\":\"Patricia Bullrich exigi\u00f3 debatir la baja de la edad de imputabilidad\"}]},{\"@type\":\"WebSite\",\"@id\":\"https:\/\/radioinfinitagoya.com.ar\/v1\/#website\",\"url\":\"https:\/\/radioinfinitagoya.com.ar\/v1\/\",\"name\":\"radioinfinitagoya.com.ar\",\"description\":\"Radio de noticias\",\"publisher\":{\"@id\":\"https:\/\/radioinfinitagoya.com.ar\/v1\/#organization\"},\"potentialAction\":[{\"@type\":\"SearchAction\",\"target\":{\"@type\":\"EntryPoint\",\"urlTemplate\":\"https:\/\/radioinfinitagoya.com.ar\/v1\/?s={search_term_string}\"},\"query-input\":{\"@type\":\"PropertyValueSpecification\",\"valueRequired\":true,\"valueName\":\"search_term_string\"}}],\"inLanguage\":\"es-AR\"},{\"@type\":\"Organization\",\"@id\":\"https:\/\/radioinfinitagoya.com.ar\/v1\/#organization\",\"name\":\"Radio Infinita Goya\",\"url\":\"https:\/\/radioinfinitagoya.com.ar\/v1\/\",\"logo\":{\"@type\":\"ImageObject\",\"inLanguage\":\"es-AR\",\"@id\":\"https:\/\/radioinfinitagoya.com.ar\/v1\/#\/schema\/logo\/image\/\",\"url\":\"https:\/\/radioinfinitagoya.com.ar\/v1\/wp-content\/uploads\/2019\/11\/logo-pie-web.png\",\"contentUrl\":\"https:\/\/radioinfinitagoya.com.ar\/v1\/wp-content\/uploads\/2019\/11\/logo-pie-web.png\",\"width\":635,\"height\":326,\"caption\":\"Radio Infinita Goya\"},\"image\":{\"@id\":\"https:\/\/radioinfinitagoya.com.ar\/v1\/#\/schema\/logo\/image\/\"},\"sameAs\":[\"https:\/\/www.facebook.com\/p\/Infinita-Goya-100063870918311\/\"]},{\"@type\":\"Person\",\"@id\":\"https:\/\/radioinfinitagoya.com.ar\/v1\/#\/schema\/person\/d4cf9c413d4f6edb24aabdccab49ca4a\",\"name\":\"Jorge Mi\u00f1o\",\"image\":{\"@type\":\"ImageObject\",\"inLanguage\":\"es-AR\",\"@id\":\"https:\/\/secure.gravatar.com\/avatar\/910fcf6728fe95320e07a6643c1581fec1c7fc4bf8ae12e3d8f0d0373dc844be?s=96&d=mm&r=g\",\"url\":\"https:\/\/secure.gravatar.com\/avatar\/910fcf6728fe95320e07a6643c1581fec1c7fc4bf8ae12e3d8f0d0373dc844be?s=96&d=mm&r=g\",\"contentUrl\":\"https:\/\/secure.gravatar.com\/avatar\/910fcf6728fe95320e07a6643c1581fec1c7fc4bf8ae12e3d8f0d0373dc844be?s=96&d=mm&r=g\",\"caption\":\"Jorge Mi\u00f1o\"},\"sameAs\":[\"http:\/\/radioinfinitagoya.com.ar\"]}]}<\/script>\n<!-- \/ Yoast SEO plugin. -->","yoast_head_json":{"title":"Patricia Bullrich exigi\u00f3 debatir la baja de la edad de imputabilidad - Radio Infinita Goya","description":"La jefa del bloque de senadores de La Libertad Avanza cuestion\u00f3 el esquema vigente al considerar que \"protege a los delincuentes y abandona a las","robots":{"index":"index","follow":"follow","max-snippet":"max-snippet:-1","max-image-preview":"max-image-preview:large","max-video-preview":"max-video-preview:-1"},"canonical":"https:\/\/radioinfinitagoya.com.ar\/v1\/2026\/01\/25\/patricia-bullrich-exigio-debatir-la-baja-de-la-edad-de-imputabilidad\/","og_locale":"es_ES","og_type":"article","og_title":"Patricia Bullrich exigi\u00f3 debatir la baja de la edad de imputabilidad - Radio Infinita Goya","og_description":"La jefa del bloque de senadores de La Libertad Avanza cuestion\u00f3 el esquema vigente al considerar que \"protege a los delincuentes y abandona a las","og_url":"https:\/\/radioinfinitagoya.com.ar\/v1\/2026\/01\/25\/patricia-bullrich-exigio-debatir-la-baja-de-la-edad-de-imputabilidad\/","og_site_name":"Radio Infinita Goya","article_publisher":"https:\/\/www.facebook.com\/p\/Infinita-Goya-100063870918311\/","article_published_time":"2026-01-25T19:53:45+00:00","og_image":[{"width":1080,"height":671,"url":"https:\/\/radioinfinitagoya.com.ar\/v1\/wp-content\/uploads\/2026\/01\/f75018b1-d1b1-4123-a62a-2c001dce6ae5.jpg","type":"image\/jpeg"}],"author":"Jorge Mi\u00f1o","twitter_card":"summary_large_image","twitter_misc":{"Escrito por":"Jorge Mi\u00f1o","Tiempo de lectura":"1 minuto"},"schema":{"@context":"https:\/\/schema.org","@graph":[{"@type":"Article","@id":"https:\/\/radioinfinitagoya.com.ar\/v1\/2026\/01\/25\/patricia-bullrich-exigio-debatir-la-baja-de-la-edad-de-imputabilidad\/#article","isPartOf":{"@id":"https:\/\/radioinfinitagoya.com.ar\/v1\/2026\/01\/25\/patricia-bullrich-exigio-debatir-la-baja-de-la-edad-de-imputabilidad\/"},"author":{"name":"Jorge Mi\u00f1o","@id":"https:\/\/radioinfinitagoya.com.ar\/v1\/#\/schema\/person\/d4cf9c413d4f6edb24aabdccab49ca4a"},"headline":"Patricia Bullrich exigi\u00f3 debatir la baja de la edad de imputabilidad","datePublished":"2026-01-25T19:53:45+00:00","mainEntityOfPage":{"@id":"https:\/\/radioinfinitagoya.com.ar\/v1\/2026\/01\/25\/patricia-bullrich-exigio-debatir-la-baja-de-la-edad-de-imputabilidad\/"},"wordCount":298,"commentCount":0,"publisher":{"@id":"https:\/\/radioinfinitagoya.com.ar\/v1\/#organization"},"image":{"@id":"https:\/\/radioinfinitagoya.com.ar\/v1\/2026\/01\/25\/patricia-bullrich-exigio-debatir-la-baja-de-la-edad-de-imputabilidad\/#primaryimage"},"thumbnailUrl":"https:\/\/radioinfinitagoya.com.ar\/v1\/wp-content\/uploads\/2026\/01\/f75018b1-d1b1-4123-a62a-2c001dce6ae5.jpg","articleSection":["NACIONALES"],"inLanguage":"es-AR","potentialAction":[{"@type":"CommentAction","name":"Comment","target":["https:\/\/radioinfinitagoya.com.ar\/v1\/2026\/01\/25\/patricia-bullrich-exigio-debatir-la-baja-de-la-edad-de-imputabilidad\/#respond"]}]},{"@type":"WebPage","@id":"https:\/\/radioinfinitagoya.com.ar\/v1\/2026\/01\/25\/patricia-bullrich-exigio-debatir-la-baja-de-la-edad-de-imputabilidad\/","url":"https:\/\/radioinfinitagoya.com.ar\/v1\/2026\/01\/25\/patricia-bullrich-exigio-debatir-la-baja-de-la-edad-de-imputabilidad\/","name":"Patricia Bullrich exigi\u00f3 debatir la baja de la edad de imputabilidad - Radio Infinita Goya","isPartOf":{"@id":"https:\/\/radioinfinitagoya.com.ar\/v1\/#website"},"primaryImageOfPage":{"@id":"https:\/\/radioinfinitagoya.com.ar\/v1\/2026\/01\/25\/patricia-bullrich-exigio-debatir-la-baja-de-la-edad-de-imputabilidad\/#primaryimage"},"image":{"@id":"https:\/\/radioinfinitagoya.com.ar\/v1\/2026\/01\/25\/patricia-bullrich-exigio-debatir-la-baja-de-la-edad-de-imputabilidad\/#primaryimage"},"thumbnailUrl":"https:\/\/radioinfinitagoya.com.ar\/v1\/wp-content\/uploads\/2026\/01\/f75018b1-d1b1-4123-a62a-2c001dce6ae5.jpg","datePublished":"2026-01-25T19:53:45+00:00","description":"La jefa del bloque de senadores de La Libertad Avanza cuestion\u00f3 el esquema vigente al considerar que \"protege a los delincuentes y abandona a las","breadcrumb":{"@id":"https:\/\/radioinfinitagoya.com.ar\/v1\/2026\/01\/25\/patricia-bullrich-exigio-debatir-la-baja-de-la-edad-de-imputabilidad\/#breadcrumb"},"inLanguage":"es-AR","potentialAction":[{"@type":"ReadAction","target":["https:\/\/radioinfinitagoya.com.ar\/v1\/2026\/01\/25\/patricia-bullrich-exigio-debatir-la-baja-de-la-edad-de-imputabilidad\/"]}]},{"@type":"ImageObject","inLanguage":"es-AR","@id":"https:\/\/radioinfinitagoya.com.ar\/v1\/2026\/01\/25\/patricia-bullrich-exigio-debatir-la-baja-de-la-edad-de-imputabilidad\/#primaryimage","url":"https:\/\/radioinfinitagoya.com.ar\/v1\/wp-content\/uploads\/2026\/01\/f75018b1-d1b1-4123-a62a-2c001dce6ae5.jpg","contentUrl":"https:\/\/radioinfinitagoya.com.ar\/v1\/wp-content\/uploads\/2026\/01\/f75018b1-d1b1-4123-a62a-2c001dce6ae5.jpg","width":1080,"height":671},{"@type":"BreadcrumbList","@id":"https:\/\/radioinfinitagoya.com.ar\/v1\/2026\/01\/25\/patricia-bullrich-exigio-debatir-la-baja-de-la-edad-de-imputabilidad\/#breadcrumb","itemListElement":[{"@type":"ListItem","position":1,"name":"Inicio","item":"https:\/\/radioinfinitagoya.com.ar\/v1\/"},{"@type":"ListItem","position":2,"name":"Patricia Bullrich exigi\u00f3 debatir la baja de la edad de imputabilidad"}]},{"@type":"WebSite","@id":"https:\/\/radioinfinitagoya.com.ar\/v1\/#website","url":"https:\/\/radioinfinitagoya.com.ar\/v1\/","name":"radioinfinitagoya.com.ar","description":"Radio de noticias","publisher":{"@id":"https:\/\/radioinfinitagoya.com.ar\/v1\/#organization"},"potentialAction":[{"@type":"SearchAction","target":{"@type":"EntryPoint","urlTemplate":"https:\/\/radioinfinitagoya.com.ar\/v1\/?s={search_term_string}"},"query-input":{"@type":"PropertyValueSpecification","valueRequired":true,"valueName":"search_term_string"}}],"inLanguage":"es-AR"},{"@type":"Organization","@id":"https:\/\/radioinfinitagoya.com.ar\/v1\/#organization","name":"Radio Infinita Goya","url":"https:\/\/radioinfinitagoya.com.ar\/v1\/","logo":{"@type":"ImageObject","inLanguage":"es-AR","@id":"https:\/\/radioinfinitagoya.com.ar\/v1\/#\/schema\/logo\/image\/","url":"https:\/\/radioinfinitagoya.com.ar\/v1\/wp-content\/uploads\/2019\/11\/logo-pie-web.png","contentUrl":"https:\/\/radioinfinitagoya.com.ar\/v1\/wp-content\/uploads\/2019\/11\/logo-pie-web.png","width":635,"height":326,"caption":"Radio Infinita Goya"},"image":{"@id":"https:\/\/radioinfinitagoya.com.ar\/v1\/#\/schema\/logo\/image\/"},"sameAs":["https:\/\/www.facebook.com\/p\/Infinita-Goya-100063870918311\/"]},{"@type":"Person","@id":"https:\/\/radioinfinitagoya.com.ar\/v1\/#\/schema\/person\/d4cf9c413d4f6edb24aabdccab49ca4a","name":"Jorge Mi\u00f1o","image":{"@type":"ImageObject","inLanguage":"es-AR","@id":"https:\/\/secure.gravatar.com\/avatar\/910fcf6728fe95320e07a6643c1581fec1c7fc4bf8ae12e3d8f0d0373dc844be?s=96&d=mm&r=g","url":"https:\/\/secure.gravatar.com\/avatar\/910fcf6728fe95320e07a6643c1581fec1c7fc4bf8ae12e3d8f0d0373dc844be?s=96&d=mm&r=g","contentUrl":"https:\/\/secure.gravatar.com\/avatar\/910fcf6728fe95320e07a6643c1581fec1c7fc4bf8ae12e3d8f0d0373dc844be?s=96&d=mm&r=g","caption":"Jorge Mi\u00f1o"},"sameAs":["http:\/\/radioinfinitagoya.com.ar"]}]}},"_links":{"self":[{"href":"https:\/\/radioinfinitagoya.com.ar\/v1\/wp-json\/wp\/v2\/posts\/203720","targetHints":{"allow":["GET"]}}],"collection":[{"href":"https:\/\/radioinfinitagoya.com.ar\/v1\/wp-json\/wp\/v2\/posts"}],"about":[{"href":"https:\/\/radioinfinitagoya.com.ar\/v1\/wp-json\/wp\/v2\/types\/post"}],"author":[{"embeddable":true,"href":"https:\/\/radioinfinitagoya.com.ar\/v1\/wp-json\/wp\/v2\/users\/4"}],"replies":[{"embeddable":true,"href":"https:\/\/radioinfinitagoya.com.ar\/v1\/wp-json\/wp\/v2\/comments?post=203720"}],"version-history":[{"count":0,"href":"https:\/\/radioinfinitagoya.com.ar\/v1\/wp-json\/wp\/v2\/posts\/203720\/revisions"}],"wp:featuredmedia":[{"embeddable":true,"href":"https:\/\/radioinfinitagoya.com.ar\/v1\/wp-json\/wp\/v2\/media\/203721"}],"wp:attachment":[{"href":"https:\/\/radioinfinitagoya.com.ar\/v1\/wp-json\/wp\/v2\/media?parent=203720"}],"wp:term":[{"taxonomy":"category","embeddable":true,"href":"https:\/\/radioinfinitagoya.com.ar\/v1\/wp-json\/wp\/v2\/categories?post=203720"},{"taxonomy":"post_tag","embeddable":true,"href":"https:\/\/radioinfinitagoya.com.ar\/v1\/wp-json\/wp\/v2\/tags?post=203720"}],"curies":[{"name":"wp","href":"https:\/\/api.w.org\/{rel}","templated":true}]}}