{"id":203726,"date":"2026-01-25T17:10:36","date_gmt":"2026-01-25T20:10:36","guid":{"rendered":"https:\/\/radioinfinitagoya.com.ar\/v1\/?p=203726"},"modified":"2026-01-25T17:10:36","modified_gmt":"2026-01-25T20:10:36","slug":"la-contundente-frase-de-gustavo-costas-sobre-el-futuro-de-marcos-rojo","status":"publish","type":"post","link":"https:\/\/radioinfinitagoya.com.ar\/v1\/2026\/01\/25\/la-contundente-frase-de-gustavo-costas-sobre-el-futuro-de-marcos-rojo\/","title":{"rendered":"La contundente frase de Gustavo Costas sobre el futuro de Marcos Rojo"},"content":{"rendered":"<p>El t\u00e9cnico de la Academia se refiri\u00f3 a la situaci\u00f3n del defensor, que podr\u00eda irse a Estudiantes de La Plata<\/p>\n<p>Luego de la derrota de Racing ante Gimnasia en La Plata por la primera fecha de la Zona B del Torneo Apertura, Gustavo Costas brind\u00f3 la conferencia de prensa en la que destac\u00f3 la particular situaci\u00f3n que vive Marcos Rojo y la incertidumbre sobre su futuro en la Academia.<\/p>\n<p>El entrenador explic\u00f3, ante la consulta period\u00edstica sobre el inter\u00e9s de Estudiantes de La Plata en sumar al experimentado defensor, que ese tema lo est\u00e1 resolviendo Marcos Rojo con Diego Milito, presidente de Racing. \u201cSi se quiere ir a terminar su carrera en Estudiantes es algo que tiene que hablarlo con \u00e9l (por Milito). Es un tema que no nos compete a nosotros. Yo no le cierro la puerta a nadie, nunca. Sinceramente, estamos pensando en Rosario (Central, el pr\u00f3ximo rival)\u201d, dijo.<\/p>\n<p>Ante la consulta sobre si estaba enojado con el defensor que pas\u00f3 por Boca en el \u00faltimo tiempo, Costas neg\u00f3 que exista alg\u00fan tipo de encono con el platense por su actitud: \u201cNo me enoja para nada. Es un jugador que naci\u00f3 en Estudiantes y capaz que termina su carrera ah\u00ed. He hablado mucho con \u00e9l. No le cierro la puerta a nadie, como dije, y m\u00e1s a un jugador. Me explic\u00f3 bien c\u00f3mo ven\u00eda la cosa as\u00ed que es un tema que tienen que decidir entre Racing y Estudiantes ahora\u201d<\/p>\n<p>Marcos Rojo lleg\u00f3 a la Academia en agosto de 2025 luego de rescindir su contrato con Boca Juniors. El defensor con pasado en la selecci\u00f3n argentina, de 35 a\u00f1os, fue utilizado principalmente para disputar la Copa Libertadores de dicho a\u00f1o en la que Racing qued\u00f3 eliminado en las semifinales tras caer con Flamengo. Rojo tuvo actuaciones discretas y apenas jug\u00f3 8 partidos con el club de Avellaneda, sumando una expulsi\u00f3n en el partido de vuelta de los octavos de final ante Pe\u00f1arol, lo que le impidi\u00f3 disputar la llave de cuartos ante V\u00e9lez al recibir dos fechas. Regres\u00f3 en las semis contra el Flamengo y su imagen qued\u00f3 asociada a la lesi\u00f3n de Santiago Sosa, ya que le aplic\u00f3 un codazo involuntario en el rostro que oblig\u00f3 al mediocampista a ser operado por una fractura.<\/p>\n<p>En otro orden, Gustavo Costas analiz\u00f3 la derrota 2-1 en el Bosque, en la que su equipo no jug\u00f3 bien y cay\u00f3 tras los goles de Nicol\u00e1s Barros Schelotto y Franco Torres. \u201cEstoy con mucha bronca, porque si bien esto es f\u00fatbol, tambi\u00e9n podemos poner como excusa que es el primer partido. Pero bueno, vos sab\u00e9s que yo las excusas no las pongo en nada. Nos cost\u00f3 el partido. Ellos se encuentran con el gol de c\u00f3rner y tuvimos la pelota. De repente, movi\u00e9ndola de un lado al otro, pero siempre nos falt\u00f3 llegar con m\u00e1s gente adentro del \u00e1rea, por ejemplo. Lleg\u00e1bamos f\u00e1cil, pero siempre la termin\u00e1bamos mal o no estaba la gente que necesit\u00e1bamos adentro del \u00e1rea. Tenemos que levantar cabeza para el mi\u00e9rcoles&#8221;, indic\u00f3.<\/p>\n<p>Por \u00faltimo, se refiri\u00f3 a los estrenos de los refuerzos: Valent\u00edn Carboni y Matko Miljevi, quienes fueron titulares en su primer partido. \u201cA Valent\u00edn le cost\u00f3 bastante el partido. Matko me parece que jug\u00f3 muy bien. Se movi\u00f3, corri\u00f3, jug\u00f3 bien con la pelota, tuvo todo lo que queremos. Capaz que nos falt\u00f3 que pise m\u00e1s el \u00e1rea o patee m\u00e1s de afuera. Como te dec\u00eda antes, lleg\u00e1bamos hasta el borde del \u00e1rea, lleg\u00e1bamos lo m\u00e1s bien. Desde atr\u00e1s, sal\u00edamos jugando de todos los tiros y lleg\u00e1bamos, pero despu\u00e9s nos faltaba gente donde se ganan los partidos, adentro del \u00e1rea. Eso tenemos que trabajarlo\u201d.<\/p>\n","protected":false},"excerpt":{"rendered":"<p>El t\u00e9cnico de la Academia se refiri\u00f3 a la situaci\u00f3n del defensor, que podr\u00eda irse a Estudiantes de La Plata Luego de la derrota de Racing ante Gimnasia en La Plata por la primera fecha de la Zona B del Torneo Apertura, Gustavo Costas brind\u00f3 la conferencia de prensa en la que destac\u00f3 la particular [&hellip;]<\/p>\n","protected":false},"author":4,"featured_media":203727,"comment_status":"open","ping_status":"open","sticky":false,"template":"","format":"standard","meta":{"_joinchat":[],"footnotes":""},"categories":[28],"tags":[],"class_list":{"0":"post-203726","1":"post","2":"type-post","3":"status-publish","4":"format-standard","5":"has-post-thumbnail","7":"category-deportes"},"yoast_head":"<!-- This site is optimized with the Yoast SEO plugin v27.2 - https:\/\/yoast.com\/product\/yoast-seo-wordpress\/ -->\n<title>La contundente frase de Gustavo Costas sobre el futuro de Marcos Rojo - Radio Infinita Goya<\/title>\n<meta name=\"description\" content=\"El t\u00e9cnico de la Academia se refiri\u00f3 a la situaci\u00f3n del defensor, que podr\u00eda irse a Estudiantes de La Plata Luego de la derrota de Racing ante Gimnasia en\" \/>\n<meta name=\"robots\" content=\"index, follow, max-snippet:-1, max-image-preview:large, max-video-preview:-1\" \/>\n<link rel=\"canonical\" href=\"https:\/\/radioinfinitagoya.com.ar\/v1\/2026\/01\/25\/la-contundente-frase-de-gustavo-costas-sobre-el-futuro-de-marcos-rojo\/\" \/>\n<meta property=\"og:locale\" content=\"es_ES\" \/>\n<meta property=\"og:type\" content=\"article\" \/>\n<meta property=\"og:title\" content=\"La contundente frase de Gustavo Costas sobre el futuro de Marcos Rojo - Radio Infinita Goya\" \/>\n<meta property=\"og:description\" content=\"El t\u00e9cnico de la Academia se refiri\u00f3 a la situaci\u00f3n del defensor, que podr\u00eda irse a Estudiantes de La Plata Luego de la derrota de Racing ante Gimnasia en\" \/>\n<meta property=\"og:url\" content=\"https:\/\/radioinfinitagoya.com.ar\/v1\/2026\/01\/25\/la-contundente-frase-de-gustavo-costas-sobre-el-futuro-de-marcos-rojo\/\" \/>\n<meta property=\"og:site_name\" content=\"Radio Infinita Goya\" \/>\n<meta property=\"article:publisher\" content=\"https:\/\/www.facebook.com\/p\/Infinita-Goya-100063870918311\/\" \/>\n<meta property=\"article:published_time\" content=\"2026-01-25T20:10:36+00:00\" \/>\n<meta property=\"og:image\" content=\"https:\/\/radioinfinitagoya.com.ar\/v1\/wp-content\/uploads\/2026\/01\/00.jpg\" \/>\n\t<meta property=\"og:image:width\" content=\"802\" \/>\n\t<meta property=\"og:image:height\" content=\"573\" \/>\n\t<meta property=\"og:image:type\" content=\"image\/jpeg\" \/>\n<meta name=\"author\" content=\"Jorge Mi\u00f1o\" \/>\n<meta name=\"twitter:card\" content=\"summary_large_image\" \/>\n<meta name=\"twitter:label1\" content=\"Escrito por\" \/>\n\t<meta name=\"twitter:data1\" content=\"Jorge Mi\u00f1o\" \/>\n\t<meta name=\"twitter:label2\" content=\"Tiempo de lectura\" \/>\n\t<meta name=\"twitter:data2\" content=\"3 minutos\" \/>\n<script type=\"application\/ld+json\" class=\"yoast-schema-graph\">{\"@context\":\"https:\/\/schema.org\",\"@graph\":[{\"@type\":\"Article\",\"@id\":\"https:\/\/radioinfinitagoya.com.ar\/v1\/2026\/01\/25\/la-contundente-frase-de-gustavo-costas-sobre-el-futuro-de-marcos-rojo\/#article\",\"isPartOf\":{\"@id\":\"https:\/\/radioinfinitagoya.com.ar\/v1\/2026\/01\/25\/la-contundente-frase-de-gustavo-costas-sobre-el-futuro-de-marcos-rojo\/\"},\"author\":{\"name\":\"Jorge Mi\u00f1o\",\"@id\":\"https:\/\/radioinfinitagoya.com.ar\/v1\/#\/schema\/person\/d4cf9c413d4f6edb24aabdccab49ca4a\"},\"headline\":\"La contundente frase de Gustavo Costas sobre el futuro de Marcos Rojo\",\"datePublished\":\"2026-01-25T20:10:36+00:00\",\"mainEntityOfPage\":{\"@id\":\"https:\/\/radioinfinitagoya.com.ar\/v1\/2026\/01\/25\/la-contundente-frase-de-gustavo-costas-sobre-el-futuro-de-marcos-rojo\/\"},\"wordCount\":659,\"commentCount\":0,\"publisher\":{\"@id\":\"https:\/\/radioinfinitagoya.com.ar\/v1\/#organization\"},\"image\":{\"@id\":\"https:\/\/radioinfinitagoya.com.ar\/v1\/2026\/01\/25\/la-contundente-frase-de-gustavo-costas-sobre-el-futuro-de-marcos-rojo\/#primaryimage\"},\"thumbnailUrl\":\"https:\/\/radioinfinitagoya.com.ar\/v1\/wp-content\/uploads\/2026\/01\/00.jpg\",\"articleSection\":[\"DEPORTES\"],\"inLanguage\":\"es-AR\",\"potentialAction\":[{\"@type\":\"CommentAction\",\"name\":\"Comment\",\"target\":[\"https:\/\/radioinfinitagoya.com.ar\/v1\/2026\/01\/25\/la-contundente-frase-de-gustavo-costas-sobre-el-futuro-de-marcos-rojo\/#respond\"]}]},{\"@type\":\"WebPage\",\"@id\":\"https:\/\/radioinfinitagoya.com.ar\/v1\/2026\/01\/25\/la-contundente-frase-de-gustavo-costas-sobre-el-futuro-de-marcos-rojo\/\",\"url\":\"https:\/\/radioinfinitagoya.com.ar\/v1\/2026\/01\/25\/la-contundente-frase-de-gustavo-costas-sobre-el-futuro-de-marcos-rojo\/\",\"name\":\"La contundente frase de Gustavo Costas sobre el futuro de Marcos Rojo - Radio Infinita Goya\",\"isPartOf\":{\"@id\":\"https:\/\/radioinfinitagoya.com.ar\/v1\/#website\"},\"primaryImageOfPage\":{\"@id\":\"https:\/\/radioinfinitagoya.com.ar\/v1\/2026\/01\/25\/la-contundente-frase-de-gustavo-costas-sobre-el-futuro-de-marcos-rojo\/#primaryimage\"},\"image\":{\"@id\":\"https:\/\/radioinfinitagoya.com.ar\/v1\/2026\/01\/25\/la-contundente-frase-de-gustavo-costas-sobre-el-futuro-de-marcos-rojo\/#primaryimage\"},\"thumbnailUrl\":\"https:\/\/radioinfinitagoya.com.ar\/v1\/wp-content\/uploads\/2026\/01\/00.jpg\",\"datePublished\":\"2026-01-25T20:10:36+00:00\",\"description\":\"El t\u00e9cnico de la Academia se refiri\u00f3 a la situaci\u00f3n del defensor, que podr\u00eda irse a Estudiantes de La Plata Luego de la derrota de Racing ante Gimnasia en\",\"breadcrumb\":{\"@id\":\"https:\/\/radioinfinitagoya.com.ar\/v1\/2026\/01\/25\/la-contundente-frase-de-gustavo-costas-sobre-el-futuro-de-marcos-rojo\/#breadcrumb\"},\"inLanguage\":\"es-AR\",\"potentialAction\":[{\"@type\":\"ReadAction\",\"target\":[\"https:\/\/radioinfinitagoya.com.ar\/v1\/2026\/01\/25\/la-contundente-frase-de-gustavo-costas-sobre-el-futuro-de-marcos-rojo\/\"]}]},{\"@type\":\"ImageObject\",\"inLanguage\":\"es-AR\",\"@id\":\"https:\/\/radioinfinitagoya.com.ar\/v1\/2026\/01\/25\/la-contundente-frase-de-gustavo-costas-sobre-el-futuro-de-marcos-rojo\/#primaryimage\",\"url\":\"https:\/\/radioinfinitagoya.com.ar\/v1\/wp-content\/uploads\/2026\/01\/00.jpg\",\"contentUrl\":\"https:\/\/radioinfinitagoya.com.ar\/v1\/wp-content\/uploads\/2026\/01\/00.jpg\",\"width\":802,\"height\":573},{\"@type\":\"BreadcrumbList\",\"@id\":\"https:\/\/radioinfinitagoya.com.ar\/v1\/2026\/01\/25\/la-contundente-frase-de-gustavo-costas-sobre-el-futuro-de-marcos-rojo\/#breadcrumb\",\"itemListElement\":[{\"@type\":\"ListItem\",\"position\":1,\"name\":\"Inicio\",\"item\":\"https:\/\/radioinfinitagoya.com.ar\/v1\/\"},{\"@type\":\"ListItem\",\"position\":2,\"name\":\"La contundente frase de Gustavo Costas sobre el futuro de Marcos Rojo\"}]},{\"@type\":\"WebSite\",\"@id\":\"https:\/\/radioinfinitagoya.com.ar\/v1\/#website\",\"url\":\"https:\/\/radioinfinitagoya.com.ar\/v1\/\",\"name\":\"radioinfinitagoya.com.ar\",\"description\":\"Radio de noticias\",\"publisher\":{\"@id\":\"https:\/\/radioinfinitagoya.com.ar\/v1\/#organization\"},\"potentialAction\":[{\"@type\":\"SearchAction\",\"target\":{\"@type\":\"EntryPoint\",\"urlTemplate\":\"https:\/\/radioinfinitagoya.com.ar\/v1\/?s={search_term_string}\"},\"query-input\":{\"@type\":\"PropertyValueSpecification\",\"valueRequired\":true,\"valueName\":\"search_term_string\"}}],\"inLanguage\":\"es-AR\"},{\"@type\":\"Organization\",\"@id\":\"https:\/\/radioinfinitagoya.com.ar\/v1\/#organization\",\"name\":\"Radio Infinita Goya\",\"url\":\"https:\/\/radioinfinitagoya.com.ar\/v1\/\",\"logo\":{\"@type\":\"ImageObject\",\"inLanguage\":\"es-AR\",\"@id\":\"https:\/\/radioinfinitagoya.com.ar\/v1\/#\/schema\/logo\/image\/\",\"url\":\"https:\/\/radioinfinitagoya.com.ar\/v1\/wp-content\/uploads\/2019\/11\/logo-pie-web.png\",\"contentUrl\":\"https:\/\/radioinfinitagoya.com.ar\/v1\/wp-content\/uploads\/2019\/11\/logo-pie-web.png\",\"width\":635,\"height\":326,\"caption\":\"Radio Infinita Goya\"},\"image\":{\"@id\":\"https:\/\/radioinfinitagoya.com.ar\/v1\/#\/schema\/logo\/image\/\"},\"sameAs\":[\"https:\/\/www.facebook.com\/p\/Infinita-Goya-100063870918311\/\"]},{\"@type\":\"Person\",\"@id\":\"https:\/\/radioinfinitagoya.com.ar\/v1\/#\/schema\/person\/d4cf9c413d4f6edb24aabdccab49ca4a\",\"name\":\"Jorge Mi\u00f1o\",\"image\":{\"@type\":\"ImageObject\",\"inLanguage\":\"es-AR\",\"@id\":\"https:\/\/secure.gravatar.com\/avatar\/910fcf6728fe95320e07a6643c1581fec1c7fc4bf8ae12e3d8f0d0373dc844be?s=96&d=mm&r=g\",\"url\":\"https:\/\/secure.gravatar.com\/avatar\/910fcf6728fe95320e07a6643c1581fec1c7fc4bf8ae12e3d8f0d0373dc844be?s=96&d=mm&r=g\",\"contentUrl\":\"https:\/\/secure.gravatar.com\/avatar\/910fcf6728fe95320e07a6643c1581fec1c7fc4bf8ae12e3d8f0d0373dc844be?s=96&d=mm&r=g\",\"caption\":\"Jorge Mi\u00f1o\"},\"sameAs\":[\"http:\/\/radioinfinitagoya.com.ar\"]}]}<\/script>\n<!-- \/ Yoast SEO plugin. -->","yoast_head_json":{"title":"La contundente frase de Gustavo Costas sobre el futuro de Marcos Rojo - Radio Infinita Goya","description":"El t\u00e9cnico de la Academia se refiri\u00f3 a la situaci\u00f3n del defensor, que podr\u00eda irse a Estudiantes de La Plata Luego de la derrota de Racing ante Gimnasia en","robots":{"index":"index","follow":"follow","max-snippet":"max-snippet:-1","max-image-preview":"max-image-preview:large","max-video-preview":"max-video-preview:-1"},"canonical":"https:\/\/radioinfinitagoya.com.ar\/v1\/2026\/01\/25\/la-contundente-frase-de-gustavo-costas-sobre-el-futuro-de-marcos-rojo\/","og_locale":"es_ES","og_type":"article","og_title":"La contundente frase de Gustavo Costas sobre el futuro de Marcos Rojo - Radio Infinita Goya","og_description":"El t\u00e9cnico de la Academia se refiri\u00f3 a la situaci\u00f3n del defensor, que podr\u00eda irse a Estudiantes de La Plata Luego de la derrota de Racing ante Gimnasia en","og_url":"https:\/\/radioinfinitagoya.com.ar\/v1\/2026\/01\/25\/la-contundente-frase-de-gustavo-costas-sobre-el-futuro-de-marcos-rojo\/","og_site_name":"Radio Infinita Goya","article_publisher":"https:\/\/www.facebook.com\/p\/Infinita-Goya-100063870918311\/","article_published_time":"2026-01-25T20:10:36+00:00","og_image":[{"width":802,"height":573,"url":"https:\/\/radioinfinitagoya.com.ar\/v1\/wp-content\/uploads\/2026\/01\/00.jpg","type":"image\/jpeg"}],"author":"Jorge Mi\u00f1o","twitter_card":"summary_large_image","twitter_misc":{"Escrito por":"Jorge Mi\u00f1o","Tiempo de lectura":"3 minutos"},"schema":{"@context":"https:\/\/schema.org","@graph":[{"@type":"Article","@id":"https:\/\/radioinfinitagoya.com.ar\/v1\/2026\/01\/25\/la-contundente-frase-de-gustavo-costas-sobre-el-futuro-de-marcos-rojo\/#article","isPartOf":{"@id":"https:\/\/radioinfinitagoya.com.ar\/v1\/2026\/01\/25\/la-contundente-frase-de-gustavo-costas-sobre-el-futuro-de-marcos-rojo\/"},"author":{"name":"Jorge Mi\u00f1o","@id":"https:\/\/radioinfinitagoya.com.ar\/v1\/#\/schema\/person\/d4cf9c413d4f6edb24aabdccab49ca4a"},"headline":"La contundente frase de Gustavo Costas sobre el futuro de Marcos Rojo","datePublished":"2026-01-25T20:10:36+00:00","mainEntityOfPage":{"@id":"https:\/\/radioinfinitagoya.com.ar\/v1\/2026\/01\/25\/la-contundente-frase-de-gustavo-costas-sobre-el-futuro-de-marcos-rojo\/"},"wordCount":659,"commentCount":0,"publisher":{"@id":"https:\/\/radioinfinitagoya.com.ar\/v1\/#organization"},"image":{"@id":"https:\/\/radioinfinitagoya.com.ar\/v1\/2026\/01\/25\/la-contundente-frase-de-gustavo-costas-sobre-el-futuro-de-marcos-rojo\/#primaryimage"},"thumbnailUrl":"https:\/\/radioinfinitagoya.com.ar\/v1\/wp-content\/uploads\/2026\/01\/00.jpg","articleSection":["DEPORTES"],"inLanguage":"es-AR","potentialAction":[{"@type":"CommentAction","name":"Comment","target":["https:\/\/radioinfinitagoya.com.ar\/v1\/2026\/01\/25\/la-contundente-frase-de-gustavo-costas-sobre-el-futuro-de-marcos-rojo\/#respond"]}]},{"@type":"WebPage","@id":"https:\/\/radioinfinitagoya.com.ar\/v1\/2026\/01\/25\/la-contundente-frase-de-gustavo-costas-sobre-el-futuro-de-marcos-rojo\/","url":"https:\/\/radioinfinitagoya.com.ar\/v1\/2026\/01\/25\/la-contundente-frase-de-gustavo-costas-sobre-el-futuro-de-marcos-rojo\/","name":"La contundente frase de Gustavo Costas sobre el futuro de Marcos Rojo - Radio Infinita Goya","isPartOf":{"@id":"https:\/\/radioinfinitagoya.com.ar\/v1\/#website"},"primaryImageOfPage":{"@id":"https:\/\/radioinfinitagoya.com.ar\/v1\/2026\/01\/25\/la-contundente-frase-de-gustavo-costas-sobre-el-futuro-de-marcos-rojo\/#primaryimage"},"image":{"@id":"https:\/\/radioinfinitagoya.com.ar\/v1\/2026\/01\/25\/la-contundente-frase-de-gustavo-costas-sobre-el-futuro-de-marcos-rojo\/#primaryimage"},"thumbnailUrl":"https:\/\/radioinfinitagoya.com.ar\/v1\/wp-content\/uploads\/2026\/01\/00.jpg","datePublished":"2026-01-25T20:10:36+00:00","description":"El t\u00e9cnico de la Academia se refiri\u00f3 a la situaci\u00f3n del defensor, que podr\u00eda irse a Estudiantes de La Plata Luego de la derrota de Racing ante Gimnasia en","breadcrumb":{"@id":"https:\/\/radioinfinitagoya.com.ar\/v1\/2026\/01\/25\/la-contundente-frase-de-gustavo-costas-sobre-el-futuro-de-marcos-rojo\/#breadcrumb"},"inLanguage":"es-AR","potentialAction":[{"@type":"ReadAction","target":["https:\/\/radioinfinitagoya.com.ar\/v1\/2026\/01\/25\/la-contundente-frase-de-gustavo-costas-sobre-el-futuro-de-marcos-rojo\/"]}]},{"@type":"ImageObject","inLanguage":"es-AR","@id":"https:\/\/radioinfinitagoya.com.ar\/v1\/2026\/01\/25\/la-contundente-frase-de-gustavo-costas-sobre-el-futuro-de-marcos-rojo\/#primaryimage","url":"https:\/\/radioinfinitagoya.com.ar\/v1\/wp-content\/uploads\/2026\/01\/00.jpg","contentUrl":"https:\/\/radioinfinitagoya.com.ar\/v1\/wp-content\/uploads\/2026\/01\/00.jpg","width":802,"height":573},{"@type":"BreadcrumbList","@id":"https:\/\/radioinfinitagoya.com.ar\/v1\/2026\/01\/25\/la-contundente-frase-de-gustavo-costas-sobre-el-futuro-de-marcos-rojo\/#breadcrumb","itemListElement":[{"@type":"ListItem","position":1,"name":"Inicio","item":"https:\/\/radioinfinitagoya.com.ar\/v1\/"},{"@type":"ListItem","position":2,"name":"La contundente frase de Gustavo Costas sobre el futuro de Marcos Rojo"}]},{"@type":"WebSite","@id":"https:\/\/radioinfinitagoya.com.ar\/v1\/#website","url":"https:\/\/radioinfinitagoya.com.ar\/v1\/","name":"radioinfinitagoya.com.ar","description":"Radio de noticias","publisher":{"@id":"https:\/\/radioinfinitagoya.com.ar\/v1\/#organization"},"potentialAction":[{"@type":"SearchAction","target":{"@type":"EntryPoint","urlTemplate":"https:\/\/radioinfinitagoya.com.ar\/v1\/?s={search_term_string}"},"query-input":{"@type":"PropertyValueSpecification","valueRequired":true,"valueName":"search_term_string"}}],"inLanguage":"es-AR"},{"@type":"Organization","@id":"https:\/\/radioinfinitagoya.com.ar\/v1\/#organization","name":"Radio Infinita Goya","url":"https:\/\/radioinfinitagoya.com.ar\/v1\/","logo":{"@type":"ImageObject","inLanguage":"es-AR","@id":"https:\/\/radioinfinitagoya.com.ar\/v1\/#\/schema\/logo\/image\/","url":"https:\/\/radioinfinitagoya.com.ar\/v1\/wp-content\/uploads\/2019\/11\/logo-pie-web.png","contentUrl":"https:\/\/radioinfinitagoya.com.ar\/v1\/wp-content\/uploads\/2019\/11\/logo-pie-web.png","width":635,"height":326,"caption":"Radio Infinita Goya"},"image":{"@id":"https:\/\/radioinfinitagoya.com.ar\/v1\/#\/schema\/logo\/image\/"},"sameAs":["https:\/\/www.facebook.com\/p\/Infinita-Goya-100063870918311\/"]},{"@type":"Person","@id":"https:\/\/radioinfinitagoya.com.ar\/v1\/#\/schema\/person\/d4cf9c413d4f6edb24aabdccab49ca4a","name":"Jorge Mi\u00f1o","image":{"@type":"ImageObject","inLanguage":"es-AR","@id":"https:\/\/secure.gravatar.com\/avatar\/910fcf6728fe95320e07a6643c1581fec1c7fc4bf8ae12e3d8f0d0373dc844be?s=96&d=mm&r=g","url":"https:\/\/secure.gravatar.com\/avatar\/910fcf6728fe95320e07a6643c1581fec1c7fc4bf8ae12e3d8f0d0373dc844be?s=96&d=mm&r=g","contentUrl":"https:\/\/secure.gravatar.com\/avatar\/910fcf6728fe95320e07a6643c1581fec1c7fc4bf8ae12e3d8f0d0373dc844be?s=96&d=mm&r=g","caption":"Jorge Mi\u00f1o"},"sameAs":["http:\/\/radioinfinitagoya.com.ar"]}]}},"_links":{"self":[{"href":"https:\/\/radioinfinitagoya.com.ar\/v1\/wp-json\/wp\/v2\/posts\/203726","targetHints":{"allow":["GET"]}}],"collection":[{"href":"https:\/\/radioinfinitagoya.com.ar\/v1\/wp-json\/wp\/v2\/posts"}],"about":[{"href":"https:\/\/radioinfinitagoya.com.ar\/v1\/wp-json\/wp\/v2\/types\/post"}],"author":[{"embeddable":true,"href":"https:\/\/radioinfinitagoya.com.ar\/v1\/wp-json\/wp\/v2\/users\/4"}],"replies":[{"embeddable":true,"href":"https:\/\/radioinfinitagoya.com.ar\/v1\/wp-json\/wp\/v2\/comments?post=203726"}],"version-history":[{"count":0,"href":"https:\/\/radioinfinitagoya.com.ar\/v1\/wp-json\/wp\/v2\/posts\/203726\/revisions"}],"wp:featuredmedia":[{"embeddable":true,"href":"https:\/\/radioinfinitagoya.com.ar\/v1\/wp-json\/wp\/v2\/media\/203727"}],"wp:attachment":[{"href":"https:\/\/radioinfinitagoya.com.ar\/v1\/wp-json\/wp\/v2\/media?parent=203726"}],"wp:term":[{"taxonomy":"category","embeddable":true,"href":"https:\/\/radioinfinitagoya.com.ar\/v1\/wp-json\/wp\/v2\/categories?post=203726"},{"taxonomy":"post_tag","embeddable":true,"href":"https:\/\/radioinfinitagoya.com.ar\/v1\/wp-json\/wp\/v2\/tags?post=203726"}],"curies":[{"name":"wp","href":"https:\/\/api.w.org\/{rel}","templated":true}]}}