{"id":203735,"date":"2026-01-25T17:35:10","date_gmt":"2026-01-25T20:35:10","guid":{"rendered":"https:\/\/radioinfinitagoya.com.ar\/v1\/?p=203735"},"modified":"2026-01-25T17:35:10","modified_gmt":"2026-01-25T20:35:10","slug":"el-foro-penal-reporto-la-excarcelacion-de-al-menos-80-presos-politicos-en-venezuela","status":"publish","type":"post","link":"https:\/\/radioinfinitagoya.com.ar\/v1\/2026\/01\/25\/el-foro-penal-reporto-la-excarcelacion-de-al-menos-80-presos-politicos-en-venezuela\/","title":{"rendered":"El Foro Penal report\u00f3 la excarcelaci\u00f3n de al menos 80 presos pol\u00edticos en Venezuela"},"content":{"rendered":"<p>Alfredo Romero, director de la ONG, indic\u00f3 que las liberaciones se registraron en varias c\u00e1rceles del pa\u00eds. Mientras avanza el proceso de verificaci\u00f3n, por el momento no revel\u00f3 la lista de excarcelados<\/p>\n<p>Al menos 80 presos pol\u00edticos fueron excarcelados el domingo en Venezuela, donde un proceso de liberaci\u00f3n de detenidos avanza a cuentagotas bajo la presi\u00f3n de Washington tras la ca\u00edda de Nicol\u00e1s Maduro, inform\u00f3 la oeneg\u00e9 Foro Penal.<\/p>\n<p>El gobierno de Delcy Rodr\u00edguez, quien asumi\u00f3 el poder tras la captura de Maduro en una operaci\u00f3n militar estadounidense el 3 de enero, prometi\u00f3 un \u201cn\u00famero importante\u201d de liberaciones.<\/p>\n<p>La oposici\u00f3n y oeneg\u00e9s defensoras de derechos humanos denuncian, no obstante, lentitud en el proceso. Familiares aguardan a las afueras de los penales y pasan la noche a la intemperie con la esperanza de ver a sus seres queridos salir de los calabozos.<\/p>\n<p>\u201cAl menos 80 presos pol\u00edticos que estamos verificando han sido excarcelados el d\u00eda de hoy en todo el pa\u00eds. Probablemente se producen m\u00e1s excarcelaciones\u201d, escribi\u00f3 el director de Foro Penal, Alfredo Romero, en la red social X.<\/p>\n<p>El abogado Gonzalo Himiob, tambi\u00e9n de Foro Penal, precis\u00f3 que las excarcelaciones se produjeron durante la madrugada. \u201cEste n\u00famero a\u00fan no es definitivo y puede aumentar a medida que hagamos m\u00e1s verificaciones\u201d, agreg\u00f3 en X.<\/p>\n<p>Entre los liberados se encuentra Kennedy Tejeda Jim\u00e9nez, abogado voluntario de la organizaci\u00f3n, quien permanec\u00eda detenido desde el 2 de agosto de 2024. La directiva de la ONG, que calific\u00f3 su arresto como \u201carbitrario\u201d, confirm\u00f3 su salida tras m\u00e1s de un a\u00f1o en prisi\u00f3n.<\/p>\n<p>El gobierno venezolano contabiliza 626 excarcelaciones desde diciembre, cifra que pedir\u00e1 verificar al alto comisionado para los Derechos Humanos de la ONU, dijo Rodr\u00edguez el viernes.<\/p>\n<p>El total oficial contrasta con reportes de oeneg\u00e9s. Foro Penal contabiliza cerca de la mitad desde en el mismo periodo.<\/p>\n<p>Rodr\u00edguez, quien gobierna de forma temporal, dio un giro en la maltrecha relaci\u00f3n entre Caracas y Washington.<\/p>\n<p>El s\u00e1bado, la mandataria interina llam\u00f3 a \u201calcanzar acuerdos\u201d con la oposici\u00f3n para lograr la \u201cpaz\u201d en el pa\u00eds, que Estados Unidos dice controlar tras la incursi\u00f3n militar que depuso a Maduro.<\/p>\n<p>Maduro y su esposa Cilia Flores se enfrentan a un juicio en Nueva York por narcotr\u00e1fico.<\/p>\n<p>Venezuela ha vivido a\u00f1os de un f\u00e9rreo control estatal.<\/p>\n<p>Las protestas espont\u00e1neas contra la fraudulenta reelecci\u00f3n de Maduro en 2024 terminaron en represi\u00f3n y el arresto de m\u00e1s de 2.000 personas en 48 horas. Adem\u00e1s, rige un estado de conmoci\u00f3n que castiga con prisi\u00f3n a quien apoye el ataque estadounidense.<\/p>\n","protected":false},"excerpt":{"rendered":"<p>Alfredo Romero, director de la ONG, indic\u00f3 que las liberaciones se registraron en varias c\u00e1rceles del pa\u00eds. Mientras avanza el proceso de verificaci\u00f3n, por el momento no revel\u00f3 la lista de excarcelados Al menos 80 presos pol\u00edticos fueron excarcelados el domingo en Venezuela, donde un proceso de liberaci\u00f3n de detenidos avanza a cuentagotas bajo la [&hellip;]<\/p>\n","protected":false},"author":4,"featured_media":203736,"comment_status":"open","ping_status":"open","sticky":false,"template":"","format":"standard","meta":{"_joinchat":[],"footnotes":""},"categories":[25],"tags":[],"class_list":{"0":"post-203735","1":"post","2":"type-post","3":"status-publish","4":"format-standard","5":"has-post-thumbnail","7":"category-destacados"},"yoast_head":"<!-- This site is optimized with the Yoast SEO plugin v27.2 - https:\/\/yoast.com\/product\/yoast-seo-wordpress\/ -->\n<title>El Foro Penal report\u00f3 la excarcelaci\u00f3n de al menos 80 presos pol\u00edticos en Venezuela - Radio Infinita Goya<\/title>\n<meta name=\"description\" content=\"Alfredo Romero, director de la ONG, indic\u00f3 que las liberaciones se registraron en varias c\u00e1rceles del pa\u00eds. Mientras avanza el proceso de verificaci\u00f3n,\" \/>\n<meta name=\"robots\" content=\"index, follow, max-snippet:-1, max-image-preview:large, max-video-preview:-1\" \/>\n<link rel=\"canonical\" href=\"https:\/\/radioinfinitagoya.com.ar\/v1\/2026\/01\/25\/el-foro-penal-reporto-la-excarcelacion-de-al-menos-80-presos-politicos-en-venezuela\/\" \/>\n<meta property=\"og:locale\" content=\"es_ES\" \/>\n<meta property=\"og:type\" content=\"article\" \/>\n<meta property=\"og:title\" content=\"El Foro Penal report\u00f3 la excarcelaci\u00f3n de al menos 80 presos pol\u00edticos en Venezuela - Radio Infinita Goya\" \/>\n<meta property=\"og:description\" content=\"Alfredo Romero, director de la ONG, indic\u00f3 que las liberaciones se registraron en varias c\u00e1rceles del pa\u00eds. Mientras avanza el proceso de verificaci\u00f3n,\" \/>\n<meta property=\"og:url\" content=\"https:\/\/radioinfinitagoya.com.ar\/v1\/2026\/01\/25\/el-foro-penal-reporto-la-excarcelacion-de-al-menos-80-presos-politicos-en-venezuela\/\" \/>\n<meta property=\"og:site_name\" content=\"Radio Infinita Goya\" \/>\n<meta property=\"article:publisher\" content=\"https:\/\/www.facebook.com\/p\/Infinita-Goya-100063870918311\/\" \/>\n<meta property=\"article:published_time\" content=\"2026-01-25T20:35:10+00:00\" \/>\n<meta property=\"og:image\" content=\"https:\/\/radioinfinitagoya.com.ar\/v1\/wp-content\/uploads\/2026\/01\/03.jpg\" \/>\n\t<meta property=\"og:image:width\" content=\"922\" \/>\n\t<meta property=\"og:image:height\" content=\"610\" \/>\n\t<meta property=\"og:image:type\" content=\"image\/jpeg\" \/>\n<meta name=\"author\" content=\"Jorge Mi\u00f1o\" \/>\n<meta name=\"twitter:card\" content=\"summary_large_image\" \/>\n<meta name=\"twitter:label1\" content=\"Escrito por\" \/>\n\t<meta name=\"twitter:data1\" content=\"Jorge Mi\u00f1o\" \/>\n\t<meta name=\"twitter:label2\" content=\"Tiempo de lectura\" \/>\n\t<meta name=\"twitter:data2\" content=\"2 minutos\" \/>\n<script type=\"application\/ld+json\" class=\"yoast-schema-graph\">{\"@context\":\"https:\/\/schema.org\",\"@graph\":[{\"@type\":\"Article\",\"@id\":\"https:\/\/radioinfinitagoya.com.ar\/v1\/2026\/01\/25\/el-foro-penal-reporto-la-excarcelacion-de-al-menos-80-presos-politicos-en-venezuela\/#article\",\"isPartOf\":{\"@id\":\"https:\/\/radioinfinitagoya.com.ar\/v1\/2026\/01\/25\/el-foro-penal-reporto-la-excarcelacion-de-al-menos-80-presos-politicos-en-venezuela\/\"},\"author\":{\"name\":\"Jorge Mi\u00f1o\",\"@id\":\"https:\/\/radioinfinitagoya.com.ar\/v1\/#\/schema\/person\/d4cf9c413d4f6edb24aabdccab49ca4a\"},\"headline\":\"El Foro Penal report\u00f3 la excarcelaci\u00f3n de al menos 80 presos pol\u00edticos en Venezuela\",\"datePublished\":\"2026-01-25T20:35:10+00:00\",\"mainEntityOfPage\":{\"@id\":\"https:\/\/radioinfinitagoya.com.ar\/v1\/2026\/01\/25\/el-foro-penal-reporto-la-excarcelacion-de-al-menos-80-presos-politicos-en-venezuela\/\"},\"wordCount\":469,\"commentCount\":0,\"publisher\":{\"@id\":\"https:\/\/radioinfinitagoya.com.ar\/v1\/#organization\"},\"image\":{\"@id\":\"https:\/\/radioinfinitagoya.com.ar\/v1\/2026\/01\/25\/el-foro-penal-reporto-la-excarcelacion-de-al-menos-80-presos-politicos-en-venezuela\/#primaryimage\"},\"thumbnailUrl\":\"https:\/\/radioinfinitagoya.com.ar\/v1\/wp-content\/uploads\/2026\/01\/03.jpg\",\"articleSection\":[\"DESTACADOS\"],\"inLanguage\":\"es-AR\",\"potentialAction\":[{\"@type\":\"CommentAction\",\"name\":\"Comment\",\"target\":[\"https:\/\/radioinfinitagoya.com.ar\/v1\/2026\/01\/25\/el-foro-penal-reporto-la-excarcelacion-de-al-menos-80-presos-politicos-en-venezuela\/#respond\"]}]},{\"@type\":\"WebPage\",\"@id\":\"https:\/\/radioinfinitagoya.com.ar\/v1\/2026\/01\/25\/el-foro-penal-reporto-la-excarcelacion-de-al-menos-80-presos-politicos-en-venezuela\/\",\"url\":\"https:\/\/radioinfinitagoya.com.ar\/v1\/2026\/01\/25\/el-foro-penal-reporto-la-excarcelacion-de-al-menos-80-presos-politicos-en-venezuela\/\",\"name\":\"El Foro Penal report\u00f3 la excarcelaci\u00f3n de al menos 80 presos pol\u00edticos en Venezuela - Radio Infinita Goya\",\"isPartOf\":{\"@id\":\"https:\/\/radioinfinitagoya.com.ar\/v1\/#website\"},\"primaryImageOfPage\":{\"@id\":\"https:\/\/radioinfinitagoya.com.ar\/v1\/2026\/01\/25\/el-foro-penal-reporto-la-excarcelacion-de-al-menos-80-presos-politicos-en-venezuela\/#primaryimage\"},\"image\":{\"@id\":\"https:\/\/radioinfinitagoya.com.ar\/v1\/2026\/01\/25\/el-foro-penal-reporto-la-excarcelacion-de-al-menos-80-presos-politicos-en-venezuela\/#primaryimage\"},\"thumbnailUrl\":\"https:\/\/radioinfinitagoya.com.ar\/v1\/wp-content\/uploads\/2026\/01\/03.jpg\",\"datePublished\":\"2026-01-25T20:35:10+00:00\",\"description\":\"Alfredo Romero, director de la ONG, indic\u00f3 que las liberaciones se registraron en varias c\u00e1rceles del pa\u00eds. Mientras avanza el proceso de verificaci\u00f3n,\",\"breadcrumb\":{\"@id\":\"https:\/\/radioinfinitagoya.com.ar\/v1\/2026\/01\/25\/el-foro-penal-reporto-la-excarcelacion-de-al-menos-80-presos-politicos-en-venezuela\/#breadcrumb\"},\"inLanguage\":\"es-AR\",\"potentialAction\":[{\"@type\":\"ReadAction\",\"target\":[\"https:\/\/radioinfinitagoya.com.ar\/v1\/2026\/01\/25\/el-foro-penal-reporto-la-excarcelacion-de-al-menos-80-presos-politicos-en-venezuela\/\"]}]},{\"@type\":\"ImageObject\",\"inLanguage\":\"es-AR\",\"@id\":\"https:\/\/radioinfinitagoya.com.ar\/v1\/2026\/01\/25\/el-foro-penal-reporto-la-excarcelacion-de-al-menos-80-presos-politicos-en-venezuela\/#primaryimage\",\"url\":\"https:\/\/radioinfinitagoya.com.ar\/v1\/wp-content\/uploads\/2026\/01\/03.jpg\",\"contentUrl\":\"https:\/\/radioinfinitagoya.com.ar\/v1\/wp-content\/uploads\/2026\/01\/03.jpg\",\"width\":922,\"height\":610},{\"@type\":\"BreadcrumbList\",\"@id\":\"https:\/\/radioinfinitagoya.com.ar\/v1\/2026\/01\/25\/el-foro-penal-reporto-la-excarcelacion-de-al-menos-80-presos-politicos-en-venezuela\/#breadcrumb\",\"itemListElement\":[{\"@type\":\"ListItem\",\"position\":1,\"name\":\"Inicio\",\"item\":\"https:\/\/radioinfinitagoya.com.ar\/v1\/\"},{\"@type\":\"ListItem\",\"position\":2,\"name\":\"El Foro Penal report\u00f3 la excarcelaci\u00f3n de al menos 80 presos pol\u00edticos en Venezuela\"}]},{\"@type\":\"WebSite\",\"@id\":\"https:\/\/radioinfinitagoya.com.ar\/v1\/#website\",\"url\":\"https:\/\/radioinfinitagoya.com.ar\/v1\/\",\"name\":\"radioinfinitagoya.com.ar\",\"description\":\"Radio de noticias\",\"publisher\":{\"@id\":\"https:\/\/radioinfinitagoya.com.ar\/v1\/#organization\"},\"potentialAction\":[{\"@type\":\"SearchAction\",\"target\":{\"@type\":\"EntryPoint\",\"urlTemplate\":\"https:\/\/radioinfinitagoya.com.ar\/v1\/?s={search_term_string}\"},\"query-input\":{\"@type\":\"PropertyValueSpecification\",\"valueRequired\":true,\"valueName\":\"search_term_string\"}}],\"inLanguage\":\"es-AR\"},{\"@type\":\"Organization\",\"@id\":\"https:\/\/radioinfinitagoya.com.ar\/v1\/#organization\",\"name\":\"Radio Infinita Goya\",\"url\":\"https:\/\/radioinfinitagoya.com.ar\/v1\/\",\"logo\":{\"@type\":\"ImageObject\",\"inLanguage\":\"es-AR\",\"@id\":\"https:\/\/radioinfinitagoya.com.ar\/v1\/#\/schema\/logo\/image\/\",\"url\":\"https:\/\/radioinfinitagoya.com.ar\/v1\/wp-content\/uploads\/2019\/11\/logo-pie-web.png\",\"contentUrl\":\"https:\/\/radioinfinitagoya.com.ar\/v1\/wp-content\/uploads\/2019\/11\/logo-pie-web.png\",\"width\":635,\"height\":326,\"caption\":\"Radio Infinita Goya\"},\"image\":{\"@id\":\"https:\/\/radioinfinitagoya.com.ar\/v1\/#\/schema\/logo\/image\/\"},\"sameAs\":[\"https:\/\/www.facebook.com\/p\/Infinita-Goya-100063870918311\/\"]},{\"@type\":\"Person\",\"@id\":\"https:\/\/radioinfinitagoya.com.ar\/v1\/#\/schema\/person\/d4cf9c413d4f6edb24aabdccab49ca4a\",\"name\":\"Jorge Mi\u00f1o\",\"image\":{\"@type\":\"ImageObject\",\"inLanguage\":\"es-AR\",\"@id\":\"https:\/\/secure.gravatar.com\/avatar\/910fcf6728fe95320e07a6643c1581fec1c7fc4bf8ae12e3d8f0d0373dc844be?s=96&d=mm&r=g\",\"url\":\"https:\/\/secure.gravatar.com\/avatar\/910fcf6728fe95320e07a6643c1581fec1c7fc4bf8ae12e3d8f0d0373dc844be?s=96&d=mm&r=g\",\"contentUrl\":\"https:\/\/secure.gravatar.com\/avatar\/910fcf6728fe95320e07a6643c1581fec1c7fc4bf8ae12e3d8f0d0373dc844be?s=96&d=mm&r=g\",\"caption\":\"Jorge Mi\u00f1o\"},\"sameAs\":[\"http:\/\/radioinfinitagoya.com.ar\"]}]}<\/script>\n<!-- \/ Yoast SEO plugin. -->","yoast_head_json":{"title":"El Foro Penal report\u00f3 la excarcelaci\u00f3n de al menos 80 presos pol\u00edticos en Venezuela - Radio Infinita Goya","description":"Alfredo Romero, director de la ONG, indic\u00f3 que las liberaciones se registraron en varias c\u00e1rceles del pa\u00eds. Mientras avanza el proceso de verificaci\u00f3n,","robots":{"index":"index","follow":"follow","max-snippet":"max-snippet:-1","max-image-preview":"max-image-preview:large","max-video-preview":"max-video-preview:-1"},"canonical":"https:\/\/radioinfinitagoya.com.ar\/v1\/2026\/01\/25\/el-foro-penal-reporto-la-excarcelacion-de-al-menos-80-presos-politicos-en-venezuela\/","og_locale":"es_ES","og_type":"article","og_title":"El Foro Penal report\u00f3 la excarcelaci\u00f3n de al menos 80 presos pol\u00edticos en Venezuela - Radio Infinita Goya","og_description":"Alfredo Romero, director de la ONG, indic\u00f3 que las liberaciones se registraron en varias c\u00e1rceles del pa\u00eds. Mientras avanza el proceso de verificaci\u00f3n,","og_url":"https:\/\/radioinfinitagoya.com.ar\/v1\/2026\/01\/25\/el-foro-penal-reporto-la-excarcelacion-de-al-menos-80-presos-politicos-en-venezuela\/","og_site_name":"Radio Infinita Goya","article_publisher":"https:\/\/www.facebook.com\/p\/Infinita-Goya-100063870918311\/","article_published_time":"2026-01-25T20:35:10+00:00","og_image":[{"width":922,"height":610,"url":"https:\/\/radioinfinitagoya.com.ar\/v1\/wp-content\/uploads\/2026\/01\/03.jpg","type":"image\/jpeg"}],"author":"Jorge Mi\u00f1o","twitter_card":"summary_large_image","twitter_misc":{"Escrito por":"Jorge Mi\u00f1o","Tiempo de lectura":"2 minutos"},"schema":{"@context":"https:\/\/schema.org","@graph":[{"@type":"Article","@id":"https:\/\/radioinfinitagoya.com.ar\/v1\/2026\/01\/25\/el-foro-penal-reporto-la-excarcelacion-de-al-menos-80-presos-politicos-en-venezuela\/#article","isPartOf":{"@id":"https:\/\/radioinfinitagoya.com.ar\/v1\/2026\/01\/25\/el-foro-penal-reporto-la-excarcelacion-de-al-menos-80-presos-politicos-en-venezuela\/"},"author":{"name":"Jorge Mi\u00f1o","@id":"https:\/\/radioinfinitagoya.com.ar\/v1\/#\/schema\/person\/d4cf9c413d4f6edb24aabdccab49ca4a"},"headline":"El Foro Penal report\u00f3 la excarcelaci\u00f3n de al menos 80 presos pol\u00edticos en Venezuela","datePublished":"2026-01-25T20:35:10+00:00","mainEntityOfPage":{"@id":"https:\/\/radioinfinitagoya.com.ar\/v1\/2026\/01\/25\/el-foro-penal-reporto-la-excarcelacion-de-al-menos-80-presos-politicos-en-venezuela\/"},"wordCount":469,"commentCount":0,"publisher":{"@id":"https:\/\/radioinfinitagoya.com.ar\/v1\/#organization"},"image":{"@id":"https:\/\/radioinfinitagoya.com.ar\/v1\/2026\/01\/25\/el-foro-penal-reporto-la-excarcelacion-de-al-menos-80-presos-politicos-en-venezuela\/#primaryimage"},"thumbnailUrl":"https:\/\/radioinfinitagoya.com.ar\/v1\/wp-content\/uploads\/2026\/01\/03.jpg","articleSection":["DESTACADOS"],"inLanguage":"es-AR","potentialAction":[{"@type":"CommentAction","name":"Comment","target":["https:\/\/radioinfinitagoya.com.ar\/v1\/2026\/01\/25\/el-foro-penal-reporto-la-excarcelacion-de-al-menos-80-presos-politicos-en-venezuela\/#respond"]}]},{"@type":"WebPage","@id":"https:\/\/radioinfinitagoya.com.ar\/v1\/2026\/01\/25\/el-foro-penal-reporto-la-excarcelacion-de-al-menos-80-presos-politicos-en-venezuela\/","url":"https:\/\/radioinfinitagoya.com.ar\/v1\/2026\/01\/25\/el-foro-penal-reporto-la-excarcelacion-de-al-menos-80-presos-politicos-en-venezuela\/","name":"El Foro Penal report\u00f3 la excarcelaci\u00f3n de al menos 80 presos pol\u00edticos en Venezuela - Radio Infinita Goya","isPartOf":{"@id":"https:\/\/radioinfinitagoya.com.ar\/v1\/#website"},"primaryImageOfPage":{"@id":"https:\/\/radioinfinitagoya.com.ar\/v1\/2026\/01\/25\/el-foro-penal-reporto-la-excarcelacion-de-al-menos-80-presos-politicos-en-venezuela\/#primaryimage"},"image":{"@id":"https:\/\/radioinfinitagoya.com.ar\/v1\/2026\/01\/25\/el-foro-penal-reporto-la-excarcelacion-de-al-menos-80-presos-politicos-en-venezuela\/#primaryimage"},"thumbnailUrl":"https:\/\/radioinfinitagoya.com.ar\/v1\/wp-content\/uploads\/2026\/01\/03.jpg","datePublished":"2026-01-25T20:35:10+00:00","description":"Alfredo Romero, director de la ONG, indic\u00f3 que las liberaciones se registraron en varias c\u00e1rceles del pa\u00eds. Mientras avanza el proceso de verificaci\u00f3n,","breadcrumb":{"@id":"https:\/\/radioinfinitagoya.com.ar\/v1\/2026\/01\/25\/el-foro-penal-reporto-la-excarcelacion-de-al-menos-80-presos-politicos-en-venezuela\/#breadcrumb"},"inLanguage":"es-AR","potentialAction":[{"@type":"ReadAction","target":["https:\/\/radioinfinitagoya.com.ar\/v1\/2026\/01\/25\/el-foro-penal-reporto-la-excarcelacion-de-al-menos-80-presos-politicos-en-venezuela\/"]}]},{"@type":"ImageObject","inLanguage":"es-AR","@id":"https:\/\/radioinfinitagoya.com.ar\/v1\/2026\/01\/25\/el-foro-penal-reporto-la-excarcelacion-de-al-menos-80-presos-politicos-en-venezuela\/#primaryimage","url":"https:\/\/radioinfinitagoya.com.ar\/v1\/wp-content\/uploads\/2026\/01\/03.jpg","contentUrl":"https:\/\/radioinfinitagoya.com.ar\/v1\/wp-content\/uploads\/2026\/01\/03.jpg","width":922,"height":610},{"@type":"BreadcrumbList","@id":"https:\/\/radioinfinitagoya.com.ar\/v1\/2026\/01\/25\/el-foro-penal-reporto-la-excarcelacion-de-al-menos-80-presos-politicos-en-venezuela\/#breadcrumb","itemListElement":[{"@type":"ListItem","position":1,"name":"Inicio","item":"https:\/\/radioinfinitagoya.com.ar\/v1\/"},{"@type":"ListItem","position":2,"name":"El Foro Penal report\u00f3 la excarcelaci\u00f3n de al menos 80 presos pol\u00edticos en Venezuela"}]},{"@type":"WebSite","@id":"https:\/\/radioinfinitagoya.com.ar\/v1\/#website","url":"https:\/\/radioinfinitagoya.com.ar\/v1\/","name":"radioinfinitagoya.com.ar","description":"Radio de noticias","publisher":{"@id":"https:\/\/radioinfinitagoya.com.ar\/v1\/#organization"},"potentialAction":[{"@type":"SearchAction","target":{"@type":"EntryPoint","urlTemplate":"https:\/\/radioinfinitagoya.com.ar\/v1\/?s={search_term_string}"},"query-input":{"@type":"PropertyValueSpecification","valueRequired":true,"valueName":"search_term_string"}}],"inLanguage":"es-AR"},{"@type":"Organization","@id":"https:\/\/radioinfinitagoya.com.ar\/v1\/#organization","name":"Radio Infinita Goya","url":"https:\/\/radioinfinitagoya.com.ar\/v1\/","logo":{"@type":"ImageObject","inLanguage":"es-AR","@id":"https:\/\/radioinfinitagoya.com.ar\/v1\/#\/schema\/logo\/image\/","url":"https:\/\/radioinfinitagoya.com.ar\/v1\/wp-content\/uploads\/2019\/11\/logo-pie-web.png","contentUrl":"https:\/\/radioinfinitagoya.com.ar\/v1\/wp-content\/uploads\/2019\/11\/logo-pie-web.png","width":635,"height":326,"caption":"Radio Infinita Goya"},"image":{"@id":"https:\/\/radioinfinitagoya.com.ar\/v1\/#\/schema\/logo\/image\/"},"sameAs":["https:\/\/www.facebook.com\/p\/Infinita-Goya-100063870918311\/"]},{"@type":"Person","@id":"https:\/\/radioinfinitagoya.com.ar\/v1\/#\/schema\/person\/d4cf9c413d4f6edb24aabdccab49ca4a","name":"Jorge Mi\u00f1o","image":{"@type":"ImageObject","inLanguage":"es-AR","@id":"https:\/\/secure.gravatar.com\/avatar\/910fcf6728fe95320e07a6643c1581fec1c7fc4bf8ae12e3d8f0d0373dc844be?s=96&d=mm&r=g","url":"https:\/\/secure.gravatar.com\/avatar\/910fcf6728fe95320e07a6643c1581fec1c7fc4bf8ae12e3d8f0d0373dc844be?s=96&d=mm&r=g","contentUrl":"https:\/\/secure.gravatar.com\/avatar\/910fcf6728fe95320e07a6643c1581fec1c7fc4bf8ae12e3d8f0d0373dc844be?s=96&d=mm&r=g","caption":"Jorge Mi\u00f1o"},"sameAs":["http:\/\/radioinfinitagoya.com.ar"]}]}},"_links":{"self":[{"href":"https:\/\/radioinfinitagoya.com.ar\/v1\/wp-json\/wp\/v2\/posts\/203735","targetHints":{"allow":["GET"]}}],"collection":[{"href":"https:\/\/radioinfinitagoya.com.ar\/v1\/wp-json\/wp\/v2\/posts"}],"about":[{"href":"https:\/\/radioinfinitagoya.com.ar\/v1\/wp-json\/wp\/v2\/types\/post"}],"author":[{"embeddable":true,"href":"https:\/\/radioinfinitagoya.com.ar\/v1\/wp-json\/wp\/v2\/users\/4"}],"replies":[{"embeddable":true,"href":"https:\/\/radioinfinitagoya.com.ar\/v1\/wp-json\/wp\/v2\/comments?post=203735"}],"version-history":[{"count":0,"href":"https:\/\/radioinfinitagoya.com.ar\/v1\/wp-json\/wp\/v2\/posts\/203735\/revisions"}],"wp:featuredmedia":[{"embeddable":true,"href":"https:\/\/radioinfinitagoya.com.ar\/v1\/wp-json\/wp\/v2\/media\/203736"}],"wp:attachment":[{"href":"https:\/\/radioinfinitagoya.com.ar\/v1\/wp-json\/wp\/v2\/media?parent=203735"}],"wp:term":[{"taxonomy":"category","embeddable":true,"href":"https:\/\/radioinfinitagoya.com.ar\/v1\/wp-json\/wp\/v2\/categories?post=203735"},{"taxonomy":"post_tag","embeddable":true,"href":"https:\/\/radioinfinitagoya.com.ar\/v1\/wp-json\/wp\/v2\/tags?post=203735"}],"curies":[{"name":"wp","href":"https:\/\/api.w.org\/{rel}","templated":true}]}}