{"id":203738,"date":"2026-01-25T17:47:41","date_gmt":"2026-01-25T20:47:41","guid":{"rendered":"https:\/\/radioinfinitagoya.com.ar\/v1\/?p=203738"},"modified":"2026-01-25T17:47:41","modified_gmt":"2026-01-25T20:47:41","slug":"quienes-fueron-los-gobernadores-que-solicitaron-mas-audiencias-en-la-casa-rosada","status":"publish","type":"post","link":"https:\/\/radioinfinitagoya.com.ar\/v1\/2026\/01\/25\/quienes-fueron-los-gobernadores-que-solicitaron-mas-audiencias-en-la-casa-rosada\/","title":{"rendered":"Qui\u00e9nes fueron los gobernadores que solicitaron m\u00e1s audiencias en la Casa Rosada"},"content":{"rendered":"<p>En los primeros dos a\u00f1os de Milei<\/p>\n<p>La informaci\u00f3n surge de la base de datos del Registro de Audiencias del Poder Ejecutivo, analizada por Infobae. Los mandatarios que m\u00e1s visitaron Balcarce 50 y los cinco que nunca pidieron ser recibidos por alg\u00fan funcionario jer\u00e1rquico<\/p>\n<p>La relaci\u00f3n de Javier Milei con los gobernadores fue zigzagueante a lo largo de sus dos primeros a\u00f1os de gesti\u00f3n. En parte, por su rechazo inicial a todo lo que -seg\u00fan \u00e9l- fuera parte de la \u201ccasta pol\u00edtica\u201d, pero principalmente por el cierre del grifo de los fondos nacionales a las provincias, en el marco del f\u00e9rreo ajuste fiscal que implement\u00f3.<\/p>\n<p>Desde aquel primer encuentro con los 23 gobernadores y el jefe de Gobierno, Jorge Macri, el 19 de diciembre de 2023 en la Casa Rosada por invitaci\u00f3n del entonces flamante Presidente, corri\u00f3 mucha agua bajo el puente. Nunca volvi\u00f3 a repetirse esa asistencia perfecta.<\/p>\n<p><img loading=\"lazy\" decoding=\"async\" class=\"alignnone size-full wp-image-203740\" src=\"https:\/\/radioinfinitagoya.com.ar\/v1\/wp-content\/uploads\/2026\/01\/001.jpg\" alt=\"\" width=\"955\" height=\"701\" srcset=\"https:\/\/radioinfinitagoya.com.ar\/v1\/wp-content\/uploads\/2026\/01\/001.jpg 955w, https:\/\/radioinfinitagoya.com.ar\/v1\/wp-content\/uploads\/2026\/01\/001-150x110.jpg 150w, https:\/\/radioinfinitagoya.com.ar\/v1\/wp-content\/uploads\/2026\/01\/001-768x564.jpg 768w, https:\/\/radioinfinitagoya.com.ar\/v1\/wp-content\/uploads\/2026\/01\/001-572x420.jpg 572w, https:\/\/radioinfinitagoya.com.ar\/v1\/wp-content\/uploads\/2026\/01\/001-80x60.jpg 80w, https:\/\/radioinfinitagoya.com.ar\/v1\/wp-content\/uploads\/2026\/01\/001-696x511.jpg 696w\" sizes=\"auto, (max-width: 955px) 100vw, 955px\" \/>De hecho, del an\u00e1lisis del Registro de Audiencias del Poder Ejecutivo que realiz\u00f3 Infobae, surge que cinco gobernadores peronistas nunca solicitaron una audiencia con ning\u00fan funcionario del Poder Ejecutivo. Se trata de los opositores m\u00e1s duros al Gobierno nacional: Axel Kicillof (PBA), Gildo Insfr\u00e1n (Formosa), Ricardo Quintela (La Rioja), Gerardo Zamora (Santiago del Estero) y Gustavo Melella (Tierra del Fuego).<\/p>\n<p>Kicillof, Zamora y Melella volvieron a pisar la Casa Rosada el 8 de marzo de 2024 a una reuni\u00f3n organizada por el entonces jefe de Gabinete de Ministros, Nicol\u00e1s Posse, y quien era en ese momento el ministro del Interior, Guillermo Francos. Pese a las dudas iniciales, finalmente asistieron a la convocatoria, a diferencia de Quintela e Insfr\u00e1n (Formosa), que no lo hicieron y enviaron a sus vicegobernadores.<\/p>\n<p><img loading=\"lazy\" decoding=\"async\" class=\"alignnone size-full wp-image-203741\" src=\"https:\/\/radioinfinitagoya.com.ar\/v1\/wp-content\/uploads\/2026\/01\/003.jpg\" alt=\"\" width=\"942\" height=\"487\" srcset=\"https:\/\/radioinfinitagoya.com.ar\/v1\/wp-content\/uploads\/2026\/01\/003.jpg 942w, https:\/\/radioinfinitagoya.com.ar\/v1\/wp-content\/uploads\/2026\/01\/003-150x78.jpg 150w, https:\/\/radioinfinitagoya.com.ar\/v1\/wp-content\/uploads\/2026\/01\/003-768x397.jpg 768w, https:\/\/radioinfinitagoya.com.ar\/v1\/wp-content\/uploads\/2026\/01\/003-812x420.jpg 812w, https:\/\/radioinfinitagoya.com.ar\/v1\/wp-content\/uploads\/2026\/01\/003-696x360.jpg 696w\" sizes=\"auto, (max-width: 942px) 100vw, 942px\" \/>En tanto, el 30 de octubre del a\u00f1o pasado, tras el triunfo electoral, Milei volvi\u00f3 a convocar a los mandatarios y al jefe de Gobierno a la Casa Rosada en busca de apoyo para avanzar en las reformas que pretende implementar. De esos cinco que nunca solicitaron una audiencia oficial con alg\u00fan miembro del Gabinete o el Presidente, s\u00ed estuvo Zamora. Kicillof, Quintela, Insfr\u00e1n y Melella no fueron invitados.<\/p>\n<p>Sobre los motivos, tras el encuentro oficial, el entonces subsecretario de Prensa y actual futuro Secretario de Medios, Javier Lanari, expres\u00f3 en X,\u201cLos cuatro gobernadores que no estuvieron con Milei no firmaron el Pacto de Mayo. Es decir, no respetan la propiedad privada, no creen en el equilibrio fiscal, no quieren abrir el comercio, ni hacer reformas. No tiene sentido reunirse con quienes recitan el catecismo marxista\u201d.<\/p>\n<p>El Registro de Audiencias -que puede consultarse on line en la web del Ministerio del Interior e Infobae descarg\u00f3 completo y proces\u00f3 desde el 11 de diciembre de 2023 al 20 de enero \u00faltimo- consigna qui\u00e9nes solicitan reuniones con funcionarios jer\u00e1rquicos del Ejecutivo. Queda registrado el motivo alegado en la solicitud, qui\u00e9nes participaron de la reuni\u00f3n, y en el caso de privados, si lo hicieron a t\u00edtulo particular o en representaci\u00f3n de una empresa o instituci\u00f3n.<\/p>\n<p>De all\u00ed surge que 18 gobernadores y el jefe de Gobierno porte\u00f1o en total, tuvieron 185 audiencias en estos poco m\u00e1s de dos a\u00f1os de gesti\u00f3n libertaria.<\/p>\n<p>Audiencias de gobernadores en Casa Rosada<br \/>\ndel 11 de diciembre de 2023 al 20 de enero de 2026<\/p>\n<p>El ranking lo lidera el radical Leandro Zdero, gobernador de Chaco: fue 25 veces. La primera, el 15 de diciembre de 2023, apenas asumido Milei, cuando se reuni\u00f3 con la entonces ministra de Seguridad, Patricia Bullrich. Solicit\u00f3 audiencias en la Casa Rosada 11 veces en 2024 para reunirse con funcionarios del Ejecutivo, y otras 13 en 2025.<\/p>\n<p>En seis oportunidades, la audiencia fue con Eduardo \u201cLule\u201d Menem, mano derecha de Karina Milei y armador nacional de La Libertad Avanza (LLA). En otras seis, con Lisandro Catal\u00e1n, viceministro de Interior, y luego responsable de esa cartera, cuando Guillermo Francos pas\u00f3 de ser titular de ese Ministerio a la Jefatura de Gabinete.<\/p>\n<p>Zdero es un aliado del Gobierno nacional y recibi\u00f3 una provincia con n\u00fameros en rojo, por lo que necesit\u00f3 auxilio del Gobierno nacional. En las \u00faltimas elecciones de medio t\u00e9rmino, fue en alianza con LLA en su distrito.<\/p>\n<p>Le sigue el mandatario entrerriano, Rogelio Frigerio, quien particip\u00f3 de 22 audiencias en Balcarce 50: dos en diciembre de 2023, 11 en 2024 y 9 en 2025. Los funcionarios a los que m\u00e1s visit\u00f3 fueron Catal\u00e1n y Francos, 5 veces a cada uno.<\/p>\n<p>Perteneciente al PRO, Frigerio es uno de los socios del Gobierno nacional. Tambi\u00e9n fue en alianza con LLA en los comicios legislativos nacionales de octubre pasado. El ministro del Interior, Diego Santilli, estuvo este jueves en su provincia para sumar voluntades en favor del proyecto de la reforma laboral que impulsa el Ejecutivo y que tratar\u00e1 el Senado en sesiones extraordinarias. El gobernador entrerriano dej\u00f3 expl\u00edcito su \u201ccontundente apoyo\u201d a la iniciativa.<\/p>\n<p>A continuaci\u00f3n, en cantidad de audiencias en la Casa Rosa aparece el peronista Ra\u00fal Jalil, gobernador de Catamarca, uno de sus aliados en el Congreso, pese a estar enrolado en el PJ. Concurri\u00f3 20 veces desde la llegada de Milei al poder: 15 en 2024 y 5 en 2025. A su vez, fue el gobernador que m\u00e1s veces solicit\u00f3 audiencias en 2024, en seis oportunidades con Francos. A principios de este a\u00f1o, el Gobierno nacional se retir\u00f3 del Yacimiento Minero de Agua de Dionisio, y le cedi\u00f3 el control de ese yacimiento a la provincia.<\/p>\n<p>Luego se ubica Ignacio Torres, gobernador de Chubut, del PRO, quien sum\u00f3 16 audiencias. La primera fue apenas asumi\u00f3 Milei, el 14 de diciembre de 2023, por la situaci\u00f3n de la Caja Provincial, con Osvaldo Giordano, el entonces titular de la ANSES. En 2024, sum\u00f3 otras 12, y en 2025, tres. Del total, cuatro fueron con Bullrich en su rol de ministra de Seguridad y dos con Luis Caputo, el titular de Econom\u00eda.<\/p>\n<p>El neuquino Rolando Figueroa &#8211; del partido provincial Comunidad y que lidera un frente amplio llamado La Neuquinidad &#8211; completa el top five, con 14 reuniones pedidas: una en diciembre de 2023, 8 en 2024, y 5 en 2025. El mi\u00e9rcoles \u00faltimo, Santilli fue a visitarlo a su provincia en su recorrida nacional buscando apoyos en el Congreso para la reforma laboral.<\/p>\n<p>Le sigue el santacruce\u00f1o Claudio Vidal, del partido provincial Por Santa Cruz con una posici\u00f3n de aliado oscilante del Gobierno nacional, con 10 audiencias solicitadas en los dos a\u00f1os de gesti\u00f3n de Milei: 7 en 2024 y 3 en 2025.Luego aparece el rionegrino Alberto Weretilnek, de la fuerza local Juntos Somos R\u00edo Negro, con 9 audiencias en total: 7 en 2024 y dos el a\u00f1o pasado.<\/p>\n<p>A continuaci\u00f3n, figura el santafesino Maximiliano Pullaro, con un total de 8, y la particularidad de que fue el que m\u00e1s solicit\u00f3 audiencias entre el 11 y el 31 de diciembre de 2023: 3 en total<\/p>\n<p>El top ten lo completan con 7 audiencias en total cada uno el porte\u00f1o Jorge Macri (PRO), el cordob\u00e9s Mart\u00edn Llaryora (PJ) y el puntano Claudio Poggi.<\/p>\n<p>Macri tuvo idas y venidas con el Gobierno nacional, particularmente por el desaf\u00edo que le plante\u00f3 LLA en el distrito porte\u00f1o &#8211; basti\u00f3n del PRO &#8211; y por los fondos de coparticipaci\u00f3n que le hab\u00eda sacado a la Ciudad Alberto Fern\u00e1ndez, y que la Corte Suprema orden\u00f3 restituir. Por este motivo, entre las 7 audiencias, tres fueron con Patricia Bullrich, cuando era ministra de Seguridad por traspaso de la gesti\u00f3n de los presos en el \u00e1mbito de la Ciudad, y dos fueron con Caputo.<\/p>\n<p>Y una fue con el propio Milei por la transferencia a CABA del control, la administraci\u00f3n, la potestad de fijar tarifas y recorridos de las l\u00edneas de colectivos que circulan dentro del distrito porte\u00f1o.<\/p>\n<p>El que menos audiencias solicit\u00f3 fue el pampeano Jorge Ziliotto, solo dos en 2024. Es parte del grupo de mandatarios peronistas m\u00e1s opositores, pero con un perfil m\u00e1s dialoguista. El a\u00f1o pasado no tuvo ninguna reuni\u00f3n bilateral con funcionarios en la Casa Rosada.<\/p>\n<p>Las audiencias de Milei<br \/>\nEn el Registro P\u00fablico de Audiencias, Milei tiene registradas 177 reuniones. Se ubica d\u00e9cimo en el ranking de funcionarios con m\u00e1s visitas.<\/p>\n<p>Entre los nombres que m\u00e1s se repiten de los que pidieron reunirse con el Presidente figura el del embajador del Estado de Israel en la Rep\u00fablica Argentina, Eyal Sela, con quien tuvo 4 audiencias.<\/p>\n<p>El mismo n\u00famero de reuniones con el primer mandatario fueron solicitadas por Mart\u00edn Menem, presidente de la C\u00e1mara de Diputados, vicepresidente de LLA y hombre de confianza de Karina Milei.<\/p>\n<p>Tambi\u00e9n el de Volodimir Zelenski, presidente de Ucrania, con quien mantuvo tres reuniones en la Casa Rosada.<\/p>\n<p>Del total de 177 audiencias que contabiliza Milei en el Registro, 99 fueron encuentros con representantes de 30 pa\u00edses en la Casa Rosada. Entre ellos, con los primeros ministros de Italia, Giorgia Meloni; de Israel, Benjam\u00edn Netanyahu; y de Canad\u00e1, Justin Trudeau. Tambi\u00e9n estuvieron en la Casa Rosada para ver al l\u00edder libertario el presidente de Francia, Emmanuel Macr\u00f3n; el de Paraguay, Santiago Pe\u00f1a; el de Panam\u00e1, Jos\u00e9 Ra\u00fal Mulino; y el de El Salvador, Nayib Bukele; as\u00ed como el canciller de Alemania, Olaf Scholz.<\/p>\n<p>Los dos pa\u00edses cuyos funcionarios registraron m\u00e1s audiencias fueron Estados Unidos con 36, e Israel con 7, un reflejo de su alineamiento geopol\u00edtico internacional.<\/p>\n<p>Los funcionarios con m\u00e1s visitas<br \/>\nEntre el 11 de diciembre de 2023 y este 20 de enero, Infobae contabiliz\u00f3 un total de 9.326 audiencias.<\/p>\n<p>Los tres funcionarios con mayor cantidad de reuniones consignadas en el registro P\u00fablico fueron Francos, en su rol de ministro del Interior y luego jefe de Gabinete (931); Eduardo Serenellini, ex secretario de Prensa (397), quien se fue del Gobierno en enero del a\u00f1o pasado, en medio de tensiones internas y un fuerte recorte de sus funciones; y Bullrich, como ministra de Seguridad (368).<\/p>\n<p>Visitas de legisladores a la Rosada<br \/>\nEn cuanto a los legisladores nacionales, durante los dos a\u00f1os y un mes que lleva Milei en el gobierno, 91 diputados y 28 senadores solicitaron reuniones con funcionarios del Gobierno en la Casa Rosada.<\/p>\n<p>El formose\u00f1o Gerardo Gonz\u00e1lez (ex libertario, hoy en el bloque Pa\u00eds Federal), el bonaerense oficialista Pablo Ansaloni, y el porte\u00f1o Fernando Iglesias (legislador del PRO designado este mes embajador en Bruselas y ante la Uni\u00f3n Europea) fueron los 3 diputados nacionales con m\u00e1s audiencias con funcionarios en la Casa Rosada, con 20, 18 y 17 reuniones respectivamente.<\/p>\n<p>Gonzalez lider\u00f3 el pedido de audiencias en 2024, con 15, e Iglesias hizo lo propio el a\u00f1o pasado con 9, seg\u00fan la base de datos del Registro de Audiencias.<\/p>\n<p>En cuanto a los senadores, el top 3 est\u00e1 liderado por senadores del oficialismo: el juje\u00f1o Ezequiel Atauche, presidente del bloque de LLA, con 18; el puntano Bartolom\u00e9 Abdala, presidente provisional del Senado, y el formose\u00f1o Francisco Paoltroni, con 11 cada uno.<\/p>\n","protected":false},"excerpt":{"rendered":"<p>En los primeros dos a\u00f1os de Milei La informaci\u00f3n surge de la base de datos del Registro de Audiencias del Poder Ejecutivo, analizada por Infobae. Los mandatarios que m\u00e1s visitaron Balcarce 50 y los cinco que nunca pidieron ser recibidos por alg\u00fan funcionario jer\u00e1rquico La relaci\u00f3n de Javier Milei con los gobernadores fue zigzagueante a [&hellip;]<\/p>\n","protected":false},"author":4,"featured_media":203739,"comment_status":"open","ping_status":"open","sticky":false,"template":"","format":"standard","meta":{"_joinchat":[],"footnotes":""},"categories":[34],"tags":[],"class_list":{"0":"post-203738","1":"post","2":"type-post","3":"status-publish","4":"format-standard","5":"has-post-thumbnail","7":"category-principal"},"yoast_head":"<!-- This site is optimized with the Yoast SEO plugin v27.2 - https:\/\/yoast.com\/product\/yoast-seo-wordpress\/ -->\n<title>Qui\u00e9nes fueron los gobernadores que solicitaron m\u00e1s audiencias en la Casa Rosada - Radio Infinita Goya<\/title>\n<meta name=\"description\" content=\"En los primeros dos a\u00f1os de Milei La informaci\u00f3n surge de la base de datos del Registro de Audiencias del Poder Ejecutivo, analizada por Infobae. Los\" \/>\n<meta name=\"robots\" content=\"index, follow, max-snippet:-1, max-image-preview:large, max-video-preview:-1\" \/>\n<link rel=\"canonical\" href=\"https:\/\/radioinfinitagoya.com.ar\/v1\/2026\/01\/25\/quienes-fueron-los-gobernadores-que-solicitaron-mas-audiencias-en-la-casa-rosada\/\" \/>\n<meta property=\"og:locale\" content=\"es_ES\" \/>\n<meta property=\"og:type\" content=\"article\" \/>\n<meta property=\"og:title\" content=\"Qui\u00e9nes fueron los gobernadores que solicitaron m\u00e1s audiencias en la Casa Rosada - Radio Infinita Goya\" \/>\n<meta property=\"og:description\" content=\"En los primeros dos a\u00f1os de Milei La informaci\u00f3n surge de la base de datos del Registro de Audiencias del Poder Ejecutivo, analizada por Infobae. Los\" \/>\n<meta property=\"og:url\" content=\"https:\/\/radioinfinitagoya.com.ar\/v1\/2026\/01\/25\/quienes-fueron-los-gobernadores-que-solicitaron-mas-audiencias-en-la-casa-rosada\/\" \/>\n<meta property=\"og:site_name\" content=\"Radio Infinita Goya\" \/>\n<meta property=\"article:publisher\" content=\"https:\/\/www.facebook.com\/p\/Infinita-Goya-100063870918311\/\" \/>\n<meta property=\"article:published_time\" content=\"2026-01-25T20:47:41+00:00\" \/>\n<meta property=\"og:image\" content=\"https:\/\/radioinfinitagoya.com.ar\/v1\/wp-content\/uploads\/2026\/01\/000.jpg\" \/>\n\t<meta property=\"og:image:width\" content=\"1080\" \/>\n\t<meta property=\"og:image:height\" content=\"630\" \/>\n\t<meta property=\"og:image:type\" content=\"image\/jpeg\" \/>\n<meta name=\"author\" content=\"Jorge Mi\u00f1o\" \/>\n<meta name=\"twitter:card\" content=\"summary_large_image\" \/>\n<meta name=\"twitter:label1\" content=\"Escrito por\" \/>\n\t<meta name=\"twitter:data1\" content=\"Jorge Mi\u00f1o\" \/>\n\t<meta name=\"twitter:label2\" content=\"Tiempo de lectura\" \/>\n\t<meta name=\"twitter:data2\" content=\"9 minutos\" \/>\n<script type=\"application\/ld+json\" class=\"yoast-schema-graph\">{\"@context\":\"https:\/\/schema.org\",\"@graph\":[{\"@type\":\"Article\",\"@id\":\"https:\/\/radioinfinitagoya.com.ar\/v1\/2026\/01\/25\/quienes-fueron-los-gobernadores-que-solicitaron-mas-audiencias-en-la-casa-rosada\/#article\",\"isPartOf\":{\"@id\":\"https:\/\/radioinfinitagoya.com.ar\/v1\/2026\/01\/25\/quienes-fueron-los-gobernadores-que-solicitaron-mas-audiencias-en-la-casa-rosada\/\"},\"author\":{\"name\":\"Jorge Mi\u00f1o\",\"@id\":\"https:\/\/radioinfinitagoya.com.ar\/v1\/#\/schema\/person\/d4cf9c413d4f6edb24aabdccab49ca4a\"},\"headline\":\"Qui\u00e9nes fueron los gobernadores que solicitaron m\u00e1s audiencias en la Casa Rosada\",\"datePublished\":\"2026-01-25T20:47:41+00:00\",\"mainEntityOfPage\":{\"@id\":\"https:\/\/radioinfinitagoya.com.ar\/v1\/2026\/01\/25\/quienes-fueron-los-gobernadores-que-solicitaron-mas-audiencias-en-la-casa-rosada\/\"},\"wordCount\":1819,\"commentCount\":0,\"publisher\":{\"@id\":\"https:\/\/radioinfinitagoya.com.ar\/v1\/#organization\"},\"image\":{\"@id\":\"https:\/\/radioinfinitagoya.com.ar\/v1\/2026\/01\/25\/quienes-fueron-los-gobernadores-que-solicitaron-mas-audiencias-en-la-casa-rosada\/#primaryimage\"},\"thumbnailUrl\":\"https:\/\/radioinfinitagoya.com.ar\/v1\/wp-content\/uploads\/2026\/01\/000.jpg\",\"articleSection\":[\"PRINCIPAL\"],\"inLanguage\":\"es-AR\",\"potentialAction\":[{\"@type\":\"CommentAction\",\"name\":\"Comment\",\"target\":[\"https:\/\/radioinfinitagoya.com.ar\/v1\/2026\/01\/25\/quienes-fueron-los-gobernadores-que-solicitaron-mas-audiencias-en-la-casa-rosada\/#respond\"]}]},{\"@type\":\"WebPage\",\"@id\":\"https:\/\/radioinfinitagoya.com.ar\/v1\/2026\/01\/25\/quienes-fueron-los-gobernadores-que-solicitaron-mas-audiencias-en-la-casa-rosada\/\",\"url\":\"https:\/\/radioinfinitagoya.com.ar\/v1\/2026\/01\/25\/quienes-fueron-los-gobernadores-que-solicitaron-mas-audiencias-en-la-casa-rosada\/\",\"name\":\"Qui\u00e9nes fueron los gobernadores que solicitaron m\u00e1s audiencias en la Casa Rosada - Radio Infinita Goya\",\"isPartOf\":{\"@id\":\"https:\/\/radioinfinitagoya.com.ar\/v1\/#website\"},\"primaryImageOfPage\":{\"@id\":\"https:\/\/radioinfinitagoya.com.ar\/v1\/2026\/01\/25\/quienes-fueron-los-gobernadores-que-solicitaron-mas-audiencias-en-la-casa-rosada\/#primaryimage\"},\"image\":{\"@id\":\"https:\/\/radioinfinitagoya.com.ar\/v1\/2026\/01\/25\/quienes-fueron-los-gobernadores-que-solicitaron-mas-audiencias-en-la-casa-rosada\/#primaryimage\"},\"thumbnailUrl\":\"https:\/\/radioinfinitagoya.com.ar\/v1\/wp-content\/uploads\/2026\/01\/000.jpg\",\"datePublished\":\"2026-01-25T20:47:41+00:00\",\"description\":\"En los primeros dos a\u00f1os de Milei La informaci\u00f3n surge de la base de datos del Registro de Audiencias del Poder Ejecutivo, analizada por Infobae. Los\",\"breadcrumb\":{\"@id\":\"https:\/\/radioinfinitagoya.com.ar\/v1\/2026\/01\/25\/quienes-fueron-los-gobernadores-que-solicitaron-mas-audiencias-en-la-casa-rosada\/#breadcrumb\"},\"inLanguage\":\"es-AR\",\"potentialAction\":[{\"@type\":\"ReadAction\",\"target\":[\"https:\/\/radioinfinitagoya.com.ar\/v1\/2026\/01\/25\/quienes-fueron-los-gobernadores-que-solicitaron-mas-audiencias-en-la-casa-rosada\/\"]}]},{\"@type\":\"ImageObject\",\"inLanguage\":\"es-AR\",\"@id\":\"https:\/\/radioinfinitagoya.com.ar\/v1\/2026\/01\/25\/quienes-fueron-los-gobernadores-que-solicitaron-mas-audiencias-en-la-casa-rosada\/#primaryimage\",\"url\":\"https:\/\/radioinfinitagoya.com.ar\/v1\/wp-content\/uploads\/2026\/01\/000.jpg\",\"contentUrl\":\"https:\/\/radioinfinitagoya.com.ar\/v1\/wp-content\/uploads\/2026\/01\/000.jpg\",\"width\":1080,\"height\":630},{\"@type\":\"BreadcrumbList\",\"@id\":\"https:\/\/radioinfinitagoya.com.ar\/v1\/2026\/01\/25\/quienes-fueron-los-gobernadores-que-solicitaron-mas-audiencias-en-la-casa-rosada\/#breadcrumb\",\"itemListElement\":[{\"@type\":\"ListItem\",\"position\":1,\"name\":\"Inicio\",\"item\":\"https:\/\/radioinfinitagoya.com.ar\/v1\/\"},{\"@type\":\"ListItem\",\"position\":2,\"name\":\"Qui\u00e9nes fueron los gobernadores que solicitaron m\u00e1s audiencias en la Casa Rosada\"}]},{\"@type\":\"WebSite\",\"@id\":\"https:\/\/radioinfinitagoya.com.ar\/v1\/#website\",\"url\":\"https:\/\/radioinfinitagoya.com.ar\/v1\/\",\"name\":\"radioinfinitagoya.com.ar\",\"description\":\"Radio de noticias\",\"publisher\":{\"@id\":\"https:\/\/radioinfinitagoya.com.ar\/v1\/#organization\"},\"potentialAction\":[{\"@type\":\"SearchAction\",\"target\":{\"@type\":\"EntryPoint\",\"urlTemplate\":\"https:\/\/radioinfinitagoya.com.ar\/v1\/?s={search_term_string}\"},\"query-input\":{\"@type\":\"PropertyValueSpecification\",\"valueRequired\":true,\"valueName\":\"search_term_string\"}}],\"inLanguage\":\"es-AR\"},{\"@type\":\"Organization\",\"@id\":\"https:\/\/radioinfinitagoya.com.ar\/v1\/#organization\",\"name\":\"Radio Infinita Goya\",\"url\":\"https:\/\/radioinfinitagoya.com.ar\/v1\/\",\"logo\":{\"@type\":\"ImageObject\",\"inLanguage\":\"es-AR\",\"@id\":\"https:\/\/radioinfinitagoya.com.ar\/v1\/#\/schema\/logo\/image\/\",\"url\":\"https:\/\/radioinfinitagoya.com.ar\/v1\/wp-content\/uploads\/2019\/11\/logo-pie-web.png\",\"contentUrl\":\"https:\/\/radioinfinitagoya.com.ar\/v1\/wp-content\/uploads\/2019\/11\/logo-pie-web.png\",\"width\":635,\"height\":326,\"caption\":\"Radio Infinita Goya\"},\"image\":{\"@id\":\"https:\/\/radioinfinitagoya.com.ar\/v1\/#\/schema\/logo\/image\/\"},\"sameAs\":[\"https:\/\/www.facebook.com\/p\/Infinita-Goya-100063870918311\/\"]},{\"@type\":\"Person\",\"@id\":\"https:\/\/radioinfinitagoya.com.ar\/v1\/#\/schema\/person\/d4cf9c413d4f6edb24aabdccab49ca4a\",\"name\":\"Jorge Mi\u00f1o\",\"image\":{\"@type\":\"ImageObject\",\"inLanguage\":\"es-AR\",\"@id\":\"https:\/\/secure.gravatar.com\/avatar\/910fcf6728fe95320e07a6643c1581fec1c7fc4bf8ae12e3d8f0d0373dc844be?s=96&d=mm&r=g\",\"url\":\"https:\/\/secure.gravatar.com\/avatar\/910fcf6728fe95320e07a6643c1581fec1c7fc4bf8ae12e3d8f0d0373dc844be?s=96&d=mm&r=g\",\"contentUrl\":\"https:\/\/secure.gravatar.com\/avatar\/910fcf6728fe95320e07a6643c1581fec1c7fc4bf8ae12e3d8f0d0373dc844be?s=96&d=mm&r=g\",\"caption\":\"Jorge Mi\u00f1o\"},\"sameAs\":[\"http:\/\/radioinfinitagoya.com.ar\"]}]}<\/script>\n<!-- \/ Yoast SEO plugin. -->","yoast_head_json":{"title":"Qui\u00e9nes fueron los gobernadores que solicitaron m\u00e1s audiencias en la Casa Rosada - Radio Infinita Goya","description":"En los primeros dos a\u00f1os de Milei La informaci\u00f3n surge de la base de datos del Registro de Audiencias del Poder Ejecutivo, analizada por Infobae. Los","robots":{"index":"index","follow":"follow","max-snippet":"max-snippet:-1","max-image-preview":"max-image-preview:large","max-video-preview":"max-video-preview:-1"},"canonical":"https:\/\/radioinfinitagoya.com.ar\/v1\/2026\/01\/25\/quienes-fueron-los-gobernadores-que-solicitaron-mas-audiencias-en-la-casa-rosada\/","og_locale":"es_ES","og_type":"article","og_title":"Qui\u00e9nes fueron los gobernadores que solicitaron m\u00e1s audiencias en la Casa Rosada - Radio Infinita Goya","og_description":"En los primeros dos a\u00f1os de Milei La informaci\u00f3n surge de la base de datos del Registro de Audiencias del Poder Ejecutivo, analizada por Infobae. Los","og_url":"https:\/\/radioinfinitagoya.com.ar\/v1\/2026\/01\/25\/quienes-fueron-los-gobernadores-que-solicitaron-mas-audiencias-en-la-casa-rosada\/","og_site_name":"Radio Infinita Goya","article_publisher":"https:\/\/www.facebook.com\/p\/Infinita-Goya-100063870918311\/","article_published_time":"2026-01-25T20:47:41+00:00","og_image":[{"width":1080,"height":630,"url":"https:\/\/radioinfinitagoya.com.ar\/v1\/wp-content\/uploads\/2026\/01\/000.jpg","type":"image\/jpeg"}],"author":"Jorge Mi\u00f1o","twitter_card":"summary_large_image","twitter_misc":{"Escrito por":"Jorge Mi\u00f1o","Tiempo de lectura":"9 minutos"},"schema":{"@context":"https:\/\/schema.org","@graph":[{"@type":"Article","@id":"https:\/\/radioinfinitagoya.com.ar\/v1\/2026\/01\/25\/quienes-fueron-los-gobernadores-que-solicitaron-mas-audiencias-en-la-casa-rosada\/#article","isPartOf":{"@id":"https:\/\/radioinfinitagoya.com.ar\/v1\/2026\/01\/25\/quienes-fueron-los-gobernadores-que-solicitaron-mas-audiencias-en-la-casa-rosada\/"},"author":{"name":"Jorge Mi\u00f1o","@id":"https:\/\/radioinfinitagoya.com.ar\/v1\/#\/schema\/person\/d4cf9c413d4f6edb24aabdccab49ca4a"},"headline":"Qui\u00e9nes fueron los gobernadores que solicitaron m\u00e1s audiencias en la Casa Rosada","datePublished":"2026-01-25T20:47:41+00:00","mainEntityOfPage":{"@id":"https:\/\/radioinfinitagoya.com.ar\/v1\/2026\/01\/25\/quienes-fueron-los-gobernadores-que-solicitaron-mas-audiencias-en-la-casa-rosada\/"},"wordCount":1819,"commentCount":0,"publisher":{"@id":"https:\/\/radioinfinitagoya.com.ar\/v1\/#organization"},"image":{"@id":"https:\/\/radioinfinitagoya.com.ar\/v1\/2026\/01\/25\/quienes-fueron-los-gobernadores-que-solicitaron-mas-audiencias-en-la-casa-rosada\/#primaryimage"},"thumbnailUrl":"https:\/\/radioinfinitagoya.com.ar\/v1\/wp-content\/uploads\/2026\/01\/000.jpg","articleSection":["PRINCIPAL"],"inLanguage":"es-AR","potentialAction":[{"@type":"CommentAction","name":"Comment","target":["https:\/\/radioinfinitagoya.com.ar\/v1\/2026\/01\/25\/quienes-fueron-los-gobernadores-que-solicitaron-mas-audiencias-en-la-casa-rosada\/#respond"]}]},{"@type":"WebPage","@id":"https:\/\/radioinfinitagoya.com.ar\/v1\/2026\/01\/25\/quienes-fueron-los-gobernadores-que-solicitaron-mas-audiencias-en-la-casa-rosada\/","url":"https:\/\/radioinfinitagoya.com.ar\/v1\/2026\/01\/25\/quienes-fueron-los-gobernadores-que-solicitaron-mas-audiencias-en-la-casa-rosada\/","name":"Qui\u00e9nes fueron los gobernadores que solicitaron m\u00e1s audiencias en la Casa Rosada - Radio Infinita Goya","isPartOf":{"@id":"https:\/\/radioinfinitagoya.com.ar\/v1\/#website"},"primaryImageOfPage":{"@id":"https:\/\/radioinfinitagoya.com.ar\/v1\/2026\/01\/25\/quienes-fueron-los-gobernadores-que-solicitaron-mas-audiencias-en-la-casa-rosada\/#primaryimage"},"image":{"@id":"https:\/\/radioinfinitagoya.com.ar\/v1\/2026\/01\/25\/quienes-fueron-los-gobernadores-que-solicitaron-mas-audiencias-en-la-casa-rosada\/#primaryimage"},"thumbnailUrl":"https:\/\/radioinfinitagoya.com.ar\/v1\/wp-content\/uploads\/2026\/01\/000.jpg","datePublished":"2026-01-25T20:47:41+00:00","description":"En los primeros dos a\u00f1os de Milei La informaci\u00f3n surge de la base de datos del Registro de Audiencias del Poder Ejecutivo, analizada por Infobae. Los","breadcrumb":{"@id":"https:\/\/radioinfinitagoya.com.ar\/v1\/2026\/01\/25\/quienes-fueron-los-gobernadores-que-solicitaron-mas-audiencias-en-la-casa-rosada\/#breadcrumb"},"inLanguage":"es-AR","potentialAction":[{"@type":"ReadAction","target":["https:\/\/radioinfinitagoya.com.ar\/v1\/2026\/01\/25\/quienes-fueron-los-gobernadores-que-solicitaron-mas-audiencias-en-la-casa-rosada\/"]}]},{"@type":"ImageObject","inLanguage":"es-AR","@id":"https:\/\/radioinfinitagoya.com.ar\/v1\/2026\/01\/25\/quienes-fueron-los-gobernadores-que-solicitaron-mas-audiencias-en-la-casa-rosada\/#primaryimage","url":"https:\/\/radioinfinitagoya.com.ar\/v1\/wp-content\/uploads\/2026\/01\/000.jpg","contentUrl":"https:\/\/radioinfinitagoya.com.ar\/v1\/wp-content\/uploads\/2026\/01\/000.jpg","width":1080,"height":630},{"@type":"BreadcrumbList","@id":"https:\/\/radioinfinitagoya.com.ar\/v1\/2026\/01\/25\/quienes-fueron-los-gobernadores-que-solicitaron-mas-audiencias-en-la-casa-rosada\/#breadcrumb","itemListElement":[{"@type":"ListItem","position":1,"name":"Inicio","item":"https:\/\/radioinfinitagoya.com.ar\/v1\/"},{"@type":"ListItem","position":2,"name":"Qui\u00e9nes fueron los gobernadores que solicitaron m\u00e1s audiencias en la Casa Rosada"}]},{"@type":"WebSite","@id":"https:\/\/radioinfinitagoya.com.ar\/v1\/#website","url":"https:\/\/radioinfinitagoya.com.ar\/v1\/","name":"radioinfinitagoya.com.ar","description":"Radio de noticias","publisher":{"@id":"https:\/\/radioinfinitagoya.com.ar\/v1\/#organization"},"potentialAction":[{"@type":"SearchAction","target":{"@type":"EntryPoint","urlTemplate":"https:\/\/radioinfinitagoya.com.ar\/v1\/?s={search_term_string}"},"query-input":{"@type":"PropertyValueSpecification","valueRequired":true,"valueName":"search_term_string"}}],"inLanguage":"es-AR"},{"@type":"Organization","@id":"https:\/\/radioinfinitagoya.com.ar\/v1\/#organization","name":"Radio Infinita Goya","url":"https:\/\/radioinfinitagoya.com.ar\/v1\/","logo":{"@type":"ImageObject","inLanguage":"es-AR","@id":"https:\/\/radioinfinitagoya.com.ar\/v1\/#\/schema\/logo\/image\/","url":"https:\/\/radioinfinitagoya.com.ar\/v1\/wp-content\/uploads\/2019\/11\/logo-pie-web.png","contentUrl":"https:\/\/radioinfinitagoya.com.ar\/v1\/wp-content\/uploads\/2019\/11\/logo-pie-web.png","width":635,"height":326,"caption":"Radio Infinita Goya"},"image":{"@id":"https:\/\/radioinfinitagoya.com.ar\/v1\/#\/schema\/logo\/image\/"},"sameAs":["https:\/\/www.facebook.com\/p\/Infinita-Goya-100063870918311\/"]},{"@type":"Person","@id":"https:\/\/radioinfinitagoya.com.ar\/v1\/#\/schema\/person\/d4cf9c413d4f6edb24aabdccab49ca4a","name":"Jorge Mi\u00f1o","image":{"@type":"ImageObject","inLanguage":"es-AR","@id":"https:\/\/secure.gravatar.com\/avatar\/910fcf6728fe95320e07a6643c1581fec1c7fc4bf8ae12e3d8f0d0373dc844be?s=96&d=mm&r=g","url":"https:\/\/secure.gravatar.com\/avatar\/910fcf6728fe95320e07a6643c1581fec1c7fc4bf8ae12e3d8f0d0373dc844be?s=96&d=mm&r=g","contentUrl":"https:\/\/secure.gravatar.com\/avatar\/910fcf6728fe95320e07a6643c1581fec1c7fc4bf8ae12e3d8f0d0373dc844be?s=96&d=mm&r=g","caption":"Jorge Mi\u00f1o"},"sameAs":["http:\/\/radioinfinitagoya.com.ar"]}]}},"_links":{"self":[{"href":"https:\/\/radioinfinitagoya.com.ar\/v1\/wp-json\/wp\/v2\/posts\/203738","targetHints":{"allow":["GET"]}}],"collection":[{"href":"https:\/\/radioinfinitagoya.com.ar\/v1\/wp-json\/wp\/v2\/posts"}],"about":[{"href":"https:\/\/radioinfinitagoya.com.ar\/v1\/wp-json\/wp\/v2\/types\/post"}],"author":[{"embeddable":true,"href":"https:\/\/radioinfinitagoya.com.ar\/v1\/wp-json\/wp\/v2\/users\/4"}],"replies":[{"embeddable":true,"href":"https:\/\/radioinfinitagoya.com.ar\/v1\/wp-json\/wp\/v2\/comments?post=203738"}],"version-history":[{"count":0,"href":"https:\/\/radioinfinitagoya.com.ar\/v1\/wp-json\/wp\/v2\/posts\/203738\/revisions"}],"wp:featuredmedia":[{"embeddable":true,"href":"https:\/\/radioinfinitagoya.com.ar\/v1\/wp-json\/wp\/v2\/media\/203739"}],"wp:attachment":[{"href":"https:\/\/radioinfinitagoya.com.ar\/v1\/wp-json\/wp\/v2\/media?parent=203738"}],"wp:term":[{"taxonomy":"category","embeddable":true,"href":"https:\/\/radioinfinitagoya.com.ar\/v1\/wp-json\/wp\/v2\/categories?post=203738"},{"taxonomy":"post_tag","embeddable":true,"href":"https:\/\/radioinfinitagoya.com.ar\/v1\/wp-json\/wp\/v2\/tags?post=203738"}],"curies":[{"name":"wp","href":"https:\/\/api.w.org\/{rel}","templated":true}]}}