{"id":203743,"date":"2026-01-29T13:26:52","date_gmt":"2026-01-29T16:26:52","guid":{"rendered":"https:\/\/radioinfinitagoya.com.ar\/v1\/?p=203743"},"modified":"2026-01-29T13:26:52","modified_gmt":"2026-01-29T16:26:52","slug":"se-vienen-10-dias-de-festival-alienigena-en-capilla-del-monte-grilla-completa","status":"publish","type":"post","link":"https:\/\/radioinfinitagoya.com.ar\/v1\/2026\/01\/29\/se-vienen-10-dias-de-festival-alienigena-en-capilla-del-monte-grilla-completa\/","title":{"rendered":"Se vienen 10 d\u00edas de Festival Alien\u00edgena en Capilla del Monte: grilla completa"},"content":{"rendered":"<p>La Municipalidad de Capilla del Monte present\u00f3 este martes la grilla completa de la d\u00e9cima edici\u00f3n del Festival Alien\u00edgena, que se llevar\u00e1 a cabo del viernes 6 al domingo 15 de febrero.<\/p>\n<p>La programaci\u00f3n incluye m\u00fasica en vivo, con la presentaci\u00f3n destacada de Los Tipitos; el tradicional Desfile Alien\u00edgena, que abrir\u00e1 el festival; un ciclo de conferencias que reunir\u00e1 a especialistas para abordar tem\u00e1ticas vinculadas a la historia OVNI local, la psicolog\u00eda del fen\u00f3meno, el esoterismo y la m\u00edtica Ciudad de Erks; cine y talleres.<\/p>\n<p><img loading=\"lazy\" decoding=\"async\" class=\"alignnone size-full wp-image-203745\" src=\"https:\/\/radioinfinitagoya.com.ar\/v1\/wp-content\/uploads\/2026\/01\/002.jpg\" alt=\"\" width=\"1600\" height=\"1066\" srcset=\"https:\/\/radioinfinitagoya.com.ar\/v1\/wp-content\/uploads\/2026\/01\/002.jpg 1600w, https:\/\/radioinfinitagoya.com.ar\/v1\/wp-content\/uploads\/2026\/01\/002-150x100.jpg 150w, https:\/\/radioinfinitagoya.com.ar\/v1\/wp-content\/uploads\/2026\/01\/002-768x512.jpg 768w, https:\/\/radioinfinitagoya.com.ar\/v1\/wp-content\/uploads\/2026\/01\/002-1536x1023.jpg 1536w, https:\/\/radioinfinitagoya.com.ar\/v1\/wp-content\/uploads\/2026\/01\/002-630x420.jpg 630w, https:\/\/radioinfinitagoya.com.ar\/v1\/wp-content\/uploads\/2026\/01\/002-696x464.jpg 696w, https:\/\/radioinfinitagoya.com.ar\/v1\/wp-content\/uploads\/2026\/01\/002-1068x712.jpg 1068w\" sizes=\"auto, (max-width: 1600px) 100vw, 1600px\" \/><\/p>\n<p>Grilla completa<\/p>\n<p>Viernes 6 \u2013 D\u00eda 1<br \/>\n21:30 \u2013 Desfile.<br \/>\nEscenario 5 Esquinas: Playmobil, Fernando Bladys y Fiesta Retro.<\/p>\n<p>S\u00e1bado 7 \u2013 D\u00eda 2<br \/>\n21:30 \u2013 Desfile y premiaci\u00f3n.<br \/>\nEscenario 5 Esquinas: Nawwan, Marcianos (Tributo a Enanitos Verdes) y Los Tipitos.<\/p>\n<p>Domingo 8 \u2013 D\u00eda 3<br \/>\n19:00 \u2013 Orquesta Cristal (Cine Teatro Enrique Mui\u00f1o).<br \/>\n20:30 \u2013 Ciclo de conferencias: \u201cNaves y seres ET en Capilla del Monte\u201d, de Dante Franch (Cine Teatro Enrique Mui\u00f1o).<\/p>\n<p>Lunes 9 \u2013 D\u00eda 4<br \/>\n18:30 \u2013 Ciclo de conferencias: \u201cLos secretos esot\u00e9ricos del Tarot. \u00bfLa IA puede reemplazarlo?\u201d, de Amariek (Sala Poeta Lugones).<br \/>\n19:00 \u2013 Recreaci\u00f3n para ni\u00f1os (Calle Techada).<br \/>\n20:30 \u2013 Ciclo de conferencias: \u201cAngelolog\u00eda esot\u00e9rica\u201d, de M\u00f3nica Ovando (Sala Poeta Lugones).<\/p>\n<p>Martes 10 \u2013 D\u00eda 5<br \/>\n18:30 \u2013 Ciclo de conferencias: \u201cDocumental: La pintura del futuro\u201d, de Edgardo Marranti (Cine Teatro Enrique Mui\u00f1o).<br \/>\n20:30 \u2013 Ciclo de conferencias: \u201cExperiencias conscientes dentro del tri\u00e1ngulo de fuerzas\u201d, de Fedex Cavall\u00edn (Cine Teatro Enrique Mui\u00f1o).<\/p>\n<p>Mi\u00e9rcoles 11 \u2013 D\u00eda 6<br \/>\n18:30 \u2013 Ciclo de conferencias: \u201cEl libro del conocimiento\u201d, de Mercedes P\u00e9rez (Sala Poeta Lugones).<br \/>\n19:00 \u2013 Recreaci\u00f3n para ni\u00f1os (Calle Techada).<br \/>\n19:30 \u2013 Ciclo de conferencias: \u201cPsicolog\u00eda del fen\u00f3meno OVNI\u201d, de Mart\u00edn Serafini (Cine Teatro Enrique Mui\u00f1o).<br \/>\n20:30 \u2013 Ciclo de conferencias: \u201cIsidiris: la ciudad dorada intraterrena\u201d, de Octavio Riale (Cine Teatro Enrique Mui\u00f1o).<\/p>\n<p>Jueves 12 \u2013 D\u00eda 7<br \/>\n18:30 \u2013 Ciclo de conferencias: \u201cOvnis y contactos en Capilla del Monte\u201d, Alberto Rosso (Sala Poeta Lugones).<br \/>\n19:30 \u2013 Ciclo de conferencias: Presentaci\u00f3n del libro \u201cVivir desde el alma: la vida cotidiana es posible\u201d, de Marcelo Albala (Sala Poeta Lugones).<br \/>\n20:00 \u2013 Noche de pintura fluorescente (actividad para ni\u00f1os en el Cine Teatro Enrique Mui\u00f1o).<\/p>\n<p>Viernes 13 \u2013 D\u00eda 8<br \/>\n18:00 \u2013 Ciclo de conferencias: \u201cMeditaci\u00f3n energ\u00eda samana\u201d, de Denise Juana (Sala Poeta Lugones).<br \/>\n19:00 \u2013 Ciclo de conferencias: \u201cLa energ\u00eda cr\u00edstica y mariana en el cuerpo de luz\u201d, de Dante Franch (Cine Teatro Enrique Mui\u00f1o).<br \/>\n20:30 \u2013 Ciclo de conferencias: \u201cERKS, ellos nos esperan\u201d, de Marcelo Albala (Cine Teatro Enrique Mui\u00f1o).<\/p>\n<p>S\u00e1bado 14 \u2013 D\u00eda 9<br \/>\n11:00 \u2013 Ven\u00ed a armar tu mu\u00f1eco alien\u00edgena (Sala Poeta Lugones).<br \/>\n18:30 \u2013 Ciclo de conferencias: \u201cSabidur\u00eda Andina, el camino del Qapac \u00d1an\u201d, de Mar\u00eda Florencia Valle (Sala Poeta Lugones).<br \/>\n20:00 \u2013 Ciclo de conferencias: \u201cUritorco y los portales de la Tierra\u201d, Ricardo Gonz\u00e1lez Corpancho (Cine Teatro Enrique Mui\u00f1o).<\/p>\n<p>Domingo 15 \u2013 D\u00eda 10<br \/>\n21:15 \u2013 Astroturismo (Pueblo Encanto).<br \/>\n17:00 \u2013 Ciclo de conferencias: \u201cProtocolos de contacto\u201d, Taller con Ricardo Gonz\u00e1lez Valle (Sala Poeta Lugones).<br \/>\n19:00 \u2013 Ciclo de conferencias: Proyecci\u00f3n \u201cEl caso Llancas\u201d (Cine Teatro Enrique Mui\u00f1o).<\/p>\n<p>&nbsp;<\/p>\n<p>&nbsp;<\/p>\n","protected":false},"excerpt":{"rendered":"<p>La Municipalidad de Capilla del Monte present\u00f3 este martes la grilla completa de la d\u00e9cima edici\u00f3n del Festival Alien\u00edgena, que se llevar\u00e1 a cabo del viernes 6 al domingo 15 de febrero. La programaci\u00f3n incluye m\u00fasica en vivo, con la presentaci\u00f3n destacada de Los Tipitos; el tradicional Desfile Alien\u00edgena, que abrir\u00e1 el festival; un ciclo [&hellip;]<\/p>\n","protected":false},"author":4,"featured_media":203744,"comment_status":"open","ping_status":"open","sticky":false,"template":"","format":"standard","meta":{"_joinchat":[],"footnotes":""},"categories":[34],"tags":[],"class_list":{"0":"post-203743","1":"post","2":"type-post","3":"status-publish","4":"format-standard","5":"has-post-thumbnail","7":"category-principal"},"yoast_head":"<!-- This site is optimized with the Yoast SEO plugin v27.2 - https:\/\/yoast.com\/product\/yoast-seo-wordpress\/ -->\n<title>Se vienen 10 d\u00edas de Festival Alien\u00edgena en Capilla del Monte: grilla completa - Radio Infinita Goya<\/title>\n<meta name=\"description\" content=\"La Municipalidad de Capilla del Monte present\u00f3 este martes la grilla completa de la d\u00e9cima edici\u00f3n del Festival Alien\u00edgena, que se llevar\u00e1 a cabo del\" \/>\n<meta name=\"robots\" content=\"index, follow, max-snippet:-1, max-image-preview:large, max-video-preview:-1\" \/>\n<link rel=\"canonical\" href=\"https:\/\/radioinfinitagoya.com.ar\/v1\/2026\/01\/29\/se-vienen-10-dias-de-festival-alienigena-en-capilla-del-monte-grilla-completa\/\" \/>\n<meta property=\"og:locale\" content=\"es_ES\" \/>\n<meta property=\"og:type\" content=\"article\" \/>\n<meta property=\"og:title\" content=\"Se vienen 10 d\u00edas de Festival Alien\u00edgena en Capilla del Monte: grilla completa - Radio Infinita Goya\" \/>\n<meta property=\"og:description\" content=\"La Municipalidad de Capilla del Monte present\u00f3 este martes la grilla completa de la d\u00e9cima edici\u00f3n del Festival Alien\u00edgena, que se llevar\u00e1 a cabo del\" \/>\n<meta property=\"og:url\" content=\"https:\/\/radioinfinitagoya.com.ar\/v1\/2026\/01\/29\/se-vienen-10-dias-de-festival-alienigena-en-capilla-del-monte-grilla-completa\/\" \/>\n<meta property=\"og:site_name\" content=\"Radio Infinita Goya\" \/>\n<meta property=\"article:publisher\" content=\"https:\/\/www.facebook.com\/p\/Infinita-Goya-100063870918311\/\" \/>\n<meta property=\"article:published_time\" content=\"2026-01-29T16:26:52+00:00\" \/>\n<meta property=\"og:image\" content=\"https:\/\/radioinfinitagoya.com.ar\/v1\/wp-content\/uploads\/2026\/01\/0011.jpg\" \/>\n\t<meta property=\"og:image:width\" content=\"939\" \/>\n\t<meta property=\"og:image:height\" content=\"578\" \/>\n\t<meta property=\"og:image:type\" content=\"image\/jpeg\" \/>\n<meta name=\"author\" content=\"Jorge Mi\u00f1o\" \/>\n<meta name=\"twitter:card\" content=\"summary_large_image\" \/>\n<meta name=\"twitter:label1\" content=\"Escrito por\" \/>\n\t<meta name=\"twitter:data1\" content=\"Jorge Mi\u00f1o\" \/>\n\t<meta name=\"twitter:label2\" content=\"Tiempo de lectura\" \/>\n\t<meta name=\"twitter:data2\" content=\"2 minutos\" \/>\n<script type=\"application\/ld+json\" class=\"yoast-schema-graph\">{\"@context\":\"https:\/\/schema.org\",\"@graph\":[{\"@type\":\"Article\",\"@id\":\"https:\/\/radioinfinitagoya.com.ar\/v1\/2026\/01\/29\/se-vienen-10-dias-de-festival-alienigena-en-capilla-del-monte-grilla-completa\/#article\",\"isPartOf\":{\"@id\":\"https:\/\/radioinfinitagoya.com.ar\/v1\/2026\/01\/29\/se-vienen-10-dias-de-festival-alienigena-en-capilla-del-monte-grilla-completa\/\"},\"author\":{\"name\":\"Jorge Mi\u00f1o\",\"@id\":\"https:\/\/radioinfinitagoya.com.ar\/v1\/#\/schema\/person\/d4cf9c413d4f6edb24aabdccab49ca4a\"},\"headline\":\"Se vienen 10 d\u00edas de Festival Alien\u00edgena en Capilla del Monte: grilla completa\",\"datePublished\":\"2026-01-29T16:26:52+00:00\",\"mainEntityOfPage\":{\"@id\":\"https:\/\/radioinfinitagoya.com.ar\/v1\/2026\/01\/29\/se-vienen-10-dias-de-festival-alienigena-en-capilla-del-monte-grilla-completa\/\"},\"wordCount\":509,\"commentCount\":0,\"publisher\":{\"@id\":\"https:\/\/radioinfinitagoya.com.ar\/v1\/#organization\"},\"image\":{\"@id\":\"https:\/\/radioinfinitagoya.com.ar\/v1\/2026\/01\/29\/se-vienen-10-dias-de-festival-alienigena-en-capilla-del-monte-grilla-completa\/#primaryimage\"},\"thumbnailUrl\":\"https:\/\/radioinfinitagoya.com.ar\/v1\/wp-content\/uploads\/2026\/01\/0011.jpg\",\"articleSection\":[\"PRINCIPAL\"],\"inLanguage\":\"es-AR\",\"potentialAction\":[{\"@type\":\"CommentAction\",\"name\":\"Comment\",\"target\":[\"https:\/\/radioinfinitagoya.com.ar\/v1\/2026\/01\/29\/se-vienen-10-dias-de-festival-alienigena-en-capilla-del-monte-grilla-completa\/#respond\"]}]},{\"@type\":\"WebPage\",\"@id\":\"https:\/\/radioinfinitagoya.com.ar\/v1\/2026\/01\/29\/se-vienen-10-dias-de-festival-alienigena-en-capilla-del-monte-grilla-completa\/\",\"url\":\"https:\/\/radioinfinitagoya.com.ar\/v1\/2026\/01\/29\/se-vienen-10-dias-de-festival-alienigena-en-capilla-del-monte-grilla-completa\/\",\"name\":\"Se vienen 10 d\u00edas de Festival Alien\u00edgena en Capilla del Monte: grilla completa - Radio Infinita Goya\",\"isPartOf\":{\"@id\":\"https:\/\/radioinfinitagoya.com.ar\/v1\/#website\"},\"primaryImageOfPage\":{\"@id\":\"https:\/\/radioinfinitagoya.com.ar\/v1\/2026\/01\/29\/se-vienen-10-dias-de-festival-alienigena-en-capilla-del-monte-grilla-completa\/#primaryimage\"},\"image\":{\"@id\":\"https:\/\/radioinfinitagoya.com.ar\/v1\/2026\/01\/29\/se-vienen-10-dias-de-festival-alienigena-en-capilla-del-monte-grilla-completa\/#primaryimage\"},\"thumbnailUrl\":\"https:\/\/radioinfinitagoya.com.ar\/v1\/wp-content\/uploads\/2026\/01\/0011.jpg\",\"datePublished\":\"2026-01-29T16:26:52+00:00\",\"description\":\"La Municipalidad de Capilla del Monte present\u00f3 este martes la grilla completa de la d\u00e9cima edici\u00f3n del Festival Alien\u00edgena, que se llevar\u00e1 a cabo del\",\"breadcrumb\":{\"@id\":\"https:\/\/radioinfinitagoya.com.ar\/v1\/2026\/01\/29\/se-vienen-10-dias-de-festival-alienigena-en-capilla-del-monte-grilla-completa\/#breadcrumb\"},\"inLanguage\":\"es-AR\",\"potentialAction\":[{\"@type\":\"ReadAction\",\"target\":[\"https:\/\/radioinfinitagoya.com.ar\/v1\/2026\/01\/29\/se-vienen-10-dias-de-festival-alienigena-en-capilla-del-monte-grilla-completa\/\"]}]},{\"@type\":\"ImageObject\",\"inLanguage\":\"es-AR\",\"@id\":\"https:\/\/radioinfinitagoya.com.ar\/v1\/2026\/01\/29\/se-vienen-10-dias-de-festival-alienigena-en-capilla-del-monte-grilla-completa\/#primaryimage\",\"url\":\"https:\/\/radioinfinitagoya.com.ar\/v1\/wp-content\/uploads\/2026\/01\/0011.jpg\",\"contentUrl\":\"https:\/\/radioinfinitagoya.com.ar\/v1\/wp-content\/uploads\/2026\/01\/0011.jpg\",\"width\":939,\"height\":578},{\"@type\":\"BreadcrumbList\",\"@id\":\"https:\/\/radioinfinitagoya.com.ar\/v1\/2026\/01\/29\/se-vienen-10-dias-de-festival-alienigena-en-capilla-del-monte-grilla-completa\/#breadcrumb\",\"itemListElement\":[{\"@type\":\"ListItem\",\"position\":1,\"name\":\"Inicio\",\"item\":\"https:\/\/radioinfinitagoya.com.ar\/v1\/\"},{\"@type\":\"ListItem\",\"position\":2,\"name\":\"Se vienen 10 d\u00edas de Festival Alien\u00edgena en Capilla del Monte: grilla completa\"}]},{\"@type\":\"WebSite\",\"@id\":\"https:\/\/radioinfinitagoya.com.ar\/v1\/#website\",\"url\":\"https:\/\/radioinfinitagoya.com.ar\/v1\/\",\"name\":\"radioinfinitagoya.com.ar\",\"description\":\"Radio de noticias\",\"publisher\":{\"@id\":\"https:\/\/radioinfinitagoya.com.ar\/v1\/#organization\"},\"potentialAction\":[{\"@type\":\"SearchAction\",\"target\":{\"@type\":\"EntryPoint\",\"urlTemplate\":\"https:\/\/radioinfinitagoya.com.ar\/v1\/?s={search_term_string}\"},\"query-input\":{\"@type\":\"PropertyValueSpecification\",\"valueRequired\":true,\"valueName\":\"search_term_string\"}}],\"inLanguage\":\"es-AR\"},{\"@type\":\"Organization\",\"@id\":\"https:\/\/radioinfinitagoya.com.ar\/v1\/#organization\",\"name\":\"Radio Infinita Goya\",\"url\":\"https:\/\/radioinfinitagoya.com.ar\/v1\/\",\"logo\":{\"@type\":\"ImageObject\",\"inLanguage\":\"es-AR\",\"@id\":\"https:\/\/radioinfinitagoya.com.ar\/v1\/#\/schema\/logo\/image\/\",\"url\":\"https:\/\/radioinfinitagoya.com.ar\/v1\/wp-content\/uploads\/2019\/11\/logo-pie-web.png\",\"contentUrl\":\"https:\/\/radioinfinitagoya.com.ar\/v1\/wp-content\/uploads\/2019\/11\/logo-pie-web.png\",\"width\":635,\"height\":326,\"caption\":\"Radio Infinita Goya\"},\"image\":{\"@id\":\"https:\/\/radioinfinitagoya.com.ar\/v1\/#\/schema\/logo\/image\/\"},\"sameAs\":[\"https:\/\/www.facebook.com\/p\/Infinita-Goya-100063870918311\/\"]},{\"@type\":\"Person\",\"@id\":\"https:\/\/radioinfinitagoya.com.ar\/v1\/#\/schema\/person\/d4cf9c413d4f6edb24aabdccab49ca4a\",\"name\":\"Jorge Mi\u00f1o\",\"image\":{\"@type\":\"ImageObject\",\"inLanguage\":\"es-AR\",\"@id\":\"https:\/\/secure.gravatar.com\/avatar\/910fcf6728fe95320e07a6643c1581fec1c7fc4bf8ae12e3d8f0d0373dc844be?s=96&d=mm&r=g\",\"url\":\"https:\/\/secure.gravatar.com\/avatar\/910fcf6728fe95320e07a6643c1581fec1c7fc4bf8ae12e3d8f0d0373dc844be?s=96&d=mm&r=g\",\"contentUrl\":\"https:\/\/secure.gravatar.com\/avatar\/910fcf6728fe95320e07a6643c1581fec1c7fc4bf8ae12e3d8f0d0373dc844be?s=96&d=mm&r=g\",\"caption\":\"Jorge Mi\u00f1o\"},\"sameAs\":[\"http:\/\/radioinfinitagoya.com.ar\"]}]}<\/script>\n<!-- \/ Yoast SEO plugin. -->","yoast_head_json":{"title":"Se vienen 10 d\u00edas de Festival Alien\u00edgena en Capilla del Monte: grilla completa - Radio Infinita Goya","description":"La Municipalidad de Capilla del Monte present\u00f3 este martes la grilla completa de la d\u00e9cima edici\u00f3n del Festival Alien\u00edgena, que se llevar\u00e1 a cabo del","robots":{"index":"index","follow":"follow","max-snippet":"max-snippet:-1","max-image-preview":"max-image-preview:large","max-video-preview":"max-video-preview:-1"},"canonical":"https:\/\/radioinfinitagoya.com.ar\/v1\/2026\/01\/29\/se-vienen-10-dias-de-festival-alienigena-en-capilla-del-monte-grilla-completa\/","og_locale":"es_ES","og_type":"article","og_title":"Se vienen 10 d\u00edas de Festival Alien\u00edgena en Capilla del Monte: grilla completa - Radio Infinita Goya","og_description":"La Municipalidad de Capilla del Monte present\u00f3 este martes la grilla completa de la d\u00e9cima edici\u00f3n del Festival Alien\u00edgena, que se llevar\u00e1 a cabo del","og_url":"https:\/\/radioinfinitagoya.com.ar\/v1\/2026\/01\/29\/se-vienen-10-dias-de-festival-alienigena-en-capilla-del-monte-grilla-completa\/","og_site_name":"Radio Infinita Goya","article_publisher":"https:\/\/www.facebook.com\/p\/Infinita-Goya-100063870918311\/","article_published_time":"2026-01-29T16:26:52+00:00","og_image":[{"width":939,"height":578,"url":"https:\/\/radioinfinitagoya.com.ar\/v1\/wp-content\/uploads\/2026\/01\/0011.jpg","type":"image\/jpeg"}],"author":"Jorge Mi\u00f1o","twitter_card":"summary_large_image","twitter_misc":{"Escrito por":"Jorge Mi\u00f1o","Tiempo de lectura":"2 minutos"},"schema":{"@context":"https:\/\/schema.org","@graph":[{"@type":"Article","@id":"https:\/\/radioinfinitagoya.com.ar\/v1\/2026\/01\/29\/se-vienen-10-dias-de-festival-alienigena-en-capilla-del-monte-grilla-completa\/#article","isPartOf":{"@id":"https:\/\/radioinfinitagoya.com.ar\/v1\/2026\/01\/29\/se-vienen-10-dias-de-festival-alienigena-en-capilla-del-monte-grilla-completa\/"},"author":{"name":"Jorge Mi\u00f1o","@id":"https:\/\/radioinfinitagoya.com.ar\/v1\/#\/schema\/person\/d4cf9c413d4f6edb24aabdccab49ca4a"},"headline":"Se vienen 10 d\u00edas de Festival Alien\u00edgena en Capilla del Monte: grilla completa","datePublished":"2026-01-29T16:26:52+00:00","mainEntityOfPage":{"@id":"https:\/\/radioinfinitagoya.com.ar\/v1\/2026\/01\/29\/se-vienen-10-dias-de-festival-alienigena-en-capilla-del-monte-grilla-completa\/"},"wordCount":509,"commentCount":0,"publisher":{"@id":"https:\/\/radioinfinitagoya.com.ar\/v1\/#organization"},"image":{"@id":"https:\/\/radioinfinitagoya.com.ar\/v1\/2026\/01\/29\/se-vienen-10-dias-de-festival-alienigena-en-capilla-del-monte-grilla-completa\/#primaryimage"},"thumbnailUrl":"https:\/\/radioinfinitagoya.com.ar\/v1\/wp-content\/uploads\/2026\/01\/0011.jpg","articleSection":["PRINCIPAL"],"inLanguage":"es-AR","potentialAction":[{"@type":"CommentAction","name":"Comment","target":["https:\/\/radioinfinitagoya.com.ar\/v1\/2026\/01\/29\/se-vienen-10-dias-de-festival-alienigena-en-capilla-del-monte-grilla-completa\/#respond"]}]},{"@type":"WebPage","@id":"https:\/\/radioinfinitagoya.com.ar\/v1\/2026\/01\/29\/se-vienen-10-dias-de-festival-alienigena-en-capilla-del-monte-grilla-completa\/","url":"https:\/\/radioinfinitagoya.com.ar\/v1\/2026\/01\/29\/se-vienen-10-dias-de-festival-alienigena-en-capilla-del-monte-grilla-completa\/","name":"Se vienen 10 d\u00edas de Festival Alien\u00edgena en Capilla del Monte: grilla completa - Radio Infinita Goya","isPartOf":{"@id":"https:\/\/radioinfinitagoya.com.ar\/v1\/#website"},"primaryImageOfPage":{"@id":"https:\/\/radioinfinitagoya.com.ar\/v1\/2026\/01\/29\/se-vienen-10-dias-de-festival-alienigena-en-capilla-del-monte-grilla-completa\/#primaryimage"},"image":{"@id":"https:\/\/radioinfinitagoya.com.ar\/v1\/2026\/01\/29\/se-vienen-10-dias-de-festival-alienigena-en-capilla-del-monte-grilla-completa\/#primaryimage"},"thumbnailUrl":"https:\/\/radioinfinitagoya.com.ar\/v1\/wp-content\/uploads\/2026\/01\/0011.jpg","datePublished":"2026-01-29T16:26:52+00:00","description":"La Municipalidad de Capilla del Monte present\u00f3 este martes la grilla completa de la d\u00e9cima edici\u00f3n del Festival Alien\u00edgena, que se llevar\u00e1 a cabo del","breadcrumb":{"@id":"https:\/\/radioinfinitagoya.com.ar\/v1\/2026\/01\/29\/se-vienen-10-dias-de-festival-alienigena-en-capilla-del-monte-grilla-completa\/#breadcrumb"},"inLanguage":"es-AR","potentialAction":[{"@type":"ReadAction","target":["https:\/\/radioinfinitagoya.com.ar\/v1\/2026\/01\/29\/se-vienen-10-dias-de-festival-alienigena-en-capilla-del-monte-grilla-completa\/"]}]},{"@type":"ImageObject","inLanguage":"es-AR","@id":"https:\/\/radioinfinitagoya.com.ar\/v1\/2026\/01\/29\/se-vienen-10-dias-de-festival-alienigena-en-capilla-del-monte-grilla-completa\/#primaryimage","url":"https:\/\/radioinfinitagoya.com.ar\/v1\/wp-content\/uploads\/2026\/01\/0011.jpg","contentUrl":"https:\/\/radioinfinitagoya.com.ar\/v1\/wp-content\/uploads\/2026\/01\/0011.jpg","width":939,"height":578},{"@type":"BreadcrumbList","@id":"https:\/\/radioinfinitagoya.com.ar\/v1\/2026\/01\/29\/se-vienen-10-dias-de-festival-alienigena-en-capilla-del-monte-grilla-completa\/#breadcrumb","itemListElement":[{"@type":"ListItem","position":1,"name":"Inicio","item":"https:\/\/radioinfinitagoya.com.ar\/v1\/"},{"@type":"ListItem","position":2,"name":"Se vienen 10 d\u00edas de Festival Alien\u00edgena en Capilla del Monte: grilla completa"}]},{"@type":"WebSite","@id":"https:\/\/radioinfinitagoya.com.ar\/v1\/#website","url":"https:\/\/radioinfinitagoya.com.ar\/v1\/","name":"radioinfinitagoya.com.ar","description":"Radio de noticias","publisher":{"@id":"https:\/\/radioinfinitagoya.com.ar\/v1\/#organization"},"potentialAction":[{"@type":"SearchAction","target":{"@type":"EntryPoint","urlTemplate":"https:\/\/radioinfinitagoya.com.ar\/v1\/?s={search_term_string}"},"query-input":{"@type":"PropertyValueSpecification","valueRequired":true,"valueName":"search_term_string"}}],"inLanguage":"es-AR"},{"@type":"Organization","@id":"https:\/\/radioinfinitagoya.com.ar\/v1\/#organization","name":"Radio Infinita Goya","url":"https:\/\/radioinfinitagoya.com.ar\/v1\/","logo":{"@type":"ImageObject","inLanguage":"es-AR","@id":"https:\/\/radioinfinitagoya.com.ar\/v1\/#\/schema\/logo\/image\/","url":"https:\/\/radioinfinitagoya.com.ar\/v1\/wp-content\/uploads\/2019\/11\/logo-pie-web.png","contentUrl":"https:\/\/radioinfinitagoya.com.ar\/v1\/wp-content\/uploads\/2019\/11\/logo-pie-web.png","width":635,"height":326,"caption":"Radio Infinita Goya"},"image":{"@id":"https:\/\/radioinfinitagoya.com.ar\/v1\/#\/schema\/logo\/image\/"},"sameAs":["https:\/\/www.facebook.com\/p\/Infinita-Goya-100063870918311\/"]},{"@type":"Person","@id":"https:\/\/radioinfinitagoya.com.ar\/v1\/#\/schema\/person\/d4cf9c413d4f6edb24aabdccab49ca4a","name":"Jorge Mi\u00f1o","image":{"@type":"ImageObject","inLanguage":"es-AR","@id":"https:\/\/secure.gravatar.com\/avatar\/910fcf6728fe95320e07a6643c1581fec1c7fc4bf8ae12e3d8f0d0373dc844be?s=96&d=mm&r=g","url":"https:\/\/secure.gravatar.com\/avatar\/910fcf6728fe95320e07a6643c1581fec1c7fc4bf8ae12e3d8f0d0373dc844be?s=96&d=mm&r=g","contentUrl":"https:\/\/secure.gravatar.com\/avatar\/910fcf6728fe95320e07a6643c1581fec1c7fc4bf8ae12e3d8f0d0373dc844be?s=96&d=mm&r=g","caption":"Jorge Mi\u00f1o"},"sameAs":["http:\/\/radioinfinitagoya.com.ar"]}]}},"_links":{"self":[{"href":"https:\/\/radioinfinitagoya.com.ar\/v1\/wp-json\/wp\/v2\/posts\/203743","targetHints":{"allow":["GET"]}}],"collection":[{"href":"https:\/\/radioinfinitagoya.com.ar\/v1\/wp-json\/wp\/v2\/posts"}],"about":[{"href":"https:\/\/radioinfinitagoya.com.ar\/v1\/wp-json\/wp\/v2\/types\/post"}],"author":[{"embeddable":true,"href":"https:\/\/radioinfinitagoya.com.ar\/v1\/wp-json\/wp\/v2\/users\/4"}],"replies":[{"embeddable":true,"href":"https:\/\/radioinfinitagoya.com.ar\/v1\/wp-json\/wp\/v2\/comments?post=203743"}],"version-history":[{"count":0,"href":"https:\/\/radioinfinitagoya.com.ar\/v1\/wp-json\/wp\/v2\/posts\/203743\/revisions"}],"wp:featuredmedia":[{"embeddable":true,"href":"https:\/\/radioinfinitagoya.com.ar\/v1\/wp-json\/wp\/v2\/media\/203744"}],"wp:attachment":[{"href":"https:\/\/radioinfinitagoya.com.ar\/v1\/wp-json\/wp\/v2\/media?parent=203743"}],"wp:term":[{"taxonomy":"category","embeddable":true,"href":"https:\/\/radioinfinitagoya.com.ar\/v1\/wp-json\/wp\/v2\/categories?post=203743"},{"taxonomy":"post_tag","embeddable":true,"href":"https:\/\/radioinfinitagoya.com.ar\/v1\/wp-json\/wp\/v2\/tags?post=203743"}],"curies":[{"name":"wp","href":"https:\/\/api.w.org\/{rel}","templated":true}]}}