{"id":203768,"date":"2026-01-29T14:10:18","date_gmt":"2026-01-29T17:10:18","guid":{"rendered":"https:\/\/radioinfinitagoya.com.ar\/v1\/?p=203768"},"modified":"2026-01-29T14:10:18","modified_gmt":"2026-01-29T17:10:18","slug":"carnavales-goyanos-2026-50-anos-de-tropical","status":"publish","type":"post","link":"https:\/\/radioinfinitagoya.com.ar\/v1\/2026\/01\/29\/carnavales-goyanos-2026-50-anos-de-tropical\/","title":{"rendered":"Carnavales Goyanos 2026: 50 a\u00f1os de Tropical"},"content":{"rendered":"<p>Marcha de la comparsa creado por Diego Rinaldi<\/p>\n<p>El profesional, m\u00fasico reconocido no solo de la Murga, sino tambi\u00e9n con recorrido en los carnavales de Corrientes, Diego Rinaldi, invitado en los 50 a\u00f1os de Tropical para poner su musa inspiradora para crear la marcha, el himno y que cante con la banda en las lunas carnavaleras, en contacto con el equipo period\u00edstico transmite sus sensaciones emotivas sobre esta participaci\u00f3n.<\/p>\n<p>\u201cMe siento orgulloso como goyano por lo que mostramos a la provincia, es un honor poder aportar mi granito de arena a los carnavales de mi ciudad\u201d Asegur\u00f3 el m\u00fasico.<\/p>\n<p>UNA GRAN EMOCI\u00d3N COMPARADA CON UN TSUNAMI<\/p>\n<p>\u201cPara m\u00ed es un tsunami de pasiones, describir\u00eda esta convocatoria, primero me pidieron que haga la marcha, despu\u00e9s tem\u00e1tico, para finalizar con la solicitud de dos canciones significativas para m\u00ed, una es la canci\u00f3n de \u201cCoqui\u201d Correa, y la otra \u201cOlor a Rio\u201d; escribe sobre la nostalgia de quien se va de la ciudad en este caso a estudiar, que describe todo esto concluyendo con \u201cCosta del Sol\u201d, la frase final es arena, barro, costa del sol, haciendo referencia a la inundaci\u00f3n de 1983; para armar la defensa se volc\u00f3 arena, y nosotros ven\u00edamos a jugar con \u201clos amigos del barrio\u201d, en bicicleta en el terrapl\u00e9n, -memoro el m\u00fasico- para convertirse en un balneario con ese nombre Costa del Sol.\u201d<\/p>\n<p>UN REPASO DE LA HISTORIA<\/p>\n<p>El m\u00fasico consider\u00f3 en sus apreciaciones: \u201cLo reviv\u00ed por 10 mil al subirme al carro y significa mucho, repasando la historia, cuando observaba en calle Colon, con admiraci\u00f3n a esa bater\u00eda de Tropical, tratando de imitar con las \u201clatas de dulce de batata\u201d<\/p>\n<p>\u201cEstoy fascinado, -sostuvo con gran alegr\u00eda- la gente responde, no debemos envidiar a ninguna localidad de la provincia, siempre hemos sido un carnaval artesanal de silleta, ahora muestra el crecimiento, con las tribunas, se dio una vuelta de rosca, las comparsas trabajan mejor profesionalizando t\u00e9cnica, vestuario, estoy feliz de la invitaci\u00f3n, el a\u00f1o pasado estuve con Imperio Bahiano, no dude en venir porque para un goyano no hay nada mejor que volver a casa.\u201d<\/p>\n<p>DE ZINGARELLA A LOS CORSOS OFICIALES CON EL SOL CARNAVALERA DE 50 A\u00d1OS<\/p>\n<p>En el final de la entrevista Diego Rinaldi, recorri\u00f3 su itinerario carnavalero: \u201cLa primera y \u00fanica vez que baile fue con Zingarella, sin saber bailar en la Avenida Madariaga, lo vivido ahora es otra cosa una ciudad que ofrece carnaval, que quiere vender el producto, Tropical es pueblo, se nota en la devoluci\u00f3n de la gente, con la marcha, con los tem\u00e1ticos, es algo fabuloso, vamos por buen camino me siento orgulloso esto que mostramos a toda la provincia de Corrientes, siempre que pueda aportar un granito de arena es un honor para m\u00ed.\u201d<\/p>\n<p>Direcci\u00f3n de Prensa-Municipalidad de Goya<\/p>\n","protected":false},"excerpt":{"rendered":"<p>Marcha de la comparsa creado por Diego Rinaldi El profesional, m\u00fasico reconocido no solo de la Murga, sino tambi\u00e9n con recorrido en los carnavales de Corrientes, Diego Rinaldi, invitado en los 50 a\u00f1os de Tropical para poner su musa inspiradora para crear la marcha, el himno y que cante con la banda en las lunas [&hellip;]<\/p>\n","protected":false},"author":4,"featured_media":203769,"comment_status":"open","ping_status":"open","sticky":false,"template":"","format":"standard","meta":{"_joinchat":[],"footnotes":""},"categories":[27],"tags":[],"class_list":{"0":"post-203768","1":"post","2":"type-post","3":"status-publish","4":"format-standard","5":"has-post-thumbnail","7":"category-locales"},"yoast_head":"<!-- This site is optimized with the Yoast SEO plugin v27.2 - https:\/\/yoast.com\/product\/yoast-seo-wordpress\/ -->\n<title>Carnavales Goyanos 2026: 50 a\u00f1os de Tropical - Radio Infinita Goya<\/title>\n<meta name=\"description\" content=\"Marcha de la comparsa creado por Diego Rinaldi El profesional, m\u00fasico reconocido no solo de la Murga, sino tambi\u00e9n con recorrido en los carnavales de\" \/>\n<meta name=\"robots\" content=\"index, follow, max-snippet:-1, max-image-preview:large, max-video-preview:-1\" \/>\n<link rel=\"canonical\" href=\"https:\/\/radioinfinitagoya.com.ar\/v1\/2026\/01\/29\/carnavales-goyanos-2026-50-anos-de-tropical\/\" \/>\n<meta property=\"og:locale\" content=\"es_ES\" \/>\n<meta property=\"og:type\" content=\"article\" \/>\n<meta property=\"og:title\" content=\"Carnavales Goyanos 2026: 50 a\u00f1os de Tropical - Radio Infinita Goya\" \/>\n<meta property=\"og:description\" content=\"Marcha de la comparsa creado por Diego Rinaldi El profesional, m\u00fasico reconocido no solo de la Murga, sino tambi\u00e9n con recorrido en los carnavales de\" \/>\n<meta property=\"og:url\" content=\"https:\/\/radioinfinitagoya.com.ar\/v1\/2026\/01\/29\/carnavales-goyanos-2026-50-anos-de-tropical\/\" \/>\n<meta property=\"og:site_name\" content=\"Radio Infinita Goya\" \/>\n<meta property=\"article:publisher\" content=\"https:\/\/www.facebook.com\/p\/Infinita-Goya-100063870918311\/\" \/>\n<meta property=\"article:published_time\" content=\"2026-01-29T17:10:18+00:00\" \/>\n<meta property=\"og:image\" content=\"https:\/\/radioinfinitagoya.com.ar\/v1\/wp-content\/uploads\/2026\/01\/carnaval_goyano_tropical_diego_rinaldi_ilustrac.jpg\" \/>\n\t<meta property=\"og:image:width\" content=\"848\" \/>\n\t<meta property=\"og:image:height\" content=\"477\" \/>\n\t<meta property=\"og:image:type\" content=\"image\/jpeg\" \/>\n<meta name=\"author\" content=\"Jorge Mi\u00f1o\" \/>\n<meta name=\"twitter:card\" content=\"summary_large_image\" \/>\n<meta name=\"twitter:label1\" content=\"Escrito por\" \/>\n\t<meta name=\"twitter:data1\" content=\"Jorge Mi\u00f1o\" \/>\n\t<meta name=\"twitter:label2\" content=\"Tiempo de lectura\" \/>\n\t<meta name=\"twitter:data2\" content=\"2 minutos\" \/>\n<script type=\"application\/ld+json\" class=\"yoast-schema-graph\">{\"@context\":\"https:\/\/schema.org\",\"@graph\":[{\"@type\":\"Article\",\"@id\":\"https:\/\/radioinfinitagoya.com.ar\/v1\/2026\/01\/29\/carnavales-goyanos-2026-50-anos-de-tropical\/#article\",\"isPartOf\":{\"@id\":\"https:\/\/radioinfinitagoya.com.ar\/v1\/2026\/01\/29\/carnavales-goyanos-2026-50-anos-de-tropical\/\"},\"author\":{\"name\":\"Jorge Mi\u00f1o\",\"@id\":\"https:\/\/radioinfinitagoya.com.ar\/v1\/#\/schema\/person\/d4cf9c413d4f6edb24aabdccab49ca4a\"},\"headline\":\"Carnavales Goyanos 2026: 50 a\u00f1os de Tropical\",\"datePublished\":\"2026-01-29T17:10:18+00:00\",\"mainEntityOfPage\":{\"@id\":\"https:\/\/radioinfinitagoya.com.ar\/v1\/2026\/01\/29\/carnavales-goyanos-2026-50-anos-de-tropical\/\"},\"wordCount\":488,\"commentCount\":0,\"publisher\":{\"@id\":\"https:\/\/radioinfinitagoya.com.ar\/v1\/#organization\"},\"image\":{\"@id\":\"https:\/\/radioinfinitagoya.com.ar\/v1\/2026\/01\/29\/carnavales-goyanos-2026-50-anos-de-tropical\/#primaryimage\"},\"thumbnailUrl\":\"https:\/\/radioinfinitagoya.com.ar\/v1\/wp-content\/uploads\/2026\/01\/carnaval_goyano_tropical_diego_rinaldi_ilustrac.jpg\",\"articleSection\":[\"LOCALES\"],\"inLanguage\":\"es-AR\",\"potentialAction\":[{\"@type\":\"CommentAction\",\"name\":\"Comment\",\"target\":[\"https:\/\/radioinfinitagoya.com.ar\/v1\/2026\/01\/29\/carnavales-goyanos-2026-50-anos-de-tropical\/#respond\"]}]},{\"@type\":\"WebPage\",\"@id\":\"https:\/\/radioinfinitagoya.com.ar\/v1\/2026\/01\/29\/carnavales-goyanos-2026-50-anos-de-tropical\/\",\"url\":\"https:\/\/radioinfinitagoya.com.ar\/v1\/2026\/01\/29\/carnavales-goyanos-2026-50-anos-de-tropical\/\",\"name\":\"Carnavales Goyanos 2026: 50 a\u00f1os de Tropical - Radio Infinita Goya\",\"isPartOf\":{\"@id\":\"https:\/\/radioinfinitagoya.com.ar\/v1\/#website\"},\"primaryImageOfPage\":{\"@id\":\"https:\/\/radioinfinitagoya.com.ar\/v1\/2026\/01\/29\/carnavales-goyanos-2026-50-anos-de-tropical\/#primaryimage\"},\"image\":{\"@id\":\"https:\/\/radioinfinitagoya.com.ar\/v1\/2026\/01\/29\/carnavales-goyanos-2026-50-anos-de-tropical\/#primaryimage\"},\"thumbnailUrl\":\"https:\/\/radioinfinitagoya.com.ar\/v1\/wp-content\/uploads\/2026\/01\/carnaval_goyano_tropical_diego_rinaldi_ilustrac.jpg\",\"datePublished\":\"2026-01-29T17:10:18+00:00\",\"description\":\"Marcha de la comparsa creado por Diego Rinaldi El profesional, m\u00fasico reconocido no solo de la Murga, sino tambi\u00e9n con recorrido en los carnavales de\",\"breadcrumb\":{\"@id\":\"https:\/\/radioinfinitagoya.com.ar\/v1\/2026\/01\/29\/carnavales-goyanos-2026-50-anos-de-tropical\/#breadcrumb\"},\"inLanguage\":\"es-AR\",\"potentialAction\":[{\"@type\":\"ReadAction\",\"target\":[\"https:\/\/radioinfinitagoya.com.ar\/v1\/2026\/01\/29\/carnavales-goyanos-2026-50-anos-de-tropical\/\"]}]},{\"@type\":\"ImageObject\",\"inLanguage\":\"es-AR\",\"@id\":\"https:\/\/radioinfinitagoya.com.ar\/v1\/2026\/01\/29\/carnavales-goyanos-2026-50-anos-de-tropical\/#primaryimage\",\"url\":\"https:\/\/radioinfinitagoya.com.ar\/v1\/wp-content\/uploads\/2026\/01\/carnaval_goyano_tropical_diego_rinaldi_ilustrac.jpg\",\"contentUrl\":\"https:\/\/radioinfinitagoya.com.ar\/v1\/wp-content\/uploads\/2026\/01\/carnaval_goyano_tropical_diego_rinaldi_ilustrac.jpg\",\"width\":848,\"height\":477},{\"@type\":\"BreadcrumbList\",\"@id\":\"https:\/\/radioinfinitagoya.com.ar\/v1\/2026\/01\/29\/carnavales-goyanos-2026-50-anos-de-tropical\/#breadcrumb\",\"itemListElement\":[{\"@type\":\"ListItem\",\"position\":1,\"name\":\"Inicio\",\"item\":\"https:\/\/radioinfinitagoya.com.ar\/v1\/\"},{\"@type\":\"ListItem\",\"position\":2,\"name\":\"Carnavales Goyanos 2026: 50 a\u00f1os de Tropical\"}]},{\"@type\":\"WebSite\",\"@id\":\"https:\/\/radioinfinitagoya.com.ar\/v1\/#website\",\"url\":\"https:\/\/radioinfinitagoya.com.ar\/v1\/\",\"name\":\"radioinfinitagoya.com.ar\",\"description\":\"Radio de noticias\",\"publisher\":{\"@id\":\"https:\/\/radioinfinitagoya.com.ar\/v1\/#organization\"},\"potentialAction\":[{\"@type\":\"SearchAction\",\"target\":{\"@type\":\"EntryPoint\",\"urlTemplate\":\"https:\/\/radioinfinitagoya.com.ar\/v1\/?s={search_term_string}\"},\"query-input\":{\"@type\":\"PropertyValueSpecification\",\"valueRequired\":true,\"valueName\":\"search_term_string\"}}],\"inLanguage\":\"es-AR\"},{\"@type\":\"Organization\",\"@id\":\"https:\/\/radioinfinitagoya.com.ar\/v1\/#organization\",\"name\":\"Radio Infinita Goya\",\"url\":\"https:\/\/radioinfinitagoya.com.ar\/v1\/\",\"logo\":{\"@type\":\"ImageObject\",\"inLanguage\":\"es-AR\",\"@id\":\"https:\/\/radioinfinitagoya.com.ar\/v1\/#\/schema\/logo\/image\/\",\"url\":\"https:\/\/radioinfinitagoya.com.ar\/v1\/wp-content\/uploads\/2019\/11\/logo-pie-web.png\",\"contentUrl\":\"https:\/\/radioinfinitagoya.com.ar\/v1\/wp-content\/uploads\/2019\/11\/logo-pie-web.png\",\"width\":635,\"height\":326,\"caption\":\"Radio Infinita Goya\"},\"image\":{\"@id\":\"https:\/\/radioinfinitagoya.com.ar\/v1\/#\/schema\/logo\/image\/\"},\"sameAs\":[\"https:\/\/www.facebook.com\/p\/Infinita-Goya-100063870918311\/\"]},{\"@type\":\"Person\",\"@id\":\"https:\/\/radioinfinitagoya.com.ar\/v1\/#\/schema\/person\/d4cf9c413d4f6edb24aabdccab49ca4a\",\"name\":\"Jorge Mi\u00f1o\",\"image\":{\"@type\":\"ImageObject\",\"inLanguage\":\"es-AR\",\"@id\":\"https:\/\/secure.gravatar.com\/avatar\/910fcf6728fe95320e07a6643c1581fec1c7fc4bf8ae12e3d8f0d0373dc844be?s=96&d=mm&r=g\",\"url\":\"https:\/\/secure.gravatar.com\/avatar\/910fcf6728fe95320e07a6643c1581fec1c7fc4bf8ae12e3d8f0d0373dc844be?s=96&d=mm&r=g\",\"contentUrl\":\"https:\/\/secure.gravatar.com\/avatar\/910fcf6728fe95320e07a6643c1581fec1c7fc4bf8ae12e3d8f0d0373dc844be?s=96&d=mm&r=g\",\"caption\":\"Jorge Mi\u00f1o\"},\"sameAs\":[\"http:\/\/radioinfinitagoya.com.ar\"]}]}<\/script>\n<!-- \/ Yoast SEO plugin. -->","yoast_head_json":{"title":"Carnavales Goyanos 2026: 50 a\u00f1os de Tropical - Radio Infinita Goya","description":"Marcha de la comparsa creado por Diego Rinaldi El profesional, m\u00fasico reconocido no solo de la Murga, sino tambi\u00e9n con recorrido en los carnavales de","robots":{"index":"index","follow":"follow","max-snippet":"max-snippet:-1","max-image-preview":"max-image-preview:large","max-video-preview":"max-video-preview:-1"},"canonical":"https:\/\/radioinfinitagoya.com.ar\/v1\/2026\/01\/29\/carnavales-goyanos-2026-50-anos-de-tropical\/","og_locale":"es_ES","og_type":"article","og_title":"Carnavales Goyanos 2026: 50 a\u00f1os de Tropical - Radio Infinita Goya","og_description":"Marcha de la comparsa creado por Diego Rinaldi El profesional, m\u00fasico reconocido no solo de la Murga, sino tambi\u00e9n con recorrido en los carnavales de","og_url":"https:\/\/radioinfinitagoya.com.ar\/v1\/2026\/01\/29\/carnavales-goyanos-2026-50-anos-de-tropical\/","og_site_name":"Radio Infinita Goya","article_publisher":"https:\/\/www.facebook.com\/p\/Infinita-Goya-100063870918311\/","article_published_time":"2026-01-29T17:10:18+00:00","og_image":[{"width":848,"height":477,"url":"https:\/\/radioinfinitagoya.com.ar\/v1\/wp-content\/uploads\/2026\/01\/carnaval_goyano_tropical_diego_rinaldi_ilustrac.jpg","type":"image\/jpeg"}],"author":"Jorge Mi\u00f1o","twitter_card":"summary_large_image","twitter_misc":{"Escrito por":"Jorge Mi\u00f1o","Tiempo de lectura":"2 minutos"},"schema":{"@context":"https:\/\/schema.org","@graph":[{"@type":"Article","@id":"https:\/\/radioinfinitagoya.com.ar\/v1\/2026\/01\/29\/carnavales-goyanos-2026-50-anos-de-tropical\/#article","isPartOf":{"@id":"https:\/\/radioinfinitagoya.com.ar\/v1\/2026\/01\/29\/carnavales-goyanos-2026-50-anos-de-tropical\/"},"author":{"name":"Jorge Mi\u00f1o","@id":"https:\/\/radioinfinitagoya.com.ar\/v1\/#\/schema\/person\/d4cf9c413d4f6edb24aabdccab49ca4a"},"headline":"Carnavales Goyanos 2026: 50 a\u00f1os de Tropical","datePublished":"2026-01-29T17:10:18+00:00","mainEntityOfPage":{"@id":"https:\/\/radioinfinitagoya.com.ar\/v1\/2026\/01\/29\/carnavales-goyanos-2026-50-anos-de-tropical\/"},"wordCount":488,"commentCount":0,"publisher":{"@id":"https:\/\/radioinfinitagoya.com.ar\/v1\/#organization"},"image":{"@id":"https:\/\/radioinfinitagoya.com.ar\/v1\/2026\/01\/29\/carnavales-goyanos-2026-50-anos-de-tropical\/#primaryimage"},"thumbnailUrl":"https:\/\/radioinfinitagoya.com.ar\/v1\/wp-content\/uploads\/2026\/01\/carnaval_goyano_tropical_diego_rinaldi_ilustrac.jpg","articleSection":["LOCALES"],"inLanguage":"es-AR","potentialAction":[{"@type":"CommentAction","name":"Comment","target":["https:\/\/radioinfinitagoya.com.ar\/v1\/2026\/01\/29\/carnavales-goyanos-2026-50-anos-de-tropical\/#respond"]}]},{"@type":"WebPage","@id":"https:\/\/radioinfinitagoya.com.ar\/v1\/2026\/01\/29\/carnavales-goyanos-2026-50-anos-de-tropical\/","url":"https:\/\/radioinfinitagoya.com.ar\/v1\/2026\/01\/29\/carnavales-goyanos-2026-50-anos-de-tropical\/","name":"Carnavales Goyanos 2026: 50 a\u00f1os de Tropical - Radio Infinita Goya","isPartOf":{"@id":"https:\/\/radioinfinitagoya.com.ar\/v1\/#website"},"primaryImageOfPage":{"@id":"https:\/\/radioinfinitagoya.com.ar\/v1\/2026\/01\/29\/carnavales-goyanos-2026-50-anos-de-tropical\/#primaryimage"},"image":{"@id":"https:\/\/radioinfinitagoya.com.ar\/v1\/2026\/01\/29\/carnavales-goyanos-2026-50-anos-de-tropical\/#primaryimage"},"thumbnailUrl":"https:\/\/radioinfinitagoya.com.ar\/v1\/wp-content\/uploads\/2026\/01\/carnaval_goyano_tropical_diego_rinaldi_ilustrac.jpg","datePublished":"2026-01-29T17:10:18+00:00","description":"Marcha de la comparsa creado por Diego Rinaldi El profesional, m\u00fasico reconocido no solo de la Murga, sino tambi\u00e9n con recorrido en los carnavales de","breadcrumb":{"@id":"https:\/\/radioinfinitagoya.com.ar\/v1\/2026\/01\/29\/carnavales-goyanos-2026-50-anos-de-tropical\/#breadcrumb"},"inLanguage":"es-AR","potentialAction":[{"@type":"ReadAction","target":["https:\/\/radioinfinitagoya.com.ar\/v1\/2026\/01\/29\/carnavales-goyanos-2026-50-anos-de-tropical\/"]}]},{"@type":"ImageObject","inLanguage":"es-AR","@id":"https:\/\/radioinfinitagoya.com.ar\/v1\/2026\/01\/29\/carnavales-goyanos-2026-50-anos-de-tropical\/#primaryimage","url":"https:\/\/radioinfinitagoya.com.ar\/v1\/wp-content\/uploads\/2026\/01\/carnaval_goyano_tropical_diego_rinaldi_ilustrac.jpg","contentUrl":"https:\/\/radioinfinitagoya.com.ar\/v1\/wp-content\/uploads\/2026\/01\/carnaval_goyano_tropical_diego_rinaldi_ilustrac.jpg","width":848,"height":477},{"@type":"BreadcrumbList","@id":"https:\/\/radioinfinitagoya.com.ar\/v1\/2026\/01\/29\/carnavales-goyanos-2026-50-anos-de-tropical\/#breadcrumb","itemListElement":[{"@type":"ListItem","position":1,"name":"Inicio","item":"https:\/\/radioinfinitagoya.com.ar\/v1\/"},{"@type":"ListItem","position":2,"name":"Carnavales Goyanos 2026: 50 a\u00f1os de Tropical"}]},{"@type":"WebSite","@id":"https:\/\/radioinfinitagoya.com.ar\/v1\/#website","url":"https:\/\/radioinfinitagoya.com.ar\/v1\/","name":"radioinfinitagoya.com.ar","description":"Radio de noticias","publisher":{"@id":"https:\/\/radioinfinitagoya.com.ar\/v1\/#organization"},"potentialAction":[{"@type":"SearchAction","target":{"@type":"EntryPoint","urlTemplate":"https:\/\/radioinfinitagoya.com.ar\/v1\/?s={search_term_string}"},"query-input":{"@type":"PropertyValueSpecification","valueRequired":true,"valueName":"search_term_string"}}],"inLanguage":"es-AR"},{"@type":"Organization","@id":"https:\/\/radioinfinitagoya.com.ar\/v1\/#organization","name":"Radio Infinita Goya","url":"https:\/\/radioinfinitagoya.com.ar\/v1\/","logo":{"@type":"ImageObject","inLanguage":"es-AR","@id":"https:\/\/radioinfinitagoya.com.ar\/v1\/#\/schema\/logo\/image\/","url":"https:\/\/radioinfinitagoya.com.ar\/v1\/wp-content\/uploads\/2019\/11\/logo-pie-web.png","contentUrl":"https:\/\/radioinfinitagoya.com.ar\/v1\/wp-content\/uploads\/2019\/11\/logo-pie-web.png","width":635,"height":326,"caption":"Radio Infinita Goya"},"image":{"@id":"https:\/\/radioinfinitagoya.com.ar\/v1\/#\/schema\/logo\/image\/"},"sameAs":["https:\/\/www.facebook.com\/p\/Infinita-Goya-100063870918311\/"]},{"@type":"Person","@id":"https:\/\/radioinfinitagoya.com.ar\/v1\/#\/schema\/person\/d4cf9c413d4f6edb24aabdccab49ca4a","name":"Jorge Mi\u00f1o","image":{"@type":"ImageObject","inLanguage":"es-AR","@id":"https:\/\/secure.gravatar.com\/avatar\/910fcf6728fe95320e07a6643c1581fec1c7fc4bf8ae12e3d8f0d0373dc844be?s=96&d=mm&r=g","url":"https:\/\/secure.gravatar.com\/avatar\/910fcf6728fe95320e07a6643c1581fec1c7fc4bf8ae12e3d8f0d0373dc844be?s=96&d=mm&r=g","contentUrl":"https:\/\/secure.gravatar.com\/avatar\/910fcf6728fe95320e07a6643c1581fec1c7fc4bf8ae12e3d8f0d0373dc844be?s=96&d=mm&r=g","caption":"Jorge Mi\u00f1o"},"sameAs":["http:\/\/radioinfinitagoya.com.ar"]}]}},"_links":{"self":[{"href":"https:\/\/radioinfinitagoya.com.ar\/v1\/wp-json\/wp\/v2\/posts\/203768","targetHints":{"allow":["GET"]}}],"collection":[{"href":"https:\/\/radioinfinitagoya.com.ar\/v1\/wp-json\/wp\/v2\/posts"}],"about":[{"href":"https:\/\/radioinfinitagoya.com.ar\/v1\/wp-json\/wp\/v2\/types\/post"}],"author":[{"embeddable":true,"href":"https:\/\/radioinfinitagoya.com.ar\/v1\/wp-json\/wp\/v2\/users\/4"}],"replies":[{"embeddable":true,"href":"https:\/\/radioinfinitagoya.com.ar\/v1\/wp-json\/wp\/v2\/comments?post=203768"}],"version-history":[{"count":0,"href":"https:\/\/radioinfinitagoya.com.ar\/v1\/wp-json\/wp\/v2\/posts\/203768\/revisions"}],"wp:featuredmedia":[{"embeddable":true,"href":"https:\/\/radioinfinitagoya.com.ar\/v1\/wp-json\/wp\/v2\/media\/203769"}],"wp:attachment":[{"href":"https:\/\/radioinfinitagoya.com.ar\/v1\/wp-json\/wp\/v2\/media?parent=203768"}],"wp:term":[{"taxonomy":"category","embeddable":true,"href":"https:\/\/radioinfinitagoya.com.ar\/v1\/wp-json\/wp\/v2\/categories?post=203768"},{"taxonomy":"post_tag","embeddable":true,"href":"https:\/\/radioinfinitagoya.com.ar\/v1\/wp-json\/wp\/v2\/tags?post=203768"}],"curies":[{"name":"wp","href":"https:\/\/api.w.org\/{rel}","templated":true}]}}