{"id":203771,"date":"2026-01-29T14:21:38","date_gmt":"2026-01-29T17:21:38","guid":{"rendered":"https:\/\/radioinfinitagoya.com.ar\/v1\/?p=203771"},"modified":"2026-01-29T14:21:38","modified_gmt":"2026-01-29T17:21:38","slug":"sesiones-extraordinarias-el-gobierno-define-los-temas-que-quiere-tratar-en-el-congreso","status":"publish","type":"post","link":"https:\/\/radioinfinitagoya.com.ar\/v1\/2026\/01\/29\/sesiones-extraordinarias-el-gobierno-define-los-temas-que-quiere-tratar-en-el-congreso\/","title":{"rendered":"Sesiones Extraordinarias: el Gobierno define los temas que quiere tratar en el Congreso"},"content":{"rendered":"<p>El encuentro, encabezado por el jefe de Gabinete, Manuel Adorni, pretende definir el eje de las extraordinarias de febrero.<\/p>\n<p>La mesa pol\u00edtica del Gobierno volver\u00e1 a reunirse este jueves a las 12 con el objetivo de cerrar la agenda legislativa que el oficialismo impulsar\u00e1 durante las sesiones extraordinarias previstas para febrero. El encuentro estar\u00e1 encabezado por el jefe de Gabinete, Manuel Adorni.<\/p>\n<p>Seg\u00fan trascendi\u00f3, la reuni\u00f3n fue adelantada, ya que inicialmente estaba prevista para la semana pr\u00f3xima. El presidente de la C\u00e1mara de Diputados, Mart\u00edn Menem, participar\u00e1 de manera virtual. La mesa pol\u00edtica est\u00e1 compuesta adem\u00e1s por la secretaria general de la Presidencia, Karina Milei; el ministro del Interior, Diego Santilli; el ministro de Econom\u00eda, Luis Caputo; el asesor presidencial Santiago Caputo y la senadora Patricia Bullrich.<\/p>\n<p>En un encuentro previo realizado a comienzos de esta semana, el oficialismo hab\u00eda definido que el eje de las extraordinarias estuviera puesto en la reforma laboral y en los cambios a la Ley Penal Juvenil, con la intenci\u00f3n de avanzar en una baja de la edad de imputabilidad.<\/p>\n<p>En tanto, Bullrich re\u00fani\u00f3 este mi\u00e9rcoles a los titulares de las bancadas dialoguistas. Seg\u00fan pudo saber TN, la reuni\u00f3n fue con los presidentes de bloques que representan a los 44 senadores no kirchneristas.<\/p>\n<p>El PRO no pudo participar, pero hizo llegar sus inquietudes, se\u00f1alaron desde el bloque a TN. Seg\u00fan pudo saber este medio, quedaron en hacer una nueva reuni\u00f3n el martes a las 15.<\/p>\n<p>Una vez finalizada la reuni\u00f3n, Bullrich asegur\u00f3 que \u201cest\u00e1 consolidado\u201d el acuerdo con los bloques dialoguistas sobre la reforma laboral, aunque reconoci\u00f3 reclamos de algunos senadores. Adem\u00e1s, agreg\u00f3 que hubo un di\u00e1logo \u201cmuy abierto con los bloques, con los que hemos reunido 44 voluntades, y estamos trabajando en los detalles\u201d.<\/p>\n<p>Tambi\u00e9n podr\u00eda ser parte del temario la modificaci\u00f3n de la Ley de Glaciares; y en los \u00faltimos d\u00edas gan\u00f3 terreno la Emergencia \u00cdgnea en la Patagonia. Bullrich adelant\u00f3 este mi\u00e9rcoles que podr\u00eda incluirse en el debate del Congreso la discusi\u00f3n por los incendios en el sur del pa\u00eds.<\/p>\n<p>Este proyecto pedido por los mandatarios podr\u00eda ser moneda de cambio para los votos que necesita el Ejecutivo para aprobar la reforma laboral.<\/p>\n<p>El Congreso ya cuenta con varias propuestas de diferentes sectores pol\u00edticos que expresaron su preocupaci\u00f3n por la situaci\u00f3n de cat\u00e1strofe en la Patagonia, pero en las \u00faltimas horas, uno de los aliados fundamentales del Gobierno, el PRO sali\u00f3 a respaldar el reclamo de los mandatarios provinciales.<\/p>\n<p>\u201cApoyo el pedido de Nacho Torres y de los gobernadores patag\u00f3nicos para que, en las sesiones extraordinarias, se sancione la Ley de Emergencia \u00cdgnea, que permitir\u00e1 coordinar los esfuerzos provinciales con el Estado nacional\u201d, dijo el expresidente y jefe del partido amarillo, Mauricio Macri.<\/p>\n<p>En esa misma l\u00ednea, Macri insisti\u00f3: \u201cEn estos incendios ya se perdieron m\u00e1s de 230.000 hect\u00e1reas de patrimonio natural. La regi\u00f3n se encuentra en una condici\u00f3n clim\u00e1tica cr\u00edtica, con la sequ\u00eda m\u00e1s prolongada desde 1965. Se necesitan m\u00e1s recursos y herramientas para combatir el fuego y proteger la vida y las propiedades de los argentinos\u201d.<\/p>\n<p>El pedido de Chubut<br \/>\nEl gobernador Torres pidi\u00f3 que el Congreso, en sesiones extraordinarias, incorpore la figura de ecocidio al C\u00f3digo Penal e imponga penas severas para quienes provoquen incendios forestales de manera intencional.<\/p>\n<p>El planteo es el respaldo al proyecto de ley ya presentado en el Senado por la legisladora Edith Terenzi (Despierta Chubut) y apunta a que las sanciones reflejen el da\u00f1o ambiental causado.<\/p>\n<p>Terenzi present\u00f3 la iniciativa en octubre y el objetivo es tipificar el ecocidio y las formas especiales de criminalidad ambiental para su incorporaci\u00f3n de modo sist\u00e9mico al C\u00f3digo Penal de la Naci\u00f3n.<\/p>\n<p>La legisladora explic\u00f3 que el \u201cecocidio es el da\u00f1o irreversible o especialmente grave provocado sobre el ambiente en violaci\u00f3n de las normas de presupuestos m\u00ednimos de protecci\u00f3n ambiental y sus reglamentaciones nacionales y provinciales, de manera que comprometa los derechos de las generaciones actuales y futuras\u201d.<\/p>\n<p>&nbsp;<\/p>\n","protected":false},"excerpt":{"rendered":"<p>El encuentro, encabezado por el jefe de Gabinete, Manuel Adorni, pretende definir el eje de las extraordinarias de febrero. La mesa pol\u00edtica del Gobierno volver\u00e1 a reunirse este jueves a las 12 con el objetivo de cerrar la agenda legislativa que el oficialismo impulsar\u00e1 durante las sesiones extraordinarias previstas para febrero. El encuentro estar\u00e1 encabezado [&hellip;]<\/p>\n","protected":false},"author":4,"featured_media":203772,"comment_status":"open","ping_status":"open","sticky":false,"template":"","format":"standard","meta":{"_joinchat":[],"footnotes":""},"categories":[29],"tags":[],"class_list":{"0":"post-203771","1":"post","2":"type-post","3":"status-publish","4":"format-standard","5":"has-post-thumbnail","7":"category-nacionales"},"yoast_head":"<!-- This site is optimized with the Yoast SEO plugin v27.2 - https:\/\/yoast.com\/product\/yoast-seo-wordpress\/ -->\n<title>Sesiones Extraordinarias: el Gobierno define los temas que quiere tratar en el Congreso - Radio Infinita Goya<\/title>\n<meta name=\"description\" content=\"El encuentro, encabezado por el jefe de Gabinete, Manuel Adorni, pretende definir el eje de las extraordinarias de febrero. La mesa pol\u00edtica del Gobierno\" \/>\n<meta name=\"robots\" content=\"index, follow, max-snippet:-1, max-image-preview:large, max-video-preview:-1\" \/>\n<link rel=\"canonical\" href=\"https:\/\/radioinfinitagoya.com.ar\/v1\/2026\/01\/29\/sesiones-extraordinarias-el-gobierno-define-los-temas-que-quiere-tratar-en-el-congreso\/\" \/>\n<meta property=\"og:locale\" content=\"es_ES\" \/>\n<meta property=\"og:type\" content=\"article\" \/>\n<meta property=\"og:title\" content=\"Sesiones Extraordinarias: el Gobierno define los temas que quiere tratar en el Congreso - Radio Infinita Goya\" \/>\n<meta property=\"og:description\" content=\"El encuentro, encabezado por el jefe de Gabinete, Manuel Adorni, pretende definir el eje de las extraordinarias de febrero. La mesa pol\u00edtica del Gobierno\" \/>\n<meta property=\"og:url\" content=\"https:\/\/radioinfinitagoya.com.ar\/v1\/2026\/01\/29\/sesiones-extraordinarias-el-gobierno-define-los-temas-que-quiere-tratar-en-el-congreso\/\" \/>\n<meta property=\"og:site_name\" content=\"Radio Infinita Goya\" \/>\n<meta property=\"article:publisher\" content=\"https:\/\/www.facebook.com\/p\/Infinita-Goya-100063870918311\/\" \/>\n<meta property=\"article:published_time\" content=\"2026-01-29T17:21:38+00:00\" \/>\n<meta property=\"og:image\" content=\"https:\/\/radioinfinitagoya.com.ar\/v1\/wp-content\/uploads\/2026\/01\/457080d1-3d41-46aa-8612-bf144451c348.jpg\" \/>\n\t<meta property=\"og:image:width\" content=\"919\" \/>\n\t<meta property=\"og:image:height\" content=\"511\" \/>\n\t<meta property=\"og:image:type\" content=\"image\/jpeg\" \/>\n<meta name=\"author\" content=\"Jorge Mi\u00f1o\" \/>\n<meta name=\"twitter:card\" content=\"summary_large_image\" \/>\n<meta name=\"twitter:label1\" content=\"Escrito por\" \/>\n\t<meta name=\"twitter:data1\" content=\"Jorge Mi\u00f1o\" \/>\n\t<meta name=\"twitter:label2\" content=\"Tiempo de lectura\" \/>\n\t<meta name=\"twitter:data2\" content=\"4 minutos\" \/>\n<script type=\"application\/ld+json\" class=\"yoast-schema-graph\">{\"@context\":\"https:\/\/schema.org\",\"@graph\":[{\"@type\":\"Article\",\"@id\":\"https:\/\/radioinfinitagoya.com.ar\/v1\/2026\/01\/29\/sesiones-extraordinarias-el-gobierno-define-los-temas-que-quiere-tratar-en-el-congreso\/#article\",\"isPartOf\":{\"@id\":\"https:\/\/radioinfinitagoya.com.ar\/v1\/2026\/01\/29\/sesiones-extraordinarias-el-gobierno-define-los-temas-que-quiere-tratar-en-el-congreso\/\"},\"author\":{\"name\":\"Jorge Mi\u00f1o\",\"@id\":\"https:\/\/radioinfinitagoya.com.ar\/v1\/#\/schema\/person\/d4cf9c413d4f6edb24aabdccab49ca4a\"},\"headline\":\"Sesiones Extraordinarias: el Gobierno define los temas que quiere tratar en el Congreso\",\"datePublished\":\"2026-01-29T17:21:38+00:00\",\"mainEntityOfPage\":{\"@id\":\"https:\/\/radioinfinitagoya.com.ar\/v1\/2026\/01\/29\/sesiones-extraordinarias-el-gobierno-define-los-temas-que-quiere-tratar-en-el-congreso\/\"},\"wordCount\":713,\"commentCount\":0,\"publisher\":{\"@id\":\"https:\/\/radioinfinitagoya.com.ar\/v1\/#organization\"},\"image\":{\"@id\":\"https:\/\/radioinfinitagoya.com.ar\/v1\/2026\/01\/29\/sesiones-extraordinarias-el-gobierno-define-los-temas-que-quiere-tratar-en-el-congreso\/#primaryimage\"},\"thumbnailUrl\":\"https:\/\/radioinfinitagoya.com.ar\/v1\/wp-content\/uploads\/2026\/01\/457080d1-3d41-46aa-8612-bf144451c348.jpg\",\"articleSection\":[\"NACIONALES\"],\"inLanguage\":\"es-AR\",\"potentialAction\":[{\"@type\":\"CommentAction\",\"name\":\"Comment\",\"target\":[\"https:\/\/radioinfinitagoya.com.ar\/v1\/2026\/01\/29\/sesiones-extraordinarias-el-gobierno-define-los-temas-que-quiere-tratar-en-el-congreso\/#respond\"]}]},{\"@type\":\"WebPage\",\"@id\":\"https:\/\/radioinfinitagoya.com.ar\/v1\/2026\/01\/29\/sesiones-extraordinarias-el-gobierno-define-los-temas-que-quiere-tratar-en-el-congreso\/\",\"url\":\"https:\/\/radioinfinitagoya.com.ar\/v1\/2026\/01\/29\/sesiones-extraordinarias-el-gobierno-define-los-temas-que-quiere-tratar-en-el-congreso\/\",\"name\":\"Sesiones Extraordinarias: el Gobierno define los temas que quiere tratar en el Congreso - Radio Infinita Goya\",\"isPartOf\":{\"@id\":\"https:\/\/radioinfinitagoya.com.ar\/v1\/#website\"},\"primaryImageOfPage\":{\"@id\":\"https:\/\/radioinfinitagoya.com.ar\/v1\/2026\/01\/29\/sesiones-extraordinarias-el-gobierno-define-los-temas-que-quiere-tratar-en-el-congreso\/#primaryimage\"},\"image\":{\"@id\":\"https:\/\/radioinfinitagoya.com.ar\/v1\/2026\/01\/29\/sesiones-extraordinarias-el-gobierno-define-los-temas-que-quiere-tratar-en-el-congreso\/#primaryimage\"},\"thumbnailUrl\":\"https:\/\/radioinfinitagoya.com.ar\/v1\/wp-content\/uploads\/2026\/01\/457080d1-3d41-46aa-8612-bf144451c348.jpg\",\"datePublished\":\"2026-01-29T17:21:38+00:00\",\"description\":\"El encuentro, encabezado por el jefe de Gabinete, Manuel Adorni, pretende definir el eje de las extraordinarias de febrero. La mesa pol\u00edtica del Gobierno\",\"breadcrumb\":{\"@id\":\"https:\/\/radioinfinitagoya.com.ar\/v1\/2026\/01\/29\/sesiones-extraordinarias-el-gobierno-define-los-temas-que-quiere-tratar-en-el-congreso\/#breadcrumb\"},\"inLanguage\":\"es-AR\",\"potentialAction\":[{\"@type\":\"ReadAction\",\"target\":[\"https:\/\/radioinfinitagoya.com.ar\/v1\/2026\/01\/29\/sesiones-extraordinarias-el-gobierno-define-los-temas-que-quiere-tratar-en-el-congreso\/\"]}]},{\"@type\":\"ImageObject\",\"inLanguage\":\"es-AR\",\"@id\":\"https:\/\/radioinfinitagoya.com.ar\/v1\/2026\/01\/29\/sesiones-extraordinarias-el-gobierno-define-los-temas-que-quiere-tratar-en-el-congreso\/#primaryimage\",\"url\":\"https:\/\/radioinfinitagoya.com.ar\/v1\/wp-content\/uploads\/2026\/01\/457080d1-3d41-46aa-8612-bf144451c348.jpg\",\"contentUrl\":\"https:\/\/radioinfinitagoya.com.ar\/v1\/wp-content\/uploads\/2026\/01\/457080d1-3d41-46aa-8612-bf144451c348.jpg\",\"width\":919,\"height\":511},{\"@type\":\"BreadcrumbList\",\"@id\":\"https:\/\/radioinfinitagoya.com.ar\/v1\/2026\/01\/29\/sesiones-extraordinarias-el-gobierno-define-los-temas-que-quiere-tratar-en-el-congreso\/#breadcrumb\",\"itemListElement\":[{\"@type\":\"ListItem\",\"position\":1,\"name\":\"Inicio\",\"item\":\"https:\/\/radioinfinitagoya.com.ar\/v1\/\"},{\"@type\":\"ListItem\",\"position\":2,\"name\":\"Sesiones Extraordinarias: el Gobierno define los temas que quiere tratar en el Congreso\"}]},{\"@type\":\"WebSite\",\"@id\":\"https:\/\/radioinfinitagoya.com.ar\/v1\/#website\",\"url\":\"https:\/\/radioinfinitagoya.com.ar\/v1\/\",\"name\":\"radioinfinitagoya.com.ar\",\"description\":\"Radio de noticias\",\"publisher\":{\"@id\":\"https:\/\/radioinfinitagoya.com.ar\/v1\/#organization\"},\"potentialAction\":[{\"@type\":\"SearchAction\",\"target\":{\"@type\":\"EntryPoint\",\"urlTemplate\":\"https:\/\/radioinfinitagoya.com.ar\/v1\/?s={search_term_string}\"},\"query-input\":{\"@type\":\"PropertyValueSpecification\",\"valueRequired\":true,\"valueName\":\"search_term_string\"}}],\"inLanguage\":\"es-AR\"},{\"@type\":\"Organization\",\"@id\":\"https:\/\/radioinfinitagoya.com.ar\/v1\/#organization\",\"name\":\"Radio Infinita Goya\",\"url\":\"https:\/\/radioinfinitagoya.com.ar\/v1\/\",\"logo\":{\"@type\":\"ImageObject\",\"inLanguage\":\"es-AR\",\"@id\":\"https:\/\/radioinfinitagoya.com.ar\/v1\/#\/schema\/logo\/image\/\",\"url\":\"https:\/\/radioinfinitagoya.com.ar\/v1\/wp-content\/uploads\/2019\/11\/logo-pie-web.png\",\"contentUrl\":\"https:\/\/radioinfinitagoya.com.ar\/v1\/wp-content\/uploads\/2019\/11\/logo-pie-web.png\",\"width\":635,\"height\":326,\"caption\":\"Radio Infinita Goya\"},\"image\":{\"@id\":\"https:\/\/radioinfinitagoya.com.ar\/v1\/#\/schema\/logo\/image\/\"},\"sameAs\":[\"https:\/\/www.facebook.com\/p\/Infinita-Goya-100063870918311\/\"]},{\"@type\":\"Person\",\"@id\":\"https:\/\/radioinfinitagoya.com.ar\/v1\/#\/schema\/person\/d4cf9c413d4f6edb24aabdccab49ca4a\",\"name\":\"Jorge Mi\u00f1o\",\"image\":{\"@type\":\"ImageObject\",\"inLanguage\":\"es-AR\",\"@id\":\"https:\/\/secure.gravatar.com\/avatar\/910fcf6728fe95320e07a6643c1581fec1c7fc4bf8ae12e3d8f0d0373dc844be?s=96&d=mm&r=g\",\"url\":\"https:\/\/secure.gravatar.com\/avatar\/910fcf6728fe95320e07a6643c1581fec1c7fc4bf8ae12e3d8f0d0373dc844be?s=96&d=mm&r=g\",\"contentUrl\":\"https:\/\/secure.gravatar.com\/avatar\/910fcf6728fe95320e07a6643c1581fec1c7fc4bf8ae12e3d8f0d0373dc844be?s=96&d=mm&r=g\",\"caption\":\"Jorge Mi\u00f1o\"},\"sameAs\":[\"http:\/\/radioinfinitagoya.com.ar\"]}]}<\/script>\n<!-- \/ Yoast SEO plugin. -->","yoast_head_json":{"title":"Sesiones Extraordinarias: el Gobierno define los temas que quiere tratar en el Congreso - Radio Infinita Goya","description":"El encuentro, encabezado por el jefe de Gabinete, Manuel Adorni, pretende definir el eje de las extraordinarias de febrero. La mesa pol\u00edtica del Gobierno","robots":{"index":"index","follow":"follow","max-snippet":"max-snippet:-1","max-image-preview":"max-image-preview:large","max-video-preview":"max-video-preview:-1"},"canonical":"https:\/\/radioinfinitagoya.com.ar\/v1\/2026\/01\/29\/sesiones-extraordinarias-el-gobierno-define-los-temas-que-quiere-tratar-en-el-congreso\/","og_locale":"es_ES","og_type":"article","og_title":"Sesiones Extraordinarias: el Gobierno define los temas que quiere tratar en el Congreso - Radio Infinita Goya","og_description":"El encuentro, encabezado por el jefe de Gabinete, Manuel Adorni, pretende definir el eje de las extraordinarias de febrero. La mesa pol\u00edtica del Gobierno","og_url":"https:\/\/radioinfinitagoya.com.ar\/v1\/2026\/01\/29\/sesiones-extraordinarias-el-gobierno-define-los-temas-que-quiere-tratar-en-el-congreso\/","og_site_name":"Radio Infinita Goya","article_publisher":"https:\/\/www.facebook.com\/p\/Infinita-Goya-100063870918311\/","article_published_time":"2026-01-29T17:21:38+00:00","og_image":[{"width":919,"height":511,"url":"https:\/\/radioinfinitagoya.com.ar\/v1\/wp-content\/uploads\/2026\/01\/457080d1-3d41-46aa-8612-bf144451c348.jpg","type":"image\/jpeg"}],"author":"Jorge Mi\u00f1o","twitter_card":"summary_large_image","twitter_misc":{"Escrito por":"Jorge Mi\u00f1o","Tiempo de lectura":"4 minutos"},"schema":{"@context":"https:\/\/schema.org","@graph":[{"@type":"Article","@id":"https:\/\/radioinfinitagoya.com.ar\/v1\/2026\/01\/29\/sesiones-extraordinarias-el-gobierno-define-los-temas-que-quiere-tratar-en-el-congreso\/#article","isPartOf":{"@id":"https:\/\/radioinfinitagoya.com.ar\/v1\/2026\/01\/29\/sesiones-extraordinarias-el-gobierno-define-los-temas-que-quiere-tratar-en-el-congreso\/"},"author":{"name":"Jorge Mi\u00f1o","@id":"https:\/\/radioinfinitagoya.com.ar\/v1\/#\/schema\/person\/d4cf9c413d4f6edb24aabdccab49ca4a"},"headline":"Sesiones Extraordinarias: el Gobierno define los temas que quiere tratar en el Congreso","datePublished":"2026-01-29T17:21:38+00:00","mainEntityOfPage":{"@id":"https:\/\/radioinfinitagoya.com.ar\/v1\/2026\/01\/29\/sesiones-extraordinarias-el-gobierno-define-los-temas-que-quiere-tratar-en-el-congreso\/"},"wordCount":713,"commentCount":0,"publisher":{"@id":"https:\/\/radioinfinitagoya.com.ar\/v1\/#organization"},"image":{"@id":"https:\/\/radioinfinitagoya.com.ar\/v1\/2026\/01\/29\/sesiones-extraordinarias-el-gobierno-define-los-temas-que-quiere-tratar-en-el-congreso\/#primaryimage"},"thumbnailUrl":"https:\/\/radioinfinitagoya.com.ar\/v1\/wp-content\/uploads\/2026\/01\/457080d1-3d41-46aa-8612-bf144451c348.jpg","articleSection":["NACIONALES"],"inLanguage":"es-AR","potentialAction":[{"@type":"CommentAction","name":"Comment","target":["https:\/\/radioinfinitagoya.com.ar\/v1\/2026\/01\/29\/sesiones-extraordinarias-el-gobierno-define-los-temas-que-quiere-tratar-en-el-congreso\/#respond"]}]},{"@type":"WebPage","@id":"https:\/\/radioinfinitagoya.com.ar\/v1\/2026\/01\/29\/sesiones-extraordinarias-el-gobierno-define-los-temas-que-quiere-tratar-en-el-congreso\/","url":"https:\/\/radioinfinitagoya.com.ar\/v1\/2026\/01\/29\/sesiones-extraordinarias-el-gobierno-define-los-temas-que-quiere-tratar-en-el-congreso\/","name":"Sesiones Extraordinarias: el Gobierno define los temas que quiere tratar en el Congreso - Radio Infinita Goya","isPartOf":{"@id":"https:\/\/radioinfinitagoya.com.ar\/v1\/#website"},"primaryImageOfPage":{"@id":"https:\/\/radioinfinitagoya.com.ar\/v1\/2026\/01\/29\/sesiones-extraordinarias-el-gobierno-define-los-temas-que-quiere-tratar-en-el-congreso\/#primaryimage"},"image":{"@id":"https:\/\/radioinfinitagoya.com.ar\/v1\/2026\/01\/29\/sesiones-extraordinarias-el-gobierno-define-los-temas-que-quiere-tratar-en-el-congreso\/#primaryimage"},"thumbnailUrl":"https:\/\/radioinfinitagoya.com.ar\/v1\/wp-content\/uploads\/2026\/01\/457080d1-3d41-46aa-8612-bf144451c348.jpg","datePublished":"2026-01-29T17:21:38+00:00","description":"El encuentro, encabezado por el jefe de Gabinete, Manuel Adorni, pretende definir el eje de las extraordinarias de febrero. La mesa pol\u00edtica del Gobierno","breadcrumb":{"@id":"https:\/\/radioinfinitagoya.com.ar\/v1\/2026\/01\/29\/sesiones-extraordinarias-el-gobierno-define-los-temas-que-quiere-tratar-en-el-congreso\/#breadcrumb"},"inLanguage":"es-AR","potentialAction":[{"@type":"ReadAction","target":["https:\/\/radioinfinitagoya.com.ar\/v1\/2026\/01\/29\/sesiones-extraordinarias-el-gobierno-define-los-temas-que-quiere-tratar-en-el-congreso\/"]}]},{"@type":"ImageObject","inLanguage":"es-AR","@id":"https:\/\/radioinfinitagoya.com.ar\/v1\/2026\/01\/29\/sesiones-extraordinarias-el-gobierno-define-los-temas-que-quiere-tratar-en-el-congreso\/#primaryimage","url":"https:\/\/radioinfinitagoya.com.ar\/v1\/wp-content\/uploads\/2026\/01\/457080d1-3d41-46aa-8612-bf144451c348.jpg","contentUrl":"https:\/\/radioinfinitagoya.com.ar\/v1\/wp-content\/uploads\/2026\/01\/457080d1-3d41-46aa-8612-bf144451c348.jpg","width":919,"height":511},{"@type":"BreadcrumbList","@id":"https:\/\/radioinfinitagoya.com.ar\/v1\/2026\/01\/29\/sesiones-extraordinarias-el-gobierno-define-los-temas-que-quiere-tratar-en-el-congreso\/#breadcrumb","itemListElement":[{"@type":"ListItem","position":1,"name":"Inicio","item":"https:\/\/radioinfinitagoya.com.ar\/v1\/"},{"@type":"ListItem","position":2,"name":"Sesiones Extraordinarias: el Gobierno define los temas que quiere tratar en el Congreso"}]},{"@type":"WebSite","@id":"https:\/\/radioinfinitagoya.com.ar\/v1\/#website","url":"https:\/\/radioinfinitagoya.com.ar\/v1\/","name":"radioinfinitagoya.com.ar","description":"Radio de noticias","publisher":{"@id":"https:\/\/radioinfinitagoya.com.ar\/v1\/#organization"},"potentialAction":[{"@type":"SearchAction","target":{"@type":"EntryPoint","urlTemplate":"https:\/\/radioinfinitagoya.com.ar\/v1\/?s={search_term_string}"},"query-input":{"@type":"PropertyValueSpecification","valueRequired":true,"valueName":"search_term_string"}}],"inLanguage":"es-AR"},{"@type":"Organization","@id":"https:\/\/radioinfinitagoya.com.ar\/v1\/#organization","name":"Radio Infinita Goya","url":"https:\/\/radioinfinitagoya.com.ar\/v1\/","logo":{"@type":"ImageObject","inLanguage":"es-AR","@id":"https:\/\/radioinfinitagoya.com.ar\/v1\/#\/schema\/logo\/image\/","url":"https:\/\/radioinfinitagoya.com.ar\/v1\/wp-content\/uploads\/2019\/11\/logo-pie-web.png","contentUrl":"https:\/\/radioinfinitagoya.com.ar\/v1\/wp-content\/uploads\/2019\/11\/logo-pie-web.png","width":635,"height":326,"caption":"Radio Infinita Goya"},"image":{"@id":"https:\/\/radioinfinitagoya.com.ar\/v1\/#\/schema\/logo\/image\/"},"sameAs":["https:\/\/www.facebook.com\/p\/Infinita-Goya-100063870918311\/"]},{"@type":"Person","@id":"https:\/\/radioinfinitagoya.com.ar\/v1\/#\/schema\/person\/d4cf9c413d4f6edb24aabdccab49ca4a","name":"Jorge Mi\u00f1o","image":{"@type":"ImageObject","inLanguage":"es-AR","@id":"https:\/\/secure.gravatar.com\/avatar\/910fcf6728fe95320e07a6643c1581fec1c7fc4bf8ae12e3d8f0d0373dc844be?s=96&d=mm&r=g","url":"https:\/\/secure.gravatar.com\/avatar\/910fcf6728fe95320e07a6643c1581fec1c7fc4bf8ae12e3d8f0d0373dc844be?s=96&d=mm&r=g","contentUrl":"https:\/\/secure.gravatar.com\/avatar\/910fcf6728fe95320e07a6643c1581fec1c7fc4bf8ae12e3d8f0d0373dc844be?s=96&d=mm&r=g","caption":"Jorge Mi\u00f1o"},"sameAs":["http:\/\/radioinfinitagoya.com.ar"]}]}},"_links":{"self":[{"href":"https:\/\/radioinfinitagoya.com.ar\/v1\/wp-json\/wp\/v2\/posts\/203771","targetHints":{"allow":["GET"]}}],"collection":[{"href":"https:\/\/radioinfinitagoya.com.ar\/v1\/wp-json\/wp\/v2\/posts"}],"about":[{"href":"https:\/\/radioinfinitagoya.com.ar\/v1\/wp-json\/wp\/v2\/types\/post"}],"author":[{"embeddable":true,"href":"https:\/\/radioinfinitagoya.com.ar\/v1\/wp-json\/wp\/v2\/users\/4"}],"replies":[{"embeddable":true,"href":"https:\/\/radioinfinitagoya.com.ar\/v1\/wp-json\/wp\/v2\/comments?post=203771"}],"version-history":[{"count":0,"href":"https:\/\/radioinfinitagoya.com.ar\/v1\/wp-json\/wp\/v2\/posts\/203771\/revisions"}],"wp:featuredmedia":[{"embeddable":true,"href":"https:\/\/radioinfinitagoya.com.ar\/v1\/wp-json\/wp\/v2\/media\/203772"}],"wp:attachment":[{"href":"https:\/\/radioinfinitagoya.com.ar\/v1\/wp-json\/wp\/v2\/media?parent=203771"}],"wp:term":[{"taxonomy":"category","embeddable":true,"href":"https:\/\/radioinfinitagoya.com.ar\/v1\/wp-json\/wp\/v2\/categories?post=203771"},{"taxonomy":"post_tag","embeddable":true,"href":"https:\/\/radioinfinitagoya.com.ar\/v1\/wp-json\/wp\/v2\/tags?post=203771"}],"curies":[{"name":"wp","href":"https:\/\/api.w.org\/{rel}","templated":true}]}}