{"id":203774,"date":"2026-01-29T14:28:43","date_gmt":"2026-01-29T17:28:43","guid":{"rendered":"https:\/\/radioinfinitagoya.com.ar\/v1\/?p=203774"},"modified":"2026-01-29T14:28:43","modified_gmt":"2026-01-29T17:28:43","slug":"preocupacion-por-el-aumento-de-la-tasa-de-la-mortalidad-infantil-y-neonatal","status":"publish","type":"post","link":"https:\/\/radioinfinitagoya.com.ar\/v1\/2026\/01\/29\/preocupacion-por-el-aumento-de-la-tasa-de-la-mortalidad-infantil-y-neonatal\/","title":{"rendered":"Preocupaci\u00f3n por el aumento de la tasa de la mortalidad infantil y neonatal"},"content":{"rendered":"<p>Los datos se desprenden del anuario de Estad\u00edsticas Vitales 2024, que revela una suba en los indicadores de mortalidad luego de a\u00f1os de ca\u00edda. Adem\u00e1s, se registr\u00f3 un aumento en la Tasa de Mortalidad Materna. Qu\u00e9 dicen los expertos al respecto.<\/p>\n<p>La Tasa de Mortalidad Infantil de la Argentina registr\u00f3 un incremento de 0.5 puntos porcentuales en 2024 luego de a\u00f1os de sostenido descenso, seg\u00fan un informe oficial que dio a conocer el Gobierno esta semana. Adem\u00e1s, se report\u00f3 un incremento en la tasa de mortalidad materna. En paralelo cay\u00f3 tambi\u00e9n la tasa de natalidad.<\/p>\n<p>Los datos se desprenden del anuario de Estad\u00edsticas Vitales 2024, dado a conocer con demoras por las autoridades oficiales, que revela una suba en los indicadores de mortalidad luego de a\u00f1os de ca\u00edda. As\u00ed, la Tasa de Mortalidad Infantil, que mide las muertes de menores de un a\u00f1o por cada mil nacidos vivos, subi\u00f3 de 8 en 2023 a 8.5 en 2024.<\/p>\n<p>De todos modos, el n\u00famero de muertes reportadas en 2024 fue menor que en 2023 debido a que adem\u00e1s se registr\u00f3 una ca\u00edda abrupta en la tasa de natalidad, con una reducci\u00f3n interanual de 47 mil nacimientos (en 2023 hubo 460.902 contra 413.135 en 2024). Seg\u00fan el an\u00e1lisis, se habr\u00edan registrado 220 fallecimientos adicionales si se hubieran mantenido los nacimientos.<\/p>\n<p>En tanto, la Tasa de Mortalidad Materna report\u00f3 un incremento de 1,2 puntos y se recort\u00f3 as\u00ed la ca\u00edda que se hab\u00eda logrado luego del pico de la pandemia.<\/p>\n<p>Mortalidad infantil en Argentina: qu\u00e9 dicen los especialistas<br \/>\nPara Pablo Yedlin, m\u00e9dico, exministro de Salud de Tucum\u00e1n y diputado nacional de Uni\u00f3n por la Patria, se trata de dos datos preocupantes. \u201cLa mortalidad infantil implica una suba de medio punto, Argentina ven\u00eda mostrando un descenso progresivo, cumpliendo con los compromisos de la Organizaci\u00f3n Mundial de la Salud y las metas de cara a 2030\u201d, resalt\u00f3.<\/p>\n<p>Seg\u00fan los datos oficiales, s\u00f3lo 9 de las 24 provincias lograron sostener la tendencia a la baja en el indicador, mientras que en las 15 restantes se observa un aumento, al igual que en la tasa nacional. En 4 de las 15 jurisdicciones que tuvieron aumento supera el 10% respecto a 2023 y en otras 4, supera el 20%.<\/p>\n<p>En esta l\u00ednea, Yedlin explic\u00f3 a Radio 750 que \u201cla proporci\u00f3n de ni\u00f1os de menos de un a\u00f1o que muere ha aumentado\u201d, y remarc\u00f3 que las muertes neonatales \u2014aquellas que se producen en el primer mes de vida\u2014 registraron fuertes subas, que atribuy\u00f3 a dos razones: por un lado, los nacimientos prematuros \u201cque requieren controles y un tiempo en terapia intensiva\u201d represent\u00f3 la mayor carga de fallecimientos. \u201cEl otro son las malformaciones cong\u00e9nitas, aquellas que pueden ser curados, como las cardiopat\u00edas\u201d, recalc\u00f3.<\/p>\n<p>Seg\u00fan un informe de la organizaci\u00f3n Soberan\u00eda Sanitaria, \u201cel actual contexto de crisis econ\u00f3mica y social, con empeoramiento de las condiciones laborales y aumento del desempleo, el acceso al sistema de salud se vuelve m\u00e1s dificultoso\u201d.<\/p>\n<p>En este sentido, resalt\u00f3 que \u201ces probable que ante estas dificultades los controles de salud en general disminuyan y el contacto con el sistema se de ante situaciones agudas por guardia\u201d.<\/p>\n<p>\u201cDel mismo modo \u2014contin\u00faa el informe\u2014 la precarizaci\u00f3n de las condiciones de vida de gran parte de la poblaci\u00f3n y sobretodo de aquella en situaci\u00f3n de mayor vulnerabilidad puede estar generando dificultades para que las personas gestantes puedan hacer los controles del embarazo necesarios para garantizar llegar al parto en las mejores condiciones sanitarias posibles. Resulta probable que esta sea parte de la explicaci\u00f3n del aumento en la mortalidad infantil neonatal que se dio en 2024\u201d.<\/p>\n<p>Para Soberan\u00eda Sanitaria, que el mayor incremento haya sido en los ni\u00f1os con menos de 28 d\u00edas es \u201cespecialmente relevante\u201d ya que este componente \u201cest\u00e1 estrechamente vinculado con el acceso oportuno y de calidad a los controles del embarazo, la atenci\u00f3n del parto y el cuidado del reci\u00e9n nacido\u201d.<\/p>\n<p>\u201cEl deterioro de las condiciones socioecon\u00f3micas, la precarizaci\u00f3n laboral y las dificultades crecientes para acceder al sistema de salud aparecen como factores plausibles en la explicaci\u00f3n del fen\u00f3meno observado\u201d.<\/p>\n<p>Yedlin lament\u00f3 adem\u00e1s que los indicadores hayan desmejorado tambi\u00e9n respecto de la tasa de mortalidad materna. \u201cAument\u00f3 mucho, si se saca la pandemia, hay que ir 15 a\u00f1os atr\u00e1s para tener un indicador como este, donde est\u00e1n vinculados los embarazos no deseados, la falta de controles, la atenci\u00f3n a madres por infecciones. Casi toda la mortalidad materna es prevenible\u201d, sostuvo Yedlin.<\/p>\n<p>&nbsp;<\/p>\n<p>&nbsp;<\/p>\n<p>&nbsp;<\/p>\n<p>&nbsp;<\/p>\n","protected":false},"excerpt":{"rendered":"<p>Los datos se desprenden del anuario de Estad\u00edsticas Vitales 2024, que revela una suba en los indicadores de mortalidad luego de a\u00f1os de ca\u00edda. Adem\u00e1s, se registr\u00f3 un aumento en la Tasa de Mortalidad Materna. Qu\u00e9 dicen los expertos al respecto. La Tasa de Mortalidad Infantil de la Argentina registr\u00f3 un incremento de 0.5 puntos [&hellip;]<\/p>\n","protected":false},"author":4,"featured_media":203775,"comment_status":"open","ping_status":"open","sticky":false,"template":"","format":"standard","meta":{"_joinchat":[],"footnotes":""},"categories":[29],"tags":[],"class_list":{"0":"post-203774","1":"post","2":"type-post","3":"status-publish","4":"format-standard","5":"has-post-thumbnail","7":"category-nacionales"},"yoast_head":"<!-- This site is optimized with the Yoast SEO plugin v27.2 - https:\/\/yoast.com\/product\/yoast-seo-wordpress\/ -->\n<title>Preocupaci\u00f3n por el aumento de la tasa de la mortalidad infantil y neonatal - Radio Infinita Goya<\/title>\n<meta name=\"description\" content=\"Los datos se desprenden del anuario de Estad\u00edsticas Vitales 2024, que revela una suba en los indicadores de mortalidad luego de a\u00f1os de ca\u00edda. Adem\u00e1s, se\" \/>\n<meta name=\"robots\" content=\"index, follow, max-snippet:-1, max-image-preview:large, max-video-preview:-1\" \/>\n<link rel=\"canonical\" href=\"https:\/\/radioinfinitagoya.com.ar\/v1\/2026\/01\/29\/preocupacion-por-el-aumento-de-la-tasa-de-la-mortalidad-infantil-y-neonatal\/\" \/>\n<meta property=\"og:locale\" content=\"es_ES\" \/>\n<meta property=\"og:type\" content=\"article\" \/>\n<meta property=\"og:title\" content=\"Preocupaci\u00f3n por el aumento de la tasa de la mortalidad infantil y neonatal - Radio Infinita Goya\" \/>\n<meta property=\"og:description\" content=\"Los datos se desprenden del anuario de Estad\u00edsticas Vitales 2024, que revela una suba en los indicadores de mortalidad luego de a\u00f1os de ca\u00edda. Adem\u00e1s, se\" \/>\n<meta property=\"og:url\" content=\"https:\/\/radioinfinitagoya.com.ar\/v1\/2026\/01\/29\/preocupacion-por-el-aumento-de-la-tasa-de-la-mortalidad-infantil-y-neonatal\/\" \/>\n<meta property=\"og:site_name\" content=\"Radio Infinita Goya\" \/>\n<meta property=\"article:publisher\" content=\"https:\/\/www.facebook.com\/p\/Infinita-Goya-100063870918311\/\" \/>\n<meta property=\"article:published_time\" content=\"2026-01-29T17:28:43+00:00\" \/>\n<meta property=\"og:image\" content=\"https:\/\/radioinfinitagoya.com.ar\/v1\/wp-content\/uploads\/2026\/01\/c5139515-8ee9-419d-8290-3c28f4425dfa.jpg\" \/>\n\t<meta property=\"og:image:width\" content=\"1080\" \/>\n\t<meta property=\"og:image:height\" content=\"695\" \/>\n\t<meta property=\"og:image:type\" content=\"image\/jpeg\" \/>\n<meta name=\"author\" content=\"Jorge Mi\u00f1o\" \/>\n<meta name=\"twitter:card\" content=\"summary_large_image\" \/>\n<meta name=\"twitter:label1\" content=\"Escrito por\" \/>\n\t<meta name=\"twitter:data1\" content=\"Jorge Mi\u00f1o\" \/>\n\t<meta name=\"twitter:label2\" content=\"Tiempo de lectura\" \/>\n\t<meta name=\"twitter:data2\" content=\"4 minutos\" \/>\n<script type=\"application\/ld+json\" class=\"yoast-schema-graph\">{\"@context\":\"https:\/\/schema.org\",\"@graph\":[{\"@type\":\"Article\",\"@id\":\"https:\/\/radioinfinitagoya.com.ar\/v1\/2026\/01\/29\/preocupacion-por-el-aumento-de-la-tasa-de-la-mortalidad-infantil-y-neonatal\/#article\",\"isPartOf\":{\"@id\":\"https:\/\/radioinfinitagoya.com.ar\/v1\/2026\/01\/29\/preocupacion-por-el-aumento-de-la-tasa-de-la-mortalidad-infantil-y-neonatal\/\"},\"author\":{\"name\":\"Jorge Mi\u00f1o\",\"@id\":\"https:\/\/radioinfinitagoya.com.ar\/v1\/#\/schema\/person\/d4cf9c413d4f6edb24aabdccab49ca4a\"},\"headline\":\"Preocupaci\u00f3n por el aumento de la tasa de la mortalidad infantil y neonatal\",\"datePublished\":\"2026-01-29T17:28:43+00:00\",\"mainEntityOfPage\":{\"@id\":\"https:\/\/radioinfinitagoya.com.ar\/v1\/2026\/01\/29\/preocupacion-por-el-aumento-de-la-tasa-de-la-mortalidad-infantil-y-neonatal\/\"},\"wordCount\":780,\"commentCount\":0,\"publisher\":{\"@id\":\"https:\/\/radioinfinitagoya.com.ar\/v1\/#organization\"},\"image\":{\"@id\":\"https:\/\/radioinfinitagoya.com.ar\/v1\/2026\/01\/29\/preocupacion-por-el-aumento-de-la-tasa-de-la-mortalidad-infantil-y-neonatal\/#primaryimage\"},\"thumbnailUrl\":\"https:\/\/radioinfinitagoya.com.ar\/v1\/wp-content\/uploads\/2026\/01\/c5139515-8ee9-419d-8290-3c28f4425dfa.jpg\",\"articleSection\":[\"NACIONALES\"],\"inLanguage\":\"es-AR\",\"potentialAction\":[{\"@type\":\"CommentAction\",\"name\":\"Comment\",\"target\":[\"https:\/\/radioinfinitagoya.com.ar\/v1\/2026\/01\/29\/preocupacion-por-el-aumento-de-la-tasa-de-la-mortalidad-infantil-y-neonatal\/#respond\"]}]},{\"@type\":\"WebPage\",\"@id\":\"https:\/\/radioinfinitagoya.com.ar\/v1\/2026\/01\/29\/preocupacion-por-el-aumento-de-la-tasa-de-la-mortalidad-infantil-y-neonatal\/\",\"url\":\"https:\/\/radioinfinitagoya.com.ar\/v1\/2026\/01\/29\/preocupacion-por-el-aumento-de-la-tasa-de-la-mortalidad-infantil-y-neonatal\/\",\"name\":\"Preocupaci\u00f3n por el aumento de la tasa de la mortalidad infantil y neonatal - Radio Infinita Goya\",\"isPartOf\":{\"@id\":\"https:\/\/radioinfinitagoya.com.ar\/v1\/#website\"},\"primaryImageOfPage\":{\"@id\":\"https:\/\/radioinfinitagoya.com.ar\/v1\/2026\/01\/29\/preocupacion-por-el-aumento-de-la-tasa-de-la-mortalidad-infantil-y-neonatal\/#primaryimage\"},\"image\":{\"@id\":\"https:\/\/radioinfinitagoya.com.ar\/v1\/2026\/01\/29\/preocupacion-por-el-aumento-de-la-tasa-de-la-mortalidad-infantil-y-neonatal\/#primaryimage\"},\"thumbnailUrl\":\"https:\/\/radioinfinitagoya.com.ar\/v1\/wp-content\/uploads\/2026\/01\/c5139515-8ee9-419d-8290-3c28f4425dfa.jpg\",\"datePublished\":\"2026-01-29T17:28:43+00:00\",\"description\":\"Los datos se desprenden del anuario de Estad\u00edsticas Vitales 2024, que revela una suba en los indicadores de mortalidad luego de a\u00f1os de ca\u00edda. Adem\u00e1s, se\",\"breadcrumb\":{\"@id\":\"https:\/\/radioinfinitagoya.com.ar\/v1\/2026\/01\/29\/preocupacion-por-el-aumento-de-la-tasa-de-la-mortalidad-infantil-y-neonatal\/#breadcrumb\"},\"inLanguage\":\"es-AR\",\"potentialAction\":[{\"@type\":\"ReadAction\",\"target\":[\"https:\/\/radioinfinitagoya.com.ar\/v1\/2026\/01\/29\/preocupacion-por-el-aumento-de-la-tasa-de-la-mortalidad-infantil-y-neonatal\/\"]}]},{\"@type\":\"ImageObject\",\"inLanguage\":\"es-AR\",\"@id\":\"https:\/\/radioinfinitagoya.com.ar\/v1\/2026\/01\/29\/preocupacion-por-el-aumento-de-la-tasa-de-la-mortalidad-infantil-y-neonatal\/#primaryimage\",\"url\":\"https:\/\/radioinfinitagoya.com.ar\/v1\/wp-content\/uploads\/2026\/01\/c5139515-8ee9-419d-8290-3c28f4425dfa.jpg\",\"contentUrl\":\"https:\/\/radioinfinitagoya.com.ar\/v1\/wp-content\/uploads\/2026\/01\/c5139515-8ee9-419d-8290-3c28f4425dfa.jpg\",\"width\":1080,\"height\":695},{\"@type\":\"BreadcrumbList\",\"@id\":\"https:\/\/radioinfinitagoya.com.ar\/v1\/2026\/01\/29\/preocupacion-por-el-aumento-de-la-tasa-de-la-mortalidad-infantil-y-neonatal\/#breadcrumb\",\"itemListElement\":[{\"@type\":\"ListItem\",\"position\":1,\"name\":\"Inicio\",\"item\":\"https:\/\/radioinfinitagoya.com.ar\/v1\/\"},{\"@type\":\"ListItem\",\"position\":2,\"name\":\"Preocupaci\u00f3n por el aumento de la tasa de la mortalidad infantil y neonatal\"}]},{\"@type\":\"WebSite\",\"@id\":\"https:\/\/radioinfinitagoya.com.ar\/v1\/#website\",\"url\":\"https:\/\/radioinfinitagoya.com.ar\/v1\/\",\"name\":\"radioinfinitagoya.com.ar\",\"description\":\"Radio de noticias\",\"publisher\":{\"@id\":\"https:\/\/radioinfinitagoya.com.ar\/v1\/#organization\"},\"potentialAction\":[{\"@type\":\"SearchAction\",\"target\":{\"@type\":\"EntryPoint\",\"urlTemplate\":\"https:\/\/radioinfinitagoya.com.ar\/v1\/?s={search_term_string}\"},\"query-input\":{\"@type\":\"PropertyValueSpecification\",\"valueRequired\":true,\"valueName\":\"search_term_string\"}}],\"inLanguage\":\"es-AR\"},{\"@type\":\"Organization\",\"@id\":\"https:\/\/radioinfinitagoya.com.ar\/v1\/#organization\",\"name\":\"Radio Infinita Goya\",\"url\":\"https:\/\/radioinfinitagoya.com.ar\/v1\/\",\"logo\":{\"@type\":\"ImageObject\",\"inLanguage\":\"es-AR\",\"@id\":\"https:\/\/radioinfinitagoya.com.ar\/v1\/#\/schema\/logo\/image\/\",\"url\":\"https:\/\/radioinfinitagoya.com.ar\/v1\/wp-content\/uploads\/2019\/11\/logo-pie-web.png\",\"contentUrl\":\"https:\/\/radioinfinitagoya.com.ar\/v1\/wp-content\/uploads\/2019\/11\/logo-pie-web.png\",\"width\":635,\"height\":326,\"caption\":\"Radio Infinita Goya\"},\"image\":{\"@id\":\"https:\/\/radioinfinitagoya.com.ar\/v1\/#\/schema\/logo\/image\/\"},\"sameAs\":[\"https:\/\/www.facebook.com\/p\/Infinita-Goya-100063870918311\/\"]},{\"@type\":\"Person\",\"@id\":\"https:\/\/radioinfinitagoya.com.ar\/v1\/#\/schema\/person\/d4cf9c413d4f6edb24aabdccab49ca4a\",\"name\":\"Jorge Mi\u00f1o\",\"image\":{\"@type\":\"ImageObject\",\"inLanguage\":\"es-AR\",\"@id\":\"https:\/\/secure.gravatar.com\/avatar\/910fcf6728fe95320e07a6643c1581fec1c7fc4bf8ae12e3d8f0d0373dc844be?s=96&d=mm&r=g\",\"url\":\"https:\/\/secure.gravatar.com\/avatar\/910fcf6728fe95320e07a6643c1581fec1c7fc4bf8ae12e3d8f0d0373dc844be?s=96&d=mm&r=g\",\"contentUrl\":\"https:\/\/secure.gravatar.com\/avatar\/910fcf6728fe95320e07a6643c1581fec1c7fc4bf8ae12e3d8f0d0373dc844be?s=96&d=mm&r=g\",\"caption\":\"Jorge Mi\u00f1o\"},\"sameAs\":[\"http:\/\/radioinfinitagoya.com.ar\"]}]}<\/script>\n<!-- \/ Yoast SEO plugin. -->","yoast_head_json":{"title":"Preocupaci\u00f3n por el aumento de la tasa de la mortalidad infantil y neonatal - Radio Infinita Goya","description":"Los datos se desprenden del anuario de Estad\u00edsticas Vitales 2024, que revela una suba en los indicadores de mortalidad luego de a\u00f1os de ca\u00edda. Adem\u00e1s, se","robots":{"index":"index","follow":"follow","max-snippet":"max-snippet:-1","max-image-preview":"max-image-preview:large","max-video-preview":"max-video-preview:-1"},"canonical":"https:\/\/radioinfinitagoya.com.ar\/v1\/2026\/01\/29\/preocupacion-por-el-aumento-de-la-tasa-de-la-mortalidad-infantil-y-neonatal\/","og_locale":"es_ES","og_type":"article","og_title":"Preocupaci\u00f3n por el aumento de la tasa de la mortalidad infantil y neonatal - Radio Infinita Goya","og_description":"Los datos se desprenden del anuario de Estad\u00edsticas Vitales 2024, que revela una suba en los indicadores de mortalidad luego de a\u00f1os de ca\u00edda. Adem\u00e1s, se","og_url":"https:\/\/radioinfinitagoya.com.ar\/v1\/2026\/01\/29\/preocupacion-por-el-aumento-de-la-tasa-de-la-mortalidad-infantil-y-neonatal\/","og_site_name":"Radio Infinita Goya","article_publisher":"https:\/\/www.facebook.com\/p\/Infinita-Goya-100063870918311\/","article_published_time":"2026-01-29T17:28:43+00:00","og_image":[{"width":1080,"height":695,"url":"https:\/\/radioinfinitagoya.com.ar\/v1\/wp-content\/uploads\/2026\/01\/c5139515-8ee9-419d-8290-3c28f4425dfa.jpg","type":"image\/jpeg"}],"author":"Jorge Mi\u00f1o","twitter_card":"summary_large_image","twitter_misc":{"Escrito por":"Jorge Mi\u00f1o","Tiempo de lectura":"4 minutos"},"schema":{"@context":"https:\/\/schema.org","@graph":[{"@type":"Article","@id":"https:\/\/radioinfinitagoya.com.ar\/v1\/2026\/01\/29\/preocupacion-por-el-aumento-de-la-tasa-de-la-mortalidad-infantil-y-neonatal\/#article","isPartOf":{"@id":"https:\/\/radioinfinitagoya.com.ar\/v1\/2026\/01\/29\/preocupacion-por-el-aumento-de-la-tasa-de-la-mortalidad-infantil-y-neonatal\/"},"author":{"name":"Jorge Mi\u00f1o","@id":"https:\/\/radioinfinitagoya.com.ar\/v1\/#\/schema\/person\/d4cf9c413d4f6edb24aabdccab49ca4a"},"headline":"Preocupaci\u00f3n por el aumento de la tasa de la mortalidad infantil y neonatal","datePublished":"2026-01-29T17:28:43+00:00","mainEntityOfPage":{"@id":"https:\/\/radioinfinitagoya.com.ar\/v1\/2026\/01\/29\/preocupacion-por-el-aumento-de-la-tasa-de-la-mortalidad-infantil-y-neonatal\/"},"wordCount":780,"commentCount":0,"publisher":{"@id":"https:\/\/radioinfinitagoya.com.ar\/v1\/#organization"},"image":{"@id":"https:\/\/radioinfinitagoya.com.ar\/v1\/2026\/01\/29\/preocupacion-por-el-aumento-de-la-tasa-de-la-mortalidad-infantil-y-neonatal\/#primaryimage"},"thumbnailUrl":"https:\/\/radioinfinitagoya.com.ar\/v1\/wp-content\/uploads\/2026\/01\/c5139515-8ee9-419d-8290-3c28f4425dfa.jpg","articleSection":["NACIONALES"],"inLanguage":"es-AR","potentialAction":[{"@type":"CommentAction","name":"Comment","target":["https:\/\/radioinfinitagoya.com.ar\/v1\/2026\/01\/29\/preocupacion-por-el-aumento-de-la-tasa-de-la-mortalidad-infantil-y-neonatal\/#respond"]}]},{"@type":"WebPage","@id":"https:\/\/radioinfinitagoya.com.ar\/v1\/2026\/01\/29\/preocupacion-por-el-aumento-de-la-tasa-de-la-mortalidad-infantil-y-neonatal\/","url":"https:\/\/radioinfinitagoya.com.ar\/v1\/2026\/01\/29\/preocupacion-por-el-aumento-de-la-tasa-de-la-mortalidad-infantil-y-neonatal\/","name":"Preocupaci\u00f3n por el aumento de la tasa de la mortalidad infantil y neonatal - Radio Infinita Goya","isPartOf":{"@id":"https:\/\/radioinfinitagoya.com.ar\/v1\/#website"},"primaryImageOfPage":{"@id":"https:\/\/radioinfinitagoya.com.ar\/v1\/2026\/01\/29\/preocupacion-por-el-aumento-de-la-tasa-de-la-mortalidad-infantil-y-neonatal\/#primaryimage"},"image":{"@id":"https:\/\/radioinfinitagoya.com.ar\/v1\/2026\/01\/29\/preocupacion-por-el-aumento-de-la-tasa-de-la-mortalidad-infantil-y-neonatal\/#primaryimage"},"thumbnailUrl":"https:\/\/radioinfinitagoya.com.ar\/v1\/wp-content\/uploads\/2026\/01\/c5139515-8ee9-419d-8290-3c28f4425dfa.jpg","datePublished":"2026-01-29T17:28:43+00:00","description":"Los datos se desprenden del anuario de Estad\u00edsticas Vitales 2024, que revela una suba en los indicadores de mortalidad luego de a\u00f1os de ca\u00edda. Adem\u00e1s, se","breadcrumb":{"@id":"https:\/\/radioinfinitagoya.com.ar\/v1\/2026\/01\/29\/preocupacion-por-el-aumento-de-la-tasa-de-la-mortalidad-infantil-y-neonatal\/#breadcrumb"},"inLanguage":"es-AR","potentialAction":[{"@type":"ReadAction","target":["https:\/\/radioinfinitagoya.com.ar\/v1\/2026\/01\/29\/preocupacion-por-el-aumento-de-la-tasa-de-la-mortalidad-infantil-y-neonatal\/"]}]},{"@type":"ImageObject","inLanguage":"es-AR","@id":"https:\/\/radioinfinitagoya.com.ar\/v1\/2026\/01\/29\/preocupacion-por-el-aumento-de-la-tasa-de-la-mortalidad-infantil-y-neonatal\/#primaryimage","url":"https:\/\/radioinfinitagoya.com.ar\/v1\/wp-content\/uploads\/2026\/01\/c5139515-8ee9-419d-8290-3c28f4425dfa.jpg","contentUrl":"https:\/\/radioinfinitagoya.com.ar\/v1\/wp-content\/uploads\/2026\/01\/c5139515-8ee9-419d-8290-3c28f4425dfa.jpg","width":1080,"height":695},{"@type":"BreadcrumbList","@id":"https:\/\/radioinfinitagoya.com.ar\/v1\/2026\/01\/29\/preocupacion-por-el-aumento-de-la-tasa-de-la-mortalidad-infantil-y-neonatal\/#breadcrumb","itemListElement":[{"@type":"ListItem","position":1,"name":"Inicio","item":"https:\/\/radioinfinitagoya.com.ar\/v1\/"},{"@type":"ListItem","position":2,"name":"Preocupaci\u00f3n por el aumento de la tasa de la mortalidad infantil y neonatal"}]},{"@type":"WebSite","@id":"https:\/\/radioinfinitagoya.com.ar\/v1\/#website","url":"https:\/\/radioinfinitagoya.com.ar\/v1\/","name":"radioinfinitagoya.com.ar","description":"Radio de noticias","publisher":{"@id":"https:\/\/radioinfinitagoya.com.ar\/v1\/#organization"},"potentialAction":[{"@type":"SearchAction","target":{"@type":"EntryPoint","urlTemplate":"https:\/\/radioinfinitagoya.com.ar\/v1\/?s={search_term_string}"},"query-input":{"@type":"PropertyValueSpecification","valueRequired":true,"valueName":"search_term_string"}}],"inLanguage":"es-AR"},{"@type":"Organization","@id":"https:\/\/radioinfinitagoya.com.ar\/v1\/#organization","name":"Radio Infinita Goya","url":"https:\/\/radioinfinitagoya.com.ar\/v1\/","logo":{"@type":"ImageObject","inLanguage":"es-AR","@id":"https:\/\/radioinfinitagoya.com.ar\/v1\/#\/schema\/logo\/image\/","url":"https:\/\/radioinfinitagoya.com.ar\/v1\/wp-content\/uploads\/2019\/11\/logo-pie-web.png","contentUrl":"https:\/\/radioinfinitagoya.com.ar\/v1\/wp-content\/uploads\/2019\/11\/logo-pie-web.png","width":635,"height":326,"caption":"Radio Infinita Goya"},"image":{"@id":"https:\/\/radioinfinitagoya.com.ar\/v1\/#\/schema\/logo\/image\/"},"sameAs":["https:\/\/www.facebook.com\/p\/Infinita-Goya-100063870918311\/"]},{"@type":"Person","@id":"https:\/\/radioinfinitagoya.com.ar\/v1\/#\/schema\/person\/d4cf9c413d4f6edb24aabdccab49ca4a","name":"Jorge Mi\u00f1o","image":{"@type":"ImageObject","inLanguage":"es-AR","@id":"https:\/\/secure.gravatar.com\/avatar\/910fcf6728fe95320e07a6643c1581fec1c7fc4bf8ae12e3d8f0d0373dc844be?s=96&d=mm&r=g","url":"https:\/\/secure.gravatar.com\/avatar\/910fcf6728fe95320e07a6643c1581fec1c7fc4bf8ae12e3d8f0d0373dc844be?s=96&d=mm&r=g","contentUrl":"https:\/\/secure.gravatar.com\/avatar\/910fcf6728fe95320e07a6643c1581fec1c7fc4bf8ae12e3d8f0d0373dc844be?s=96&d=mm&r=g","caption":"Jorge Mi\u00f1o"},"sameAs":["http:\/\/radioinfinitagoya.com.ar"]}]}},"_links":{"self":[{"href":"https:\/\/radioinfinitagoya.com.ar\/v1\/wp-json\/wp\/v2\/posts\/203774","targetHints":{"allow":["GET"]}}],"collection":[{"href":"https:\/\/radioinfinitagoya.com.ar\/v1\/wp-json\/wp\/v2\/posts"}],"about":[{"href":"https:\/\/radioinfinitagoya.com.ar\/v1\/wp-json\/wp\/v2\/types\/post"}],"author":[{"embeddable":true,"href":"https:\/\/radioinfinitagoya.com.ar\/v1\/wp-json\/wp\/v2\/users\/4"}],"replies":[{"embeddable":true,"href":"https:\/\/radioinfinitagoya.com.ar\/v1\/wp-json\/wp\/v2\/comments?post=203774"}],"version-history":[{"count":0,"href":"https:\/\/radioinfinitagoya.com.ar\/v1\/wp-json\/wp\/v2\/posts\/203774\/revisions"}],"wp:featuredmedia":[{"embeddable":true,"href":"https:\/\/radioinfinitagoya.com.ar\/v1\/wp-json\/wp\/v2\/media\/203775"}],"wp:attachment":[{"href":"https:\/\/radioinfinitagoya.com.ar\/v1\/wp-json\/wp\/v2\/media?parent=203774"}],"wp:term":[{"taxonomy":"category","embeddable":true,"href":"https:\/\/radioinfinitagoya.com.ar\/v1\/wp-json\/wp\/v2\/categories?post=203774"},{"taxonomy":"post_tag","embeddable":true,"href":"https:\/\/radioinfinitagoya.com.ar\/v1\/wp-json\/wp\/v2\/tags?post=203774"}],"curies":[{"name":"wp","href":"https:\/\/api.w.org\/{rel}","templated":true}]}}